{"id":4581,"date":"2009-06-08T11:37:29","date_gmt":"2009-06-08T10:37:29","guid":{"rendered":"http:\/\/www.bellunopress.it\/?p=4581"},"modified":"2009-06-08T11:41:45","modified_gmt":"2009-06-08T10:41:45","slug":"labm-e-lici-sulla-prima-casa-dei-cittadini-allestero","status":"publish","type":"post","link":"https:\/\/www.bellunopress.it\/fr\/2009\/06\/08\/labm-e-lici-sulla-prima-casa-dei-cittadini-allestero\/","title":{"rendered":"L&#8217;Abm e l&#8217;Ici sulla prima casa dei cittadini all&#8217;estero"},"content":{"rendered":"<p>Con Risoluzione n. 1 del 4 marzo 2009 il Dipartimento delle Finanze parrebbe avere disdetto la precedente Risoluzione n. 12 del 5 giugno 2008 dello stesso Dipartimento con la quale si delegava ai comuni la possibilit\u00e0 di\u00a0 concedere\u00a0 l\u2019estensione dell\u2019esenzione ICI sulla prima abitazione a favore dei proprietari di unit\u00e0 immobiliari in Italia residenti all\u2019estero. Sulla base del provvedimento 2008 quasi tutti i comuni della Provincia avevano deliberato in tal senso, estendendo l\u2019esenzione ICI sulla prima casa ai nostri concittadini\u00a0 all\u2019estero. Con la citata Risoluzione 1\/2009, invece,\u00a0 il Dipartimento delle Finanze non cita tra le abitazioni assimilabili a prima casa tali immobili; non solo, ma invita i comuni a recuperare il tributo 2008 nei confronti di coloro che non hanno diritto all\u2019esenzione. Ci\u00f2 sta generando grande preoccupazione e risentimento nei nostri connazionali all\u2019estero cui verrebbe tolto un diritto sino ad oggi\u00a0 generalmente\u00a0 riconosciuto, generando ancora una volta amarezza e la convinzione\u00a0 di essere discriminati rispetto ai concittadini residenti in Italia. Su questo problema il presidente dell\u2019ABM \u00e8 nuovamente intervenuto, questa volta con una lettera dello scorso 4 giugno indirizzata ai parlamentari bellunesi, per chiedere loro un tempestivo intervento perch\u00e9 venga\u00a0\u00a0 confermato il riconoscimento della predetta esenzione.<br \/>\nPRESENTATO\u00a0 IN PROVINCIA \u201cITALIANI IN SLAVONIA\u201d.<br \/>\n<a href=\"http:\/\/www.bellunopress.it\/wp-content\/uploads\/2009\/06\/italiani-in-slavonia-2-leggera.jpg\"><img loading=\"lazy\" decoding=\"async\" class=\"alignleft size-medium wp-image-4582\" title=\"italiani-in-slavonia-2-leggera\" src=\"http:\/\/www.bellunopress.it\/wp-content\/uploads\/2009\/06\/italiani-in-slavonia-2-leggera.jpg\" alt=\"\" width=\"200\" height=\"275\" \/><\/a> La \u201cComunit\u00e0 Italo \u2013 Croata \u201cPlostine\u201d\u201d , collegata alla nostra associazione, presenta luned\u00ec 15 giugno p.v. alle ore 20 nella sala parrocchiale di Farra d\u2019Alpago la seconda edizione del libro edito dalla Comunit\u00e0 Italiana di Lipik (Croazia) \u201cItaliani in Slavonia \u2013 1880-2005\u201d,\u00a0 una interessante e suggestiva storia della nostra emigrazione \u2013 soprattutto bellunese \u2013 in quel lontano angolo della Croazia, che\u00a0 non molti anni fa fu\u00a0 devastato da un sanguinoso conflitto.<\/p>","protected":false},"excerpt":{"rendered":"<p>Con Risoluzione n. 1 del 4 marzo 2009 il Dipartimento delle Finanze parrebbe avere disdetto la precedente Risoluzione n. 12 del 5 giugno 2008 dello stesso Dipartimento con la quale si delegava ai comuni la possibilit\u00e0 di\u00a0 concedere\u00a0 l\u2019estensione dell\u2019esenzione ICI sulla prima abitazione a favore dei proprietari di unit\u00e0 immobiliari in Italia residenti all\u2019estero. [&hellip;]<\/p>\n","protected":false},"author":2,"featured_media":0,"comment_status":"closed","ping_status":"open","sticky":false,"template":"","format":"standard","meta":{"footnotes":""},"categories":[5,26],"tags":[139],"class_list":["post-4581","post","type-post","status-publish","format-standard","category-cronaca","category-prima-pagina","tag-belluno"],"yoast_head":"<!-- This site is optimized with the Yoast SEO plugin v28.4 - https:\/\/yoast.com\/product\/yoast-seo-wordpress\/ -->\n<title>L&#039;Abm e l&#039;Ici sulla prima casa dei cittadini all&#039;estero - Bellunopress - Dolomiti<\/title>\n<meta name=\"robots\" content=\"index, follow, max-snippet:-1, max-image-preview:large, max-video-preview:-1\" \/>\n<link rel=\"canonical\" href=\"https:\/\/www.bellunopress.it\/fr\/2009\/06\/08\/labm-e-lici-sulla-prima-casa-dei-cittadini-allestero\/\" \/>\n<meta property=\"og:locale\" content=\"fr_FR\" \/>\n<meta property=\"og:type\" content=\"article\" \/>\n<meta property=\"og:title\" content=\"L&#039;Abm e l&#039;Ici sulla prima casa dei cittadini all&#039;estero - Bellunopress - Dolomiti\" \/>\n<meta property=\"og:description\" content=\"Con Risoluzione n. 1 del 4 marzo 2009 il Dipartimento delle Finanze parrebbe avere disdetto la precedente Risoluzione n. 12 del 5 giugno 2008 dello stesso Dipartimento con la quale si delegava ai comuni la possibilit\u00e0 di\u00a0 concedere\u00a0 l\u2019estensione dell\u2019esenzione ICI sulla prima abitazione a favore dei proprietari di unit\u00e0 immobiliari in Italia residenti all\u2019estero. [&hellip;]\" \/>\n<meta property=\"og:url\" content=\"https:\/\/www.bellunopress.it\/fr\/2009\/06\/08\/labm-e-lici-sulla-prima-casa-dei-cittadini-allestero\/\" \/>\n<meta property=\"og:site_name\" content=\"Bellunopress - Dolomiti\" \/>\n<meta property=\"article:publisher\" content=\"https:\/\/www.facebook.com\/profile.php?id=100008943462799\" \/>\n<meta property=\"article:published_time\" content=\"2009-06-08T10:37:29+00:00\" \/>\n<meta property=\"article:modified_time\" content=\"2009-06-08T10:41:45+00:00\" \/>\n<meta property=\"og:image\" content=\"http:\/\/www.bellunopress.it\/wp-content\/uploads\/2009\/06\/italiani-in-slavonia-2-leggera.jpg\" \/>\n<meta name=\"author\" content=\"redazione\" \/>\n<meta name=\"twitter:card\" content=\"summary_large_image\" \/>\n<meta name=\"twitter:creator\" content=\"@bellunopress\" \/>\n<meta name=\"twitter:site\" content=\"@bellunopress\" \/>\n<meta name=\"twitter:label1\" content=\"\u00c9crit par\" \/>\n\t<meta name=\"twitter:data1\" content=\"redazione\" \/>\n\t<meta name=\"twitter:label2\" content=\"Dur\u00e9e de lecture estim\u00e9e\" \/>\n\t<meta name=\"twitter:data2\" content=\"1 minute\" \/>\n<script type=\"application\/ld+json\" class=\"yoast-schema-graph\">{\"@context\":\"https:\\\/\\\/schema.org\",\"@graph\":[{\"@type\":\"Article\",\"@id\":\"https:\\\/\\\/www.bellunopress.it\\\/2009\\\/06\\\/08\\\/labm-e-lici-sulla-prima-casa-dei-cittadini-allestero\\\/#article\",\"isPartOf\":{\"@id\":\"https:\\\/\\\/www.bellunopress.it\\\/2009\\\/06\\\/08\\\/labm-e-lici-sulla-prima-casa-dei-cittadini-allestero\\\/\"},\"author\":{\"name\":\"redazione\",\"@id\":\"https:\\\/\\\/www.bellunopress.it\\\/#\\\/schema\\\/person\\\/79bb06722b37ece1c03d3e94beb30d73\"},\"headline\":\"L&#8217;Abm e l&#8217;Ici sulla prima casa dei cittadini all&#8217;estero\",\"datePublished\":\"2009-06-08T10:37:29+00:00\",\"dateModified\":\"2009-06-08T10:41:45+00:00\",\"mainEntityOfPage\":{\"@id\":\"https:\\\/\\\/www.bellunopress.it\\\/2009\\\/06\\\/08\\\/labm-e-lici-sulla-prima-casa-dei-cittadini-allestero\\\/\"},\"wordCount\":277,\"publisher\":{\"@id\":\"https:\\\/\\\/www.bellunopress.it\\\/#organization\"},\"image\":{\"@id\":\"https:\\\/\\\/www.bellunopress.it\\\/2009\\\/06\\\/08\\\/labm-e-lici-sulla-prima-casa-dei-cittadini-allestero\\\/#primaryimage\"},\"thumbnailUrl\":\"http:\\\/\\\/www.bellunopress.it\\\/wp-content\\\/uploads\\\/2009\\\/06\\\/italiani-in-slavonia-2-leggera.jpg\",\"keywords\":[\"Belluno\"],\"articleSection\":[\"Cronaca\\\/Politica\",\"Prima Pagina\"],\"inLanguage\":\"fr-FR\"},{\"@type\":\"WebPage\",\"@id\":\"https:\\\/\\\/www.bellunopress.it\\\/2009\\\/06\\\/08\\\/labm-e-lici-sulla-prima-casa-dei-cittadini-allestero\\\/\",\"url\":\"https:\\\/\\\/www.bellunopress.it\\\/2009\\\/06\\\/08\\\/labm-e-lici-sulla-prima-casa-dei-cittadini-allestero\\\/\",\"name\":\"L'Abm e l'Ici sulla prima casa dei cittadini all'estero - Bellunopress - Dolomiti\",\"isPartOf\":{\"@id\":\"https:\\\/\\\/www.bellunopress.it\\\/#website\"},\"primaryImageOfPage\":{\"@id\":\"https:\\\/\\\/www.bellunopress.it\\\/2009\\\/06\\\/08\\\/labm-e-lici-sulla-prima-casa-dei-cittadini-allestero\\\/#primaryimage\"},\"image\":{\"@id\":\"https:\\\/\\\/www.bellunopress.it\\\/2009\\\/06\\\/08\\\/labm-e-lici-sulla-prima-casa-dei-cittadini-allestero\\\/#primaryimage\"},\"thumbnailUrl\":\"http:\\\/\\\/www.bellunopress.it\\\/wp-content\\\/uploads\\\/2009\\\/06\\\/italiani-in-slavonia-2-leggera.jpg\",\"datePublished\":\"2009-06-08T10:37:29+00:00\",\"dateModified\":\"2009-06-08T10:41:45+00:00\",\"breadcrumb\":{\"@id\":\"https:\\\/\\\/www.bellunopress.it\\\/2009\\\/06\\\/08\\\/labm-e-lici-sulla-prima-casa-dei-cittadini-allestero\\\/#breadcrumb\"},\"inLanguage\":\"fr-FR\",\"potentialAction\":[{\"@type\":\"ReadAction\",\"target\":[\"https:\\\/\\\/www.bellunopress.it\\\/2009\\\/06\\\/08\\\/labm-e-lici-sulla-prima-casa-dei-cittadini-allestero\\\/\"]}]},{\"@type\":\"ImageObject\",\"inLanguage\":\"fr-FR\",\"@id\":\"https:\\\/\\\/www.bellunopress.it\\\/2009\\\/06\\\/08\\\/labm-e-lici-sulla-prima-casa-dei-cittadini-allestero\\\/#primaryimage\",\"url\":\"http:\\\/\\\/www.bellunopress.it\\\/wp-content\\\/uploads\\\/2009\\\/06\\\/italiani-in-slavonia-2-leggera.jpg\",\"contentUrl\":\"http:\\\/\\\/www.bellunopress.it\\\/wp-content\\\/uploads\\\/2009\\\/06\\\/italiani-in-slavonia-2-leggera.jpg\"},{\"@type\":\"BreadcrumbList\",\"@id\":\"https:\\\/\\\/www.bellunopress.it\\\/2009\\\/06\\\/08\\\/labm-e-lici-sulla-prima-casa-dei-cittadini-allestero\\\/#breadcrumb\",\"itemListElement\":[{\"@type\":\"ListItem\",\"position\":1,\"name\":\"Home\",\"item\":\"https:\\\/\\\/www.bellunopress.it\\\/\"},{\"@type\":\"ListItem\",\"position\":2,\"name\":\"L&#8217;Abm e l&#8217;Ici sulla prima casa dei cittadini all&#8217;estero\"}]},{\"@type\":\"WebSite\",\"@id\":\"https:\\\/\\\/www.bellunopress.it\\\/#website\",\"url\":\"https:\\\/\\\/www.bellunopress.it\\\/\",\"name\":\"Bellunopress - Dolomiti\",\"description\":\"e-mail: redazione@bellunopress.it\",\"publisher\":{\"@id\":\"https:\\\/\\\/www.bellunopress.it\\\/#organization\"},\"potentialAction\":[{\"@type\":\"SearchAction\",\"target\":{\"@type\":\"EntryPoint\",\"urlTemplate\":\"https:\\\/\\\/www.bellunopress.it\\\/?s={search_term_string}\"},\"query-input\":{\"@type\":\"PropertyValueSpecification\",\"valueRequired\":true,\"valueName\":\"search_term_string\"}}],\"inLanguage\":\"fr-FR\"},{\"@type\":\"Organization\",\"@id\":\"https:\\\/\\\/www.bellunopress.it\\\/#organization\",\"name\":\"Bellunopress\",\"url\":\"https:\\\/\\\/www.bellunopress.it\\\/\",\"logo\":{\"@type\":\"ImageObject\",\"inLanguage\":\"fr-FR\",\"@id\":\"https:\\\/\\\/www.bellunopress.it\\\/#\\\/schema\\\/logo\\\/image\\\/\",\"url\":\"https:\\\/\\\/www.bellunopress.it\\\/wp-content\\\/uploads\\\/2011\\\/05\\\/cropped-logo-bellunopress-.jpg\",\"contentUrl\":\"https:\\\/\\\/www.bellunopress.it\\\/wp-content\\\/uploads\\\/2011\\\/05\\\/cropped-logo-bellunopress-.jpg\",\"width\":512,\"height\":512,\"caption\":\"Bellunopress\"},\"image\":{\"@id\":\"https:\\\/\\\/www.bellunopress.it\\\/#\\\/schema\\\/logo\\\/image\\\/\"},\"sameAs\":[\"https:\\\/\\\/www.facebook.com\\\/profile.php?id=100008943462799\",\"https:\\\/\\\/x.com\\\/bellunopress\",\"https:\\\/\\\/www.linkedin.com\\\/hp\\\/?dnr=JBzUWaJfMUw8vbXJJ2tVW5-I3jZKvC4wsoxE&amp;amp;amp;amp;amp;amp;trk=nav_responsive_tab_home\",\"https:\\\/\\\/www.youtube.com\\\/channel\\\/UCxL0wu1uN0_3_7hGG0306cw\"]},{\"@type\":\"Person\",\"@id\":\"https:\\\/\\\/www.bellunopress.it\\\/#\\\/schema\\\/person\\\/79bb06722b37ece1c03d3e94beb30d73\",\"name\":\"redazione\",\"image\":{\"@type\":\"ImageObject\",\"inLanguage\":\"fr-FR\",\"@id\":\"https:\\\/\\\/secure.gravatar.com\\\/avatar\\\/37d968a2e67a6fd04c169c4bdef102d0bc5d31b2546345219e348575eb80e9a0?s=96&d=mm&r=g\",\"url\":\"https:\\\/\\\/secure.gravatar.com\\\/avatar\\\/37d968a2e67a6fd04c169c4bdef102d0bc5d31b2546345219e348575eb80e9a0?s=96&d=mm&r=g\",\"contentUrl\":\"https:\\\/\\\/secure.gravatar.com\\\/avatar\\\/37d968a2e67a6fd04c169c4bdef102d0bc5d31b2546345219e348575eb80e9a0?s=96&d=mm&r=g\",\"caption\":\"redazione\"},\"sameAs\":[\"http:\\\/\\\/www.bellunopress.it\",\"https:\\\/\\\/x.com\\\/bellunopress\"],\"url\":\"https:\\\/\\\/www.bellunopress.it\\\/fr\\\/author\\\/redazione\\\/\"}]}<\/script>\n<!-- \/ Yoast SEO plugin. -->","yoast_head_json":{"title":"L'Abm e l'Ici sulla prima casa dei cittadini all'estero - Bellunopress - Dolomiti","robots":{"index":"index","follow":"follow","max-snippet":"max-snippet:-1","max-image-preview":"max-image-preview:large","max-video-preview":"max-video-preview:-1"},"canonical":"https:\/\/www.bellunopress.it\/fr\/2009\/06\/08\/labm-e-lici-sulla-prima-casa-dei-cittadini-allestero\/","og_locale":"fr_FR","og_type":"article","og_title":"L'Abm e l'Ici sulla prima casa dei cittadini all'estero - Bellunopress - Dolomiti","og_description":"Con Risoluzione n. 1 del 4 marzo 2009 il Dipartimento delle Finanze parrebbe avere disdetto la precedente Risoluzione n. 12 del 5 giugno 2008 dello stesso Dipartimento con la quale si delegava ai comuni la possibilit\u00e0 di\u00a0 concedere\u00a0 l\u2019estensione dell\u2019esenzione ICI sulla prima abitazione a favore dei proprietari di unit\u00e0 immobiliari in Italia residenti all\u2019estero. [&hellip;]","og_url":"https:\/\/www.bellunopress.it\/fr\/2009\/06\/08\/labm-e-lici-sulla-prima-casa-dei-cittadini-allestero\/","og_site_name":"Bellunopress - Dolomiti","article_publisher":"https:\/\/www.facebook.com\/profile.php?id=100008943462799","article_published_time":"2009-06-08T10:37:29+00:00","article_modified_time":"2009-06-08T10:41:45+00:00","og_image":[{"url":"http:\/\/www.bellunopress.it\/wp-content\/uploads\/2009\/06\/italiani-in-slavonia-2-leggera.jpg","type":"","width":"","height":""}],"author":"redazione","twitter_card":"summary_large_image","twitter_creator":"@bellunopress","twitter_site":"@bellunopress","twitter_misc":{"\u00c9crit par":"redazione","Dur\u00e9e de lecture estim\u00e9e":"1 minute"},"schema":{"@context":"https:\/\/schema.org","@graph":[{"@type":"Article","@id":"https:\/\/www.bellunopress.it\/2009\/06\/08\/labm-e-lici-sulla-prima-casa-dei-cittadini-allestero\/#article","isPartOf":{"@id":"https:\/\/www.bellunopress.it\/2009\/06\/08\/labm-e-lici-sulla-prima-casa-dei-cittadini-allestero\/"},"author":{"name":"redazione","@id":"https:\/\/www.bellunopress.it\/#\/schema\/person\/79bb06722b37ece1c03d3e94beb30d73"},"headline":"L&#8217;Abm e l&#8217;Ici sulla prima casa dei cittadini all&#8217;estero","datePublished":"2009-06-08T10:37:29+00:00","dateModified":"2009-06-08T10:41:45+00:00","mainEntityOfPage":{"@id":"https:\/\/www.bellunopress.it\/2009\/06\/08\/labm-e-lici-sulla-prima-casa-dei-cittadini-allestero\/"},"wordCount":277,"publisher":{"@id":"https:\/\/www.bellunopress.it\/#organization"},"image":{"@id":"https:\/\/www.bellunopress.it\/2009\/06\/08\/labm-e-lici-sulla-prima-casa-dei-cittadini-allestero\/#primaryimage"},"thumbnailUrl":"http:\/\/www.bellunopress.it\/wp-content\/uploads\/2009\/06\/italiani-in-slavonia-2-leggera.jpg","keywords":["Belluno"],"articleSection":["Cronaca\/Politica","Prima Pagina"],"inLanguage":"fr-FR"},{"@type":"WebPage","@id":"https:\/\/www.bellunopress.it\/2009\/06\/08\/labm-e-lici-sulla-prima-casa-dei-cittadini-allestero\/","url":"https:\/\/www.bellunopress.it\/2009\/06\/08\/labm-e-lici-sulla-prima-casa-dei-cittadini-allestero\/","name":"L'Abm e l'Ici sulla prima casa dei cittadini all'estero - Bellunopress - Dolomiti","isPartOf":{"@id":"https:\/\/www.bellunopress.it\/#website"},"primaryImageOfPage":{"@id":"https:\/\/www.bellunopress.it\/2009\/06\/08\/labm-e-lici-sulla-prima-casa-dei-cittadini-allestero\/#primaryimage"},"image":{"@id":"https:\/\/www.bellunopress.it\/2009\/06\/08\/labm-e-lici-sulla-prima-casa-dei-cittadini-allestero\/#primaryimage"},"thumbnailUrl":"http:\/\/www.bellunopress.it\/wp-content\/uploads\/2009\/06\/italiani-in-slavonia-2-leggera.jpg","datePublished":"2009-06-08T10:37:29+00:00","dateModified":"2009-06-08T10:41:45+00:00","breadcrumb":{"@id":"https:\/\/www.bellunopress.it\/2009\/06\/08\/labm-e-lici-sulla-prima-casa-dei-cittadini-allestero\/#breadcrumb"},"inLanguage":"fr-FR","potentialAction":[{"@type":"ReadAction","target":["https:\/\/www.bellunopress.it\/2009\/06\/08\/labm-e-lici-sulla-prima-casa-dei-cittadini-allestero\/"]}]},{"@type":"ImageObject","inLanguage":"fr-FR","@id":"https:\/\/www.bellunopress.it\/2009\/06\/08\/labm-e-lici-sulla-prima-casa-dei-cittadini-allestero\/#primaryimage","url":"http:\/\/www.bellunopress.it\/wp-content\/uploads\/2009\/06\/italiani-in-slavonia-2-leggera.jpg","contentUrl":"http:\/\/www.bellunopress.it\/wp-content\/uploads\/2009\/06\/italiani-in-slavonia-2-leggera.jpg"},{"@type":"BreadcrumbList","@id":"https:\/\/www.bellunopress.it\/2009\/06\/08\/labm-e-lici-sulla-prima-casa-dei-cittadini-allestero\/#breadcrumb","itemListElement":[{"@type":"ListItem","position":1,"name":"Home","item":"https:\/\/www.bellunopress.it\/"},{"@type":"ListItem","position":2,"name":"L&#8217;Abm e l&#8217;Ici sulla prima casa dei cittadini all&#8217;estero"}]},{"@type":"WebSite","@id":"https:\/\/www.bellunopress.it\/#website","url":"https:\/\/www.bellunopress.it\/","name":"Bellunopress - Dolomiti","description":"e-mail: redazione@bellunopress.it","publisher":{"@id":"https:\/\/www.bellunopress.it\/#organization"},"potentialAction":[{"@type":"SearchAction","target":{"@type":"EntryPoint","urlTemplate":"https:\/\/www.bellunopress.it\/?s={search_term_string}"},"query-input":{"@type":"PropertyValueSpecification","valueRequired":true,"valueName":"search_term_string"}}],"inLanguage":"fr-FR"},{"@type":"Organization","@id":"https:\/\/www.bellunopress.it\/#organization","name":"Bellunopress","url":"https:\/\/www.bellunopress.it\/","logo":{"@type":"ImageObject","inLanguage":"fr-FR","@id":"https:\/\/www.bellunopress.it\/#\/schema\/logo\/image\/","url":"https:\/\/www.bellunopress.it\/wp-content\/uploads\/2011\/05\/cropped-logo-bellunopress-.jpg","contentUrl":"https:\/\/www.bellunopress.it\/wp-content\/uploads\/2011\/05\/cropped-logo-bellunopress-.jpg","width":512,"height":512,"caption":"Bellunopress"},"image":{"@id":"https:\/\/www.bellunopress.it\/#\/schema\/logo\/image\/"},"sameAs":["https:\/\/www.facebook.com\/profile.php?id=100008943462799","https:\/\/x.com\/bellunopress","https:\/\/www.linkedin.com\/hp\/?dnr=JBzUWaJfMUw8vbXJJ2tVW5-I3jZKvC4wsoxE&amp;amp;amp;amp;amp;amp;trk=nav_responsive_tab_home","https:\/\/www.youtube.com\/channel\/UCxL0wu1uN0_3_7hGG0306cw"]},{"@type":"Person","@id":"https:\/\/www.bellunopress.it\/#\/schema\/person\/79bb06722b37ece1c03d3e94beb30d73","name":"r\u00e9daction","image":{"@type":"ImageObject","inLanguage":"fr-FR","@id":"https:\/\/secure.gravatar.com\/avatar\/37d968a2e67a6fd04c169c4bdef102d0bc5d31b2546345219e348575eb80e9a0?s=96&d=mm&r=g","url":"https:\/\/secure.gravatar.com\/avatar\/37d968a2e67a6fd04c169c4bdef102d0bc5d31b2546345219e348575eb80e9a0?s=96&d=mm&r=g","contentUrl":"https:\/\/secure.gravatar.com\/avatar\/37d968a2e67a6fd04c169c4bdef102d0bc5d31b2546345219e348575eb80e9a0?s=96&d=mm&r=g","caption":"redazione"},"sameAs":["http:\/\/www.bellunopress.it","https:\/\/x.com\/bellunopress"],"url":"https:\/\/www.bellunopress.it\/fr\/author\/redazione\/"}]}},"_links":{"self":[{"href":"https:\/\/www.bellunopress.it\/fr\/wp-json\/wp\/v2\/posts\/4581","targetHints":{"allow":["GET"]}}],"collection":[{"href":"https:\/\/www.bellunopress.it\/fr\/wp-json\/wp\/v2\/posts"}],"about":[{"href":"https:\/\/www.bellunopress.it\/fr\/wp-json\/wp\/v2\/types\/post"}],"author":[{"embeddable":true,"href":"https:\/\/www.bellunopress.it\/fr\/wp-json\/wp\/v2\/users\/2"}],"replies":[{"embeddable":true,"href":"https:\/\/www.bellunopress.it\/fr\/wp-json\/wp\/v2\/comments?post=4581"}],"version-history":[{"count":2,"href":"https:\/\/www.bellunopress.it\/fr\/wp-json\/wp\/v2\/posts\/4581\/revisions"}],"predecessor-version":[{"id":4585,"href":"https:\/\/www.bellunopress.it\/fr\/wp-json\/wp\/v2\/posts\/4581\/revisions\/4585"}],"wp:attachment":[{"href":"https:\/\/www.bellunopress.it\/fr\/wp-json\/wp\/v2\/media?parent=4581"}],"wp:term":[{"taxonomy":"category","embeddable":true,"href":"https:\/\/www.bellunopress.it\/fr\/wp-json\/wp\/v2\/categories?post=4581"},{"taxonomy":"post_tag","embeddable":true,"href":"https:\/\/www.bellunopress.it\/fr\/wp-json\/wp\/v2\/tags?post=4581"}],"curies":[{"name":"wp","href":"https:\/\/api.w.org\/{rel}","templated":true}]}}