{"id":45639,"date":"2013-01-13T10:20:39","date_gmt":"2013-01-13T09:20:39","guid":{"rendered":"http:\/\/www.bellunopress.it\/?p=45639"},"modified":"2013-01-13T10:20:39","modified_gmt":"2013-01-13T09:20:39","slug":"sabato-allauditorium-canossiano-di-feltre-la-pace-e-la-marmellata-opera-buffonesca-di-carlo-pasqualin","status":"publish","type":"post","link":"https:\/\/www.bellunopress.it\/fr\/2013\/01\/13\/sabato-allauditorium-canossiano-di-feltre-la-pace-e-la-marmellata-opera-buffonesca-di-carlo-pasqualin\/","title":{"rendered":"Sabato all&#8217;Auditorium canossiano di Feltre La pace e la marmellata, opera buffonesca di Carlo Pasqualin"},"content":{"rendered":"<p>Sabato 19 gennaio alle ore 20.45 all&#8217;Auditorium canossiano di Feltre si terr\u00e0 lo spettacolo &#8220;La pace e la marmellata&#8221; con la compagnia teatrale Nessundorma.<\/p>\n<figure id=\"attachment_14242\" aria-describedby=\"caption-attachment-14242\" style=\"width: 270px\" class=\"wp-caption alignleft\"><a href=\"http:\/\/www.bellunopress.it\/wp-content\/uploads\/2010\/04\/teatro-canossiane-feltre.jpg\"><img loading=\"lazy\" decoding=\"async\" class=\"size-full wp-image-14242\" alt=\"Teatro delle Canossiane - Feltre\" src=\"http:\/\/www.bellunopress.it\/wp-content\/uploads\/2010\/04\/teatro-canossiane-feltre.jpg\" width=\"270\" height=\"203\" \/><\/a><figcaption id=\"caption-attachment-14242\" class=\"wp-caption-text\">Teatro delle Canossiane &#8211; Feltre<\/figcaption><\/figure>\n<p>Genere: OPERA BUFFONESCA<\/p>\n<p>Compagnia teatrale: NESSUNDORMA<\/p>\n<p>Regia: Carlo Pasqualin<\/p>\n<p>Adattamento: Carlo Pasqualin<\/p>\n<p>Biglietto unico: 3\u20ac<\/p>\n<p>I biglietti possono essere acquistati direttamente al negozio A MODO MIO (a Feltre, in prossimit\u00e0 del ponte delle Tezze), fino a gioved\u00ec 17 Gennaio (ore 18.30)<\/p>\n<p>La cassa aprir\u00e0 la sera alle ore 20.00<\/p>\n<p>LA TRAMA<\/p>\n<p>Lo spettacolo \u00e8 una continua alternanza tra le due opere, &#8220;La pace&#8221; e &#8220;La bambola abbandonata&#8221;, che si fondono in unico spazio-tempo.<\/p>\n<p>Pace \u00e8 scomparsa dal mondo. Gli dei dell\u2019Olimpo, stanchi dei continui battibecchi degli umani, l\u2019hanno imprigionata e hanno deciso di abbandonare gli uomini ad un triste destino in balia del Gigante Guerra e del suo servo Finimondo che vogliono ridurre in poltiglia tutte le citt\u00e0 della Grecia. Mentre sulla terra il caos imperversa, solo il viticoltore Trigeo ha il coraggio di partire per l\u2019Olimpo in sella al suo alato scarabeo stercorario per liberare Pace. Trigeo, con l\u2019aiuto del popolo greco riunito e del dio Ermes, cercher\u00e0 di riuscire nel suo intento di riportare Pace all\u2019umanit\u00e0.<\/p>\n<p>Paca \u00e8 una bambina povera ed abituata ad apprezzare fino in fondo quello che la vita pu\u00f2 offrire, compreso un inaspettato dono: una vecchia bambola rotta piovuta gi\u00f9 dal cielo. In effetti, questa bambola apparteneva alla ricca e viziata Lolita che l\u2019ha ceduta come risarcimento a una venditrice di palloncini per averle danneggiato la merce. La bambola, legata a dei palloncini dalla venditrice, viene portata via dal vento e scaraventata tra le amorevoli braccia di Pachita che, con l\u2019aiuto del ciabattino, la sistema e la rende pi\u00f9 bella che mai. Lolita, per\u00f2, dopo aver scoperto che la bambola \u00e8 nelle mani di Paca, la rivuole. Inizia cos\u00ec la contesa tra le due.<\/p>\n<p>&nbsp;<\/p>","protected":false},"excerpt":{"rendered":"<p>Sabato 19 gennaio alle ore 20.45 all&#8217;Auditorium canossiano di Feltre si terr\u00e0 lo spettacolo &#8220;La pace e la marmellata&#8221; con la compagnia teatrale Nessundorma. Genere: OPERA BUFFONESCA Compagnia teatrale: NESSUNDORMA Regia: Carlo Pasqualin Adattamento: Carlo Pasqualin Biglietto unico: 3\u20ac I biglietti possono essere acquistati direttamente al negozio A MODO MIO (a Feltre, in prossimit\u00e0 del [&hellip;]<\/p>\n","protected":false},"author":2,"featured_media":0,"comment_status":"closed","ping_status":"open","sticky":false,"template":"","format":"standard","meta":{"footnotes":""},"categories":[27,3,25],"tags":[],"class_list":["post-45639","post","type-post","status-publish","format-standard","category-appuntamenti","category-arte-cultura-spettacoli-scienza-archivi","category-pausa-caffe"],"yoast_head":"<!-- This site is optimized with the Yoast SEO plugin v28.4 - https:\/\/yoast.com\/product\/yoast-seo-wordpress\/ -->\n<title>Sabato all&#039;Auditorium canossiano di Feltre La pace e la marmellata, opera buffonesca di Carlo Pasqualin - Bellunopress - Dolomiti<\/title>\n<meta name=\"robots\" content=\"index, follow, max-snippet:-1, max-image-preview:large, max-video-preview:-1\" \/>\n<link rel=\"canonical\" href=\"https:\/\/www.bellunopress.it\/fr\/2013\/01\/13\/sabato-allauditorium-canossiano-di-feltre-la-pace-e-la-marmellata-opera-buffonesca-di-carlo-pasqualin\/\" \/>\n<meta property=\"og:locale\" content=\"fr_FR\" \/>\n<meta property=\"og:type\" content=\"article\" \/>\n<meta property=\"og:title\" content=\"Sabato all&#039;Auditorium canossiano di Feltre La pace e la marmellata, opera buffonesca di Carlo Pasqualin - Bellunopress - Dolomiti\" \/>\n<meta property=\"og:description\" content=\"Sabato 19 gennaio alle ore 20.45 all&#8217;Auditorium canossiano di Feltre si terr\u00e0 lo spettacolo &#8220;La pace e la marmellata&#8221; con la compagnia teatrale Nessundorma. Genere: OPERA BUFFONESCA Compagnia teatrale: NESSUNDORMA Regia: Carlo Pasqualin Adattamento: Carlo Pasqualin Biglietto unico: 3\u20ac I biglietti possono essere acquistati direttamente al negozio A MODO MIO (a Feltre, in prossimit\u00e0 del [&hellip;]\" \/>\n<meta property=\"og:url\" content=\"https:\/\/www.bellunopress.it\/fr\/2013\/01\/13\/sabato-allauditorium-canossiano-di-feltre-la-pace-e-la-marmellata-opera-buffonesca-di-carlo-pasqualin\/\" \/>\n<meta property=\"og:site_name\" content=\"Bellunopress - Dolomiti\" \/>\n<meta property=\"article:publisher\" content=\"https:\/\/www.facebook.com\/profile.php?id=100008943462799\" \/>\n<meta property=\"article:published_time\" content=\"2013-01-13T09:20:39+00:00\" \/>\n<meta property=\"og:image\" content=\"http:\/\/www.bellunopress.it\/wp-content\/uploads\/2010\/04\/teatro-canossiane-feltre.jpg\" \/>\n<meta name=\"author\" content=\"redazione\" \/>\n<meta name=\"twitter:card\" content=\"summary_large_image\" \/>\n<meta name=\"twitter:creator\" content=\"@bellunopress\" \/>\n<meta name=\"twitter:site\" content=\"@bellunopress\" \/>\n<meta name=\"twitter:label1\" content=\"\u00c9crit par\" \/>\n\t<meta name=\"twitter:data1\" content=\"redazione\" \/>\n\t<meta name=\"twitter:label2\" content=\"Dur\u00e9e de lecture estim\u00e9e\" \/>\n\t<meta name=\"twitter:data2\" content=\"2 minutes\" \/>\n<script type=\"application\/ld+json\" class=\"yoast-schema-graph\">{\"@context\":\"https:\\\/\\\/schema.org\",\"@graph\":[{\"@type\":\"Article\",\"@id\":\"https:\\\/\\\/www.bellunopress.it\\\/2013\\\/01\\\/13\\\/sabato-allauditorium-canossiano-di-feltre-la-pace-e-la-marmellata-opera-buffonesca-di-carlo-pasqualin\\\/#article\",\"isPartOf\":{\"@id\":\"https:\\\/\\\/www.bellunopress.it\\\/2013\\\/01\\\/13\\\/sabato-allauditorium-canossiano-di-feltre-la-pace-e-la-marmellata-opera-buffonesca-di-carlo-pasqualin\\\/\"},\"author\":{\"name\":\"redazione\",\"@id\":\"https:\\\/\\\/www.bellunopress.it\\\/#\\\/schema\\\/person\\\/79bb06722b37ece1c03d3e94beb30d73\"},\"headline\":\"Sabato all&#8217;Auditorium canossiano di Feltre La pace e la marmellata, opera buffonesca di Carlo Pasqualin\",\"datePublished\":\"2013-01-13T09:20:39+00:00\",\"mainEntityOfPage\":{\"@id\":\"https:\\\/\\\/www.bellunopress.it\\\/2013\\\/01\\\/13\\\/sabato-allauditorium-canossiano-di-feltre-la-pace-e-la-marmellata-opera-buffonesca-di-carlo-pasqualin\\\/\"},\"wordCount\":331,\"publisher\":{\"@id\":\"https:\\\/\\\/www.bellunopress.it\\\/#organization\"},\"image\":{\"@id\":\"https:\\\/\\\/www.bellunopress.it\\\/2013\\\/01\\\/13\\\/sabato-allauditorium-canossiano-di-feltre-la-pace-e-la-marmellata-opera-buffonesca-di-carlo-pasqualin\\\/#primaryimage\"},\"thumbnailUrl\":\"http:\\\/\\\/www.bellunopress.it\\\/wp-content\\\/uploads\\\/2010\\\/04\\\/teatro-canossiane-feltre.jpg\",\"articleSection\":[\"Appuntamenti, Eventi\",\"Arte, Cultura, Spettacoli, Scienza\",\"Pausa Caff\u00e8\"],\"inLanguage\":\"fr-FR\"},{\"@type\":\"WebPage\",\"@id\":\"https:\\\/\\\/www.bellunopress.it\\\/2013\\\/01\\\/13\\\/sabato-allauditorium-canossiano-di-feltre-la-pace-e-la-marmellata-opera-buffonesca-di-carlo-pasqualin\\\/\",\"url\":\"https:\\\/\\\/www.bellunopress.it\\\/2013\\\/01\\\/13\\\/sabato-allauditorium-canossiano-di-feltre-la-pace-e-la-marmellata-opera-buffonesca-di-carlo-pasqualin\\\/\",\"name\":\"Sabato all'Auditorium canossiano di Feltre La pace e la marmellata, opera buffonesca di Carlo Pasqualin - Bellunopress - Dolomiti\",\"isPartOf\":{\"@id\":\"https:\\\/\\\/www.bellunopress.it\\\/#website\"},\"primaryImageOfPage\":{\"@id\":\"https:\\\/\\\/www.bellunopress.it\\\/2013\\\/01\\\/13\\\/sabato-allauditorium-canossiano-di-feltre-la-pace-e-la-marmellata-opera-buffonesca-di-carlo-pasqualin\\\/#primaryimage\"},\"image\":{\"@id\":\"https:\\\/\\\/www.bellunopress.it\\\/2013\\\/01\\\/13\\\/sabato-allauditorium-canossiano-di-feltre-la-pace-e-la-marmellata-opera-buffonesca-di-carlo-pasqualin\\\/#primaryimage\"},\"thumbnailUrl\":\"http:\\\/\\\/www.bellunopress.it\\\/wp-content\\\/uploads\\\/2010\\\/04\\\/teatro-canossiane-feltre.jpg\",\"datePublished\":\"2013-01-13T09:20:39+00:00\",\"breadcrumb\":{\"@id\":\"https:\\\/\\\/www.bellunopress.it\\\/2013\\\/01\\\/13\\\/sabato-allauditorium-canossiano-di-feltre-la-pace-e-la-marmellata-opera-buffonesca-di-carlo-pasqualin\\\/#breadcrumb\"},\"inLanguage\":\"fr-FR\",\"potentialAction\":[{\"@type\":\"ReadAction\",\"target\":[\"https:\\\/\\\/www.bellunopress.it\\\/2013\\\/01\\\/13\\\/sabato-allauditorium-canossiano-di-feltre-la-pace-e-la-marmellata-opera-buffonesca-di-carlo-pasqualin\\\/\"]}]},{\"@type\":\"ImageObject\",\"inLanguage\":\"fr-FR\",\"@id\":\"https:\\\/\\\/www.bellunopress.it\\\/2013\\\/01\\\/13\\\/sabato-allauditorium-canossiano-di-feltre-la-pace-e-la-marmellata-opera-buffonesca-di-carlo-pasqualin\\\/#primaryimage\",\"url\":\"http:\\\/\\\/www.bellunopress.it\\\/wp-content\\\/uploads\\\/2010\\\/04\\\/teatro-canossiane-feltre.jpg\",\"contentUrl\":\"http:\\\/\\\/www.bellunopress.it\\\/wp-content\\\/uploads\\\/2010\\\/04\\\/teatro-canossiane-feltre.jpg\"},{\"@type\":\"BreadcrumbList\",\"@id\":\"https:\\\/\\\/www.bellunopress.it\\\/2013\\\/01\\\/13\\\/sabato-allauditorium-canossiano-di-feltre-la-pace-e-la-marmellata-opera-buffonesca-di-carlo-pasqualin\\\/#breadcrumb\",\"itemListElement\":[{\"@type\":\"ListItem\",\"position\":1,\"name\":\"Home\",\"item\":\"https:\\\/\\\/www.bellunopress.it\\\/\"},{\"@type\":\"ListItem\",\"position\":2,\"name\":\"Sabato all&#8217;Auditorium canossiano di Feltre La pace e la marmellata, opera buffonesca di Carlo Pasqualin\"}]},{\"@type\":\"WebSite\",\"@id\":\"https:\\\/\\\/www.bellunopress.it\\\/#website\",\"url\":\"https:\\\/\\\/www.bellunopress.it\\\/\",\"name\":\"Bellunopress - Dolomiti\",\"description\":\"e-mail: redazione@bellunopress.it\",\"publisher\":{\"@id\":\"https:\\\/\\\/www.bellunopress.it\\\/#organization\"},\"potentialAction\":[{\"@type\":\"SearchAction\",\"target\":{\"@type\":\"EntryPoint\",\"urlTemplate\":\"https:\\\/\\\/www.bellunopress.it\\\/?s={search_term_string}\"},\"query-input\":{\"@type\":\"PropertyValueSpecification\",\"valueRequired\":true,\"valueName\":\"search_term_string\"}}],\"inLanguage\":\"fr-FR\"},{\"@type\":\"Organization\",\"@id\":\"https:\\\/\\\/www.bellunopress.it\\\/#organization\",\"name\":\"Bellunopress\",\"url\":\"https:\\\/\\\/www.bellunopress.it\\\/\",\"logo\":{\"@type\":\"ImageObject\",\"inLanguage\":\"fr-FR\",\"@id\":\"https:\\\/\\\/www.bellunopress.it\\\/#\\\/schema\\\/logo\\\/image\\\/\",\"url\":\"https:\\\/\\\/www.bellunopress.it\\\/wp-content\\\/uploads\\\/2011\\\/05\\\/cropped-logo-bellunopress-.jpg\",\"contentUrl\":\"https:\\\/\\\/www.bellunopress.it\\\/wp-content\\\/uploads\\\/2011\\\/05\\\/cropped-logo-bellunopress-.jpg\",\"width\":512,\"height\":512,\"caption\":\"Bellunopress\"},\"image\":{\"@id\":\"https:\\\/\\\/www.bellunopress.it\\\/#\\\/schema\\\/logo\\\/image\\\/\"},\"sameAs\":[\"https:\\\/\\\/www.facebook.com\\\/profile.php?id=100008943462799\",\"https:\\\/\\\/x.com\\\/bellunopress\",\"https:\\\/\\\/www.linkedin.com\\\/hp\\\/?dnr=JBzUWaJfMUw8vbXJJ2tVW5-I3jZKvC4wsoxE&amp;amp;amp;amp;amp;amp;trk=nav_responsive_tab_home\",\"https:\\\/\\\/www.youtube.com\\\/channel\\\/UCxL0wu1uN0_3_7hGG0306cw\"]},{\"@type\":\"Person\",\"@id\":\"https:\\\/\\\/www.bellunopress.it\\\/#\\\/schema\\\/person\\\/79bb06722b37ece1c03d3e94beb30d73\",\"name\":\"redazione\",\"image\":{\"@type\":\"ImageObject\",\"inLanguage\":\"fr-FR\",\"@id\":\"https:\\\/\\\/secure.gravatar.com\\\/avatar\\\/37d968a2e67a6fd04c169c4bdef102d0bc5d31b2546345219e348575eb80e9a0?s=96&d=mm&r=g\",\"url\":\"https:\\\/\\\/secure.gravatar.com\\\/avatar\\\/37d968a2e67a6fd04c169c4bdef102d0bc5d31b2546345219e348575eb80e9a0?s=96&d=mm&r=g\",\"contentUrl\":\"https:\\\/\\\/secure.gravatar.com\\\/avatar\\\/37d968a2e67a6fd04c169c4bdef102d0bc5d31b2546345219e348575eb80e9a0?s=96&d=mm&r=g\",\"caption\":\"redazione\"},\"sameAs\":[\"http:\\\/\\\/www.bellunopress.it\",\"https:\\\/\\\/x.com\\\/bellunopress\"],\"url\":\"https:\\\/\\\/www.bellunopress.it\\\/fr\\\/author\\\/redazione\\\/\"}]}<\/script>\n<!-- \/ Yoast SEO plugin. -->","yoast_head_json":{"title":"Sabato all'Auditorium canossiano di Feltre La pace e la marmellata, opera buffonesca di Carlo Pasqualin - Bellunopress - Dolomiti","robots":{"index":"index","follow":"follow","max-snippet":"max-snippet:-1","max-image-preview":"max-image-preview:large","max-video-preview":"max-video-preview:-1"},"canonical":"https:\/\/www.bellunopress.it\/fr\/2013\/01\/13\/sabato-allauditorium-canossiano-di-feltre-la-pace-e-la-marmellata-opera-buffonesca-di-carlo-pasqualin\/","og_locale":"fr_FR","og_type":"article","og_title":"Sabato all'Auditorium canossiano di Feltre La pace e la marmellata, opera buffonesca di Carlo Pasqualin - Bellunopress - Dolomiti","og_description":"Sabato 19 gennaio alle ore 20.45 all&#8217;Auditorium canossiano di Feltre si terr\u00e0 lo spettacolo &#8220;La pace e la marmellata&#8221; con la compagnia teatrale Nessundorma. Genere: OPERA BUFFONESCA Compagnia teatrale: NESSUNDORMA Regia: Carlo Pasqualin Adattamento: Carlo Pasqualin Biglietto unico: 3\u20ac I biglietti possono essere acquistati direttamente al negozio A MODO MIO (a Feltre, in prossimit\u00e0 del [&hellip;]","og_url":"https:\/\/www.bellunopress.it\/fr\/2013\/01\/13\/sabato-allauditorium-canossiano-di-feltre-la-pace-e-la-marmellata-opera-buffonesca-di-carlo-pasqualin\/","og_site_name":"Bellunopress - Dolomiti","article_publisher":"https:\/\/www.facebook.com\/profile.php?id=100008943462799","article_published_time":"2013-01-13T09:20:39+00:00","og_image":[{"url":"http:\/\/www.bellunopress.it\/wp-content\/uploads\/2010\/04\/teatro-canossiane-feltre.jpg","type":"","width":"","height":""}],"author":"redazione","twitter_card":"summary_large_image","twitter_creator":"@bellunopress","twitter_site":"@bellunopress","twitter_misc":{"\u00c9crit par":"redazione","Dur\u00e9e de lecture estim\u00e9e":"2 minutes"},"schema":{"@context":"https:\/\/schema.org","@graph":[{"@type":"Article","@id":"https:\/\/www.bellunopress.it\/2013\/01\/13\/sabato-allauditorium-canossiano-di-feltre-la-pace-e-la-marmellata-opera-buffonesca-di-carlo-pasqualin\/#article","isPartOf":{"@id":"https:\/\/www.bellunopress.it\/2013\/01\/13\/sabato-allauditorium-canossiano-di-feltre-la-pace-e-la-marmellata-opera-buffonesca-di-carlo-pasqualin\/"},"author":{"name":"redazione","@id":"https:\/\/www.bellunopress.it\/#\/schema\/person\/79bb06722b37ece1c03d3e94beb30d73"},"headline":"Sabato all&#8217;Auditorium canossiano di Feltre La pace e la marmellata, opera buffonesca di Carlo Pasqualin","datePublished":"2013-01-13T09:20:39+00:00","mainEntityOfPage":{"@id":"https:\/\/www.bellunopress.it\/2013\/01\/13\/sabato-allauditorium-canossiano-di-feltre-la-pace-e-la-marmellata-opera-buffonesca-di-carlo-pasqualin\/"},"wordCount":331,"publisher":{"@id":"https:\/\/www.bellunopress.it\/#organization"},"image":{"@id":"https:\/\/www.bellunopress.it\/2013\/01\/13\/sabato-allauditorium-canossiano-di-feltre-la-pace-e-la-marmellata-opera-buffonesca-di-carlo-pasqualin\/#primaryimage"},"thumbnailUrl":"http:\/\/www.bellunopress.it\/wp-content\/uploads\/2010\/04\/teatro-canossiane-feltre.jpg","articleSection":["Appuntamenti, Eventi","Arte, Cultura, Spettacoli, Scienza","Pausa Caff\u00e8"],"inLanguage":"fr-FR"},{"@type":"WebPage","@id":"https:\/\/www.bellunopress.it\/2013\/01\/13\/sabato-allauditorium-canossiano-di-feltre-la-pace-e-la-marmellata-opera-buffonesca-di-carlo-pasqualin\/","url":"https:\/\/www.bellunopress.it\/2013\/01\/13\/sabato-allauditorium-canossiano-di-feltre-la-pace-e-la-marmellata-opera-buffonesca-di-carlo-pasqualin\/","name":"Sabato all'Auditorium canossiano di Feltre La pace e la marmellata, opera buffonesca di Carlo Pasqualin - Bellunopress - Dolomiti","isPartOf":{"@id":"https:\/\/www.bellunopress.it\/#website"},"primaryImageOfPage":{"@id":"https:\/\/www.bellunopress.it\/2013\/01\/13\/sabato-allauditorium-canossiano-di-feltre-la-pace-e-la-marmellata-opera-buffonesca-di-carlo-pasqualin\/#primaryimage"},"image":{"@id":"https:\/\/www.bellunopress.it\/2013\/01\/13\/sabato-allauditorium-canossiano-di-feltre-la-pace-e-la-marmellata-opera-buffonesca-di-carlo-pasqualin\/#primaryimage"},"thumbnailUrl":"http:\/\/www.bellunopress.it\/wp-content\/uploads\/2010\/04\/teatro-canossiane-feltre.jpg","datePublished":"2013-01-13T09:20:39+00:00","breadcrumb":{"@id":"https:\/\/www.bellunopress.it\/2013\/01\/13\/sabato-allauditorium-canossiano-di-feltre-la-pace-e-la-marmellata-opera-buffonesca-di-carlo-pasqualin\/#breadcrumb"},"inLanguage":"fr-FR","potentialAction":[{"@type":"ReadAction","target":["https:\/\/www.bellunopress.it\/2013\/01\/13\/sabato-allauditorium-canossiano-di-feltre-la-pace-e-la-marmellata-opera-buffonesca-di-carlo-pasqualin\/"]}]},{"@type":"ImageObject","inLanguage":"fr-FR","@id":"https:\/\/www.bellunopress.it\/2013\/01\/13\/sabato-allauditorium-canossiano-di-feltre-la-pace-e-la-marmellata-opera-buffonesca-di-carlo-pasqualin\/#primaryimage","url":"http:\/\/www.bellunopress.it\/wp-content\/uploads\/2010\/04\/teatro-canossiane-feltre.jpg","contentUrl":"http:\/\/www.bellunopress.it\/wp-content\/uploads\/2010\/04\/teatro-canossiane-feltre.jpg"},{"@type":"BreadcrumbList","@id":"https:\/\/www.bellunopress.it\/2013\/01\/13\/sabato-allauditorium-canossiano-di-feltre-la-pace-e-la-marmellata-opera-buffonesca-di-carlo-pasqualin\/#breadcrumb","itemListElement":[{"@type":"ListItem","position":1,"name":"Home","item":"https:\/\/www.bellunopress.it\/"},{"@type":"ListItem","position":2,"name":"Sabato all&#8217;Auditorium canossiano di Feltre La pace e la marmellata, opera buffonesca di Carlo Pasqualin"}]},{"@type":"WebSite","@id":"https:\/\/www.bellunopress.it\/#website","url":"https:\/\/www.bellunopress.it\/","name":"Bellunopress - Dolomiti","description":"e-mail: redazione@bellunopress.it","publisher":{"@id":"https:\/\/www.bellunopress.it\/#organization"},"potentialAction":[{"@type":"SearchAction","target":{"@type":"EntryPoint","urlTemplate":"https:\/\/www.bellunopress.it\/?s={search_term_string}"},"query-input":{"@type":"PropertyValueSpecification","valueRequired":true,"valueName":"search_term_string"}}],"inLanguage":"fr-FR"},{"@type":"Organization","@id":"https:\/\/www.bellunopress.it\/#organization","name":"Bellunopress","url":"https:\/\/www.bellunopress.it\/","logo":{"@type":"ImageObject","inLanguage":"fr-FR","@id":"https:\/\/www.bellunopress.it\/#\/schema\/logo\/image\/","url":"https:\/\/www.bellunopress.it\/wp-content\/uploads\/2011\/05\/cropped-logo-bellunopress-.jpg","contentUrl":"https:\/\/www.bellunopress.it\/wp-content\/uploads\/2011\/05\/cropped-logo-bellunopress-.jpg","width":512,"height":512,"caption":"Bellunopress"},"image":{"@id":"https:\/\/www.bellunopress.it\/#\/schema\/logo\/image\/"},"sameAs":["https:\/\/www.facebook.com\/profile.php?id=100008943462799","https:\/\/x.com\/bellunopress","https:\/\/www.linkedin.com\/hp\/?dnr=JBzUWaJfMUw8vbXJJ2tVW5-I3jZKvC4wsoxE&amp;amp;amp;amp;amp;amp;trk=nav_responsive_tab_home","https:\/\/www.youtube.com\/channel\/UCxL0wu1uN0_3_7hGG0306cw"]},{"@type":"Person","@id":"https:\/\/www.bellunopress.it\/#\/schema\/person\/79bb06722b37ece1c03d3e94beb30d73","name":"r\u00e9daction","image":{"@type":"ImageObject","inLanguage":"fr-FR","@id":"https:\/\/secure.gravatar.com\/avatar\/37d968a2e67a6fd04c169c4bdef102d0bc5d31b2546345219e348575eb80e9a0?s=96&d=mm&r=g","url":"https:\/\/secure.gravatar.com\/avatar\/37d968a2e67a6fd04c169c4bdef102d0bc5d31b2546345219e348575eb80e9a0?s=96&d=mm&r=g","contentUrl":"https:\/\/secure.gravatar.com\/avatar\/37d968a2e67a6fd04c169c4bdef102d0bc5d31b2546345219e348575eb80e9a0?s=96&d=mm&r=g","caption":"redazione"},"sameAs":["http:\/\/www.bellunopress.it","https:\/\/x.com\/bellunopress"],"url":"https:\/\/www.bellunopress.it\/fr\/author\/redazione\/"}]}},"_links":{"self":[{"href":"https:\/\/www.bellunopress.it\/fr\/wp-json\/wp\/v2\/posts\/45639","targetHints":{"allow":["GET"]}}],"collection":[{"href":"https:\/\/www.bellunopress.it\/fr\/wp-json\/wp\/v2\/posts"}],"about":[{"href":"https:\/\/www.bellunopress.it\/fr\/wp-json\/wp\/v2\/types\/post"}],"author":[{"embeddable":true,"href":"https:\/\/www.bellunopress.it\/fr\/wp-json\/wp\/v2\/users\/2"}],"replies":[{"embeddable":true,"href":"https:\/\/www.bellunopress.it\/fr\/wp-json\/wp\/v2\/comments?post=45639"}],"version-history":[{"count":1,"href":"https:\/\/www.bellunopress.it\/fr\/wp-json\/wp\/v2\/posts\/45639\/revisions"}],"predecessor-version":[{"id":45640,"href":"https:\/\/www.bellunopress.it\/fr\/wp-json\/wp\/v2\/posts\/45639\/revisions\/45640"}],"wp:attachment":[{"href":"https:\/\/www.bellunopress.it\/fr\/wp-json\/wp\/v2\/media?parent=45639"}],"wp:term":[{"taxonomy":"category","embeddable":true,"href":"https:\/\/www.bellunopress.it\/fr\/wp-json\/wp\/v2\/categories?post=45639"},{"taxonomy":"post_tag","embeddable":true,"href":"https:\/\/www.bellunopress.it\/fr\/wp-json\/wp\/v2\/tags?post=45639"}],"curies":[{"name":"wp","href":"https:\/\/api.w.org\/{rel}","templated":true}]}}