{"id":45615,"date":"2013-01-12T16:25:18","date_gmt":"2013-01-12T15:25:18","guid":{"rendered":"http:\/\/www.bellunopress.it\/?p=45615"},"modified":"2013-01-12T16:25:19","modified_gmt":"2013-01-12T15:25:19","slug":"sale-cinematografiche-bando-per-la-digitalizzazione-entro-il-31-dicembre-le-domande","status":"publish","type":"post","link":"https:\/\/www.bellunopress.it\/fr\/2013\/01\/12\/sale-cinematografiche-bando-per-la-digitalizzazione-entro-il-31-dicembre-le-domande\/","title":{"rendered":"Sale cinematografiche, bando per la digitalizzazione: entro il 31 dicembre le domande"},"content":{"rendered":"<p><a href=\"http:\/\/www.bellunopress.it\/wp-content\/uploads\/2009\/02\/cinema.jpg\"><img loading=\"lazy\" decoding=\"async\" class=\"alignleft size-full wp-image-453\" alt=\"cinema\" src=\"http:\/\/www.bellunopress.it\/wp-content\/uploads\/2009\/02\/cinema.jpg\" width=\"241\" height=\"181\" \/><\/a>Nel Bollettino Ufficiale della Regione dell&#8217;11 gennaio 2013 \u00e8 stato pubblicato un bando rivolto alle Piccole e Medie Imprese del Veneto che esercitano attivit\u00e0 di proiezione cinematografica per interventi finalizzati al passaggio al digitale attraverso la concessione di contributi a fondo perduto. Le risorse pubbliche messe a disposizione ammontano a complessivi 2.000.000 di euro e rientrano nei finanziamenti previsti nel Programma Operativo Regionale \u2013 Parte FESR, relativo alla programmazione 2007 \u2013 2013.<\/p>\n<p>L\u2019agevolazione prevista consiste in un contributo in conto capitale, secondo percentuali massime differenziate in base alla tipologia di sale cinematografiche da digitalizzare. Potr\u00e0 essere del 70% della spesa ritenuta ammissibile per la digitalizzazione di una o pi\u00f9 \u201cMonosale\u201d, fino ad un massimo di 50.000 euro per sala. Sar\u00e0 invece del 50% della spesa ritenuta ammissibile per la digitalizzazione di \u201cMultisale\u201d o \u201cMultiplex\u201d entro il limite di quattro sale per soggetto richiedente con un massimo di 50.000 euro per sala.<\/p>\n<p>Il mercato dell\u2019esercizio cinematografico \u2013 spiega il vicepresidente della giunta regionale e assessore alla cultura e spettacolo &#8211; \u00e8 interessato da una fase di transizione e passaggio alla proiezione digitale. Si tratta di una rivoluzione tecnologica che ha messo in moto ingenti investimenti economici e che ha determinato un processo irreversibile destinato a escludere nell\u2019arco di breve tempo l\u2019uscita di film in pellicola. L\u2019obiettivo del bando \u00e8 quello di sostenere le PMI venete negli investimenti destinati all\u2019innovazione degli impianti che rappresentano per il territorio una importante risorsa, sia sotto il profilo economico che culturale.<\/p>\n<p>Le domande di contributo dovranno essere presentate alla Regione entro il termine del 31 dicembre 2014 e saranno ammesse a valutazione secondo l\u2019ordine di arrivo fino ad esaurimento delle risorse economiche.<\/p>\n<p>&nbsp;<\/p>\n<p>&nbsp;<\/p>","protected":false},"excerpt":{"rendered":"<p>Nel Bollettino Ufficiale della Regione dell&#8217;11 gennaio 2013 \u00e8 stato pubblicato un bando rivolto alle Piccole e Medie Imprese del Veneto che esercitano attivit\u00e0 di proiezione cinematografica per interventi finalizzati al passaggio al digitale attraverso la concessione di contributi a fondo perduto. Le risorse pubbliche messe a disposizione ammontano a complessivi 2.000.000 di euro e [&hellip;]<\/p>\n","protected":false},"author":2,"featured_media":0,"comment_status":"closed","ping_status":"open","sticky":false,"template":"","format":"standard","meta":{"footnotes":""},"categories":[36,26],"tags":[],"class_list":["post-45615","post","type-post","status-publish","format-standard","category-lavoro-economia","category-prima-pagina"],"yoast_head":"<!-- This site is optimized with the Yoast SEO plugin v28.4 - https:\/\/yoast.com\/product\/yoast-seo-wordpress\/ -->\n<title>Sale cinematografiche, bando per la digitalizzazione: entro il 31 dicembre le domande - Bellunopress - Dolomiti<\/title>\n<meta name=\"robots\" content=\"index, follow, max-snippet:-1, max-image-preview:large, max-video-preview:-1\" \/>\n<link rel=\"canonical\" href=\"https:\/\/www.bellunopress.it\/fr\/2013\/01\/12\/sale-cinematografiche-bando-per-la-digitalizzazione-entro-il-31-dicembre-le-domande\/\" \/>\n<meta property=\"og:locale\" content=\"fr_FR\" \/>\n<meta property=\"og:type\" content=\"article\" \/>\n<meta property=\"og:title\" content=\"Sale cinematografiche, bando per la digitalizzazione: entro il 31 dicembre le domande - Bellunopress - Dolomiti\" \/>\n<meta property=\"og:description\" content=\"Nel Bollettino Ufficiale della Regione dell&#8217;11 gennaio 2013 \u00e8 stato pubblicato un bando rivolto alle Piccole e Medie Imprese del Veneto che esercitano attivit\u00e0 di proiezione cinematografica per interventi finalizzati al passaggio al digitale attraverso la concessione di contributi a fondo perduto. Le risorse pubbliche messe a disposizione ammontano a complessivi 2.000.000 di euro e [&hellip;]\" \/>\n<meta property=\"og:url\" content=\"https:\/\/www.bellunopress.it\/fr\/2013\/01\/12\/sale-cinematografiche-bando-per-la-digitalizzazione-entro-il-31-dicembre-le-domande\/\" \/>\n<meta property=\"og:site_name\" content=\"Bellunopress - Dolomiti\" \/>\n<meta property=\"article:publisher\" content=\"https:\/\/www.facebook.com\/profile.php?id=100008943462799\" \/>\n<meta property=\"article:published_time\" content=\"2013-01-12T15:25:18+00:00\" \/>\n<meta property=\"article:modified_time\" content=\"2013-01-12T15:25:19+00:00\" \/>\n<meta property=\"og:image\" content=\"http:\/\/www.bellunopress.it\/wp-content\/uploads\/2009\/02\/cinema.jpg\" \/>\n<meta name=\"author\" content=\"redazione\" \/>\n<meta name=\"twitter:card\" content=\"summary_large_image\" \/>\n<meta name=\"twitter:creator\" content=\"@bellunopress\" \/>\n<meta name=\"twitter:site\" content=\"@bellunopress\" \/>\n<meta name=\"twitter:label1\" content=\"\u00c9crit par\" \/>\n\t<meta name=\"twitter:data1\" content=\"redazione\" \/>\n\t<meta name=\"twitter:label2\" content=\"Dur\u00e9e de lecture estim\u00e9e\" \/>\n\t<meta name=\"twitter:data2\" content=\"1 minute\" \/>\n<script type=\"application\/ld+json\" class=\"yoast-schema-graph\">{\"@context\":\"https:\\\/\\\/schema.org\",\"@graph\":[{\"@type\":\"Article\",\"@id\":\"https:\\\/\\\/www.bellunopress.it\\\/2013\\\/01\\\/12\\\/sale-cinematografiche-bando-per-la-digitalizzazione-entro-il-31-dicembre-le-domande\\\/#article\",\"isPartOf\":{\"@id\":\"https:\\\/\\\/www.bellunopress.it\\\/2013\\\/01\\\/12\\\/sale-cinematografiche-bando-per-la-digitalizzazione-entro-il-31-dicembre-le-domande\\\/\"},\"author\":{\"name\":\"redazione\",\"@id\":\"https:\\\/\\\/www.bellunopress.it\\\/#\\\/schema\\\/person\\\/79bb06722b37ece1c03d3e94beb30d73\"},\"headline\":\"Sale cinematografiche, bando per la digitalizzazione: entro il 31 dicembre le domande\",\"datePublished\":\"2013-01-12T15:25:18+00:00\",\"dateModified\":\"2013-01-12T15:25:19+00:00\",\"mainEntityOfPage\":{\"@id\":\"https:\\\/\\\/www.bellunopress.it\\\/2013\\\/01\\\/12\\\/sale-cinematografiche-bando-per-la-digitalizzazione-entro-il-31-dicembre-le-domande\\\/\"},\"wordCount\":280,\"publisher\":{\"@id\":\"https:\\\/\\\/www.bellunopress.it\\\/#organization\"},\"image\":{\"@id\":\"https:\\\/\\\/www.bellunopress.it\\\/2013\\\/01\\\/12\\\/sale-cinematografiche-bando-per-la-digitalizzazione-entro-il-31-dicembre-le-domande\\\/#primaryimage\"},\"thumbnailUrl\":\"http:\\\/\\\/www.bellunopress.it\\\/wp-content\\\/uploads\\\/2009\\\/02\\\/cinema.jpg\",\"articleSection\":[\"Lavoro, Economia, Turismo\",\"Prima Pagina\"],\"inLanguage\":\"fr-FR\"},{\"@type\":\"WebPage\",\"@id\":\"https:\\\/\\\/www.bellunopress.it\\\/2013\\\/01\\\/12\\\/sale-cinematografiche-bando-per-la-digitalizzazione-entro-il-31-dicembre-le-domande\\\/\",\"url\":\"https:\\\/\\\/www.bellunopress.it\\\/2013\\\/01\\\/12\\\/sale-cinematografiche-bando-per-la-digitalizzazione-entro-il-31-dicembre-le-domande\\\/\",\"name\":\"Sale cinematografiche, bando per la digitalizzazione: entro il 31 dicembre le domande - Bellunopress - Dolomiti\",\"isPartOf\":{\"@id\":\"https:\\\/\\\/www.bellunopress.it\\\/#website\"},\"primaryImageOfPage\":{\"@id\":\"https:\\\/\\\/www.bellunopress.it\\\/2013\\\/01\\\/12\\\/sale-cinematografiche-bando-per-la-digitalizzazione-entro-il-31-dicembre-le-domande\\\/#primaryimage\"},\"image\":{\"@id\":\"https:\\\/\\\/www.bellunopress.it\\\/2013\\\/01\\\/12\\\/sale-cinematografiche-bando-per-la-digitalizzazione-entro-il-31-dicembre-le-domande\\\/#primaryimage\"},\"thumbnailUrl\":\"http:\\\/\\\/www.bellunopress.it\\\/wp-content\\\/uploads\\\/2009\\\/02\\\/cinema.jpg\",\"datePublished\":\"2013-01-12T15:25:18+00:00\",\"dateModified\":\"2013-01-12T15:25:19+00:00\",\"breadcrumb\":{\"@id\":\"https:\\\/\\\/www.bellunopress.it\\\/2013\\\/01\\\/12\\\/sale-cinematografiche-bando-per-la-digitalizzazione-entro-il-31-dicembre-le-domande\\\/#breadcrumb\"},\"inLanguage\":\"fr-FR\",\"potentialAction\":[{\"@type\":\"ReadAction\",\"target\":[\"https:\\\/\\\/www.bellunopress.it\\\/2013\\\/01\\\/12\\\/sale-cinematografiche-bando-per-la-digitalizzazione-entro-il-31-dicembre-le-domande\\\/\"]}]},{\"@type\":\"ImageObject\",\"inLanguage\":\"fr-FR\",\"@id\":\"https:\\\/\\\/www.bellunopress.it\\\/2013\\\/01\\\/12\\\/sale-cinematografiche-bando-per-la-digitalizzazione-entro-il-31-dicembre-le-domande\\\/#primaryimage\",\"url\":\"http:\\\/\\\/www.bellunopress.it\\\/wp-content\\\/uploads\\\/2009\\\/02\\\/cinema.jpg\",\"contentUrl\":\"http:\\\/\\\/www.bellunopress.it\\\/wp-content\\\/uploads\\\/2009\\\/02\\\/cinema.jpg\"},{\"@type\":\"BreadcrumbList\",\"@id\":\"https:\\\/\\\/www.bellunopress.it\\\/2013\\\/01\\\/12\\\/sale-cinematografiche-bando-per-la-digitalizzazione-entro-il-31-dicembre-le-domande\\\/#breadcrumb\",\"itemListElement\":[{\"@type\":\"ListItem\",\"position\":1,\"name\":\"Home\",\"item\":\"https:\\\/\\\/www.bellunopress.it\\\/\"},{\"@type\":\"ListItem\",\"position\":2,\"name\":\"Sale cinematografiche, bando per la digitalizzazione: entro il 31 dicembre le domande\"}]},{\"@type\":\"WebSite\",\"@id\":\"https:\\\/\\\/www.bellunopress.it\\\/#website\",\"url\":\"https:\\\/\\\/www.bellunopress.it\\\/\",\"name\":\"Bellunopress - Dolomiti\",\"description\":\"e-mail: redazione@bellunopress.it\",\"publisher\":{\"@id\":\"https:\\\/\\\/www.bellunopress.it\\\/#organization\"},\"potentialAction\":[{\"@type\":\"SearchAction\",\"target\":{\"@type\":\"EntryPoint\",\"urlTemplate\":\"https:\\\/\\\/www.bellunopress.it\\\/?s={search_term_string}\"},\"query-input\":{\"@type\":\"PropertyValueSpecification\",\"valueRequired\":true,\"valueName\":\"search_term_string\"}}],\"inLanguage\":\"fr-FR\"},{\"@type\":\"Organization\",\"@id\":\"https:\\\/\\\/www.bellunopress.it\\\/#organization\",\"name\":\"Bellunopress\",\"url\":\"https:\\\/\\\/www.bellunopress.it\\\/\",\"logo\":{\"@type\":\"ImageObject\",\"inLanguage\":\"fr-FR\",\"@id\":\"https:\\\/\\\/www.bellunopress.it\\\/#\\\/schema\\\/logo\\\/image\\\/\",\"url\":\"https:\\\/\\\/www.bellunopress.it\\\/wp-content\\\/uploads\\\/2011\\\/05\\\/cropped-logo-bellunopress-.jpg\",\"contentUrl\":\"https:\\\/\\\/www.bellunopress.it\\\/wp-content\\\/uploads\\\/2011\\\/05\\\/cropped-logo-bellunopress-.jpg\",\"width\":512,\"height\":512,\"caption\":\"Bellunopress\"},\"image\":{\"@id\":\"https:\\\/\\\/www.bellunopress.it\\\/#\\\/schema\\\/logo\\\/image\\\/\"},\"sameAs\":[\"https:\\\/\\\/www.facebook.com\\\/profile.php?id=100008943462799\",\"https:\\\/\\\/x.com\\\/bellunopress\",\"https:\\\/\\\/www.linkedin.com\\\/hp\\\/?dnr=JBzUWaJfMUw8vbXJJ2tVW5-I3jZKvC4wsoxE&amp;amp;amp;amp;amp;amp;trk=nav_responsive_tab_home\",\"https:\\\/\\\/www.youtube.com\\\/channel\\\/UCxL0wu1uN0_3_7hGG0306cw\"]},{\"@type\":\"Person\",\"@id\":\"https:\\\/\\\/www.bellunopress.it\\\/#\\\/schema\\\/person\\\/79bb06722b37ece1c03d3e94beb30d73\",\"name\":\"redazione\",\"image\":{\"@type\":\"ImageObject\",\"inLanguage\":\"fr-FR\",\"@id\":\"https:\\\/\\\/secure.gravatar.com\\\/avatar\\\/37d968a2e67a6fd04c169c4bdef102d0bc5d31b2546345219e348575eb80e9a0?s=96&d=mm&r=g\",\"url\":\"https:\\\/\\\/secure.gravatar.com\\\/avatar\\\/37d968a2e67a6fd04c169c4bdef102d0bc5d31b2546345219e348575eb80e9a0?s=96&d=mm&r=g\",\"contentUrl\":\"https:\\\/\\\/secure.gravatar.com\\\/avatar\\\/37d968a2e67a6fd04c169c4bdef102d0bc5d31b2546345219e348575eb80e9a0?s=96&d=mm&r=g\",\"caption\":\"redazione\"},\"sameAs\":[\"http:\\\/\\\/www.bellunopress.it\",\"https:\\\/\\\/x.com\\\/bellunopress\"],\"url\":\"https:\\\/\\\/www.bellunopress.it\\\/fr\\\/author\\\/redazione\\\/\"}]}<\/script>\n<!-- \/ Yoast SEO plugin. -->","yoast_head_json":{"title":"Sale cinematografiche, bando per la digitalizzazione: entro il 31 dicembre le domande - Bellunopress - Dolomiti","robots":{"index":"index","follow":"follow","max-snippet":"max-snippet:-1","max-image-preview":"max-image-preview:large","max-video-preview":"max-video-preview:-1"},"canonical":"https:\/\/www.bellunopress.it\/fr\/2013\/01\/12\/sale-cinematografiche-bando-per-la-digitalizzazione-entro-il-31-dicembre-le-domande\/","og_locale":"fr_FR","og_type":"article","og_title":"Sale cinematografiche, bando per la digitalizzazione: entro il 31 dicembre le domande - Bellunopress - Dolomiti","og_description":"Nel Bollettino Ufficiale della Regione dell&#8217;11 gennaio 2013 \u00e8 stato pubblicato un bando rivolto alle Piccole e Medie Imprese del Veneto che esercitano attivit\u00e0 di proiezione cinematografica per interventi finalizzati al passaggio al digitale attraverso la concessione di contributi a fondo perduto. Le risorse pubbliche messe a disposizione ammontano a complessivi 2.000.000 di euro e [&hellip;]","og_url":"https:\/\/www.bellunopress.it\/fr\/2013\/01\/12\/sale-cinematografiche-bando-per-la-digitalizzazione-entro-il-31-dicembre-le-domande\/","og_site_name":"Bellunopress - Dolomiti","article_publisher":"https:\/\/www.facebook.com\/profile.php?id=100008943462799","article_published_time":"2013-01-12T15:25:18+00:00","article_modified_time":"2013-01-12T15:25:19+00:00","og_image":[{"url":"http:\/\/www.bellunopress.it\/wp-content\/uploads\/2009\/02\/cinema.jpg","type":"","width":"","height":""}],"author":"redazione","twitter_card":"summary_large_image","twitter_creator":"@bellunopress","twitter_site":"@bellunopress","twitter_misc":{"\u00c9crit par":"redazione","Dur\u00e9e de lecture estim\u00e9e":"1 minute"},"schema":{"@context":"https:\/\/schema.org","@graph":[{"@type":"Article","@id":"https:\/\/www.bellunopress.it\/2013\/01\/12\/sale-cinematografiche-bando-per-la-digitalizzazione-entro-il-31-dicembre-le-domande\/#article","isPartOf":{"@id":"https:\/\/www.bellunopress.it\/2013\/01\/12\/sale-cinematografiche-bando-per-la-digitalizzazione-entro-il-31-dicembre-le-domande\/"},"author":{"name":"redazione","@id":"https:\/\/www.bellunopress.it\/#\/schema\/person\/79bb06722b37ece1c03d3e94beb30d73"},"headline":"Sale cinematografiche, bando per la digitalizzazione: entro il 31 dicembre le domande","datePublished":"2013-01-12T15:25:18+00:00","dateModified":"2013-01-12T15:25:19+00:00","mainEntityOfPage":{"@id":"https:\/\/www.bellunopress.it\/2013\/01\/12\/sale-cinematografiche-bando-per-la-digitalizzazione-entro-il-31-dicembre-le-domande\/"},"wordCount":280,"publisher":{"@id":"https:\/\/www.bellunopress.it\/#organization"},"image":{"@id":"https:\/\/www.bellunopress.it\/2013\/01\/12\/sale-cinematografiche-bando-per-la-digitalizzazione-entro-il-31-dicembre-le-domande\/#primaryimage"},"thumbnailUrl":"http:\/\/www.bellunopress.it\/wp-content\/uploads\/2009\/02\/cinema.jpg","articleSection":["Lavoro, Economia, Turismo","Prima Pagina"],"inLanguage":"fr-FR"},{"@type":"WebPage","@id":"https:\/\/www.bellunopress.it\/2013\/01\/12\/sale-cinematografiche-bando-per-la-digitalizzazione-entro-il-31-dicembre-le-domande\/","url":"https:\/\/www.bellunopress.it\/2013\/01\/12\/sale-cinematografiche-bando-per-la-digitalizzazione-entro-il-31-dicembre-le-domande\/","name":"Sale cinematografiche, bando per la digitalizzazione: entro il 31 dicembre le domande - Bellunopress - Dolomiti","isPartOf":{"@id":"https:\/\/www.bellunopress.it\/#website"},"primaryImageOfPage":{"@id":"https:\/\/www.bellunopress.it\/2013\/01\/12\/sale-cinematografiche-bando-per-la-digitalizzazione-entro-il-31-dicembre-le-domande\/#primaryimage"},"image":{"@id":"https:\/\/www.bellunopress.it\/2013\/01\/12\/sale-cinematografiche-bando-per-la-digitalizzazione-entro-il-31-dicembre-le-domande\/#primaryimage"},"thumbnailUrl":"http:\/\/www.bellunopress.it\/wp-content\/uploads\/2009\/02\/cinema.jpg","datePublished":"2013-01-12T15:25:18+00:00","dateModified":"2013-01-12T15:25:19+00:00","breadcrumb":{"@id":"https:\/\/www.bellunopress.it\/2013\/01\/12\/sale-cinematografiche-bando-per-la-digitalizzazione-entro-il-31-dicembre-le-domande\/#breadcrumb"},"inLanguage":"fr-FR","potentialAction":[{"@type":"ReadAction","target":["https:\/\/www.bellunopress.it\/2013\/01\/12\/sale-cinematografiche-bando-per-la-digitalizzazione-entro-il-31-dicembre-le-domande\/"]}]},{"@type":"ImageObject","inLanguage":"fr-FR","@id":"https:\/\/www.bellunopress.it\/2013\/01\/12\/sale-cinematografiche-bando-per-la-digitalizzazione-entro-il-31-dicembre-le-domande\/#primaryimage","url":"http:\/\/www.bellunopress.it\/wp-content\/uploads\/2009\/02\/cinema.jpg","contentUrl":"http:\/\/www.bellunopress.it\/wp-content\/uploads\/2009\/02\/cinema.jpg"},{"@type":"BreadcrumbList","@id":"https:\/\/www.bellunopress.it\/2013\/01\/12\/sale-cinematografiche-bando-per-la-digitalizzazione-entro-il-31-dicembre-le-domande\/#breadcrumb","itemListElement":[{"@type":"ListItem","position":1,"name":"Home","item":"https:\/\/www.bellunopress.it\/"},{"@type":"ListItem","position":2,"name":"Sale cinematografiche, bando per la digitalizzazione: entro il 31 dicembre le domande"}]},{"@type":"WebSite","@id":"https:\/\/www.bellunopress.it\/#website","url":"https:\/\/www.bellunopress.it\/","name":"Bellunopress - Dolomiti","description":"e-mail: redazione@bellunopress.it","publisher":{"@id":"https:\/\/www.bellunopress.it\/#organization"},"potentialAction":[{"@type":"SearchAction","target":{"@type":"EntryPoint","urlTemplate":"https:\/\/www.bellunopress.it\/?s={search_term_string}"},"query-input":{"@type":"PropertyValueSpecification","valueRequired":true,"valueName":"search_term_string"}}],"inLanguage":"fr-FR"},{"@type":"Organization","@id":"https:\/\/www.bellunopress.it\/#organization","name":"Bellunopress","url":"https:\/\/www.bellunopress.it\/","logo":{"@type":"ImageObject","inLanguage":"fr-FR","@id":"https:\/\/www.bellunopress.it\/#\/schema\/logo\/image\/","url":"https:\/\/www.bellunopress.it\/wp-content\/uploads\/2011\/05\/cropped-logo-bellunopress-.jpg","contentUrl":"https:\/\/www.bellunopress.it\/wp-content\/uploads\/2011\/05\/cropped-logo-bellunopress-.jpg","width":512,"height":512,"caption":"Bellunopress"},"image":{"@id":"https:\/\/www.bellunopress.it\/#\/schema\/logo\/image\/"},"sameAs":["https:\/\/www.facebook.com\/profile.php?id=100008943462799","https:\/\/x.com\/bellunopress","https:\/\/www.linkedin.com\/hp\/?dnr=JBzUWaJfMUw8vbXJJ2tVW5-I3jZKvC4wsoxE&amp;amp;amp;amp;amp;amp;trk=nav_responsive_tab_home","https:\/\/www.youtube.com\/channel\/UCxL0wu1uN0_3_7hGG0306cw"]},{"@type":"Person","@id":"https:\/\/www.bellunopress.it\/#\/schema\/person\/79bb06722b37ece1c03d3e94beb30d73","name":"r\u00e9daction","image":{"@type":"ImageObject","inLanguage":"fr-FR","@id":"https:\/\/secure.gravatar.com\/avatar\/37d968a2e67a6fd04c169c4bdef102d0bc5d31b2546345219e348575eb80e9a0?s=96&d=mm&r=g","url":"https:\/\/secure.gravatar.com\/avatar\/37d968a2e67a6fd04c169c4bdef102d0bc5d31b2546345219e348575eb80e9a0?s=96&d=mm&r=g","contentUrl":"https:\/\/secure.gravatar.com\/avatar\/37d968a2e67a6fd04c169c4bdef102d0bc5d31b2546345219e348575eb80e9a0?s=96&d=mm&r=g","caption":"redazione"},"sameAs":["http:\/\/www.bellunopress.it","https:\/\/x.com\/bellunopress"],"url":"https:\/\/www.bellunopress.it\/fr\/author\/redazione\/"}]}},"_links":{"self":[{"href":"https:\/\/www.bellunopress.it\/fr\/wp-json\/wp\/v2\/posts\/45615","targetHints":{"allow":["GET"]}}],"collection":[{"href":"https:\/\/www.bellunopress.it\/fr\/wp-json\/wp\/v2\/posts"}],"about":[{"href":"https:\/\/www.bellunopress.it\/fr\/wp-json\/wp\/v2\/types\/post"}],"author":[{"embeddable":true,"href":"https:\/\/www.bellunopress.it\/fr\/wp-json\/wp\/v2\/users\/2"}],"replies":[{"embeddable":true,"href":"https:\/\/www.bellunopress.it\/fr\/wp-json\/wp\/v2\/comments?post=45615"}],"version-history":[{"count":2,"href":"https:\/\/www.bellunopress.it\/fr\/wp-json\/wp\/v2\/posts\/45615\/revisions"}],"predecessor-version":[{"id":45626,"href":"https:\/\/www.bellunopress.it\/fr\/wp-json\/wp\/v2\/posts\/45615\/revisions\/45626"}],"wp:attachment":[{"href":"https:\/\/www.bellunopress.it\/fr\/wp-json\/wp\/v2\/media?parent=45615"}],"wp:term":[{"taxonomy":"category","embeddable":true,"href":"https:\/\/www.bellunopress.it\/fr\/wp-json\/wp\/v2\/categories?post=45615"},{"taxonomy":"post_tag","embeddable":true,"href":"https:\/\/www.bellunopress.it\/fr\/wp-json\/wp\/v2\/tags?post=45615"}],"curies":[{"name":"wp","href":"https:\/\/api.w.org\/{rel}","templated":true}]}}