{"id":45612,"date":"2013-01-12T16:13:27","date_gmt":"2013-01-12T15:13:27","guid":{"rendered":"http:\/\/www.bellunopress.it\/?p=45612"},"modified":"2013-01-12T16:13:27","modified_gmt":"2013-01-12T15:13:27","slug":"rischio-interruzione-ammortizzatori-per-18mila-lavoratori-veneti-la-regione-interviene","status":"publish","type":"post","link":"https:\/\/www.bellunopress.it\/fr\/2013\/01\/12\/rischio-interruzione-ammortizzatori-per-18mila-lavoratori-veneti-la-regione-interviene\/","title":{"rendered":"Rischio interruzione ammortizzatori per 18mila lavoratori veneti. La Regione interviene"},"content":{"rendered":"<p><a href=\"http:\/\/www.bellunopress.it\/wp-content\/uploads\/2010\/11\/regione-veneto.bmp\"><img decoding=\"async\" class=\"alignleft size-full wp-image-21561\" alt=\"regione-veneto\" src=\"http:\/\/www.bellunopress.it\/wp-content\/uploads\/2010\/11\/regione-veneto.bmp\" \/><\/a>\u201cUn atto gravissimo che solo in Veneto lascerebbe scoperte 3.000 domande di cassa integrazione destinate a 18 mila lavoratori e 3.000 domande di mobilit\u00e0 in deroga presentate da lavoratori che hanno perso il lavoro o terminato le indennit\u00e0 di disoccupazione e non hanno ancora trovato un\u2019occupazione. Solo il grande senso di responsabilit\u00e0 delle Regioni potr\u00e0 impedire questa situazione disastrosa per migliaia di famiglie\u201d.<\/p>\n<p>La denuncia viene dall\u2019assessore al lavoro della Regione del Veneto ed \u00e8 conseguente al fatto che dal primo gennaio 2013 l\u2019INPS ha clamorosamente interrotto la possibilit\u00e0 di ricevere gli elenchi delle aziende e delle persone beneficiari di ammortizzatori in deroga, cassa integrazione e mobilit\u00e0, autorizzate dalle Regioni, impedendone di fatto la liquidazione delle indennit\u00e0 di cui i beneficiari hanno diritto.<\/p>\n<p>\u201cTutte le Regioni italiane ancora lo scorso dicembre hanno inviato a Ministro Elsa Fornero una lettera per esprimere la propria fortissima preoccupazione \u2013 spiega l\u2019assessore veneto \u2013 ma la risposta \u00e8 stata un disarmante e inaccettabile silenzio\u201d.<\/p>\n<p>Con una nota del 20 dicembre 2012, il Ministero ha deciso unilateralmente di consentire i pagamenti degli ammortizzatori solamente a coloro per i quali \u00e8 stata fatta la comunicazione da parte delle Regioni all\u2019INPS entro il 31 dicembre 2012, lasciando di fatto scoperte le domande presentate da aziende e lavoratori negli ultimi tre mesi dell\u2019anno, attualmente in corso di esame.<\/p>\n<p>\u201cQuello stesso giorno, con il collega Simoncini, coordinatore delle Regioni per il lavoro \u2013 prosegue l\u2019assessore \u2013 abbiamo chiesto la revoca della circolare che cambia le regole sino a ora utilizzate e lo sblocco dei pagamenti degli ammortizzatori sociali in deroga, evidenziando l\u2019assoluta impossibilit\u00e0 ad adempiere alla richiesta di comunicare le autorizzazioni del 2012 entro il 31 dicembre. Gli effetti della crisi economica si sono manifestati nel Veneto con un significativo aumento delle richieste della cassa integrazione, richieste a cui ora si potr\u00e0 far fronte solo per il senso di responsabilit\u00e0 delle nostre strutture regionali\u201d<\/p>\n<p>\u201cGli anni scorsi \u2013 conclude l\u2019assessore al lavoro del Veneto \u2013 sono sempre stati riconosciuti i tempi tecnici necessari per evadere il purtroppo massiccio numero di domande complesse, che chiedono una notevole cura per essere analizzate e per le quali sono spesso necessarie richieste di integrazione da parte degli interessati. Se sar\u00e0 superato l\u2019impasse determinato dall\u2019improvvida decisione del Ministero, che colpirebbe le piccole aziende e soprattutto per le imprese artigiane, lo si dovr\u00e0 solo al coraggio delle Regioni di assumersi delle responsabilit\u00e0 che non avrebbero, ovviando cos\u00ec anche al colpevole silenzio del Ministro\u201d.<\/p>\n<p>&nbsp;<\/p>","protected":false},"excerpt":{"rendered":"<p>\u201cUn atto gravissimo che solo in Veneto lascerebbe scoperte 3.000 domande di cassa integrazione destinate a 18 mila lavoratori e 3.000 domande di mobilit\u00e0 in deroga presentate da lavoratori che hanno perso il lavoro o terminato le indennit\u00e0 di disoccupazione e non hanno ancora trovato un\u2019occupazione. Solo il grande senso di responsabilit\u00e0 delle Regioni potr\u00e0 [&hellip;]<\/p>\n","protected":false},"author":2,"featured_media":0,"comment_status":"closed","ping_status":"open","sticky":false,"template":"","format":"standard","meta":{"footnotes":""},"categories":[36,26],"tags":[],"class_list":["post-45612","post","type-post","status-publish","format-standard","category-lavoro-economia","category-prima-pagina"],"yoast_head":"<!-- This site is optimized with the Yoast SEO plugin v28.4 - https:\/\/yoast.com\/product\/yoast-seo-wordpress\/ -->\n<title>Rischio interruzione ammortizzatori per 18mila lavoratori veneti. La Regione interviene  - Bellunopress - Dolomiti<\/title>\n<meta name=\"robots\" content=\"index, follow, max-snippet:-1, max-image-preview:large, max-video-preview:-1\" \/>\n<link rel=\"canonical\" href=\"https:\/\/www.bellunopress.it\/fr\/2013\/01\/12\/rischio-interruzione-ammortizzatori-per-18mila-lavoratori-veneti-la-regione-interviene\/\" \/>\n<meta property=\"og:locale\" content=\"fr_FR\" \/>\n<meta property=\"og:type\" content=\"article\" \/>\n<meta property=\"og:title\" content=\"Rischio interruzione ammortizzatori per 18mila lavoratori veneti. La Regione interviene  - Bellunopress - Dolomiti\" \/>\n<meta property=\"og:description\" content=\"\u201cUn atto gravissimo che solo in Veneto lascerebbe scoperte 3.000 domande di cassa integrazione destinate a 18 mila lavoratori e 3.000 domande di mobilit\u00e0 in deroga presentate da lavoratori che hanno perso il lavoro o terminato le indennit\u00e0 di disoccupazione e non hanno ancora trovato un\u2019occupazione. Solo il grande senso di responsabilit\u00e0 delle Regioni potr\u00e0 [&hellip;]\" \/>\n<meta property=\"og:url\" content=\"https:\/\/www.bellunopress.it\/fr\/2013\/01\/12\/rischio-interruzione-ammortizzatori-per-18mila-lavoratori-veneti-la-regione-interviene\/\" \/>\n<meta property=\"og:site_name\" content=\"Bellunopress - Dolomiti\" \/>\n<meta property=\"article:publisher\" content=\"https:\/\/www.facebook.com\/profile.php?id=100008943462799\" \/>\n<meta property=\"article:published_time\" content=\"2013-01-12T15:13:27+00:00\" \/>\n<meta property=\"og:image\" content=\"http:\/\/www.bellunopress.it\/wp-content\/uploads\/2010\/11\/regione-veneto.bmp\" \/>\n<meta name=\"author\" content=\"redazione\" \/>\n<meta name=\"twitter:card\" content=\"summary_large_image\" \/>\n<meta name=\"twitter:creator\" content=\"@bellunopress\" \/>\n<meta name=\"twitter:site\" content=\"@bellunopress\" \/>\n<meta name=\"twitter:label1\" content=\"\u00c9crit par\" \/>\n\t<meta name=\"twitter:data1\" content=\"redazione\" \/>\n\t<meta name=\"twitter:label2\" content=\"Dur\u00e9e de lecture estim\u00e9e\" \/>\n\t<meta name=\"twitter:data2\" content=\"2 minutes\" \/>\n<script type=\"application\/ld+json\" class=\"yoast-schema-graph\">{\"@context\":\"https:\\\/\\\/schema.org\",\"@graph\":[{\"@type\":\"Article\",\"@id\":\"https:\\\/\\\/www.bellunopress.it\\\/2013\\\/01\\\/12\\\/rischio-interruzione-ammortizzatori-per-18mila-lavoratori-veneti-la-regione-interviene\\\/#article\",\"isPartOf\":{\"@id\":\"https:\\\/\\\/www.bellunopress.it\\\/2013\\\/01\\\/12\\\/rischio-interruzione-ammortizzatori-per-18mila-lavoratori-veneti-la-regione-interviene\\\/\"},\"author\":{\"name\":\"redazione\",\"@id\":\"https:\\\/\\\/www.bellunopress.it\\\/#\\\/schema\\\/person\\\/79bb06722b37ece1c03d3e94beb30d73\"},\"headline\":\"Rischio interruzione ammortizzatori per 18mila lavoratori veneti. La Regione interviene\",\"datePublished\":\"2013-01-12T15:13:27+00:00\",\"mainEntityOfPage\":{\"@id\":\"https:\\\/\\\/www.bellunopress.it\\\/2013\\\/01\\\/12\\\/rischio-interruzione-ammortizzatori-per-18mila-lavoratori-veneti-la-regione-interviene\\\/\"},\"wordCount\":411,\"publisher\":{\"@id\":\"https:\\\/\\\/www.bellunopress.it\\\/#organization\"},\"image\":{\"@id\":\"https:\\\/\\\/www.bellunopress.it\\\/2013\\\/01\\\/12\\\/rischio-interruzione-ammortizzatori-per-18mila-lavoratori-veneti-la-regione-interviene\\\/#primaryimage\"},\"thumbnailUrl\":\"http:\\\/\\\/www.bellunopress.it\\\/wp-content\\\/uploads\\\/2010\\\/11\\\/regione-veneto.bmp\",\"articleSection\":[\"Lavoro, Economia, Turismo\",\"Prima Pagina\"],\"inLanguage\":\"fr-FR\"},{\"@type\":\"WebPage\",\"@id\":\"https:\\\/\\\/www.bellunopress.it\\\/2013\\\/01\\\/12\\\/rischio-interruzione-ammortizzatori-per-18mila-lavoratori-veneti-la-regione-interviene\\\/\",\"url\":\"https:\\\/\\\/www.bellunopress.it\\\/2013\\\/01\\\/12\\\/rischio-interruzione-ammortizzatori-per-18mila-lavoratori-veneti-la-regione-interviene\\\/\",\"name\":\"Rischio interruzione ammortizzatori per 18mila lavoratori veneti. La Regione interviene - Bellunopress - Dolomiti\",\"isPartOf\":{\"@id\":\"https:\\\/\\\/www.bellunopress.it\\\/#website\"},\"primaryImageOfPage\":{\"@id\":\"https:\\\/\\\/www.bellunopress.it\\\/2013\\\/01\\\/12\\\/rischio-interruzione-ammortizzatori-per-18mila-lavoratori-veneti-la-regione-interviene\\\/#primaryimage\"},\"image\":{\"@id\":\"https:\\\/\\\/www.bellunopress.it\\\/2013\\\/01\\\/12\\\/rischio-interruzione-ammortizzatori-per-18mila-lavoratori-veneti-la-regione-interviene\\\/#primaryimage\"},\"thumbnailUrl\":\"http:\\\/\\\/www.bellunopress.it\\\/wp-content\\\/uploads\\\/2010\\\/11\\\/regione-veneto.bmp\",\"datePublished\":\"2013-01-12T15:13:27+00:00\",\"breadcrumb\":{\"@id\":\"https:\\\/\\\/www.bellunopress.it\\\/2013\\\/01\\\/12\\\/rischio-interruzione-ammortizzatori-per-18mila-lavoratori-veneti-la-regione-interviene\\\/#breadcrumb\"},\"inLanguage\":\"fr-FR\",\"potentialAction\":[{\"@type\":\"ReadAction\",\"target\":[\"https:\\\/\\\/www.bellunopress.it\\\/2013\\\/01\\\/12\\\/rischio-interruzione-ammortizzatori-per-18mila-lavoratori-veneti-la-regione-interviene\\\/\"]}]},{\"@type\":\"ImageObject\",\"inLanguage\":\"fr-FR\",\"@id\":\"https:\\\/\\\/www.bellunopress.it\\\/2013\\\/01\\\/12\\\/rischio-interruzione-ammortizzatori-per-18mila-lavoratori-veneti-la-regione-interviene\\\/#primaryimage\",\"url\":\"http:\\\/\\\/www.bellunopress.it\\\/wp-content\\\/uploads\\\/2010\\\/11\\\/regione-veneto.bmp\",\"contentUrl\":\"http:\\\/\\\/www.bellunopress.it\\\/wp-content\\\/uploads\\\/2010\\\/11\\\/regione-veneto.bmp\"},{\"@type\":\"BreadcrumbList\",\"@id\":\"https:\\\/\\\/www.bellunopress.it\\\/2013\\\/01\\\/12\\\/rischio-interruzione-ammortizzatori-per-18mila-lavoratori-veneti-la-regione-interviene\\\/#breadcrumb\",\"itemListElement\":[{\"@type\":\"ListItem\",\"position\":1,\"name\":\"Home\",\"item\":\"https:\\\/\\\/www.bellunopress.it\\\/\"},{\"@type\":\"ListItem\",\"position\":2,\"name\":\"Rischio interruzione ammortizzatori per 18mila lavoratori veneti. La Regione interviene\"}]},{\"@type\":\"WebSite\",\"@id\":\"https:\\\/\\\/www.bellunopress.it\\\/#website\",\"url\":\"https:\\\/\\\/www.bellunopress.it\\\/\",\"name\":\"Bellunopress - Dolomiti\",\"description\":\"e-mail: redazione@bellunopress.it\",\"publisher\":{\"@id\":\"https:\\\/\\\/www.bellunopress.it\\\/#organization\"},\"potentialAction\":[{\"@type\":\"SearchAction\",\"target\":{\"@type\":\"EntryPoint\",\"urlTemplate\":\"https:\\\/\\\/www.bellunopress.it\\\/?s={search_term_string}\"},\"query-input\":{\"@type\":\"PropertyValueSpecification\",\"valueRequired\":true,\"valueName\":\"search_term_string\"}}],\"inLanguage\":\"fr-FR\"},{\"@type\":\"Organization\",\"@id\":\"https:\\\/\\\/www.bellunopress.it\\\/#organization\",\"name\":\"Bellunopress\",\"url\":\"https:\\\/\\\/www.bellunopress.it\\\/\",\"logo\":{\"@type\":\"ImageObject\",\"inLanguage\":\"fr-FR\",\"@id\":\"https:\\\/\\\/www.bellunopress.it\\\/#\\\/schema\\\/logo\\\/image\\\/\",\"url\":\"https:\\\/\\\/www.bellunopress.it\\\/wp-content\\\/uploads\\\/2011\\\/05\\\/cropped-logo-bellunopress-.jpg\",\"contentUrl\":\"https:\\\/\\\/www.bellunopress.it\\\/wp-content\\\/uploads\\\/2011\\\/05\\\/cropped-logo-bellunopress-.jpg\",\"width\":512,\"height\":512,\"caption\":\"Bellunopress\"},\"image\":{\"@id\":\"https:\\\/\\\/www.bellunopress.it\\\/#\\\/schema\\\/logo\\\/image\\\/\"},\"sameAs\":[\"https:\\\/\\\/www.facebook.com\\\/profile.php?id=100008943462799\",\"https:\\\/\\\/x.com\\\/bellunopress\",\"https:\\\/\\\/www.linkedin.com\\\/hp\\\/?dnr=JBzUWaJfMUw8vbXJJ2tVW5-I3jZKvC4wsoxE&amp;amp;amp;amp;amp;amp;trk=nav_responsive_tab_home\",\"https:\\\/\\\/www.youtube.com\\\/channel\\\/UCxL0wu1uN0_3_7hGG0306cw\"]},{\"@type\":\"Person\",\"@id\":\"https:\\\/\\\/www.bellunopress.it\\\/#\\\/schema\\\/person\\\/79bb06722b37ece1c03d3e94beb30d73\",\"name\":\"redazione\",\"image\":{\"@type\":\"ImageObject\",\"inLanguage\":\"fr-FR\",\"@id\":\"https:\\\/\\\/secure.gravatar.com\\\/avatar\\\/37d968a2e67a6fd04c169c4bdef102d0bc5d31b2546345219e348575eb80e9a0?s=96&d=mm&r=g\",\"url\":\"https:\\\/\\\/secure.gravatar.com\\\/avatar\\\/37d968a2e67a6fd04c169c4bdef102d0bc5d31b2546345219e348575eb80e9a0?s=96&d=mm&r=g\",\"contentUrl\":\"https:\\\/\\\/secure.gravatar.com\\\/avatar\\\/37d968a2e67a6fd04c169c4bdef102d0bc5d31b2546345219e348575eb80e9a0?s=96&d=mm&r=g\",\"caption\":\"redazione\"},\"sameAs\":[\"http:\\\/\\\/www.bellunopress.it\",\"https:\\\/\\\/x.com\\\/bellunopress\"],\"url\":\"https:\\\/\\\/www.bellunopress.it\\\/fr\\\/author\\\/redazione\\\/\"}]}<\/script>\n<!-- \/ Yoast SEO plugin. -->","yoast_head_json":{"title":"Rischio interruzione ammortizzatori per 18mila lavoratori veneti. La Regione interviene  - Bellunopress - Dolomiti","robots":{"index":"index","follow":"follow","max-snippet":"max-snippet:-1","max-image-preview":"max-image-preview:large","max-video-preview":"max-video-preview:-1"},"canonical":"https:\/\/www.bellunopress.it\/fr\/2013\/01\/12\/rischio-interruzione-ammortizzatori-per-18mila-lavoratori-veneti-la-regione-interviene\/","og_locale":"fr_FR","og_type":"article","og_title":"Rischio interruzione ammortizzatori per 18mila lavoratori veneti. La Regione interviene  - Bellunopress - Dolomiti","og_description":"\u201cUn atto gravissimo che solo in Veneto lascerebbe scoperte 3.000 domande di cassa integrazione destinate a 18 mila lavoratori e 3.000 domande di mobilit\u00e0 in deroga presentate da lavoratori che hanno perso il lavoro o terminato le indennit\u00e0 di disoccupazione e non hanno ancora trovato un\u2019occupazione. Solo il grande senso di responsabilit\u00e0 delle Regioni potr\u00e0 [&hellip;]","og_url":"https:\/\/www.bellunopress.it\/fr\/2013\/01\/12\/rischio-interruzione-ammortizzatori-per-18mila-lavoratori-veneti-la-regione-interviene\/","og_site_name":"Bellunopress - Dolomiti","article_publisher":"https:\/\/www.facebook.com\/profile.php?id=100008943462799","article_published_time":"2013-01-12T15:13:27+00:00","og_image":[{"url":"http:\/\/www.bellunopress.it\/wp-content\/uploads\/2010\/11\/regione-veneto.bmp","type":"","width":"","height":""}],"author":"redazione","twitter_card":"summary_large_image","twitter_creator":"@bellunopress","twitter_site":"@bellunopress","twitter_misc":{"\u00c9crit par":"redazione","Dur\u00e9e de lecture estim\u00e9e":"2 minutes"},"schema":{"@context":"https:\/\/schema.org","@graph":[{"@type":"Article","@id":"https:\/\/www.bellunopress.it\/2013\/01\/12\/rischio-interruzione-ammortizzatori-per-18mila-lavoratori-veneti-la-regione-interviene\/#article","isPartOf":{"@id":"https:\/\/www.bellunopress.it\/2013\/01\/12\/rischio-interruzione-ammortizzatori-per-18mila-lavoratori-veneti-la-regione-interviene\/"},"author":{"name":"redazione","@id":"https:\/\/www.bellunopress.it\/#\/schema\/person\/79bb06722b37ece1c03d3e94beb30d73"},"headline":"Rischio interruzione ammortizzatori per 18mila lavoratori veneti. La Regione interviene","datePublished":"2013-01-12T15:13:27+00:00","mainEntityOfPage":{"@id":"https:\/\/www.bellunopress.it\/2013\/01\/12\/rischio-interruzione-ammortizzatori-per-18mila-lavoratori-veneti-la-regione-interviene\/"},"wordCount":411,"publisher":{"@id":"https:\/\/www.bellunopress.it\/#organization"},"image":{"@id":"https:\/\/www.bellunopress.it\/2013\/01\/12\/rischio-interruzione-ammortizzatori-per-18mila-lavoratori-veneti-la-regione-interviene\/#primaryimage"},"thumbnailUrl":"http:\/\/www.bellunopress.it\/wp-content\/uploads\/2010\/11\/regione-veneto.bmp","articleSection":["Lavoro, Economia, Turismo","Prima Pagina"],"inLanguage":"fr-FR"},{"@type":"WebPage","@id":"https:\/\/www.bellunopress.it\/2013\/01\/12\/rischio-interruzione-ammortizzatori-per-18mila-lavoratori-veneti-la-regione-interviene\/","url":"https:\/\/www.bellunopress.it\/2013\/01\/12\/rischio-interruzione-ammortizzatori-per-18mila-lavoratori-veneti-la-regione-interviene\/","name":"Rischio interruzione ammortizzatori per 18mila lavoratori veneti. La Regione interviene - Bellunopress - Dolomiti","isPartOf":{"@id":"https:\/\/www.bellunopress.it\/#website"},"primaryImageOfPage":{"@id":"https:\/\/www.bellunopress.it\/2013\/01\/12\/rischio-interruzione-ammortizzatori-per-18mila-lavoratori-veneti-la-regione-interviene\/#primaryimage"},"image":{"@id":"https:\/\/www.bellunopress.it\/2013\/01\/12\/rischio-interruzione-ammortizzatori-per-18mila-lavoratori-veneti-la-regione-interviene\/#primaryimage"},"thumbnailUrl":"http:\/\/www.bellunopress.it\/wp-content\/uploads\/2010\/11\/regione-veneto.bmp","datePublished":"2013-01-12T15:13:27+00:00","breadcrumb":{"@id":"https:\/\/www.bellunopress.it\/2013\/01\/12\/rischio-interruzione-ammortizzatori-per-18mila-lavoratori-veneti-la-regione-interviene\/#breadcrumb"},"inLanguage":"fr-FR","potentialAction":[{"@type":"ReadAction","target":["https:\/\/www.bellunopress.it\/2013\/01\/12\/rischio-interruzione-ammortizzatori-per-18mila-lavoratori-veneti-la-regione-interviene\/"]}]},{"@type":"ImageObject","inLanguage":"fr-FR","@id":"https:\/\/www.bellunopress.it\/2013\/01\/12\/rischio-interruzione-ammortizzatori-per-18mila-lavoratori-veneti-la-regione-interviene\/#primaryimage","url":"http:\/\/www.bellunopress.it\/wp-content\/uploads\/2010\/11\/regione-veneto.bmp","contentUrl":"http:\/\/www.bellunopress.it\/wp-content\/uploads\/2010\/11\/regione-veneto.bmp"},{"@type":"BreadcrumbList","@id":"https:\/\/www.bellunopress.it\/2013\/01\/12\/rischio-interruzione-ammortizzatori-per-18mila-lavoratori-veneti-la-regione-interviene\/#breadcrumb","itemListElement":[{"@type":"ListItem","position":1,"name":"Home","item":"https:\/\/www.bellunopress.it\/"},{"@type":"ListItem","position":2,"name":"Rischio interruzione ammortizzatori per 18mila lavoratori veneti. La Regione interviene"}]},{"@type":"WebSite","@id":"https:\/\/www.bellunopress.it\/#website","url":"https:\/\/www.bellunopress.it\/","name":"Bellunopress - Dolomiti","description":"e-mail: redazione@bellunopress.it","publisher":{"@id":"https:\/\/www.bellunopress.it\/#organization"},"potentialAction":[{"@type":"SearchAction","target":{"@type":"EntryPoint","urlTemplate":"https:\/\/www.bellunopress.it\/?s={search_term_string}"},"query-input":{"@type":"PropertyValueSpecification","valueRequired":true,"valueName":"search_term_string"}}],"inLanguage":"fr-FR"},{"@type":"Organization","@id":"https:\/\/www.bellunopress.it\/#organization","name":"Bellunopress","url":"https:\/\/www.bellunopress.it\/","logo":{"@type":"ImageObject","inLanguage":"fr-FR","@id":"https:\/\/www.bellunopress.it\/#\/schema\/logo\/image\/","url":"https:\/\/www.bellunopress.it\/wp-content\/uploads\/2011\/05\/cropped-logo-bellunopress-.jpg","contentUrl":"https:\/\/www.bellunopress.it\/wp-content\/uploads\/2011\/05\/cropped-logo-bellunopress-.jpg","width":512,"height":512,"caption":"Bellunopress"},"image":{"@id":"https:\/\/www.bellunopress.it\/#\/schema\/logo\/image\/"},"sameAs":["https:\/\/www.facebook.com\/profile.php?id=100008943462799","https:\/\/x.com\/bellunopress","https:\/\/www.linkedin.com\/hp\/?dnr=JBzUWaJfMUw8vbXJJ2tVW5-I3jZKvC4wsoxE&amp;amp;amp;amp;amp;amp;trk=nav_responsive_tab_home","https:\/\/www.youtube.com\/channel\/UCxL0wu1uN0_3_7hGG0306cw"]},{"@type":"Person","@id":"https:\/\/www.bellunopress.it\/#\/schema\/person\/79bb06722b37ece1c03d3e94beb30d73","name":"r\u00e9daction","image":{"@type":"ImageObject","inLanguage":"fr-FR","@id":"https:\/\/secure.gravatar.com\/avatar\/37d968a2e67a6fd04c169c4bdef102d0bc5d31b2546345219e348575eb80e9a0?s=96&d=mm&r=g","url":"https:\/\/secure.gravatar.com\/avatar\/37d968a2e67a6fd04c169c4bdef102d0bc5d31b2546345219e348575eb80e9a0?s=96&d=mm&r=g","contentUrl":"https:\/\/secure.gravatar.com\/avatar\/37d968a2e67a6fd04c169c4bdef102d0bc5d31b2546345219e348575eb80e9a0?s=96&d=mm&r=g","caption":"redazione"},"sameAs":["http:\/\/www.bellunopress.it","https:\/\/x.com\/bellunopress"],"url":"https:\/\/www.bellunopress.it\/fr\/author\/redazione\/"}]}},"_links":{"self":[{"href":"https:\/\/www.bellunopress.it\/fr\/wp-json\/wp\/v2\/posts\/45612","targetHints":{"allow":["GET"]}}],"collection":[{"href":"https:\/\/www.bellunopress.it\/fr\/wp-json\/wp\/v2\/posts"}],"about":[{"href":"https:\/\/www.bellunopress.it\/fr\/wp-json\/wp\/v2\/types\/post"}],"author":[{"embeddable":true,"href":"https:\/\/www.bellunopress.it\/fr\/wp-json\/wp\/v2\/users\/2"}],"replies":[{"embeddable":true,"href":"https:\/\/www.bellunopress.it\/fr\/wp-json\/wp\/v2\/comments?post=45612"}],"version-history":[{"count":3,"href":"https:\/\/www.bellunopress.it\/fr\/wp-json\/wp\/v2\/posts\/45612\/revisions"}],"predecessor-version":[{"id":45614,"href":"https:\/\/www.bellunopress.it\/fr\/wp-json\/wp\/v2\/posts\/45612\/revisions\/45614"}],"wp:attachment":[{"href":"https:\/\/www.bellunopress.it\/fr\/wp-json\/wp\/v2\/media?parent=45612"}],"wp:term":[{"taxonomy":"category","embeddable":true,"href":"https:\/\/www.bellunopress.it\/fr\/wp-json\/wp\/v2\/categories?post=45612"},{"taxonomy":"post_tag","embeddable":true,"href":"https:\/\/www.bellunopress.it\/fr\/wp-json\/wp\/v2\/tags?post=45612"}],"curies":[{"name":"wp","href":"https:\/\/api.w.org\/{rel}","templated":true}]}}