{"id":45597,"date":"2013-01-11T22:26:12","date_gmt":"2013-01-11T21:26:12","guid":{"rendered":"http:\/\/www.bellunopress.it\/?p=45597"},"modified":"2013-01-11T22:26:12","modified_gmt":"2013-01-11T21:26:12","slug":"da-un-seme-puo-nascere-un-mondo-incontro-domenica-a-cesiomaggiore-con-il-gruppo-coltivare-condividendo","status":"publish","type":"post","link":"https:\/\/www.bellunopress.it\/fr\/2013\/01\/11\/da-un-seme-puo-nascere-un-mondo-incontro-domenica-a-cesiomaggiore-con-il-gruppo-coltivare-condividendo\/","title":{"rendered":"\u201c.. da un seme puo&#8217; nascere un mondo..\u201d incontro domenica a Cesiomaggiore con il Gruppo Coltivare condividendo"},"content":{"rendered":"<p><a href=\"http:\/\/www.bellunopress.it\/wp-content\/uploads\/2012\/08\/sementi.jpg\"><img loading=\"lazy\" decoding=\"async\" class=\"alignleft size-full wp-image-40923\" alt=\"sementi\" src=\"http:\/\/www.bellunopress.it\/wp-content\/uploads\/2012\/08\/sementi.jpg\" width=\"150\" height=\"150\" \/><\/a>Domenica 13 gennaio, con inizio alle ore 15.30, si terr\u00e0 al Museo etnografico di Serravella (Cesiomaggiore) un incontro intitolato \u201cda un seme puo&#8217; nascere un mondo\u201d. L&#8217;iniziativa, organizzata dal Gruppo coltivare condividendo, in collaborazione con i ragazzi della Skasera, e altre realt\u00e0 del Primiero, Bassanese, alto trevigiano e della Valsugana ha lo scopo di cercare di costruire una serie di progetti partecipati e condivisi tra tutti coloro che hanno a cuore sostenibilit\u00e0, salubrit\u00e0, agricoltura tipica e sana, ma anche la tutela della biodiversit\u00e0 e del paesaggio.<\/p>\n<p>&#8220;Un progetto per ora solo abbozzato &#8211; spiegano gli organizzatori &#8211; che \u00e8 soprattutto un \u201cagire in prima persona\u201d, in modo diretto, molto pratico e partecipato.. Quindi un costruire assieme dal basso senza delegare o aspettare \u201cimput\u201d dall&#8217;alto. Sicuramente una delle azioni che verranno proposte \u00e8 quella che riguarda la \u201criproduzione delle sementi antiche\u201d. Ci siamo accorti che donare sementi \u00e8 un qualcosa di molto significativo &#8211; precisano gli organizzatori di Coltivare condividendo &#8211; soprattutto in questi anno in cui il mercato delle sementi \u00e8 in mano a poche multinazionali e i brevetti sui semi la fanno da padrona. Un&#8217;azione utile, interessante e coinvolgente.. che da senso a parole quali auto produzione e biodiversit\u00e0. Quindi \u00e8 vitale proseguire su questa strada, dando un ulteriore impulso alla costituzione di un gruppo di azione ancora pi\u00f9 coeso, pi\u00f9 identificato.. che preveda contatti periodici, momenti informativi (anche in campo), una raccolta dati pi\u00f9 precisa.. la possibilit\u00e0 di avere consulenze di tecnici ed esperti.<\/p>\n<p>Questo progetto \u00e8 ovviamente aperto a tutti.. ad aziende a piccoli produttori, auto produttori ed appassionati. Sia nel feltrino, nel bellunese che in altre zone limitrofe Dandoci cos\u00ec la possibilit\u00e0 di sperimentare metodi, tecniche e variet\u00e0 in aree e ambiti diversi, valutando efficacia, produttivit\u00e0 e qualit\u00e0.<\/p>\n<p>Se qualcuno desidera fare un ulteriore passo c&#8217;\u00e8 la possibilit\u00e0 di seguire o collaborare al lavoro di un importante genetista , Salvatore Ceccarelli che da anni fa una selezione varietale partecipata in campo. Un progetto, che nel nostro caso riguarder\u00e0 i fagioli, al quale teniamo davvero molto e che pensiamo possa darci molto in termini di conoscenze e materiale vegetale.<\/p>\n<p>Stiamo anche pensando a un terzo progetto che abbiamo provvisoriamente chiamato &#8220;campi &#8211; o orti &#8211; aperti&#8221;.<\/p>\n<p>Dei campi e degli orti che sono cio\u00e8 visitabili, previa appuntamento, da chiunque lo desideri. (da componenti di GAS, gruppi, associazioni, singole persone anche da altre zone del veneto o d&#8217; italia) Luoghi adatti per far conoscere le nostre variet\u00e0 antiche, tecniche e metodologie di coltivazione, sperimentazioni.<\/p>\n<p>Luoghi in cui raccontare il come si \u00e8 fatto quell&#8217;orto.. quel campo, la differenza che esiste tra questa e quella variet\u00e0, il perch\u00e8 si consociano fiori e ortaggi. Evidenziando il contesto che circonda quell&#8217;appezzamento, un ambiente non solo molto bello ma anche pi\u00f9 salubre di altri. Orti e campi che diventano luoghi di informazione, di confronto, sperimentazione.. di creazione di consapevolezza.<\/p>\n<p>Un progetto che inevitabilmente paleser\u00e0 il valore aggiunto della biodiversit\u00e0, del biologico di questa Terra, grazie a un percorso di condivisione e trasparenza<\/p>\n<p>Ovviamente questi \u201cspazi aperti\u201d si prestano a una miriade di iniziative Da mini-tuor (all&#8217;insegna del turismo sostenibile) a performance artistiche, da realizzazione di aiuole condivise a prove pratiche e dimostrazioni di ogni tipo..<\/p>\n<p>Tra le varie ipotesi di &#8220;Orto Aperto&#8221; quella dei ragazzi della Skasera (orto sociale e condiviso), quello &#8220;vegano&#8221; (ove si esclude ogni prodotto di derivazione animale), quello montano (a 1300 m slm).. quello dedicato al teologo Leonardo Boff padre della teologia della Liberazione e ora autore di un interessante e forte scritto sulla questione ecologica. Gli avi di L. Boff sono partiti dalla Valle di Seren ed \u00e8 proprio nei pressi di &#8220;Col dei Bof&#8221; che speriamo di realizzare un orto a lui dedicato (un mix di biodiversit\u00e0 coltivata, utilizzo di materiali naturali e installazioni con scritti e pensieri del famoso teologo)<\/p>\n<p>Ma siamo certi ci saranno molte altre proposte e avremmo degli \u201corti aperti\u201d anche in scuole, in spazi comuni, in ospizi.<\/p>\n<p>..da un seme pu\u00f2 nascere.. si puo&#8217; creare un mondo.. un mondo all&#8217;insegna della condivisione..<\/p>\n<p>A supporto di queste e di tante altre proposte di progetto \u00e8 ipotizzabile creare un sito web per rendere sempre visibili le diverse realt\u00e0 e singolarit\u00e0 impegnate, ma anche usufruire di informazioni, materiale, contatti, verificare possibilit\u00e0 di acquisto, collaborazione e molto altro<\/p>\n<p>Ovviamente \u00e8 un po&#8217; tutto &#8220;in costruzione&#8221; ma pensiamo che con la collaborazione e la partecipazione..il coinvolgimento e la sensibilit\u00e0 di tutti si possa costruire un bel percorso condiviso Che darebbe anche il senso di una rete assai ampia che collabora e propone (il tutto all&#8217; insegna della spontaneit\u00e0 e mai del sentirsi in obbligo di fare per forza)<\/p>\n<p>Il tutto all&#8217;insegna della condivisione, della partecipazione e delle relazioni.<\/p>\n<p>di un vivere la terra, con la terra, nella terra mai solitario e &#8220;rin-chiuso&#8221; entro i confini di un orto ma sempre costruito e condiviso con gli altri&#8221;.<\/p>\n<p>&nbsp;<\/p>\n<p>Gruppo Coltivare Condividendo<\/p>\n<p>www.coltivarcondividendo.blogspot.com<\/p>\n<p>&nbsp;<\/p>","protected":false},"excerpt":{"rendered":"<p>Domenica 13 gennaio, con inizio alle ore 15.30, si terr\u00e0 al Museo etnografico di Serravella (Cesiomaggiore) un incontro intitolato \u201cda un seme puo&#8217; nascere un mondo\u201d. L&#8217;iniziativa, organizzata dal Gruppo coltivare condividendo, in collaborazione con i ragazzi della Skasera, e altre realt\u00e0 del Primiero, Bassanese, alto trevigiano e della Valsugana ha lo scopo di cercare [&hellip;]<\/p>\n","protected":false},"author":2,"featured_media":0,"comment_status":"closed","ping_status":"open","sticky":false,"template":"","format":"standard","meta":{"footnotes":""},"categories":[27,38,26],"tags":[],"class_list":["post-45597","post","type-post","status-publish","format-standard","category-appuntamenti","category-natura-ambiente","category-prima-pagina"],"yoast_head":"<!-- This site is optimized with the Yoast SEO plugin v28.4 - https:\/\/yoast.com\/product\/yoast-seo-wordpress\/ -->\n<title>\u201c.. da un seme puo&#039; nascere un mondo..\u201d incontro domenica a Cesiomaggiore con il Gruppo Coltivare condividendo - Bellunopress - Dolomiti<\/title>\n<meta name=\"robots\" content=\"index, follow, max-snippet:-1, max-image-preview:large, max-video-preview:-1\" \/>\n<link rel=\"canonical\" href=\"https:\/\/www.bellunopress.it\/fr\/2013\/01\/11\/da-un-seme-puo-nascere-un-mondo-incontro-domenica-a-cesiomaggiore-con-il-gruppo-coltivare-condividendo\/\" \/>\n<meta property=\"og:locale\" content=\"fr_FR\" \/>\n<meta property=\"og:type\" content=\"article\" \/>\n<meta property=\"og:title\" content=\"\u201c.. da un seme puo&#039; nascere un mondo..\u201d incontro domenica a Cesiomaggiore con il Gruppo Coltivare condividendo - Bellunopress - Dolomiti\" \/>\n<meta property=\"og:description\" content=\"Domenica 13 gennaio, con inizio alle ore 15.30, si terr\u00e0 al Museo etnografico di Serravella (Cesiomaggiore) un incontro intitolato \u201cda un seme puo&#8217; nascere un mondo\u201d. L&#8217;iniziativa, organizzata dal Gruppo coltivare condividendo, in collaborazione con i ragazzi della Skasera, e altre realt\u00e0 del Primiero, Bassanese, alto trevigiano e della Valsugana ha lo scopo di cercare [&hellip;]\" \/>\n<meta property=\"og:url\" content=\"https:\/\/www.bellunopress.it\/fr\/2013\/01\/11\/da-un-seme-puo-nascere-un-mondo-incontro-domenica-a-cesiomaggiore-con-il-gruppo-coltivare-condividendo\/\" \/>\n<meta property=\"og:site_name\" content=\"Bellunopress - Dolomiti\" \/>\n<meta property=\"article:publisher\" content=\"https:\/\/www.facebook.com\/profile.php?id=100008943462799\" \/>\n<meta property=\"article:published_time\" content=\"2013-01-11T21:26:12+00:00\" \/>\n<meta property=\"og:image\" content=\"http:\/\/www.bellunopress.it\/wp-content\/uploads\/2012\/08\/sementi.jpg\" \/>\n<meta name=\"author\" content=\"redazione\" \/>\n<meta name=\"twitter:card\" content=\"summary_large_image\" \/>\n<meta name=\"twitter:creator\" content=\"@bellunopress\" \/>\n<meta name=\"twitter:site\" content=\"@bellunopress\" \/>\n<meta name=\"twitter:label1\" content=\"\u00c9crit par\" \/>\n\t<meta name=\"twitter:data1\" content=\"redazione\" \/>\n\t<meta name=\"twitter:label2\" content=\"Dur\u00e9e de lecture estim\u00e9e\" \/>\n\t<meta name=\"twitter:data2\" content=\"4 minutes\" \/>\n<script type=\"application\/ld+json\" class=\"yoast-schema-graph\">{\"@context\":\"https:\\\/\\\/schema.org\",\"@graph\":[{\"@type\":\"Article\",\"@id\":\"https:\\\/\\\/www.bellunopress.it\\\/2013\\\/01\\\/11\\\/da-un-seme-puo-nascere-un-mondo-incontro-domenica-a-cesiomaggiore-con-il-gruppo-coltivare-condividendo\\\/#article\",\"isPartOf\":{\"@id\":\"https:\\\/\\\/www.bellunopress.it\\\/2013\\\/01\\\/11\\\/da-un-seme-puo-nascere-un-mondo-incontro-domenica-a-cesiomaggiore-con-il-gruppo-coltivare-condividendo\\\/\"},\"author\":{\"name\":\"redazione\",\"@id\":\"https:\\\/\\\/www.bellunopress.it\\\/#\\\/schema\\\/person\\\/79bb06722b37ece1c03d3e94beb30d73\"},\"headline\":\"\u201c.. da un seme puo&#8217; nascere un mondo..\u201d incontro domenica a Cesiomaggiore con il Gruppo Coltivare condividendo\",\"datePublished\":\"2013-01-11T21:26:12+00:00\",\"mainEntityOfPage\":{\"@id\":\"https:\\\/\\\/www.bellunopress.it\\\/2013\\\/01\\\/11\\\/da-un-seme-puo-nascere-un-mondo-incontro-domenica-a-cesiomaggiore-con-il-gruppo-coltivare-condividendo\\\/\"},\"wordCount\":830,\"publisher\":{\"@id\":\"https:\\\/\\\/www.bellunopress.it\\\/#organization\"},\"image\":{\"@id\":\"https:\\\/\\\/www.bellunopress.it\\\/2013\\\/01\\\/11\\\/da-un-seme-puo-nascere-un-mondo-incontro-domenica-a-cesiomaggiore-con-il-gruppo-coltivare-condividendo\\\/#primaryimage\"},\"thumbnailUrl\":\"http:\\\/\\\/www.bellunopress.it\\\/wp-content\\\/uploads\\\/2012\\\/08\\\/sementi.jpg\",\"articleSection\":[\"Appuntamenti, Eventi\",\"Meteo, natura, ambiente, animali\",\"Prima Pagina\"],\"inLanguage\":\"fr-FR\"},{\"@type\":\"WebPage\",\"@id\":\"https:\\\/\\\/www.bellunopress.it\\\/2013\\\/01\\\/11\\\/da-un-seme-puo-nascere-un-mondo-incontro-domenica-a-cesiomaggiore-con-il-gruppo-coltivare-condividendo\\\/\",\"url\":\"https:\\\/\\\/www.bellunopress.it\\\/2013\\\/01\\\/11\\\/da-un-seme-puo-nascere-un-mondo-incontro-domenica-a-cesiomaggiore-con-il-gruppo-coltivare-condividendo\\\/\",\"name\":\"\u201c.. da un seme puo' nascere un mondo..\u201d incontro domenica a Cesiomaggiore con il Gruppo Coltivare condividendo - Bellunopress - Dolomiti\",\"isPartOf\":{\"@id\":\"https:\\\/\\\/www.bellunopress.it\\\/#website\"},\"primaryImageOfPage\":{\"@id\":\"https:\\\/\\\/www.bellunopress.it\\\/2013\\\/01\\\/11\\\/da-un-seme-puo-nascere-un-mondo-incontro-domenica-a-cesiomaggiore-con-il-gruppo-coltivare-condividendo\\\/#primaryimage\"},\"image\":{\"@id\":\"https:\\\/\\\/www.bellunopress.it\\\/2013\\\/01\\\/11\\\/da-un-seme-puo-nascere-un-mondo-incontro-domenica-a-cesiomaggiore-con-il-gruppo-coltivare-condividendo\\\/#primaryimage\"},\"thumbnailUrl\":\"http:\\\/\\\/www.bellunopress.it\\\/wp-content\\\/uploads\\\/2012\\\/08\\\/sementi.jpg\",\"datePublished\":\"2013-01-11T21:26:12+00:00\",\"breadcrumb\":{\"@id\":\"https:\\\/\\\/www.bellunopress.it\\\/2013\\\/01\\\/11\\\/da-un-seme-puo-nascere-un-mondo-incontro-domenica-a-cesiomaggiore-con-il-gruppo-coltivare-condividendo\\\/#breadcrumb\"},\"inLanguage\":\"fr-FR\",\"potentialAction\":[{\"@type\":\"ReadAction\",\"target\":[\"https:\\\/\\\/www.bellunopress.it\\\/2013\\\/01\\\/11\\\/da-un-seme-puo-nascere-un-mondo-incontro-domenica-a-cesiomaggiore-con-il-gruppo-coltivare-condividendo\\\/\"]}]},{\"@type\":\"ImageObject\",\"inLanguage\":\"fr-FR\",\"@id\":\"https:\\\/\\\/www.bellunopress.it\\\/2013\\\/01\\\/11\\\/da-un-seme-puo-nascere-un-mondo-incontro-domenica-a-cesiomaggiore-con-il-gruppo-coltivare-condividendo\\\/#primaryimage\",\"url\":\"http:\\\/\\\/www.bellunopress.it\\\/wp-content\\\/uploads\\\/2012\\\/08\\\/sementi.jpg\",\"contentUrl\":\"http:\\\/\\\/www.bellunopress.it\\\/wp-content\\\/uploads\\\/2012\\\/08\\\/sementi.jpg\"},{\"@type\":\"BreadcrumbList\",\"@id\":\"https:\\\/\\\/www.bellunopress.it\\\/2013\\\/01\\\/11\\\/da-un-seme-puo-nascere-un-mondo-incontro-domenica-a-cesiomaggiore-con-il-gruppo-coltivare-condividendo\\\/#breadcrumb\",\"itemListElement\":[{\"@type\":\"ListItem\",\"position\":1,\"name\":\"Home\",\"item\":\"https:\\\/\\\/www.bellunopress.it\\\/\"},{\"@type\":\"ListItem\",\"position\":2,\"name\":\"\u201c.. da un seme puo&#8217; nascere un mondo..\u201d incontro domenica a Cesiomaggiore con il Gruppo Coltivare condividendo\"}]},{\"@type\":\"WebSite\",\"@id\":\"https:\\\/\\\/www.bellunopress.it\\\/#website\",\"url\":\"https:\\\/\\\/www.bellunopress.it\\\/\",\"name\":\"Bellunopress - Dolomiti\",\"description\":\"e-mail: redazione@bellunopress.it\",\"publisher\":{\"@id\":\"https:\\\/\\\/www.bellunopress.it\\\/#organization\"},\"potentialAction\":[{\"@type\":\"SearchAction\",\"target\":{\"@type\":\"EntryPoint\",\"urlTemplate\":\"https:\\\/\\\/www.bellunopress.it\\\/?s={search_term_string}\"},\"query-input\":{\"@type\":\"PropertyValueSpecification\",\"valueRequired\":true,\"valueName\":\"search_term_string\"}}],\"inLanguage\":\"fr-FR\"},{\"@type\":\"Organization\",\"@id\":\"https:\\\/\\\/www.bellunopress.it\\\/#organization\",\"name\":\"Bellunopress\",\"url\":\"https:\\\/\\\/www.bellunopress.it\\\/\",\"logo\":{\"@type\":\"ImageObject\",\"inLanguage\":\"fr-FR\",\"@id\":\"https:\\\/\\\/www.bellunopress.it\\\/#\\\/schema\\\/logo\\\/image\\\/\",\"url\":\"https:\\\/\\\/www.bellunopress.it\\\/wp-content\\\/uploads\\\/2011\\\/05\\\/cropped-logo-bellunopress-.jpg\",\"contentUrl\":\"https:\\\/\\\/www.bellunopress.it\\\/wp-content\\\/uploads\\\/2011\\\/05\\\/cropped-logo-bellunopress-.jpg\",\"width\":512,\"height\":512,\"caption\":\"Bellunopress\"},\"image\":{\"@id\":\"https:\\\/\\\/www.bellunopress.it\\\/#\\\/schema\\\/logo\\\/image\\\/\"},\"sameAs\":[\"https:\\\/\\\/www.facebook.com\\\/profile.php?id=100008943462799\",\"https:\\\/\\\/x.com\\\/bellunopress\",\"https:\\\/\\\/www.linkedin.com\\\/hp\\\/?dnr=JBzUWaJfMUw8vbXJJ2tVW5-I3jZKvC4wsoxE&amp;amp;amp;amp;amp;amp;trk=nav_responsive_tab_home\",\"https:\\\/\\\/www.youtube.com\\\/channel\\\/UCxL0wu1uN0_3_7hGG0306cw\"]},{\"@type\":\"Person\",\"@id\":\"https:\\\/\\\/www.bellunopress.it\\\/#\\\/schema\\\/person\\\/79bb06722b37ece1c03d3e94beb30d73\",\"name\":\"redazione\",\"image\":{\"@type\":\"ImageObject\",\"inLanguage\":\"fr-FR\",\"@id\":\"https:\\\/\\\/secure.gravatar.com\\\/avatar\\\/37d968a2e67a6fd04c169c4bdef102d0bc5d31b2546345219e348575eb80e9a0?s=96&d=mm&r=g\",\"url\":\"https:\\\/\\\/secure.gravatar.com\\\/avatar\\\/37d968a2e67a6fd04c169c4bdef102d0bc5d31b2546345219e348575eb80e9a0?s=96&d=mm&r=g\",\"contentUrl\":\"https:\\\/\\\/secure.gravatar.com\\\/avatar\\\/37d968a2e67a6fd04c169c4bdef102d0bc5d31b2546345219e348575eb80e9a0?s=96&d=mm&r=g\",\"caption\":\"redazione\"},\"sameAs\":[\"http:\\\/\\\/www.bellunopress.it\",\"https:\\\/\\\/x.com\\\/bellunopress\"],\"url\":\"https:\\\/\\\/www.bellunopress.it\\\/fr\\\/author\\\/redazione\\\/\"}]}<\/script>\n<!-- \/ Yoast SEO plugin. -->","yoast_head_json":{"title":"\u201c.. da un seme puo' nascere un mondo..\u201d incontro domenica a Cesiomaggiore con il Gruppo Coltivare condividendo - Bellunopress - Dolomiti","robots":{"index":"index","follow":"follow","max-snippet":"max-snippet:-1","max-image-preview":"max-image-preview:large","max-video-preview":"max-video-preview:-1"},"canonical":"https:\/\/www.bellunopress.it\/fr\/2013\/01\/11\/da-un-seme-puo-nascere-un-mondo-incontro-domenica-a-cesiomaggiore-con-il-gruppo-coltivare-condividendo\/","og_locale":"fr_FR","og_type":"article","og_title":"\u201c.. da un seme puo' nascere un mondo..\u201d incontro domenica a Cesiomaggiore con il Gruppo Coltivare condividendo - Bellunopress - Dolomiti","og_description":"Domenica 13 gennaio, con inizio alle ore 15.30, si terr\u00e0 al Museo etnografico di Serravella (Cesiomaggiore) un incontro intitolato \u201cda un seme puo&#8217; nascere un mondo\u201d. L&#8217;iniziativa, organizzata dal Gruppo coltivare condividendo, in collaborazione con i ragazzi della Skasera, e altre realt\u00e0 del Primiero, Bassanese, alto trevigiano e della Valsugana ha lo scopo di cercare [&hellip;]","og_url":"https:\/\/www.bellunopress.it\/fr\/2013\/01\/11\/da-un-seme-puo-nascere-un-mondo-incontro-domenica-a-cesiomaggiore-con-il-gruppo-coltivare-condividendo\/","og_site_name":"Bellunopress - Dolomiti","article_publisher":"https:\/\/www.facebook.com\/profile.php?id=100008943462799","article_published_time":"2013-01-11T21:26:12+00:00","og_image":[{"url":"http:\/\/www.bellunopress.it\/wp-content\/uploads\/2012\/08\/sementi.jpg","type":"","width":"","height":""}],"author":"redazione","twitter_card":"summary_large_image","twitter_creator":"@bellunopress","twitter_site":"@bellunopress","twitter_misc":{"\u00c9crit par":"redazione","Dur\u00e9e de lecture estim\u00e9e":"4 minutes"},"schema":{"@context":"https:\/\/schema.org","@graph":[{"@type":"Article","@id":"https:\/\/www.bellunopress.it\/2013\/01\/11\/da-un-seme-puo-nascere-un-mondo-incontro-domenica-a-cesiomaggiore-con-il-gruppo-coltivare-condividendo\/#article","isPartOf":{"@id":"https:\/\/www.bellunopress.it\/2013\/01\/11\/da-un-seme-puo-nascere-un-mondo-incontro-domenica-a-cesiomaggiore-con-il-gruppo-coltivare-condividendo\/"},"author":{"name":"redazione","@id":"https:\/\/www.bellunopress.it\/#\/schema\/person\/79bb06722b37ece1c03d3e94beb30d73"},"headline":"\u201c.. da un seme puo&#8217; nascere un mondo..\u201d incontro domenica a Cesiomaggiore con il Gruppo Coltivare condividendo","datePublished":"2013-01-11T21:26:12+00:00","mainEntityOfPage":{"@id":"https:\/\/www.bellunopress.it\/2013\/01\/11\/da-un-seme-puo-nascere-un-mondo-incontro-domenica-a-cesiomaggiore-con-il-gruppo-coltivare-condividendo\/"},"wordCount":830,"publisher":{"@id":"https:\/\/www.bellunopress.it\/#organization"},"image":{"@id":"https:\/\/www.bellunopress.it\/2013\/01\/11\/da-un-seme-puo-nascere-un-mondo-incontro-domenica-a-cesiomaggiore-con-il-gruppo-coltivare-condividendo\/#primaryimage"},"thumbnailUrl":"http:\/\/www.bellunopress.it\/wp-content\/uploads\/2012\/08\/sementi.jpg","articleSection":["Appuntamenti, Eventi","Meteo, natura, ambiente, animali","Prima Pagina"],"inLanguage":"fr-FR"},{"@type":"WebPage","@id":"https:\/\/www.bellunopress.it\/2013\/01\/11\/da-un-seme-puo-nascere-un-mondo-incontro-domenica-a-cesiomaggiore-con-il-gruppo-coltivare-condividendo\/","url":"https:\/\/www.bellunopress.it\/2013\/01\/11\/da-un-seme-puo-nascere-un-mondo-incontro-domenica-a-cesiomaggiore-con-il-gruppo-coltivare-condividendo\/","name":"\u201c.. da un seme puo' nascere un mondo..\u201d incontro domenica a Cesiomaggiore con il Gruppo Coltivare condividendo - Bellunopress - Dolomiti","isPartOf":{"@id":"https:\/\/www.bellunopress.it\/#website"},"primaryImageOfPage":{"@id":"https:\/\/www.bellunopress.it\/2013\/01\/11\/da-un-seme-puo-nascere-un-mondo-incontro-domenica-a-cesiomaggiore-con-il-gruppo-coltivare-condividendo\/#primaryimage"},"image":{"@id":"https:\/\/www.bellunopress.it\/2013\/01\/11\/da-un-seme-puo-nascere-un-mondo-incontro-domenica-a-cesiomaggiore-con-il-gruppo-coltivare-condividendo\/#primaryimage"},"thumbnailUrl":"http:\/\/www.bellunopress.it\/wp-content\/uploads\/2012\/08\/sementi.jpg","datePublished":"2013-01-11T21:26:12+00:00","breadcrumb":{"@id":"https:\/\/www.bellunopress.it\/2013\/01\/11\/da-un-seme-puo-nascere-un-mondo-incontro-domenica-a-cesiomaggiore-con-il-gruppo-coltivare-condividendo\/#breadcrumb"},"inLanguage":"fr-FR","potentialAction":[{"@type":"ReadAction","target":["https:\/\/www.bellunopress.it\/2013\/01\/11\/da-un-seme-puo-nascere-un-mondo-incontro-domenica-a-cesiomaggiore-con-il-gruppo-coltivare-condividendo\/"]}]},{"@type":"ImageObject","inLanguage":"fr-FR","@id":"https:\/\/www.bellunopress.it\/2013\/01\/11\/da-un-seme-puo-nascere-un-mondo-incontro-domenica-a-cesiomaggiore-con-il-gruppo-coltivare-condividendo\/#primaryimage","url":"http:\/\/www.bellunopress.it\/wp-content\/uploads\/2012\/08\/sementi.jpg","contentUrl":"http:\/\/www.bellunopress.it\/wp-content\/uploads\/2012\/08\/sementi.jpg"},{"@type":"BreadcrumbList","@id":"https:\/\/www.bellunopress.it\/2013\/01\/11\/da-un-seme-puo-nascere-un-mondo-incontro-domenica-a-cesiomaggiore-con-il-gruppo-coltivare-condividendo\/#breadcrumb","itemListElement":[{"@type":"ListItem","position":1,"name":"Home","item":"https:\/\/www.bellunopress.it\/"},{"@type":"ListItem","position":2,"name":"\u201c.. da un seme puo&#8217; nascere un mondo..\u201d incontro domenica a Cesiomaggiore con il Gruppo Coltivare condividendo"}]},{"@type":"WebSite","@id":"https:\/\/www.bellunopress.it\/#website","url":"https:\/\/www.bellunopress.it\/","name":"Bellunopress - Dolomiti","description":"e-mail: redazione@bellunopress.it","publisher":{"@id":"https:\/\/www.bellunopress.it\/#organization"},"potentialAction":[{"@type":"SearchAction","target":{"@type":"EntryPoint","urlTemplate":"https:\/\/www.bellunopress.it\/?s={search_term_string}"},"query-input":{"@type":"PropertyValueSpecification","valueRequired":true,"valueName":"search_term_string"}}],"inLanguage":"fr-FR"},{"@type":"Organization","@id":"https:\/\/www.bellunopress.it\/#organization","name":"Bellunopress","url":"https:\/\/www.bellunopress.it\/","logo":{"@type":"ImageObject","inLanguage":"fr-FR","@id":"https:\/\/www.bellunopress.it\/#\/schema\/logo\/image\/","url":"https:\/\/www.bellunopress.it\/wp-content\/uploads\/2011\/05\/cropped-logo-bellunopress-.jpg","contentUrl":"https:\/\/www.bellunopress.it\/wp-content\/uploads\/2011\/05\/cropped-logo-bellunopress-.jpg","width":512,"height":512,"caption":"Bellunopress"},"image":{"@id":"https:\/\/www.bellunopress.it\/#\/schema\/logo\/image\/"},"sameAs":["https:\/\/www.facebook.com\/profile.php?id=100008943462799","https:\/\/x.com\/bellunopress","https:\/\/www.linkedin.com\/hp\/?dnr=JBzUWaJfMUw8vbXJJ2tVW5-I3jZKvC4wsoxE&amp;amp;amp;amp;amp;amp;trk=nav_responsive_tab_home","https:\/\/www.youtube.com\/channel\/UCxL0wu1uN0_3_7hGG0306cw"]},{"@type":"Person","@id":"https:\/\/www.bellunopress.it\/#\/schema\/person\/79bb06722b37ece1c03d3e94beb30d73","name":"r\u00e9daction","image":{"@type":"ImageObject","inLanguage":"fr-FR","@id":"https:\/\/secure.gravatar.com\/avatar\/37d968a2e67a6fd04c169c4bdef102d0bc5d31b2546345219e348575eb80e9a0?s=96&d=mm&r=g","url":"https:\/\/secure.gravatar.com\/avatar\/37d968a2e67a6fd04c169c4bdef102d0bc5d31b2546345219e348575eb80e9a0?s=96&d=mm&r=g","contentUrl":"https:\/\/secure.gravatar.com\/avatar\/37d968a2e67a6fd04c169c4bdef102d0bc5d31b2546345219e348575eb80e9a0?s=96&d=mm&r=g","caption":"redazione"},"sameAs":["http:\/\/www.bellunopress.it","https:\/\/x.com\/bellunopress"],"url":"https:\/\/www.bellunopress.it\/fr\/author\/redazione\/"}]}},"_links":{"self":[{"href":"https:\/\/www.bellunopress.it\/fr\/wp-json\/wp\/v2\/posts\/45597","targetHints":{"allow":["GET"]}}],"collection":[{"href":"https:\/\/www.bellunopress.it\/fr\/wp-json\/wp\/v2\/posts"}],"about":[{"href":"https:\/\/www.bellunopress.it\/fr\/wp-json\/wp\/v2\/types\/post"}],"author":[{"embeddable":true,"href":"https:\/\/www.bellunopress.it\/fr\/wp-json\/wp\/v2\/users\/2"}],"replies":[{"embeddable":true,"href":"https:\/\/www.bellunopress.it\/fr\/wp-json\/wp\/v2\/comments?post=45597"}],"version-history":[{"count":1,"href":"https:\/\/www.bellunopress.it\/fr\/wp-json\/wp\/v2\/posts\/45597\/revisions"}],"predecessor-version":[{"id":45598,"href":"https:\/\/www.bellunopress.it\/fr\/wp-json\/wp\/v2\/posts\/45597\/revisions\/45598"}],"wp:attachment":[{"href":"https:\/\/www.bellunopress.it\/fr\/wp-json\/wp\/v2\/media?parent=45597"}],"wp:term":[{"taxonomy":"category","embeddable":true,"href":"https:\/\/www.bellunopress.it\/fr\/wp-json\/wp\/v2\/categories?post=45597"},{"taxonomy":"post_tag","embeddable":true,"href":"https:\/\/www.bellunopress.it\/fr\/wp-json\/wp\/v2\/tags?post=45597"}],"curies":[{"name":"wp","href":"https:\/\/api.w.org\/{rel}","templated":true}]}}