{"id":4554,"date":"2009-06-07T20:54:57","date_gmt":"2009-06-07T19:54:57","guid":{"rendered":"http:\/\/www.bellunopress.it\/?p=4554"},"modified":"2009-06-07T20:54:57","modified_gmt":"2009-06-07T19:54:57","slug":"internazionali-ditalia-mtb-in-alpago-vince-yader-zoli-il-tricolore-precede-il-colombiano-leonardo-paez-che-grazie-al-secondo-posto-diventa-il-nuovo-leader-del-circuito-e-il-trentino-tony-longo","status":"publish","type":"post","link":"https:\/\/www.bellunopress.it\/fr\/2009\/06\/07\/internazionali-ditalia-mtb-in-alpago-vince-yader-zoli-il-tricolore-precede-il-colombiano-leonardo-paez-che-grazie-al-secondo-posto-diventa-il-nuovo-leader-del-circuito-e-il-trentino-tony-longo\/","title":{"rendered":"Internazionali d&#8217;Italia Mtb:  in Alpago vince Yader Zoli. Il tricolore precede il colombiano Leonardo Paez, che grazie al secondo posto diventa il nuovo leader del circuito, e il trentino Tony Longo. Tra le donne il successo va alla messicana Daniela Campuzano."},"content":{"rendered":"<p><a href=\"http:\/\/www.bellunopress.it\/wp-content\/uploads\/2009\/06\/yader-zoli-mtb-alpago.jpg\"><img loading=\"lazy\" decoding=\"async\" class=\"alignleft size-medium wp-image-4555\" title=\"yader-zoli-mtb-alpago\" src=\"http:\/\/www.bellunopress.it\/wp-content\/uploads\/2009\/06\/yader-zoli-mtb-alpago.jpg\" alt=\"\" width=\"100\" height=\"100\" \/><\/a>\u00a0E\u2019 il tricolore Yader Zoli a vincere la terza prova degli \u201cInternazionali d\u2019Italia\u201d, andata in scena oggi sul durissimo e spettacolare tracciato di Lamosano di Chies d\u2019Alpago, percorso reso ancora pi\u00f9 duro dalla pioggia caduta nella giornata di ieri e per gran parte della giornata odierna. Zoli ha condotto una prima parte di gara guardinga, lasciando sfogare il francese Stephane Tempier, il colombiano Leonardo Paez e il trentino Tony Longo, per poi aumentare il ritmo nella seconda met\u00e0 della competizione e arrivare tutto solo sotto lo striscione d\u2019arrivo, dove ha preceduto, nell\u2019ordine, Paez, Longo e Tempier. Gara da dimenticare, invece, per lo spagnolo Ivan Alvarez Gutierrez, transitato con un ritardo incolmabile fin dalla prima tornata. Questa contro prestazione causa all\u2019iberico la perdita della leadership degli \u201cInternazionali d\u2019Italia\u201d, circuito che ora vede al comando proprio il colombiano Paez con 77 punti, davanti a Gutierrez con 70 e Tempier con 66. \u00abDura la vita in montagna \u2013 ha esordito con un sorriso Yader Zoli dopo aver tagliato vittoriosamente il traguardo \u2013 E\u2019 stata una faticaccia sia per il terreno, reso pesantissimo dalla pioggia, sia perch\u00e9 la gara \u00e8 iniziata su ritmi velocissimi. Ho fatto una prima parte di gara d\u2019attesa, per poi dare tutto negli ultimi due giri. Sono riuscito a raggiungere e staccare i battistrada e ad arrivare solo \u2013 chiude Zoli &#8211;\u00a0 vincendo su un tracciato nel quale mai ero riuscito a cogliere risultati importanti\u00bb. \u00abSono soddisfatto perch\u00e9 ho dato davvero tutto \u2013 commenta il piazzato, Leonardo Paez \u2013 Vincere era impossibile, il tracciato era troppo fangoso per le mie caratteristiche\u00bb. \u00abLa mia \u00e8 una grande soddisfazione \u2013 commenta il terzo classificato, Tony Longo \u2013 per come si erano messe le cose a met\u00e0 gara, dove ero quarto, non avrei mai pensato di poter agguantare il podio\u00bb. Soddisfatto anche Paolo Zanon, il coordinatore dell\u2019organizzazione che sia ieri che sabato ha dovuto fare i conti anche con le cattive condizioni atmosferiche. \u00abNonostante il tempo non ci sia stato amico \u2013 afferma Zanon \u2013 siamo riusciti ad allestire un evento qualificato, grazie ai numerosi volontari che, ancora una volta, hanno messo in campo una professionalit\u00e0 assoluta. Anche dal punto di vista agonistico si \u00e8 assistito a una competizione di altissimo livello. Non possiamo che essere soddisfatti. Abbiamo vinto un\u2019altra sfida, siamo pronti ad affrontarne e vincerne altre\u00bb. Chiaro il riferimento alla candidatura Veneto-Dolomiti 2011, la rassegna iridata di cross country e downhill per le quali si candidano l\u2019Alpago in sinergia con il Nevegal.\u00a0 Oltre alle gare dei \u201cbig\u201d, cui hanno assistito anche il direttore tecnico della nazionale italiana di mountain bike, Hubert Pallhuber, e la campionessa olimpica di Atlanta 1996 e Sidney 2000, Paola Pezzo, si sono svolte anche le gare giovanili che hanno assegnato le maglie di campione provinciale bellunese. A imporsi sono stati: Nicola Savi (Bettini bike team, Allievi); Alessandro Franco (Bettini bike team, Esordienti); Erica Rosati (Cicli Agordina, Donne Esordienti); Samuele Roncan (Cicli Agordina, Juniores).<\/p>\n<p>Le classifiche<\/p>\n<p>Donne Juniores: 1. Jerneja Tratnik (Slovenia, Mbk Orbea) 2h02\u201915\u201d; 2. Chiara Pastore (Team Gebi Sistemi) a 2\u201907\u201d; 3. Marta Pastore (idem) a 2\u201915\u201d.<\/p>\n<p>Donne Under 23: 1. Tanja Zakelj (Slovenia, Mbk Orbea) 1h29\u201906\u201d; 2. Judith Pollinger (Sunshine Racers) a 11\u201944\u201d; 3. Martina Giovaniello (Cbe Merida) a 13\u201950\u201d.<\/p>\n<p>Donne Elite: 1. Daniela Campuzano (Messico, L\u2019Arcobaleno Carraro) in 1h31\u201902\u201d; 2. Cristina Mascarreras Sabria (Spagna) a 1\u201931\u201d; 3. Evelyn Staffler (Colnago Arreghini) a 2\u201938\u201d.<\/p>\n<p>Uomini Juniores: 1. Gerhard Kerschbaumer (St. Lorenzen) 1h14\u201903\u201d09; 2. Luca Braidot (L&#8217;Arcobaleno Carraro) a 3\u201909\u201d; 3. Bryan Falaschi (Hard Rock Frw) a 4\u201943\u201d.<\/p>\n<p>Uomini Under 21: 1. Elia Silvestri (Colnago Arreghini) 1h47\u201933\u201c; 2. Diego Rosa (Giant) a 1\u201917\u201d7; 3. Francesco Aulino (Team Bikes Ra) a 3\u201931\u201d6.<\/p>\n<p>Uomini Under 23: 1. Cristian Cominelli (Active Bianchi) 1h42\u201912\u201d; 2. Siimon Scheiber (Austria, Sunshine Racers) a 1\u201926\u201d; 3. Samuele Porro (Cbe Merida) a 4\u201939\u201d1.<\/p>\n<p>Uomini Elite: 1. Yader Zoli (Torpado 4us) 1h36\u201902; 2. Leonardo Paez (Colombia, Active Bianchi) a 31\u201d; 3. Tony Longo (Full-Dyniamix) a 58\u201904\u201d.<\/p>","protected":false},"excerpt":{"rendered":"<p>\u00a0E\u2019 il tricolore Yader Zoli a vincere la terza prova degli \u201cInternazionali d\u2019Italia\u201d, andata in scena oggi sul durissimo e spettacolare tracciato di Lamosano di Chies d\u2019Alpago, percorso reso ancora pi\u00f9 duro dalla pioggia caduta nella giornata di ieri e per gran parte della giornata odierna. Zoli ha condotto una prima parte di gara guardinga, [&hellip;]<\/p>\n","protected":false},"author":2,"featured_media":0,"comment_status":"closed","ping_status":"open","sticky":false,"template":"","format":"standard","meta":{"footnotes":""},"categories":[25,4],"tags":[139,63],"class_list":["post-4554","post","type-post","status-publish","format-standard","category-pausa-caffe","category-sport","tag-belluno","tag-dolomiti"],"yoast_head":"<!-- This site is optimized with the Yoast SEO plugin v28.4 - https:\/\/yoast.com\/product\/yoast-seo-wordpress\/ -->\n<title>Internazionali d&#039;Italia Mtb: in Alpago vince Yader Zoli. Il tricolore precede il colombiano Leonardo Paez, che grazie al secondo posto diventa il nuovo leader del circuito, e il trentino Tony Longo. Tra le donne il successo va alla messicana Daniela Campuzano. - Bellunopress - Dolomiti<\/title>\n<meta name=\"robots\" content=\"index, follow, max-snippet:-1, max-image-preview:large, max-video-preview:-1\" \/>\n<link rel=\"canonical\" href=\"https:\/\/www.bellunopress.it\/fr\/2009\/06\/07\/internazionali-ditalia-mtb-in-alpago-vince-yader-zoli-il-tricolore-precede-il-colombiano-leonardo-paez-che-grazie-al-secondo-posto-diventa-il-nuovo-leader-del-circuito-e-il-trentino-tony-longo\/\" \/>\n<meta property=\"og:locale\" content=\"fr_FR\" \/>\n<meta property=\"og:type\" content=\"article\" \/>\n<meta property=\"og:title\" content=\"Internazionali d&#039;Italia Mtb: in Alpago vince Yader Zoli. Il tricolore precede il colombiano Leonardo Paez, che grazie al secondo posto diventa il nuovo leader del circuito, e il trentino Tony Longo. Tra le donne il successo va alla messicana Daniela Campuzano. - Bellunopress - Dolomiti\" \/>\n<meta property=\"og:description\" content=\"\u00a0E\u2019 il tricolore Yader Zoli a vincere la terza prova degli \u201cInternazionali d\u2019Italia\u201d, andata in scena oggi sul durissimo e spettacolare tracciato di Lamosano di Chies d\u2019Alpago, percorso reso ancora pi\u00f9 duro dalla pioggia caduta nella giornata di ieri e per gran parte della giornata odierna. Zoli ha condotto una prima parte di gara guardinga, [&hellip;]\" \/>\n<meta property=\"og:url\" content=\"https:\/\/www.bellunopress.it\/fr\/2009\/06\/07\/internazionali-ditalia-mtb-in-alpago-vince-yader-zoli-il-tricolore-precede-il-colombiano-leonardo-paez-che-grazie-al-secondo-posto-diventa-il-nuovo-leader-del-circuito-e-il-trentino-tony-longo\/\" \/>\n<meta property=\"og:site_name\" content=\"Bellunopress - Dolomiti\" \/>\n<meta property=\"article:publisher\" content=\"https:\/\/www.facebook.com\/profile.php?id=100008943462799\" \/>\n<meta property=\"article:published_time\" content=\"2009-06-07T19:54:57+00:00\" \/>\n<meta property=\"og:image\" content=\"http:\/\/www.bellunopress.it\/wp-content\/uploads\/2009\/06\/yader-zoli-mtb-alpago.jpg\" \/>\n<meta name=\"author\" content=\"redazione\" \/>\n<meta name=\"twitter:card\" content=\"summary_large_image\" \/>\n<meta name=\"twitter:creator\" content=\"@bellunopress\" \/>\n<meta name=\"twitter:site\" content=\"@bellunopress\" \/>\n<meta name=\"twitter:label1\" content=\"\u00c9crit par\" \/>\n\t<meta name=\"twitter:data1\" content=\"redazione\" \/>\n\t<meta name=\"twitter:label2\" content=\"Dur\u00e9e de lecture estim\u00e9e\" \/>\n\t<meta name=\"twitter:data2\" content=\"3 minutes\" \/>\n<script type=\"application\/ld+json\" class=\"yoast-schema-graph\">{\"@context\":\"https:\\\/\\\/schema.org\",\"@graph\":[{\"@type\":\"Article\",\"@id\":\"https:\\\/\\\/www.bellunopress.it\\\/2009\\\/06\\\/07\\\/internazionali-ditalia-mtb-in-alpago-vince-yader-zoli-il-tricolore-precede-il-colombiano-leonardo-paez-che-grazie-al-secondo-posto-diventa-il-nuovo-leader-del-circuito-e-il-trentino-tony-longo\\\/#article\",\"isPartOf\":{\"@id\":\"https:\\\/\\\/www.bellunopress.it\\\/2009\\\/06\\\/07\\\/internazionali-ditalia-mtb-in-alpago-vince-yader-zoli-il-tricolore-precede-il-colombiano-leonardo-paez-che-grazie-al-secondo-posto-diventa-il-nuovo-leader-del-circuito-e-il-trentino-tony-longo\\\/\"},\"author\":{\"name\":\"redazione\",\"@id\":\"https:\\\/\\\/www.bellunopress.it\\\/#\\\/schema\\\/person\\\/79bb06722b37ece1c03d3e94beb30d73\"},\"headline\":\"Internazionali d&#8217;Italia Mtb: in Alpago vince Yader Zoli. Il tricolore precede il colombiano Leonardo Paez, che grazie al secondo posto diventa il nuovo leader del circuito, e il trentino Tony Longo. Tra le donne il successo va alla messicana Daniela Campuzano.\",\"datePublished\":\"2009-06-07T19:54:57+00:00\",\"mainEntityOfPage\":{\"@id\":\"https:\\\/\\\/www.bellunopress.it\\\/2009\\\/06\\\/07\\\/internazionali-ditalia-mtb-in-alpago-vince-yader-zoli-il-tricolore-precede-il-colombiano-leonardo-paez-che-grazie-al-secondo-posto-diventa-il-nuovo-leader-del-circuito-e-il-trentino-tony-longo\\\/\"},\"wordCount\":649,\"publisher\":{\"@id\":\"https:\\\/\\\/www.bellunopress.it\\\/#organization\"},\"image\":{\"@id\":\"https:\\\/\\\/www.bellunopress.it\\\/2009\\\/06\\\/07\\\/internazionali-ditalia-mtb-in-alpago-vince-yader-zoli-il-tricolore-precede-il-colombiano-leonardo-paez-che-grazie-al-secondo-posto-diventa-il-nuovo-leader-del-circuito-e-il-trentino-tony-longo\\\/#primaryimage\"},\"thumbnailUrl\":\"http:\\\/\\\/www.bellunopress.it\\\/wp-content\\\/uploads\\\/2009\\\/06\\\/yader-zoli-mtb-alpago.jpg\",\"keywords\":[\"Belluno\",\"Dolomiti\"],\"articleSection\":[\"Pausa Caff\u00e8\",\"Sport, tempo libero\"],\"inLanguage\":\"fr-FR\"},{\"@type\":\"WebPage\",\"@id\":\"https:\\\/\\\/www.bellunopress.it\\\/2009\\\/06\\\/07\\\/internazionali-ditalia-mtb-in-alpago-vince-yader-zoli-il-tricolore-precede-il-colombiano-leonardo-paez-che-grazie-al-secondo-posto-diventa-il-nuovo-leader-del-circuito-e-il-trentino-tony-longo\\\/\",\"url\":\"https:\\\/\\\/www.bellunopress.it\\\/2009\\\/06\\\/07\\\/internazionali-ditalia-mtb-in-alpago-vince-yader-zoli-il-tricolore-precede-il-colombiano-leonardo-paez-che-grazie-al-secondo-posto-diventa-il-nuovo-leader-del-circuito-e-il-trentino-tony-longo\\\/\",\"name\":\"Internazionali d'Italia Mtb: in Alpago vince Yader Zoli. Il tricolore precede il colombiano Leonardo Paez, che grazie al secondo posto diventa il nuovo leader del circuito, e il trentino Tony Longo. Tra le donne il successo va alla messicana Daniela Campuzano. - Bellunopress - Dolomiti\",\"isPartOf\":{\"@id\":\"https:\\\/\\\/www.bellunopress.it\\\/#website\"},\"primaryImageOfPage\":{\"@id\":\"https:\\\/\\\/www.bellunopress.it\\\/2009\\\/06\\\/07\\\/internazionali-ditalia-mtb-in-alpago-vince-yader-zoli-il-tricolore-precede-il-colombiano-leonardo-paez-che-grazie-al-secondo-posto-diventa-il-nuovo-leader-del-circuito-e-il-trentino-tony-longo\\\/#primaryimage\"},\"image\":{\"@id\":\"https:\\\/\\\/www.bellunopress.it\\\/2009\\\/06\\\/07\\\/internazionali-ditalia-mtb-in-alpago-vince-yader-zoli-il-tricolore-precede-il-colombiano-leonardo-paez-che-grazie-al-secondo-posto-diventa-il-nuovo-leader-del-circuito-e-il-trentino-tony-longo\\\/#primaryimage\"},\"thumbnailUrl\":\"http:\\\/\\\/www.bellunopress.it\\\/wp-content\\\/uploads\\\/2009\\\/06\\\/yader-zoli-mtb-alpago.jpg\",\"datePublished\":\"2009-06-07T19:54:57+00:00\",\"breadcrumb\":{\"@id\":\"https:\\\/\\\/www.bellunopress.it\\\/2009\\\/06\\\/07\\\/internazionali-ditalia-mtb-in-alpago-vince-yader-zoli-il-tricolore-precede-il-colombiano-leonardo-paez-che-grazie-al-secondo-posto-diventa-il-nuovo-leader-del-circuito-e-il-trentino-tony-longo\\\/#breadcrumb\"},\"inLanguage\":\"fr-FR\",\"potentialAction\":[{\"@type\":\"ReadAction\",\"target\":[\"https:\\\/\\\/www.bellunopress.it\\\/2009\\\/06\\\/07\\\/internazionali-ditalia-mtb-in-alpago-vince-yader-zoli-il-tricolore-precede-il-colombiano-leonardo-paez-che-grazie-al-secondo-posto-diventa-il-nuovo-leader-del-circuito-e-il-trentino-tony-longo\\\/\"]}]},{\"@type\":\"ImageObject\",\"inLanguage\":\"fr-FR\",\"@id\":\"https:\\\/\\\/www.bellunopress.it\\\/2009\\\/06\\\/07\\\/internazionali-ditalia-mtb-in-alpago-vince-yader-zoli-il-tricolore-precede-il-colombiano-leonardo-paez-che-grazie-al-secondo-posto-diventa-il-nuovo-leader-del-circuito-e-il-trentino-tony-longo\\\/#primaryimage\",\"url\":\"http:\\\/\\\/www.bellunopress.it\\\/wp-content\\\/uploads\\\/2009\\\/06\\\/yader-zoli-mtb-alpago.jpg\",\"contentUrl\":\"http:\\\/\\\/www.bellunopress.it\\\/wp-content\\\/uploads\\\/2009\\\/06\\\/yader-zoli-mtb-alpago.jpg\"},{\"@type\":\"BreadcrumbList\",\"@id\":\"https:\\\/\\\/www.bellunopress.it\\\/2009\\\/06\\\/07\\\/internazionali-ditalia-mtb-in-alpago-vince-yader-zoli-il-tricolore-precede-il-colombiano-leonardo-paez-che-grazie-al-secondo-posto-diventa-il-nuovo-leader-del-circuito-e-il-trentino-tony-longo\\\/#breadcrumb\",\"itemListElement\":[{\"@type\":\"ListItem\",\"position\":1,\"name\":\"Home\",\"item\":\"https:\\\/\\\/www.bellunopress.it\\\/\"},{\"@type\":\"ListItem\",\"position\":2,\"name\":\"Internazionali d&#8217;Italia Mtb: in Alpago vince Yader Zoli. Il tricolore precede il colombiano Leonardo Paez, che grazie al secondo posto diventa il nuovo leader del circuito, e il trentino Tony Longo. Tra le donne il successo va alla messicana Daniela Campuzano.\"}]},{\"@type\":\"WebSite\",\"@id\":\"https:\\\/\\\/www.bellunopress.it\\\/#website\",\"url\":\"https:\\\/\\\/www.bellunopress.it\\\/\",\"name\":\"Bellunopress - Dolomiti\",\"description\":\"e-mail: redazione@bellunopress.it\",\"publisher\":{\"@id\":\"https:\\\/\\\/www.bellunopress.it\\\/#organization\"},\"potentialAction\":[{\"@type\":\"SearchAction\",\"target\":{\"@type\":\"EntryPoint\",\"urlTemplate\":\"https:\\\/\\\/www.bellunopress.it\\\/?s={search_term_string}\"},\"query-input\":{\"@type\":\"PropertyValueSpecification\",\"valueRequired\":true,\"valueName\":\"search_term_string\"}}],\"inLanguage\":\"fr-FR\"},{\"@type\":\"Organization\",\"@id\":\"https:\\\/\\\/www.bellunopress.it\\\/#organization\",\"name\":\"Bellunopress\",\"url\":\"https:\\\/\\\/www.bellunopress.it\\\/\",\"logo\":{\"@type\":\"ImageObject\",\"inLanguage\":\"fr-FR\",\"@id\":\"https:\\\/\\\/www.bellunopress.it\\\/#\\\/schema\\\/logo\\\/image\\\/\",\"url\":\"https:\\\/\\\/www.bellunopress.it\\\/wp-content\\\/uploads\\\/2011\\\/05\\\/cropped-logo-bellunopress-.jpg\",\"contentUrl\":\"https:\\\/\\\/www.bellunopress.it\\\/wp-content\\\/uploads\\\/2011\\\/05\\\/cropped-logo-bellunopress-.jpg\",\"width\":512,\"height\":512,\"caption\":\"Bellunopress\"},\"image\":{\"@id\":\"https:\\\/\\\/www.bellunopress.it\\\/#\\\/schema\\\/logo\\\/image\\\/\"},\"sameAs\":[\"https:\\\/\\\/www.facebook.com\\\/profile.php?id=100008943462799\",\"https:\\\/\\\/x.com\\\/bellunopress\",\"https:\\\/\\\/www.linkedin.com\\\/hp\\\/?dnr=JBzUWaJfMUw8vbXJJ2tVW5-I3jZKvC4wsoxE&amp;amp;amp;amp;amp;amp;trk=nav_responsive_tab_home\",\"https:\\\/\\\/www.youtube.com\\\/channel\\\/UCxL0wu1uN0_3_7hGG0306cw\"]},{\"@type\":\"Person\",\"@id\":\"https:\\\/\\\/www.bellunopress.it\\\/#\\\/schema\\\/person\\\/79bb06722b37ece1c03d3e94beb30d73\",\"name\":\"redazione\",\"image\":{\"@type\":\"ImageObject\",\"inLanguage\":\"fr-FR\",\"@id\":\"https:\\\/\\\/secure.gravatar.com\\\/avatar\\\/37d968a2e67a6fd04c169c4bdef102d0bc5d31b2546345219e348575eb80e9a0?s=96&d=mm&r=g\",\"url\":\"https:\\\/\\\/secure.gravatar.com\\\/avatar\\\/37d968a2e67a6fd04c169c4bdef102d0bc5d31b2546345219e348575eb80e9a0?s=96&d=mm&r=g\",\"contentUrl\":\"https:\\\/\\\/secure.gravatar.com\\\/avatar\\\/37d968a2e67a6fd04c169c4bdef102d0bc5d31b2546345219e348575eb80e9a0?s=96&d=mm&r=g\",\"caption\":\"redazione\"},\"sameAs\":[\"http:\\\/\\\/www.bellunopress.it\",\"https:\\\/\\\/x.com\\\/bellunopress\"],\"url\":\"https:\\\/\\\/www.bellunopress.it\\\/fr\\\/author\\\/redazione\\\/\"}]}<\/script>\n<!-- \/ Yoast SEO plugin. -->","yoast_head_json":{"title":"Internazionali d'Italia Mtb: in Alpago vince Yader Zoli. Il tricolore precede il colombiano Leonardo Paez, che grazie al secondo posto diventa il nuovo leader del circuito, e il trentino Tony Longo. Tra le donne il successo va alla messicana Daniela Campuzano. - Bellunopress - Dolomiti","robots":{"index":"index","follow":"follow","max-snippet":"max-snippet:-1","max-image-preview":"max-image-preview:large","max-video-preview":"max-video-preview:-1"},"canonical":"https:\/\/www.bellunopress.it\/fr\/2009\/06\/07\/internazionali-ditalia-mtb-in-alpago-vince-yader-zoli-il-tricolore-precede-il-colombiano-leonardo-paez-che-grazie-al-secondo-posto-diventa-il-nuovo-leader-del-circuito-e-il-trentino-tony-longo\/","og_locale":"fr_FR","og_type":"article","og_title":"Internazionali d'Italia Mtb: in Alpago vince Yader Zoli. Il tricolore precede il colombiano Leonardo Paez, che grazie al secondo posto diventa il nuovo leader del circuito, e il trentino Tony Longo. Tra le donne il successo va alla messicana Daniela Campuzano. - Bellunopress - Dolomiti","og_description":"\u00a0E\u2019 il tricolore Yader Zoli a vincere la terza prova degli \u201cInternazionali d\u2019Italia\u201d, andata in scena oggi sul durissimo e spettacolare tracciato di Lamosano di Chies d\u2019Alpago, percorso reso ancora pi\u00f9 duro dalla pioggia caduta nella giornata di ieri e per gran parte della giornata odierna. Zoli ha condotto una prima parte di gara guardinga, [&hellip;]","og_url":"https:\/\/www.bellunopress.it\/fr\/2009\/06\/07\/internazionali-ditalia-mtb-in-alpago-vince-yader-zoli-il-tricolore-precede-il-colombiano-leonardo-paez-che-grazie-al-secondo-posto-diventa-il-nuovo-leader-del-circuito-e-il-trentino-tony-longo\/","og_site_name":"Bellunopress - Dolomiti","article_publisher":"https:\/\/www.facebook.com\/profile.php?id=100008943462799","article_published_time":"2009-06-07T19:54:57+00:00","og_image":[{"url":"http:\/\/www.bellunopress.it\/wp-content\/uploads\/2009\/06\/yader-zoli-mtb-alpago.jpg","type":"","width":"","height":""}],"author":"redazione","twitter_card":"summary_large_image","twitter_creator":"@bellunopress","twitter_site":"@bellunopress","twitter_misc":{"\u00c9crit par":"redazione","Dur\u00e9e de lecture estim\u00e9e":"3 minutes"},"schema":{"@context":"https:\/\/schema.org","@graph":[{"@type":"Article","@id":"https:\/\/www.bellunopress.it\/2009\/06\/07\/internazionali-ditalia-mtb-in-alpago-vince-yader-zoli-il-tricolore-precede-il-colombiano-leonardo-paez-che-grazie-al-secondo-posto-diventa-il-nuovo-leader-del-circuito-e-il-trentino-tony-longo\/#article","isPartOf":{"@id":"https:\/\/www.bellunopress.it\/2009\/06\/07\/internazionali-ditalia-mtb-in-alpago-vince-yader-zoli-il-tricolore-precede-il-colombiano-leonardo-paez-che-grazie-al-secondo-posto-diventa-il-nuovo-leader-del-circuito-e-il-trentino-tony-longo\/"},"author":{"name":"redazione","@id":"https:\/\/www.bellunopress.it\/#\/schema\/person\/79bb06722b37ece1c03d3e94beb30d73"},"headline":"Internazionali d&#8217;Italia Mtb: in Alpago vince Yader Zoli. Il tricolore precede il colombiano Leonardo Paez, che grazie al secondo posto diventa il nuovo leader del circuito, e il trentino Tony Longo. Tra le donne il successo va alla messicana Daniela Campuzano.","datePublished":"2009-06-07T19:54:57+00:00","mainEntityOfPage":{"@id":"https:\/\/www.bellunopress.it\/2009\/06\/07\/internazionali-ditalia-mtb-in-alpago-vince-yader-zoli-il-tricolore-precede-il-colombiano-leonardo-paez-che-grazie-al-secondo-posto-diventa-il-nuovo-leader-del-circuito-e-il-trentino-tony-longo\/"},"wordCount":649,"publisher":{"@id":"https:\/\/www.bellunopress.it\/#organization"},"image":{"@id":"https:\/\/www.bellunopress.it\/2009\/06\/07\/internazionali-ditalia-mtb-in-alpago-vince-yader-zoli-il-tricolore-precede-il-colombiano-leonardo-paez-che-grazie-al-secondo-posto-diventa-il-nuovo-leader-del-circuito-e-il-trentino-tony-longo\/#primaryimage"},"thumbnailUrl":"http:\/\/www.bellunopress.it\/wp-content\/uploads\/2009\/06\/yader-zoli-mtb-alpago.jpg","keywords":["Belluno","Dolomiti"],"articleSection":["Pausa Caff\u00e8","Sport, tempo libero"],"inLanguage":"fr-FR"},{"@type":"WebPage","@id":"https:\/\/www.bellunopress.it\/2009\/06\/07\/internazionali-ditalia-mtb-in-alpago-vince-yader-zoli-il-tricolore-precede-il-colombiano-leonardo-paez-che-grazie-al-secondo-posto-diventa-il-nuovo-leader-del-circuito-e-il-trentino-tony-longo\/","url":"https:\/\/www.bellunopress.it\/2009\/06\/07\/internazionali-ditalia-mtb-in-alpago-vince-yader-zoli-il-tricolore-precede-il-colombiano-leonardo-paez-che-grazie-al-secondo-posto-diventa-il-nuovo-leader-del-circuito-e-il-trentino-tony-longo\/","name":"Internazionali d'Italia Mtb: in Alpago vince Yader Zoli. Il tricolore precede il colombiano Leonardo Paez, che grazie al secondo posto diventa il nuovo leader del circuito, e il trentino Tony Longo. Tra le donne il successo va alla messicana Daniela Campuzano. - Bellunopress - Dolomiti","isPartOf":{"@id":"https:\/\/www.bellunopress.it\/#website"},"primaryImageOfPage":{"@id":"https:\/\/www.bellunopress.it\/2009\/06\/07\/internazionali-ditalia-mtb-in-alpago-vince-yader-zoli-il-tricolore-precede-il-colombiano-leonardo-paez-che-grazie-al-secondo-posto-diventa-il-nuovo-leader-del-circuito-e-il-trentino-tony-longo\/#primaryimage"},"image":{"@id":"https:\/\/www.bellunopress.it\/2009\/06\/07\/internazionali-ditalia-mtb-in-alpago-vince-yader-zoli-il-tricolore-precede-il-colombiano-leonardo-paez-che-grazie-al-secondo-posto-diventa-il-nuovo-leader-del-circuito-e-il-trentino-tony-longo\/#primaryimage"},"thumbnailUrl":"http:\/\/www.bellunopress.it\/wp-content\/uploads\/2009\/06\/yader-zoli-mtb-alpago.jpg","datePublished":"2009-06-07T19:54:57+00:00","breadcrumb":{"@id":"https:\/\/www.bellunopress.it\/2009\/06\/07\/internazionali-ditalia-mtb-in-alpago-vince-yader-zoli-il-tricolore-precede-il-colombiano-leonardo-paez-che-grazie-al-secondo-posto-diventa-il-nuovo-leader-del-circuito-e-il-trentino-tony-longo\/#breadcrumb"},"inLanguage":"fr-FR","potentialAction":[{"@type":"ReadAction","target":["https:\/\/www.bellunopress.it\/2009\/06\/07\/internazionali-ditalia-mtb-in-alpago-vince-yader-zoli-il-tricolore-precede-il-colombiano-leonardo-paez-che-grazie-al-secondo-posto-diventa-il-nuovo-leader-del-circuito-e-il-trentino-tony-longo\/"]}]},{"@type":"ImageObject","inLanguage":"fr-FR","@id":"https:\/\/www.bellunopress.it\/2009\/06\/07\/internazionali-ditalia-mtb-in-alpago-vince-yader-zoli-il-tricolore-precede-il-colombiano-leonardo-paez-che-grazie-al-secondo-posto-diventa-il-nuovo-leader-del-circuito-e-il-trentino-tony-longo\/#primaryimage","url":"http:\/\/www.bellunopress.it\/wp-content\/uploads\/2009\/06\/yader-zoli-mtb-alpago.jpg","contentUrl":"http:\/\/www.bellunopress.it\/wp-content\/uploads\/2009\/06\/yader-zoli-mtb-alpago.jpg"},{"@type":"BreadcrumbList","@id":"https:\/\/www.bellunopress.it\/2009\/06\/07\/internazionali-ditalia-mtb-in-alpago-vince-yader-zoli-il-tricolore-precede-il-colombiano-leonardo-paez-che-grazie-al-secondo-posto-diventa-il-nuovo-leader-del-circuito-e-il-trentino-tony-longo\/#breadcrumb","itemListElement":[{"@type":"ListItem","position":1,"name":"Home","item":"https:\/\/www.bellunopress.it\/"},{"@type":"ListItem","position":2,"name":"Internazionali d&#8217;Italia Mtb: in Alpago vince Yader Zoli. Il tricolore precede il colombiano Leonardo Paez, che grazie al secondo posto diventa il nuovo leader del circuito, e il trentino Tony Longo. Tra le donne il successo va alla messicana Daniela Campuzano."}]},{"@type":"WebSite","@id":"https:\/\/www.bellunopress.it\/#website","url":"https:\/\/www.bellunopress.it\/","name":"Bellunopress - Dolomiti","description":"e-mail: redazione@bellunopress.it","publisher":{"@id":"https:\/\/www.bellunopress.it\/#organization"},"potentialAction":[{"@type":"SearchAction","target":{"@type":"EntryPoint","urlTemplate":"https:\/\/www.bellunopress.it\/?s={search_term_string}"},"query-input":{"@type":"PropertyValueSpecification","valueRequired":true,"valueName":"search_term_string"}}],"inLanguage":"fr-FR"},{"@type":"Organization","@id":"https:\/\/www.bellunopress.it\/#organization","name":"Bellunopress","url":"https:\/\/www.bellunopress.it\/","logo":{"@type":"ImageObject","inLanguage":"fr-FR","@id":"https:\/\/www.bellunopress.it\/#\/schema\/logo\/image\/","url":"https:\/\/www.bellunopress.it\/wp-content\/uploads\/2011\/05\/cropped-logo-bellunopress-.jpg","contentUrl":"https:\/\/www.bellunopress.it\/wp-content\/uploads\/2011\/05\/cropped-logo-bellunopress-.jpg","width":512,"height":512,"caption":"Bellunopress"},"image":{"@id":"https:\/\/www.bellunopress.it\/#\/schema\/logo\/image\/"},"sameAs":["https:\/\/www.facebook.com\/profile.php?id=100008943462799","https:\/\/x.com\/bellunopress","https:\/\/www.linkedin.com\/hp\/?dnr=JBzUWaJfMUw8vbXJJ2tVW5-I3jZKvC4wsoxE&amp;amp;amp;amp;amp;amp;trk=nav_responsive_tab_home","https:\/\/www.youtube.com\/channel\/UCxL0wu1uN0_3_7hGG0306cw"]},{"@type":"Person","@id":"https:\/\/www.bellunopress.it\/#\/schema\/person\/79bb06722b37ece1c03d3e94beb30d73","name":"r\u00e9daction","image":{"@type":"ImageObject","inLanguage":"fr-FR","@id":"https:\/\/secure.gravatar.com\/avatar\/37d968a2e67a6fd04c169c4bdef102d0bc5d31b2546345219e348575eb80e9a0?s=96&d=mm&r=g","url":"https:\/\/secure.gravatar.com\/avatar\/37d968a2e67a6fd04c169c4bdef102d0bc5d31b2546345219e348575eb80e9a0?s=96&d=mm&r=g","contentUrl":"https:\/\/secure.gravatar.com\/avatar\/37d968a2e67a6fd04c169c4bdef102d0bc5d31b2546345219e348575eb80e9a0?s=96&d=mm&r=g","caption":"redazione"},"sameAs":["http:\/\/www.bellunopress.it","https:\/\/x.com\/bellunopress"],"url":"https:\/\/www.bellunopress.it\/fr\/author\/redazione\/"}]}},"_links":{"self":[{"href":"https:\/\/www.bellunopress.it\/fr\/wp-json\/wp\/v2\/posts\/4554","targetHints":{"allow":["GET"]}}],"collection":[{"href":"https:\/\/www.bellunopress.it\/fr\/wp-json\/wp\/v2\/posts"}],"about":[{"href":"https:\/\/www.bellunopress.it\/fr\/wp-json\/wp\/v2\/types\/post"}],"author":[{"embeddable":true,"href":"https:\/\/www.bellunopress.it\/fr\/wp-json\/wp\/v2\/users\/2"}],"replies":[{"embeddable":true,"href":"https:\/\/www.bellunopress.it\/fr\/wp-json\/wp\/v2\/comments?post=4554"}],"version-history":[{"count":1,"href":"https:\/\/www.bellunopress.it\/fr\/wp-json\/wp\/v2\/posts\/4554\/revisions"}],"predecessor-version":[{"id":4556,"href":"https:\/\/www.bellunopress.it\/fr\/wp-json\/wp\/v2\/posts\/4554\/revisions\/4556"}],"wp:attachment":[{"href":"https:\/\/www.bellunopress.it\/fr\/wp-json\/wp\/v2\/media?parent=4554"}],"wp:term":[{"taxonomy":"category","embeddable":true,"href":"https:\/\/www.bellunopress.it\/fr\/wp-json\/wp\/v2\/categories?post=4554"},{"taxonomy":"post_tag","embeddable":true,"href":"https:\/\/www.bellunopress.it\/fr\/wp-json\/wp\/v2\/tags?post=4554"}],"curies":[{"name":"wp","href":"https:\/\/api.w.org\/{rel}","templated":true}]}}