{"id":4551,"date":"2009-06-07T20:41:35","date_gmt":"2009-06-07T19:41:35","guid":{"rendered":"http:\/\/www.bellunopress.it\/?p=4551"},"modified":"2009-06-07T20:41:35","modified_gmt":"2009-06-07T19:41:35","slug":"il-cordoglio-del-presidente-della-provincia-sergio-reolon-%c2%abci-manchera-il-suo-altruismo-eccezionale%c2%bb","status":"publish","type":"post","link":"https:\/\/www.bellunopress.it\/fr\/2009\/06\/07\/il-cordoglio-del-presidente-della-provincia-sergio-reolon-%c2%abci-manchera-il-suo-altruismo-eccezionale%c2%bb\/","title":{"rendered":"Il cordoglio del presidente della Provincia, Sergio Reolon \u00abCi mancher\u00e0 il suo altruismo eccezionale\u00bb"},"content":{"rendered":"<p>\u00abCi mancheranno la sua straordinaria umanit\u00e0 e il suo altruismo eccezionale\u00bb. Il presidente della Provincia di Belluno, Sergio Reolon, \u00e8 scosso per la scomparsa del medico e alpinista Giuliano De Marchi. \u00abOggi la provincia di Belluno ha perso un uomo di grande valore. Una persona che con le sue imprese da alpinista e la sua generosit\u00e0 ha saputo dare grande risalto alle Dolomiti\u00bb. Premiato con il Pelmo d&#8217;Oro nel 2005 dalla Provincia di Belluno proprio per la sua intensa attivit\u00e0 di alpinista, Giuliano De Marchi \u00e8 stato per molti anni uno dei protagonisti del panorama alpinistico italiano. Autore di molte prime salite e prime invernali sulle Dolomiti, ha partecipato a numerose spedizioni in Himalaya, con salite e tentativi a diverse cime di oltre ottomila metri. \u00abAlcuni suoi interventi di solidariet\u00e0 e salvataggio sono memorabili\u00bb, ricorda Reolon. \u00abCome il salvataggio di alcuni alpinisti in difficolt\u00e0 sull&#8217;Everest e sul K2 per i quali ha sacrificato la conquista della vetta\u00bb. \u00abLo ricordo infine nella commissione del Premio Pelmo d&#8217;Oro. Parlava poco,\u00a0 ponderava le parole e riusciva sempre a farsi ascoltare. Per me \u00e8 una perdita personale dolorosa. Desidero esprimere il mio cordoglio alla moglie Simonetta e ai figli, Valentina e Matteo\u00bb.<\/p>","protected":false},"excerpt":{"rendered":"<p>\u00abCi mancheranno la sua straordinaria umanit\u00e0 e il suo altruismo eccezionale\u00bb. Il presidente della Provincia di Belluno, Sergio Reolon, \u00e8 scosso per la scomparsa del medico e alpinista Giuliano De Marchi. \u00abOggi la provincia di Belluno ha perso un uomo di grande valore. Una persona che con le sue imprese da alpinista e la sua [&hellip;]<\/p>\n","protected":false},"author":2,"featured_media":0,"comment_status":"closed","ping_status":"open","sticky":false,"template":"","format":"standard","meta":{"footnotes":""},"categories":[5,26],"tags":[139,63],"class_list":["post-4551","post","type-post","status-publish","format-standard","category-cronaca","category-prima-pagina","tag-belluno","tag-dolomiti"],"yoast_head":"<!-- This site is optimized with the Yoast SEO plugin v28.4 - https:\/\/yoast.com\/product\/yoast-seo-wordpress\/ -->\n<title>Il cordoglio del presidente della Provincia, Sergio Reolon \u00abCi mancher\u00e0 il suo altruismo eccezionale\u00bb - Bellunopress - Dolomiti<\/title>\n<meta name=\"robots\" content=\"index, follow, max-snippet:-1, max-image-preview:large, max-video-preview:-1\" \/>\n<link rel=\"canonical\" href=\"https:\/\/www.bellunopress.it\/fr\/2009\/06\/07\/il-cordoglio-del-presidente-della-provincia-sergio-reolon-\u00abci-manchera-il-suo-altruismo-eccezionale\u00bb\/\" \/>\n<meta property=\"og:locale\" content=\"fr_FR\" \/>\n<meta property=\"og:type\" content=\"article\" \/>\n<meta property=\"og:title\" content=\"Il cordoglio del presidente della Provincia, Sergio Reolon \u00abCi mancher\u00e0 il suo altruismo eccezionale\u00bb - Bellunopress - Dolomiti\" \/>\n<meta property=\"og:description\" content=\"\u00abCi mancheranno la sua straordinaria umanit\u00e0 e il suo altruismo eccezionale\u00bb. Il presidente della Provincia di Belluno, Sergio Reolon, \u00e8 scosso per la scomparsa del medico e alpinista Giuliano De Marchi. \u00abOggi la provincia di Belluno ha perso un uomo di grande valore. Una persona che con le sue imprese da alpinista e la sua [&hellip;]\" \/>\n<meta property=\"og:url\" content=\"https:\/\/www.bellunopress.it\/fr\/2009\/06\/07\/il-cordoglio-del-presidente-della-provincia-sergio-reolon-\u00abci-manchera-il-suo-altruismo-eccezionale\u00bb\/\" \/>\n<meta property=\"og:site_name\" content=\"Bellunopress - Dolomiti\" \/>\n<meta property=\"article:publisher\" content=\"https:\/\/www.facebook.com\/profile.php?id=100008943462799\" \/>\n<meta property=\"article:published_time\" content=\"2009-06-07T19:41:35+00:00\" \/>\n<meta property=\"og:image\" content=\"http:\/\/www.bellunopress.it\/wp-content\/uploads\/2012\/07\/logo-bellunopress-250x250-2012.jpg\" \/>\n<meta name=\"author\" content=\"redazione\" \/>\n<meta name=\"twitter:card\" content=\"summary_large_image\" \/>\n<meta name=\"twitter:creator\" content=\"@bellunopress\" \/>\n<meta name=\"twitter:site\" content=\"@bellunopress\" \/>\n<meta name=\"twitter:label1\" content=\"\u00c9crit par\" \/>\n\t<meta name=\"twitter:data1\" content=\"redazione\" \/>\n\t<meta name=\"twitter:label2\" content=\"Dur\u00e9e de lecture estim\u00e9e\" \/>\n\t<meta name=\"twitter:data2\" content=\"1 minute\" \/>\n<script type=\"application\/ld+json\" class=\"yoast-schema-graph\">{\"@context\":\"https:\\\/\\\/schema.org\",\"@graph\":[{\"@type\":\"Article\",\"@id\":\"https:\\\/\\\/www.bellunopress.it\\\/2009\\\/06\\\/07\\\/il-cordoglio-del-presidente-della-provincia-sergio-reolon-%c2%abci-manchera-il-suo-altruismo-eccezionale%c2%bb\\\/#article\",\"isPartOf\":{\"@id\":\"https:\\\/\\\/www.bellunopress.it\\\/2009\\\/06\\\/07\\\/il-cordoglio-del-presidente-della-provincia-sergio-reolon-%c2%abci-manchera-il-suo-altruismo-eccezionale%c2%bb\\\/\"},\"author\":{\"name\":\"redazione\",\"@id\":\"https:\\\/\\\/www.bellunopress.it\\\/#\\\/schema\\\/person\\\/79bb06722b37ece1c03d3e94beb30d73\"},\"headline\":\"Il cordoglio del presidente della Provincia, Sergio Reolon \u00abCi mancher\u00e0 il suo altruismo eccezionale\u00bb\",\"datePublished\":\"2009-06-07T19:41:35+00:00\",\"mainEntityOfPage\":{\"@id\":\"https:\\\/\\\/www.bellunopress.it\\\/2009\\\/06\\\/07\\\/il-cordoglio-del-presidente-della-provincia-sergio-reolon-%c2%abci-manchera-il-suo-altruismo-eccezionale%c2%bb\\\/\"},\"wordCount\":211,\"publisher\":{\"@id\":\"https:\\\/\\\/www.bellunopress.it\\\/#organization\"},\"keywords\":[\"Belluno\",\"Dolomiti\"],\"articleSection\":[\"Cronaca\\\/Politica\",\"Prima Pagina\"],\"inLanguage\":\"fr-FR\"},{\"@type\":\"WebPage\",\"@id\":\"https:\\\/\\\/www.bellunopress.it\\\/2009\\\/06\\\/07\\\/il-cordoglio-del-presidente-della-provincia-sergio-reolon-%c2%abci-manchera-il-suo-altruismo-eccezionale%c2%bb\\\/\",\"url\":\"https:\\\/\\\/www.bellunopress.it\\\/2009\\\/06\\\/07\\\/il-cordoglio-del-presidente-della-provincia-sergio-reolon-%c2%abci-manchera-il-suo-altruismo-eccezionale%c2%bb\\\/\",\"name\":\"Il cordoglio del presidente della Provincia, Sergio Reolon \u00abCi mancher\u00e0 il suo altruismo eccezionale\u00bb - Bellunopress - Dolomiti\",\"isPartOf\":{\"@id\":\"https:\\\/\\\/www.bellunopress.it\\\/#website\"},\"datePublished\":\"2009-06-07T19:41:35+00:00\",\"breadcrumb\":{\"@id\":\"https:\\\/\\\/www.bellunopress.it\\\/2009\\\/06\\\/07\\\/il-cordoglio-del-presidente-della-provincia-sergio-reolon-%c2%abci-manchera-il-suo-altruismo-eccezionale%c2%bb\\\/#breadcrumb\"},\"inLanguage\":\"fr-FR\",\"potentialAction\":[{\"@type\":\"ReadAction\",\"target\":[\"https:\\\/\\\/www.bellunopress.it\\\/2009\\\/06\\\/07\\\/il-cordoglio-del-presidente-della-provincia-sergio-reolon-%c2%abci-manchera-il-suo-altruismo-eccezionale%c2%bb\\\/\"]}]},{\"@type\":\"BreadcrumbList\",\"@id\":\"https:\\\/\\\/www.bellunopress.it\\\/2009\\\/06\\\/07\\\/il-cordoglio-del-presidente-della-provincia-sergio-reolon-%c2%abci-manchera-il-suo-altruismo-eccezionale%c2%bb\\\/#breadcrumb\",\"itemListElement\":[{\"@type\":\"ListItem\",\"position\":1,\"name\":\"Home\",\"item\":\"https:\\\/\\\/www.bellunopress.it\\\/\"},{\"@type\":\"ListItem\",\"position\":2,\"name\":\"Il cordoglio del presidente della Provincia, Sergio Reolon \u00abCi mancher\u00e0 il suo altruismo eccezionale\u00bb\"}]},{\"@type\":\"WebSite\",\"@id\":\"https:\\\/\\\/www.bellunopress.it\\\/#website\",\"url\":\"https:\\\/\\\/www.bellunopress.it\\\/\",\"name\":\"Bellunopress - Dolomiti\",\"description\":\"e-mail: redazione@bellunopress.it\",\"publisher\":{\"@id\":\"https:\\\/\\\/www.bellunopress.it\\\/#organization\"},\"potentialAction\":[{\"@type\":\"SearchAction\",\"target\":{\"@type\":\"EntryPoint\",\"urlTemplate\":\"https:\\\/\\\/www.bellunopress.it\\\/?s={search_term_string}\"},\"query-input\":{\"@type\":\"PropertyValueSpecification\",\"valueRequired\":true,\"valueName\":\"search_term_string\"}}],\"inLanguage\":\"fr-FR\"},{\"@type\":\"Organization\",\"@id\":\"https:\\\/\\\/www.bellunopress.it\\\/#organization\",\"name\":\"Bellunopress\",\"url\":\"https:\\\/\\\/www.bellunopress.it\\\/\",\"logo\":{\"@type\":\"ImageObject\",\"inLanguage\":\"fr-FR\",\"@id\":\"https:\\\/\\\/www.bellunopress.it\\\/#\\\/schema\\\/logo\\\/image\\\/\",\"url\":\"https:\\\/\\\/www.bellunopress.it\\\/wp-content\\\/uploads\\\/2011\\\/05\\\/cropped-logo-bellunopress-.jpg\",\"contentUrl\":\"https:\\\/\\\/www.bellunopress.it\\\/wp-content\\\/uploads\\\/2011\\\/05\\\/cropped-logo-bellunopress-.jpg\",\"width\":512,\"height\":512,\"caption\":\"Bellunopress\"},\"image\":{\"@id\":\"https:\\\/\\\/www.bellunopress.it\\\/#\\\/schema\\\/logo\\\/image\\\/\"},\"sameAs\":[\"https:\\\/\\\/www.facebook.com\\\/profile.php?id=100008943462799\",\"https:\\\/\\\/x.com\\\/bellunopress\",\"https:\\\/\\\/www.linkedin.com\\\/hp\\\/?dnr=JBzUWaJfMUw8vbXJJ2tVW5-I3jZKvC4wsoxE&amp;amp;amp;amp;amp;amp;trk=nav_responsive_tab_home\",\"https:\\\/\\\/www.youtube.com\\\/channel\\\/UCxL0wu1uN0_3_7hGG0306cw\"]},{\"@type\":\"Person\",\"@id\":\"https:\\\/\\\/www.bellunopress.it\\\/#\\\/schema\\\/person\\\/79bb06722b37ece1c03d3e94beb30d73\",\"name\":\"redazione\",\"image\":{\"@type\":\"ImageObject\",\"inLanguage\":\"fr-FR\",\"@id\":\"https:\\\/\\\/secure.gravatar.com\\\/avatar\\\/37d968a2e67a6fd04c169c4bdef102d0bc5d31b2546345219e348575eb80e9a0?s=96&d=mm&r=g\",\"url\":\"https:\\\/\\\/secure.gravatar.com\\\/avatar\\\/37d968a2e67a6fd04c169c4bdef102d0bc5d31b2546345219e348575eb80e9a0?s=96&d=mm&r=g\",\"contentUrl\":\"https:\\\/\\\/secure.gravatar.com\\\/avatar\\\/37d968a2e67a6fd04c169c4bdef102d0bc5d31b2546345219e348575eb80e9a0?s=96&d=mm&r=g\",\"caption\":\"redazione\"},\"sameAs\":[\"http:\\\/\\\/www.bellunopress.it\",\"https:\\\/\\\/x.com\\\/bellunopress\"],\"url\":\"https:\\\/\\\/www.bellunopress.it\\\/fr\\\/author\\\/redazione\\\/\"}]}<\/script>\n<!-- \/ Yoast SEO plugin. -->","yoast_head_json":{"title":"Il cordoglio del presidente della Provincia, Sergio Reolon \u00abCi mancher\u00e0 il suo altruismo eccezionale\u00bb - Bellunopress - Dolomiti","robots":{"index":"index","follow":"follow","max-snippet":"max-snippet:-1","max-image-preview":"max-image-preview:large","max-video-preview":"max-video-preview:-1"},"canonical":"https:\/\/www.bellunopress.it\/fr\/2009\/06\/07\/il-cordoglio-del-presidente-della-provincia-sergio-reolon-\u00abci-manchera-il-suo-altruismo-eccezionale\u00bb\/","og_locale":"fr_FR","og_type":"article","og_title":"Il cordoglio del presidente della Provincia, Sergio Reolon \u00abCi mancher\u00e0 il suo altruismo eccezionale\u00bb - Bellunopress - Dolomiti","og_description":"\u00abCi mancheranno la sua straordinaria umanit\u00e0 e il suo altruismo eccezionale\u00bb. Il presidente della Provincia di Belluno, Sergio Reolon, \u00e8 scosso per la scomparsa del medico e alpinista Giuliano De Marchi. \u00abOggi la provincia di Belluno ha perso un uomo di grande valore. Una persona che con le sue imprese da alpinista e la sua [&hellip;]","og_url":"https:\/\/www.bellunopress.it\/fr\/2009\/06\/07\/il-cordoglio-del-presidente-della-provincia-sergio-reolon-\u00abci-manchera-il-suo-altruismo-eccezionale\u00bb\/","og_site_name":"Bellunopress - Dolomiti","article_publisher":"https:\/\/www.facebook.com\/profile.php?id=100008943462799","article_published_time":"2009-06-07T19:41:35+00:00","og_image":[{"url":"http:\/\/www.bellunopress.it\/wp-content\/uploads\/2012\/07\/logo-bellunopress-250x250-2012.jpg","type":"","width":"","height":""}],"author":"redazione","twitter_card":"summary_large_image","twitter_creator":"@bellunopress","twitter_site":"@bellunopress","twitter_misc":{"\u00c9crit par":"redazione","Dur\u00e9e de lecture estim\u00e9e":"1 minute"},"schema":{"@context":"https:\/\/schema.org","@graph":[{"@type":"Article","@id":"https:\/\/www.bellunopress.it\/2009\/06\/07\/il-cordoglio-del-presidente-della-provincia-sergio-reolon-%c2%abci-manchera-il-suo-altruismo-eccezionale%c2%bb\/#article","isPartOf":{"@id":"https:\/\/www.bellunopress.it\/2009\/06\/07\/il-cordoglio-del-presidente-della-provincia-sergio-reolon-%c2%abci-manchera-il-suo-altruismo-eccezionale%c2%bb\/"},"author":{"name":"redazione","@id":"https:\/\/www.bellunopress.it\/#\/schema\/person\/79bb06722b37ece1c03d3e94beb30d73"},"headline":"Il cordoglio del presidente della Provincia, Sergio Reolon \u00abCi mancher\u00e0 il suo altruismo eccezionale\u00bb","datePublished":"2009-06-07T19:41:35+00:00","mainEntityOfPage":{"@id":"https:\/\/www.bellunopress.it\/2009\/06\/07\/il-cordoglio-del-presidente-della-provincia-sergio-reolon-%c2%abci-manchera-il-suo-altruismo-eccezionale%c2%bb\/"},"wordCount":211,"publisher":{"@id":"https:\/\/www.bellunopress.it\/#organization"},"keywords":["Belluno","Dolomiti"],"articleSection":["Cronaca\/Politica","Prima Pagina"],"inLanguage":"fr-FR"},{"@type":"WebPage","@id":"https:\/\/www.bellunopress.it\/2009\/06\/07\/il-cordoglio-del-presidente-della-provincia-sergio-reolon-%c2%abci-manchera-il-suo-altruismo-eccezionale%c2%bb\/","url":"https:\/\/www.bellunopress.it\/2009\/06\/07\/il-cordoglio-del-presidente-della-provincia-sergio-reolon-%c2%abci-manchera-il-suo-altruismo-eccezionale%c2%bb\/","name":"Il cordoglio del presidente della Provincia, Sergio Reolon \u00abCi mancher\u00e0 il suo altruismo eccezionale\u00bb - Bellunopress - Dolomiti","isPartOf":{"@id":"https:\/\/www.bellunopress.it\/#website"},"datePublished":"2009-06-07T19:41:35+00:00","breadcrumb":{"@id":"https:\/\/www.bellunopress.it\/2009\/06\/07\/il-cordoglio-del-presidente-della-provincia-sergio-reolon-%c2%abci-manchera-il-suo-altruismo-eccezionale%c2%bb\/#breadcrumb"},"inLanguage":"fr-FR","potentialAction":[{"@type":"ReadAction","target":["https:\/\/www.bellunopress.it\/2009\/06\/07\/il-cordoglio-del-presidente-della-provincia-sergio-reolon-%c2%abci-manchera-il-suo-altruismo-eccezionale%c2%bb\/"]}]},{"@type":"BreadcrumbList","@id":"https:\/\/www.bellunopress.it\/2009\/06\/07\/il-cordoglio-del-presidente-della-provincia-sergio-reolon-%c2%abci-manchera-il-suo-altruismo-eccezionale%c2%bb\/#breadcrumb","itemListElement":[{"@type":"ListItem","position":1,"name":"Home","item":"https:\/\/www.bellunopress.it\/"},{"@type":"ListItem","position":2,"name":"Il cordoglio del presidente della Provincia, Sergio Reolon \u00abCi mancher\u00e0 il suo altruismo eccezionale\u00bb"}]},{"@type":"WebSite","@id":"https:\/\/www.bellunopress.it\/#website","url":"https:\/\/www.bellunopress.it\/","name":"Bellunopress - Dolomiti","description":"e-mail: redazione@bellunopress.it","publisher":{"@id":"https:\/\/www.bellunopress.it\/#organization"},"potentialAction":[{"@type":"SearchAction","target":{"@type":"EntryPoint","urlTemplate":"https:\/\/www.bellunopress.it\/?s={search_term_string}"},"query-input":{"@type":"PropertyValueSpecification","valueRequired":true,"valueName":"search_term_string"}}],"inLanguage":"fr-FR"},{"@type":"Organization","@id":"https:\/\/www.bellunopress.it\/#organization","name":"Bellunopress","url":"https:\/\/www.bellunopress.it\/","logo":{"@type":"ImageObject","inLanguage":"fr-FR","@id":"https:\/\/www.bellunopress.it\/#\/schema\/logo\/image\/","url":"https:\/\/www.bellunopress.it\/wp-content\/uploads\/2011\/05\/cropped-logo-bellunopress-.jpg","contentUrl":"https:\/\/www.bellunopress.it\/wp-content\/uploads\/2011\/05\/cropped-logo-bellunopress-.jpg","width":512,"height":512,"caption":"Bellunopress"},"image":{"@id":"https:\/\/www.bellunopress.it\/#\/schema\/logo\/image\/"},"sameAs":["https:\/\/www.facebook.com\/profile.php?id=100008943462799","https:\/\/x.com\/bellunopress","https:\/\/www.linkedin.com\/hp\/?dnr=JBzUWaJfMUw8vbXJJ2tVW5-I3jZKvC4wsoxE&amp;amp;amp;amp;amp;amp;trk=nav_responsive_tab_home","https:\/\/www.youtube.com\/channel\/UCxL0wu1uN0_3_7hGG0306cw"]},{"@type":"Person","@id":"https:\/\/www.bellunopress.it\/#\/schema\/person\/79bb06722b37ece1c03d3e94beb30d73","name":"r\u00e9daction","image":{"@type":"ImageObject","inLanguage":"fr-FR","@id":"https:\/\/secure.gravatar.com\/avatar\/37d968a2e67a6fd04c169c4bdef102d0bc5d31b2546345219e348575eb80e9a0?s=96&d=mm&r=g","url":"https:\/\/secure.gravatar.com\/avatar\/37d968a2e67a6fd04c169c4bdef102d0bc5d31b2546345219e348575eb80e9a0?s=96&d=mm&r=g","contentUrl":"https:\/\/secure.gravatar.com\/avatar\/37d968a2e67a6fd04c169c4bdef102d0bc5d31b2546345219e348575eb80e9a0?s=96&d=mm&r=g","caption":"redazione"},"sameAs":["http:\/\/www.bellunopress.it","https:\/\/x.com\/bellunopress"],"url":"https:\/\/www.bellunopress.it\/fr\/author\/redazione\/"}]}},"_links":{"self":[{"href":"https:\/\/www.bellunopress.it\/fr\/wp-json\/wp\/v2\/posts\/4551","targetHints":{"allow":["GET"]}}],"collection":[{"href":"https:\/\/www.bellunopress.it\/fr\/wp-json\/wp\/v2\/posts"}],"about":[{"href":"https:\/\/www.bellunopress.it\/fr\/wp-json\/wp\/v2\/types\/post"}],"author":[{"embeddable":true,"href":"https:\/\/www.bellunopress.it\/fr\/wp-json\/wp\/v2\/users\/2"}],"replies":[{"embeddable":true,"href":"https:\/\/www.bellunopress.it\/fr\/wp-json\/wp\/v2\/comments?post=4551"}],"version-history":[{"count":1,"href":"https:\/\/www.bellunopress.it\/fr\/wp-json\/wp\/v2\/posts\/4551\/revisions"}],"predecessor-version":[{"id":4552,"href":"https:\/\/www.bellunopress.it\/fr\/wp-json\/wp\/v2\/posts\/4551\/revisions\/4552"}],"wp:attachment":[{"href":"https:\/\/www.bellunopress.it\/fr\/wp-json\/wp\/v2\/media?parent=4551"}],"wp:term":[{"taxonomy":"category","embeddable":true,"href":"https:\/\/www.bellunopress.it\/fr\/wp-json\/wp\/v2\/categories?post=4551"},{"taxonomy":"post_tag","embeddable":true,"href":"https:\/\/www.bellunopress.it\/fr\/wp-json\/wp\/v2\/tags?post=4551"}],"curies":[{"name":"wp","href":"https:\/\/api.w.org\/{rel}","templated":true}]}}