{"id":45475,"date":"2013-01-08T20:32:42","date_gmt":"2013-01-08T19:32:42","guid":{"rendered":"http:\/\/www.bellunopress.it\/?p=45475"},"modified":"2013-01-08T22:00:36","modified_gmt":"2013-01-08T21:00:36","slug":"ecco-i-nomi-che-il-coordinamento-provinciale-del-pdl-propone-alla-segreteria-regionale-giovanni-piccoli-al-senato-orazio-da-rold-lorenzo-bortoluzzi-e-renata-dal-farra-alla-camera","status":"publish","type":"post","link":"https:\/\/www.bellunopress.it\/fr\/2013\/01\/08\/ecco-i-nomi-che-il-coordinamento-provinciale-del-pdl-propone-alla-segreteria-regionale-giovanni-piccoli-al-senato-orazio-da-rold-lorenzo-bortoluzzi-e-renata-dal-farra-alla-camera\/","title":{"rendered":"Ecco i nomi che il coordinamento provinciale del Pdl propone alla segreteria regionale: Giovanni Piccoli al Senato, Orazio Da Rold, Lorenzo Bortoluzzi e Renata Dal Farra alla Camera"},"content":{"rendered":"<p>Giovanni Piccoli al Senato della Repubblica, Orazio Da Rold, Lorenzo Bortoluzzi e Renata Dal Farra alla Camera dei deputati. Sono questi i nomi che il Coordinamento provinciale del Popolo della Libert\u00e0 proporr\u00e0 alla segreteria regionale per l\u2019inserimento nelle liste in vista delle elezioni politiche di febbraio.<\/p>\n<figure id=\"attachment_23114\" aria-describedby=\"caption-attachment-23114\" style=\"width: 117px\" class=\"wp-caption alignleft\"><a href=\"http:\/\/www.bellunopress.it\/wp-content\/uploads\/2011\/01\/ghezze-150x117.jpg\"><img loading=\"lazy\" decoding=\"async\" class=\"size-full wp-image-23114\" alt=\"Stefano Ghezze\" src=\"http:\/\/www.bellunopress.it\/wp-content\/uploads\/2011\/01\/ghezze-150x117.jpg\" width=\"117\" height=\"150\" \/><\/a><figcaption id=\"caption-attachment-23114\" class=\"wp-caption-text\">Stefano Ghezze<\/figcaption><\/figure>\n<p>A confermare la rosa dei candidati \u00e8 il coordinatore provinciale del Pdl Stefano Ghezze a seguito del direttivo che si \u00e8 tenuto ieri sera, luned\u00ec 7 gennaio, nella sede di Belluno in via Cavour.<\/p>\n<p>Ghezze parla di un confronto \u201dsereno e costruttivo\u201d dove \u00e8 prevalsa la responsabilit\u00e0 dei singoli. \u201cHo molto apprezzato anche il ritiro dell\u2019autocandidatura di Luca De Carlo. Gli ho spiegato che come coordinatore provinciale non potevo garantirgli quello che lui chiedeva, ovvero l\u2019inserimento al quarto posto in lista. De Carlo ha fatto un passo indietro e si \u00e8 messo a disposizione del partito per la campagna elettorale. E\u2019 un atteggiamento di grande responsabilit\u00e0\u201d.<\/p>\n<p>Ghezze definisce poi i nomi emersi durante il direttivo provinciale come il \u201cgiusto mix fra esperienza e innovazione con denominatore comune il territorio\u201d: \u201cCi sono amministratori di lungo corso come Piccoli e Da Rold, giovani certezze come Bortoluzzi e amministratori emergenti come Dal Farra\u201d.<\/p>\n<p>Piccoli (classe 1958), \u00e8 sindaco di Sedico mentre Orazio Da Rold (1965) \u00e8 stato consigliere comunale a Belluno e ora ricopre la carica di coordinatore cittadino di Belluno del Partito.<\/p>\n<p>Renata Dal Farra (classe 1965) \u00e8 assessore comunale a Limana, mentre Lorenzo Bortoluzzi (classe 1976) \u00e8 stato capogruppo del Pdl in consiglio comunale a Belluno.<\/p>\n<p>Resta un nodo da sciogliere, quello del deputato uscente Maurizio Paniz: \u201cPaniz \u00e8 una certezza, per questo nel corso del direttivo gli ho chiesto di sciogliere ogni riserva in senso positivo. Sono convinto che possa ancora essere un ottimo difensore del Bellunese\u201d.<\/p>\n<p>Ora la parola passa alle segreteria regionale eppoi agli aggiustamenti della segreteria nazionale. Bisogner\u00e0 vedere se i nomi dei candidati bellunesi (eccetto Paniz che probabilmente sar\u00e0 candidato in un collegio blindato) supereranno il doppio setaccio delle segreterie di partito, che con il vecchio sistema elettorale &#8220;porcellum&#8221;, hanno in mano nel bene e nel male le sorti dei politici.<\/p>","protected":false},"excerpt":{"rendered":"<p>Giovanni Piccoli al Senato della Repubblica, Orazio Da Rold, Lorenzo Bortoluzzi e Renata Dal Farra alla Camera dei deputati. Sono questi i nomi che il Coordinamento provinciale del Popolo della Libert\u00e0 proporr\u00e0 alla segreteria regionale per l\u2019inserimento nelle liste in vista delle elezioni politiche di febbraio. A confermare la rosa dei candidati \u00e8 il coordinatore [&hellip;]<\/p>\n","protected":false},"author":2,"featured_media":0,"comment_status":"closed","ping_status":"open","sticky":false,"template":"","format":"standard","meta":{"footnotes":""},"categories":[5,26],"tags":[],"class_list":["post-45475","post","type-post","status-publish","format-standard","category-cronaca","category-prima-pagina"],"yoast_head":"<!-- This site is optimized with the Yoast SEO plugin v28.4 - https:\/\/yoast.com\/product\/yoast-seo-wordpress\/ -->\n<title>Ecco i nomi che il coordinamento provinciale del Pdl propone alla segreteria regionale: Giovanni Piccoli al Senato, Orazio Da Rold, Lorenzo Bortoluzzi e Renata Dal Farra alla Camera - Bellunopress - Dolomiti<\/title>\n<meta name=\"robots\" content=\"index, follow, max-snippet:-1, max-image-preview:large, max-video-preview:-1\" \/>\n<link rel=\"canonical\" href=\"https:\/\/www.bellunopress.it\/fr\/2013\/01\/08\/ecco-i-nomi-che-il-coordinamento-provinciale-del-pdl-propone-alla-segreteria-regionale-giovanni-piccoli-al-senato-orazio-da-rold-lorenzo-bortoluzzi-e-renata-dal-farra-alla-camera\/\" \/>\n<meta property=\"og:locale\" content=\"fr_FR\" \/>\n<meta property=\"og:type\" content=\"article\" \/>\n<meta property=\"og:title\" content=\"Ecco i nomi che il coordinamento provinciale del Pdl propone alla segreteria regionale: Giovanni Piccoli al Senato, Orazio Da Rold, Lorenzo Bortoluzzi e Renata Dal Farra alla Camera - Bellunopress - Dolomiti\" \/>\n<meta property=\"og:description\" content=\"Giovanni Piccoli al Senato della Repubblica, Orazio Da Rold, Lorenzo Bortoluzzi e Renata Dal Farra alla Camera dei deputati. Sono questi i nomi che il Coordinamento provinciale del Popolo della Libert\u00e0 proporr\u00e0 alla segreteria regionale per l\u2019inserimento nelle liste in vista delle elezioni politiche di febbraio. A confermare la rosa dei candidati \u00e8 il coordinatore [&hellip;]\" \/>\n<meta property=\"og:url\" content=\"https:\/\/www.bellunopress.it\/fr\/2013\/01\/08\/ecco-i-nomi-che-il-coordinamento-provinciale-del-pdl-propone-alla-segreteria-regionale-giovanni-piccoli-al-senato-orazio-da-rold-lorenzo-bortoluzzi-e-renata-dal-farra-alla-camera\/\" \/>\n<meta property=\"og:site_name\" content=\"Bellunopress - Dolomiti\" \/>\n<meta property=\"article:publisher\" content=\"https:\/\/www.facebook.com\/profile.php?id=100008943462799\" \/>\n<meta property=\"article:published_time\" content=\"2013-01-08T19:32:42+00:00\" \/>\n<meta property=\"article:modified_time\" content=\"2013-01-08T21:00:36+00:00\" \/>\n<meta property=\"og:image\" content=\"http:\/\/www.bellunopress.it\/wp-content\/uploads\/2011\/01\/ghezze-150x117.jpg\" \/>\n<meta name=\"author\" content=\"redazione\" \/>\n<meta name=\"twitter:card\" content=\"summary_large_image\" \/>\n<meta name=\"twitter:creator\" content=\"@bellunopress\" \/>\n<meta name=\"twitter:site\" content=\"@bellunopress\" \/>\n<meta name=\"twitter:label1\" content=\"\u00c9crit par\" \/>\n\t<meta name=\"twitter:data1\" content=\"redazione\" \/>\n\t<meta name=\"twitter:label2\" content=\"Dur\u00e9e de lecture estim\u00e9e\" \/>\n\t<meta name=\"twitter:data2\" content=\"2 minutes\" \/>\n<script type=\"application\/ld+json\" class=\"yoast-schema-graph\">{\"@context\":\"https:\\\/\\\/schema.org\",\"@graph\":[{\"@type\":\"Article\",\"@id\":\"https:\\\/\\\/www.bellunopress.it\\\/2013\\\/01\\\/08\\\/ecco-i-nomi-che-il-coordinamento-provinciale-del-pdl-propone-alla-segreteria-regionale-giovanni-piccoli-al-senato-orazio-da-rold-lorenzo-bortoluzzi-e-renata-dal-farra-alla-camera\\\/#article\",\"isPartOf\":{\"@id\":\"https:\\\/\\\/www.bellunopress.it\\\/2013\\\/01\\\/08\\\/ecco-i-nomi-che-il-coordinamento-provinciale-del-pdl-propone-alla-segreteria-regionale-giovanni-piccoli-al-senato-orazio-da-rold-lorenzo-bortoluzzi-e-renata-dal-farra-alla-camera\\\/\"},\"author\":{\"name\":\"redazione\",\"@id\":\"https:\\\/\\\/www.bellunopress.it\\\/#\\\/schema\\\/person\\\/79bb06722b37ece1c03d3e94beb30d73\"},\"headline\":\"Ecco i nomi che il coordinamento provinciale del Pdl propone alla segreteria regionale: Giovanni Piccoli al Senato, Orazio Da Rold, Lorenzo Bortoluzzi e Renata Dal Farra alla Camera\",\"datePublished\":\"2013-01-08T19:32:42+00:00\",\"dateModified\":\"2013-01-08T21:00:36+00:00\",\"mainEntityOfPage\":{\"@id\":\"https:\\\/\\\/www.bellunopress.it\\\/2013\\\/01\\\/08\\\/ecco-i-nomi-che-il-coordinamento-provinciale-del-pdl-propone-alla-segreteria-regionale-giovanni-piccoli-al-senato-orazio-da-rold-lorenzo-bortoluzzi-e-renata-dal-farra-alla-camera\\\/\"},\"wordCount\":377,\"publisher\":{\"@id\":\"https:\\\/\\\/www.bellunopress.it\\\/#organization\"},\"image\":{\"@id\":\"https:\\\/\\\/www.bellunopress.it\\\/2013\\\/01\\\/08\\\/ecco-i-nomi-che-il-coordinamento-provinciale-del-pdl-propone-alla-segreteria-regionale-giovanni-piccoli-al-senato-orazio-da-rold-lorenzo-bortoluzzi-e-renata-dal-farra-alla-camera\\\/#primaryimage\"},\"thumbnailUrl\":\"http:\\\/\\\/www.bellunopress.it\\\/wp-content\\\/uploads\\\/2011\\\/01\\\/ghezze-150x117.jpg\",\"articleSection\":[\"Cronaca\\\/Politica\",\"Prima Pagina\"],\"inLanguage\":\"fr-FR\"},{\"@type\":\"WebPage\",\"@id\":\"https:\\\/\\\/www.bellunopress.it\\\/2013\\\/01\\\/08\\\/ecco-i-nomi-che-il-coordinamento-provinciale-del-pdl-propone-alla-segreteria-regionale-giovanni-piccoli-al-senato-orazio-da-rold-lorenzo-bortoluzzi-e-renata-dal-farra-alla-camera\\\/\",\"url\":\"https:\\\/\\\/www.bellunopress.it\\\/2013\\\/01\\\/08\\\/ecco-i-nomi-che-il-coordinamento-provinciale-del-pdl-propone-alla-segreteria-regionale-giovanni-piccoli-al-senato-orazio-da-rold-lorenzo-bortoluzzi-e-renata-dal-farra-alla-camera\\\/\",\"name\":\"Ecco i nomi che il coordinamento provinciale del Pdl propone alla segreteria regionale: Giovanni Piccoli al Senato, Orazio Da Rold, Lorenzo Bortoluzzi e Renata Dal Farra alla Camera - Bellunopress - Dolomiti\",\"isPartOf\":{\"@id\":\"https:\\\/\\\/www.bellunopress.it\\\/#website\"},\"primaryImageOfPage\":{\"@id\":\"https:\\\/\\\/www.bellunopress.it\\\/2013\\\/01\\\/08\\\/ecco-i-nomi-che-il-coordinamento-provinciale-del-pdl-propone-alla-segreteria-regionale-giovanni-piccoli-al-senato-orazio-da-rold-lorenzo-bortoluzzi-e-renata-dal-farra-alla-camera\\\/#primaryimage\"},\"image\":{\"@id\":\"https:\\\/\\\/www.bellunopress.it\\\/2013\\\/01\\\/08\\\/ecco-i-nomi-che-il-coordinamento-provinciale-del-pdl-propone-alla-segreteria-regionale-giovanni-piccoli-al-senato-orazio-da-rold-lorenzo-bortoluzzi-e-renata-dal-farra-alla-camera\\\/#primaryimage\"},\"thumbnailUrl\":\"http:\\\/\\\/www.bellunopress.it\\\/wp-content\\\/uploads\\\/2011\\\/01\\\/ghezze-150x117.jpg\",\"datePublished\":\"2013-01-08T19:32:42+00:00\",\"dateModified\":\"2013-01-08T21:00:36+00:00\",\"breadcrumb\":{\"@id\":\"https:\\\/\\\/www.bellunopress.it\\\/2013\\\/01\\\/08\\\/ecco-i-nomi-che-il-coordinamento-provinciale-del-pdl-propone-alla-segreteria-regionale-giovanni-piccoli-al-senato-orazio-da-rold-lorenzo-bortoluzzi-e-renata-dal-farra-alla-camera\\\/#breadcrumb\"},\"inLanguage\":\"fr-FR\",\"potentialAction\":[{\"@type\":\"ReadAction\",\"target\":[\"https:\\\/\\\/www.bellunopress.it\\\/2013\\\/01\\\/08\\\/ecco-i-nomi-che-il-coordinamento-provinciale-del-pdl-propone-alla-segreteria-regionale-giovanni-piccoli-al-senato-orazio-da-rold-lorenzo-bortoluzzi-e-renata-dal-farra-alla-camera\\\/\"]}]},{\"@type\":\"ImageObject\",\"inLanguage\":\"fr-FR\",\"@id\":\"https:\\\/\\\/www.bellunopress.it\\\/2013\\\/01\\\/08\\\/ecco-i-nomi-che-il-coordinamento-provinciale-del-pdl-propone-alla-segreteria-regionale-giovanni-piccoli-al-senato-orazio-da-rold-lorenzo-bortoluzzi-e-renata-dal-farra-alla-camera\\\/#primaryimage\",\"url\":\"http:\\\/\\\/www.bellunopress.it\\\/wp-content\\\/uploads\\\/2011\\\/01\\\/ghezze-150x117.jpg\",\"contentUrl\":\"http:\\\/\\\/www.bellunopress.it\\\/wp-content\\\/uploads\\\/2011\\\/01\\\/ghezze-150x117.jpg\"},{\"@type\":\"BreadcrumbList\",\"@id\":\"https:\\\/\\\/www.bellunopress.it\\\/2013\\\/01\\\/08\\\/ecco-i-nomi-che-il-coordinamento-provinciale-del-pdl-propone-alla-segreteria-regionale-giovanni-piccoli-al-senato-orazio-da-rold-lorenzo-bortoluzzi-e-renata-dal-farra-alla-camera\\\/#breadcrumb\",\"itemListElement\":[{\"@type\":\"ListItem\",\"position\":1,\"name\":\"Home\",\"item\":\"https:\\\/\\\/www.bellunopress.it\\\/\"},{\"@type\":\"ListItem\",\"position\":2,\"name\":\"Ecco i nomi che il coordinamento provinciale del Pdl propone alla segreteria regionale: Giovanni Piccoli al Senato, Orazio Da Rold, Lorenzo Bortoluzzi e Renata Dal Farra alla Camera\"}]},{\"@type\":\"WebSite\",\"@id\":\"https:\\\/\\\/www.bellunopress.it\\\/#website\",\"url\":\"https:\\\/\\\/www.bellunopress.it\\\/\",\"name\":\"Bellunopress - Dolomiti\",\"description\":\"e-mail: redazione@bellunopress.it\",\"publisher\":{\"@id\":\"https:\\\/\\\/www.bellunopress.it\\\/#organization\"},\"potentialAction\":[{\"@type\":\"SearchAction\",\"target\":{\"@type\":\"EntryPoint\",\"urlTemplate\":\"https:\\\/\\\/www.bellunopress.it\\\/?s={search_term_string}\"},\"query-input\":{\"@type\":\"PropertyValueSpecification\",\"valueRequired\":true,\"valueName\":\"search_term_string\"}}],\"inLanguage\":\"fr-FR\"},{\"@type\":\"Organization\",\"@id\":\"https:\\\/\\\/www.bellunopress.it\\\/#organization\",\"name\":\"Bellunopress\",\"url\":\"https:\\\/\\\/www.bellunopress.it\\\/\",\"logo\":{\"@type\":\"ImageObject\",\"inLanguage\":\"fr-FR\",\"@id\":\"https:\\\/\\\/www.bellunopress.it\\\/#\\\/schema\\\/logo\\\/image\\\/\",\"url\":\"https:\\\/\\\/www.bellunopress.it\\\/wp-content\\\/uploads\\\/2011\\\/05\\\/cropped-logo-bellunopress-.jpg\",\"contentUrl\":\"https:\\\/\\\/www.bellunopress.it\\\/wp-content\\\/uploads\\\/2011\\\/05\\\/cropped-logo-bellunopress-.jpg\",\"width\":512,\"height\":512,\"caption\":\"Bellunopress\"},\"image\":{\"@id\":\"https:\\\/\\\/www.bellunopress.it\\\/#\\\/schema\\\/logo\\\/image\\\/\"},\"sameAs\":[\"https:\\\/\\\/www.facebook.com\\\/profile.php?id=100008943462799\",\"https:\\\/\\\/x.com\\\/bellunopress\",\"https:\\\/\\\/www.linkedin.com\\\/hp\\\/?dnr=JBzUWaJfMUw8vbXJJ2tVW5-I3jZKvC4wsoxE&amp;amp;amp;amp;amp;amp;trk=nav_responsive_tab_home\",\"https:\\\/\\\/www.youtube.com\\\/channel\\\/UCxL0wu1uN0_3_7hGG0306cw\"]},{\"@type\":\"Person\",\"@id\":\"https:\\\/\\\/www.bellunopress.it\\\/#\\\/schema\\\/person\\\/79bb06722b37ece1c03d3e94beb30d73\",\"name\":\"redazione\",\"image\":{\"@type\":\"ImageObject\",\"inLanguage\":\"fr-FR\",\"@id\":\"https:\\\/\\\/secure.gravatar.com\\\/avatar\\\/37d968a2e67a6fd04c169c4bdef102d0bc5d31b2546345219e348575eb80e9a0?s=96&d=mm&r=g\",\"url\":\"https:\\\/\\\/secure.gravatar.com\\\/avatar\\\/37d968a2e67a6fd04c169c4bdef102d0bc5d31b2546345219e348575eb80e9a0?s=96&d=mm&r=g\",\"contentUrl\":\"https:\\\/\\\/secure.gravatar.com\\\/avatar\\\/37d968a2e67a6fd04c169c4bdef102d0bc5d31b2546345219e348575eb80e9a0?s=96&d=mm&r=g\",\"caption\":\"redazione\"},\"sameAs\":[\"http:\\\/\\\/www.bellunopress.it\",\"https:\\\/\\\/x.com\\\/bellunopress\"],\"url\":\"https:\\\/\\\/www.bellunopress.it\\\/fr\\\/author\\\/redazione\\\/\"}]}<\/script>\n<!-- \/ Yoast SEO plugin. -->","yoast_head_json":{"title":"Ecco i nomi che il coordinamento provinciale del Pdl propone alla segreteria regionale: Giovanni Piccoli al Senato, Orazio Da Rold, Lorenzo Bortoluzzi e Renata Dal Farra alla Camera - Bellunopress - Dolomiti","robots":{"index":"index","follow":"follow","max-snippet":"max-snippet:-1","max-image-preview":"max-image-preview:large","max-video-preview":"max-video-preview:-1"},"canonical":"https:\/\/www.bellunopress.it\/fr\/2013\/01\/08\/ecco-i-nomi-che-il-coordinamento-provinciale-del-pdl-propone-alla-segreteria-regionale-giovanni-piccoli-al-senato-orazio-da-rold-lorenzo-bortoluzzi-e-renata-dal-farra-alla-camera\/","og_locale":"fr_FR","og_type":"article","og_title":"Ecco i nomi che il coordinamento provinciale del Pdl propone alla segreteria regionale: Giovanni Piccoli al Senato, Orazio Da Rold, Lorenzo Bortoluzzi e Renata Dal Farra alla Camera - Bellunopress - Dolomiti","og_description":"Giovanni Piccoli al Senato della Repubblica, Orazio Da Rold, Lorenzo Bortoluzzi e Renata Dal Farra alla Camera dei deputati. Sono questi i nomi che il Coordinamento provinciale del Popolo della Libert\u00e0 proporr\u00e0 alla segreteria regionale per l\u2019inserimento nelle liste in vista delle elezioni politiche di febbraio. A confermare la rosa dei candidati \u00e8 il coordinatore [&hellip;]","og_url":"https:\/\/www.bellunopress.it\/fr\/2013\/01\/08\/ecco-i-nomi-che-il-coordinamento-provinciale-del-pdl-propone-alla-segreteria-regionale-giovanni-piccoli-al-senato-orazio-da-rold-lorenzo-bortoluzzi-e-renata-dal-farra-alla-camera\/","og_site_name":"Bellunopress - Dolomiti","article_publisher":"https:\/\/www.facebook.com\/profile.php?id=100008943462799","article_published_time":"2013-01-08T19:32:42+00:00","article_modified_time":"2013-01-08T21:00:36+00:00","og_image":[{"url":"http:\/\/www.bellunopress.it\/wp-content\/uploads\/2011\/01\/ghezze-150x117.jpg","type":"","width":"","height":""}],"author":"redazione","twitter_card":"summary_large_image","twitter_creator":"@bellunopress","twitter_site":"@bellunopress","twitter_misc":{"\u00c9crit par":"redazione","Dur\u00e9e de lecture estim\u00e9e":"2 minutes"},"schema":{"@context":"https:\/\/schema.org","@graph":[{"@type":"Article","@id":"https:\/\/www.bellunopress.it\/2013\/01\/08\/ecco-i-nomi-che-il-coordinamento-provinciale-del-pdl-propone-alla-segreteria-regionale-giovanni-piccoli-al-senato-orazio-da-rold-lorenzo-bortoluzzi-e-renata-dal-farra-alla-camera\/#article","isPartOf":{"@id":"https:\/\/www.bellunopress.it\/2013\/01\/08\/ecco-i-nomi-che-il-coordinamento-provinciale-del-pdl-propone-alla-segreteria-regionale-giovanni-piccoli-al-senato-orazio-da-rold-lorenzo-bortoluzzi-e-renata-dal-farra-alla-camera\/"},"author":{"name":"redazione","@id":"https:\/\/www.bellunopress.it\/#\/schema\/person\/79bb06722b37ece1c03d3e94beb30d73"},"headline":"Ecco i nomi che il coordinamento provinciale del Pdl propone alla segreteria regionale: Giovanni Piccoli al Senato, Orazio Da Rold, Lorenzo Bortoluzzi e Renata Dal Farra alla Camera","datePublished":"2013-01-08T19:32:42+00:00","dateModified":"2013-01-08T21:00:36+00:00","mainEntityOfPage":{"@id":"https:\/\/www.bellunopress.it\/2013\/01\/08\/ecco-i-nomi-che-il-coordinamento-provinciale-del-pdl-propone-alla-segreteria-regionale-giovanni-piccoli-al-senato-orazio-da-rold-lorenzo-bortoluzzi-e-renata-dal-farra-alla-camera\/"},"wordCount":377,"publisher":{"@id":"https:\/\/www.bellunopress.it\/#organization"},"image":{"@id":"https:\/\/www.bellunopress.it\/2013\/01\/08\/ecco-i-nomi-che-il-coordinamento-provinciale-del-pdl-propone-alla-segreteria-regionale-giovanni-piccoli-al-senato-orazio-da-rold-lorenzo-bortoluzzi-e-renata-dal-farra-alla-camera\/#primaryimage"},"thumbnailUrl":"http:\/\/www.bellunopress.it\/wp-content\/uploads\/2011\/01\/ghezze-150x117.jpg","articleSection":["Cronaca\/Politica","Prima Pagina"],"inLanguage":"fr-FR"},{"@type":"WebPage","@id":"https:\/\/www.bellunopress.it\/2013\/01\/08\/ecco-i-nomi-che-il-coordinamento-provinciale-del-pdl-propone-alla-segreteria-regionale-giovanni-piccoli-al-senato-orazio-da-rold-lorenzo-bortoluzzi-e-renata-dal-farra-alla-camera\/","url":"https:\/\/www.bellunopress.it\/2013\/01\/08\/ecco-i-nomi-che-il-coordinamento-provinciale-del-pdl-propone-alla-segreteria-regionale-giovanni-piccoli-al-senato-orazio-da-rold-lorenzo-bortoluzzi-e-renata-dal-farra-alla-camera\/","name":"Ecco i nomi che il coordinamento provinciale del Pdl propone alla segreteria regionale: Giovanni Piccoli al Senato, Orazio Da Rold, Lorenzo Bortoluzzi e Renata Dal Farra alla Camera - Bellunopress - Dolomiti","isPartOf":{"@id":"https:\/\/www.bellunopress.it\/#website"},"primaryImageOfPage":{"@id":"https:\/\/www.bellunopress.it\/2013\/01\/08\/ecco-i-nomi-che-il-coordinamento-provinciale-del-pdl-propone-alla-segreteria-regionale-giovanni-piccoli-al-senato-orazio-da-rold-lorenzo-bortoluzzi-e-renata-dal-farra-alla-camera\/#primaryimage"},"image":{"@id":"https:\/\/www.bellunopress.it\/2013\/01\/08\/ecco-i-nomi-che-il-coordinamento-provinciale-del-pdl-propone-alla-segreteria-regionale-giovanni-piccoli-al-senato-orazio-da-rold-lorenzo-bortoluzzi-e-renata-dal-farra-alla-camera\/#primaryimage"},"thumbnailUrl":"http:\/\/www.bellunopress.it\/wp-content\/uploads\/2011\/01\/ghezze-150x117.jpg","datePublished":"2013-01-08T19:32:42+00:00","dateModified":"2013-01-08T21:00:36+00:00","breadcrumb":{"@id":"https:\/\/www.bellunopress.it\/2013\/01\/08\/ecco-i-nomi-che-il-coordinamento-provinciale-del-pdl-propone-alla-segreteria-regionale-giovanni-piccoli-al-senato-orazio-da-rold-lorenzo-bortoluzzi-e-renata-dal-farra-alla-camera\/#breadcrumb"},"inLanguage":"fr-FR","potentialAction":[{"@type":"ReadAction","target":["https:\/\/www.bellunopress.it\/2013\/01\/08\/ecco-i-nomi-che-il-coordinamento-provinciale-del-pdl-propone-alla-segreteria-regionale-giovanni-piccoli-al-senato-orazio-da-rold-lorenzo-bortoluzzi-e-renata-dal-farra-alla-camera\/"]}]},{"@type":"ImageObject","inLanguage":"fr-FR","@id":"https:\/\/www.bellunopress.it\/2013\/01\/08\/ecco-i-nomi-che-il-coordinamento-provinciale-del-pdl-propone-alla-segreteria-regionale-giovanni-piccoli-al-senato-orazio-da-rold-lorenzo-bortoluzzi-e-renata-dal-farra-alla-camera\/#primaryimage","url":"http:\/\/www.bellunopress.it\/wp-content\/uploads\/2011\/01\/ghezze-150x117.jpg","contentUrl":"http:\/\/www.bellunopress.it\/wp-content\/uploads\/2011\/01\/ghezze-150x117.jpg"},{"@type":"BreadcrumbList","@id":"https:\/\/www.bellunopress.it\/2013\/01\/08\/ecco-i-nomi-che-il-coordinamento-provinciale-del-pdl-propone-alla-segreteria-regionale-giovanni-piccoli-al-senato-orazio-da-rold-lorenzo-bortoluzzi-e-renata-dal-farra-alla-camera\/#breadcrumb","itemListElement":[{"@type":"ListItem","position":1,"name":"Home","item":"https:\/\/www.bellunopress.it\/"},{"@type":"ListItem","position":2,"name":"Ecco i nomi che il coordinamento provinciale del Pdl propone alla segreteria regionale: Giovanni Piccoli al Senato, Orazio Da Rold, Lorenzo Bortoluzzi e Renata Dal Farra alla Camera"}]},{"@type":"WebSite","@id":"https:\/\/www.bellunopress.it\/#website","url":"https:\/\/www.bellunopress.it\/","name":"Bellunopress - Dolomiti","description":"e-mail: redazione@bellunopress.it","publisher":{"@id":"https:\/\/www.bellunopress.it\/#organization"},"potentialAction":[{"@type":"SearchAction","target":{"@type":"EntryPoint","urlTemplate":"https:\/\/www.bellunopress.it\/?s={search_term_string}"},"query-input":{"@type":"PropertyValueSpecification","valueRequired":true,"valueName":"search_term_string"}}],"inLanguage":"fr-FR"},{"@type":"Organization","@id":"https:\/\/www.bellunopress.it\/#organization","name":"Bellunopress","url":"https:\/\/www.bellunopress.it\/","logo":{"@type":"ImageObject","inLanguage":"fr-FR","@id":"https:\/\/www.bellunopress.it\/#\/schema\/logo\/image\/","url":"https:\/\/www.bellunopress.it\/wp-content\/uploads\/2011\/05\/cropped-logo-bellunopress-.jpg","contentUrl":"https:\/\/www.bellunopress.it\/wp-content\/uploads\/2011\/05\/cropped-logo-bellunopress-.jpg","width":512,"height":512,"caption":"Bellunopress"},"image":{"@id":"https:\/\/www.bellunopress.it\/#\/schema\/logo\/image\/"},"sameAs":["https:\/\/www.facebook.com\/profile.php?id=100008943462799","https:\/\/x.com\/bellunopress","https:\/\/www.linkedin.com\/hp\/?dnr=JBzUWaJfMUw8vbXJJ2tVW5-I3jZKvC4wsoxE&amp;amp;amp;amp;amp;amp;trk=nav_responsive_tab_home","https:\/\/www.youtube.com\/channel\/UCxL0wu1uN0_3_7hGG0306cw"]},{"@type":"Person","@id":"https:\/\/www.bellunopress.it\/#\/schema\/person\/79bb06722b37ece1c03d3e94beb30d73","name":"r\u00e9daction","image":{"@type":"ImageObject","inLanguage":"fr-FR","@id":"https:\/\/secure.gravatar.com\/avatar\/37d968a2e67a6fd04c169c4bdef102d0bc5d31b2546345219e348575eb80e9a0?s=96&d=mm&r=g","url":"https:\/\/secure.gravatar.com\/avatar\/37d968a2e67a6fd04c169c4bdef102d0bc5d31b2546345219e348575eb80e9a0?s=96&d=mm&r=g","contentUrl":"https:\/\/secure.gravatar.com\/avatar\/37d968a2e67a6fd04c169c4bdef102d0bc5d31b2546345219e348575eb80e9a0?s=96&d=mm&r=g","caption":"redazione"},"sameAs":["http:\/\/www.bellunopress.it","https:\/\/x.com\/bellunopress"],"url":"https:\/\/www.bellunopress.it\/fr\/author\/redazione\/"}]}},"_links":{"self":[{"href":"https:\/\/www.bellunopress.it\/fr\/wp-json\/wp\/v2\/posts\/45475","targetHints":{"allow":["GET"]}}],"collection":[{"href":"https:\/\/www.bellunopress.it\/fr\/wp-json\/wp\/v2\/posts"}],"about":[{"href":"https:\/\/www.bellunopress.it\/fr\/wp-json\/wp\/v2\/types\/post"}],"author":[{"embeddable":true,"href":"https:\/\/www.bellunopress.it\/fr\/wp-json\/wp\/v2\/users\/2"}],"replies":[{"embeddable":true,"href":"https:\/\/www.bellunopress.it\/fr\/wp-json\/wp\/v2\/comments?post=45475"}],"version-history":[{"count":6,"href":"https:\/\/www.bellunopress.it\/fr\/wp-json\/wp\/v2\/posts\/45475\/revisions"}],"predecessor-version":[{"id":45479,"href":"https:\/\/www.bellunopress.it\/fr\/wp-json\/wp\/v2\/posts\/45475\/revisions\/45479"}],"wp:attachment":[{"href":"https:\/\/www.bellunopress.it\/fr\/wp-json\/wp\/v2\/media?parent=45475"}],"wp:term":[{"taxonomy":"category","embeddable":true,"href":"https:\/\/www.bellunopress.it\/fr\/wp-json\/wp\/v2\/categories?post=45475"},{"taxonomy":"post_tag","embeddable":true,"href":"https:\/\/www.bellunopress.it\/fr\/wp-json\/wp\/v2\/tags?post=45475"}],"curies":[{"name":"wp","href":"https:\/\/api.w.org\/{rel}","templated":true}]}}