{"id":45470,"date":"2013-01-08T06:32:34","date_gmt":"2013-01-08T05:32:34","guid":{"rendered":"http:\/\/www.bellunopress.it\/?p=45470"},"modified":"2013-01-08T06:46:49","modified_gmt":"2013-01-08T05:46:49","slug":"domenica-al-teatro-comunale-ritorna-comincio-dai-tre","status":"publish","type":"post","link":"https:\/\/www.bellunopress.it\/fr\/2013\/01\/08\/domenica-al-teatro-comunale-ritorna-comincio-dai-tre\/","title":{"rendered":"Domenica al Teatro comunale ritorna Comincio dai tre"},"content":{"rendered":"<p>Tib Teatro Stagione di Teatro per l\u2019Infanzia e la Giovent\u00f9 \u201cComincio dai 3\u201d \u2013 DOMENICHE A TEATRO<\/p>\n<p>Teatro Comunale di Belluno<\/p>\n<p>Domenica 13 GENNAIO 2013 h 17:00<\/p>\n<p>Le avventure di Pinocchio&#8230; ovvero il solito ceppo d\u2019albero fatato di Maurizio Bercini<\/p>\n<p>Info e prenotazioni fino a venerd\u00ec 11 gennaio 0437-950555<\/p>\n<p align=\"center\"><b><i><a href=\"http:\/\/www.bellunopress.it\/wp-content\/uploads\/2011\/12\/teatro-comunale-notte.jpg\"><img loading=\"lazy\" decoding=\"async\" class=\"alignleft size-full wp-image-33329\" alt=\"teatro comunale notte\" src=\"http:\/\/www.bellunopress.it\/wp-content\/uploads\/2011\/12\/teatro-comunale-notte.jpg\" width=\"290\" height=\"238\" \/><\/a>Le avventure di Pinocchio\u00a0<\/i><\/b>terza domenica a teatro della 20\u00b0 edizione di Comincio dai 3\u00a0Attenzione! Spettacolo sconsigliato alle bugie!<\/p>\n<p>&nbsp;<\/p>\n<p>Tenete sott\u2019occhio il naso, e pure le orecchie! Non si sa mai che domenica pomeriggio, durante il buio in sala, il primo arrivi a toccare il collo dello spettatore davanti e le seconde crescano fino al gigante lampadario di cristallo. Gi\u00e0, perch\u00e9 se di Pinocchi se ne sono sentiti raccontare tanti, anzi tantissimi, questo somiglia tanto agli spettatori che verranno ad ascoltarlo. Domenica 13, alle 17, al Teatro Comunale di Belluno sar\u00e0 di nuovo tempo di\u00a0<i>Comincio dai 3<\/i>. E per la terza domenica a teatro in famiglia vi ritroverete di fronte a un personaggio che sar\u00e0 dello stesso materiale del palcoscenico: Pinocchio. La fiaba di Collodi per\u00f2, questa volta, sceglier\u00e0 il suo Pinocchio tra i pubblico. Uno, due, cinque, tredici, cento Pinocchi? La splendida e immortale favola, rivisitata e sbirciata dall\u2019occhio di Maurizio Bercini nel suo\u00a0<i>Le avventure di Pinocchio&#8230; ovvero il solito ceppo d\u2019albero fatat<\/i>o, partir\u00e0 dall\u2019ultima pagina, riscoprendo e trovando proprio nei piccoli di oggi e nei piccoli di ieri in sala il suo burattino. Il quale, pagina dopo pagina, scena dopo scena, Mangiafuoco dopo grillo e gatto dopo volpe, torner\u00e0 ad essere quel \u201csolito ceppo d\u2019albero fatato\u201d da cui tutto, grazie allo scalpello di Geppetto, ebbe inizio. E una volta tanto, protetti dalla magia del teatro, tanto bravo a tenere segreti i segreti, chiunque, anche se nei calzoncini corti non ci sta pi\u00f9, potr\u00e0 sentirsi libero di tornare \u201cmonello\u201d.<\/p>\n<p align=\"left\">Lo spettacolo\u00a0<i>Le avventure di Pinocchio&#8230; ovvero il solito ceppo d\u2019albero fatato<\/i><\/p>\n<p>\u00e8 la terza domenica dedicata alle famiglie inserita nella ventesima edizione della<i>Stagione di Teatro per l\u2019Infanzia e la Giovent\u00f9 Comincio dai 3<\/i>, organizzata da Tib Teatro, per la direzione artistica di Daniela Nicosia, con Comune di Belluno, Reteventi Cultura 2012 &#8211; Provincia di Belluno, Ministero per i Beni e le Attivit\u00e0 Culturali, Aics per la Cultura, Fondazione Teatri delle Dolomiti, Regione del Veneto, MIUR\u2013USR del Veneto Ufficio Scolastico Provinciale di Belluno, Agiscuola.<\/p>\n<p align=\"left\">Per info e prenotazioni chiamare lo\u00a0\u00a0<img decoding=\"async\" alt=\"\" src=\"chrome-extension:\/\/lifbcibllhkdhoafpjfnlhfpfgnpldfl\/numbers_button_skype_logo.png\" \/>0437 950555\u00a0ore 10-13 e 15 -17<\/p>\n<p align=\"left\">Le avventure di Pinocchio &#8230;ovvero il solito ceppo d\u2019albero fatato<\/p>\n<p align=\"left\"><i>di Maurizio Bercini<\/i><\/p>\n<p align=\"left\"><i>una produzione Fontemaggiore<\/i><\/p>\n<p align=\"left\">Domenica 13 gennaio, ore 17:00<\/p>\n<p align=\"left\">Teatro Comunale di Belluno<\/p>","protected":false},"excerpt":{"rendered":"<p>Tib Teatro Stagione di Teatro per l\u2019Infanzia e la Giovent\u00f9 \u201cComincio dai 3\u201d \u2013 DOMENICHE A TEATRO Teatro Comunale di Belluno Domenica 13 GENNAIO 2013 h 17:00 Le avventure di Pinocchio&#8230; ovvero il solito ceppo d\u2019albero fatato di Maurizio Bercini Info e prenotazioni fino a venerd\u00ec 11 gennaio 0437-950555 Le avventure di Pinocchio\u00a0terza domenica a [&hellip;]<\/p>\n","protected":false},"author":2,"featured_media":0,"comment_status":"closed","ping_status":"open","sticky":false,"template":"","format":"standard","meta":{"footnotes":""},"categories":[27,3,25],"tags":[],"class_list":["post-45470","post","type-post","status-publish","format-standard","category-appuntamenti","category-arte-cultura-spettacoli-scienza-archivi","category-pausa-caffe"],"yoast_head":"<!-- This site is optimized with the Yoast SEO plugin v28.4 - https:\/\/yoast.com\/product\/yoast-seo-wordpress\/ -->\n<title>Domenica al Teatro comunale ritorna Comincio dai tre - Bellunopress - Dolomiti<\/title>\n<meta name=\"robots\" content=\"index, follow, max-snippet:-1, max-image-preview:large, max-video-preview:-1\" \/>\n<link rel=\"canonical\" href=\"https:\/\/www.bellunopress.it\/fr\/2013\/01\/08\/domenica-al-teatro-comunale-ritorna-comincio-dai-tre\/\" \/>\n<meta property=\"og:locale\" content=\"fr_FR\" \/>\n<meta property=\"og:type\" content=\"article\" \/>\n<meta property=\"og:title\" content=\"Domenica al Teatro comunale ritorna Comincio dai tre - Bellunopress - Dolomiti\" \/>\n<meta property=\"og:description\" content=\"Tib Teatro Stagione di Teatro per l\u2019Infanzia e la Giovent\u00f9 \u201cComincio dai 3\u201d \u2013 DOMENICHE A TEATRO Teatro Comunale di Belluno Domenica 13 GENNAIO 2013 h 17:00 Le avventure di Pinocchio&#8230; ovvero il solito ceppo d\u2019albero fatato di Maurizio Bercini Info e prenotazioni fino a venerd\u00ec 11 gennaio 0437-950555 Le avventure di Pinocchio\u00a0terza domenica a [&hellip;]\" \/>\n<meta property=\"og:url\" content=\"https:\/\/www.bellunopress.it\/fr\/2013\/01\/08\/domenica-al-teatro-comunale-ritorna-comincio-dai-tre\/\" \/>\n<meta property=\"og:site_name\" content=\"Bellunopress - Dolomiti\" \/>\n<meta property=\"article:publisher\" content=\"https:\/\/www.facebook.com\/profile.php?id=100008943462799\" \/>\n<meta property=\"article:published_time\" content=\"2013-01-08T05:32:34+00:00\" \/>\n<meta property=\"article:modified_time\" content=\"2013-01-08T05:46:49+00:00\" \/>\n<meta property=\"og:image\" content=\"http:\/\/www.bellunopress.it\/wp-content\/uploads\/2011\/12\/teatro-comunale-notte.jpg\" \/>\n<meta name=\"author\" content=\"redazione\" \/>\n<meta name=\"twitter:card\" content=\"summary_large_image\" \/>\n<meta name=\"twitter:creator\" content=\"@bellunopress\" \/>\n<meta name=\"twitter:site\" content=\"@bellunopress\" \/>\n<meta name=\"twitter:label1\" content=\"\u00c9crit par\" \/>\n\t<meta name=\"twitter:data1\" content=\"redazione\" \/>\n\t<meta name=\"twitter:label2\" content=\"Dur\u00e9e de lecture estim\u00e9e\" \/>\n\t<meta name=\"twitter:data2\" content=\"2 minutes\" \/>\n<script type=\"application\/ld+json\" class=\"yoast-schema-graph\">{\"@context\":\"https:\\\/\\\/schema.org\",\"@graph\":[{\"@type\":\"Article\",\"@id\":\"https:\\\/\\\/www.bellunopress.it\\\/2013\\\/01\\\/08\\\/domenica-al-teatro-comunale-ritorna-comincio-dai-tre\\\/#article\",\"isPartOf\":{\"@id\":\"https:\\\/\\\/www.bellunopress.it\\\/2013\\\/01\\\/08\\\/domenica-al-teatro-comunale-ritorna-comincio-dai-tre\\\/\"},\"author\":{\"name\":\"redazione\",\"@id\":\"https:\\\/\\\/www.bellunopress.it\\\/#\\\/schema\\\/person\\\/79bb06722b37ece1c03d3e94beb30d73\"},\"headline\":\"Domenica al Teatro comunale ritorna Comincio dai tre\",\"datePublished\":\"2013-01-08T05:32:34+00:00\",\"dateModified\":\"2013-01-08T05:46:49+00:00\",\"mainEntityOfPage\":{\"@id\":\"https:\\\/\\\/www.bellunopress.it\\\/2013\\\/01\\\/08\\\/domenica-al-teatro-comunale-ritorna-comincio-dai-tre\\\/\"},\"wordCount\":425,\"publisher\":{\"@id\":\"https:\\\/\\\/www.bellunopress.it\\\/#organization\"},\"image\":{\"@id\":\"https:\\\/\\\/www.bellunopress.it\\\/2013\\\/01\\\/08\\\/domenica-al-teatro-comunale-ritorna-comincio-dai-tre\\\/#primaryimage\"},\"thumbnailUrl\":\"http:\\\/\\\/www.bellunopress.it\\\/wp-content\\\/uploads\\\/2011\\\/12\\\/teatro-comunale-notte.jpg\",\"articleSection\":[\"Appuntamenti, Eventi\",\"Arte, Cultura, Spettacoli, Scienza\",\"Pausa Caff\u00e8\"],\"inLanguage\":\"fr-FR\"},{\"@type\":\"WebPage\",\"@id\":\"https:\\\/\\\/www.bellunopress.it\\\/2013\\\/01\\\/08\\\/domenica-al-teatro-comunale-ritorna-comincio-dai-tre\\\/\",\"url\":\"https:\\\/\\\/www.bellunopress.it\\\/2013\\\/01\\\/08\\\/domenica-al-teatro-comunale-ritorna-comincio-dai-tre\\\/\",\"name\":\"Domenica al Teatro comunale ritorna Comincio dai tre - Bellunopress - Dolomiti\",\"isPartOf\":{\"@id\":\"https:\\\/\\\/www.bellunopress.it\\\/#website\"},\"primaryImageOfPage\":{\"@id\":\"https:\\\/\\\/www.bellunopress.it\\\/2013\\\/01\\\/08\\\/domenica-al-teatro-comunale-ritorna-comincio-dai-tre\\\/#primaryimage\"},\"image\":{\"@id\":\"https:\\\/\\\/www.bellunopress.it\\\/2013\\\/01\\\/08\\\/domenica-al-teatro-comunale-ritorna-comincio-dai-tre\\\/#primaryimage\"},\"thumbnailUrl\":\"http:\\\/\\\/www.bellunopress.it\\\/wp-content\\\/uploads\\\/2011\\\/12\\\/teatro-comunale-notte.jpg\",\"datePublished\":\"2013-01-08T05:32:34+00:00\",\"dateModified\":\"2013-01-08T05:46:49+00:00\",\"breadcrumb\":{\"@id\":\"https:\\\/\\\/www.bellunopress.it\\\/2013\\\/01\\\/08\\\/domenica-al-teatro-comunale-ritorna-comincio-dai-tre\\\/#breadcrumb\"},\"inLanguage\":\"fr-FR\",\"potentialAction\":[{\"@type\":\"ReadAction\",\"target\":[\"https:\\\/\\\/www.bellunopress.it\\\/2013\\\/01\\\/08\\\/domenica-al-teatro-comunale-ritorna-comincio-dai-tre\\\/\"]}]},{\"@type\":\"ImageObject\",\"inLanguage\":\"fr-FR\",\"@id\":\"https:\\\/\\\/www.bellunopress.it\\\/2013\\\/01\\\/08\\\/domenica-al-teatro-comunale-ritorna-comincio-dai-tre\\\/#primaryimage\",\"url\":\"http:\\\/\\\/www.bellunopress.it\\\/wp-content\\\/uploads\\\/2011\\\/12\\\/teatro-comunale-notte.jpg\",\"contentUrl\":\"http:\\\/\\\/www.bellunopress.it\\\/wp-content\\\/uploads\\\/2011\\\/12\\\/teatro-comunale-notte.jpg\"},{\"@type\":\"BreadcrumbList\",\"@id\":\"https:\\\/\\\/www.bellunopress.it\\\/2013\\\/01\\\/08\\\/domenica-al-teatro-comunale-ritorna-comincio-dai-tre\\\/#breadcrumb\",\"itemListElement\":[{\"@type\":\"ListItem\",\"position\":1,\"name\":\"Home\",\"item\":\"https:\\\/\\\/www.bellunopress.it\\\/\"},{\"@type\":\"ListItem\",\"position\":2,\"name\":\"Domenica al Teatro comunale ritorna Comincio dai tre\"}]},{\"@type\":\"WebSite\",\"@id\":\"https:\\\/\\\/www.bellunopress.it\\\/#website\",\"url\":\"https:\\\/\\\/www.bellunopress.it\\\/\",\"name\":\"Bellunopress - Dolomiti\",\"description\":\"e-mail: redazione@bellunopress.it\",\"publisher\":{\"@id\":\"https:\\\/\\\/www.bellunopress.it\\\/#organization\"},\"potentialAction\":[{\"@type\":\"SearchAction\",\"target\":{\"@type\":\"EntryPoint\",\"urlTemplate\":\"https:\\\/\\\/www.bellunopress.it\\\/?s={search_term_string}\"},\"query-input\":{\"@type\":\"PropertyValueSpecification\",\"valueRequired\":true,\"valueName\":\"search_term_string\"}}],\"inLanguage\":\"fr-FR\"},{\"@type\":\"Organization\",\"@id\":\"https:\\\/\\\/www.bellunopress.it\\\/#organization\",\"name\":\"Bellunopress\",\"url\":\"https:\\\/\\\/www.bellunopress.it\\\/\",\"logo\":{\"@type\":\"ImageObject\",\"inLanguage\":\"fr-FR\",\"@id\":\"https:\\\/\\\/www.bellunopress.it\\\/#\\\/schema\\\/logo\\\/image\\\/\",\"url\":\"https:\\\/\\\/www.bellunopress.it\\\/wp-content\\\/uploads\\\/2011\\\/05\\\/cropped-logo-bellunopress-.jpg\",\"contentUrl\":\"https:\\\/\\\/www.bellunopress.it\\\/wp-content\\\/uploads\\\/2011\\\/05\\\/cropped-logo-bellunopress-.jpg\",\"width\":512,\"height\":512,\"caption\":\"Bellunopress\"},\"image\":{\"@id\":\"https:\\\/\\\/www.bellunopress.it\\\/#\\\/schema\\\/logo\\\/image\\\/\"},\"sameAs\":[\"https:\\\/\\\/www.facebook.com\\\/profile.php?id=100008943462799\",\"https:\\\/\\\/x.com\\\/bellunopress\",\"https:\\\/\\\/www.linkedin.com\\\/hp\\\/?dnr=JBzUWaJfMUw8vbXJJ2tVW5-I3jZKvC4wsoxE&amp;amp;amp;amp;amp;amp;trk=nav_responsive_tab_home\",\"https:\\\/\\\/www.youtube.com\\\/channel\\\/UCxL0wu1uN0_3_7hGG0306cw\"]},{\"@type\":\"Person\",\"@id\":\"https:\\\/\\\/www.bellunopress.it\\\/#\\\/schema\\\/person\\\/79bb06722b37ece1c03d3e94beb30d73\",\"name\":\"redazione\",\"image\":{\"@type\":\"ImageObject\",\"inLanguage\":\"fr-FR\",\"@id\":\"https:\\\/\\\/secure.gravatar.com\\\/avatar\\\/37d968a2e67a6fd04c169c4bdef102d0bc5d31b2546345219e348575eb80e9a0?s=96&d=mm&r=g\",\"url\":\"https:\\\/\\\/secure.gravatar.com\\\/avatar\\\/37d968a2e67a6fd04c169c4bdef102d0bc5d31b2546345219e348575eb80e9a0?s=96&d=mm&r=g\",\"contentUrl\":\"https:\\\/\\\/secure.gravatar.com\\\/avatar\\\/37d968a2e67a6fd04c169c4bdef102d0bc5d31b2546345219e348575eb80e9a0?s=96&d=mm&r=g\",\"caption\":\"redazione\"},\"sameAs\":[\"http:\\\/\\\/www.bellunopress.it\",\"https:\\\/\\\/x.com\\\/bellunopress\"],\"url\":\"https:\\\/\\\/www.bellunopress.it\\\/fr\\\/author\\\/redazione\\\/\"}]}<\/script>\n<!-- \/ Yoast SEO plugin. -->","yoast_head_json":{"title":"Domenica al Teatro comunale ritorna Comincio dai tre - Bellunopress - Dolomiti","robots":{"index":"index","follow":"follow","max-snippet":"max-snippet:-1","max-image-preview":"max-image-preview:large","max-video-preview":"max-video-preview:-1"},"canonical":"https:\/\/www.bellunopress.it\/fr\/2013\/01\/08\/domenica-al-teatro-comunale-ritorna-comincio-dai-tre\/","og_locale":"fr_FR","og_type":"article","og_title":"Domenica al Teatro comunale ritorna Comincio dai tre - Bellunopress - Dolomiti","og_description":"Tib Teatro Stagione di Teatro per l\u2019Infanzia e la Giovent\u00f9 \u201cComincio dai 3\u201d \u2013 DOMENICHE A TEATRO Teatro Comunale di Belluno Domenica 13 GENNAIO 2013 h 17:00 Le avventure di Pinocchio&#8230; ovvero il solito ceppo d\u2019albero fatato di Maurizio Bercini Info e prenotazioni fino a venerd\u00ec 11 gennaio 0437-950555 Le avventure di Pinocchio\u00a0terza domenica a [&hellip;]","og_url":"https:\/\/www.bellunopress.it\/fr\/2013\/01\/08\/domenica-al-teatro-comunale-ritorna-comincio-dai-tre\/","og_site_name":"Bellunopress - Dolomiti","article_publisher":"https:\/\/www.facebook.com\/profile.php?id=100008943462799","article_published_time":"2013-01-08T05:32:34+00:00","article_modified_time":"2013-01-08T05:46:49+00:00","og_image":[{"url":"http:\/\/www.bellunopress.it\/wp-content\/uploads\/2011\/12\/teatro-comunale-notte.jpg","type":"","width":"","height":""}],"author":"redazione","twitter_card":"summary_large_image","twitter_creator":"@bellunopress","twitter_site":"@bellunopress","twitter_misc":{"\u00c9crit par":"redazione","Dur\u00e9e de lecture estim\u00e9e":"2 minutes"},"schema":{"@context":"https:\/\/schema.org","@graph":[{"@type":"Article","@id":"https:\/\/www.bellunopress.it\/2013\/01\/08\/domenica-al-teatro-comunale-ritorna-comincio-dai-tre\/#article","isPartOf":{"@id":"https:\/\/www.bellunopress.it\/2013\/01\/08\/domenica-al-teatro-comunale-ritorna-comincio-dai-tre\/"},"author":{"name":"redazione","@id":"https:\/\/www.bellunopress.it\/#\/schema\/person\/79bb06722b37ece1c03d3e94beb30d73"},"headline":"Domenica al Teatro comunale ritorna Comincio dai tre","datePublished":"2013-01-08T05:32:34+00:00","dateModified":"2013-01-08T05:46:49+00:00","mainEntityOfPage":{"@id":"https:\/\/www.bellunopress.it\/2013\/01\/08\/domenica-al-teatro-comunale-ritorna-comincio-dai-tre\/"},"wordCount":425,"publisher":{"@id":"https:\/\/www.bellunopress.it\/#organization"},"image":{"@id":"https:\/\/www.bellunopress.it\/2013\/01\/08\/domenica-al-teatro-comunale-ritorna-comincio-dai-tre\/#primaryimage"},"thumbnailUrl":"http:\/\/www.bellunopress.it\/wp-content\/uploads\/2011\/12\/teatro-comunale-notte.jpg","articleSection":["Appuntamenti, Eventi","Arte, Cultura, Spettacoli, Scienza","Pausa Caff\u00e8"],"inLanguage":"fr-FR"},{"@type":"WebPage","@id":"https:\/\/www.bellunopress.it\/2013\/01\/08\/domenica-al-teatro-comunale-ritorna-comincio-dai-tre\/","url":"https:\/\/www.bellunopress.it\/2013\/01\/08\/domenica-al-teatro-comunale-ritorna-comincio-dai-tre\/","name":"Domenica al Teatro comunale ritorna Comincio dai tre - Bellunopress - Dolomiti","isPartOf":{"@id":"https:\/\/www.bellunopress.it\/#website"},"primaryImageOfPage":{"@id":"https:\/\/www.bellunopress.it\/2013\/01\/08\/domenica-al-teatro-comunale-ritorna-comincio-dai-tre\/#primaryimage"},"image":{"@id":"https:\/\/www.bellunopress.it\/2013\/01\/08\/domenica-al-teatro-comunale-ritorna-comincio-dai-tre\/#primaryimage"},"thumbnailUrl":"http:\/\/www.bellunopress.it\/wp-content\/uploads\/2011\/12\/teatro-comunale-notte.jpg","datePublished":"2013-01-08T05:32:34+00:00","dateModified":"2013-01-08T05:46:49+00:00","breadcrumb":{"@id":"https:\/\/www.bellunopress.it\/2013\/01\/08\/domenica-al-teatro-comunale-ritorna-comincio-dai-tre\/#breadcrumb"},"inLanguage":"fr-FR","potentialAction":[{"@type":"ReadAction","target":["https:\/\/www.bellunopress.it\/2013\/01\/08\/domenica-al-teatro-comunale-ritorna-comincio-dai-tre\/"]}]},{"@type":"ImageObject","inLanguage":"fr-FR","@id":"https:\/\/www.bellunopress.it\/2013\/01\/08\/domenica-al-teatro-comunale-ritorna-comincio-dai-tre\/#primaryimage","url":"http:\/\/www.bellunopress.it\/wp-content\/uploads\/2011\/12\/teatro-comunale-notte.jpg","contentUrl":"http:\/\/www.bellunopress.it\/wp-content\/uploads\/2011\/12\/teatro-comunale-notte.jpg"},{"@type":"BreadcrumbList","@id":"https:\/\/www.bellunopress.it\/2013\/01\/08\/domenica-al-teatro-comunale-ritorna-comincio-dai-tre\/#breadcrumb","itemListElement":[{"@type":"ListItem","position":1,"name":"Home","item":"https:\/\/www.bellunopress.it\/"},{"@type":"ListItem","position":2,"name":"Domenica al Teatro comunale ritorna Comincio dai tre"}]},{"@type":"WebSite","@id":"https:\/\/www.bellunopress.it\/#website","url":"https:\/\/www.bellunopress.it\/","name":"Bellunopress - Dolomiti","description":"e-mail: redazione@bellunopress.it","publisher":{"@id":"https:\/\/www.bellunopress.it\/#organization"},"potentialAction":[{"@type":"SearchAction","target":{"@type":"EntryPoint","urlTemplate":"https:\/\/www.bellunopress.it\/?s={search_term_string}"},"query-input":{"@type":"PropertyValueSpecification","valueRequired":true,"valueName":"search_term_string"}}],"inLanguage":"fr-FR"},{"@type":"Organization","@id":"https:\/\/www.bellunopress.it\/#organization","name":"Bellunopress","url":"https:\/\/www.bellunopress.it\/","logo":{"@type":"ImageObject","inLanguage":"fr-FR","@id":"https:\/\/www.bellunopress.it\/#\/schema\/logo\/image\/","url":"https:\/\/www.bellunopress.it\/wp-content\/uploads\/2011\/05\/cropped-logo-bellunopress-.jpg","contentUrl":"https:\/\/www.bellunopress.it\/wp-content\/uploads\/2011\/05\/cropped-logo-bellunopress-.jpg","width":512,"height":512,"caption":"Bellunopress"},"image":{"@id":"https:\/\/www.bellunopress.it\/#\/schema\/logo\/image\/"},"sameAs":["https:\/\/www.facebook.com\/profile.php?id=100008943462799","https:\/\/x.com\/bellunopress","https:\/\/www.linkedin.com\/hp\/?dnr=JBzUWaJfMUw8vbXJJ2tVW5-I3jZKvC4wsoxE&amp;amp;amp;amp;amp;amp;trk=nav_responsive_tab_home","https:\/\/www.youtube.com\/channel\/UCxL0wu1uN0_3_7hGG0306cw"]},{"@type":"Person","@id":"https:\/\/www.bellunopress.it\/#\/schema\/person\/79bb06722b37ece1c03d3e94beb30d73","name":"r\u00e9daction","image":{"@type":"ImageObject","inLanguage":"fr-FR","@id":"https:\/\/secure.gravatar.com\/avatar\/37d968a2e67a6fd04c169c4bdef102d0bc5d31b2546345219e348575eb80e9a0?s=96&d=mm&r=g","url":"https:\/\/secure.gravatar.com\/avatar\/37d968a2e67a6fd04c169c4bdef102d0bc5d31b2546345219e348575eb80e9a0?s=96&d=mm&r=g","contentUrl":"https:\/\/secure.gravatar.com\/avatar\/37d968a2e67a6fd04c169c4bdef102d0bc5d31b2546345219e348575eb80e9a0?s=96&d=mm&r=g","caption":"redazione"},"sameAs":["http:\/\/www.bellunopress.it","https:\/\/x.com\/bellunopress"],"url":"https:\/\/www.bellunopress.it\/fr\/author\/redazione\/"}]}},"_links":{"self":[{"href":"https:\/\/www.bellunopress.it\/fr\/wp-json\/wp\/v2\/posts\/45470","targetHints":{"allow":["GET"]}}],"collection":[{"href":"https:\/\/www.bellunopress.it\/fr\/wp-json\/wp\/v2\/posts"}],"about":[{"href":"https:\/\/www.bellunopress.it\/fr\/wp-json\/wp\/v2\/types\/post"}],"author":[{"embeddable":true,"href":"https:\/\/www.bellunopress.it\/fr\/wp-json\/wp\/v2\/users\/2"}],"replies":[{"embeddable":true,"href":"https:\/\/www.bellunopress.it\/fr\/wp-json\/wp\/v2\/comments?post=45470"}],"version-history":[{"count":4,"href":"https:\/\/www.bellunopress.it\/fr\/wp-json\/wp\/v2\/posts\/45470\/revisions"}],"predecessor-version":[{"id":45474,"href":"https:\/\/www.bellunopress.it\/fr\/wp-json\/wp\/v2\/posts\/45470\/revisions\/45474"}],"wp:attachment":[{"href":"https:\/\/www.bellunopress.it\/fr\/wp-json\/wp\/v2\/media?parent=45470"}],"wp:term":[{"taxonomy":"category","embeddable":true,"href":"https:\/\/www.bellunopress.it\/fr\/wp-json\/wp\/v2\/categories?post=45470"},{"taxonomy":"post_tag","embeddable":true,"href":"https:\/\/www.bellunopress.it\/fr\/wp-json\/wp\/v2\/tags?post=45470"}],"curies":[{"name":"wp","href":"https:\/\/api.w.org\/{rel}","templated":true}]}}