{"id":4543,"date":"2009-06-07T14:26:58","date_gmt":"2009-06-07T13:26:58","guid":{"rendered":"http:\/\/www.bellunopress.it\/?p=4543"},"modified":"2009-06-08T11:30:53","modified_gmt":"2009-06-08T10:30:53","slug":"affluenza-in-calo-rispetto-al-2004-alle-ore-12-di-oggi-hanno-votato-solo-il-2879-per-le-europee-e-il-2733-per-le-provinciali","status":"publish","type":"post","link":"https:\/\/www.bellunopress.it\/fr\/2009\/06\/07\/affluenza-in-calo-rispetto-al-2004-alle-ore-12-di-oggi-hanno-votato-solo-il-2879-per-le-europee-e-il-2733-per-le-provinciali\/","title":{"rendered":"Diminuisce l&#8217;affluenza alle urne rispetto al 2004: ha votato il 62,42% per le europee e il 59,23% per le provinciali"},"content":{"rendered":"<p><a href=\"http:\/\/www.bellunopress.it\/wp-content\/uploads\/2009\/06\/seggio-elettorale-180x254.jpg\"><img loading=\"lazy\" decoding=\"async\" class=\"alignleft size-medium wp-image-4544\" title=\"seggio-elettorale-180x254\" src=\"http:\/\/www.bellunopress.it\/wp-content\/uploads\/2009\/06\/seggio-elettorale-180x254.jpg\" alt=\"\" width=\"180\" height=\"254\" \/><\/a><\/p>\n<p>Diminuisce l&#8217;affluenza alle urne rispetto a cinque anni fa.\u00a0Ha votato il 62,42% per le europee e il 59,23% per le provinciali. Nel capoluogo le percentuali sono del 62,47 per le europee e del 59,68 per le provinciali. Alle ore 19 l&#8217;affluenza ai seggi della nostra Provincia \u00e8 stata del 51,72% per le europee e del 49,11 per le provinciali. Nel capoluogo il 49,27% per le europee e 46,75 per le provinciali. Alle ore 12 nei 247 seggi in Provincia avevano votato soltanto il 28,79% di elettori per le europee e il 27,33% alle provinciali. Affluenza ancora pi\u00f9 bassa nel capoluogo, dove la percentuale di votanti alle ore 12 nei 34 seggi era del 26,18% per le europee e del 25,04 per le provinciali. Se confrontiamo i dati di affluenza alle urne con quelli delle provinciali del 2004, notiamo che la percentuale di oggi \u00e8 di qualche punto pi\u00f9 bassa: cinque anni fa, infatti, alle ore 12 era del 29,64% in provincia e del 31,23% nel capoluogo. La maggioranza degli elettori generalmente raggiunge i seggi nel pomeriggio della domenica, tant&#8217;\u00e8 che la percentuale di affluenza nel 2004 ad urne chiuse saliva al 64,17% in provincia e al 66,53% nel capoluogo. Gli aventi diritto al voto in Provincia per le europee 2009 sono 193.940 e nel capoluogo 31.296. Mentre\u00a0 per le provinciali 2009 sono 204.017 e nel capoluogo 32.631. La differenza nel numero di aventi diritto tra europee e amministrative provinciali \u00e8 dovuta ai cittadini italiani residente all&#8217;estero, che petr le provinciali possono votare nei collegi dei Comuni dove sono iscritti (Aire anagrafe italiani residenti all&#8217;estero), mentre per il voto alle europee all&#8217;interno dell&#8217;Unione europea si recano al Consolato italiano.\u00a0 I dati sono forniti dalla Prefettura di Belluno.<\/p>","protected":false},"excerpt":{"rendered":"<p>Diminuisce l&#8217;affluenza alle urne rispetto a cinque anni fa.\u00a0Ha votato il 62,42% per le europee e il 59,23% per le provinciali. Nel capoluogo le percentuali sono del 62,47 per le europee e del 59,68 per le provinciali. Alle ore 19 l&#8217;affluenza ai seggi della nostra Provincia \u00e8 stata del 51,72% per le europee e del [&hellip;]<\/p>\n","protected":false},"author":2,"featured_media":0,"comment_status":"closed","ping_status":"open","sticky":false,"template":"","format":"standard","meta":{"footnotes":""},"categories":[5,26],"tags":[139],"class_list":["post-4543","post","type-post","status-publish","format-standard","category-cronaca","category-prima-pagina","tag-belluno"],"yoast_head":"<!-- This site is optimized with the Yoast SEO plugin v28.4 - https:\/\/yoast.com\/product\/yoast-seo-wordpress\/ -->\n<title>Diminuisce l&#039;affluenza alle urne rispetto al 2004: ha votato il 62,42% per le europee e il 59,23% per le provinciali  - Bellunopress - Dolomiti<\/title>\n<meta name=\"robots\" content=\"index, follow, max-snippet:-1, max-image-preview:large, max-video-preview:-1\" \/>\n<link rel=\"canonical\" href=\"https:\/\/www.bellunopress.it\/fr\/2009\/06\/07\/affluenza-in-calo-rispetto-al-2004-alle-ore-12-di-oggi-hanno-votato-solo-il-2879-per-le-europee-e-il-2733-per-le-provinciali\/\" \/>\n<meta property=\"og:locale\" content=\"fr_FR\" \/>\n<meta property=\"og:type\" content=\"article\" \/>\n<meta property=\"og:title\" content=\"Diminuisce l&#039;affluenza alle urne rispetto al 2004: ha votato il 62,42% per le europee e il 59,23% per le provinciali  - Bellunopress - Dolomiti\" \/>\n<meta property=\"og:description\" content=\"Diminuisce l&#8217;affluenza alle urne rispetto a cinque anni fa.\u00a0Ha votato il 62,42% per le europee e il 59,23% per le provinciali. Nel capoluogo le percentuali sono del 62,47 per le europee e del 59,68 per le provinciali. Alle ore 19 l&#8217;affluenza ai seggi della nostra Provincia \u00e8 stata del 51,72% per le europee e del [&hellip;]\" \/>\n<meta property=\"og:url\" content=\"https:\/\/www.bellunopress.it\/fr\/2009\/06\/07\/affluenza-in-calo-rispetto-al-2004-alle-ore-12-di-oggi-hanno-votato-solo-il-2879-per-le-europee-e-il-2733-per-le-provinciali\/\" \/>\n<meta property=\"og:site_name\" content=\"Bellunopress - Dolomiti\" \/>\n<meta property=\"article:publisher\" content=\"https:\/\/www.facebook.com\/profile.php?id=100008943462799\" \/>\n<meta property=\"article:published_time\" content=\"2009-06-07T13:26:58+00:00\" \/>\n<meta property=\"article:modified_time\" content=\"2009-06-08T10:30:53+00:00\" \/>\n<meta property=\"og:image\" content=\"http:\/\/www.bellunopress.it\/wp-content\/uploads\/2009\/06\/seggio-elettorale-180x254.jpg\" \/>\n<meta name=\"author\" content=\"redazione\" \/>\n<meta name=\"twitter:card\" content=\"summary_large_image\" \/>\n<meta name=\"twitter:creator\" content=\"@bellunopress\" \/>\n<meta name=\"twitter:site\" content=\"@bellunopress\" \/>\n<meta name=\"twitter:label1\" content=\"\u00c9crit par\" \/>\n\t<meta name=\"twitter:data1\" content=\"redazione\" \/>\n\t<meta name=\"twitter:label2\" content=\"Dur\u00e9e de lecture estim\u00e9e\" \/>\n\t<meta name=\"twitter:data2\" content=\"1 minute\" \/>\n<script type=\"application\/ld+json\" class=\"yoast-schema-graph\">{\"@context\":\"https:\\\/\\\/schema.org\",\"@graph\":[{\"@type\":\"Article\",\"@id\":\"https:\\\/\\\/www.bellunopress.it\\\/2009\\\/06\\\/07\\\/affluenza-in-calo-rispetto-al-2004-alle-ore-12-di-oggi-hanno-votato-solo-il-2879-per-le-europee-e-il-2733-per-le-provinciali\\\/#article\",\"isPartOf\":{\"@id\":\"https:\\\/\\\/www.bellunopress.it\\\/2009\\\/06\\\/07\\\/affluenza-in-calo-rispetto-al-2004-alle-ore-12-di-oggi-hanno-votato-solo-il-2879-per-le-europee-e-il-2733-per-le-provinciali\\\/\"},\"author\":{\"name\":\"redazione\",\"@id\":\"https:\\\/\\\/www.bellunopress.it\\\/#\\\/schema\\\/person\\\/79bb06722b37ece1c03d3e94beb30d73\"},\"headline\":\"Diminuisce l&#8217;affluenza alle urne rispetto al 2004: ha votato il 62,42% per le europee e il 59,23% per le provinciali\",\"datePublished\":\"2009-06-07T13:26:58+00:00\",\"dateModified\":\"2009-06-08T10:30:53+00:00\",\"mainEntityOfPage\":{\"@id\":\"https:\\\/\\\/www.bellunopress.it\\\/2009\\\/06\\\/07\\\/affluenza-in-calo-rispetto-al-2004-alle-ore-12-di-oggi-hanno-votato-solo-il-2879-per-le-europee-e-il-2733-per-le-provinciali\\\/\"},\"wordCount\":278,\"publisher\":{\"@id\":\"https:\\\/\\\/www.bellunopress.it\\\/#organization\"},\"image\":{\"@id\":\"https:\\\/\\\/www.bellunopress.it\\\/2009\\\/06\\\/07\\\/affluenza-in-calo-rispetto-al-2004-alle-ore-12-di-oggi-hanno-votato-solo-il-2879-per-le-europee-e-il-2733-per-le-provinciali\\\/#primaryimage\"},\"thumbnailUrl\":\"http:\\\/\\\/www.bellunopress.it\\\/wp-content\\\/uploads\\\/2009\\\/06\\\/seggio-elettorale-180x254.jpg\",\"keywords\":[\"Belluno\"],\"articleSection\":[\"Cronaca\\\/Politica\",\"Prima Pagina\"],\"inLanguage\":\"fr-FR\"},{\"@type\":\"WebPage\",\"@id\":\"https:\\\/\\\/www.bellunopress.it\\\/2009\\\/06\\\/07\\\/affluenza-in-calo-rispetto-al-2004-alle-ore-12-di-oggi-hanno-votato-solo-il-2879-per-le-europee-e-il-2733-per-le-provinciali\\\/\",\"url\":\"https:\\\/\\\/www.bellunopress.it\\\/2009\\\/06\\\/07\\\/affluenza-in-calo-rispetto-al-2004-alle-ore-12-di-oggi-hanno-votato-solo-il-2879-per-le-europee-e-il-2733-per-le-provinciali\\\/\",\"name\":\"Diminuisce l'affluenza alle urne rispetto al 2004: ha votato il 62,42% per le europee e il 59,23% per le provinciali - Bellunopress - Dolomiti\",\"isPartOf\":{\"@id\":\"https:\\\/\\\/www.bellunopress.it\\\/#website\"},\"primaryImageOfPage\":{\"@id\":\"https:\\\/\\\/www.bellunopress.it\\\/2009\\\/06\\\/07\\\/affluenza-in-calo-rispetto-al-2004-alle-ore-12-di-oggi-hanno-votato-solo-il-2879-per-le-europee-e-il-2733-per-le-provinciali\\\/#primaryimage\"},\"image\":{\"@id\":\"https:\\\/\\\/www.bellunopress.it\\\/2009\\\/06\\\/07\\\/affluenza-in-calo-rispetto-al-2004-alle-ore-12-di-oggi-hanno-votato-solo-il-2879-per-le-europee-e-il-2733-per-le-provinciali\\\/#primaryimage\"},\"thumbnailUrl\":\"http:\\\/\\\/www.bellunopress.it\\\/wp-content\\\/uploads\\\/2009\\\/06\\\/seggio-elettorale-180x254.jpg\",\"datePublished\":\"2009-06-07T13:26:58+00:00\",\"dateModified\":\"2009-06-08T10:30:53+00:00\",\"breadcrumb\":{\"@id\":\"https:\\\/\\\/www.bellunopress.it\\\/2009\\\/06\\\/07\\\/affluenza-in-calo-rispetto-al-2004-alle-ore-12-di-oggi-hanno-votato-solo-il-2879-per-le-europee-e-il-2733-per-le-provinciali\\\/#breadcrumb\"},\"inLanguage\":\"fr-FR\",\"potentialAction\":[{\"@type\":\"ReadAction\",\"target\":[\"https:\\\/\\\/www.bellunopress.it\\\/2009\\\/06\\\/07\\\/affluenza-in-calo-rispetto-al-2004-alle-ore-12-di-oggi-hanno-votato-solo-il-2879-per-le-europee-e-il-2733-per-le-provinciali\\\/\"]}]},{\"@type\":\"ImageObject\",\"inLanguage\":\"fr-FR\",\"@id\":\"https:\\\/\\\/www.bellunopress.it\\\/2009\\\/06\\\/07\\\/affluenza-in-calo-rispetto-al-2004-alle-ore-12-di-oggi-hanno-votato-solo-il-2879-per-le-europee-e-il-2733-per-le-provinciali\\\/#primaryimage\",\"url\":\"http:\\\/\\\/www.bellunopress.it\\\/wp-content\\\/uploads\\\/2009\\\/06\\\/seggio-elettorale-180x254.jpg\",\"contentUrl\":\"http:\\\/\\\/www.bellunopress.it\\\/wp-content\\\/uploads\\\/2009\\\/06\\\/seggio-elettorale-180x254.jpg\"},{\"@type\":\"BreadcrumbList\",\"@id\":\"https:\\\/\\\/www.bellunopress.it\\\/2009\\\/06\\\/07\\\/affluenza-in-calo-rispetto-al-2004-alle-ore-12-di-oggi-hanno-votato-solo-il-2879-per-le-europee-e-il-2733-per-le-provinciali\\\/#breadcrumb\",\"itemListElement\":[{\"@type\":\"ListItem\",\"position\":1,\"name\":\"Home\",\"item\":\"https:\\\/\\\/www.bellunopress.it\\\/\"},{\"@type\":\"ListItem\",\"position\":2,\"name\":\"Diminuisce l&#8217;affluenza alle urne rispetto al 2004: ha votato il 62,42% per le europee e il 59,23% per le provinciali\"}]},{\"@type\":\"WebSite\",\"@id\":\"https:\\\/\\\/www.bellunopress.it\\\/#website\",\"url\":\"https:\\\/\\\/www.bellunopress.it\\\/\",\"name\":\"Bellunopress - Dolomiti\",\"description\":\"e-mail: redazione@bellunopress.it\",\"publisher\":{\"@id\":\"https:\\\/\\\/www.bellunopress.it\\\/#organization\"},\"potentialAction\":[{\"@type\":\"SearchAction\",\"target\":{\"@type\":\"EntryPoint\",\"urlTemplate\":\"https:\\\/\\\/www.bellunopress.it\\\/?s={search_term_string}\"},\"query-input\":{\"@type\":\"PropertyValueSpecification\",\"valueRequired\":true,\"valueName\":\"search_term_string\"}}],\"inLanguage\":\"fr-FR\"},{\"@type\":\"Organization\",\"@id\":\"https:\\\/\\\/www.bellunopress.it\\\/#organization\",\"name\":\"Bellunopress\",\"url\":\"https:\\\/\\\/www.bellunopress.it\\\/\",\"logo\":{\"@type\":\"ImageObject\",\"inLanguage\":\"fr-FR\",\"@id\":\"https:\\\/\\\/www.bellunopress.it\\\/#\\\/schema\\\/logo\\\/image\\\/\",\"url\":\"https:\\\/\\\/www.bellunopress.it\\\/wp-content\\\/uploads\\\/2011\\\/05\\\/cropped-logo-bellunopress-.jpg\",\"contentUrl\":\"https:\\\/\\\/www.bellunopress.it\\\/wp-content\\\/uploads\\\/2011\\\/05\\\/cropped-logo-bellunopress-.jpg\",\"width\":512,\"height\":512,\"caption\":\"Bellunopress\"},\"image\":{\"@id\":\"https:\\\/\\\/www.bellunopress.it\\\/#\\\/schema\\\/logo\\\/image\\\/\"},\"sameAs\":[\"https:\\\/\\\/www.facebook.com\\\/profile.php?id=100008943462799\",\"https:\\\/\\\/x.com\\\/bellunopress\",\"https:\\\/\\\/www.linkedin.com\\\/hp\\\/?dnr=JBzUWaJfMUw8vbXJJ2tVW5-I3jZKvC4wsoxE&amp;amp;amp;amp;amp;amp;trk=nav_responsive_tab_home\",\"https:\\\/\\\/www.youtube.com\\\/channel\\\/UCxL0wu1uN0_3_7hGG0306cw\"]},{\"@type\":\"Person\",\"@id\":\"https:\\\/\\\/www.bellunopress.it\\\/#\\\/schema\\\/person\\\/79bb06722b37ece1c03d3e94beb30d73\",\"name\":\"redazione\",\"image\":{\"@type\":\"ImageObject\",\"inLanguage\":\"fr-FR\",\"@id\":\"https:\\\/\\\/secure.gravatar.com\\\/avatar\\\/37d968a2e67a6fd04c169c4bdef102d0bc5d31b2546345219e348575eb80e9a0?s=96&d=mm&r=g\",\"url\":\"https:\\\/\\\/secure.gravatar.com\\\/avatar\\\/37d968a2e67a6fd04c169c4bdef102d0bc5d31b2546345219e348575eb80e9a0?s=96&d=mm&r=g\",\"contentUrl\":\"https:\\\/\\\/secure.gravatar.com\\\/avatar\\\/37d968a2e67a6fd04c169c4bdef102d0bc5d31b2546345219e348575eb80e9a0?s=96&d=mm&r=g\",\"caption\":\"redazione\"},\"sameAs\":[\"http:\\\/\\\/www.bellunopress.it\",\"https:\\\/\\\/x.com\\\/bellunopress\"],\"url\":\"https:\\\/\\\/www.bellunopress.it\\\/fr\\\/author\\\/redazione\\\/\"}]}<\/script>\n<!-- \/ Yoast SEO plugin. -->","yoast_head_json":{"title":"Diminuisce l'affluenza alle urne rispetto al 2004: ha votato il 62,42% per le europee e il 59,23% per le provinciali  - Bellunopress - Dolomiti","robots":{"index":"index","follow":"follow","max-snippet":"max-snippet:-1","max-image-preview":"max-image-preview:large","max-video-preview":"max-video-preview:-1"},"canonical":"https:\/\/www.bellunopress.it\/fr\/2009\/06\/07\/affluenza-in-calo-rispetto-al-2004-alle-ore-12-di-oggi-hanno-votato-solo-il-2879-per-le-europee-e-il-2733-per-le-provinciali\/","og_locale":"fr_FR","og_type":"article","og_title":"Diminuisce l'affluenza alle urne rispetto al 2004: ha votato il 62,42% per le europee e il 59,23% per le provinciali  - Bellunopress - Dolomiti","og_description":"Diminuisce l&#8217;affluenza alle urne rispetto a cinque anni fa.\u00a0Ha votato il 62,42% per le europee e il 59,23% per le provinciali. Nel capoluogo le percentuali sono del 62,47 per le europee e del 59,68 per le provinciali. Alle ore 19 l&#8217;affluenza ai seggi della nostra Provincia \u00e8 stata del 51,72% per le europee e del [&hellip;]","og_url":"https:\/\/www.bellunopress.it\/fr\/2009\/06\/07\/affluenza-in-calo-rispetto-al-2004-alle-ore-12-di-oggi-hanno-votato-solo-il-2879-per-le-europee-e-il-2733-per-le-provinciali\/","og_site_name":"Bellunopress - Dolomiti","article_publisher":"https:\/\/www.facebook.com\/profile.php?id=100008943462799","article_published_time":"2009-06-07T13:26:58+00:00","article_modified_time":"2009-06-08T10:30:53+00:00","og_image":[{"url":"http:\/\/www.bellunopress.it\/wp-content\/uploads\/2009\/06\/seggio-elettorale-180x254.jpg","type":"","width":"","height":""}],"author":"redazione","twitter_card":"summary_large_image","twitter_creator":"@bellunopress","twitter_site":"@bellunopress","twitter_misc":{"\u00c9crit par":"redazione","Dur\u00e9e de lecture estim\u00e9e":"1 minute"},"schema":{"@context":"https:\/\/schema.org","@graph":[{"@type":"Article","@id":"https:\/\/www.bellunopress.it\/2009\/06\/07\/affluenza-in-calo-rispetto-al-2004-alle-ore-12-di-oggi-hanno-votato-solo-il-2879-per-le-europee-e-il-2733-per-le-provinciali\/#article","isPartOf":{"@id":"https:\/\/www.bellunopress.it\/2009\/06\/07\/affluenza-in-calo-rispetto-al-2004-alle-ore-12-di-oggi-hanno-votato-solo-il-2879-per-le-europee-e-il-2733-per-le-provinciali\/"},"author":{"name":"redazione","@id":"https:\/\/www.bellunopress.it\/#\/schema\/person\/79bb06722b37ece1c03d3e94beb30d73"},"headline":"Diminuisce l&#8217;affluenza alle urne rispetto al 2004: ha votato il 62,42% per le europee e il 59,23% per le provinciali","datePublished":"2009-06-07T13:26:58+00:00","dateModified":"2009-06-08T10:30:53+00:00","mainEntityOfPage":{"@id":"https:\/\/www.bellunopress.it\/2009\/06\/07\/affluenza-in-calo-rispetto-al-2004-alle-ore-12-di-oggi-hanno-votato-solo-il-2879-per-le-europee-e-il-2733-per-le-provinciali\/"},"wordCount":278,"publisher":{"@id":"https:\/\/www.bellunopress.it\/#organization"},"image":{"@id":"https:\/\/www.bellunopress.it\/2009\/06\/07\/affluenza-in-calo-rispetto-al-2004-alle-ore-12-di-oggi-hanno-votato-solo-il-2879-per-le-europee-e-il-2733-per-le-provinciali\/#primaryimage"},"thumbnailUrl":"http:\/\/www.bellunopress.it\/wp-content\/uploads\/2009\/06\/seggio-elettorale-180x254.jpg","keywords":["Belluno"],"articleSection":["Cronaca\/Politica","Prima Pagina"],"inLanguage":"fr-FR"},{"@type":"WebPage","@id":"https:\/\/www.bellunopress.it\/2009\/06\/07\/affluenza-in-calo-rispetto-al-2004-alle-ore-12-di-oggi-hanno-votato-solo-il-2879-per-le-europee-e-il-2733-per-le-provinciali\/","url":"https:\/\/www.bellunopress.it\/2009\/06\/07\/affluenza-in-calo-rispetto-al-2004-alle-ore-12-di-oggi-hanno-votato-solo-il-2879-per-le-europee-e-il-2733-per-le-provinciali\/","name":"Diminuisce l'affluenza alle urne rispetto al 2004: ha votato il 62,42% per le europee e il 59,23% per le provinciali - Bellunopress - Dolomiti","isPartOf":{"@id":"https:\/\/www.bellunopress.it\/#website"},"primaryImageOfPage":{"@id":"https:\/\/www.bellunopress.it\/2009\/06\/07\/affluenza-in-calo-rispetto-al-2004-alle-ore-12-di-oggi-hanno-votato-solo-il-2879-per-le-europee-e-il-2733-per-le-provinciali\/#primaryimage"},"image":{"@id":"https:\/\/www.bellunopress.it\/2009\/06\/07\/affluenza-in-calo-rispetto-al-2004-alle-ore-12-di-oggi-hanno-votato-solo-il-2879-per-le-europee-e-il-2733-per-le-provinciali\/#primaryimage"},"thumbnailUrl":"http:\/\/www.bellunopress.it\/wp-content\/uploads\/2009\/06\/seggio-elettorale-180x254.jpg","datePublished":"2009-06-07T13:26:58+00:00","dateModified":"2009-06-08T10:30:53+00:00","breadcrumb":{"@id":"https:\/\/www.bellunopress.it\/2009\/06\/07\/affluenza-in-calo-rispetto-al-2004-alle-ore-12-di-oggi-hanno-votato-solo-il-2879-per-le-europee-e-il-2733-per-le-provinciali\/#breadcrumb"},"inLanguage":"fr-FR","potentialAction":[{"@type":"ReadAction","target":["https:\/\/www.bellunopress.it\/2009\/06\/07\/affluenza-in-calo-rispetto-al-2004-alle-ore-12-di-oggi-hanno-votato-solo-il-2879-per-le-europee-e-il-2733-per-le-provinciali\/"]}]},{"@type":"ImageObject","inLanguage":"fr-FR","@id":"https:\/\/www.bellunopress.it\/2009\/06\/07\/affluenza-in-calo-rispetto-al-2004-alle-ore-12-di-oggi-hanno-votato-solo-il-2879-per-le-europee-e-il-2733-per-le-provinciali\/#primaryimage","url":"http:\/\/www.bellunopress.it\/wp-content\/uploads\/2009\/06\/seggio-elettorale-180x254.jpg","contentUrl":"http:\/\/www.bellunopress.it\/wp-content\/uploads\/2009\/06\/seggio-elettorale-180x254.jpg"},{"@type":"BreadcrumbList","@id":"https:\/\/www.bellunopress.it\/2009\/06\/07\/affluenza-in-calo-rispetto-al-2004-alle-ore-12-di-oggi-hanno-votato-solo-il-2879-per-le-europee-e-il-2733-per-le-provinciali\/#breadcrumb","itemListElement":[{"@type":"ListItem","position":1,"name":"Home","item":"https:\/\/www.bellunopress.it\/"},{"@type":"ListItem","position":2,"name":"Diminuisce l&#8217;affluenza alle urne rispetto al 2004: ha votato il 62,42% per le europee e il 59,23% per le provinciali"}]},{"@type":"WebSite","@id":"https:\/\/www.bellunopress.it\/#website","url":"https:\/\/www.bellunopress.it\/","name":"Bellunopress - Dolomiti","description":"e-mail: redazione@bellunopress.it","publisher":{"@id":"https:\/\/www.bellunopress.it\/#organization"},"potentialAction":[{"@type":"SearchAction","target":{"@type":"EntryPoint","urlTemplate":"https:\/\/www.bellunopress.it\/?s={search_term_string}"},"query-input":{"@type":"PropertyValueSpecification","valueRequired":true,"valueName":"search_term_string"}}],"inLanguage":"fr-FR"},{"@type":"Organization","@id":"https:\/\/www.bellunopress.it\/#organization","name":"Bellunopress","url":"https:\/\/www.bellunopress.it\/","logo":{"@type":"ImageObject","inLanguage":"fr-FR","@id":"https:\/\/www.bellunopress.it\/#\/schema\/logo\/image\/","url":"https:\/\/www.bellunopress.it\/wp-content\/uploads\/2011\/05\/cropped-logo-bellunopress-.jpg","contentUrl":"https:\/\/www.bellunopress.it\/wp-content\/uploads\/2011\/05\/cropped-logo-bellunopress-.jpg","width":512,"height":512,"caption":"Bellunopress"},"image":{"@id":"https:\/\/www.bellunopress.it\/#\/schema\/logo\/image\/"},"sameAs":["https:\/\/www.facebook.com\/profile.php?id=100008943462799","https:\/\/x.com\/bellunopress","https:\/\/www.linkedin.com\/hp\/?dnr=JBzUWaJfMUw8vbXJJ2tVW5-I3jZKvC4wsoxE&amp;amp;amp;amp;amp;amp;trk=nav_responsive_tab_home","https:\/\/www.youtube.com\/channel\/UCxL0wu1uN0_3_7hGG0306cw"]},{"@type":"Person","@id":"https:\/\/www.bellunopress.it\/#\/schema\/person\/79bb06722b37ece1c03d3e94beb30d73","name":"r\u00e9daction","image":{"@type":"ImageObject","inLanguage":"fr-FR","@id":"https:\/\/secure.gravatar.com\/avatar\/37d968a2e67a6fd04c169c4bdef102d0bc5d31b2546345219e348575eb80e9a0?s=96&d=mm&r=g","url":"https:\/\/secure.gravatar.com\/avatar\/37d968a2e67a6fd04c169c4bdef102d0bc5d31b2546345219e348575eb80e9a0?s=96&d=mm&r=g","contentUrl":"https:\/\/secure.gravatar.com\/avatar\/37d968a2e67a6fd04c169c4bdef102d0bc5d31b2546345219e348575eb80e9a0?s=96&d=mm&r=g","caption":"redazione"},"sameAs":["http:\/\/www.bellunopress.it","https:\/\/x.com\/bellunopress"],"url":"https:\/\/www.bellunopress.it\/fr\/author\/redazione\/"}]}},"_links":{"self":[{"href":"https:\/\/www.bellunopress.it\/fr\/wp-json\/wp\/v2\/posts\/4543","targetHints":{"allow":["GET"]}}],"collection":[{"href":"https:\/\/www.bellunopress.it\/fr\/wp-json\/wp\/v2\/posts"}],"about":[{"href":"https:\/\/www.bellunopress.it\/fr\/wp-json\/wp\/v2\/types\/post"}],"author":[{"embeddable":true,"href":"https:\/\/www.bellunopress.it\/fr\/wp-json\/wp\/v2\/users\/2"}],"replies":[{"embeddable":true,"href":"https:\/\/www.bellunopress.it\/fr\/wp-json\/wp\/v2\/comments?post=4543"}],"version-history":[{"count":9,"href":"https:\/\/www.bellunopress.it\/fr\/wp-json\/wp\/v2\/posts\/4543\/revisions"}],"predecessor-version":[{"id":4580,"href":"https:\/\/www.bellunopress.it\/fr\/wp-json\/wp\/v2\/posts\/4543\/revisions\/4580"}],"wp:attachment":[{"href":"https:\/\/www.bellunopress.it\/fr\/wp-json\/wp\/v2\/media?parent=4543"}],"wp:term":[{"taxonomy":"category","embeddable":true,"href":"https:\/\/www.bellunopress.it\/fr\/wp-json\/wp\/v2\/categories?post=4543"},{"taxonomy":"post_tag","embeddable":true,"href":"https:\/\/www.bellunopress.it\/fr\/wp-json\/wp\/v2\/tags?post=4543"}],"curies":[{"name":"wp","href":"https:\/\/api.w.org\/{rel}","templated":true}]}}