{"id":45403,"date":"2013-01-04T22:00:56","date_gmt":"2013-01-04T21:00:56","guid":{"rendered":"http:\/\/www.bellunopress.it\/?p=45403"},"modified":"2013-01-04T22:00:56","modified_gmt":"2013-01-04T21:00:56","slug":"sabato-a-cortina-gian-antonio-stella-presenta-i-misteri-di-via-dellamorino-allalexander-girardi-hall-ore-18","status":"publish","type":"post","link":"https:\/\/www.bellunopress.it\/fr\/2013\/01\/04\/sabato-a-cortina-gian-antonio-stella-presenta-i-misteri-di-via-dellamorino-allalexander-girardi-hall-ore-18\/","title":{"rendered":"Sabato a Cortina Gian Antonio Stella presenta I misteri di via dell&#8217;Amorino. All&#8217;Alexander Girardi Hall ore 18"},"content":{"rendered":"<p>Con i bestseller La Casta, La Deriva e Vandali ha descritto e denunciato gli abusi perpetrati dai nostri governanti e amministratori, sollevando l\u2019indignazione di migliaia di cittadini. E\u2019 Gian Antonio Stella il prossimo ospite di Una Montagna di Libri, la rassegna di incontri con l\u2019autore di Cortina d\u2019Ampezzo. Il giornalista del \u201cCorriere della Sera\u201d presenter\u00e0 \u201cI segreti di via dell\u2019Amorino\u201d (Rizzoli), il suo nuovo romanzo dedicato alla storia (vera) della \u201cReg\u00eca Tabacchi\u201d, la madre di tutte le tangenti, nella Firenze del Risorgimento. Con un occhio ai giorni nostri&#8230; Appuntamento sabato 5 gennaio, alle ore 18, presso l\u2019Alexander Girardi Hall di Cortina.<\/p>\n<p>&nbsp;<\/p>\n<figure id=\"attachment_18540\" aria-describedby=\"caption-attachment-18540\" style=\"width: 200px\" class=\"wp-caption alignleft\"><a href=\"http:\/\/www.bellunopress.it\/wp-content\/uploads\/2010\/08\/gian-antonio-stella.jpg\"><img loading=\"lazy\" decoding=\"async\" class=\"size-full wp-image-18540\" alt=\"Gian Antonio Stella\" src=\"http:\/\/www.bellunopress.it\/wp-content\/uploads\/2010\/08\/gian-antonio-stella.jpg\" width=\"200\" height=\"197\" \/><\/a><figcaption id=\"caption-attachment-18540\" class=\"wp-caption-text\">Gian Antonio Stella<\/figcaption><\/figure>\n<p>Gian Antonio Stella nato ad Asolo, originario di Asiago, \u00e8 inviato speciale ed editorialista del Corriere della Sera. Ha firmato per Rizzoli, in coppia con Sergio Rizzo, i bestseller La Casta, Cos\u00ec i politici italiani sono diventati intoccabili (2007), La Deriva, Perch\u00e9 l\u2019Italia rischia il naufragio (2008) e Vandali. L\u2019assalto alle bellezze d\u2019Italia (2011). Tra i suoi libri pi\u00f9 famosi anche L\u2019Orda (Rizzoli), in cui parla dell\u2019emigrazione italiana all\u2019estero, e Schei (Mondadori), un\u2019indagine sul Nordest d\u2019Italia.<\/p>\n<p>IL LIBRO. Come in un feuilleton d\u2019altri tempi, sullo sfondo di Firenze negli anni in cui era capitale, tra le quinte di un mondo politico affaristico e corrotto, si muovono faccendieri e maitresse, nobildonne prussiane e monaci rinnegati, spadaccini e ricattatori, magistrati integerrimi e giudici servili, patrioti idealisti e viscidi voltagabbana, povere peripatetiche divorate dalla sifilide e giornalisti dalla penna avvelenata. Intrighi, violenze, omicidi.<\/p>\n<p>Gian Antonio Stella riapre il giallo della Reg\u00eca Tabacchi, \u201cla madre di tutte le tangenti\u201d. Un romanzo che, attingendo ai documenti originali, racconta una storia cos\u00ec avvincente che pare inventata e invece \u00e8 drammaticamente vera. Al centro di tutto, la storia di un uomo perbene innamorato pazzo dell\u2019Italia e tradito nelle sue speranze e nei suoi sogni. Un uomo al quale finalmente viene restituito l\u2019onore.<\/p>\n<p>L\u2019appuntamento con Gian Antonio Stella \u00e8 quindi per sabato 5 gennaio 2013, ore 18, presso l\u2019Alexander Girardi Hall, in localit\u00e0 Pontechiesa. Ingresso libero fino a esaurimento posti.<\/p>\n<p>E\u2019 tutto pronto, intanto, per i prossimi appuntamenti di Una Montagna di Libri. Domenica 6 gennaio 2013, alle ore 16, al Museo d\u2019Arte Moderna Mario Rimoldi, B come Books, Befane Bewitched: laboratorio di scrittura creativa per bambini e ragazzi dai 5 ai 12 anni (maggiori dettagli nel prossimo comunicato).<\/p>","protected":false},"excerpt":{"rendered":"<p>Con i bestseller La Casta, La Deriva e Vandali ha descritto e denunciato gli abusi perpetrati dai nostri governanti e amministratori, sollevando l\u2019indignazione di migliaia di cittadini. E\u2019 Gian Antonio Stella il prossimo ospite di Una Montagna di Libri, la rassegna di incontri con l\u2019autore di Cortina d\u2019Ampezzo. Il giornalista del \u201cCorriere della Sera\u201d presenter\u00e0 [&hellip;]<\/p>\n","protected":false},"author":2,"featured_media":0,"comment_status":"closed","ping_status":"open","sticky":false,"template":"","format":"standard","meta":{"footnotes":""},"categories":[27,3,25],"tags":[],"class_list":["post-45403","post","type-post","status-publish","format-standard","category-appuntamenti","category-arte-cultura-spettacoli-scienza-archivi","category-pausa-caffe"],"yoast_head":"<!-- This site is optimized with the Yoast SEO plugin v28.4 - https:\/\/yoast.com\/product\/yoast-seo-wordpress\/ -->\n<title>Sabato a Cortina Gian Antonio Stella presenta I misteri di via dell&#039;Amorino. All&#039;Alexander Girardi Hall ore 18 - Bellunopress - Dolomiti<\/title>\n<meta name=\"robots\" content=\"index, follow, max-snippet:-1, max-image-preview:large, max-video-preview:-1\" \/>\n<link rel=\"canonical\" href=\"https:\/\/www.bellunopress.it\/fr\/2013\/01\/04\/sabato-a-cortina-gian-antonio-stella-presenta-i-misteri-di-via-dellamorino-allalexander-girardi-hall-ore-18\/\" \/>\n<meta property=\"og:locale\" content=\"fr_FR\" \/>\n<meta property=\"og:type\" content=\"article\" \/>\n<meta property=\"og:title\" content=\"Sabato a Cortina Gian Antonio Stella presenta I misteri di via dell&#039;Amorino. All&#039;Alexander Girardi Hall ore 18 - Bellunopress - Dolomiti\" \/>\n<meta property=\"og:description\" content=\"Con i bestseller La Casta, La Deriva e Vandali ha descritto e denunciato gli abusi perpetrati dai nostri governanti e amministratori, sollevando l\u2019indignazione di migliaia di cittadini. E\u2019 Gian Antonio Stella il prossimo ospite di Una Montagna di Libri, la rassegna di incontri con l\u2019autore di Cortina d\u2019Ampezzo. Il giornalista del \u201cCorriere della Sera\u201d presenter\u00e0 [&hellip;]\" \/>\n<meta property=\"og:url\" content=\"https:\/\/www.bellunopress.it\/fr\/2013\/01\/04\/sabato-a-cortina-gian-antonio-stella-presenta-i-misteri-di-via-dellamorino-allalexander-girardi-hall-ore-18\/\" \/>\n<meta property=\"og:site_name\" content=\"Bellunopress - Dolomiti\" \/>\n<meta property=\"article:publisher\" content=\"https:\/\/www.facebook.com\/profile.php?id=100008943462799\" \/>\n<meta property=\"article:published_time\" content=\"2013-01-04T21:00:56+00:00\" \/>\n<meta property=\"og:image\" content=\"http:\/\/www.bellunopress.it\/wp-content\/uploads\/2010\/08\/gian-antonio-stella.jpg\" \/>\n<meta name=\"author\" content=\"redazione\" \/>\n<meta name=\"twitter:card\" content=\"summary_large_image\" \/>\n<meta name=\"twitter:creator\" content=\"@bellunopress\" \/>\n<meta name=\"twitter:site\" content=\"@bellunopress\" \/>\n<meta name=\"twitter:label1\" content=\"\u00c9crit par\" \/>\n\t<meta name=\"twitter:data1\" content=\"redazione\" \/>\n\t<meta name=\"twitter:label2\" content=\"Dur\u00e9e de lecture estim\u00e9e\" \/>\n\t<meta name=\"twitter:data2\" content=\"2 minutes\" \/>\n<script type=\"application\/ld+json\" class=\"yoast-schema-graph\">{\"@context\":\"https:\\\/\\\/schema.org\",\"@graph\":[{\"@type\":\"Article\",\"@id\":\"https:\\\/\\\/www.bellunopress.it\\\/2013\\\/01\\\/04\\\/sabato-a-cortina-gian-antonio-stella-presenta-i-misteri-di-via-dellamorino-allalexander-girardi-hall-ore-18\\\/#article\",\"isPartOf\":{\"@id\":\"https:\\\/\\\/www.bellunopress.it\\\/2013\\\/01\\\/04\\\/sabato-a-cortina-gian-antonio-stella-presenta-i-misteri-di-via-dellamorino-allalexander-girardi-hall-ore-18\\\/\"},\"author\":{\"name\":\"redazione\",\"@id\":\"https:\\\/\\\/www.bellunopress.it\\\/#\\\/schema\\\/person\\\/79bb06722b37ece1c03d3e94beb30d73\"},\"headline\":\"Sabato a Cortina Gian Antonio Stella presenta I misteri di via dell&#8217;Amorino. All&#8217;Alexander Girardi Hall ore 18\",\"datePublished\":\"2013-01-04T21:00:56+00:00\",\"mainEntityOfPage\":{\"@id\":\"https:\\\/\\\/www.bellunopress.it\\\/2013\\\/01\\\/04\\\/sabato-a-cortina-gian-antonio-stella-presenta-i-misteri-di-via-dellamorino-allalexander-girardi-hall-ore-18\\\/\"},\"wordCount\":416,\"publisher\":{\"@id\":\"https:\\\/\\\/www.bellunopress.it\\\/#organization\"},\"image\":{\"@id\":\"https:\\\/\\\/www.bellunopress.it\\\/2013\\\/01\\\/04\\\/sabato-a-cortina-gian-antonio-stella-presenta-i-misteri-di-via-dellamorino-allalexander-girardi-hall-ore-18\\\/#primaryimage\"},\"thumbnailUrl\":\"http:\\\/\\\/www.bellunopress.it\\\/wp-content\\\/uploads\\\/2010\\\/08\\\/gian-antonio-stella.jpg\",\"articleSection\":[\"Appuntamenti, Eventi\",\"Arte, Cultura, Spettacoli, Scienza\",\"Pausa Caff\u00e8\"],\"inLanguage\":\"fr-FR\"},{\"@type\":\"WebPage\",\"@id\":\"https:\\\/\\\/www.bellunopress.it\\\/2013\\\/01\\\/04\\\/sabato-a-cortina-gian-antonio-stella-presenta-i-misteri-di-via-dellamorino-allalexander-girardi-hall-ore-18\\\/\",\"url\":\"https:\\\/\\\/www.bellunopress.it\\\/2013\\\/01\\\/04\\\/sabato-a-cortina-gian-antonio-stella-presenta-i-misteri-di-via-dellamorino-allalexander-girardi-hall-ore-18\\\/\",\"name\":\"Sabato a Cortina Gian Antonio Stella presenta I misteri di via dell'Amorino. All'Alexander Girardi Hall ore 18 - Bellunopress - Dolomiti\",\"isPartOf\":{\"@id\":\"https:\\\/\\\/www.bellunopress.it\\\/#website\"},\"primaryImageOfPage\":{\"@id\":\"https:\\\/\\\/www.bellunopress.it\\\/2013\\\/01\\\/04\\\/sabato-a-cortina-gian-antonio-stella-presenta-i-misteri-di-via-dellamorino-allalexander-girardi-hall-ore-18\\\/#primaryimage\"},\"image\":{\"@id\":\"https:\\\/\\\/www.bellunopress.it\\\/2013\\\/01\\\/04\\\/sabato-a-cortina-gian-antonio-stella-presenta-i-misteri-di-via-dellamorino-allalexander-girardi-hall-ore-18\\\/#primaryimage\"},\"thumbnailUrl\":\"http:\\\/\\\/www.bellunopress.it\\\/wp-content\\\/uploads\\\/2010\\\/08\\\/gian-antonio-stella.jpg\",\"datePublished\":\"2013-01-04T21:00:56+00:00\",\"breadcrumb\":{\"@id\":\"https:\\\/\\\/www.bellunopress.it\\\/2013\\\/01\\\/04\\\/sabato-a-cortina-gian-antonio-stella-presenta-i-misteri-di-via-dellamorino-allalexander-girardi-hall-ore-18\\\/#breadcrumb\"},\"inLanguage\":\"fr-FR\",\"potentialAction\":[{\"@type\":\"ReadAction\",\"target\":[\"https:\\\/\\\/www.bellunopress.it\\\/2013\\\/01\\\/04\\\/sabato-a-cortina-gian-antonio-stella-presenta-i-misteri-di-via-dellamorino-allalexander-girardi-hall-ore-18\\\/\"]}]},{\"@type\":\"ImageObject\",\"inLanguage\":\"fr-FR\",\"@id\":\"https:\\\/\\\/www.bellunopress.it\\\/2013\\\/01\\\/04\\\/sabato-a-cortina-gian-antonio-stella-presenta-i-misteri-di-via-dellamorino-allalexander-girardi-hall-ore-18\\\/#primaryimage\",\"url\":\"http:\\\/\\\/www.bellunopress.it\\\/wp-content\\\/uploads\\\/2010\\\/08\\\/gian-antonio-stella.jpg\",\"contentUrl\":\"http:\\\/\\\/www.bellunopress.it\\\/wp-content\\\/uploads\\\/2010\\\/08\\\/gian-antonio-stella.jpg\"},{\"@type\":\"BreadcrumbList\",\"@id\":\"https:\\\/\\\/www.bellunopress.it\\\/2013\\\/01\\\/04\\\/sabato-a-cortina-gian-antonio-stella-presenta-i-misteri-di-via-dellamorino-allalexander-girardi-hall-ore-18\\\/#breadcrumb\",\"itemListElement\":[{\"@type\":\"ListItem\",\"position\":1,\"name\":\"Home\",\"item\":\"https:\\\/\\\/www.bellunopress.it\\\/\"},{\"@type\":\"ListItem\",\"position\":2,\"name\":\"Sabato a Cortina Gian Antonio Stella presenta I misteri di via dell&#8217;Amorino. All&#8217;Alexander Girardi Hall ore 18\"}]},{\"@type\":\"WebSite\",\"@id\":\"https:\\\/\\\/www.bellunopress.it\\\/#website\",\"url\":\"https:\\\/\\\/www.bellunopress.it\\\/\",\"name\":\"Bellunopress - Dolomiti\",\"description\":\"e-mail: redazione@bellunopress.it\",\"publisher\":{\"@id\":\"https:\\\/\\\/www.bellunopress.it\\\/#organization\"},\"potentialAction\":[{\"@type\":\"SearchAction\",\"target\":{\"@type\":\"EntryPoint\",\"urlTemplate\":\"https:\\\/\\\/www.bellunopress.it\\\/?s={search_term_string}\"},\"query-input\":{\"@type\":\"PropertyValueSpecification\",\"valueRequired\":true,\"valueName\":\"search_term_string\"}}],\"inLanguage\":\"fr-FR\"},{\"@type\":\"Organization\",\"@id\":\"https:\\\/\\\/www.bellunopress.it\\\/#organization\",\"name\":\"Bellunopress\",\"url\":\"https:\\\/\\\/www.bellunopress.it\\\/\",\"logo\":{\"@type\":\"ImageObject\",\"inLanguage\":\"fr-FR\",\"@id\":\"https:\\\/\\\/www.bellunopress.it\\\/#\\\/schema\\\/logo\\\/image\\\/\",\"url\":\"https:\\\/\\\/www.bellunopress.it\\\/wp-content\\\/uploads\\\/2011\\\/05\\\/cropped-logo-bellunopress-.jpg\",\"contentUrl\":\"https:\\\/\\\/www.bellunopress.it\\\/wp-content\\\/uploads\\\/2011\\\/05\\\/cropped-logo-bellunopress-.jpg\",\"width\":512,\"height\":512,\"caption\":\"Bellunopress\"},\"image\":{\"@id\":\"https:\\\/\\\/www.bellunopress.it\\\/#\\\/schema\\\/logo\\\/image\\\/\"},\"sameAs\":[\"https:\\\/\\\/www.facebook.com\\\/profile.php?id=100008943462799\",\"https:\\\/\\\/x.com\\\/bellunopress\",\"https:\\\/\\\/www.linkedin.com\\\/hp\\\/?dnr=JBzUWaJfMUw8vbXJJ2tVW5-I3jZKvC4wsoxE&amp;amp;amp;amp;amp;amp;trk=nav_responsive_tab_home\",\"https:\\\/\\\/www.youtube.com\\\/channel\\\/UCxL0wu1uN0_3_7hGG0306cw\"]},{\"@type\":\"Person\",\"@id\":\"https:\\\/\\\/www.bellunopress.it\\\/#\\\/schema\\\/person\\\/79bb06722b37ece1c03d3e94beb30d73\",\"name\":\"redazione\",\"image\":{\"@type\":\"ImageObject\",\"inLanguage\":\"fr-FR\",\"@id\":\"https:\\\/\\\/secure.gravatar.com\\\/avatar\\\/37d968a2e67a6fd04c169c4bdef102d0bc5d31b2546345219e348575eb80e9a0?s=96&d=mm&r=g\",\"url\":\"https:\\\/\\\/secure.gravatar.com\\\/avatar\\\/37d968a2e67a6fd04c169c4bdef102d0bc5d31b2546345219e348575eb80e9a0?s=96&d=mm&r=g\",\"contentUrl\":\"https:\\\/\\\/secure.gravatar.com\\\/avatar\\\/37d968a2e67a6fd04c169c4bdef102d0bc5d31b2546345219e348575eb80e9a0?s=96&d=mm&r=g\",\"caption\":\"redazione\"},\"sameAs\":[\"http:\\\/\\\/www.bellunopress.it\",\"https:\\\/\\\/x.com\\\/bellunopress\"],\"url\":\"https:\\\/\\\/www.bellunopress.it\\\/fr\\\/author\\\/redazione\\\/\"}]}<\/script>\n<!-- \/ Yoast SEO plugin. -->","yoast_head_json":{"title":"Sabato a Cortina Gian Antonio Stella presenta I misteri di via dell'Amorino. All'Alexander Girardi Hall ore 18 - Bellunopress - Dolomiti","robots":{"index":"index","follow":"follow","max-snippet":"max-snippet:-1","max-image-preview":"max-image-preview:large","max-video-preview":"max-video-preview:-1"},"canonical":"https:\/\/www.bellunopress.it\/fr\/2013\/01\/04\/sabato-a-cortina-gian-antonio-stella-presenta-i-misteri-di-via-dellamorino-allalexander-girardi-hall-ore-18\/","og_locale":"fr_FR","og_type":"article","og_title":"Sabato a Cortina Gian Antonio Stella presenta I misteri di via dell'Amorino. All'Alexander Girardi Hall ore 18 - Bellunopress - Dolomiti","og_description":"Con i bestseller La Casta, La Deriva e Vandali ha descritto e denunciato gli abusi perpetrati dai nostri governanti e amministratori, sollevando l\u2019indignazione di migliaia di cittadini. E\u2019 Gian Antonio Stella il prossimo ospite di Una Montagna di Libri, la rassegna di incontri con l\u2019autore di Cortina d\u2019Ampezzo. Il giornalista del \u201cCorriere della Sera\u201d presenter\u00e0 [&hellip;]","og_url":"https:\/\/www.bellunopress.it\/fr\/2013\/01\/04\/sabato-a-cortina-gian-antonio-stella-presenta-i-misteri-di-via-dellamorino-allalexander-girardi-hall-ore-18\/","og_site_name":"Bellunopress - Dolomiti","article_publisher":"https:\/\/www.facebook.com\/profile.php?id=100008943462799","article_published_time":"2013-01-04T21:00:56+00:00","og_image":[{"url":"http:\/\/www.bellunopress.it\/wp-content\/uploads\/2010\/08\/gian-antonio-stella.jpg","type":"","width":"","height":""}],"author":"redazione","twitter_card":"summary_large_image","twitter_creator":"@bellunopress","twitter_site":"@bellunopress","twitter_misc":{"\u00c9crit par":"redazione","Dur\u00e9e de lecture estim\u00e9e":"2 minutes"},"schema":{"@context":"https:\/\/schema.org","@graph":[{"@type":"Article","@id":"https:\/\/www.bellunopress.it\/2013\/01\/04\/sabato-a-cortina-gian-antonio-stella-presenta-i-misteri-di-via-dellamorino-allalexander-girardi-hall-ore-18\/#article","isPartOf":{"@id":"https:\/\/www.bellunopress.it\/2013\/01\/04\/sabato-a-cortina-gian-antonio-stella-presenta-i-misteri-di-via-dellamorino-allalexander-girardi-hall-ore-18\/"},"author":{"name":"redazione","@id":"https:\/\/www.bellunopress.it\/#\/schema\/person\/79bb06722b37ece1c03d3e94beb30d73"},"headline":"Sabato a Cortina Gian Antonio Stella presenta I misteri di via dell&#8217;Amorino. All&#8217;Alexander Girardi Hall ore 18","datePublished":"2013-01-04T21:00:56+00:00","mainEntityOfPage":{"@id":"https:\/\/www.bellunopress.it\/2013\/01\/04\/sabato-a-cortina-gian-antonio-stella-presenta-i-misteri-di-via-dellamorino-allalexander-girardi-hall-ore-18\/"},"wordCount":416,"publisher":{"@id":"https:\/\/www.bellunopress.it\/#organization"},"image":{"@id":"https:\/\/www.bellunopress.it\/2013\/01\/04\/sabato-a-cortina-gian-antonio-stella-presenta-i-misteri-di-via-dellamorino-allalexander-girardi-hall-ore-18\/#primaryimage"},"thumbnailUrl":"http:\/\/www.bellunopress.it\/wp-content\/uploads\/2010\/08\/gian-antonio-stella.jpg","articleSection":["Appuntamenti, Eventi","Arte, Cultura, Spettacoli, Scienza","Pausa Caff\u00e8"],"inLanguage":"fr-FR"},{"@type":"WebPage","@id":"https:\/\/www.bellunopress.it\/2013\/01\/04\/sabato-a-cortina-gian-antonio-stella-presenta-i-misteri-di-via-dellamorino-allalexander-girardi-hall-ore-18\/","url":"https:\/\/www.bellunopress.it\/2013\/01\/04\/sabato-a-cortina-gian-antonio-stella-presenta-i-misteri-di-via-dellamorino-allalexander-girardi-hall-ore-18\/","name":"Sabato a Cortina Gian Antonio Stella presenta I misteri di via dell'Amorino. All'Alexander Girardi Hall ore 18 - Bellunopress - Dolomiti","isPartOf":{"@id":"https:\/\/www.bellunopress.it\/#website"},"primaryImageOfPage":{"@id":"https:\/\/www.bellunopress.it\/2013\/01\/04\/sabato-a-cortina-gian-antonio-stella-presenta-i-misteri-di-via-dellamorino-allalexander-girardi-hall-ore-18\/#primaryimage"},"image":{"@id":"https:\/\/www.bellunopress.it\/2013\/01\/04\/sabato-a-cortina-gian-antonio-stella-presenta-i-misteri-di-via-dellamorino-allalexander-girardi-hall-ore-18\/#primaryimage"},"thumbnailUrl":"http:\/\/www.bellunopress.it\/wp-content\/uploads\/2010\/08\/gian-antonio-stella.jpg","datePublished":"2013-01-04T21:00:56+00:00","breadcrumb":{"@id":"https:\/\/www.bellunopress.it\/2013\/01\/04\/sabato-a-cortina-gian-antonio-stella-presenta-i-misteri-di-via-dellamorino-allalexander-girardi-hall-ore-18\/#breadcrumb"},"inLanguage":"fr-FR","potentialAction":[{"@type":"ReadAction","target":["https:\/\/www.bellunopress.it\/2013\/01\/04\/sabato-a-cortina-gian-antonio-stella-presenta-i-misteri-di-via-dellamorino-allalexander-girardi-hall-ore-18\/"]}]},{"@type":"ImageObject","inLanguage":"fr-FR","@id":"https:\/\/www.bellunopress.it\/2013\/01\/04\/sabato-a-cortina-gian-antonio-stella-presenta-i-misteri-di-via-dellamorino-allalexander-girardi-hall-ore-18\/#primaryimage","url":"http:\/\/www.bellunopress.it\/wp-content\/uploads\/2010\/08\/gian-antonio-stella.jpg","contentUrl":"http:\/\/www.bellunopress.it\/wp-content\/uploads\/2010\/08\/gian-antonio-stella.jpg"},{"@type":"BreadcrumbList","@id":"https:\/\/www.bellunopress.it\/2013\/01\/04\/sabato-a-cortina-gian-antonio-stella-presenta-i-misteri-di-via-dellamorino-allalexander-girardi-hall-ore-18\/#breadcrumb","itemListElement":[{"@type":"ListItem","position":1,"name":"Home","item":"https:\/\/www.bellunopress.it\/"},{"@type":"ListItem","position":2,"name":"Sabato a Cortina Gian Antonio Stella presenta I misteri di via dell&#8217;Amorino. All&#8217;Alexander Girardi Hall ore 18"}]},{"@type":"WebSite","@id":"https:\/\/www.bellunopress.it\/#website","url":"https:\/\/www.bellunopress.it\/","name":"Bellunopress - Dolomiti","description":"e-mail: redazione@bellunopress.it","publisher":{"@id":"https:\/\/www.bellunopress.it\/#organization"},"potentialAction":[{"@type":"SearchAction","target":{"@type":"EntryPoint","urlTemplate":"https:\/\/www.bellunopress.it\/?s={search_term_string}"},"query-input":{"@type":"PropertyValueSpecification","valueRequired":true,"valueName":"search_term_string"}}],"inLanguage":"fr-FR"},{"@type":"Organization","@id":"https:\/\/www.bellunopress.it\/#organization","name":"Bellunopress","url":"https:\/\/www.bellunopress.it\/","logo":{"@type":"ImageObject","inLanguage":"fr-FR","@id":"https:\/\/www.bellunopress.it\/#\/schema\/logo\/image\/","url":"https:\/\/www.bellunopress.it\/wp-content\/uploads\/2011\/05\/cropped-logo-bellunopress-.jpg","contentUrl":"https:\/\/www.bellunopress.it\/wp-content\/uploads\/2011\/05\/cropped-logo-bellunopress-.jpg","width":512,"height":512,"caption":"Bellunopress"},"image":{"@id":"https:\/\/www.bellunopress.it\/#\/schema\/logo\/image\/"},"sameAs":["https:\/\/www.facebook.com\/profile.php?id=100008943462799","https:\/\/x.com\/bellunopress","https:\/\/www.linkedin.com\/hp\/?dnr=JBzUWaJfMUw8vbXJJ2tVW5-I3jZKvC4wsoxE&amp;amp;amp;amp;amp;amp;trk=nav_responsive_tab_home","https:\/\/www.youtube.com\/channel\/UCxL0wu1uN0_3_7hGG0306cw"]},{"@type":"Person","@id":"https:\/\/www.bellunopress.it\/#\/schema\/person\/79bb06722b37ece1c03d3e94beb30d73","name":"r\u00e9daction","image":{"@type":"ImageObject","inLanguage":"fr-FR","@id":"https:\/\/secure.gravatar.com\/avatar\/37d968a2e67a6fd04c169c4bdef102d0bc5d31b2546345219e348575eb80e9a0?s=96&d=mm&r=g","url":"https:\/\/secure.gravatar.com\/avatar\/37d968a2e67a6fd04c169c4bdef102d0bc5d31b2546345219e348575eb80e9a0?s=96&d=mm&r=g","contentUrl":"https:\/\/secure.gravatar.com\/avatar\/37d968a2e67a6fd04c169c4bdef102d0bc5d31b2546345219e348575eb80e9a0?s=96&d=mm&r=g","caption":"redazione"},"sameAs":["http:\/\/www.bellunopress.it","https:\/\/x.com\/bellunopress"],"url":"https:\/\/www.bellunopress.it\/fr\/author\/redazione\/"}]}},"_links":{"self":[{"href":"https:\/\/www.bellunopress.it\/fr\/wp-json\/wp\/v2\/posts\/45403","targetHints":{"allow":["GET"]}}],"collection":[{"href":"https:\/\/www.bellunopress.it\/fr\/wp-json\/wp\/v2\/posts"}],"about":[{"href":"https:\/\/www.bellunopress.it\/fr\/wp-json\/wp\/v2\/types\/post"}],"author":[{"embeddable":true,"href":"https:\/\/www.bellunopress.it\/fr\/wp-json\/wp\/v2\/users\/2"}],"replies":[{"embeddable":true,"href":"https:\/\/www.bellunopress.it\/fr\/wp-json\/wp\/v2\/comments?post=45403"}],"version-history":[{"count":2,"href":"https:\/\/www.bellunopress.it\/fr\/wp-json\/wp\/v2\/posts\/45403\/revisions"}],"predecessor-version":[{"id":45405,"href":"https:\/\/www.bellunopress.it\/fr\/wp-json\/wp\/v2\/posts\/45403\/revisions\/45405"}],"wp:attachment":[{"href":"https:\/\/www.bellunopress.it\/fr\/wp-json\/wp\/v2\/media?parent=45403"}],"wp:term":[{"taxonomy":"category","embeddable":true,"href":"https:\/\/www.bellunopress.it\/fr\/wp-json\/wp\/v2\/categories?post=45403"},{"taxonomy":"post_tag","embeddable":true,"href":"https:\/\/www.bellunopress.it\/fr\/wp-json\/wp\/v2\/tags?post=45403"}],"curies":[{"name":"wp","href":"https:\/\/api.w.org\/{rel}","templated":true}]}}