{"id":45377,"date":"2013-01-03T21:20:52","date_gmt":"2013-01-03T20:20:52","guid":{"rendered":"http:\/\/www.bellunopress.it\/?p=45377"},"modified":"2014-07-21T09:40:01","modified_gmt":"2014-07-21T08:40:01","slug":"il-fallito-colpo-di-stato-a-parigi-nel-1963-la-testimonianza-di-luciano-sanson-dalida-ex-legionario-di-feltre","status":"publish","type":"post","link":"https:\/\/www.bellunopress.it\/fr\/2013\/01\/03\/il-fallito-colpo-di-stato-a-parigi-nel-1963-la-testimonianza-di-luciano-sanson-dalida-ex-legionario-di-feltre\/","title":{"rendered":"Il fallito colpo di stato a Parigi nel 1963. La testimonianza di Luciano Sanson \u201cDalida\u201d ex legionario di Feltre"},"content":{"rendered":"<figure id=\"attachment_45378\" aria-describedby=\"caption-attachment-45378\" style=\"width: 177px\" class=\"wp-caption alignleft\"><a href=\"http:\/\/www.bellunopress.it\/wp-content\/uploads\/2013\/01\/Luciano-Sanson.jpg\"><img loading=\"lazy\" decoding=\"async\" class=\"size-full wp-image-45378\" src=\"http:\/\/www.bellunopress.it\/wp-content\/uploads\/2013\/01\/Luciano-Sanson.jpg\" alt=\"Luciano Sanson &quot;Dalida&quot;\" width=\"177\" height=\"290\" \/><\/a><figcaption id=\"caption-attachment-45378\" class=\"wp-caption-text\">Luciano Sanson &#8220;Dalida&#8221;<\/figcaption><\/figure>\n<p>\u201c<span style=\"font-family: Arial, sans-serif;\"><span style=\"font-size: medium;\">Non posso dire tutto quello che ho fatto, n\u00e9 tutto quello che ho visto\u201d. \u00a0Luciano Sanson, feltrino, classe 1939, ex legionario rispetta fino in fondo quel codice d\u2019onore a cui \u00e8 legato da quasi 50 anni. Siamo a Zurigo nel 1958, a Luciano 19enne emigrato, gli basta una banale lite familiare per decidere di andarsene via con i vestiti che ha addosso e tutti suoi risparmi, 300 franchi svizzeri, equivalenti pressappoco a mille e 500 euro. Raggiunge Marsiglia e in una settimana brucia tutto quello che ha in tasca passando per tutte le bettole e i bordelli. Si arruola nella leggendaria Legione straniera e dal 1958 al 1964 la sua nuova identit\u00e0 \u00e8 \u201cLuciano Dalida\u201d. Bench\u00e9, a differenza della maggior parte di aspiranti legionari italiani, tedeschi e ungheresi che negli anni \u201950 andavano in cerca solo di far sparire le loro tracce per cancellare un passato scomodo, Luciano era l\u00ec solo per puro spirito d\u2019avventura.<\/span><\/span><\/p>\n<p><span style=\"font-family: Arial, sans-serif;\"><span style=\"font-size: medium;\"> \u201cDopo sei mesi di duro addestramento\u201d racconta Luciano \u201ceravamo pronti al combattimento, fucile mitragliatore, zaino di 20 chili in spalla con 200 munizioni, sacco a pelo, 2 borracce d\u2019acqua e viveri. Ero in forza al Reggimento dei Leoni delle Ande, in Algeria, comandato dal generale Raoul Salan. Quello che diceva ai suoi legionari che\u00a0 \u201cbattersi sotto una bandiera che non sia la propria, se lo si fa per la libert\u00e0 di un popolo \u00e8 come battersi per la propria libert\u00e0\u201d. Un ufficiale che fece parlare di s\u00e9, perch\u00e9 dopo i primi mesi del \u201958 quando Soustelle organizza un colpo di stato con gli ufficiali dissidenti dell&#8217;esercito, coloni e simpatizzanti gollisti. E il generale Massu prende il potere ad Algeri nella notte del 13 maggio, il generale Salan assume il comando di un Comitato di Salute Pubblica e sostiene le richieste della giunta militare affinch\u00e9 il presidente francese Ren\u00e9 Coty desse l\u2019incarico al generale de Gaulle di formare il governo per prevenire l&#8217;abbandono dell&#8217;Algeria. Negli ambienti militari, infatti, c\u2019era lo spettro di un\u2019altra d\u00e8bacle come in Indocina nel \u201954, con il ritiro precipitoso. C\u2019\u00e8 di pi\u00f9. Il 24 maggio con l\u2019Op\u00e9ration Corse i paracadutisti francesi dall&#8217;Algeria atterrano in Corsica e s\u2019impossessano dell&#8217;isola senza spargimenti di sangue. Mentre in Algeria si prepara l&#8217;Op\u00e9ration R\u00e9surrection, che aveva come obiettivo la presa di Parigi e la rimozione del governo francese qualora de Gaulle non fosse stato nominato capo del governo o se lo stesso de Gaulle avesse chiesto l\u2019intervento militare per salire al potere, oppure se forze comuniste avessero tentato di prendere il potere in Francia. In questo quadro generale, il 29 maggio, con l\u2019incubo della guerra civile de Gaulle assume l\u2019incarico con l\u2019approvazione del parlamento francese. Quindici ore prima del previsto avvio dell&#8217;operazione, che viene quindi annullata. In questi anni, intanto, Luciano \u00e8 inviato in Somalia, Tunisia, Madagascar, Congo.<\/span><\/span><\/p>\n<p><span style=\"font-family: Arial, sans-serif;\"><span style=\"font-size: medium;\">&#8220;A Mascara, in Algeria\u201d ricorda Luciano \u201cdei 1200 uomini che eravamo all\u2019inizio, dopo 5 anni siamo rimasti in 200. Molti disertarono passando attraverso il Marocco e poi in Spagna. Tanti altri morirono in combattimento. C\u2019era una disciplina rigorosa e tra di noi legionari vigeva un codice d\u2019onore non scritto in forza del quale erano tollerate risse e sparatorie, ma non delazioni e piagnistei. <\/span><\/span><\/p>\n<p><span style=\"font-family: Arial, sans-serif;\"><span style=\"font-size: medium;\">Nel \u201959\u201d ricorda Luciano \u201csono stato testimone di un episodio indimenticabile. Nel mio reggimento c\u2019era fin dal \u201947 un legionario fascista di Quero responsabile durante la guerra dell\u2019uccisione di una famiglia di Sovramonte. Da quel massacro, per\u00f2, si salv\u00f2 miracolosamente un bambino. Nel 1960 quel bambino aveva circa 20 anni e, venuto a conoscenza che l\u2019assassino della sua famiglia era nella Legione, decise di arruolarsi. Si guadagn\u00f2 in breve tempo i galloni di sergente. Ma il suo obiettivo era solo quello di regolare i conti con il passato. Inizi\u00f2 cos\u00ec a cercare pazientemente il carnefice della sua famiglia, facendosi aggregare in vari reparti. Finch\u00e9 un giorno, durante una missione nel deserto, i due si ritrovarono faccia a faccia. Il sergente ordin\u00f2 al resto del reparto di rientrare. E Il giorno dopo nel rapporto, risultava che il soldato fascista di Quero era caduto in una imboscata nemica. Il capitano francese, notoriamente antifascista, intu\u00ec perfettamente tutto quello che era accaduto liquidando il fatto come una questione tra italiani. Cos\u00ec premi\u00f2 il sergente con una settimana di licenza, per aver portato in salvo il resto del reparto dall\u2019imboscata!\u201d Nel febbraio del \u201859, de Gaulle viene eletto presidente della nuova Quinta Repubblica. Nell\u2019aprile del 1961una parte degli ufficiali di stanza in Algeria si sentono traditi dalla politica estera di de Gaulle. I generali Salan, Challe, Jouhaud e Zeller, contrari all\u2019indipendenza dell\u2019Algeria organizzano un colpo di stato.<\/span><\/span><\/p>\n<p><span style=\"font-family: Arial, sans-serif;\"><span style=\"font-size: medium;\">La notte tra il 21 ed il 22 aprile 1961 viene preso l\u2019aeroporto e nel giro di tre ore tutti i punti chiave della citt\u00e0 sono in mano dei golpisti. De Gaulle volta le spalle ai coloni e all&#8217;esercito. E i generali progettano il colpo di stato a Parigi. \u201cNella primavera del \u201961\u201d testimonia Luciano \u00a0\u201cio facevo parte di quel reparto di par\u00e0 legionari, che su ordine del generale Salan, erano pronti a decollare con 4 aerei dall\u2019aeroporto di Algeri, per essere lanciati su Parigi per il putsch contro il presidente De Gaulle. Ma l\u2019intervento dei Servizi segreti svent\u00f2 l\u2019attentato e tutti gli ufficiali vennero arrestati, processati e incarcerati in Francia. Il reggimento venne sciolto e i soldati aggregati \u00a0in altri reparti. L\u2019anno dopo, nell\u2019aprile del \u201962 il presidente venne in Algeria, e davanti a 120 mila uomini della Legione disse \u201cPer voi legionari, il Far West \u00e8 finito\u201d. Poi pranz\u00f2\u00a0 insieme a noi soldati, anzich\u00e9 alla mensa ufficiali. De Gaulle mantenne la promessa, infatti un mese dopo fin\u00ec la guerra in Algeria. <\/span><\/span><\/p>\n<p><span style=\"font-family: Arial, sans-serif;\"><span style=\"font-size: medium;\">Ritornerebbe a fare tutto quello che ha fatto? Prigionieri non ne ho mai maltrattati. Non rinnego nulla del mio passato di legionario e se avessi 20 anni ritornerei ad arruolarmi! <\/span><\/span><\/p>\n<p><span style=\"font-family: Arial, sans-serif;\"><span style=\"font-size: medium;\">(28.10.2006 Roberto De Nart)<\/span><\/span><\/p>\n<p>&nbsp;<\/p>\n<p>&nbsp;<\/p>\n<p>&nbsp;<\/p>\n<p>&nbsp;<\/p>\n<p>&nbsp;<\/p>\n<p>&nbsp;<\/p>\n<p>&nbsp;<\/p>\n<p>&nbsp;<\/p>\n<p>&nbsp;<\/p>\n<p>&nbsp;<\/p>\n<p>&nbsp;<\/p>\n<p>&nbsp;<\/p>\n<p>&nbsp;<\/p>\n<p>&nbsp;<\/p>\n<p>&nbsp;<\/p>\n<p>&nbsp;<\/p>\n<p>&nbsp;<\/p>","protected":false},"excerpt":{"rendered":"<p>\u201cNon posso dire tutto quello che ho fatto, n\u00e9 tutto quello che ho visto\u201d. \u00a0Luciano Sanson, feltrino, classe 1939, ex legionario rispetta fino in fondo quel codice d\u2019onore a cui \u00e8 legato da quasi 50 anni. Siamo a Zurigo nel 1958, a Luciano 19enne emigrato, gli basta una banale lite familiare per decidere di andarsene [&hellip;]<\/p>\n","protected":false},"author":2,"featured_media":0,"comment_status":"closed","ping_status":"open","sticky":false,"template":"","format":"standard","meta":{"footnotes":""},"categories":[49],"tags":[2974,2374,2375,2975],"class_list":["post-45377","post","type-post","status-publish","format-standard","category-speciali","tag-de-gaulle","tag-legione-straniera","tag-luciano-sanson","tag-reggimento-dei-leoni-delle-ande"],"yoast_head":"<!-- This site is optimized with the Yoast SEO plugin v28.4 - https:\/\/yoast.com\/product\/yoast-seo-wordpress\/ -->\n<title>Il fallito colpo di stato a Parigi nel 1963. La testimonianza di Luciano Sanson \u201cDalida\u201d ex legionario di Feltre - Bellunopress - Dolomiti<\/title>\n<meta name=\"robots\" content=\"index, follow, max-snippet:-1, max-image-preview:large, max-video-preview:-1\" \/>\n<link rel=\"canonical\" href=\"https:\/\/www.bellunopress.it\/fr\/2013\/01\/03\/il-fallito-colpo-di-stato-a-parigi-nel-1963-la-testimonianza-di-luciano-sanson-dalida-ex-legionario-di-feltre\/\" \/>\n<meta property=\"og:locale\" content=\"fr_FR\" \/>\n<meta property=\"og:type\" content=\"article\" \/>\n<meta property=\"og:title\" content=\"Il fallito colpo di stato a Parigi nel 1963. La testimonianza di Luciano Sanson \u201cDalida\u201d ex legionario di Feltre - Bellunopress - Dolomiti\" \/>\n<meta property=\"og:description\" content=\"\u201cNon posso dire tutto quello che ho fatto, n\u00e9 tutto quello che ho visto\u201d. \u00a0Luciano Sanson, feltrino, classe 1939, ex legionario rispetta fino in fondo quel codice d\u2019onore a cui \u00e8 legato da quasi 50 anni. Siamo a Zurigo nel 1958, a Luciano 19enne emigrato, gli basta una banale lite familiare per decidere di andarsene [&hellip;]\" \/>\n<meta property=\"og:url\" content=\"https:\/\/www.bellunopress.it\/fr\/2013\/01\/03\/il-fallito-colpo-di-stato-a-parigi-nel-1963-la-testimonianza-di-luciano-sanson-dalida-ex-legionario-di-feltre\/\" \/>\n<meta property=\"og:site_name\" content=\"Bellunopress - Dolomiti\" \/>\n<meta property=\"article:publisher\" content=\"https:\/\/www.facebook.com\/profile.php?id=100008943462799\" \/>\n<meta property=\"article:published_time\" content=\"2013-01-03T20:20:52+00:00\" \/>\n<meta property=\"article:modified_time\" content=\"2014-07-21T08:40:01+00:00\" \/>\n<meta property=\"og:image\" content=\"http:\/\/www.bellunopress.it\/wp-content\/uploads\/2013\/01\/Luciano-Sanson.jpg\" \/>\n<meta name=\"author\" content=\"redazione\" \/>\n<meta name=\"twitter:card\" content=\"summary_large_image\" \/>\n<meta name=\"twitter:creator\" content=\"@bellunopress\" \/>\n<meta name=\"twitter:site\" content=\"@bellunopress\" \/>\n<meta name=\"twitter:label1\" content=\"\u00c9crit par\" \/>\n\t<meta name=\"twitter:data1\" content=\"redazione\" \/>\n\t<meta name=\"twitter:label2\" content=\"Dur\u00e9e de lecture estim\u00e9e\" \/>\n\t<meta name=\"twitter:data2\" content=\"5 minutes\" \/>\n<script type=\"application\/ld+json\" class=\"yoast-schema-graph\">{\"@context\":\"https:\\\/\\\/schema.org\",\"@graph\":[{\"@type\":\"Article\",\"@id\":\"https:\\\/\\\/www.bellunopress.it\\\/2013\\\/01\\\/03\\\/il-fallito-colpo-di-stato-a-parigi-nel-1963-la-testimonianza-di-luciano-sanson-dalida-ex-legionario-di-feltre\\\/#article\",\"isPartOf\":{\"@id\":\"https:\\\/\\\/www.bellunopress.it\\\/2013\\\/01\\\/03\\\/il-fallito-colpo-di-stato-a-parigi-nel-1963-la-testimonianza-di-luciano-sanson-dalida-ex-legionario-di-feltre\\\/\"},\"author\":{\"name\":\"redazione\",\"@id\":\"https:\\\/\\\/www.bellunopress.it\\\/#\\\/schema\\\/person\\\/79bb06722b37ece1c03d3e94beb30d73\"},\"headline\":\"Il fallito colpo di stato a Parigi nel 1963. La testimonianza di Luciano Sanson \u201cDalida\u201d ex legionario di Feltre\",\"datePublished\":\"2013-01-03T20:20:52+00:00\",\"dateModified\":\"2014-07-21T08:40:01+00:00\",\"mainEntityOfPage\":{\"@id\":\"https:\\\/\\\/www.bellunopress.it\\\/2013\\\/01\\\/03\\\/il-fallito-colpo-di-stato-a-parigi-nel-1963-la-testimonianza-di-luciano-sanson-dalida-ex-legionario-di-feltre\\\/\"},\"wordCount\":1010,\"publisher\":{\"@id\":\"https:\\\/\\\/www.bellunopress.it\\\/#organization\"},\"image\":{\"@id\":\"https:\\\/\\\/www.bellunopress.it\\\/2013\\\/01\\\/03\\\/il-fallito-colpo-di-stato-a-parigi-nel-1963-la-testimonianza-di-luciano-sanson-dalida-ex-legionario-di-feltre\\\/#primaryimage\"},\"thumbnailUrl\":\"http:\\\/\\\/www.bellunopress.it\\\/wp-content\\\/uploads\\\/2013\\\/01\\\/Luciano-Sanson.jpg\",\"keywords\":[\"de Gaulle\",\"Legione Straniera\",\"Luciano Sanson\",\"Reggimento dei Leoni delle Ande\"],\"articleSection\":[\"Gli speciali di Bellunopress\"],\"inLanguage\":\"fr-FR\"},{\"@type\":\"WebPage\",\"@id\":\"https:\\\/\\\/www.bellunopress.it\\\/2013\\\/01\\\/03\\\/il-fallito-colpo-di-stato-a-parigi-nel-1963-la-testimonianza-di-luciano-sanson-dalida-ex-legionario-di-feltre\\\/\",\"url\":\"https:\\\/\\\/www.bellunopress.it\\\/2013\\\/01\\\/03\\\/il-fallito-colpo-di-stato-a-parigi-nel-1963-la-testimonianza-di-luciano-sanson-dalida-ex-legionario-di-feltre\\\/\",\"name\":\"Il fallito colpo di stato a Parigi nel 1963. La testimonianza di Luciano Sanson \u201cDalida\u201d ex legionario di Feltre - Bellunopress - Dolomiti\",\"isPartOf\":{\"@id\":\"https:\\\/\\\/www.bellunopress.it\\\/#website\"},\"primaryImageOfPage\":{\"@id\":\"https:\\\/\\\/www.bellunopress.it\\\/2013\\\/01\\\/03\\\/il-fallito-colpo-di-stato-a-parigi-nel-1963-la-testimonianza-di-luciano-sanson-dalida-ex-legionario-di-feltre\\\/#primaryimage\"},\"image\":{\"@id\":\"https:\\\/\\\/www.bellunopress.it\\\/2013\\\/01\\\/03\\\/il-fallito-colpo-di-stato-a-parigi-nel-1963-la-testimonianza-di-luciano-sanson-dalida-ex-legionario-di-feltre\\\/#primaryimage\"},\"thumbnailUrl\":\"http:\\\/\\\/www.bellunopress.it\\\/wp-content\\\/uploads\\\/2013\\\/01\\\/Luciano-Sanson.jpg\",\"datePublished\":\"2013-01-03T20:20:52+00:00\",\"dateModified\":\"2014-07-21T08:40:01+00:00\",\"breadcrumb\":{\"@id\":\"https:\\\/\\\/www.bellunopress.it\\\/2013\\\/01\\\/03\\\/il-fallito-colpo-di-stato-a-parigi-nel-1963-la-testimonianza-di-luciano-sanson-dalida-ex-legionario-di-feltre\\\/#breadcrumb\"},\"inLanguage\":\"fr-FR\",\"potentialAction\":[{\"@type\":\"ReadAction\",\"target\":[\"https:\\\/\\\/www.bellunopress.it\\\/2013\\\/01\\\/03\\\/il-fallito-colpo-di-stato-a-parigi-nel-1963-la-testimonianza-di-luciano-sanson-dalida-ex-legionario-di-feltre\\\/\"]}]},{\"@type\":\"ImageObject\",\"inLanguage\":\"fr-FR\",\"@id\":\"https:\\\/\\\/www.bellunopress.it\\\/2013\\\/01\\\/03\\\/il-fallito-colpo-di-stato-a-parigi-nel-1963-la-testimonianza-di-luciano-sanson-dalida-ex-legionario-di-feltre\\\/#primaryimage\",\"url\":\"http:\\\/\\\/www.bellunopress.it\\\/wp-content\\\/uploads\\\/2013\\\/01\\\/Luciano-Sanson.jpg\",\"contentUrl\":\"http:\\\/\\\/www.bellunopress.it\\\/wp-content\\\/uploads\\\/2013\\\/01\\\/Luciano-Sanson.jpg\"},{\"@type\":\"BreadcrumbList\",\"@id\":\"https:\\\/\\\/www.bellunopress.it\\\/2013\\\/01\\\/03\\\/il-fallito-colpo-di-stato-a-parigi-nel-1963-la-testimonianza-di-luciano-sanson-dalida-ex-legionario-di-feltre\\\/#breadcrumb\",\"itemListElement\":[{\"@type\":\"ListItem\",\"position\":1,\"name\":\"Home\",\"item\":\"https:\\\/\\\/www.bellunopress.it\\\/\"},{\"@type\":\"ListItem\",\"position\":2,\"name\":\"Il fallito colpo di stato a Parigi nel 1963. La testimonianza di Luciano Sanson \u201cDalida\u201d ex legionario di Feltre\"}]},{\"@type\":\"WebSite\",\"@id\":\"https:\\\/\\\/www.bellunopress.it\\\/#website\",\"url\":\"https:\\\/\\\/www.bellunopress.it\\\/\",\"name\":\"Bellunopress - Dolomiti\",\"description\":\"e-mail: redazione@bellunopress.it\",\"publisher\":{\"@id\":\"https:\\\/\\\/www.bellunopress.it\\\/#organization\"},\"potentialAction\":[{\"@type\":\"SearchAction\",\"target\":{\"@type\":\"EntryPoint\",\"urlTemplate\":\"https:\\\/\\\/www.bellunopress.it\\\/?s={search_term_string}\"},\"query-input\":{\"@type\":\"PropertyValueSpecification\",\"valueRequired\":true,\"valueName\":\"search_term_string\"}}],\"inLanguage\":\"fr-FR\"},{\"@type\":\"Organization\",\"@id\":\"https:\\\/\\\/www.bellunopress.it\\\/#organization\",\"name\":\"Bellunopress\",\"url\":\"https:\\\/\\\/www.bellunopress.it\\\/\",\"logo\":{\"@type\":\"ImageObject\",\"inLanguage\":\"fr-FR\",\"@id\":\"https:\\\/\\\/www.bellunopress.it\\\/#\\\/schema\\\/logo\\\/image\\\/\",\"url\":\"https:\\\/\\\/www.bellunopress.it\\\/wp-content\\\/uploads\\\/2011\\\/05\\\/cropped-logo-bellunopress-.jpg\",\"contentUrl\":\"https:\\\/\\\/www.bellunopress.it\\\/wp-content\\\/uploads\\\/2011\\\/05\\\/cropped-logo-bellunopress-.jpg\",\"width\":512,\"height\":512,\"caption\":\"Bellunopress\"},\"image\":{\"@id\":\"https:\\\/\\\/www.bellunopress.it\\\/#\\\/schema\\\/logo\\\/image\\\/\"},\"sameAs\":[\"https:\\\/\\\/www.facebook.com\\\/profile.php?id=100008943462799\",\"https:\\\/\\\/x.com\\\/bellunopress\",\"https:\\\/\\\/www.linkedin.com\\\/hp\\\/?dnr=JBzUWaJfMUw8vbXJJ2tVW5-I3jZKvC4wsoxE&amp;amp;amp;amp;amp;amp;trk=nav_responsive_tab_home\",\"https:\\\/\\\/www.youtube.com\\\/channel\\\/UCxL0wu1uN0_3_7hGG0306cw\"]},{\"@type\":\"Person\",\"@id\":\"https:\\\/\\\/www.bellunopress.it\\\/#\\\/schema\\\/person\\\/79bb06722b37ece1c03d3e94beb30d73\",\"name\":\"redazione\",\"image\":{\"@type\":\"ImageObject\",\"inLanguage\":\"fr-FR\",\"@id\":\"https:\\\/\\\/secure.gravatar.com\\\/avatar\\\/37d968a2e67a6fd04c169c4bdef102d0bc5d31b2546345219e348575eb80e9a0?s=96&d=mm&r=g\",\"url\":\"https:\\\/\\\/secure.gravatar.com\\\/avatar\\\/37d968a2e67a6fd04c169c4bdef102d0bc5d31b2546345219e348575eb80e9a0?s=96&d=mm&r=g\",\"contentUrl\":\"https:\\\/\\\/secure.gravatar.com\\\/avatar\\\/37d968a2e67a6fd04c169c4bdef102d0bc5d31b2546345219e348575eb80e9a0?s=96&d=mm&r=g\",\"caption\":\"redazione\"},\"sameAs\":[\"http:\\\/\\\/www.bellunopress.it\",\"https:\\\/\\\/x.com\\\/bellunopress\"],\"url\":\"https:\\\/\\\/www.bellunopress.it\\\/fr\\\/author\\\/redazione\\\/\"}]}<\/script>\n<!-- \/ Yoast SEO plugin. -->","yoast_head_json":{"title":"Il fallito colpo di stato a Parigi nel 1963. La testimonianza di Luciano Sanson \u201cDalida\u201d ex legionario di Feltre - Bellunopress - Dolomiti","robots":{"index":"index","follow":"follow","max-snippet":"max-snippet:-1","max-image-preview":"max-image-preview:large","max-video-preview":"max-video-preview:-1"},"canonical":"https:\/\/www.bellunopress.it\/fr\/2013\/01\/03\/il-fallito-colpo-di-stato-a-parigi-nel-1963-la-testimonianza-di-luciano-sanson-dalida-ex-legionario-di-feltre\/","og_locale":"fr_FR","og_type":"article","og_title":"Il fallito colpo di stato a Parigi nel 1963. La testimonianza di Luciano Sanson \u201cDalida\u201d ex legionario di Feltre - Bellunopress - Dolomiti","og_description":"\u201cNon posso dire tutto quello che ho fatto, n\u00e9 tutto quello che ho visto\u201d. \u00a0Luciano Sanson, feltrino, classe 1939, ex legionario rispetta fino in fondo quel codice d\u2019onore a cui \u00e8 legato da quasi 50 anni. Siamo a Zurigo nel 1958, a Luciano 19enne emigrato, gli basta una banale lite familiare per decidere di andarsene [&hellip;]","og_url":"https:\/\/www.bellunopress.it\/fr\/2013\/01\/03\/il-fallito-colpo-di-stato-a-parigi-nel-1963-la-testimonianza-di-luciano-sanson-dalida-ex-legionario-di-feltre\/","og_site_name":"Bellunopress - Dolomiti","article_publisher":"https:\/\/www.facebook.com\/profile.php?id=100008943462799","article_published_time":"2013-01-03T20:20:52+00:00","article_modified_time":"2014-07-21T08:40:01+00:00","og_image":[{"url":"http:\/\/www.bellunopress.it\/wp-content\/uploads\/2013\/01\/Luciano-Sanson.jpg","type":"","width":"","height":""}],"author":"redazione","twitter_card":"summary_large_image","twitter_creator":"@bellunopress","twitter_site":"@bellunopress","twitter_misc":{"\u00c9crit par":"redazione","Dur\u00e9e de lecture estim\u00e9e":"5 minutes"},"schema":{"@context":"https:\/\/schema.org","@graph":[{"@type":"Article","@id":"https:\/\/www.bellunopress.it\/2013\/01\/03\/il-fallito-colpo-di-stato-a-parigi-nel-1963-la-testimonianza-di-luciano-sanson-dalida-ex-legionario-di-feltre\/#article","isPartOf":{"@id":"https:\/\/www.bellunopress.it\/2013\/01\/03\/il-fallito-colpo-di-stato-a-parigi-nel-1963-la-testimonianza-di-luciano-sanson-dalida-ex-legionario-di-feltre\/"},"author":{"name":"redazione","@id":"https:\/\/www.bellunopress.it\/#\/schema\/person\/79bb06722b37ece1c03d3e94beb30d73"},"headline":"Il fallito colpo di stato a Parigi nel 1963. La testimonianza di Luciano Sanson \u201cDalida\u201d ex legionario di Feltre","datePublished":"2013-01-03T20:20:52+00:00","dateModified":"2014-07-21T08:40:01+00:00","mainEntityOfPage":{"@id":"https:\/\/www.bellunopress.it\/2013\/01\/03\/il-fallito-colpo-di-stato-a-parigi-nel-1963-la-testimonianza-di-luciano-sanson-dalida-ex-legionario-di-feltre\/"},"wordCount":1010,"publisher":{"@id":"https:\/\/www.bellunopress.it\/#organization"},"image":{"@id":"https:\/\/www.bellunopress.it\/2013\/01\/03\/il-fallito-colpo-di-stato-a-parigi-nel-1963-la-testimonianza-di-luciano-sanson-dalida-ex-legionario-di-feltre\/#primaryimage"},"thumbnailUrl":"http:\/\/www.bellunopress.it\/wp-content\/uploads\/2013\/01\/Luciano-Sanson.jpg","keywords":["de Gaulle","Legione Straniera","Luciano Sanson","Reggimento dei Leoni delle Ande"],"articleSection":["Gli speciali di Bellunopress"],"inLanguage":"fr-FR"},{"@type":"WebPage","@id":"https:\/\/www.bellunopress.it\/2013\/01\/03\/il-fallito-colpo-di-stato-a-parigi-nel-1963-la-testimonianza-di-luciano-sanson-dalida-ex-legionario-di-feltre\/","url":"https:\/\/www.bellunopress.it\/2013\/01\/03\/il-fallito-colpo-di-stato-a-parigi-nel-1963-la-testimonianza-di-luciano-sanson-dalida-ex-legionario-di-feltre\/","name":"Il fallito colpo di stato a Parigi nel 1963. La testimonianza di Luciano Sanson \u201cDalida\u201d ex legionario di Feltre - Bellunopress - Dolomiti","isPartOf":{"@id":"https:\/\/www.bellunopress.it\/#website"},"primaryImageOfPage":{"@id":"https:\/\/www.bellunopress.it\/2013\/01\/03\/il-fallito-colpo-di-stato-a-parigi-nel-1963-la-testimonianza-di-luciano-sanson-dalida-ex-legionario-di-feltre\/#primaryimage"},"image":{"@id":"https:\/\/www.bellunopress.it\/2013\/01\/03\/il-fallito-colpo-di-stato-a-parigi-nel-1963-la-testimonianza-di-luciano-sanson-dalida-ex-legionario-di-feltre\/#primaryimage"},"thumbnailUrl":"http:\/\/www.bellunopress.it\/wp-content\/uploads\/2013\/01\/Luciano-Sanson.jpg","datePublished":"2013-01-03T20:20:52+00:00","dateModified":"2014-07-21T08:40:01+00:00","breadcrumb":{"@id":"https:\/\/www.bellunopress.it\/2013\/01\/03\/il-fallito-colpo-di-stato-a-parigi-nel-1963-la-testimonianza-di-luciano-sanson-dalida-ex-legionario-di-feltre\/#breadcrumb"},"inLanguage":"fr-FR","potentialAction":[{"@type":"ReadAction","target":["https:\/\/www.bellunopress.it\/2013\/01\/03\/il-fallito-colpo-di-stato-a-parigi-nel-1963-la-testimonianza-di-luciano-sanson-dalida-ex-legionario-di-feltre\/"]}]},{"@type":"ImageObject","inLanguage":"fr-FR","@id":"https:\/\/www.bellunopress.it\/2013\/01\/03\/il-fallito-colpo-di-stato-a-parigi-nel-1963-la-testimonianza-di-luciano-sanson-dalida-ex-legionario-di-feltre\/#primaryimage","url":"http:\/\/www.bellunopress.it\/wp-content\/uploads\/2013\/01\/Luciano-Sanson.jpg","contentUrl":"http:\/\/www.bellunopress.it\/wp-content\/uploads\/2013\/01\/Luciano-Sanson.jpg"},{"@type":"BreadcrumbList","@id":"https:\/\/www.bellunopress.it\/2013\/01\/03\/il-fallito-colpo-di-stato-a-parigi-nel-1963-la-testimonianza-di-luciano-sanson-dalida-ex-legionario-di-feltre\/#breadcrumb","itemListElement":[{"@type":"ListItem","position":1,"name":"Home","item":"https:\/\/www.bellunopress.it\/"},{"@type":"ListItem","position":2,"name":"Il fallito colpo di stato a Parigi nel 1963. La testimonianza di Luciano Sanson \u201cDalida\u201d ex legionario di Feltre"}]},{"@type":"WebSite","@id":"https:\/\/www.bellunopress.it\/#website","url":"https:\/\/www.bellunopress.it\/","name":"Bellunopress - Dolomiti","description":"e-mail: redazione@bellunopress.it","publisher":{"@id":"https:\/\/www.bellunopress.it\/#organization"},"potentialAction":[{"@type":"SearchAction","target":{"@type":"EntryPoint","urlTemplate":"https:\/\/www.bellunopress.it\/?s={search_term_string}"},"query-input":{"@type":"PropertyValueSpecification","valueRequired":true,"valueName":"search_term_string"}}],"inLanguage":"fr-FR"},{"@type":"Organization","@id":"https:\/\/www.bellunopress.it\/#organization","name":"Bellunopress","url":"https:\/\/www.bellunopress.it\/","logo":{"@type":"ImageObject","inLanguage":"fr-FR","@id":"https:\/\/www.bellunopress.it\/#\/schema\/logo\/image\/","url":"https:\/\/www.bellunopress.it\/wp-content\/uploads\/2011\/05\/cropped-logo-bellunopress-.jpg","contentUrl":"https:\/\/www.bellunopress.it\/wp-content\/uploads\/2011\/05\/cropped-logo-bellunopress-.jpg","width":512,"height":512,"caption":"Bellunopress"},"image":{"@id":"https:\/\/www.bellunopress.it\/#\/schema\/logo\/image\/"},"sameAs":["https:\/\/www.facebook.com\/profile.php?id=100008943462799","https:\/\/x.com\/bellunopress","https:\/\/www.linkedin.com\/hp\/?dnr=JBzUWaJfMUw8vbXJJ2tVW5-I3jZKvC4wsoxE&amp;amp;amp;amp;amp;amp;trk=nav_responsive_tab_home","https:\/\/www.youtube.com\/channel\/UCxL0wu1uN0_3_7hGG0306cw"]},{"@type":"Person","@id":"https:\/\/www.bellunopress.it\/#\/schema\/person\/79bb06722b37ece1c03d3e94beb30d73","name":"r\u00e9daction","image":{"@type":"ImageObject","inLanguage":"fr-FR","@id":"https:\/\/secure.gravatar.com\/avatar\/37d968a2e67a6fd04c169c4bdef102d0bc5d31b2546345219e348575eb80e9a0?s=96&d=mm&r=g","url":"https:\/\/secure.gravatar.com\/avatar\/37d968a2e67a6fd04c169c4bdef102d0bc5d31b2546345219e348575eb80e9a0?s=96&d=mm&r=g","contentUrl":"https:\/\/secure.gravatar.com\/avatar\/37d968a2e67a6fd04c169c4bdef102d0bc5d31b2546345219e348575eb80e9a0?s=96&d=mm&r=g","caption":"redazione"},"sameAs":["http:\/\/www.bellunopress.it","https:\/\/x.com\/bellunopress"],"url":"https:\/\/www.bellunopress.it\/fr\/author\/redazione\/"}]}},"_links":{"self":[{"href":"https:\/\/www.bellunopress.it\/fr\/wp-json\/wp\/v2\/posts\/45377","targetHints":{"allow":["GET"]}}],"collection":[{"href":"https:\/\/www.bellunopress.it\/fr\/wp-json\/wp\/v2\/posts"}],"about":[{"href":"https:\/\/www.bellunopress.it\/fr\/wp-json\/wp\/v2\/types\/post"}],"author":[{"embeddable":true,"href":"https:\/\/www.bellunopress.it\/fr\/wp-json\/wp\/v2\/users\/2"}],"replies":[{"embeddable":true,"href":"https:\/\/www.bellunopress.it\/fr\/wp-json\/wp\/v2\/comments?post=45377"}],"version-history":[{"count":4,"href":"https:\/\/www.bellunopress.it\/fr\/wp-json\/wp\/v2\/posts\/45377\/revisions"}],"predecessor-version":[{"id":60708,"href":"https:\/\/www.bellunopress.it\/fr\/wp-json\/wp\/v2\/posts\/45377\/revisions\/60708"}],"wp:attachment":[{"href":"https:\/\/www.bellunopress.it\/fr\/wp-json\/wp\/v2\/media?parent=45377"}],"wp:term":[{"taxonomy":"category","embeddable":true,"href":"https:\/\/www.bellunopress.it\/fr\/wp-json\/wp\/v2\/categories?post=45377"},{"taxonomy":"post_tag","embeddable":true,"href":"https:\/\/www.bellunopress.it\/fr\/wp-json\/wp\/v2\/tags?post=45377"}],"curies":[{"name":"wp","href":"https:\/\/api.w.org\/{rel}","templated":true}]}}