{"id":4536,"date":"2009-06-06T21:05:55","date_gmt":"2009-06-06T20:05:55","guid":{"rendered":"http:\/\/www.bellunopress.it\/?p=4536"},"modified":"2009-06-08T01:06:54","modified_gmt":"2009-06-08T00:06:54","slug":"ancora-nessuna-notizia-di-giuliano-de-marchi-scomparso-ieri-sullantelao","status":"publish","type":"post","link":"https:\/\/www.bellunopress.it\/fr\/2009\/06\/06\/ancora-nessuna-notizia-di-giuliano-de-marchi-scomparso-ieri-sullantelao\/","title":{"rendered":"Ancora nessuna notizia di Giuliano De Marchi scomparso ieri sull&#8217;Antelao"},"content":{"rendered":"<p><a href=\"http:\/\/www.bellunopress.it\/wp-content\/uploads\/2009\/06\/giuliano-de-marchi.jpg\"><img loading=\"lazy\" decoding=\"async\" class=\"alignleft size-medium wp-image-4537\" title=\"giuliano-de-marchi\" src=\"http:\/\/www.bellunopress.it\/wp-content\/uploads\/2009\/06\/giuliano-de-marchi.jpg\" alt=\"\" width=\"104\" height=\"104\" \/><\/a>Hanno finora dato esito negativo le ricerche di Giuliano De Marchi, l&#8217;esperto alpinista bellunese di 62 anni, scomparso ieri durante un&#8217;escursione di scialpinismo sull&#8217;Antelao. Partito ieri mattina alle 7, ha lasciato la macchina parcheggiata non distante dal rifugio Scotter per dirigersi quasi sicuramente sull&#8217;Antelao. Alla sera, non vedendolo rientrare, i famigliari hanno lanciato l&#8217;allarme. Una squadra del Soccorso alpino di Pieve di Cadore ha iniziato a risalire la montagna e le ricerche si sono protratte fino alle 2.30, per poi riprendere questa mattina alle 6.30. L&#8217;elicottero del Suem di Pieve di Cadore \u00e8 riuscito a portare in quota una decina di soccorritori, prima che le condizioni proibitive del tempo impedissero ulteriori voli, ai quali si sono aggiunte altre squadre a piedi. Sono state perlustrate le vie classiche alla cima, nonch\u00e8 il bivacco Cosi, dove si pensava in un primo tempo l&#8217;alpinista potesse aver trovato ricovero. Nelle vicinanze del bivacco alcuni soccorritori sono stati coinvolti dalla caduta di un fulmine, senza riportare fortunatamente gravi conseguenze. Per la prima volta, con la collaborazione dei carabinieri di Cortina d&#8217;Ampezzo e Pieve di Cadore, si \u00e8 risaliti al tracciamento del cellulare ed \u00e8 stato individuato il suo passaggio nella cella del Monte Tudaio. Il dato per\u00f2 ancora grezzo non permette di definire un orario certo. Poco fa l&#8217;elicottero del Suem di Pieve di Cadore ha tentato di avvicinarsi all&#8217;Antelao per un sopralluogo dall&#8217;alto, che potrebbe escludere alcune aree e verificare anche la presenza di valanghe recenti, alcune staccatesi nella notte, mentre i soccorritori scendevano. Il tempo per\u00f2 non ha dato tregua e il velivolo \u00e8 dovuto tornare alla base. Le squadre sono state fatte rientrare per riprendere le ricerche domani mattina alle 7. Oggi erano presenti una trentina di tecnici delle Stazioni di Pieve di Cadore, San Vito di Cadore e Cortina.<\/p>","protected":false},"excerpt":{"rendered":"<p>Hanno finora dato esito negativo le ricerche di Giuliano De Marchi, l&#8217;esperto alpinista bellunese di 62 anni, scomparso ieri durante un&#8217;escursione di scialpinismo sull&#8217;Antelao. Partito ieri mattina alle 7, ha lasciato la macchina parcheggiata non distante dal rifugio Scotter per dirigersi quasi sicuramente sull&#8217;Antelao. Alla sera, non vedendolo rientrare, i famigliari hanno lanciato l&#8217;allarme. Una [&hellip;]<\/p>\n","protected":false},"author":2,"featured_media":0,"comment_status":"closed","ping_status":"open","sticky":false,"template":"","format":"standard","meta":{"footnotes":""},"categories":[],"tags":[23],"class_list":["post-4536","post","type-post","status-publish","format-standard","tag-salp"],"yoast_head":"<!-- This site is optimized with the Yoast SEO plugin v28.4 - https:\/\/yoast.com\/product\/yoast-seo-wordpress\/ -->\n<title>Ancora nessuna notizia di Giuliano De Marchi scomparso ieri sull&#039;Antelao - Bellunopress - Dolomiti<\/title>\n<meta name=\"robots\" content=\"index, follow, max-snippet:-1, max-image-preview:large, max-video-preview:-1\" \/>\n<link rel=\"canonical\" href=\"https:\/\/www.bellunopress.it\/fr\/2009\/06\/06\/ancora-nessuna-notizia-di-giuliano-de-marchi-scomparso-ieri-sullantelao\/\" \/>\n<meta property=\"og:locale\" content=\"fr_FR\" \/>\n<meta property=\"og:type\" content=\"article\" \/>\n<meta property=\"og:title\" content=\"Ancora nessuna notizia di Giuliano De Marchi scomparso ieri sull&#039;Antelao - Bellunopress - Dolomiti\" \/>\n<meta property=\"og:description\" content=\"Hanno finora dato esito negativo le ricerche di Giuliano De Marchi, l&#8217;esperto alpinista bellunese di 62 anni, scomparso ieri durante un&#8217;escursione di scialpinismo sull&#8217;Antelao. Partito ieri mattina alle 7, ha lasciato la macchina parcheggiata non distante dal rifugio Scotter per dirigersi quasi sicuramente sull&#8217;Antelao. Alla sera, non vedendolo rientrare, i famigliari hanno lanciato l&#8217;allarme. Una [&hellip;]\" \/>\n<meta property=\"og:url\" content=\"https:\/\/www.bellunopress.it\/fr\/2009\/06\/06\/ancora-nessuna-notizia-di-giuliano-de-marchi-scomparso-ieri-sullantelao\/\" \/>\n<meta property=\"og:site_name\" content=\"Bellunopress - Dolomiti\" \/>\n<meta property=\"article:publisher\" content=\"https:\/\/www.facebook.com\/profile.php?id=100008943462799\" \/>\n<meta property=\"article:published_time\" content=\"2009-06-06T20:05:55+00:00\" \/>\n<meta property=\"article:modified_time\" content=\"2009-06-08T00:06:54+00:00\" \/>\n<meta property=\"og:image\" content=\"http:\/\/www.bellunopress.it\/wp-content\/uploads\/2009\/06\/giuliano-de-marchi.jpg\" \/>\n<meta name=\"author\" content=\"redazione\" \/>\n<meta name=\"twitter:card\" content=\"summary_large_image\" \/>\n<meta name=\"twitter:creator\" content=\"@bellunopress\" \/>\n<meta name=\"twitter:site\" content=\"@bellunopress\" \/>\n<meta name=\"twitter:label1\" content=\"Written by\" \/>\n\t<meta name=\"twitter:data1\" content=\"redazione\" \/>\n\t<meta name=\"twitter:label2\" content=\"Est. reading time\" \/>\n\t<meta name=\"twitter:data2\" content=\"1 minute\" \/>\n<script type=\"application\/ld+json\" class=\"yoast-schema-graph\">{\"@context\":\"https:\\\/\\\/schema.org\",\"@graph\":[{\"@type\":\"Article\",\"@id\":\"https:\\\/\\\/www.bellunopress.it\\\/2009\\\/06\\\/06\\\/ancora-nessuna-notizia-di-giuliano-de-marchi-scomparso-ieri-sullantelao\\\/#article\",\"isPartOf\":{\"@id\":\"https:\\\/\\\/www.bellunopress.it\\\/2009\\\/06\\\/06\\\/ancora-nessuna-notizia-di-giuliano-de-marchi-scomparso-ieri-sullantelao\\\/\"},\"author\":{\"name\":\"redazione\",\"@id\":\"https:\\\/\\\/www.bellunopress.it\\\/#\\\/schema\\\/person\\\/79bb06722b37ece1c03d3e94beb30d73\"},\"headline\":\"Ancora nessuna notizia di Giuliano De Marchi scomparso ieri sull&#8217;Antelao\",\"datePublished\":\"2009-06-06T20:05:55+00:00\",\"dateModified\":\"2009-06-08T00:06:54+00:00\",\"mainEntityOfPage\":{\"@id\":\"https:\\\/\\\/www.bellunopress.it\\\/2009\\\/06\\\/06\\\/ancora-nessuna-notizia-di-giuliano-de-marchi-scomparso-ieri-sullantelao\\\/\"},\"wordCount\":311,\"publisher\":{\"@id\":\"https:\\\/\\\/www.bellunopress.it\\\/#organization\"},\"image\":{\"@id\":\"https:\\\/\\\/www.bellunopress.it\\\/2009\\\/06\\\/06\\\/ancora-nessuna-notizia-di-giuliano-de-marchi-scomparso-ieri-sullantelao\\\/#primaryimage\"},\"thumbnailUrl\":\"http:\\\/\\\/www.bellunopress.it\\\/wp-content\\\/uploads\\\/2009\\\/06\\\/giuliano-de-marchi.jpg\",\"keywords\":[\"Soccorso Alpino\"],\"inLanguage\":\"fr-FR\"},{\"@type\":\"WebPage\",\"@id\":\"https:\\\/\\\/www.bellunopress.it\\\/2009\\\/06\\\/06\\\/ancora-nessuna-notizia-di-giuliano-de-marchi-scomparso-ieri-sullantelao\\\/\",\"url\":\"https:\\\/\\\/www.bellunopress.it\\\/2009\\\/06\\\/06\\\/ancora-nessuna-notizia-di-giuliano-de-marchi-scomparso-ieri-sullantelao\\\/\",\"name\":\"Ancora nessuna notizia di Giuliano De Marchi scomparso ieri sull'Antelao - Bellunopress - Dolomiti\",\"isPartOf\":{\"@id\":\"https:\\\/\\\/www.bellunopress.it\\\/#website\"},\"primaryImageOfPage\":{\"@id\":\"https:\\\/\\\/www.bellunopress.it\\\/2009\\\/06\\\/06\\\/ancora-nessuna-notizia-di-giuliano-de-marchi-scomparso-ieri-sullantelao\\\/#primaryimage\"},\"image\":{\"@id\":\"https:\\\/\\\/www.bellunopress.it\\\/2009\\\/06\\\/06\\\/ancora-nessuna-notizia-di-giuliano-de-marchi-scomparso-ieri-sullantelao\\\/#primaryimage\"},\"thumbnailUrl\":\"http:\\\/\\\/www.bellunopress.it\\\/wp-content\\\/uploads\\\/2009\\\/06\\\/giuliano-de-marchi.jpg\",\"datePublished\":\"2009-06-06T20:05:55+00:00\",\"dateModified\":\"2009-06-08T00:06:54+00:00\",\"breadcrumb\":{\"@id\":\"https:\\\/\\\/www.bellunopress.it\\\/2009\\\/06\\\/06\\\/ancora-nessuna-notizia-di-giuliano-de-marchi-scomparso-ieri-sullantelao\\\/#breadcrumb\"},\"inLanguage\":\"fr-FR\",\"potentialAction\":[{\"@type\":\"ReadAction\",\"target\":[\"https:\\\/\\\/www.bellunopress.it\\\/2009\\\/06\\\/06\\\/ancora-nessuna-notizia-di-giuliano-de-marchi-scomparso-ieri-sullantelao\\\/\"]}]},{\"@type\":\"ImageObject\",\"inLanguage\":\"fr-FR\",\"@id\":\"https:\\\/\\\/www.bellunopress.it\\\/2009\\\/06\\\/06\\\/ancora-nessuna-notizia-di-giuliano-de-marchi-scomparso-ieri-sullantelao\\\/#primaryimage\",\"url\":\"http:\\\/\\\/www.bellunopress.it\\\/wp-content\\\/uploads\\\/2009\\\/06\\\/giuliano-de-marchi.jpg\",\"contentUrl\":\"http:\\\/\\\/www.bellunopress.it\\\/wp-content\\\/uploads\\\/2009\\\/06\\\/giuliano-de-marchi.jpg\"},{\"@type\":\"BreadcrumbList\",\"@id\":\"https:\\\/\\\/www.bellunopress.it\\\/2009\\\/06\\\/06\\\/ancora-nessuna-notizia-di-giuliano-de-marchi-scomparso-ieri-sullantelao\\\/#breadcrumb\",\"itemListElement\":[{\"@type\":\"ListItem\",\"position\":1,\"name\":\"Home\",\"item\":\"https:\\\/\\\/www.bellunopress.it\\\/\"},{\"@type\":\"ListItem\",\"position\":2,\"name\":\"Ancora nessuna notizia di Giuliano De Marchi scomparso ieri sull&#8217;Antelao\"}]},{\"@type\":\"WebSite\",\"@id\":\"https:\\\/\\\/www.bellunopress.it\\\/#website\",\"url\":\"https:\\\/\\\/www.bellunopress.it\\\/\",\"name\":\"Bellunopress - Dolomiti\",\"description\":\"e-mail: redazione@bellunopress.it\",\"publisher\":{\"@id\":\"https:\\\/\\\/www.bellunopress.it\\\/#organization\"},\"potentialAction\":[{\"@type\":\"SearchAction\",\"target\":{\"@type\":\"EntryPoint\",\"urlTemplate\":\"https:\\\/\\\/www.bellunopress.it\\\/?s={search_term_string}\"},\"query-input\":{\"@type\":\"PropertyValueSpecification\",\"valueRequired\":true,\"valueName\":\"search_term_string\"}}],\"inLanguage\":\"fr-FR\"},{\"@type\":\"Organization\",\"@id\":\"https:\\\/\\\/www.bellunopress.it\\\/#organization\",\"name\":\"Bellunopress\",\"url\":\"https:\\\/\\\/www.bellunopress.it\\\/\",\"logo\":{\"@type\":\"ImageObject\",\"inLanguage\":\"fr-FR\",\"@id\":\"https:\\\/\\\/www.bellunopress.it\\\/#\\\/schema\\\/logo\\\/image\\\/\",\"url\":\"https:\\\/\\\/www.bellunopress.it\\\/wp-content\\\/uploads\\\/2011\\\/05\\\/cropped-logo-bellunopress-.jpg\",\"contentUrl\":\"https:\\\/\\\/www.bellunopress.it\\\/wp-content\\\/uploads\\\/2011\\\/05\\\/cropped-logo-bellunopress-.jpg\",\"width\":512,\"height\":512,\"caption\":\"Bellunopress\"},\"image\":{\"@id\":\"https:\\\/\\\/www.bellunopress.it\\\/#\\\/schema\\\/logo\\\/image\\\/\"},\"sameAs\":[\"https:\\\/\\\/www.facebook.com\\\/profile.php?id=100008943462799\",\"https:\\\/\\\/x.com\\\/bellunopress\",\"https:\\\/\\\/www.linkedin.com\\\/hp\\\/?dnr=JBzUWaJfMUw8vbXJJ2tVW5-I3jZKvC4wsoxE&amp;amp;amp;amp;amp;amp;trk=nav_responsive_tab_home\",\"https:\\\/\\\/www.youtube.com\\\/channel\\\/UCxL0wu1uN0_3_7hGG0306cw\"]},{\"@type\":\"Person\",\"@id\":\"https:\\\/\\\/www.bellunopress.it\\\/#\\\/schema\\\/person\\\/79bb06722b37ece1c03d3e94beb30d73\",\"name\":\"redazione\",\"image\":{\"@type\":\"ImageObject\",\"inLanguage\":\"fr-FR\",\"@id\":\"https:\\\/\\\/secure.gravatar.com\\\/avatar\\\/37d968a2e67a6fd04c169c4bdef102d0bc5d31b2546345219e348575eb80e9a0?s=96&d=mm&r=g\",\"url\":\"https:\\\/\\\/secure.gravatar.com\\\/avatar\\\/37d968a2e67a6fd04c169c4bdef102d0bc5d31b2546345219e348575eb80e9a0?s=96&d=mm&r=g\",\"contentUrl\":\"https:\\\/\\\/secure.gravatar.com\\\/avatar\\\/37d968a2e67a6fd04c169c4bdef102d0bc5d31b2546345219e348575eb80e9a0?s=96&d=mm&r=g\",\"caption\":\"redazione\"},\"sameAs\":[\"http:\\\/\\\/www.bellunopress.it\",\"https:\\\/\\\/x.com\\\/bellunopress\"],\"url\":\"https:\\\/\\\/www.bellunopress.it\\\/fr\\\/author\\\/redazione\\\/\"}]}<\/script>\n<!-- \/ Yoast SEO plugin. -->","yoast_head_json":{"title":"Ancora nessuna notizia di Giuliano De Marchi scomparso ieri sull'Antelao - Bellunopress - Dolomiti","robots":{"index":"index","follow":"follow","max-snippet":"max-snippet:-1","max-image-preview":"max-image-preview:large","max-video-preview":"max-video-preview:-1"},"canonical":"https:\/\/www.bellunopress.it\/fr\/2009\/06\/06\/ancora-nessuna-notizia-di-giuliano-de-marchi-scomparso-ieri-sullantelao\/","og_locale":"fr_FR","og_type":"article","og_title":"Ancora nessuna notizia di Giuliano De Marchi scomparso ieri sull'Antelao - Bellunopress - Dolomiti","og_description":"Hanno finora dato esito negativo le ricerche di Giuliano De Marchi, l&#8217;esperto alpinista bellunese di 62 anni, scomparso ieri durante un&#8217;escursione di scialpinismo sull&#8217;Antelao. Partito ieri mattina alle 7, ha lasciato la macchina parcheggiata non distante dal rifugio Scotter per dirigersi quasi sicuramente sull&#8217;Antelao. Alla sera, non vedendolo rientrare, i famigliari hanno lanciato l&#8217;allarme. Una [&hellip;]","og_url":"https:\/\/www.bellunopress.it\/fr\/2009\/06\/06\/ancora-nessuna-notizia-di-giuliano-de-marchi-scomparso-ieri-sullantelao\/","og_site_name":"Bellunopress - Dolomiti","article_publisher":"https:\/\/www.facebook.com\/profile.php?id=100008943462799","article_published_time":"2009-06-06T20:05:55+00:00","article_modified_time":"2009-06-08T00:06:54+00:00","og_image":[{"url":"http:\/\/www.bellunopress.it\/wp-content\/uploads\/2009\/06\/giuliano-de-marchi.jpg","type":"","width":"","height":""}],"author":"redazione","twitter_card":"summary_large_image","twitter_creator":"@bellunopress","twitter_site":"@bellunopress","twitter_misc":{"Written by":"redazione","Est. reading time":"1 minute"},"schema":{"@context":"https:\/\/schema.org","@graph":[{"@type":"Article","@id":"https:\/\/www.bellunopress.it\/2009\/06\/06\/ancora-nessuna-notizia-di-giuliano-de-marchi-scomparso-ieri-sullantelao\/#article","isPartOf":{"@id":"https:\/\/www.bellunopress.it\/2009\/06\/06\/ancora-nessuna-notizia-di-giuliano-de-marchi-scomparso-ieri-sullantelao\/"},"author":{"name":"redazione","@id":"https:\/\/www.bellunopress.it\/#\/schema\/person\/79bb06722b37ece1c03d3e94beb30d73"},"headline":"Ancora nessuna notizia di Giuliano De Marchi scomparso ieri sull&#8217;Antelao","datePublished":"2009-06-06T20:05:55+00:00","dateModified":"2009-06-08T00:06:54+00:00","mainEntityOfPage":{"@id":"https:\/\/www.bellunopress.it\/2009\/06\/06\/ancora-nessuna-notizia-di-giuliano-de-marchi-scomparso-ieri-sullantelao\/"},"wordCount":311,"publisher":{"@id":"https:\/\/www.bellunopress.it\/#organization"},"image":{"@id":"https:\/\/www.bellunopress.it\/2009\/06\/06\/ancora-nessuna-notizia-di-giuliano-de-marchi-scomparso-ieri-sullantelao\/#primaryimage"},"thumbnailUrl":"http:\/\/www.bellunopress.it\/wp-content\/uploads\/2009\/06\/giuliano-de-marchi.jpg","keywords":["Soccorso Alpino"],"inLanguage":"fr-FR"},{"@type":"WebPage","@id":"https:\/\/www.bellunopress.it\/2009\/06\/06\/ancora-nessuna-notizia-di-giuliano-de-marchi-scomparso-ieri-sullantelao\/","url":"https:\/\/www.bellunopress.it\/2009\/06\/06\/ancora-nessuna-notizia-di-giuliano-de-marchi-scomparso-ieri-sullantelao\/","name":"Ancora nessuna notizia di Giuliano De Marchi scomparso ieri sull'Antelao - Bellunopress - Dolomiti","isPartOf":{"@id":"https:\/\/www.bellunopress.it\/#website"},"primaryImageOfPage":{"@id":"https:\/\/www.bellunopress.it\/2009\/06\/06\/ancora-nessuna-notizia-di-giuliano-de-marchi-scomparso-ieri-sullantelao\/#primaryimage"},"image":{"@id":"https:\/\/www.bellunopress.it\/2009\/06\/06\/ancora-nessuna-notizia-di-giuliano-de-marchi-scomparso-ieri-sullantelao\/#primaryimage"},"thumbnailUrl":"http:\/\/www.bellunopress.it\/wp-content\/uploads\/2009\/06\/giuliano-de-marchi.jpg","datePublished":"2009-06-06T20:05:55+00:00","dateModified":"2009-06-08T00:06:54+00:00","breadcrumb":{"@id":"https:\/\/www.bellunopress.it\/2009\/06\/06\/ancora-nessuna-notizia-di-giuliano-de-marchi-scomparso-ieri-sullantelao\/#breadcrumb"},"inLanguage":"fr-FR","potentialAction":[{"@type":"ReadAction","target":["https:\/\/www.bellunopress.it\/2009\/06\/06\/ancora-nessuna-notizia-di-giuliano-de-marchi-scomparso-ieri-sullantelao\/"]}]},{"@type":"ImageObject","inLanguage":"fr-FR","@id":"https:\/\/www.bellunopress.it\/2009\/06\/06\/ancora-nessuna-notizia-di-giuliano-de-marchi-scomparso-ieri-sullantelao\/#primaryimage","url":"http:\/\/www.bellunopress.it\/wp-content\/uploads\/2009\/06\/giuliano-de-marchi.jpg","contentUrl":"http:\/\/www.bellunopress.it\/wp-content\/uploads\/2009\/06\/giuliano-de-marchi.jpg"},{"@type":"BreadcrumbList","@id":"https:\/\/www.bellunopress.it\/2009\/06\/06\/ancora-nessuna-notizia-di-giuliano-de-marchi-scomparso-ieri-sullantelao\/#breadcrumb","itemListElement":[{"@type":"ListItem","position":1,"name":"Home","item":"https:\/\/www.bellunopress.it\/"},{"@type":"ListItem","position":2,"name":"Ancora nessuna notizia di Giuliano De Marchi scomparso ieri sull&#8217;Antelao"}]},{"@type":"WebSite","@id":"https:\/\/www.bellunopress.it\/#website","url":"https:\/\/www.bellunopress.it\/","name":"Bellunopress - Dolomiti","description":"e-mail: redazione@bellunopress.it","publisher":{"@id":"https:\/\/www.bellunopress.it\/#organization"},"potentialAction":[{"@type":"SearchAction","target":{"@type":"EntryPoint","urlTemplate":"https:\/\/www.bellunopress.it\/?s={search_term_string}"},"query-input":{"@type":"PropertyValueSpecification","valueRequired":true,"valueName":"search_term_string"}}],"inLanguage":"fr-FR"},{"@type":"Organization","@id":"https:\/\/www.bellunopress.it\/#organization","name":"Bellunopress","url":"https:\/\/www.bellunopress.it\/","logo":{"@type":"ImageObject","inLanguage":"fr-FR","@id":"https:\/\/www.bellunopress.it\/#\/schema\/logo\/image\/","url":"https:\/\/www.bellunopress.it\/wp-content\/uploads\/2011\/05\/cropped-logo-bellunopress-.jpg","contentUrl":"https:\/\/www.bellunopress.it\/wp-content\/uploads\/2011\/05\/cropped-logo-bellunopress-.jpg","width":512,"height":512,"caption":"Bellunopress"},"image":{"@id":"https:\/\/www.bellunopress.it\/#\/schema\/logo\/image\/"},"sameAs":["https:\/\/www.facebook.com\/profile.php?id=100008943462799","https:\/\/x.com\/bellunopress","https:\/\/www.linkedin.com\/hp\/?dnr=JBzUWaJfMUw8vbXJJ2tVW5-I3jZKvC4wsoxE&amp;amp;amp;amp;amp;amp;trk=nav_responsive_tab_home","https:\/\/www.youtube.com\/channel\/UCxL0wu1uN0_3_7hGG0306cw"]},{"@type":"Person","@id":"https:\/\/www.bellunopress.it\/#\/schema\/person\/79bb06722b37ece1c03d3e94beb30d73","name":"r\u00e9daction","image":{"@type":"ImageObject","inLanguage":"fr-FR","@id":"https:\/\/secure.gravatar.com\/avatar\/37d968a2e67a6fd04c169c4bdef102d0bc5d31b2546345219e348575eb80e9a0?s=96&d=mm&r=g","url":"https:\/\/secure.gravatar.com\/avatar\/37d968a2e67a6fd04c169c4bdef102d0bc5d31b2546345219e348575eb80e9a0?s=96&d=mm&r=g","contentUrl":"https:\/\/secure.gravatar.com\/avatar\/37d968a2e67a6fd04c169c4bdef102d0bc5d31b2546345219e348575eb80e9a0?s=96&d=mm&r=g","caption":"redazione"},"sameAs":["http:\/\/www.bellunopress.it","https:\/\/x.com\/bellunopress"],"url":"https:\/\/www.bellunopress.it\/fr\/author\/redazione\/"}]}},"_links":{"self":[{"href":"https:\/\/www.bellunopress.it\/fr\/wp-json\/wp\/v2\/posts\/4536","targetHints":{"allow":["GET"]}}],"collection":[{"href":"https:\/\/www.bellunopress.it\/fr\/wp-json\/wp\/v2\/posts"}],"about":[{"href":"https:\/\/www.bellunopress.it\/fr\/wp-json\/wp\/v2\/types\/post"}],"author":[{"embeddable":true,"href":"https:\/\/www.bellunopress.it\/fr\/wp-json\/wp\/v2\/users\/2"}],"replies":[{"embeddable":true,"href":"https:\/\/www.bellunopress.it\/fr\/wp-json\/wp\/v2\/comments?post=4536"}],"version-history":[{"count":2,"href":"https:\/\/www.bellunopress.it\/fr\/wp-json\/wp\/v2\/posts\/4536\/revisions"}],"predecessor-version":[{"id":4563,"href":"https:\/\/www.bellunopress.it\/fr\/wp-json\/wp\/v2\/posts\/4536\/revisions\/4563"}],"wp:attachment":[{"href":"https:\/\/www.bellunopress.it\/fr\/wp-json\/wp\/v2\/media?parent=4536"}],"wp:term":[{"taxonomy":"category","embeddable":true,"href":"https:\/\/www.bellunopress.it\/fr\/wp-json\/wp\/v2\/categories?post=4536"},{"taxonomy":"post_tag","embeddable":true,"href":"https:\/\/www.bellunopress.it\/fr\/wp-json\/wp\/v2\/tags?post=4536"}],"curies":[{"name":"wp","href":"https:\/\/api.w.org\/{rel}","templated":true}]}}