{"id":45344,"date":"2013-01-03T10:47:18","date_gmt":"2013-01-03T09:47:18","guid":{"rendered":"http:\/\/www.bellunopress.it\/?p=45344"},"modified":"2013-01-03T10:47:18","modified_gmt":"2013-01-03T09:47:18","slug":"rinviato-a-domenica-10-febbraio-lincontro-di-cortina-con-il-filosofo-e-antropologo-marc-auge","status":"publish","type":"post","link":"https:\/\/www.bellunopress.it\/fr\/2013\/01\/03\/rinviato-a-domenica-10-febbraio-lincontro-di-cortina-con-il-filosofo-e-antropologo-marc-auge\/","title":{"rendered":"Rinviato a domenica 10 febbraio l&#8217;incontro di Cortina con il filosofo e antropologo Marc Aug\u00e9"},"content":{"rendered":"<p>Slitta in avanti di qualche settimana l\u2019appuntamento previsto con Marc Aug\u00e9 a Cortina d\u2019Ampezzo. Lo rende noto Una Montagna di Libri, la rassegna di incontri con l\u2019autore di Cortina. La lezione di Aug\u00e9, antropologo e filosofo della contemporaneit\u00e0, dal titolo Futuro, che doveva tenersi venerd\u00ec 4 gennaio, \u00e8 spostata a domenica 10 febbraio 2013, alle ore 11, sempre presso la Sala consiliare del Municipio di Cortina d\u2019Ampezzo.<\/p>\n<p>\u201cUn lieve malessere di stagione trattiene Marc Aug\u00e9 a Parigi\u201d, spiegano gli organizzatori. \u201cNiente di grave. Lo abbiamo saputo in giornata e immediatamente provveduto a concordare con l\u2019Autore una data diversa per l\u2019atteso incontro con i suoi lettori\u201d.<\/p>\n<p>Marc Auge\u0301, tra i maggiori africanisti dei nostri tempi, negli ultimi vent\u2019anni \u00e8 diventato una figura di riferimento anche per un\u2019antropologia della tarda modernit\u00e0. Tra i libri tradotti in italiano: Un etnologo nel metr\u00f2 (1992), Nonluoghi. Introduzione a una antropologia della surmodernit\u00e0 (1993), Il dio oggetto (2002), Poteri di vita, poteri di morte (2003), Il metr\u00f2 rivisitato (2009), Che fine ha fatto il futuro? Dai non luoghi al nontempo (2009), Per un\u2019antropologia della mobilit\u00e0 (2010) e Diario di un senza fissa dimora (2011). Presso Bollati Boringhieri ha pubblicato: Disneyland e altri nonluoghi (1999), Il senso degli altri. Attualit\u00e0 dell\u2019antropologia (2000), Finzioni di fine secolo, seguito da Che cosa succede? (2001), Genio del paganesimo (2002), Diario di guerra (2002), Rovine e macerie (2004), La madre di Arthur (2005), Il mestiere dell\u2019antropologo (2007), Casablanca (2008), Il bello della bicicletta (2009) e Straniero a me stesso (2011).<\/p>\n<p>IL LIBRO. Futuro. Nel mondo che conosciamo l\u2019idea di futuro e\u0300 ipotecata dalle carenze e dalle paure del presente. Sul futuro proiettiamo speranze di riscatto e attese di progresso; dal futuro temiamo qualche apocalisse. Da antropologo, Marc Auge\u0301 ha dimestichezza con una pluralita\u0300 di luoghi e di tempi, e proprio per questo sa riconoscere i nonluoghi e il nontempo che ogni giorno attraversiamo. Chi, come lui, e\u0300 abituato a confrontarsi sia con la pienezza sia con la bassa intensita\u0300 di senso, ragiona sul futuro da una prospettiva diversa: e\u0300 l\u2019eccesso di visione, di rappresentazioni precostituite che impedisce di concepire il cambiamento a partire dall\u2019esperienza storica concreta. Con un vero colpo d\u2019ala, Auge\u0301 coniuga scienza e futuro, ossia rimette in onore l\u2019aspetto della scienza che piu\u0300 si discosta dalla tracotanza e dalla dismisura, e dai loro guasti planetari. Solo la sistematica messa in dubbio delle nozioni di certezza, verita\u0300 e totalita\u0300 permette infatti di rompere il cerchio magico che appiattisce l\u2019avvenire su un eterno, allucinato presente.<\/p>\n<p>L\u2019appuntamento con Marc Aug\u00e9 \u00e8 quindi fissato per domenica 10 febbraio 2013, ore 11, presso il Municipio di Cortina d\u2019Ampezzo, Sala Consiliare, primo piano. Ingresso libero fino a esaurimento posti.<\/p>","protected":false},"excerpt":{"rendered":"<p>Slitta in avanti di qualche settimana l\u2019appuntamento previsto con Marc Aug\u00e9 a Cortina d\u2019Ampezzo. Lo rende noto Una Montagna di Libri, la rassegna di incontri con l\u2019autore di Cortina. La lezione di Aug\u00e9, antropologo e filosofo della contemporaneit\u00e0, dal titolo Futuro, che doveva tenersi venerd\u00ec 4 gennaio, \u00e8 spostata a domenica 10 febbraio 2013, alle [&hellip;]<\/p>\n","protected":false},"author":2,"featured_media":0,"comment_status":"closed","ping_status":"open","sticky":false,"template":"","format":"standard","meta":{"footnotes":""},"categories":[27,3,25],"tags":[],"class_list":["post-45344","post","type-post","status-publish","format-standard","category-appuntamenti","category-arte-cultura-spettacoli-scienza-archivi","category-pausa-caffe"],"yoast_head":"<!-- This site is optimized with the Yoast SEO plugin v28.4 - https:\/\/yoast.com\/product\/yoast-seo-wordpress\/ -->\n<title>Rinviato a domenica 10 febbraio l&#039;incontro di Cortina con il filosofo e antropologo Marc Aug\u00e9 - Bellunopress - Dolomiti<\/title>\n<meta name=\"robots\" content=\"index, follow, max-snippet:-1, max-image-preview:large, max-video-preview:-1\" \/>\n<link rel=\"canonical\" href=\"https:\/\/www.bellunopress.it\/fr\/2013\/01\/03\/rinviato-a-domenica-10-febbraio-lincontro-di-cortina-con-il-filosofo-e-antropologo-marc-auge\/\" \/>\n<meta property=\"og:locale\" content=\"fr_FR\" \/>\n<meta property=\"og:type\" content=\"article\" \/>\n<meta property=\"og:title\" content=\"Rinviato a domenica 10 febbraio l&#039;incontro di Cortina con il filosofo e antropologo Marc Aug\u00e9 - Bellunopress - Dolomiti\" \/>\n<meta property=\"og:description\" content=\"Slitta in avanti di qualche settimana l\u2019appuntamento previsto con Marc Aug\u00e9 a Cortina d\u2019Ampezzo. Lo rende noto Una Montagna di Libri, la rassegna di incontri con l\u2019autore di Cortina. La lezione di Aug\u00e9, antropologo e filosofo della contemporaneit\u00e0, dal titolo Futuro, che doveva tenersi venerd\u00ec 4 gennaio, \u00e8 spostata a domenica 10 febbraio 2013, alle [&hellip;]\" \/>\n<meta property=\"og:url\" content=\"https:\/\/www.bellunopress.it\/fr\/2013\/01\/03\/rinviato-a-domenica-10-febbraio-lincontro-di-cortina-con-il-filosofo-e-antropologo-marc-auge\/\" \/>\n<meta property=\"og:site_name\" content=\"Bellunopress - Dolomiti\" \/>\n<meta property=\"article:publisher\" content=\"https:\/\/www.facebook.com\/profile.php?id=100008943462799\" \/>\n<meta property=\"article:published_time\" content=\"2013-01-03T09:47:18+00:00\" \/>\n<meta property=\"og:image\" content=\"http:\/\/www.bellunopress.it\/wp-content\/uploads\/2012\/07\/logo-bellunopress-250x250-2012.jpg\" \/>\n<meta name=\"author\" content=\"redazione\" \/>\n<meta name=\"twitter:card\" content=\"summary_large_image\" \/>\n<meta name=\"twitter:creator\" content=\"@bellunopress\" \/>\n<meta name=\"twitter:site\" content=\"@bellunopress\" \/>\n<meta name=\"twitter:label1\" content=\"\u00c9crit par\" \/>\n\t<meta name=\"twitter:data1\" content=\"redazione\" \/>\n\t<meta name=\"twitter:label2\" content=\"Dur\u00e9e de lecture estim\u00e9e\" \/>\n\t<meta name=\"twitter:data2\" content=\"2 minutes\" \/>\n<script type=\"application\/ld+json\" class=\"yoast-schema-graph\">{\"@context\":\"https:\\\/\\\/schema.org\",\"@graph\":[{\"@type\":\"Article\",\"@id\":\"https:\\\/\\\/www.bellunopress.it\\\/2013\\\/01\\\/03\\\/rinviato-a-domenica-10-febbraio-lincontro-di-cortina-con-il-filosofo-e-antropologo-marc-auge\\\/#article\",\"isPartOf\":{\"@id\":\"https:\\\/\\\/www.bellunopress.it\\\/2013\\\/01\\\/03\\\/rinviato-a-domenica-10-febbraio-lincontro-di-cortina-con-il-filosofo-e-antropologo-marc-auge\\\/\"},\"author\":{\"name\":\"redazione\",\"@id\":\"https:\\\/\\\/www.bellunopress.it\\\/#\\\/schema\\\/person\\\/79bb06722b37ece1c03d3e94beb30d73\"},\"headline\":\"Rinviato a domenica 10 febbraio l&#8217;incontro di Cortina con il filosofo e antropologo Marc Aug\u00e9\",\"datePublished\":\"2013-01-03T09:47:18+00:00\",\"mainEntityOfPage\":{\"@id\":\"https:\\\/\\\/www.bellunopress.it\\\/2013\\\/01\\\/03\\\/rinviato-a-domenica-10-febbraio-lincontro-di-cortina-con-il-filosofo-e-antropologo-marc-auge\\\/\"},\"wordCount\":449,\"publisher\":{\"@id\":\"https:\\\/\\\/www.bellunopress.it\\\/#organization\"},\"articleSection\":[\"Appuntamenti, Eventi\",\"Arte, Cultura, Spettacoli, Scienza\",\"Pausa Caff\u00e8\"],\"inLanguage\":\"fr-FR\"},{\"@type\":\"WebPage\",\"@id\":\"https:\\\/\\\/www.bellunopress.it\\\/2013\\\/01\\\/03\\\/rinviato-a-domenica-10-febbraio-lincontro-di-cortina-con-il-filosofo-e-antropologo-marc-auge\\\/\",\"url\":\"https:\\\/\\\/www.bellunopress.it\\\/2013\\\/01\\\/03\\\/rinviato-a-domenica-10-febbraio-lincontro-di-cortina-con-il-filosofo-e-antropologo-marc-auge\\\/\",\"name\":\"Rinviato a domenica 10 febbraio l'incontro di Cortina con il filosofo e antropologo Marc Aug\u00e9 - Bellunopress - Dolomiti\",\"isPartOf\":{\"@id\":\"https:\\\/\\\/www.bellunopress.it\\\/#website\"},\"datePublished\":\"2013-01-03T09:47:18+00:00\",\"breadcrumb\":{\"@id\":\"https:\\\/\\\/www.bellunopress.it\\\/2013\\\/01\\\/03\\\/rinviato-a-domenica-10-febbraio-lincontro-di-cortina-con-il-filosofo-e-antropologo-marc-auge\\\/#breadcrumb\"},\"inLanguage\":\"fr-FR\",\"potentialAction\":[{\"@type\":\"ReadAction\",\"target\":[\"https:\\\/\\\/www.bellunopress.it\\\/2013\\\/01\\\/03\\\/rinviato-a-domenica-10-febbraio-lincontro-di-cortina-con-il-filosofo-e-antropologo-marc-auge\\\/\"]}]},{\"@type\":\"BreadcrumbList\",\"@id\":\"https:\\\/\\\/www.bellunopress.it\\\/2013\\\/01\\\/03\\\/rinviato-a-domenica-10-febbraio-lincontro-di-cortina-con-il-filosofo-e-antropologo-marc-auge\\\/#breadcrumb\",\"itemListElement\":[{\"@type\":\"ListItem\",\"position\":1,\"name\":\"Home\",\"item\":\"https:\\\/\\\/www.bellunopress.it\\\/\"},{\"@type\":\"ListItem\",\"position\":2,\"name\":\"Rinviato a domenica 10 febbraio l&#8217;incontro di Cortina con il filosofo e antropologo Marc Aug\u00e9\"}]},{\"@type\":\"WebSite\",\"@id\":\"https:\\\/\\\/www.bellunopress.it\\\/#website\",\"url\":\"https:\\\/\\\/www.bellunopress.it\\\/\",\"name\":\"Bellunopress - Dolomiti\",\"description\":\"e-mail: redazione@bellunopress.it\",\"publisher\":{\"@id\":\"https:\\\/\\\/www.bellunopress.it\\\/#organization\"},\"potentialAction\":[{\"@type\":\"SearchAction\",\"target\":{\"@type\":\"EntryPoint\",\"urlTemplate\":\"https:\\\/\\\/www.bellunopress.it\\\/?s={search_term_string}\"},\"query-input\":{\"@type\":\"PropertyValueSpecification\",\"valueRequired\":true,\"valueName\":\"search_term_string\"}}],\"inLanguage\":\"fr-FR\"},{\"@type\":\"Organization\",\"@id\":\"https:\\\/\\\/www.bellunopress.it\\\/#organization\",\"name\":\"Bellunopress\",\"url\":\"https:\\\/\\\/www.bellunopress.it\\\/\",\"logo\":{\"@type\":\"ImageObject\",\"inLanguage\":\"fr-FR\",\"@id\":\"https:\\\/\\\/www.bellunopress.it\\\/#\\\/schema\\\/logo\\\/image\\\/\",\"url\":\"https:\\\/\\\/www.bellunopress.it\\\/wp-content\\\/uploads\\\/2011\\\/05\\\/cropped-logo-bellunopress-.jpg\",\"contentUrl\":\"https:\\\/\\\/www.bellunopress.it\\\/wp-content\\\/uploads\\\/2011\\\/05\\\/cropped-logo-bellunopress-.jpg\",\"width\":512,\"height\":512,\"caption\":\"Bellunopress\"},\"image\":{\"@id\":\"https:\\\/\\\/www.bellunopress.it\\\/#\\\/schema\\\/logo\\\/image\\\/\"},\"sameAs\":[\"https:\\\/\\\/www.facebook.com\\\/profile.php?id=100008943462799\",\"https:\\\/\\\/x.com\\\/bellunopress\",\"https:\\\/\\\/www.linkedin.com\\\/hp\\\/?dnr=JBzUWaJfMUw8vbXJJ2tVW5-I3jZKvC4wsoxE&amp;amp;amp;amp;amp;amp;trk=nav_responsive_tab_home\",\"https:\\\/\\\/www.youtube.com\\\/channel\\\/UCxL0wu1uN0_3_7hGG0306cw\"]},{\"@type\":\"Person\",\"@id\":\"https:\\\/\\\/www.bellunopress.it\\\/#\\\/schema\\\/person\\\/79bb06722b37ece1c03d3e94beb30d73\",\"name\":\"redazione\",\"image\":{\"@type\":\"ImageObject\",\"inLanguage\":\"fr-FR\",\"@id\":\"https:\\\/\\\/secure.gravatar.com\\\/avatar\\\/37d968a2e67a6fd04c169c4bdef102d0bc5d31b2546345219e348575eb80e9a0?s=96&d=mm&r=g\",\"url\":\"https:\\\/\\\/secure.gravatar.com\\\/avatar\\\/37d968a2e67a6fd04c169c4bdef102d0bc5d31b2546345219e348575eb80e9a0?s=96&d=mm&r=g\",\"contentUrl\":\"https:\\\/\\\/secure.gravatar.com\\\/avatar\\\/37d968a2e67a6fd04c169c4bdef102d0bc5d31b2546345219e348575eb80e9a0?s=96&d=mm&r=g\",\"caption\":\"redazione\"},\"sameAs\":[\"http:\\\/\\\/www.bellunopress.it\",\"https:\\\/\\\/x.com\\\/bellunopress\"],\"url\":\"https:\\\/\\\/www.bellunopress.it\\\/fr\\\/author\\\/redazione\\\/\"}]}<\/script>\n<!-- \/ Yoast SEO plugin. -->","yoast_head_json":{"title":"Rinviato a domenica 10 febbraio l'incontro di Cortina con il filosofo e antropologo Marc Aug\u00e9 - Bellunopress - Dolomiti","robots":{"index":"index","follow":"follow","max-snippet":"max-snippet:-1","max-image-preview":"max-image-preview:large","max-video-preview":"max-video-preview:-1"},"canonical":"https:\/\/www.bellunopress.it\/fr\/2013\/01\/03\/rinviato-a-domenica-10-febbraio-lincontro-di-cortina-con-il-filosofo-e-antropologo-marc-auge\/","og_locale":"fr_FR","og_type":"article","og_title":"Rinviato a domenica 10 febbraio l'incontro di Cortina con il filosofo e antropologo Marc Aug\u00e9 - Bellunopress - Dolomiti","og_description":"Slitta in avanti di qualche settimana l\u2019appuntamento previsto con Marc Aug\u00e9 a Cortina d\u2019Ampezzo. Lo rende noto Una Montagna di Libri, la rassegna di incontri con l\u2019autore di Cortina. La lezione di Aug\u00e9, antropologo e filosofo della contemporaneit\u00e0, dal titolo Futuro, che doveva tenersi venerd\u00ec 4 gennaio, \u00e8 spostata a domenica 10 febbraio 2013, alle [&hellip;]","og_url":"https:\/\/www.bellunopress.it\/fr\/2013\/01\/03\/rinviato-a-domenica-10-febbraio-lincontro-di-cortina-con-il-filosofo-e-antropologo-marc-auge\/","og_site_name":"Bellunopress - Dolomiti","article_publisher":"https:\/\/www.facebook.com\/profile.php?id=100008943462799","article_published_time":"2013-01-03T09:47:18+00:00","og_image":[{"url":"http:\/\/www.bellunopress.it\/wp-content\/uploads\/2012\/07\/logo-bellunopress-250x250-2012.jpg","type":"","width":"","height":""}],"author":"redazione","twitter_card":"summary_large_image","twitter_creator":"@bellunopress","twitter_site":"@bellunopress","twitter_misc":{"\u00c9crit par":"redazione","Dur\u00e9e de lecture estim\u00e9e":"2 minutes"},"schema":{"@context":"https:\/\/schema.org","@graph":[{"@type":"Article","@id":"https:\/\/www.bellunopress.it\/2013\/01\/03\/rinviato-a-domenica-10-febbraio-lincontro-di-cortina-con-il-filosofo-e-antropologo-marc-auge\/#article","isPartOf":{"@id":"https:\/\/www.bellunopress.it\/2013\/01\/03\/rinviato-a-domenica-10-febbraio-lincontro-di-cortina-con-il-filosofo-e-antropologo-marc-auge\/"},"author":{"name":"redazione","@id":"https:\/\/www.bellunopress.it\/#\/schema\/person\/79bb06722b37ece1c03d3e94beb30d73"},"headline":"Rinviato a domenica 10 febbraio l&#8217;incontro di Cortina con il filosofo e antropologo Marc Aug\u00e9","datePublished":"2013-01-03T09:47:18+00:00","mainEntityOfPage":{"@id":"https:\/\/www.bellunopress.it\/2013\/01\/03\/rinviato-a-domenica-10-febbraio-lincontro-di-cortina-con-il-filosofo-e-antropologo-marc-auge\/"},"wordCount":449,"publisher":{"@id":"https:\/\/www.bellunopress.it\/#organization"},"articleSection":["Appuntamenti, Eventi","Arte, Cultura, Spettacoli, Scienza","Pausa Caff\u00e8"],"inLanguage":"fr-FR"},{"@type":"WebPage","@id":"https:\/\/www.bellunopress.it\/2013\/01\/03\/rinviato-a-domenica-10-febbraio-lincontro-di-cortina-con-il-filosofo-e-antropologo-marc-auge\/","url":"https:\/\/www.bellunopress.it\/2013\/01\/03\/rinviato-a-domenica-10-febbraio-lincontro-di-cortina-con-il-filosofo-e-antropologo-marc-auge\/","name":"Rinviato a domenica 10 febbraio l'incontro di Cortina con il filosofo e antropologo Marc Aug\u00e9 - Bellunopress - Dolomiti","isPartOf":{"@id":"https:\/\/www.bellunopress.it\/#website"},"datePublished":"2013-01-03T09:47:18+00:00","breadcrumb":{"@id":"https:\/\/www.bellunopress.it\/2013\/01\/03\/rinviato-a-domenica-10-febbraio-lincontro-di-cortina-con-il-filosofo-e-antropologo-marc-auge\/#breadcrumb"},"inLanguage":"fr-FR","potentialAction":[{"@type":"ReadAction","target":["https:\/\/www.bellunopress.it\/2013\/01\/03\/rinviato-a-domenica-10-febbraio-lincontro-di-cortina-con-il-filosofo-e-antropologo-marc-auge\/"]}]},{"@type":"BreadcrumbList","@id":"https:\/\/www.bellunopress.it\/2013\/01\/03\/rinviato-a-domenica-10-febbraio-lincontro-di-cortina-con-il-filosofo-e-antropologo-marc-auge\/#breadcrumb","itemListElement":[{"@type":"ListItem","position":1,"name":"Home","item":"https:\/\/www.bellunopress.it\/"},{"@type":"ListItem","position":2,"name":"Rinviato a domenica 10 febbraio l&#8217;incontro di Cortina con il filosofo e antropologo Marc Aug\u00e9"}]},{"@type":"WebSite","@id":"https:\/\/www.bellunopress.it\/#website","url":"https:\/\/www.bellunopress.it\/","name":"Bellunopress - Dolomiti","description":"e-mail: redazione@bellunopress.it","publisher":{"@id":"https:\/\/www.bellunopress.it\/#organization"},"potentialAction":[{"@type":"SearchAction","target":{"@type":"EntryPoint","urlTemplate":"https:\/\/www.bellunopress.it\/?s={search_term_string}"},"query-input":{"@type":"PropertyValueSpecification","valueRequired":true,"valueName":"search_term_string"}}],"inLanguage":"fr-FR"},{"@type":"Organization","@id":"https:\/\/www.bellunopress.it\/#organization","name":"Bellunopress","url":"https:\/\/www.bellunopress.it\/","logo":{"@type":"ImageObject","inLanguage":"fr-FR","@id":"https:\/\/www.bellunopress.it\/#\/schema\/logo\/image\/","url":"https:\/\/www.bellunopress.it\/wp-content\/uploads\/2011\/05\/cropped-logo-bellunopress-.jpg","contentUrl":"https:\/\/www.bellunopress.it\/wp-content\/uploads\/2011\/05\/cropped-logo-bellunopress-.jpg","width":512,"height":512,"caption":"Bellunopress"},"image":{"@id":"https:\/\/www.bellunopress.it\/#\/schema\/logo\/image\/"},"sameAs":["https:\/\/www.facebook.com\/profile.php?id=100008943462799","https:\/\/x.com\/bellunopress","https:\/\/www.linkedin.com\/hp\/?dnr=JBzUWaJfMUw8vbXJJ2tVW5-I3jZKvC4wsoxE&amp;amp;amp;amp;amp;amp;trk=nav_responsive_tab_home","https:\/\/www.youtube.com\/channel\/UCxL0wu1uN0_3_7hGG0306cw"]},{"@type":"Person","@id":"https:\/\/www.bellunopress.it\/#\/schema\/person\/79bb06722b37ece1c03d3e94beb30d73","name":"r\u00e9daction","image":{"@type":"ImageObject","inLanguage":"fr-FR","@id":"https:\/\/secure.gravatar.com\/avatar\/37d968a2e67a6fd04c169c4bdef102d0bc5d31b2546345219e348575eb80e9a0?s=96&d=mm&r=g","url":"https:\/\/secure.gravatar.com\/avatar\/37d968a2e67a6fd04c169c4bdef102d0bc5d31b2546345219e348575eb80e9a0?s=96&d=mm&r=g","contentUrl":"https:\/\/secure.gravatar.com\/avatar\/37d968a2e67a6fd04c169c4bdef102d0bc5d31b2546345219e348575eb80e9a0?s=96&d=mm&r=g","caption":"redazione"},"sameAs":["http:\/\/www.bellunopress.it","https:\/\/x.com\/bellunopress"],"url":"https:\/\/www.bellunopress.it\/fr\/author\/redazione\/"}]}},"_links":{"self":[{"href":"https:\/\/www.bellunopress.it\/fr\/wp-json\/wp\/v2\/posts\/45344","targetHints":{"allow":["GET"]}}],"collection":[{"href":"https:\/\/www.bellunopress.it\/fr\/wp-json\/wp\/v2\/posts"}],"about":[{"href":"https:\/\/www.bellunopress.it\/fr\/wp-json\/wp\/v2\/types\/post"}],"author":[{"embeddable":true,"href":"https:\/\/www.bellunopress.it\/fr\/wp-json\/wp\/v2\/users\/2"}],"replies":[{"embeddable":true,"href":"https:\/\/www.bellunopress.it\/fr\/wp-json\/wp\/v2\/comments?post=45344"}],"version-history":[{"count":1,"href":"https:\/\/www.bellunopress.it\/fr\/wp-json\/wp\/v2\/posts\/45344\/revisions"}],"predecessor-version":[{"id":45345,"href":"https:\/\/www.bellunopress.it\/fr\/wp-json\/wp\/v2\/posts\/45344\/revisions\/45345"}],"wp:attachment":[{"href":"https:\/\/www.bellunopress.it\/fr\/wp-json\/wp\/v2\/media?parent=45344"}],"wp:term":[{"taxonomy":"category","embeddable":true,"href":"https:\/\/www.bellunopress.it\/fr\/wp-json\/wp\/v2\/categories?post=45344"},{"taxonomy":"post_tag","embeddable":true,"href":"https:\/\/www.bellunopress.it\/fr\/wp-json\/wp\/v2\/tags?post=45344"}],"curies":[{"name":"wp","href":"https:\/\/api.w.org\/{rel}","templated":true}]}}