{"id":45342,"date":"2013-01-03T09:12:56","date_gmt":"2013-01-03T08:12:56","guid":{"rendered":"http:\/\/www.bellunopress.it\/?p=45342"},"modified":"2013-01-03T09:12:56","modified_gmt":"2013-01-03T08:12:56","slug":"vivere-in-montagna-si-puo-partire-o-restare-dibattito-con-stefano-vietina-autore-del-libro-storie-di-uomini-e-imprese-che-fanno-vivere-la-montagna-venerdi-4-gennaio-ore-18-00-sa","status":"publish","type":"post","link":"https:\/\/www.bellunopress.it\/fr\/2013\/01\/03\/vivere-in-montagna-si-puo-partire-o-restare-dibattito-con-stefano-vietina-autore-del-libro-storie-di-uomini-e-imprese-che-fanno-vivere-la-montagna-venerdi-4-gennaio-ore-18-00-sa\/","title":{"rendered":"Vivere in montagna si pu\u00f2? Partire o restare? Dibattito con Stefano Vietina, autore del libro \u201cStorie di uomini e imprese che fanno vivere la montagna\u201d venerd\u00ec 4 gennaio, ore 18.00, Sala Consiliare  di Sappada"},"content":{"rendered":"<p>In un\u2019epoca dominata dalla velocit\u00e0, dall\u2019interconnessione, dalla globalizzazione, si pu\u00f2 ancora pensare di lavorare, vivere, creare ricchezza e opportunit\u00e0 di sviluppo in un\u2019area, come quella montana, dove questi fattori sono svantaggiati sotto tutti i punti di vista?<\/p>\n<p>Una risposta prova a darla Stefano Vietina, giornalista, che per un anno ha percorso le vallate del Comelico e del Cadore incontrando imprenditori grandi e piccoli, che hanno raccolto a modo loro una sfida. Ne \u00e8 scaturito un libro con 45 \u201cStorie di uomini e imprese che fanno vivere la montagna\u201d (edizioni Arco, pagg. 238, euro 10,00) che rappresentano altrettante sfide imprenditoriali nate e cresciute all\u2019ombra delle Dolomiti bellunesi. \u201cDolomiti che esercitano un fortissimo richiamo non solo per gli appassionati di montagna, ma anche per chi, pur vivendo lontano, ha le proprie radici in questi posti meravigliosi, patrimonio dell\u2019Umanit\u00e0. \u2013 spiega Stefano Vietina \u2013 Ma affinch\u00e9 questi luoghi non diventino solo un parco giochi per turisti o una \u2018riserva protetta\u2019, \u00e8 necessario che nascano e siano messe in condizione di svilupparsi attivit\u00e0 economiche sia tradizionali che innovative, cosicch\u00e9 i giovani non siano costretti ad andarsene altrove. Le storie che ho raccolto ne sono un piccolo esempio.\u201d<\/p>\n<p>Il libro riunisce 45 interviste pubblicate dall&#8217;autore, nel corso di un anno, sul quotidiano Corriere delle Alpi e apre uno squarcio sulla variegata capacit\u00e0 di reagire alla fine del boom dell\u2019occhialeria, che pareva aver monopolizzato gran parte delle risorse e delle energie vitali di queste vallate. Dal legno alla birra, dall&#8217;edilizia alla robotica, dall&#8217;arte all&#8217;idraulica, dalle stufe agli interruttori, dalle chiavi ai biscotti. Con le storie di personaggi come lo spazzacamino, l&#8217;uomo che vive con le api, il gestore di un rifugio, la guida alpina, il boscaiolo del terzo millennio&#8230;<\/p>\n<p>Il volume verr\u00e0 presentato venerd\u00ec 4 gennaio alle 18.00 nella Sala Consiliare del Comune di Sappada, durante un incontro con l\u2019Autore a cui interverranno il sindaco Alberto Graz e l&#8217;Assessore allo sport ed al sociale Marco Rossa.<\/p>\n<p>Stefano Vietina, giornalista, scrive per il Corriere delle Alpi e Milano Finanza, insegna Sociologia dei Media all&#8217;Universit\u00e0 di Padova e, dopo essere stato a lungo Capo ufficio stampa di Banca Antonveneta, oggi si occupa di comunicazione aziendale. Toscano di nascita, vive fra Padova e il Cadore e ha una passione per le Dolomiti, alle quali ha dedicato un canale di video su YouTube, una pagina su Facebook, con oltre 29.250 fans, ed un sito internet: www.dolomitichannelsuyoutube.it<\/p>","protected":false},"excerpt":{"rendered":"<p>In un\u2019epoca dominata dalla velocit\u00e0, dall\u2019interconnessione, dalla globalizzazione, si pu\u00f2 ancora pensare di lavorare, vivere, creare ricchezza e opportunit\u00e0 di sviluppo in un\u2019area, come quella montana, dove questi fattori sono svantaggiati sotto tutti i punti di vista? Una risposta prova a darla Stefano Vietina, giornalista, che per un anno ha percorso le vallate del Comelico [&hellip;]<\/p>\n","protected":false},"author":2,"featured_media":0,"comment_status":"closed","ping_status":"open","sticky":false,"template":"","format":"standard","meta":{"footnotes":""},"categories":[27,3,25],"tags":[],"class_list":["post-45342","post","type-post","status-publish","format-standard","category-appuntamenti","category-arte-cultura-spettacoli-scienza-archivi","category-pausa-caffe"],"yoast_head":"<!-- This site is optimized with the Yoast SEO plugin v28.4 - https:\/\/yoast.com\/product\/yoast-seo-wordpress\/ -->\n<title>Vivere in montagna si pu\u00f2? Partire o restare? Dibattito con Stefano Vietina, autore del libro \u201cStorie di uomini e imprese che fanno vivere la montagna\u201d venerd\u00ec 4 gennaio, ore 18.00, Sala Consiliare di Sappada - Bellunopress - Dolomiti<\/title>\n<meta name=\"robots\" content=\"index, follow, max-snippet:-1, max-image-preview:large, max-video-preview:-1\" \/>\n<link rel=\"canonical\" href=\"https:\/\/www.bellunopress.it\/fr\/2013\/01\/03\/vivere-in-montagna-si-puo-partire-o-restare-dibattito-con-stefano-vietina-autore-del-libro-storie-di-uomini-e-imprese-che-fanno-vivere-la-montagna-venerdi-4-gennaio-ore-18-00-sa\/\" \/>\n<meta property=\"og:locale\" content=\"fr_FR\" \/>\n<meta property=\"og:type\" content=\"article\" \/>\n<meta property=\"og:title\" content=\"Vivere in montagna si pu\u00f2? Partire o restare? Dibattito con Stefano Vietina, autore del libro \u201cStorie di uomini e imprese che fanno vivere la montagna\u201d venerd\u00ec 4 gennaio, ore 18.00, Sala Consiliare di Sappada - Bellunopress - Dolomiti\" \/>\n<meta property=\"og:description\" content=\"In un\u2019epoca dominata dalla velocit\u00e0, dall\u2019interconnessione, dalla globalizzazione, si pu\u00f2 ancora pensare di lavorare, vivere, creare ricchezza e opportunit\u00e0 di sviluppo in un\u2019area, come quella montana, dove questi fattori sono svantaggiati sotto tutti i punti di vista? Una risposta prova a darla Stefano Vietina, giornalista, che per un anno ha percorso le vallate del Comelico [&hellip;]\" \/>\n<meta property=\"og:url\" content=\"https:\/\/www.bellunopress.it\/fr\/2013\/01\/03\/vivere-in-montagna-si-puo-partire-o-restare-dibattito-con-stefano-vietina-autore-del-libro-storie-di-uomini-e-imprese-che-fanno-vivere-la-montagna-venerdi-4-gennaio-ore-18-00-sa\/\" \/>\n<meta property=\"og:site_name\" content=\"Bellunopress - Dolomiti\" \/>\n<meta property=\"article:publisher\" content=\"https:\/\/www.facebook.com\/profile.php?id=100008943462799\" \/>\n<meta property=\"article:published_time\" content=\"2013-01-03T08:12:56+00:00\" \/>\n<meta property=\"og:image\" content=\"http:\/\/www.bellunopress.it\/wp-content\/uploads\/2012\/07\/logo-bellunopress-250x250-2012.jpg\" \/>\n<meta name=\"author\" content=\"redazione\" \/>\n<meta name=\"twitter:card\" content=\"summary_large_image\" \/>\n<meta name=\"twitter:creator\" content=\"@bellunopress\" \/>\n<meta name=\"twitter:site\" content=\"@bellunopress\" \/>\n<meta name=\"twitter:label1\" content=\"\u00c9crit par\" \/>\n\t<meta name=\"twitter:data1\" content=\"redazione\" \/>\n\t<meta name=\"twitter:label2\" content=\"Dur\u00e9e de lecture estim\u00e9e\" \/>\n\t<meta name=\"twitter:data2\" content=\"2 minutes\" \/>\n<script type=\"application\/ld+json\" class=\"yoast-schema-graph\">{\"@context\":\"https:\\\/\\\/schema.org\",\"@graph\":[{\"@type\":\"Article\",\"@id\":\"https:\\\/\\\/www.bellunopress.it\\\/2013\\\/01\\\/03\\\/vivere-in-montagna-si-puo-partire-o-restare-dibattito-con-stefano-vietina-autore-del-libro-storie-di-uomini-e-imprese-che-fanno-vivere-la-montagna-venerdi-4-gennaio-ore-18-00-sa\\\/#article\",\"isPartOf\":{\"@id\":\"https:\\\/\\\/www.bellunopress.it\\\/2013\\\/01\\\/03\\\/vivere-in-montagna-si-puo-partire-o-restare-dibattito-con-stefano-vietina-autore-del-libro-storie-di-uomini-e-imprese-che-fanno-vivere-la-montagna-venerdi-4-gennaio-ore-18-00-sa\\\/\"},\"author\":{\"name\":\"redazione\",\"@id\":\"https:\\\/\\\/www.bellunopress.it\\\/#\\\/schema\\\/person\\\/79bb06722b37ece1c03d3e94beb30d73\"},\"headline\":\"Vivere in montagna si pu\u00f2? Partire o restare? Dibattito con Stefano Vietina, autore del libro \u201cStorie di uomini e imprese che fanno vivere la montagna\u201d venerd\u00ec 4 gennaio, ore 18.00, Sala Consiliare di Sappada\",\"datePublished\":\"2013-01-03T08:12:56+00:00\",\"mainEntityOfPage\":{\"@id\":\"https:\\\/\\\/www.bellunopress.it\\\/2013\\\/01\\\/03\\\/vivere-in-montagna-si-puo-partire-o-restare-dibattito-con-stefano-vietina-autore-del-libro-storie-di-uomini-e-imprese-che-fanno-vivere-la-montagna-venerdi-4-gennaio-ore-18-00-sa\\\/\"},\"wordCount\":433,\"publisher\":{\"@id\":\"https:\\\/\\\/www.bellunopress.it\\\/#organization\"},\"articleSection\":[\"Appuntamenti, Eventi\",\"Arte, Cultura, Spettacoli, Scienza\",\"Pausa Caff\u00e8\"],\"inLanguage\":\"fr-FR\"},{\"@type\":\"WebPage\",\"@id\":\"https:\\\/\\\/www.bellunopress.it\\\/2013\\\/01\\\/03\\\/vivere-in-montagna-si-puo-partire-o-restare-dibattito-con-stefano-vietina-autore-del-libro-storie-di-uomini-e-imprese-che-fanno-vivere-la-montagna-venerdi-4-gennaio-ore-18-00-sa\\\/\",\"url\":\"https:\\\/\\\/www.bellunopress.it\\\/2013\\\/01\\\/03\\\/vivere-in-montagna-si-puo-partire-o-restare-dibattito-con-stefano-vietina-autore-del-libro-storie-di-uomini-e-imprese-che-fanno-vivere-la-montagna-venerdi-4-gennaio-ore-18-00-sa\\\/\",\"name\":\"Vivere in montagna si pu\u00f2? Partire o restare? Dibattito con Stefano Vietina, autore del libro \u201cStorie di uomini e imprese che fanno vivere la montagna\u201d venerd\u00ec 4 gennaio, ore 18.00, Sala Consiliare di Sappada - Bellunopress - Dolomiti\",\"isPartOf\":{\"@id\":\"https:\\\/\\\/www.bellunopress.it\\\/#website\"},\"datePublished\":\"2013-01-03T08:12:56+00:00\",\"breadcrumb\":{\"@id\":\"https:\\\/\\\/www.bellunopress.it\\\/2013\\\/01\\\/03\\\/vivere-in-montagna-si-puo-partire-o-restare-dibattito-con-stefano-vietina-autore-del-libro-storie-di-uomini-e-imprese-che-fanno-vivere-la-montagna-venerdi-4-gennaio-ore-18-00-sa\\\/#breadcrumb\"},\"inLanguage\":\"fr-FR\",\"potentialAction\":[{\"@type\":\"ReadAction\",\"target\":[\"https:\\\/\\\/www.bellunopress.it\\\/2013\\\/01\\\/03\\\/vivere-in-montagna-si-puo-partire-o-restare-dibattito-con-stefano-vietina-autore-del-libro-storie-di-uomini-e-imprese-che-fanno-vivere-la-montagna-venerdi-4-gennaio-ore-18-00-sa\\\/\"]}]},{\"@type\":\"BreadcrumbList\",\"@id\":\"https:\\\/\\\/www.bellunopress.it\\\/2013\\\/01\\\/03\\\/vivere-in-montagna-si-puo-partire-o-restare-dibattito-con-stefano-vietina-autore-del-libro-storie-di-uomini-e-imprese-che-fanno-vivere-la-montagna-venerdi-4-gennaio-ore-18-00-sa\\\/#breadcrumb\",\"itemListElement\":[{\"@type\":\"ListItem\",\"position\":1,\"name\":\"Home\",\"item\":\"https:\\\/\\\/www.bellunopress.it\\\/\"},{\"@type\":\"ListItem\",\"position\":2,\"name\":\"Vivere in montagna si pu\u00f2? Partire o restare? Dibattito con Stefano Vietina, autore del libro \u201cStorie di uomini e imprese che fanno vivere la montagna\u201d venerd\u00ec 4 gennaio, ore 18.00, Sala Consiliare di Sappada\"}]},{\"@type\":\"WebSite\",\"@id\":\"https:\\\/\\\/www.bellunopress.it\\\/#website\",\"url\":\"https:\\\/\\\/www.bellunopress.it\\\/\",\"name\":\"Bellunopress - Dolomiti\",\"description\":\"e-mail: redazione@bellunopress.it\",\"publisher\":{\"@id\":\"https:\\\/\\\/www.bellunopress.it\\\/#organization\"},\"potentialAction\":[{\"@type\":\"SearchAction\",\"target\":{\"@type\":\"EntryPoint\",\"urlTemplate\":\"https:\\\/\\\/www.bellunopress.it\\\/?s={search_term_string}\"},\"query-input\":{\"@type\":\"PropertyValueSpecification\",\"valueRequired\":true,\"valueName\":\"search_term_string\"}}],\"inLanguage\":\"fr-FR\"},{\"@type\":\"Organization\",\"@id\":\"https:\\\/\\\/www.bellunopress.it\\\/#organization\",\"name\":\"Bellunopress\",\"url\":\"https:\\\/\\\/www.bellunopress.it\\\/\",\"logo\":{\"@type\":\"ImageObject\",\"inLanguage\":\"fr-FR\",\"@id\":\"https:\\\/\\\/www.bellunopress.it\\\/#\\\/schema\\\/logo\\\/image\\\/\",\"url\":\"https:\\\/\\\/www.bellunopress.it\\\/wp-content\\\/uploads\\\/2011\\\/05\\\/cropped-logo-bellunopress-.jpg\",\"contentUrl\":\"https:\\\/\\\/www.bellunopress.it\\\/wp-content\\\/uploads\\\/2011\\\/05\\\/cropped-logo-bellunopress-.jpg\",\"width\":512,\"height\":512,\"caption\":\"Bellunopress\"},\"image\":{\"@id\":\"https:\\\/\\\/www.bellunopress.it\\\/#\\\/schema\\\/logo\\\/image\\\/\"},\"sameAs\":[\"https:\\\/\\\/www.facebook.com\\\/profile.php?id=100008943462799\",\"https:\\\/\\\/x.com\\\/bellunopress\",\"https:\\\/\\\/www.linkedin.com\\\/hp\\\/?dnr=JBzUWaJfMUw8vbXJJ2tVW5-I3jZKvC4wsoxE&amp;amp;amp;amp;amp;amp;trk=nav_responsive_tab_home\",\"https:\\\/\\\/www.youtube.com\\\/channel\\\/UCxL0wu1uN0_3_7hGG0306cw\"]},{\"@type\":\"Person\",\"@id\":\"https:\\\/\\\/www.bellunopress.it\\\/#\\\/schema\\\/person\\\/79bb06722b37ece1c03d3e94beb30d73\",\"name\":\"redazione\",\"image\":{\"@type\":\"ImageObject\",\"inLanguage\":\"fr-FR\",\"@id\":\"https:\\\/\\\/secure.gravatar.com\\\/avatar\\\/37d968a2e67a6fd04c169c4bdef102d0bc5d31b2546345219e348575eb80e9a0?s=96&d=mm&r=g\",\"url\":\"https:\\\/\\\/secure.gravatar.com\\\/avatar\\\/37d968a2e67a6fd04c169c4bdef102d0bc5d31b2546345219e348575eb80e9a0?s=96&d=mm&r=g\",\"contentUrl\":\"https:\\\/\\\/secure.gravatar.com\\\/avatar\\\/37d968a2e67a6fd04c169c4bdef102d0bc5d31b2546345219e348575eb80e9a0?s=96&d=mm&r=g\",\"caption\":\"redazione\"},\"sameAs\":[\"http:\\\/\\\/www.bellunopress.it\",\"https:\\\/\\\/x.com\\\/bellunopress\"],\"url\":\"https:\\\/\\\/www.bellunopress.it\\\/fr\\\/author\\\/redazione\\\/\"}]}<\/script>\n<!-- \/ Yoast SEO plugin. -->","yoast_head_json":{"title":"Vivere in montagna si pu\u00f2? Partire o restare? Dibattito con Stefano Vietina, autore del libro \u201cStorie di uomini e imprese che fanno vivere la montagna\u201d venerd\u00ec 4 gennaio, ore 18.00, Sala Consiliare di Sappada - Bellunopress - Dolomiti","robots":{"index":"index","follow":"follow","max-snippet":"max-snippet:-1","max-image-preview":"max-image-preview:large","max-video-preview":"max-video-preview:-1"},"canonical":"https:\/\/www.bellunopress.it\/fr\/2013\/01\/03\/vivere-in-montagna-si-puo-partire-o-restare-dibattito-con-stefano-vietina-autore-del-libro-storie-di-uomini-e-imprese-che-fanno-vivere-la-montagna-venerdi-4-gennaio-ore-18-00-sa\/","og_locale":"fr_FR","og_type":"article","og_title":"Vivere in montagna si pu\u00f2? Partire o restare? Dibattito con Stefano Vietina, autore del libro \u201cStorie di uomini e imprese che fanno vivere la montagna\u201d venerd\u00ec 4 gennaio, ore 18.00, Sala Consiliare di Sappada - Bellunopress - Dolomiti","og_description":"In un\u2019epoca dominata dalla velocit\u00e0, dall\u2019interconnessione, dalla globalizzazione, si pu\u00f2 ancora pensare di lavorare, vivere, creare ricchezza e opportunit\u00e0 di sviluppo in un\u2019area, come quella montana, dove questi fattori sono svantaggiati sotto tutti i punti di vista? Una risposta prova a darla Stefano Vietina, giornalista, che per un anno ha percorso le vallate del Comelico [&hellip;]","og_url":"https:\/\/www.bellunopress.it\/fr\/2013\/01\/03\/vivere-in-montagna-si-puo-partire-o-restare-dibattito-con-stefano-vietina-autore-del-libro-storie-di-uomini-e-imprese-che-fanno-vivere-la-montagna-venerdi-4-gennaio-ore-18-00-sa\/","og_site_name":"Bellunopress - Dolomiti","article_publisher":"https:\/\/www.facebook.com\/profile.php?id=100008943462799","article_published_time":"2013-01-03T08:12:56+00:00","og_image":[{"url":"http:\/\/www.bellunopress.it\/wp-content\/uploads\/2012\/07\/logo-bellunopress-250x250-2012.jpg","type":"","width":"","height":""}],"author":"redazione","twitter_card":"summary_large_image","twitter_creator":"@bellunopress","twitter_site":"@bellunopress","twitter_misc":{"\u00c9crit par":"redazione","Dur\u00e9e de lecture estim\u00e9e":"2 minutes"},"schema":{"@context":"https:\/\/schema.org","@graph":[{"@type":"Article","@id":"https:\/\/www.bellunopress.it\/2013\/01\/03\/vivere-in-montagna-si-puo-partire-o-restare-dibattito-con-stefano-vietina-autore-del-libro-storie-di-uomini-e-imprese-che-fanno-vivere-la-montagna-venerdi-4-gennaio-ore-18-00-sa\/#article","isPartOf":{"@id":"https:\/\/www.bellunopress.it\/2013\/01\/03\/vivere-in-montagna-si-puo-partire-o-restare-dibattito-con-stefano-vietina-autore-del-libro-storie-di-uomini-e-imprese-che-fanno-vivere-la-montagna-venerdi-4-gennaio-ore-18-00-sa\/"},"author":{"name":"redazione","@id":"https:\/\/www.bellunopress.it\/#\/schema\/person\/79bb06722b37ece1c03d3e94beb30d73"},"headline":"Vivere in montagna si pu\u00f2? Partire o restare? Dibattito con Stefano Vietina, autore del libro \u201cStorie di uomini e imprese che fanno vivere la montagna\u201d venerd\u00ec 4 gennaio, ore 18.00, Sala Consiliare di Sappada","datePublished":"2013-01-03T08:12:56+00:00","mainEntityOfPage":{"@id":"https:\/\/www.bellunopress.it\/2013\/01\/03\/vivere-in-montagna-si-puo-partire-o-restare-dibattito-con-stefano-vietina-autore-del-libro-storie-di-uomini-e-imprese-che-fanno-vivere-la-montagna-venerdi-4-gennaio-ore-18-00-sa\/"},"wordCount":433,"publisher":{"@id":"https:\/\/www.bellunopress.it\/#organization"},"articleSection":["Appuntamenti, Eventi","Arte, Cultura, Spettacoli, Scienza","Pausa Caff\u00e8"],"inLanguage":"fr-FR"},{"@type":"WebPage","@id":"https:\/\/www.bellunopress.it\/2013\/01\/03\/vivere-in-montagna-si-puo-partire-o-restare-dibattito-con-stefano-vietina-autore-del-libro-storie-di-uomini-e-imprese-che-fanno-vivere-la-montagna-venerdi-4-gennaio-ore-18-00-sa\/","url":"https:\/\/www.bellunopress.it\/2013\/01\/03\/vivere-in-montagna-si-puo-partire-o-restare-dibattito-con-stefano-vietina-autore-del-libro-storie-di-uomini-e-imprese-che-fanno-vivere-la-montagna-venerdi-4-gennaio-ore-18-00-sa\/","name":"Vivere in montagna si pu\u00f2? Partire o restare? Dibattito con Stefano Vietina, autore del libro \u201cStorie di uomini e imprese che fanno vivere la montagna\u201d venerd\u00ec 4 gennaio, ore 18.00, Sala Consiliare di Sappada - Bellunopress - Dolomiti","isPartOf":{"@id":"https:\/\/www.bellunopress.it\/#website"},"datePublished":"2013-01-03T08:12:56+00:00","breadcrumb":{"@id":"https:\/\/www.bellunopress.it\/2013\/01\/03\/vivere-in-montagna-si-puo-partire-o-restare-dibattito-con-stefano-vietina-autore-del-libro-storie-di-uomini-e-imprese-che-fanno-vivere-la-montagna-venerdi-4-gennaio-ore-18-00-sa\/#breadcrumb"},"inLanguage":"fr-FR","potentialAction":[{"@type":"ReadAction","target":["https:\/\/www.bellunopress.it\/2013\/01\/03\/vivere-in-montagna-si-puo-partire-o-restare-dibattito-con-stefano-vietina-autore-del-libro-storie-di-uomini-e-imprese-che-fanno-vivere-la-montagna-venerdi-4-gennaio-ore-18-00-sa\/"]}]},{"@type":"BreadcrumbList","@id":"https:\/\/www.bellunopress.it\/2013\/01\/03\/vivere-in-montagna-si-puo-partire-o-restare-dibattito-con-stefano-vietina-autore-del-libro-storie-di-uomini-e-imprese-che-fanno-vivere-la-montagna-venerdi-4-gennaio-ore-18-00-sa\/#breadcrumb","itemListElement":[{"@type":"ListItem","position":1,"name":"Home","item":"https:\/\/www.bellunopress.it\/"},{"@type":"ListItem","position":2,"name":"Vivere in montagna si pu\u00f2? Partire o restare? Dibattito con Stefano Vietina, autore del libro \u201cStorie di uomini e imprese che fanno vivere la montagna\u201d venerd\u00ec 4 gennaio, ore 18.00, Sala Consiliare di Sappada"}]},{"@type":"WebSite","@id":"https:\/\/www.bellunopress.it\/#website","url":"https:\/\/www.bellunopress.it\/","name":"Bellunopress - Dolomiti","description":"e-mail: redazione@bellunopress.it","publisher":{"@id":"https:\/\/www.bellunopress.it\/#organization"},"potentialAction":[{"@type":"SearchAction","target":{"@type":"EntryPoint","urlTemplate":"https:\/\/www.bellunopress.it\/?s={search_term_string}"},"query-input":{"@type":"PropertyValueSpecification","valueRequired":true,"valueName":"search_term_string"}}],"inLanguage":"fr-FR"},{"@type":"Organization","@id":"https:\/\/www.bellunopress.it\/#organization","name":"Bellunopress","url":"https:\/\/www.bellunopress.it\/","logo":{"@type":"ImageObject","inLanguage":"fr-FR","@id":"https:\/\/www.bellunopress.it\/#\/schema\/logo\/image\/","url":"https:\/\/www.bellunopress.it\/wp-content\/uploads\/2011\/05\/cropped-logo-bellunopress-.jpg","contentUrl":"https:\/\/www.bellunopress.it\/wp-content\/uploads\/2011\/05\/cropped-logo-bellunopress-.jpg","width":512,"height":512,"caption":"Bellunopress"},"image":{"@id":"https:\/\/www.bellunopress.it\/#\/schema\/logo\/image\/"},"sameAs":["https:\/\/www.facebook.com\/profile.php?id=100008943462799","https:\/\/x.com\/bellunopress","https:\/\/www.linkedin.com\/hp\/?dnr=JBzUWaJfMUw8vbXJJ2tVW5-I3jZKvC4wsoxE&amp;amp;amp;amp;amp;amp;trk=nav_responsive_tab_home","https:\/\/www.youtube.com\/channel\/UCxL0wu1uN0_3_7hGG0306cw"]},{"@type":"Person","@id":"https:\/\/www.bellunopress.it\/#\/schema\/person\/79bb06722b37ece1c03d3e94beb30d73","name":"r\u00e9daction","image":{"@type":"ImageObject","inLanguage":"fr-FR","@id":"https:\/\/secure.gravatar.com\/avatar\/37d968a2e67a6fd04c169c4bdef102d0bc5d31b2546345219e348575eb80e9a0?s=96&d=mm&r=g","url":"https:\/\/secure.gravatar.com\/avatar\/37d968a2e67a6fd04c169c4bdef102d0bc5d31b2546345219e348575eb80e9a0?s=96&d=mm&r=g","contentUrl":"https:\/\/secure.gravatar.com\/avatar\/37d968a2e67a6fd04c169c4bdef102d0bc5d31b2546345219e348575eb80e9a0?s=96&d=mm&r=g","caption":"redazione"},"sameAs":["http:\/\/www.bellunopress.it","https:\/\/x.com\/bellunopress"],"url":"https:\/\/www.bellunopress.it\/fr\/author\/redazione\/"}]}},"_links":{"self":[{"href":"https:\/\/www.bellunopress.it\/fr\/wp-json\/wp\/v2\/posts\/45342","targetHints":{"allow":["GET"]}}],"collection":[{"href":"https:\/\/www.bellunopress.it\/fr\/wp-json\/wp\/v2\/posts"}],"about":[{"href":"https:\/\/www.bellunopress.it\/fr\/wp-json\/wp\/v2\/types\/post"}],"author":[{"embeddable":true,"href":"https:\/\/www.bellunopress.it\/fr\/wp-json\/wp\/v2\/users\/2"}],"replies":[{"embeddable":true,"href":"https:\/\/www.bellunopress.it\/fr\/wp-json\/wp\/v2\/comments?post=45342"}],"version-history":[{"count":1,"href":"https:\/\/www.bellunopress.it\/fr\/wp-json\/wp\/v2\/posts\/45342\/revisions"}],"predecessor-version":[{"id":45343,"href":"https:\/\/www.bellunopress.it\/fr\/wp-json\/wp\/v2\/posts\/45342\/revisions\/45343"}],"wp:attachment":[{"href":"https:\/\/www.bellunopress.it\/fr\/wp-json\/wp\/v2\/media?parent=45342"}],"wp:term":[{"taxonomy":"category","embeddable":true,"href":"https:\/\/www.bellunopress.it\/fr\/wp-json\/wp\/v2\/categories?post=45342"},{"taxonomy":"post_tag","embeddable":true,"href":"https:\/\/www.bellunopress.it\/fr\/wp-json\/wp\/v2\/tags?post=45342"}],"curies":[{"name":"wp","href":"https:\/\/api.w.org\/{rel}","templated":true}]}}