{"id":45295,"date":"2013-01-02T07:03:24","date_gmt":"2013-01-02T06:03:24","guid":{"rendered":"http:\/\/www.bellunopress.it\/?p=45295"},"modified":"2013-01-02T07:03:24","modified_gmt":"2013-01-02T06:03:24","slug":"granfondo-bellunese-via-alle-iscrizioni-dal-3-gennaio-fino-al-30-aprile-quota-agevolata","status":"publish","type":"post","link":"https:\/\/www.bellunopress.it\/fr\/2013\/01\/02\/granfondo-bellunese-via-alle-iscrizioni-dal-3-gennaio-fino-al-30-aprile-quota-agevolata\/","title":{"rendered":"Granfondo bellunese, via alle iscrizioni dal 3 gennaio. Fino al 30 aprile quota agevolata"},"content":{"rendered":"<p>La Granfondo Bellunese apre le iscrizioni per l\u2019edizione 2013. L\u2019evento, che andr\u00e0 in scena domenica 19 maggio a Belluno per l\u2019organizzazione del Cycling Team, dar\u00e0 il via alle adesioni il prossimo 3 gennaio. Per i ciclisti che si iscriveranno a partire da quella data e fino al 30 aprile, la quota \u00e8 stata fissata nella cifra di 25 euro. Per coloro che invece si iscriveranno dall\u20191 al 15 maggio, la quota sar\u00e0 di 30 euro. Per coloro, infine, che decideranno di iscriversi solamente all\u2019ultimo momento, vale a dire nelle giornate del 18 o del 19 maggio, la quota sar\u00e0 di 35 euro. La quota comprende, oltre al pacco gara, anche il &#8220;Gran Gal\u00e0&#8221; del sabato sera che prevede cena gratis per tutti gli iscritti, spettacolo musicale e incontro con protagonisti del ciclismo del passato.<\/p>\n<p><a href=\"http:\/\/www.bellunopress.it\/wp-content\/uploads\/2009\/04\/gran-fondo-leggera.jpg\"><img loading=\"lazy\" decoding=\"async\" class=\"alignleft size-full wp-image-3011\" alt=\"gran-fondo-leggera\" src=\"http:\/\/www.bellunopress.it\/wp-content\/uploads\/2009\/04\/gran-fondo-leggera.jpg\" width=\"190\" height=\"254\" \/><\/a>\u00a0Diverse sono le possibilit\u00e0 di iscrizione: la pi\u00f9 comoda \u00e8 quella tramite il sito della Timing Data Service (www.tdslive.com), societ\u00e0 che gestir\u00e0 il cronometraggio della gara. A questo proposito \u00e8 da sottolineare come per i concorrenti del 19 maggio ci sia l\u2019opportunit\u00e0 di un piccolo grande risparmio: la cauzione, infatti, verr\u00e0 totalmente restituita al momento della riconsegna del chip e non solo in parte. L\u2019iscrizione potr\u00e0 avvenire anche tramite fax al numero +39.041.5088403 oppure via mail all&#8217;indirizzo granfondobellunese@tds-live.com. Tutti i dettaglio, comunque, sono reperibili sul sito della manifestazione: www.cyclingteambellunese.it.<\/p>\n<p>Sempre su www.cyclingteambellunese.it sono disponibili i dettagli planimetrici e altimetrici di entrambi i tracciati di gara. Il percorso lungo, con partenza e arrivo nella suggestiva cornice di Piazza Martiri a Belluno, misurer\u00e0 130,2 chilometri e proporr\u00e0 un dislivello di 2655 metri. I momenti \u201cclou\u201d saranno costituiti dalle ascese a Malga Cate, localit\u00e0 situata a 1077 metri di altitudine, tra gli abitati di Chies d\u2019Alpago e Tambre, al Nevegal (1020 metri) e a Valpiana (Valmorel, 890 metri). Il tracciato, corto, anch\u2019esso con partenza e arrivo in centro a Belluno, misurer\u00e0 invece 87 chilometri, con un dislivello complessivo di 1660 metri. In questo caso le salite saranno due: Malga Cate e Nevegal.<\/p>\n<p>&nbsp;<\/p>","protected":false},"excerpt":{"rendered":"<p>La Granfondo Bellunese apre le iscrizioni per l\u2019edizione 2013. L\u2019evento, che andr\u00e0 in scena domenica 19 maggio a Belluno per l\u2019organizzazione del Cycling Team, dar\u00e0 il via alle adesioni il prossimo 3 gennaio. Per i ciclisti che si iscriveranno a partire da quella data e fino al 30 aprile, la quota \u00e8 stata fissata nella [&hellip;]<\/p>\n","protected":false},"author":2,"featured_media":0,"comment_status":"closed","ping_status":"open","sticky":false,"template":"","format":"standard","meta":{"footnotes":""},"categories":[25,4],"tags":[],"class_list":["post-45295","post","type-post","status-publish","format-standard","category-pausa-caffe","category-sport"],"yoast_head":"<!-- This site is optimized with the Yoast SEO plugin v28.4 - https:\/\/yoast.com\/product\/yoast-seo-wordpress\/ -->\n<title>Granfondo bellunese, via alle iscrizioni dal 3 gennaio. Fino al 30 aprile quota agevolata - Bellunopress - Dolomiti<\/title>\n<meta name=\"robots\" content=\"index, follow, max-snippet:-1, max-image-preview:large, max-video-preview:-1\" \/>\n<link rel=\"canonical\" href=\"https:\/\/www.bellunopress.it\/fr\/2013\/01\/02\/granfondo-bellunese-via-alle-iscrizioni-dal-3-gennaio-fino-al-30-aprile-quota-agevolata\/\" \/>\n<meta property=\"og:locale\" content=\"fr_FR\" \/>\n<meta property=\"og:type\" content=\"article\" \/>\n<meta property=\"og:title\" content=\"Granfondo bellunese, via alle iscrizioni dal 3 gennaio. Fino al 30 aprile quota agevolata - Bellunopress - Dolomiti\" \/>\n<meta property=\"og:description\" content=\"La Granfondo Bellunese apre le iscrizioni per l\u2019edizione 2013. L\u2019evento, che andr\u00e0 in scena domenica 19 maggio a Belluno per l\u2019organizzazione del Cycling Team, dar\u00e0 il via alle adesioni il prossimo 3 gennaio. Per i ciclisti che si iscriveranno a partire da quella data e fino al 30 aprile, la quota \u00e8 stata fissata nella [&hellip;]\" \/>\n<meta property=\"og:url\" content=\"https:\/\/www.bellunopress.it\/fr\/2013\/01\/02\/granfondo-bellunese-via-alle-iscrizioni-dal-3-gennaio-fino-al-30-aprile-quota-agevolata\/\" \/>\n<meta property=\"og:site_name\" content=\"Bellunopress - Dolomiti\" \/>\n<meta property=\"article:publisher\" content=\"https:\/\/www.facebook.com\/profile.php?id=100008943462799\" \/>\n<meta property=\"article:published_time\" content=\"2013-01-02T06:03:24+00:00\" \/>\n<meta property=\"og:image\" content=\"http:\/\/www.bellunopress.it\/wp-content\/uploads\/2009\/04\/gran-fondo-leggera.jpg\" \/>\n<meta name=\"author\" content=\"redazione\" \/>\n<meta name=\"twitter:card\" content=\"summary_large_image\" \/>\n<meta name=\"twitter:creator\" content=\"@bellunopress\" \/>\n<meta name=\"twitter:site\" content=\"@bellunopress\" \/>\n<meta name=\"twitter:label1\" content=\"\u00c9crit par\" \/>\n\t<meta name=\"twitter:data1\" content=\"redazione\" \/>\n\t<meta name=\"twitter:label2\" content=\"Dur\u00e9e de lecture estim\u00e9e\" \/>\n\t<meta name=\"twitter:data2\" content=\"2 minutes\" \/>\n<script type=\"application\/ld+json\" class=\"yoast-schema-graph\">{\"@context\":\"https:\\\/\\\/schema.org\",\"@graph\":[{\"@type\":\"Article\",\"@id\":\"https:\\\/\\\/www.bellunopress.it\\\/2013\\\/01\\\/02\\\/granfondo-bellunese-via-alle-iscrizioni-dal-3-gennaio-fino-al-30-aprile-quota-agevolata\\\/#article\",\"isPartOf\":{\"@id\":\"https:\\\/\\\/www.bellunopress.it\\\/2013\\\/01\\\/02\\\/granfondo-bellunese-via-alle-iscrizioni-dal-3-gennaio-fino-al-30-aprile-quota-agevolata\\\/\"},\"author\":{\"name\":\"redazione\",\"@id\":\"https:\\\/\\\/www.bellunopress.it\\\/#\\\/schema\\\/person\\\/79bb06722b37ece1c03d3e94beb30d73\"},\"headline\":\"Granfondo bellunese, via alle iscrizioni dal 3 gennaio. Fino al 30 aprile quota agevolata\",\"datePublished\":\"2013-01-02T06:03:24+00:00\",\"mainEntityOfPage\":{\"@id\":\"https:\\\/\\\/www.bellunopress.it\\\/2013\\\/01\\\/02\\\/granfondo-bellunese-via-alle-iscrizioni-dal-3-gennaio-fino-al-30-aprile-quota-agevolata\\\/\"},\"wordCount\":341,\"publisher\":{\"@id\":\"https:\\\/\\\/www.bellunopress.it\\\/#organization\"},\"image\":{\"@id\":\"https:\\\/\\\/www.bellunopress.it\\\/2013\\\/01\\\/02\\\/granfondo-bellunese-via-alle-iscrizioni-dal-3-gennaio-fino-al-30-aprile-quota-agevolata\\\/#primaryimage\"},\"thumbnailUrl\":\"http:\\\/\\\/www.bellunopress.it\\\/wp-content\\\/uploads\\\/2009\\\/04\\\/gran-fondo-leggera.jpg\",\"articleSection\":[\"Pausa Caff\u00e8\",\"Sport, tempo libero\"],\"inLanguage\":\"fr-FR\"},{\"@type\":\"WebPage\",\"@id\":\"https:\\\/\\\/www.bellunopress.it\\\/2013\\\/01\\\/02\\\/granfondo-bellunese-via-alle-iscrizioni-dal-3-gennaio-fino-al-30-aprile-quota-agevolata\\\/\",\"url\":\"https:\\\/\\\/www.bellunopress.it\\\/2013\\\/01\\\/02\\\/granfondo-bellunese-via-alle-iscrizioni-dal-3-gennaio-fino-al-30-aprile-quota-agevolata\\\/\",\"name\":\"Granfondo bellunese, via alle iscrizioni dal 3 gennaio. Fino al 30 aprile quota agevolata - Bellunopress - Dolomiti\",\"isPartOf\":{\"@id\":\"https:\\\/\\\/www.bellunopress.it\\\/#website\"},\"primaryImageOfPage\":{\"@id\":\"https:\\\/\\\/www.bellunopress.it\\\/2013\\\/01\\\/02\\\/granfondo-bellunese-via-alle-iscrizioni-dal-3-gennaio-fino-al-30-aprile-quota-agevolata\\\/#primaryimage\"},\"image\":{\"@id\":\"https:\\\/\\\/www.bellunopress.it\\\/2013\\\/01\\\/02\\\/granfondo-bellunese-via-alle-iscrizioni-dal-3-gennaio-fino-al-30-aprile-quota-agevolata\\\/#primaryimage\"},\"thumbnailUrl\":\"http:\\\/\\\/www.bellunopress.it\\\/wp-content\\\/uploads\\\/2009\\\/04\\\/gran-fondo-leggera.jpg\",\"datePublished\":\"2013-01-02T06:03:24+00:00\",\"breadcrumb\":{\"@id\":\"https:\\\/\\\/www.bellunopress.it\\\/2013\\\/01\\\/02\\\/granfondo-bellunese-via-alle-iscrizioni-dal-3-gennaio-fino-al-30-aprile-quota-agevolata\\\/#breadcrumb\"},\"inLanguage\":\"fr-FR\",\"potentialAction\":[{\"@type\":\"ReadAction\",\"target\":[\"https:\\\/\\\/www.bellunopress.it\\\/2013\\\/01\\\/02\\\/granfondo-bellunese-via-alle-iscrizioni-dal-3-gennaio-fino-al-30-aprile-quota-agevolata\\\/\"]}]},{\"@type\":\"ImageObject\",\"inLanguage\":\"fr-FR\",\"@id\":\"https:\\\/\\\/www.bellunopress.it\\\/2013\\\/01\\\/02\\\/granfondo-bellunese-via-alle-iscrizioni-dal-3-gennaio-fino-al-30-aprile-quota-agevolata\\\/#primaryimage\",\"url\":\"http:\\\/\\\/www.bellunopress.it\\\/wp-content\\\/uploads\\\/2009\\\/04\\\/gran-fondo-leggera.jpg\",\"contentUrl\":\"http:\\\/\\\/www.bellunopress.it\\\/wp-content\\\/uploads\\\/2009\\\/04\\\/gran-fondo-leggera.jpg\"},{\"@type\":\"BreadcrumbList\",\"@id\":\"https:\\\/\\\/www.bellunopress.it\\\/2013\\\/01\\\/02\\\/granfondo-bellunese-via-alle-iscrizioni-dal-3-gennaio-fino-al-30-aprile-quota-agevolata\\\/#breadcrumb\",\"itemListElement\":[{\"@type\":\"ListItem\",\"position\":1,\"name\":\"Home\",\"item\":\"https:\\\/\\\/www.bellunopress.it\\\/\"},{\"@type\":\"ListItem\",\"position\":2,\"name\":\"Granfondo bellunese, via alle iscrizioni dal 3 gennaio. Fino al 30 aprile quota agevolata\"}]},{\"@type\":\"WebSite\",\"@id\":\"https:\\\/\\\/www.bellunopress.it\\\/#website\",\"url\":\"https:\\\/\\\/www.bellunopress.it\\\/\",\"name\":\"Bellunopress - Dolomiti\",\"description\":\"e-mail: redazione@bellunopress.it\",\"publisher\":{\"@id\":\"https:\\\/\\\/www.bellunopress.it\\\/#organization\"},\"potentialAction\":[{\"@type\":\"SearchAction\",\"target\":{\"@type\":\"EntryPoint\",\"urlTemplate\":\"https:\\\/\\\/www.bellunopress.it\\\/?s={search_term_string}\"},\"query-input\":{\"@type\":\"PropertyValueSpecification\",\"valueRequired\":true,\"valueName\":\"search_term_string\"}}],\"inLanguage\":\"fr-FR\"},{\"@type\":\"Organization\",\"@id\":\"https:\\\/\\\/www.bellunopress.it\\\/#organization\",\"name\":\"Bellunopress\",\"url\":\"https:\\\/\\\/www.bellunopress.it\\\/\",\"logo\":{\"@type\":\"ImageObject\",\"inLanguage\":\"fr-FR\",\"@id\":\"https:\\\/\\\/www.bellunopress.it\\\/#\\\/schema\\\/logo\\\/image\\\/\",\"url\":\"https:\\\/\\\/www.bellunopress.it\\\/wp-content\\\/uploads\\\/2011\\\/05\\\/cropped-logo-bellunopress-.jpg\",\"contentUrl\":\"https:\\\/\\\/www.bellunopress.it\\\/wp-content\\\/uploads\\\/2011\\\/05\\\/cropped-logo-bellunopress-.jpg\",\"width\":512,\"height\":512,\"caption\":\"Bellunopress\"},\"image\":{\"@id\":\"https:\\\/\\\/www.bellunopress.it\\\/#\\\/schema\\\/logo\\\/image\\\/\"},\"sameAs\":[\"https:\\\/\\\/www.facebook.com\\\/profile.php?id=100008943462799\",\"https:\\\/\\\/x.com\\\/bellunopress\",\"https:\\\/\\\/www.linkedin.com\\\/hp\\\/?dnr=JBzUWaJfMUw8vbXJJ2tVW5-I3jZKvC4wsoxE&amp;amp;amp;amp;amp;amp;trk=nav_responsive_tab_home\",\"https:\\\/\\\/www.youtube.com\\\/channel\\\/UCxL0wu1uN0_3_7hGG0306cw\"]},{\"@type\":\"Person\",\"@id\":\"https:\\\/\\\/www.bellunopress.it\\\/#\\\/schema\\\/person\\\/79bb06722b37ece1c03d3e94beb30d73\",\"name\":\"redazione\",\"image\":{\"@type\":\"ImageObject\",\"inLanguage\":\"fr-FR\",\"@id\":\"https:\\\/\\\/secure.gravatar.com\\\/avatar\\\/37d968a2e67a6fd04c169c4bdef102d0bc5d31b2546345219e348575eb80e9a0?s=96&d=mm&r=g\",\"url\":\"https:\\\/\\\/secure.gravatar.com\\\/avatar\\\/37d968a2e67a6fd04c169c4bdef102d0bc5d31b2546345219e348575eb80e9a0?s=96&d=mm&r=g\",\"contentUrl\":\"https:\\\/\\\/secure.gravatar.com\\\/avatar\\\/37d968a2e67a6fd04c169c4bdef102d0bc5d31b2546345219e348575eb80e9a0?s=96&d=mm&r=g\",\"caption\":\"redazione\"},\"sameAs\":[\"http:\\\/\\\/www.bellunopress.it\",\"https:\\\/\\\/x.com\\\/bellunopress\"],\"url\":\"https:\\\/\\\/www.bellunopress.it\\\/fr\\\/author\\\/redazione\\\/\"}]}<\/script>\n<!-- \/ Yoast SEO plugin. -->","yoast_head_json":{"title":"Granfondo bellunese, via alle iscrizioni dal 3 gennaio. Fino al 30 aprile quota agevolata - Bellunopress - Dolomiti","robots":{"index":"index","follow":"follow","max-snippet":"max-snippet:-1","max-image-preview":"max-image-preview:large","max-video-preview":"max-video-preview:-1"},"canonical":"https:\/\/www.bellunopress.it\/fr\/2013\/01\/02\/granfondo-bellunese-via-alle-iscrizioni-dal-3-gennaio-fino-al-30-aprile-quota-agevolata\/","og_locale":"fr_FR","og_type":"article","og_title":"Granfondo bellunese, via alle iscrizioni dal 3 gennaio. Fino al 30 aprile quota agevolata - Bellunopress - Dolomiti","og_description":"La Granfondo Bellunese apre le iscrizioni per l\u2019edizione 2013. L\u2019evento, che andr\u00e0 in scena domenica 19 maggio a Belluno per l\u2019organizzazione del Cycling Team, dar\u00e0 il via alle adesioni il prossimo 3 gennaio. Per i ciclisti che si iscriveranno a partire da quella data e fino al 30 aprile, la quota \u00e8 stata fissata nella [&hellip;]","og_url":"https:\/\/www.bellunopress.it\/fr\/2013\/01\/02\/granfondo-bellunese-via-alle-iscrizioni-dal-3-gennaio-fino-al-30-aprile-quota-agevolata\/","og_site_name":"Bellunopress - Dolomiti","article_publisher":"https:\/\/www.facebook.com\/profile.php?id=100008943462799","article_published_time":"2013-01-02T06:03:24+00:00","og_image":[{"url":"http:\/\/www.bellunopress.it\/wp-content\/uploads\/2009\/04\/gran-fondo-leggera.jpg","type":"","width":"","height":""}],"author":"redazione","twitter_card":"summary_large_image","twitter_creator":"@bellunopress","twitter_site":"@bellunopress","twitter_misc":{"\u00c9crit par":"redazione","Dur\u00e9e de lecture estim\u00e9e":"2 minutes"},"schema":{"@context":"https:\/\/schema.org","@graph":[{"@type":"Article","@id":"https:\/\/www.bellunopress.it\/2013\/01\/02\/granfondo-bellunese-via-alle-iscrizioni-dal-3-gennaio-fino-al-30-aprile-quota-agevolata\/#article","isPartOf":{"@id":"https:\/\/www.bellunopress.it\/2013\/01\/02\/granfondo-bellunese-via-alle-iscrizioni-dal-3-gennaio-fino-al-30-aprile-quota-agevolata\/"},"author":{"name":"redazione","@id":"https:\/\/www.bellunopress.it\/#\/schema\/person\/79bb06722b37ece1c03d3e94beb30d73"},"headline":"Granfondo bellunese, via alle iscrizioni dal 3 gennaio. Fino al 30 aprile quota agevolata","datePublished":"2013-01-02T06:03:24+00:00","mainEntityOfPage":{"@id":"https:\/\/www.bellunopress.it\/2013\/01\/02\/granfondo-bellunese-via-alle-iscrizioni-dal-3-gennaio-fino-al-30-aprile-quota-agevolata\/"},"wordCount":341,"publisher":{"@id":"https:\/\/www.bellunopress.it\/#organization"},"image":{"@id":"https:\/\/www.bellunopress.it\/2013\/01\/02\/granfondo-bellunese-via-alle-iscrizioni-dal-3-gennaio-fino-al-30-aprile-quota-agevolata\/#primaryimage"},"thumbnailUrl":"http:\/\/www.bellunopress.it\/wp-content\/uploads\/2009\/04\/gran-fondo-leggera.jpg","articleSection":["Pausa Caff\u00e8","Sport, tempo libero"],"inLanguage":"fr-FR"},{"@type":"WebPage","@id":"https:\/\/www.bellunopress.it\/2013\/01\/02\/granfondo-bellunese-via-alle-iscrizioni-dal-3-gennaio-fino-al-30-aprile-quota-agevolata\/","url":"https:\/\/www.bellunopress.it\/2013\/01\/02\/granfondo-bellunese-via-alle-iscrizioni-dal-3-gennaio-fino-al-30-aprile-quota-agevolata\/","name":"Granfondo bellunese, via alle iscrizioni dal 3 gennaio. Fino al 30 aprile quota agevolata - Bellunopress - Dolomiti","isPartOf":{"@id":"https:\/\/www.bellunopress.it\/#website"},"primaryImageOfPage":{"@id":"https:\/\/www.bellunopress.it\/2013\/01\/02\/granfondo-bellunese-via-alle-iscrizioni-dal-3-gennaio-fino-al-30-aprile-quota-agevolata\/#primaryimage"},"image":{"@id":"https:\/\/www.bellunopress.it\/2013\/01\/02\/granfondo-bellunese-via-alle-iscrizioni-dal-3-gennaio-fino-al-30-aprile-quota-agevolata\/#primaryimage"},"thumbnailUrl":"http:\/\/www.bellunopress.it\/wp-content\/uploads\/2009\/04\/gran-fondo-leggera.jpg","datePublished":"2013-01-02T06:03:24+00:00","breadcrumb":{"@id":"https:\/\/www.bellunopress.it\/2013\/01\/02\/granfondo-bellunese-via-alle-iscrizioni-dal-3-gennaio-fino-al-30-aprile-quota-agevolata\/#breadcrumb"},"inLanguage":"fr-FR","potentialAction":[{"@type":"ReadAction","target":["https:\/\/www.bellunopress.it\/2013\/01\/02\/granfondo-bellunese-via-alle-iscrizioni-dal-3-gennaio-fino-al-30-aprile-quota-agevolata\/"]}]},{"@type":"ImageObject","inLanguage":"fr-FR","@id":"https:\/\/www.bellunopress.it\/2013\/01\/02\/granfondo-bellunese-via-alle-iscrizioni-dal-3-gennaio-fino-al-30-aprile-quota-agevolata\/#primaryimage","url":"http:\/\/www.bellunopress.it\/wp-content\/uploads\/2009\/04\/gran-fondo-leggera.jpg","contentUrl":"http:\/\/www.bellunopress.it\/wp-content\/uploads\/2009\/04\/gran-fondo-leggera.jpg"},{"@type":"BreadcrumbList","@id":"https:\/\/www.bellunopress.it\/2013\/01\/02\/granfondo-bellunese-via-alle-iscrizioni-dal-3-gennaio-fino-al-30-aprile-quota-agevolata\/#breadcrumb","itemListElement":[{"@type":"ListItem","position":1,"name":"Home","item":"https:\/\/www.bellunopress.it\/"},{"@type":"ListItem","position":2,"name":"Granfondo bellunese, via alle iscrizioni dal 3 gennaio. Fino al 30 aprile quota agevolata"}]},{"@type":"WebSite","@id":"https:\/\/www.bellunopress.it\/#website","url":"https:\/\/www.bellunopress.it\/","name":"Bellunopress - Dolomiti","description":"e-mail: redazione@bellunopress.it","publisher":{"@id":"https:\/\/www.bellunopress.it\/#organization"},"potentialAction":[{"@type":"SearchAction","target":{"@type":"EntryPoint","urlTemplate":"https:\/\/www.bellunopress.it\/?s={search_term_string}"},"query-input":{"@type":"PropertyValueSpecification","valueRequired":true,"valueName":"search_term_string"}}],"inLanguage":"fr-FR"},{"@type":"Organization","@id":"https:\/\/www.bellunopress.it\/#organization","name":"Bellunopress","url":"https:\/\/www.bellunopress.it\/","logo":{"@type":"ImageObject","inLanguage":"fr-FR","@id":"https:\/\/www.bellunopress.it\/#\/schema\/logo\/image\/","url":"https:\/\/www.bellunopress.it\/wp-content\/uploads\/2011\/05\/cropped-logo-bellunopress-.jpg","contentUrl":"https:\/\/www.bellunopress.it\/wp-content\/uploads\/2011\/05\/cropped-logo-bellunopress-.jpg","width":512,"height":512,"caption":"Bellunopress"},"image":{"@id":"https:\/\/www.bellunopress.it\/#\/schema\/logo\/image\/"},"sameAs":["https:\/\/www.facebook.com\/profile.php?id=100008943462799","https:\/\/x.com\/bellunopress","https:\/\/www.linkedin.com\/hp\/?dnr=JBzUWaJfMUw8vbXJJ2tVW5-I3jZKvC4wsoxE&amp;amp;amp;amp;amp;amp;trk=nav_responsive_tab_home","https:\/\/www.youtube.com\/channel\/UCxL0wu1uN0_3_7hGG0306cw"]},{"@type":"Person","@id":"https:\/\/www.bellunopress.it\/#\/schema\/person\/79bb06722b37ece1c03d3e94beb30d73","name":"r\u00e9daction","image":{"@type":"ImageObject","inLanguage":"fr-FR","@id":"https:\/\/secure.gravatar.com\/avatar\/37d968a2e67a6fd04c169c4bdef102d0bc5d31b2546345219e348575eb80e9a0?s=96&d=mm&r=g","url":"https:\/\/secure.gravatar.com\/avatar\/37d968a2e67a6fd04c169c4bdef102d0bc5d31b2546345219e348575eb80e9a0?s=96&d=mm&r=g","contentUrl":"https:\/\/secure.gravatar.com\/avatar\/37d968a2e67a6fd04c169c4bdef102d0bc5d31b2546345219e348575eb80e9a0?s=96&d=mm&r=g","caption":"redazione"},"sameAs":["http:\/\/www.bellunopress.it","https:\/\/x.com\/bellunopress"],"url":"https:\/\/www.bellunopress.it\/fr\/author\/redazione\/"}]}},"_links":{"self":[{"href":"https:\/\/www.bellunopress.it\/fr\/wp-json\/wp\/v2\/posts\/45295","targetHints":{"allow":["GET"]}}],"collection":[{"href":"https:\/\/www.bellunopress.it\/fr\/wp-json\/wp\/v2\/posts"}],"about":[{"href":"https:\/\/www.bellunopress.it\/fr\/wp-json\/wp\/v2\/types\/post"}],"author":[{"embeddable":true,"href":"https:\/\/www.bellunopress.it\/fr\/wp-json\/wp\/v2\/users\/2"}],"replies":[{"embeddable":true,"href":"https:\/\/www.bellunopress.it\/fr\/wp-json\/wp\/v2\/comments?post=45295"}],"version-history":[{"count":2,"href":"https:\/\/www.bellunopress.it\/fr\/wp-json\/wp\/v2\/posts\/45295\/revisions"}],"predecessor-version":[{"id":45297,"href":"https:\/\/www.bellunopress.it\/fr\/wp-json\/wp\/v2\/posts\/45295\/revisions\/45297"}],"wp:attachment":[{"href":"https:\/\/www.bellunopress.it\/fr\/wp-json\/wp\/v2\/media?parent=45295"}],"wp:term":[{"taxonomy":"category","embeddable":true,"href":"https:\/\/www.bellunopress.it\/fr\/wp-json\/wp\/v2\/categories?post=45295"},{"taxonomy":"post_tag","embeddable":true,"href":"https:\/\/www.bellunopress.it\/fr\/wp-json\/wp\/v2\/tags?post=45295"}],"curies":[{"name":"wp","href":"https:\/\/api.w.org\/{rel}","templated":true}]}}