{"id":4529,"date":"2009-06-06T12:17:33","date_gmt":"2009-06-06T11:17:33","guid":{"rendered":"http:\/\/www.bellunopress.it\/?p=4529"},"modified":"2009-06-06T12:18:52","modified_gmt":"2009-06-06T11:18:52","slug":"monsignor-michel-sabbah-a-palazzo-rosso-cordiale-incontro-con-il-sindaco-prade-e-poi-la-visita-alla-mostra-di-brustolon","status":"publish","type":"post","link":"https:\/\/www.bellunopress.it\/fr\/2009\/06\/06\/monsignor-michel-sabbah-a-palazzo-rosso-cordiale-incontro-con-il-sindaco-prade-e-poi-la-visita-alla-mostra-di-brustolon\/","title":{"rendered":"Monsignor  Michel Sabbah a Palazzo Rosso, cordiale incontro con il sindaco Prade e poi la visita alla mostra di Brustolon"},"content":{"rendered":"<div class=\"mceTemp\">\n<dl id=\"attachment_4531\" class=\"wp-caption alignleft\" style=\"width: 280px;\">\n<dt class=\"wp-caption-dt\"><a href=\"http:\/\/www.bellunopress.it\/wp-content\/uploads\/2009\/06\/prade-sabbah-leggera.jpg\"><img loading=\"lazy\" decoding=\"async\" class=\"size-medium wp-image-4531\" title=\"prade-sabbah-leggera\" src=\"http:\/\/www.bellunopress.it\/wp-content\/uploads\/2009\/06\/prade-sabbah-leggera.jpg\" alt=\"L'incontro a Palazzo Rosso\" width=\"270\" height=\"180\" \/><\/a><\/dt>\n<\/dl>\n<\/div>\n<p>Questa mattina (sabato 6 giugno) il sindaco di Belluno, Antonio Prade, ha ricevuto a Palazzo Rosso monsignor Michel Sabbah, gi\u00e0 patriarca latino di Gerusalemme. L&#8217;occasione \u00e8 stata la presenza a Belluno del monsignore per una conferenza questa sera\u00a0\u00a0\u00a0 presso il Centro Papa Luciani di Santa Giustina. L\u2019incontro, organizzato assieme a Caritas e Commissione giustizia e pace della Diocesi di Belluno-Feltre, prevede la presentazione del libro di Sabbah \u201cVoce che grida dal deserto\u201d (edizioni Paoline). La manifestazione cade nell\u2019ambito della \u201cSettimana mondiale per la pace in Palestina e Israele\u201d che su iniziativa del Consiglio ecumenico delle Chiese, si celebrer\u00e0 dal 4 al 10 giugno. Domenica 7 giugno alle 10 Sabbah celebrer\u00e0 la Santa Messa nella chiesa parrocchiale di Meano che celebra i novant\u2019anni dalla fondazione. Nel corso del breve incontro, si \u00e8 parlato di Terrasanta, dove il sindaco si recher\u00e0 privatamente a fine luglio e rispetto alle cui prospettive di pace Sabbah si \u00e8 detto ottimista, soprattutto dopo le recenti prese di posizione del presidente americano Obama.\u00a0 Poi il religioso \u00e8 stato accompagnato dal sindaco a Palazzo Crepadona, dove ha visitato la mostra \u201cAndrea Brustolon\u201d. L&#8217;ospite \u00e8 rimasto incantato dall&#8217;opera del Maestro bellunese, in particolare dall&#8217;arte sacra ed \u00e8 rimasto letteralmente a bocca aperta alla visione degli angeli volteggianti nel cubo di Botta.<br \/>\nBIOGRAFIA DI MONS. MICHEL SABBAH Il primo palestinese a essere nominato, nel 1987, patriarca latino di Gerusalemme, ministero che ricopre fino al 2008. Nato a Nazaret nel 1933, viene ordinato sacerdote nel 1955. Presidente della Conferenza episcopale dei vescovi latini della regione araba, nonch\u00e9 dell\u2019Assemblea degli ordinari cattolici della Terra santa, dal 1999 al 2007 \u00e8 stato anche presidente di Pax Christi International. \u00c8 un deciso fautore del dialogo interreligioso con gli ebrei e i musulmani nella Terra santa<\/p>","protected":false},"excerpt":{"rendered":"<p>Questa mattina (sabato 6 giugno) il sindaco di Belluno, Antonio Prade, ha ricevuto a Palazzo Rosso monsignor Michel Sabbah, gi\u00e0 patriarca latino di Gerusalemme. L&#8217;occasione \u00e8 stata la presenza a Belluno del monsignore per una conferenza questa sera\u00a0\u00a0\u00a0 presso il Centro Papa Luciani di Santa Giustina. L\u2019incontro, organizzato assieme a Caritas e Commissione giustizia e [&hellip;]<\/p>\n","protected":false},"author":2,"featured_media":0,"comment_status":"closed","ping_status":"open","sticky":false,"template":"","format":"standard","meta":{"footnotes":""},"categories":[5],"tags":[139,302],"class_list":["post-4529","post","type-post","status-publish","format-standard","category-cronaca","tag-belluno","tag-feltre"],"yoast_head":"<!-- This site is optimized with the Yoast SEO plugin v28.4 - https:\/\/yoast.com\/product\/yoast-seo-wordpress\/ -->\n<title>Monsignor Michel Sabbah a Palazzo Rosso, cordiale incontro con il sindaco Prade e poi la visita alla mostra di Brustolon - Bellunopress - Dolomiti<\/title>\n<meta name=\"robots\" content=\"index, follow, max-snippet:-1, max-image-preview:large, max-video-preview:-1\" \/>\n<link rel=\"canonical\" href=\"https:\/\/www.bellunopress.it\/fr\/2009\/06\/06\/monsignor-michel-sabbah-a-palazzo-rosso-cordiale-incontro-con-il-sindaco-prade-e-poi-la-visita-alla-mostra-di-brustolon\/\" \/>\n<meta property=\"og:locale\" content=\"fr_FR\" \/>\n<meta property=\"og:type\" content=\"article\" \/>\n<meta property=\"og:title\" content=\"Monsignor Michel Sabbah a Palazzo Rosso, cordiale incontro con il sindaco Prade e poi la visita alla mostra di Brustolon - Bellunopress - Dolomiti\" \/>\n<meta property=\"og:description\" content=\"Questa mattina (sabato 6 giugno) il sindaco di Belluno, Antonio Prade, ha ricevuto a Palazzo Rosso monsignor Michel Sabbah, gi\u00e0 patriarca latino di Gerusalemme. L&#8217;occasione \u00e8 stata la presenza a Belluno del monsignore per una conferenza questa sera\u00a0\u00a0\u00a0 presso il Centro Papa Luciani di Santa Giustina. L\u2019incontro, organizzato assieme a Caritas e Commissione giustizia e [&hellip;]\" \/>\n<meta property=\"og:url\" content=\"https:\/\/www.bellunopress.it\/fr\/2009\/06\/06\/monsignor-michel-sabbah-a-palazzo-rosso-cordiale-incontro-con-il-sindaco-prade-e-poi-la-visita-alla-mostra-di-brustolon\/\" \/>\n<meta property=\"og:site_name\" content=\"Bellunopress - Dolomiti\" \/>\n<meta property=\"article:publisher\" content=\"https:\/\/www.facebook.com\/profile.php?id=100008943462799\" \/>\n<meta property=\"article:published_time\" content=\"2009-06-06T11:17:33+00:00\" \/>\n<meta property=\"article:modified_time\" content=\"2009-06-06T11:18:52+00:00\" \/>\n<meta property=\"og:image\" content=\"http:\/\/www.bellunopress.it\/wp-content\/uploads\/2009\/06\/prade-sabbah-leggera.jpg\" \/>\n<meta name=\"author\" content=\"redazione\" \/>\n<meta name=\"twitter:card\" content=\"summary_large_image\" \/>\n<meta name=\"twitter:creator\" content=\"@bellunopress\" \/>\n<meta name=\"twitter:site\" content=\"@bellunopress\" \/>\n<meta name=\"twitter:label1\" content=\"Written by\" \/>\n\t<meta name=\"twitter:data1\" content=\"redazione\" \/>\n\t<meta name=\"twitter:label2\" content=\"Est. reading time\" \/>\n\t<meta name=\"twitter:data2\" content=\"1 minute\" \/>\n<script type=\"application\/ld+json\" class=\"yoast-schema-graph\">{\"@context\":\"https:\\\/\\\/schema.org\",\"@graph\":[{\"@type\":\"Article\",\"@id\":\"https:\\\/\\\/www.bellunopress.it\\\/2009\\\/06\\\/06\\\/monsignor-michel-sabbah-a-palazzo-rosso-cordiale-incontro-con-il-sindaco-prade-e-poi-la-visita-alla-mostra-di-brustolon\\\/#article\",\"isPartOf\":{\"@id\":\"https:\\\/\\\/www.bellunopress.it\\\/2009\\\/06\\\/06\\\/monsignor-michel-sabbah-a-palazzo-rosso-cordiale-incontro-con-il-sindaco-prade-e-poi-la-visita-alla-mostra-di-brustolon\\\/\"},\"author\":{\"name\":\"redazione\",\"@id\":\"https:\\\/\\\/www.bellunopress.it\\\/#\\\/schema\\\/person\\\/79bb06722b37ece1c03d3e94beb30d73\"},\"headline\":\"Monsignor Michel Sabbah a Palazzo Rosso, cordiale incontro con il sindaco Prade e poi la visita alla mostra di Brustolon\",\"datePublished\":\"2009-06-06T11:17:33+00:00\",\"dateModified\":\"2009-06-06T11:18:52+00:00\",\"mainEntityOfPage\":{\"@id\":\"https:\\\/\\\/www.bellunopress.it\\\/2009\\\/06\\\/06\\\/monsignor-michel-sabbah-a-palazzo-rosso-cordiale-incontro-con-il-sindaco-prade-e-poi-la-visita-alla-mostra-di-brustolon\\\/\"},\"wordCount\":300,\"publisher\":{\"@id\":\"https:\\\/\\\/www.bellunopress.it\\\/#organization\"},\"image\":{\"@id\":\"https:\\\/\\\/www.bellunopress.it\\\/2009\\\/06\\\/06\\\/monsignor-michel-sabbah-a-palazzo-rosso-cordiale-incontro-con-il-sindaco-prade-e-poi-la-visita-alla-mostra-di-brustolon\\\/#primaryimage\"},\"thumbnailUrl\":\"http:\\\/\\\/www.bellunopress.it\\\/wp-content\\\/uploads\\\/2009\\\/06\\\/prade-sabbah-leggera.jpg\",\"keywords\":[\"Belluno\",\"Feltre\"],\"articleSection\":[\"Cronaca\\\/Politica\"],\"inLanguage\":\"fr-FR\"},{\"@type\":\"WebPage\",\"@id\":\"https:\\\/\\\/www.bellunopress.it\\\/2009\\\/06\\\/06\\\/monsignor-michel-sabbah-a-palazzo-rosso-cordiale-incontro-con-il-sindaco-prade-e-poi-la-visita-alla-mostra-di-brustolon\\\/\",\"url\":\"https:\\\/\\\/www.bellunopress.it\\\/2009\\\/06\\\/06\\\/monsignor-michel-sabbah-a-palazzo-rosso-cordiale-incontro-con-il-sindaco-prade-e-poi-la-visita-alla-mostra-di-brustolon\\\/\",\"name\":\"Monsignor Michel Sabbah a Palazzo Rosso, cordiale incontro con il sindaco Prade e poi la visita alla mostra di Brustolon - Bellunopress - Dolomiti\",\"isPartOf\":{\"@id\":\"https:\\\/\\\/www.bellunopress.it\\\/#website\"},\"primaryImageOfPage\":{\"@id\":\"https:\\\/\\\/www.bellunopress.it\\\/2009\\\/06\\\/06\\\/monsignor-michel-sabbah-a-palazzo-rosso-cordiale-incontro-con-il-sindaco-prade-e-poi-la-visita-alla-mostra-di-brustolon\\\/#primaryimage\"},\"image\":{\"@id\":\"https:\\\/\\\/www.bellunopress.it\\\/2009\\\/06\\\/06\\\/monsignor-michel-sabbah-a-palazzo-rosso-cordiale-incontro-con-il-sindaco-prade-e-poi-la-visita-alla-mostra-di-brustolon\\\/#primaryimage\"},\"thumbnailUrl\":\"http:\\\/\\\/www.bellunopress.it\\\/wp-content\\\/uploads\\\/2009\\\/06\\\/prade-sabbah-leggera.jpg\",\"datePublished\":\"2009-06-06T11:17:33+00:00\",\"dateModified\":\"2009-06-06T11:18:52+00:00\",\"breadcrumb\":{\"@id\":\"https:\\\/\\\/www.bellunopress.it\\\/2009\\\/06\\\/06\\\/monsignor-michel-sabbah-a-palazzo-rosso-cordiale-incontro-con-il-sindaco-prade-e-poi-la-visita-alla-mostra-di-brustolon\\\/#breadcrumb\"},\"inLanguage\":\"fr-FR\",\"potentialAction\":[{\"@type\":\"ReadAction\",\"target\":[\"https:\\\/\\\/www.bellunopress.it\\\/2009\\\/06\\\/06\\\/monsignor-michel-sabbah-a-palazzo-rosso-cordiale-incontro-con-il-sindaco-prade-e-poi-la-visita-alla-mostra-di-brustolon\\\/\"]}]},{\"@type\":\"ImageObject\",\"inLanguage\":\"fr-FR\",\"@id\":\"https:\\\/\\\/www.bellunopress.it\\\/2009\\\/06\\\/06\\\/monsignor-michel-sabbah-a-palazzo-rosso-cordiale-incontro-con-il-sindaco-prade-e-poi-la-visita-alla-mostra-di-brustolon\\\/#primaryimage\",\"url\":\"http:\\\/\\\/www.bellunopress.it\\\/wp-content\\\/uploads\\\/2009\\\/06\\\/prade-sabbah-leggera.jpg\",\"contentUrl\":\"http:\\\/\\\/www.bellunopress.it\\\/wp-content\\\/uploads\\\/2009\\\/06\\\/prade-sabbah-leggera.jpg\"},{\"@type\":\"BreadcrumbList\",\"@id\":\"https:\\\/\\\/www.bellunopress.it\\\/2009\\\/06\\\/06\\\/monsignor-michel-sabbah-a-palazzo-rosso-cordiale-incontro-con-il-sindaco-prade-e-poi-la-visita-alla-mostra-di-brustolon\\\/#breadcrumb\",\"itemListElement\":[{\"@type\":\"ListItem\",\"position\":1,\"name\":\"Home\",\"item\":\"https:\\\/\\\/www.bellunopress.it\\\/\"},{\"@type\":\"ListItem\",\"position\":2,\"name\":\"Monsignor Michel Sabbah a Palazzo Rosso, cordiale incontro con il sindaco Prade e poi la visita alla mostra di Brustolon\"}]},{\"@type\":\"WebSite\",\"@id\":\"https:\\\/\\\/www.bellunopress.it\\\/#website\",\"url\":\"https:\\\/\\\/www.bellunopress.it\\\/\",\"name\":\"Bellunopress - Dolomiti\",\"description\":\"e-mail: redazione@bellunopress.it\",\"publisher\":{\"@id\":\"https:\\\/\\\/www.bellunopress.it\\\/#organization\"},\"potentialAction\":[{\"@type\":\"SearchAction\",\"target\":{\"@type\":\"EntryPoint\",\"urlTemplate\":\"https:\\\/\\\/www.bellunopress.it\\\/?s={search_term_string}\"},\"query-input\":{\"@type\":\"PropertyValueSpecification\",\"valueRequired\":true,\"valueName\":\"search_term_string\"}}],\"inLanguage\":\"fr-FR\"},{\"@type\":\"Organization\",\"@id\":\"https:\\\/\\\/www.bellunopress.it\\\/#organization\",\"name\":\"Bellunopress\",\"url\":\"https:\\\/\\\/www.bellunopress.it\\\/\",\"logo\":{\"@type\":\"ImageObject\",\"inLanguage\":\"fr-FR\",\"@id\":\"https:\\\/\\\/www.bellunopress.it\\\/#\\\/schema\\\/logo\\\/image\\\/\",\"url\":\"https:\\\/\\\/www.bellunopress.it\\\/wp-content\\\/uploads\\\/2011\\\/05\\\/cropped-logo-bellunopress-.jpg\",\"contentUrl\":\"https:\\\/\\\/www.bellunopress.it\\\/wp-content\\\/uploads\\\/2011\\\/05\\\/cropped-logo-bellunopress-.jpg\",\"width\":512,\"height\":512,\"caption\":\"Bellunopress\"},\"image\":{\"@id\":\"https:\\\/\\\/www.bellunopress.it\\\/#\\\/schema\\\/logo\\\/image\\\/\"},\"sameAs\":[\"https:\\\/\\\/www.facebook.com\\\/profile.php?id=100008943462799\",\"https:\\\/\\\/x.com\\\/bellunopress\",\"https:\\\/\\\/www.linkedin.com\\\/hp\\\/?dnr=JBzUWaJfMUw8vbXJJ2tVW5-I3jZKvC4wsoxE&amp;amp;amp;amp;amp;amp;trk=nav_responsive_tab_home\",\"https:\\\/\\\/www.youtube.com\\\/channel\\\/UCxL0wu1uN0_3_7hGG0306cw\"]},{\"@type\":\"Person\",\"@id\":\"https:\\\/\\\/www.bellunopress.it\\\/#\\\/schema\\\/person\\\/79bb06722b37ece1c03d3e94beb30d73\",\"name\":\"redazione\",\"image\":{\"@type\":\"ImageObject\",\"inLanguage\":\"fr-FR\",\"@id\":\"https:\\\/\\\/secure.gravatar.com\\\/avatar\\\/37d968a2e67a6fd04c169c4bdef102d0bc5d31b2546345219e348575eb80e9a0?s=96&d=mm&r=g\",\"url\":\"https:\\\/\\\/secure.gravatar.com\\\/avatar\\\/37d968a2e67a6fd04c169c4bdef102d0bc5d31b2546345219e348575eb80e9a0?s=96&d=mm&r=g\",\"contentUrl\":\"https:\\\/\\\/secure.gravatar.com\\\/avatar\\\/37d968a2e67a6fd04c169c4bdef102d0bc5d31b2546345219e348575eb80e9a0?s=96&d=mm&r=g\",\"caption\":\"redazione\"},\"sameAs\":[\"http:\\\/\\\/www.bellunopress.it\",\"https:\\\/\\\/x.com\\\/bellunopress\"],\"url\":\"https:\\\/\\\/www.bellunopress.it\\\/fr\\\/author\\\/redazione\\\/\"}]}<\/script>\n<!-- \/ Yoast SEO plugin. -->","yoast_head_json":{"title":"Monsignor Michel Sabbah a Palazzo Rosso, cordiale incontro con il sindaco Prade e poi la visita alla mostra di Brustolon - Bellunopress - Dolomiti","robots":{"index":"index","follow":"follow","max-snippet":"max-snippet:-1","max-image-preview":"max-image-preview:large","max-video-preview":"max-video-preview:-1"},"canonical":"https:\/\/www.bellunopress.it\/fr\/2009\/06\/06\/monsignor-michel-sabbah-a-palazzo-rosso-cordiale-incontro-con-il-sindaco-prade-e-poi-la-visita-alla-mostra-di-brustolon\/","og_locale":"fr_FR","og_type":"article","og_title":"Monsignor Michel Sabbah a Palazzo Rosso, cordiale incontro con il sindaco Prade e poi la visita alla mostra di Brustolon - Bellunopress - Dolomiti","og_description":"Questa mattina (sabato 6 giugno) il sindaco di Belluno, Antonio Prade, ha ricevuto a Palazzo Rosso monsignor Michel Sabbah, gi\u00e0 patriarca latino di Gerusalemme. L&#8217;occasione \u00e8 stata la presenza a Belluno del monsignore per una conferenza questa sera\u00a0\u00a0\u00a0 presso il Centro Papa Luciani di Santa Giustina. L\u2019incontro, organizzato assieme a Caritas e Commissione giustizia e [&hellip;]","og_url":"https:\/\/www.bellunopress.it\/fr\/2009\/06\/06\/monsignor-michel-sabbah-a-palazzo-rosso-cordiale-incontro-con-il-sindaco-prade-e-poi-la-visita-alla-mostra-di-brustolon\/","og_site_name":"Bellunopress - Dolomiti","article_publisher":"https:\/\/www.facebook.com\/profile.php?id=100008943462799","article_published_time":"2009-06-06T11:17:33+00:00","article_modified_time":"2009-06-06T11:18:52+00:00","og_image":[{"url":"http:\/\/www.bellunopress.it\/wp-content\/uploads\/2009\/06\/prade-sabbah-leggera.jpg","type":"","width":"","height":""}],"author":"redazione","twitter_card":"summary_large_image","twitter_creator":"@bellunopress","twitter_site":"@bellunopress","twitter_misc":{"Written by":"redazione","Est. reading time":"1 minute"},"schema":{"@context":"https:\/\/schema.org","@graph":[{"@type":"Article","@id":"https:\/\/www.bellunopress.it\/2009\/06\/06\/monsignor-michel-sabbah-a-palazzo-rosso-cordiale-incontro-con-il-sindaco-prade-e-poi-la-visita-alla-mostra-di-brustolon\/#article","isPartOf":{"@id":"https:\/\/www.bellunopress.it\/2009\/06\/06\/monsignor-michel-sabbah-a-palazzo-rosso-cordiale-incontro-con-il-sindaco-prade-e-poi-la-visita-alla-mostra-di-brustolon\/"},"author":{"name":"redazione","@id":"https:\/\/www.bellunopress.it\/#\/schema\/person\/79bb06722b37ece1c03d3e94beb30d73"},"headline":"Monsignor Michel Sabbah a Palazzo Rosso, cordiale incontro con il sindaco Prade e poi la visita alla mostra di Brustolon","datePublished":"2009-06-06T11:17:33+00:00","dateModified":"2009-06-06T11:18:52+00:00","mainEntityOfPage":{"@id":"https:\/\/www.bellunopress.it\/2009\/06\/06\/monsignor-michel-sabbah-a-palazzo-rosso-cordiale-incontro-con-il-sindaco-prade-e-poi-la-visita-alla-mostra-di-brustolon\/"},"wordCount":300,"publisher":{"@id":"https:\/\/www.bellunopress.it\/#organization"},"image":{"@id":"https:\/\/www.bellunopress.it\/2009\/06\/06\/monsignor-michel-sabbah-a-palazzo-rosso-cordiale-incontro-con-il-sindaco-prade-e-poi-la-visita-alla-mostra-di-brustolon\/#primaryimage"},"thumbnailUrl":"http:\/\/www.bellunopress.it\/wp-content\/uploads\/2009\/06\/prade-sabbah-leggera.jpg","keywords":["Belluno","Feltre"],"articleSection":["Cronaca\/Politica"],"inLanguage":"fr-FR"},{"@type":"WebPage","@id":"https:\/\/www.bellunopress.it\/2009\/06\/06\/monsignor-michel-sabbah-a-palazzo-rosso-cordiale-incontro-con-il-sindaco-prade-e-poi-la-visita-alla-mostra-di-brustolon\/","url":"https:\/\/www.bellunopress.it\/2009\/06\/06\/monsignor-michel-sabbah-a-palazzo-rosso-cordiale-incontro-con-il-sindaco-prade-e-poi-la-visita-alla-mostra-di-brustolon\/","name":"Monsignor Michel Sabbah a Palazzo Rosso, cordiale incontro con il sindaco Prade e poi la visita alla mostra di Brustolon - Bellunopress - Dolomiti","isPartOf":{"@id":"https:\/\/www.bellunopress.it\/#website"},"primaryImageOfPage":{"@id":"https:\/\/www.bellunopress.it\/2009\/06\/06\/monsignor-michel-sabbah-a-palazzo-rosso-cordiale-incontro-con-il-sindaco-prade-e-poi-la-visita-alla-mostra-di-brustolon\/#primaryimage"},"image":{"@id":"https:\/\/www.bellunopress.it\/2009\/06\/06\/monsignor-michel-sabbah-a-palazzo-rosso-cordiale-incontro-con-il-sindaco-prade-e-poi-la-visita-alla-mostra-di-brustolon\/#primaryimage"},"thumbnailUrl":"http:\/\/www.bellunopress.it\/wp-content\/uploads\/2009\/06\/prade-sabbah-leggera.jpg","datePublished":"2009-06-06T11:17:33+00:00","dateModified":"2009-06-06T11:18:52+00:00","breadcrumb":{"@id":"https:\/\/www.bellunopress.it\/2009\/06\/06\/monsignor-michel-sabbah-a-palazzo-rosso-cordiale-incontro-con-il-sindaco-prade-e-poi-la-visita-alla-mostra-di-brustolon\/#breadcrumb"},"inLanguage":"fr-FR","potentialAction":[{"@type":"ReadAction","target":["https:\/\/www.bellunopress.it\/2009\/06\/06\/monsignor-michel-sabbah-a-palazzo-rosso-cordiale-incontro-con-il-sindaco-prade-e-poi-la-visita-alla-mostra-di-brustolon\/"]}]},{"@type":"ImageObject","inLanguage":"fr-FR","@id":"https:\/\/www.bellunopress.it\/2009\/06\/06\/monsignor-michel-sabbah-a-palazzo-rosso-cordiale-incontro-con-il-sindaco-prade-e-poi-la-visita-alla-mostra-di-brustolon\/#primaryimage","url":"http:\/\/www.bellunopress.it\/wp-content\/uploads\/2009\/06\/prade-sabbah-leggera.jpg","contentUrl":"http:\/\/www.bellunopress.it\/wp-content\/uploads\/2009\/06\/prade-sabbah-leggera.jpg"},{"@type":"BreadcrumbList","@id":"https:\/\/www.bellunopress.it\/2009\/06\/06\/monsignor-michel-sabbah-a-palazzo-rosso-cordiale-incontro-con-il-sindaco-prade-e-poi-la-visita-alla-mostra-di-brustolon\/#breadcrumb","itemListElement":[{"@type":"ListItem","position":1,"name":"Home","item":"https:\/\/www.bellunopress.it\/"},{"@type":"ListItem","position":2,"name":"Monsignor Michel Sabbah a Palazzo Rosso, cordiale incontro con il sindaco Prade e poi la visita alla mostra di Brustolon"}]},{"@type":"WebSite","@id":"https:\/\/www.bellunopress.it\/#website","url":"https:\/\/www.bellunopress.it\/","name":"Bellunopress - Dolomiti","description":"e-mail: redazione@bellunopress.it","publisher":{"@id":"https:\/\/www.bellunopress.it\/#organization"},"potentialAction":[{"@type":"SearchAction","target":{"@type":"EntryPoint","urlTemplate":"https:\/\/www.bellunopress.it\/?s={search_term_string}"},"query-input":{"@type":"PropertyValueSpecification","valueRequired":true,"valueName":"search_term_string"}}],"inLanguage":"fr-FR"},{"@type":"Organization","@id":"https:\/\/www.bellunopress.it\/#organization","name":"Bellunopress","url":"https:\/\/www.bellunopress.it\/","logo":{"@type":"ImageObject","inLanguage":"fr-FR","@id":"https:\/\/www.bellunopress.it\/#\/schema\/logo\/image\/","url":"https:\/\/www.bellunopress.it\/wp-content\/uploads\/2011\/05\/cropped-logo-bellunopress-.jpg","contentUrl":"https:\/\/www.bellunopress.it\/wp-content\/uploads\/2011\/05\/cropped-logo-bellunopress-.jpg","width":512,"height":512,"caption":"Bellunopress"},"image":{"@id":"https:\/\/www.bellunopress.it\/#\/schema\/logo\/image\/"},"sameAs":["https:\/\/www.facebook.com\/profile.php?id=100008943462799","https:\/\/x.com\/bellunopress","https:\/\/www.linkedin.com\/hp\/?dnr=JBzUWaJfMUw8vbXJJ2tVW5-I3jZKvC4wsoxE&amp;amp;amp;amp;amp;amp;trk=nav_responsive_tab_home","https:\/\/www.youtube.com\/channel\/UCxL0wu1uN0_3_7hGG0306cw"]},{"@type":"Person","@id":"https:\/\/www.bellunopress.it\/#\/schema\/person\/79bb06722b37ece1c03d3e94beb30d73","name":"r\u00e9daction","image":{"@type":"ImageObject","inLanguage":"fr-FR","@id":"https:\/\/secure.gravatar.com\/avatar\/37d968a2e67a6fd04c169c4bdef102d0bc5d31b2546345219e348575eb80e9a0?s=96&d=mm&r=g","url":"https:\/\/secure.gravatar.com\/avatar\/37d968a2e67a6fd04c169c4bdef102d0bc5d31b2546345219e348575eb80e9a0?s=96&d=mm&r=g","contentUrl":"https:\/\/secure.gravatar.com\/avatar\/37d968a2e67a6fd04c169c4bdef102d0bc5d31b2546345219e348575eb80e9a0?s=96&d=mm&r=g","caption":"redazione"},"sameAs":["http:\/\/www.bellunopress.it","https:\/\/x.com\/bellunopress"],"url":"https:\/\/www.bellunopress.it\/fr\/author\/redazione\/"}]}},"_links":{"self":[{"href":"https:\/\/www.bellunopress.it\/fr\/wp-json\/wp\/v2\/posts\/4529","targetHints":{"allow":["GET"]}}],"collection":[{"href":"https:\/\/www.bellunopress.it\/fr\/wp-json\/wp\/v2\/posts"}],"about":[{"href":"https:\/\/www.bellunopress.it\/fr\/wp-json\/wp\/v2\/types\/post"}],"author":[{"embeddable":true,"href":"https:\/\/www.bellunopress.it\/fr\/wp-json\/wp\/v2\/users\/2"}],"replies":[{"embeddable":true,"href":"https:\/\/www.bellunopress.it\/fr\/wp-json\/wp\/v2\/comments?post=4529"}],"version-history":[{"count":3,"href":"https:\/\/www.bellunopress.it\/fr\/wp-json\/wp\/v2\/posts\/4529\/revisions"}],"predecessor-version":[{"id":4532,"href":"https:\/\/www.bellunopress.it\/fr\/wp-json\/wp\/v2\/posts\/4529\/revisions\/4532"}],"wp:attachment":[{"href":"https:\/\/www.bellunopress.it\/fr\/wp-json\/wp\/v2\/media?parent=4529"}],"wp:term":[{"taxonomy":"category","embeddable":true,"href":"https:\/\/www.bellunopress.it\/fr\/wp-json\/wp\/v2\/categories?post=4529"},{"taxonomy":"post_tag","embeddable":true,"href":"https:\/\/www.bellunopress.it\/fr\/wp-json\/wp\/v2\/tags?post=4529"}],"curies":[{"name":"wp","href":"https:\/\/api.w.org\/{rel}","templated":true}]}}