{"id":45257,"date":"2012-12-29T22:39:20","date_gmt":"2012-12-29T21:39:20","guid":{"rendered":"http:\/\/www.bellunopress.it\/?p=45257"},"modified":"2012-12-29T22:39:20","modified_gmt":"2012-12-29T21:39:20","slug":"botti-di-capodanno-la-questura-segnala-la-pericolosita-delle-lanterne-volanti","status":"publish","type":"post","link":"https:\/\/www.bellunopress.it\/fr\/2012\/12\/29\/botti-di-capodanno-la-questura-segnala-la-pericolosita-delle-lanterne-volanti\/","title":{"rendered":"Botti di capodanno. La Questura segnala la pericolosit\u00e0 delle &#8220;Lanterne volanti&#8221;"},"content":{"rendered":"<figure id=\"attachment_13634\" aria-describedby=\"caption-attachment-13634\" style=\"width: 280px\" class=\"wp-caption alignleft\"><a href=\"http:\/\/www.bellunopress.it\/wp-content\/uploads\/2010\/03\/questura.jpg\"><img loading=\"lazy\" decoding=\"async\" class=\"size-full wp-image-13634\" alt=\"Questura di Belluno\" src=\"http:\/\/www.bellunopress.it\/wp-content\/uploads\/2010\/03\/questura.jpg\" width=\"280\" height=\"210\" \/><\/a><figcaption id=\"caption-attachment-13634\" class=\"wp-caption-text\">Questura di Belluno<\/figcaption><\/figure>\n<p>In vista dei festeggiamenti di Capodanno il Questore invita alla prudenza nell\u2019utilizzo dei tradizionali \u201cbotti\u201d ed in particolare evidenzia le criticit\u00e0 relative ad un fenomeno che si sta sempre pi\u00f9 diffondendo quale quello del lancio delle cosiddette \u201clanterne volanti\u201d.<\/p>\n<p>Proprio per la loro intrinseca pericolosit\u00e0 per l\u2019ambiente e il traffico aereo si ricorda che anch\u2019esse rientrano tra le \u201caccensioni pericolose\u201d per le quali, se inserite in manifestazioni pubbliche, \u00e8 richiesta la licenza dell\u2019Autorit\u00e0 di P.S., ex art. 57 del testo Unico delle Leggi di Pubblica Sicurezza.<\/p>\n<p>Anche l&#8217;utilizzo di tali prodotti in occasione di feste private, configura il reato di \u00abaccensioni pericolose\u00bb e tale condotta potr\u00e0 integrare gli estremi dell\u2019art. 703 del Codice Penale.<\/p>\n<p>&nbsp;<\/p>\n<p>&nbsp;<\/p>","protected":false},"excerpt":{"rendered":"<p>In vista dei festeggiamenti di Capodanno il Questore invita alla prudenza nell\u2019utilizzo dei tradizionali \u201cbotti\u201d ed in particolare evidenzia le criticit\u00e0 relative ad un fenomeno che si sta sempre pi\u00f9 diffondendo quale quello del lancio delle cosiddette \u201clanterne volanti\u201d. Proprio per la loro intrinseca pericolosit\u00e0 per l\u2019ambiente e il traffico aereo si ricorda che anch\u2019esse [&hellip;]<\/p>\n","protected":false},"author":2,"featured_media":0,"comment_status":"closed","ping_status":"open","sticky":false,"template":"","format":"standard","meta":{"footnotes":""},"categories":[5,26],"tags":[],"class_list":["post-45257","post","type-post","status-publish","format-standard","category-cronaca","category-prima-pagina"],"yoast_head":"<!-- This site is optimized with the Yoast SEO plugin v28.4 - https:\/\/yoast.com\/product\/yoast-seo-wordpress\/ -->\n<title>Botti di capodanno. La Questura segnala la pericolosit\u00e0 delle &quot;Lanterne volanti&quot; - Bellunopress - Dolomiti<\/title>\n<meta name=\"robots\" content=\"index, follow, max-snippet:-1, max-image-preview:large, max-video-preview:-1\" \/>\n<link rel=\"canonical\" href=\"https:\/\/www.bellunopress.it\/fr\/2012\/12\/29\/botti-di-capodanno-la-questura-segnala-la-pericolosita-delle-lanterne-volanti\/\" \/>\n<meta property=\"og:locale\" content=\"fr_FR\" \/>\n<meta property=\"og:type\" content=\"article\" \/>\n<meta property=\"og:title\" content=\"Botti di capodanno. La Questura segnala la pericolosit\u00e0 delle &quot;Lanterne volanti&quot; - Bellunopress - Dolomiti\" \/>\n<meta property=\"og:description\" content=\"In vista dei festeggiamenti di Capodanno il Questore invita alla prudenza nell\u2019utilizzo dei tradizionali \u201cbotti\u201d ed in particolare evidenzia le criticit\u00e0 relative ad un fenomeno che si sta sempre pi\u00f9 diffondendo quale quello del lancio delle cosiddette \u201clanterne volanti\u201d. Proprio per la loro intrinseca pericolosit\u00e0 per l\u2019ambiente e il traffico aereo si ricorda che anch\u2019esse [&hellip;]\" \/>\n<meta property=\"og:url\" content=\"https:\/\/www.bellunopress.it\/fr\/2012\/12\/29\/botti-di-capodanno-la-questura-segnala-la-pericolosita-delle-lanterne-volanti\/\" \/>\n<meta property=\"og:site_name\" content=\"Bellunopress - Dolomiti\" \/>\n<meta property=\"article:publisher\" content=\"https:\/\/www.facebook.com\/profile.php?id=100008943462799\" \/>\n<meta property=\"article:published_time\" content=\"2012-12-29T21:39:20+00:00\" \/>\n<meta property=\"og:image\" content=\"http:\/\/www.bellunopress.it\/wp-content\/uploads\/2010\/03\/questura.jpg\" \/>\n<meta name=\"author\" content=\"redazione\" \/>\n<meta name=\"twitter:card\" content=\"summary_large_image\" \/>\n<meta name=\"twitter:creator\" content=\"@bellunopress\" \/>\n<meta name=\"twitter:site\" content=\"@bellunopress\" \/>\n<meta name=\"twitter:label1\" content=\"\u00c9crit par\" \/>\n\t<meta name=\"twitter:data1\" content=\"redazione\" \/>\n\t<meta name=\"twitter:label2\" content=\"Dur\u00e9e de lecture estim\u00e9e\" \/>\n\t<meta name=\"twitter:data2\" content=\"1 minute\" \/>\n<script type=\"application\/ld+json\" class=\"yoast-schema-graph\">{\"@context\":\"https:\\\/\\\/schema.org\",\"@graph\":[{\"@type\":\"Article\",\"@id\":\"https:\\\/\\\/www.bellunopress.it\\\/2012\\\/12\\\/29\\\/botti-di-capodanno-la-questura-segnala-la-pericolosita-delle-lanterne-volanti\\\/#article\",\"isPartOf\":{\"@id\":\"https:\\\/\\\/www.bellunopress.it\\\/2012\\\/12\\\/29\\\/botti-di-capodanno-la-questura-segnala-la-pericolosita-delle-lanterne-volanti\\\/\"},\"author\":{\"name\":\"redazione\",\"@id\":\"https:\\\/\\\/www.bellunopress.it\\\/#\\\/schema\\\/person\\\/79bb06722b37ece1c03d3e94beb30d73\"},\"headline\":\"Botti di capodanno. La Questura segnala la pericolosit\u00e0 delle &#8220;Lanterne volanti&#8221;\",\"datePublished\":\"2012-12-29T21:39:20+00:00\",\"mainEntityOfPage\":{\"@id\":\"https:\\\/\\\/www.bellunopress.it\\\/2012\\\/12\\\/29\\\/botti-di-capodanno-la-questura-segnala-la-pericolosita-delle-lanterne-volanti\\\/\"},\"wordCount\":141,\"publisher\":{\"@id\":\"https:\\\/\\\/www.bellunopress.it\\\/#organization\"},\"image\":{\"@id\":\"https:\\\/\\\/www.bellunopress.it\\\/2012\\\/12\\\/29\\\/botti-di-capodanno-la-questura-segnala-la-pericolosita-delle-lanterne-volanti\\\/#primaryimage\"},\"thumbnailUrl\":\"http:\\\/\\\/www.bellunopress.it\\\/wp-content\\\/uploads\\\/2010\\\/03\\\/questura.jpg\",\"articleSection\":[\"Cronaca\\\/Politica\",\"Prima Pagina\"],\"inLanguage\":\"fr-FR\"},{\"@type\":\"WebPage\",\"@id\":\"https:\\\/\\\/www.bellunopress.it\\\/2012\\\/12\\\/29\\\/botti-di-capodanno-la-questura-segnala-la-pericolosita-delle-lanterne-volanti\\\/\",\"url\":\"https:\\\/\\\/www.bellunopress.it\\\/2012\\\/12\\\/29\\\/botti-di-capodanno-la-questura-segnala-la-pericolosita-delle-lanterne-volanti\\\/\",\"name\":\"Botti di capodanno. La Questura segnala la pericolosit\u00e0 delle \\\"Lanterne volanti\\\" - Bellunopress - Dolomiti\",\"isPartOf\":{\"@id\":\"https:\\\/\\\/www.bellunopress.it\\\/#website\"},\"primaryImageOfPage\":{\"@id\":\"https:\\\/\\\/www.bellunopress.it\\\/2012\\\/12\\\/29\\\/botti-di-capodanno-la-questura-segnala-la-pericolosita-delle-lanterne-volanti\\\/#primaryimage\"},\"image\":{\"@id\":\"https:\\\/\\\/www.bellunopress.it\\\/2012\\\/12\\\/29\\\/botti-di-capodanno-la-questura-segnala-la-pericolosita-delle-lanterne-volanti\\\/#primaryimage\"},\"thumbnailUrl\":\"http:\\\/\\\/www.bellunopress.it\\\/wp-content\\\/uploads\\\/2010\\\/03\\\/questura.jpg\",\"datePublished\":\"2012-12-29T21:39:20+00:00\",\"breadcrumb\":{\"@id\":\"https:\\\/\\\/www.bellunopress.it\\\/2012\\\/12\\\/29\\\/botti-di-capodanno-la-questura-segnala-la-pericolosita-delle-lanterne-volanti\\\/#breadcrumb\"},\"inLanguage\":\"fr-FR\",\"potentialAction\":[{\"@type\":\"ReadAction\",\"target\":[\"https:\\\/\\\/www.bellunopress.it\\\/2012\\\/12\\\/29\\\/botti-di-capodanno-la-questura-segnala-la-pericolosita-delle-lanterne-volanti\\\/\"]}]},{\"@type\":\"ImageObject\",\"inLanguage\":\"fr-FR\",\"@id\":\"https:\\\/\\\/www.bellunopress.it\\\/2012\\\/12\\\/29\\\/botti-di-capodanno-la-questura-segnala-la-pericolosita-delle-lanterne-volanti\\\/#primaryimage\",\"url\":\"http:\\\/\\\/www.bellunopress.it\\\/wp-content\\\/uploads\\\/2010\\\/03\\\/questura.jpg\",\"contentUrl\":\"http:\\\/\\\/www.bellunopress.it\\\/wp-content\\\/uploads\\\/2010\\\/03\\\/questura.jpg\"},{\"@type\":\"BreadcrumbList\",\"@id\":\"https:\\\/\\\/www.bellunopress.it\\\/2012\\\/12\\\/29\\\/botti-di-capodanno-la-questura-segnala-la-pericolosita-delle-lanterne-volanti\\\/#breadcrumb\",\"itemListElement\":[{\"@type\":\"ListItem\",\"position\":1,\"name\":\"Home\",\"item\":\"https:\\\/\\\/www.bellunopress.it\\\/\"},{\"@type\":\"ListItem\",\"position\":2,\"name\":\"Botti di capodanno. La Questura segnala la pericolosit\u00e0 delle &#8220;Lanterne volanti&#8221;\"}]},{\"@type\":\"WebSite\",\"@id\":\"https:\\\/\\\/www.bellunopress.it\\\/#website\",\"url\":\"https:\\\/\\\/www.bellunopress.it\\\/\",\"name\":\"Bellunopress - Dolomiti\",\"description\":\"e-mail: redazione@bellunopress.it\",\"publisher\":{\"@id\":\"https:\\\/\\\/www.bellunopress.it\\\/#organization\"},\"potentialAction\":[{\"@type\":\"SearchAction\",\"target\":{\"@type\":\"EntryPoint\",\"urlTemplate\":\"https:\\\/\\\/www.bellunopress.it\\\/?s={search_term_string}\"},\"query-input\":{\"@type\":\"PropertyValueSpecification\",\"valueRequired\":true,\"valueName\":\"search_term_string\"}}],\"inLanguage\":\"fr-FR\"},{\"@type\":\"Organization\",\"@id\":\"https:\\\/\\\/www.bellunopress.it\\\/#organization\",\"name\":\"Bellunopress\",\"url\":\"https:\\\/\\\/www.bellunopress.it\\\/\",\"logo\":{\"@type\":\"ImageObject\",\"inLanguage\":\"fr-FR\",\"@id\":\"https:\\\/\\\/www.bellunopress.it\\\/#\\\/schema\\\/logo\\\/image\\\/\",\"url\":\"https:\\\/\\\/www.bellunopress.it\\\/wp-content\\\/uploads\\\/2011\\\/05\\\/cropped-logo-bellunopress-.jpg\",\"contentUrl\":\"https:\\\/\\\/www.bellunopress.it\\\/wp-content\\\/uploads\\\/2011\\\/05\\\/cropped-logo-bellunopress-.jpg\",\"width\":512,\"height\":512,\"caption\":\"Bellunopress\"},\"image\":{\"@id\":\"https:\\\/\\\/www.bellunopress.it\\\/#\\\/schema\\\/logo\\\/image\\\/\"},\"sameAs\":[\"https:\\\/\\\/www.facebook.com\\\/profile.php?id=100008943462799\",\"https:\\\/\\\/x.com\\\/bellunopress\",\"https:\\\/\\\/www.linkedin.com\\\/hp\\\/?dnr=JBzUWaJfMUw8vbXJJ2tVW5-I3jZKvC4wsoxE&amp;amp;amp;amp;amp;amp;trk=nav_responsive_tab_home\",\"https:\\\/\\\/www.youtube.com\\\/channel\\\/UCxL0wu1uN0_3_7hGG0306cw\"]},{\"@type\":\"Person\",\"@id\":\"https:\\\/\\\/www.bellunopress.it\\\/#\\\/schema\\\/person\\\/79bb06722b37ece1c03d3e94beb30d73\",\"name\":\"redazione\",\"image\":{\"@type\":\"ImageObject\",\"inLanguage\":\"fr-FR\",\"@id\":\"https:\\\/\\\/secure.gravatar.com\\\/avatar\\\/37d968a2e67a6fd04c169c4bdef102d0bc5d31b2546345219e348575eb80e9a0?s=96&d=mm&r=g\",\"url\":\"https:\\\/\\\/secure.gravatar.com\\\/avatar\\\/37d968a2e67a6fd04c169c4bdef102d0bc5d31b2546345219e348575eb80e9a0?s=96&d=mm&r=g\",\"contentUrl\":\"https:\\\/\\\/secure.gravatar.com\\\/avatar\\\/37d968a2e67a6fd04c169c4bdef102d0bc5d31b2546345219e348575eb80e9a0?s=96&d=mm&r=g\",\"caption\":\"redazione\"},\"sameAs\":[\"http:\\\/\\\/www.bellunopress.it\",\"https:\\\/\\\/x.com\\\/bellunopress\"],\"url\":\"https:\\\/\\\/www.bellunopress.it\\\/fr\\\/author\\\/redazione\\\/\"}]}<\/script>\n<!-- \/ Yoast SEO plugin. -->","yoast_head_json":{"title":"Botti di capodanno. La Questura segnala la pericolosit\u00e0 delle \"Lanterne volanti\" - Bellunopress - Dolomiti","robots":{"index":"index","follow":"follow","max-snippet":"max-snippet:-1","max-image-preview":"max-image-preview:large","max-video-preview":"max-video-preview:-1"},"canonical":"https:\/\/www.bellunopress.it\/fr\/2012\/12\/29\/botti-di-capodanno-la-questura-segnala-la-pericolosita-delle-lanterne-volanti\/","og_locale":"fr_FR","og_type":"article","og_title":"Botti di capodanno. La Questura segnala la pericolosit\u00e0 delle \"Lanterne volanti\" - Bellunopress - Dolomiti","og_description":"In vista dei festeggiamenti di Capodanno il Questore invita alla prudenza nell\u2019utilizzo dei tradizionali \u201cbotti\u201d ed in particolare evidenzia le criticit\u00e0 relative ad un fenomeno che si sta sempre pi\u00f9 diffondendo quale quello del lancio delle cosiddette \u201clanterne volanti\u201d. Proprio per la loro intrinseca pericolosit\u00e0 per l\u2019ambiente e il traffico aereo si ricorda che anch\u2019esse [&hellip;]","og_url":"https:\/\/www.bellunopress.it\/fr\/2012\/12\/29\/botti-di-capodanno-la-questura-segnala-la-pericolosita-delle-lanterne-volanti\/","og_site_name":"Bellunopress - Dolomiti","article_publisher":"https:\/\/www.facebook.com\/profile.php?id=100008943462799","article_published_time":"2012-12-29T21:39:20+00:00","og_image":[{"url":"http:\/\/www.bellunopress.it\/wp-content\/uploads\/2010\/03\/questura.jpg","type":"","width":"","height":""}],"author":"redazione","twitter_card":"summary_large_image","twitter_creator":"@bellunopress","twitter_site":"@bellunopress","twitter_misc":{"\u00c9crit par":"redazione","Dur\u00e9e de lecture estim\u00e9e":"1 minute"},"schema":{"@context":"https:\/\/schema.org","@graph":[{"@type":"Article","@id":"https:\/\/www.bellunopress.it\/2012\/12\/29\/botti-di-capodanno-la-questura-segnala-la-pericolosita-delle-lanterne-volanti\/#article","isPartOf":{"@id":"https:\/\/www.bellunopress.it\/2012\/12\/29\/botti-di-capodanno-la-questura-segnala-la-pericolosita-delle-lanterne-volanti\/"},"author":{"name":"redazione","@id":"https:\/\/www.bellunopress.it\/#\/schema\/person\/79bb06722b37ece1c03d3e94beb30d73"},"headline":"Botti di capodanno. La Questura segnala la pericolosit\u00e0 delle &#8220;Lanterne volanti&#8221;","datePublished":"2012-12-29T21:39:20+00:00","mainEntityOfPage":{"@id":"https:\/\/www.bellunopress.it\/2012\/12\/29\/botti-di-capodanno-la-questura-segnala-la-pericolosita-delle-lanterne-volanti\/"},"wordCount":141,"publisher":{"@id":"https:\/\/www.bellunopress.it\/#organization"},"image":{"@id":"https:\/\/www.bellunopress.it\/2012\/12\/29\/botti-di-capodanno-la-questura-segnala-la-pericolosita-delle-lanterne-volanti\/#primaryimage"},"thumbnailUrl":"http:\/\/www.bellunopress.it\/wp-content\/uploads\/2010\/03\/questura.jpg","articleSection":["Cronaca\/Politica","Prima Pagina"],"inLanguage":"fr-FR"},{"@type":"WebPage","@id":"https:\/\/www.bellunopress.it\/2012\/12\/29\/botti-di-capodanno-la-questura-segnala-la-pericolosita-delle-lanterne-volanti\/","url":"https:\/\/www.bellunopress.it\/2012\/12\/29\/botti-di-capodanno-la-questura-segnala-la-pericolosita-delle-lanterne-volanti\/","name":"Botti di capodanno. La Questura segnala la pericolosit\u00e0 delle \"Lanterne volanti\" - Bellunopress - Dolomiti","isPartOf":{"@id":"https:\/\/www.bellunopress.it\/#website"},"primaryImageOfPage":{"@id":"https:\/\/www.bellunopress.it\/2012\/12\/29\/botti-di-capodanno-la-questura-segnala-la-pericolosita-delle-lanterne-volanti\/#primaryimage"},"image":{"@id":"https:\/\/www.bellunopress.it\/2012\/12\/29\/botti-di-capodanno-la-questura-segnala-la-pericolosita-delle-lanterne-volanti\/#primaryimage"},"thumbnailUrl":"http:\/\/www.bellunopress.it\/wp-content\/uploads\/2010\/03\/questura.jpg","datePublished":"2012-12-29T21:39:20+00:00","breadcrumb":{"@id":"https:\/\/www.bellunopress.it\/2012\/12\/29\/botti-di-capodanno-la-questura-segnala-la-pericolosita-delle-lanterne-volanti\/#breadcrumb"},"inLanguage":"fr-FR","potentialAction":[{"@type":"ReadAction","target":["https:\/\/www.bellunopress.it\/2012\/12\/29\/botti-di-capodanno-la-questura-segnala-la-pericolosita-delle-lanterne-volanti\/"]}]},{"@type":"ImageObject","inLanguage":"fr-FR","@id":"https:\/\/www.bellunopress.it\/2012\/12\/29\/botti-di-capodanno-la-questura-segnala-la-pericolosita-delle-lanterne-volanti\/#primaryimage","url":"http:\/\/www.bellunopress.it\/wp-content\/uploads\/2010\/03\/questura.jpg","contentUrl":"http:\/\/www.bellunopress.it\/wp-content\/uploads\/2010\/03\/questura.jpg"},{"@type":"BreadcrumbList","@id":"https:\/\/www.bellunopress.it\/2012\/12\/29\/botti-di-capodanno-la-questura-segnala-la-pericolosita-delle-lanterne-volanti\/#breadcrumb","itemListElement":[{"@type":"ListItem","position":1,"name":"Home","item":"https:\/\/www.bellunopress.it\/"},{"@type":"ListItem","position":2,"name":"Botti di capodanno. La Questura segnala la pericolosit\u00e0 delle &#8220;Lanterne volanti&#8221;"}]},{"@type":"WebSite","@id":"https:\/\/www.bellunopress.it\/#website","url":"https:\/\/www.bellunopress.it\/","name":"Bellunopress - Dolomiti","description":"e-mail: redazione@bellunopress.it","publisher":{"@id":"https:\/\/www.bellunopress.it\/#organization"},"potentialAction":[{"@type":"SearchAction","target":{"@type":"EntryPoint","urlTemplate":"https:\/\/www.bellunopress.it\/?s={search_term_string}"},"query-input":{"@type":"PropertyValueSpecification","valueRequired":true,"valueName":"search_term_string"}}],"inLanguage":"fr-FR"},{"@type":"Organization","@id":"https:\/\/www.bellunopress.it\/#organization","name":"Bellunopress","url":"https:\/\/www.bellunopress.it\/","logo":{"@type":"ImageObject","inLanguage":"fr-FR","@id":"https:\/\/www.bellunopress.it\/#\/schema\/logo\/image\/","url":"https:\/\/www.bellunopress.it\/wp-content\/uploads\/2011\/05\/cropped-logo-bellunopress-.jpg","contentUrl":"https:\/\/www.bellunopress.it\/wp-content\/uploads\/2011\/05\/cropped-logo-bellunopress-.jpg","width":512,"height":512,"caption":"Bellunopress"},"image":{"@id":"https:\/\/www.bellunopress.it\/#\/schema\/logo\/image\/"},"sameAs":["https:\/\/www.facebook.com\/profile.php?id=100008943462799","https:\/\/x.com\/bellunopress","https:\/\/www.linkedin.com\/hp\/?dnr=JBzUWaJfMUw8vbXJJ2tVW5-I3jZKvC4wsoxE&amp;amp;amp;amp;amp;amp;trk=nav_responsive_tab_home","https:\/\/www.youtube.com\/channel\/UCxL0wu1uN0_3_7hGG0306cw"]},{"@type":"Person","@id":"https:\/\/www.bellunopress.it\/#\/schema\/person\/79bb06722b37ece1c03d3e94beb30d73","name":"r\u00e9daction","image":{"@type":"ImageObject","inLanguage":"fr-FR","@id":"https:\/\/secure.gravatar.com\/avatar\/37d968a2e67a6fd04c169c4bdef102d0bc5d31b2546345219e348575eb80e9a0?s=96&d=mm&r=g","url":"https:\/\/secure.gravatar.com\/avatar\/37d968a2e67a6fd04c169c4bdef102d0bc5d31b2546345219e348575eb80e9a0?s=96&d=mm&r=g","contentUrl":"https:\/\/secure.gravatar.com\/avatar\/37d968a2e67a6fd04c169c4bdef102d0bc5d31b2546345219e348575eb80e9a0?s=96&d=mm&r=g","caption":"redazione"},"sameAs":["http:\/\/www.bellunopress.it","https:\/\/x.com\/bellunopress"],"url":"https:\/\/www.bellunopress.it\/fr\/author\/redazione\/"}]}},"_links":{"self":[{"href":"https:\/\/www.bellunopress.it\/fr\/wp-json\/wp\/v2\/posts\/45257","targetHints":{"allow":["GET"]}}],"collection":[{"href":"https:\/\/www.bellunopress.it\/fr\/wp-json\/wp\/v2\/posts"}],"about":[{"href":"https:\/\/www.bellunopress.it\/fr\/wp-json\/wp\/v2\/types\/post"}],"author":[{"embeddable":true,"href":"https:\/\/www.bellunopress.it\/fr\/wp-json\/wp\/v2\/users\/2"}],"replies":[{"embeddable":true,"href":"https:\/\/www.bellunopress.it\/fr\/wp-json\/wp\/v2\/comments?post=45257"}],"version-history":[{"count":1,"href":"https:\/\/www.bellunopress.it\/fr\/wp-json\/wp\/v2\/posts\/45257\/revisions"}],"predecessor-version":[{"id":45258,"href":"https:\/\/www.bellunopress.it\/fr\/wp-json\/wp\/v2\/posts\/45257\/revisions\/45258"}],"wp:attachment":[{"href":"https:\/\/www.bellunopress.it\/fr\/wp-json\/wp\/v2\/media?parent=45257"}],"wp:term":[{"taxonomy":"category","embeddable":true,"href":"https:\/\/www.bellunopress.it\/fr\/wp-json\/wp\/v2\/categories?post=45257"},{"taxonomy":"post_tag","embeddable":true,"href":"https:\/\/www.bellunopress.it\/fr\/wp-json\/wp\/v2\/tags?post=45257"}],"curies":[{"name":"wp","href":"https:\/\/api.w.org\/{rel}","templated":true}]}}