{"id":45254,"date":"2012-12-29T22:34:42","date_gmt":"2012-12-29T21:34:42","guid":{"rendered":"http:\/\/www.bellunopress.it\/?p=45254"},"modified":"2012-12-29T22:34:42","modified_gmt":"2012-12-29T21:34:42","slug":"lagenda-di-cortina-dampezzo","status":"publish","type":"post","link":"https:\/\/www.bellunopress.it\/fr\/2012\/12\/29\/lagenda-di-cortina-dampezzo\/","title":{"rendered":"L&#8217;agenda di Cortina d&#8217;Ampezzo"},"content":{"rendered":"<p>DOMENICA 30 DICEMBRE 2012<\/p>\n<p>TROFEO SMEG<\/p>\n<p>Gara di Slalom Gigante. Organizzata dallo Sci Club Cortina. 5 Torri. Ore 10.00. Iscrizione \u20ac10.<\/p>\n<p>IL MUSEO INCANTA. Alice nel Museo delle Meraviglie<\/p>\n<p>Cosa succederebbe se ti ritrovassi in un Paese fatto di Quadri? L\u2019orologio del Bianconiglio si \u00e8 fermato proprio<\/p>\n<p>alla vigilia di Capodanno! Per sbloccarlo i bambini dovranno scovare tutti gli altri personaggi della storia che si<\/p>\n<p>sono nascosti all\u2019interno delle opere del museo. Ma dovranno farlo in fretta, perch\u00e9 il conto alla rovescia per il<\/p>\n<p>nuovo anno sta per iniziare. Animazioni museali per bambini e ragazzi dai 5 ai 12 anni. Museo d&#8217;Arte Moderna<\/p>\n<p>&#8220;Mario Rimoldi&#8221;. Ore 17.00. \u20ac6 &#8211; didattica.musei@regole.it &#8211; 0436 866222.<\/p>\n<p>CONVEGNO. MODA INVERNALE ALL\u2019INIZIO DEL NOVECENTO<\/p>\n<p>Museo Etnografico &#8220;Regole d&#8217;Ampezzo&#8221;. Ore 17.30. www.musei.regole.it &#8211; 0436 875524.<\/p>\n<p>COCKTAIL E PRESENTAZIONE DELLA MOSTRA EXPLOSION<\/p>\n<p>Vernissage alla Ikonos Art Gallery. Ore 18.00. www.stefanozardini.com &#8211; 0436 2930.<\/p>\n<p>UNA MONTAGNA DI LIBRI. INCONTRI CON L&#8217;AUTORE<\/p>\n<p>Marcello Veneziani presenta Dio, Patria e Famiglia dopo il declino. Con Vera Slepoj. Miramonti Majestic Grand<\/p>\n<p>Hotel. Ore 21.15. www.unamontagnadilibri.it<\/p>\n<p>CAMPIONATO DI HOCKEY<\/p>\n<p>HAFRO Cortina &#8211; Valpellice. Stadio Olimpico del Ghiaccio. Ore 20.30. \u20ac12 &#8211; \u20ac8 ridotto www.hockeycortina.org<\/p>\n<p>LIBERT\u00c0 DI STAMPA, POLITICA E GIUSTIZIA: UNA CONVIVENZA POSSIBILE?<\/p>\n<p>Incontro con Carlo Nordio, magistrato. Conduce Rosanna Raffaelli Ghedina. Ore 18.00, Miramonti Majestic<\/p>\n<p>Grand Hotel.<\/p>\n<p>LUNED\u00cc 31 DICEMBRE 2012<\/p>\n<p>CAPODANNO DEI BIMBI<\/p>\n<p>Asd Fairplay organizza il capodanno per i bimbi dai 7 ai 12 anni, dalle 19.00. Info e prenotazione 388 8585855.<\/p>\n<p>CENONE DI SAN SILVESTRO<\/p>\n<p>Ristornate Birdie Club House &#8211; Cortina Golf. Per informazioni e prenotazioni: 393 3422526.<\/p>\n<p>GRAN GALA DI CAPODANNO<\/p>\n<p>Cenone accompagnato da musica dal vivo all\u2019Hotel Ancora. www.hotelancoracortina.com &#8211; 0436 3261.<\/p>\n<p>CENONE DI S.SILVESTRO<\/p>\n<p>Rifugio Col Drusci\u00e8. Dalle 20.00. Su prenotazione: cd1778@freccianelcielo.com &#8211; 0436 862372.<\/p>\n<p>CENONE DI CAPODANNO<\/p>\n<p>Rifugio Faloria. Ore 21.00. Cenone con ballo. Cenone compreso trasferimento funivia &#8211; www.cortinacube.it &#8211; 0436<\/p>\n<p>2517<\/p>\n<p>CENONE DI CAPODANNO<\/p>\n<p>Aperitivo di benvenuto musicale cui seguir\u00e0 il tradizionale cenone nei ristoranti panoramici Cristallo Hotel Spa &amp;<\/p>\n<p>Golf: 0436 2517.<\/p>\n<p>GAL\u00c0 DI CAPODANNO<\/p>\n<p>Grand Hotel Savoia. Aperitivo al Bar Giardino d\u2019inverno e a seguire Gal\u00e0 di Capodanno presso il Ristorante<\/p>\n<p>Savoy con Live Band. Info e prenotazioni: 0436 3201.<\/p>\n<p>CENONE DI SAN SILVESTRO<\/p>\n<p>Aspettando il 2013 all\u2019LP26. Info: 0436 862284.<\/p>\n<p>MENU PER L&#8217;ULTIMA SERA DEL 2012<\/p>\n<p>Hotel Ristorante La Baita 0436 7172.<\/p>\n<p>MARTED\u00cc 1 GENNAIO 2013<\/p>\n<p>CONCERTO DI CAPODANNO<\/p>\n<p>Concerto classico di inizio anno. Alexander Girardi Hall. Ore 18.00.<\/p>\n<p>VISITE GUIDATE<\/p>\n<p>Museo Etnografico &#8220;Regole d&#8217;Ampezzo&#8221;. Ore 18.00. Su prenotazione: 0436 875524<\/p>\n<p>UNA MONTAGNA DI LIBRI. INCONTRI CON L&#8217;AUTORE<\/p>\n<p>Marina Ripa di Meana presenta Invecchier\u00f2 ma con calma. Miramonti Majestic Grand Hotel. Ore 18.00.<\/p>\n<p>www.unamontagnadilibri.it<\/p>\n<p>PINOCCHIO STORIA DI UN BURATTINO<\/p>\n<p>Spettacolo a cura di Massimiliano Finazzer Flory, regista e interprete. Musiche al pianoforte del maestro Gianluca<\/p>\n<p>Pezzino. Miramonti Majestic Grand Hotel. Ore 21.30.<\/p>\n<p>MERCOLED\u00ec 2 GENNAIO 2013<\/p>\n<p>PRESENTAZIONE DEL LIBRO: IL TACCUINO DELLA SANIT\u00c0<\/p>\n<p>Con l&#8217;autore dei testi Enresto riva e l&#8217;illustratrice Marta Farina. Museo Paleontologico &#8220;Rinaldo Zardini&#8221;. Ore 17.30.<\/p>\n<p>www.musei.regole.it &#8211; 0436 875502<\/p>\n<p>UNA MONTAGNA DI LIBRI. INCONTRI CON L&#8217;AUTORE<\/p>\n<p>Arrigo Petacco presenta Eva e Claretta. Le amanti del diavolo. Con Francesco Chiamulera. Miramonti Majestic<\/p>\n<p>Grand Hotel. Ore 21.15.<\/p>\n<p>GIOVED\u00ec 3 GENNAIO 2013<\/p>\n<p>TOUR DE SKI \u2013 COPPA DEL MONDO DI SCI NORDICO<\/p>\n<p>Corso Italia ed ex ferrovia. Partenza maschile ore 12.15. Per il quarto anno Cortina d&#8217;Ampezzo regina del Fondo.<\/p>\n<p>Tappa della pi\u00f9 importante competizione di sci nordico. www.worldcup-dobbiaco.it<\/p>\n<p>IL MUSEO INCANTA. AMBRACADABRA!<\/p>\n<p>Da goccia a gioiello: il meraviglioso viaggio dell&#8217;ambra. Come pu\u00f2 una goccia di resina di una conifera diventare un<\/p>\n<p>prezioso gioiello? Stimolare la curiosit\u00e0 sul materiale raro e prezioso che si \u00e8 formato 225 milioni di anni fa ed \u00e8<\/p>\n<p>ora conservato<\/p>\n<p>al museo delle Regole d\u2019Ampezzo. Animazioni museali per bambini e ragazzi dai 5 ai 12 anni. Museo<\/p>\n<p>Paleontologico &#8220;Rinaldo Zardini&#8221;. Ore 17.00. &#8211; 0436 875502<\/p>\n<p>ARTE D&#8217;INVERNO.<\/p>\n<p>Incontro con Ennio Brion. Committenza d&#8217;Autore Museo d&#8217;Arte Moderna &#8220;Mario Rimoldi&#8221;. Ore 17.30. Info: 0436<\/p>\n<p>866222.<\/p>\n<p>MEMORIE DI UN FEDELE SERVITORE<\/p>\n<p>Parla del suo libro Rosa romano Toscani presidente associazione \u201cAmici di Balzac\u201d. Conduce Rosanna raffaelli<\/p>\n<p>Ghedina. Miramonti Majestic Grand Hotel. Ore 18.00.<\/p>\n<p>UNA MONTAGNA DI LIBRI. INCONTRI CON L&#8217;AUTORE<\/p>\n<p>Valerio Massimo Manfredi presenta Il mio nome \u00e8 nessuno. Miramonti Majestic Grand Hotel. Ore 21.15.<\/p>\n<p>www.unamontagnadilibri.it<\/p>\n<p>VENERD\u00cc 4 GENNAIO 2013<\/p>\n<p>SCIATE ALL\u2019ALBA<\/p>\n<p>Ore 6.45. Apertura Biglietteria Funivia freccia nel Cielo. Ore 7.00 1\u00b0 corsa in funivia, dalle 7.15 piccola colazione in<\/p>\n<p>rifugio. Dalle ore 7.30 pista Forcella Rossa aperta fino a Cortina. I partecipanti potranno proseguire la giornata<\/p>\n<p>sugli sci se regolarmente muniti di skipass. A partire dalle 7.30 rimangono aperti i 2 tronchi della funivia solo per<\/p>\n<p>gli sciatori con skipass. Dalle ore 9.00 alle ore 10, special Brunch dove si potr\u00e0 degustare lo Champagne Gosset<\/p>\n<p>abbinato alla Trota Km 0.. Info 0436 5052.<\/p>\n<p>CONVEGNO. SLITTE, SCI E ATTREZZATURA SPORTIVA NELLA TRADIZIONE<\/p>\n<p>Museo Etnografico &#8220;Regole d&#8217;Ampezzo&#8221;. Ore 17.30. www.musei.regole.it &#8211; 0436 875524.<\/p>\n<p>UNA MONTAGNA DI LIBRI. INCONTRI CON L&#8217;AUTORE<\/p>\n<p>Lectio magistralis di Marc Aug\u00e9 presenta Futuro. Municipio di Cortina d&#8217;Ampezzo \u2013 Sala Consiliare. Ore 18.00.<\/p>\n<p>www.unamontagnadilibri.it<\/p>\n<p>VISITE GUIDATE<\/p>\n<p>Museo d&#8217;Arte Moderna &#8220;Mario Rimoldi&#8221;. Ore 18.00. Su prenotazione: 0436 866222.<\/p>\n<p>CAMPIONATO DI HOCKEY<\/p>\n<p>HAFRO Cortina &#8211; Milano. Stadio Olimpico del Ghiaccio. Ore 20.30.<\/p>\n<p>A CENA SOTTO LE STELLE<\/p>\n<p>Cena in rifugio e visita all&#8217;Osservatorio Astronomico. Col Drusci\u00e8: 0436 862372 &#8211; 338 6163482.<\/p>\n<p>CENA IN MOTOSLITTA<\/p>\n<p>Salita in motoslitta da Rio Gere e cena tipica al Rifugio Capanna Tondi, \u20ac 40 a persona bevande escluse.<\/p>\n<p>Info +39 0436 5775.<\/p>\n<p>VENERD\u00cc 4 E SABATO 5 GENNAIO 2012<\/p>\n<p>ALLE 5 TORRI&#8230; CENE AL CHIARO DI LUNA<\/p>\n<p>Buona cucina, ambiente romantico, ma anche emozioni ad alta quota e sport da vivere in notturna sotto il cielo<\/p>\n<p>stellato. I rifugi possono essere raggiunti a piedi, con gli sci, in motoslitta e anche con la seggiovia.<\/p>\n<p>Su prenotazione. Rifugio Scoiattoli: rifugio.scoiattoli@dolomiti.org 0436 867939 &#8211; 333 8146960. Rifugio Averau:<\/p>\n<p>rifugio.averau@dolomiti.org 0436 4660 &#8211; 335 6868066.<\/p>\n<p>SCI DI FONDO IN VERSIONE NOTTURNA:<\/p>\n<p>Al calar del sole, si accenderanno i fari del Fiames Sport Nordic Center, per permettere a tutti gli appassionati<\/p>\n<p>degli sci di stretti di praticare questo sport anche in versione by night. Stuzzichini e bevande calde al Bar del<\/p>\n<p>Centro Sportivo.<\/p>\n<p>Fino al 6 Gennaio<\/p>\n<p>HAPPY HOUR<\/p>\n<p>Al Ristorante Lago Ghedina ospite il figlio di Jimmy Fontana: Andrea Fontana, musica dal vivo. Info 0436 860876.<\/p>\n<p>Tutte le sere fino a fine stagione<\/p>\n<p>DELIZIE NOTTURNE<\/p>\n<p>Fonduta-Bourguignonne, crudit\u00e8, fonduta con frutta fresca. Hotel Ancora. Dalle 22.00 alle 2.00.<\/p>\n<p>Info +39 0436 3261.<\/p>\n<p>MOSTRE<\/p>\n<p>Fino al 02 FEBBRAIO 2013<\/p>\n<p>APPARENZE<\/p>\n<p>Alberto Bertoldi espone le proprie opere alla Libreria Sovilla.<\/p>\n<p>Piazza s. Franceschi, 11.<\/p>\n<p>Fino al 03 FEBBRAIO 2013<\/p>\n<p>EXPLOSION<\/p>\n<p>Mostra fotografica di Giovanni Lunardi. Un racconto fotografico nel quale la Fotografia diventa tridimensionale<\/p>\n<p>con l\u2019utilizzo di tecniche che danno all\u2019immagine nuove angolazioni visuali, movimento, il raggiungimento<\/p>\n<p>di nuovi limiti e la scoperta iperrealista di qualcosa che potrebbe non essere ma che c\u2019\u00e8. Unico, qualche volta<\/p>\n<p>controverso, ma sempre fresco, affascinante e creativo, il lavoro di Lunardi \u00e8 divertente ed intrigante e offre una<\/p>\n<p>finestra su un mondo diverso. Vernissage: 30 dicembre 2012, ore 18.00.<\/p>\n<p>Ikonos Art Gallery. 11.00-13.00 \/ 17.00-20.00. &#8211; www.stefanozardini.com<\/p>\n<p>Fino al 02 APRILE 2013<\/p>\n<p>COLLEZIONE ALLARIA: I MAESTRI DEL NOVECENTO ITALIANO<\/p>\n<p>Verranno esposti i capolavori della Collezione Antonio e Cicci Allaria lasciati in comodato al Museo. Al Secondo<\/p>\n<p>piano saranno esposte le opere della Collezione permanente del Museo. Al piano terra esposizione personale<\/p>\n<p>dell&#8217;artista Michael Fliri con il video del 2005 Let Love Be Eternal, While it Last. Vernissage: 27dicembre 2012, ore<\/p>\n<p>18.00.<\/p>\n<p>Museo d&#8217;Arte Moderna &#8220;Mario Rimoldi&#8221;. 10.00-12.30 \/ 16.00-19.30. &#8211; www.musei.regole.it<\/p>\n<p>COME ERAVAMO. VINTAGE DELLE NEVI<\/p>\n<p>All&#8217;interno del percorso permanente del Museo verranno presentati gli abiti sportivi, i vecchi slittini, gli sci e i<\/p>\n<p>pattini dell&#8217;epoca. Vernissage: 8 dicembre 2012, ore 19.30.<\/p>\n<p>Museo Etnografico &#8220;Regole d&#8217;Ampezzo&#8221;. 10.00-12.30 \/ 16.00-19.30. &#8211; www.musei.regole.it<\/p>\n<p>RINALDO ZARDINI E LA BOTANICA<\/p>\n<p>Museo Paleontologico &#8220;Rinaldo Zardini&#8221;. 10.00-12.30 \/ 16.00-19.30. &#8211; www.musei.regole.it<\/p>\n<p>Fino al 02 APRILE 2013<\/p>\n<p>LA FERROVIA DELLE DOLOMITI<\/p>\n<p>La celebrazione di un luogo simbolo del territorio. L\u2019antica ferrovia delle Dolomiti, che dal 1921 al 1964 colleg\u00f2<\/p>\n<p>Calalzo di Cadore, Cortina d&#8217;Ampezzo e Dobbiaco.<\/p>\n<p>Alexander Girardi Hall. 10.00-12.30 \/ 16.00-19.30. &#8211; cortina.dolomiti.org<\/p>\n<p>Fino all\u201908 MARZO 2013<\/p>\n<p>MUST HAVE<\/p>\n<p>Must Have dell&#8217;artista romano Marcello Reboani, curata da Melissa Proietti. Una grande mostra che valorizza il<\/p>\n<p>suo lavoro dedicato al recupero della materia che opportunamente plasmata si trasforma in opera d&#8217;arte.<\/p>\n<p>Leitmotiv dell&#8217;esposizione i &#8220;must have&#8221; gli oggetti icona dell&#8217;oggi, intesi trasversalmente dalla borsa Kelly di<\/p>\n<p>Herm\u00e8s al tappo della Peroni, dallo Xanax ai Rayban, tutte immagini che fanno parte in maniera indelebile<\/p>\n<p>dell&#8217;immaginario collettivo contemporaneo.<\/p>\n<p>Comun Vecio. Dal 26 dicembre 2012 al 6 gennaio 2013: 16.00-20.00. Dal 7 gennaio all\u20198 marzo 2013: venerd\u00ec e<\/p>\n<p>sabato 16.00-20.00. Speciale settimane Carnevale Dal 6 al 13 febbraio 2013: tutti i giorni 16.00-20.00.<\/p>\n<p>Fino al 19 gennaio 2013<\/p>\n<p>MOSTRA FOTOGRAFICA<\/p>\n<p>Le fotografie del concorso fotografico internazionale Flash for Dolomiti in esposizione negli esercizi commerciali<\/p>\n<p>di Corso Italia. Raccolta fondi a favore del soccorso alpino con il Patrocinio del Comune di Cortina d&#8217;Ampezzo<\/p>\n<p>prodotti donati dalla farmacia Internazionale di Cortina d&#8217;Ampezzo.<\/p>","protected":false},"excerpt":{"rendered":"<p>DOMENICA 30 DICEMBRE 2012 TROFEO SMEG Gara di Slalom Gigante. Organizzata dallo Sci Club Cortina. 5 Torri. Ore 10.00. Iscrizione \u20ac10. IL MUSEO INCANTA. Alice nel Museo delle Meraviglie Cosa succederebbe se ti ritrovassi in un Paese fatto di Quadri? L\u2019orologio del Bianconiglio si \u00e8 fermato proprio alla vigilia di Capodanno! Per sbloccarlo i bambini [&hellip;]<\/p>\n","protected":false},"author":2,"featured_media":0,"comment_status":"closed","ping_status":"open","sticky":false,"template":"","format":"standard","meta":{"footnotes":""},"categories":[27,25],"tags":[],"class_list":["post-45254","post","type-post","status-publish","format-standard","category-appuntamenti","category-pausa-caffe"],"yoast_head":"<!-- This site is optimized with the Yoast SEO plugin v28.4 - https:\/\/yoast.com\/product\/yoast-seo-wordpress\/ -->\n<title>L&#039;agenda di Cortina d&#039;Ampezzo - Bellunopress - Dolomiti<\/title>\n<meta name=\"robots\" content=\"index, follow, max-snippet:-1, max-image-preview:large, max-video-preview:-1\" \/>\n<link rel=\"canonical\" href=\"https:\/\/www.bellunopress.it\/fr\/2012\/12\/29\/lagenda-di-cortina-dampezzo\/\" \/>\n<meta property=\"og:locale\" content=\"fr_FR\" \/>\n<meta property=\"og:type\" content=\"article\" \/>\n<meta property=\"og:title\" content=\"L&#039;agenda di Cortina d&#039;Ampezzo - Bellunopress - Dolomiti\" \/>\n<meta property=\"og:description\" content=\"DOMENICA 30 DICEMBRE 2012 TROFEO SMEG Gara di Slalom Gigante. Organizzata dallo Sci Club Cortina. 5 Torri. Ore 10.00. Iscrizione \u20ac10. IL MUSEO INCANTA. Alice nel Museo delle Meraviglie Cosa succederebbe se ti ritrovassi in un Paese fatto di Quadri? L\u2019orologio del Bianconiglio si \u00e8 fermato proprio alla vigilia di Capodanno! Per sbloccarlo i bambini [&hellip;]\" \/>\n<meta property=\"og:url\" content=\"https:\/\/www.bellunopress.it\/fr\/2012\/12\/29\/lagenda-di-cortina-dampezzo\/\" \/>\n<meta property=\"og:site_name\" content=\"Bellunopress - Dolomiti\" \/>\n<meta property=\"article:publisher\" content=\"https:\/\/www.facebook.com\/profile.php?id=100008943462799\" \/>\n<meta property=\"article:published_time\" content=\"2012-12-29T21:34:42+00:00\" \/>\n<meta property=\"og:image\" content=\"http:\/\/www.bellunopress.it\/wp-content\/uploads\/2012\/07\/logo-bellunopress-250x250-2012.jpg\" \/>\n<meta name=\"author\" content=\"redazione\" \/>\n<meta name=\"twitter:card\" content=\"summary_large_image\" \/>\n<meta name=\"twitter:creator\" content=\"@bellunopress\" \/>\n<meta name=\"twitter:site\" content=\"@bellunopress\" \/>\n<meta name=\"twitter:label1\" content=\"\u00c9crit par\" \/>\n\t<meta name=\"twitter:data1\" content=\"redazione\" \/>\n\t<meta name=\"twitter:label2\" content=\"Dur\u00e9e de lecture estim\u00e9e\" \/>\n\t<meta name=\"twitter:data2\" content=\"7 minutes\" \/>\n<script type=\"application\/ld+json\" class=\"yoast-schema-graph\">{\"@context\":\"https:\\\/\\\/schema.org\",\"@graph\":[{\"@type\":\"Article\",\"@id\":\"https:\\\/\\\/www.bellunopress.it\\\/2012\\\/12\\\/29\\\/lagenda-di-cortina-dampezzo\\\/#article\",\"isPartOf\":{\"@id\":\"https:\\\/\\\/www.bellunopress.it\\\/2012\\\/12\\\/29\\\/lagenda-di-cortina-dampezzo\\\/\"},\"author\":{\"name\":\"redazione\",\"@id\":\"https:\\\/\\\/www.bellunopress.it\\\/#\\\/schema\\\/person\\\/79bb06722b37ece1c03d3e94beb30d73\"},\"headline\":\"L&#8217;agenda di Cortina d&#8217;Ampezzo\",\"datePublished\":\"2012-12-29T21:34:42+00:00\",\"mainEntityOfPage\":{\"@id\":\"https:\\\/\\\/www.bellunopress.it\\\/2012\\\/12\\\/29\\\/lagenda-di-cortina-dampezzo\\\/\"},\"wordCount\":1430,\"publisher\":{\"@id\":\"https:\\\/\\\/www.bellunopress.it\\\/#organization\"},\"articleSection\":[\"Appuntamenti, Eventi\",\"Pausa Caff\u00e8\"],\"inLanguage\":\"fr-FR\"},{\"@type\":\"WebPage\",\"@id\":\"https:\\\/\\\/www.bellunopress.it\\\/2012\\\/12\\\/29\\\/lagenda-di-cortina-dampezzo\\\/\",\"url\":\"https:\\\/\\\/www.bellunopress.it\\\/2012\\\/12\\\/29\\\/lagenda-di-cortina-dampezzo\\\/\",\"name\":\"L'agenda di Cortina d'Ampezzo - Bellunopress - Dolomiti\",\"isPartOf\":{\"@id\":\"https:\\\/\\\/www.bellunopress.it\\\/#website\"},\"datePublished\":\"2012-12-29T21:34:42+00:00\",\"breadcrumb\":{\"@id\":\"https:\\\/\\\/www.bellunopress.it\\\/2012\\\/12\\\/29\\\/lagenda-di-cortina-dampezzo\\\/#breadcrumb\"},\"inLanguage\":\"fr-FR\",\"potentialAction\":[{\"@type\":\"ReadAction\",\"target\":[\"https:\\\/\\\/www.bellunopress.it\\\/2012\\\/12\\\/29\\\/lagenda-di-cortina-dampezzo\\\/\"]}]},{\"@type\":\"BreadcrumbList\",\"@id\":\"https:\\\/\\\/www.bellunopress.it\\\/2012\\\/12\\\/29\\\/lagenda-di-cortina-dampezzo\\\/#breadcrumb\",\"itemListElement\":[{\"@type\":\"ListItem\",\"position\":1,\"name\":\"Home\",\"item\":\"https:\\\/\\\/www.bellunopress.it\\\/\"},{\"@type\":\"ListItem\",\"position\":2,\"name\":\"L&#8217;agenda di Cortina d&#8217;Ampezzo\"}]},{\"@type\":\"WebSite\",\"@id\":\"https:\\\/\\\/www.bellunopress.it\\\/#website\",\"url\":\"https:\\\/\\\/www.bellunopress.it\\\/\",\"name\":\"Bellunopress - Dolomiti\",\"description\":\"e-mail: redazione@bellunopress.it\",\"publisher\":{\"@id\":\"https:\\\/\\\/www.bellunopress.it\\\/#organization\"},\"potentialAction\":[{\"@type\":\"SearchAction\",\"target\":{\"@type\":\"EntryPoint\",\"urlTemplate\":\"https:\\\/\\\/www.bellunopress.it\\\/?s={search_term_string}\"},\"query-input\":{\"@type\":\"PropertyValueSpecification\",\"valueRequired\":true,\"valueName\":\"search_term_string\"}}],\"inLanguage\":\"fr-FR\"},{\"@type\":\"Organization\",\"@id\":\"https:\\\/\\\/www.bellunopress.it\\\/#organization\",\"name\":\"Bellunopress\",\"url\":\"https:\\\/\\\/www.bellunopress.it\\\/\",\"logo\":{\"@type\":\"ImageObject\",\"inLanguage\":\"fr-FR\",\"@id\":\"https:\\\/\\\/www.bellunopress.it\\\/#\\\/schema\\\/logo\\\/image\\\/\",\"url\":\"https:\\\/\\\/www.bellunopress.it\\\/wp-content\\\/uploads\\\/2011\\\/05\\\/cropped-logo-bellunopress-.jpg\",\"contentUrl\":\"https:\\\/\\\/www.bellunopress.it\\\/wp-content\\\/uploads\\\/2011\\\/05\\\/cropped-logo-bellunopress-.jpg\",\"width\":512,\"height\":512,\"caption\":\"Bellunopress\"},\"image\":{\"@id\":\"https:\\\/\\\/www.bellunopress.it\\\/#\\\/schema\\\/logo\\\/image\\\/\"},\"sameAs\":[\"https:\\\/\\\/www.facebook.com\\\/profile.php?id=100008943462799\",\"https:\\\/\\\/x.com\\\/bellunopress\",\"https:\\\/\\\/www.linkedin.com\\\/hp\\\/?dnr=JBzUWaJfMUw8vbXJJ2tVW5-I3jZKvC4wsoxE&amp;amp;amp;amp;amp;amp;trk=nav_responsive_tab_home\",\"https:\\\/\\\/www.youtube.com\\\/channel\\\/UCxL0wu1uN0_3_7hGG0306cw\"]},{\"@type\":\"Person\",\"@id\":\"https:\\\/\\\/www.bellunopress.it\\\/#\\\/schema\\\/person\\\/79bb06722b37ece1c03d3e94beb30d73\",\"name\":\"redazione\",\"image\":{\"@type\":\"ImageObject\",\"inLanguage\":\"fr-FR\",\"@id\":\"https:\\\/\\\/secure.gravatar.com\\\/avatar\\\/37d968a2e67a6fd04c169c4bdef102d0bc5d31b2546345219e348575eb80e9a0?s=96&d=mm&r=g\",\"url\":\"https:\\\/\\\/secure.gravatar.com\\\/avatar\\\/37d968a2e67a6fd04c169c4bdef102d0bc5d31b2546345219e348575eb80e9a0?s=96&d=mm&r=g\",\"contentUrl\":\"https:\\\/\\\/secure.gravatar.com\\\/avatar\\\/37d968a2e67a6fd04c169c4bdef102d0bc5d31b2546345219e348575eb80e9a0?s=96&d=mm&r=g\",\"caption\":\"redazione\"},\"sameAs\":[\"http:\\\/\\\/www.bellunopress.it\",\"https:\\\/\\\/x.com\\\/bellunopress\"],\"url\":\"https:\\\/\\\/www.bellunopress.it\\\/fr\\\/author\\\/redazione\\\/\"}]}<\/script>\n<!-- \/ Yoast SEO plugin. -->","yoast_head_json":{"title":"L'agenda di Cortina d'Ampezzo - Bellunopress - Dolomiti","robots":{"index":"index","follow":"follow","max-snippet":"max-snippet:-1","max-image-preview":"max-image-preview:large","max-video-preview":"max-video-preview:-1"},"canonical":"https:\/\/www.bellunopress.it\/fr\/2012\/12\/29\/lagenda-di-cortina-dampezzo\/","og_locale":"fr_FR","og_type":"article","og_title":"L'agenda di Cortina d'Ampezzo - Bellunopress - Dolomiti","og_description":"DOMENICA 30 DICEMBRE 2012 TROFEO SMEG Gara di Slalom Gigante. Organizzata dallo Sci Club Cortina. 5 Torri. Ore 10.00. Iscrizione \u20ac10. IL MUSEO INCANTA. Alice nel Museo delle Meraviglie Cosa succederebbe se ti ritrovassi in un Paese fatto di Quadri? L\u2019orologio del Bianconiglio si \u00e8 fermato proprio alla vigilia di Capodanno! Per sbloccarlo i bambini [&hellip;]","og_url":"https:\/\/www.bellunopress.it\/fr\/2012\/12\/29\/lagenda-di-cortina-dampezzo\/","og_site_name":"Bellunopress - Dolomiti","article_publisher":"https:\/\/www.facebook.com\/profile.php?id=100008943462799","article_published_time":"2012-12-29T21:34:42+00:00","og_image":[{"url":"http:\/\/www.bellunopress.it\/wp-content\/uploads\/2012\/07\/logo-bellunopress-250x250-2012.jpg","type":"","width":"","height":""}],"author":"redazione","twitter_card":"summary_large_image","twitter_creator":"@bellunopress","twitter_site":"@bellunopress","twitter_misc":{"\u00c9crit par":"redazione","Dur\u00e9e de lecture estim\u00e9e":"7 minutes"},"schema":{"@context":"https:\/\/schema.org","@graph":[{"@type":"Article","@id":"https:\/\/www.bellunopress.it\/2012\/12\/29\/lagenda-di-cortina-dampezzo\/#article","isPartOf":{"@id":"https:\/\/www.bellunopress.it\/2012\/12\/29\/lagenda-di-cortina-dampezzo\/"},"author":{"name":"redazione","@id":"https:\/\/www.bellunopress.it\/#\/schema\/person\/79bb06722b37ece1c03d3e94beb30d73"},"headline":"L&#8217;agenda di Cortina d&#8217;Ampezzo","datePublished":"2012-12-29T21:34:42+00:00","mainEntityOfPage":{"@id":"https:\/\/www.bellunopress.it\/2012\/12\/29\/lagenda-di-cortina-dampezzo\/"},"wordCount":1430,"publisher":{"@id":"https:\/\/www.bellunopress.it\/#organization"},"articleSection":["Appuntamenti, Eventi","Pausa Caff\u00e8"],"inLanguage":"fr-FR"},{"@type":"WebPage","@id":"https:\/\/www.bellunopress.it\/2012\/12\/29\/lagenda-di-cortina-dampezzo\/","url":"https:\/\/www.bellunopress.it\/2012\/12\/29\/lagenda-di-cortina-dampezzo\/","name":"L'agenda di Cortina d'Ampezzo - Bellunopress - Dolomiti","isPartOf":{"@id":"https:\/\/www.bellunopress.it\/#website"},"datePublished":"2012-12-29T21:34:42+00:00","breadcrumb":{"@id":"https:\/\/www.bellunopress.it\/2012\/12\/29\/lagenda-di-cortina-dampezzo\/#breadcrumb"},"inLanguage":"fr-FR","potentialAction":[{"@type":"ReadAction","target":["https:\/\/www.bellunopress.it\/2012\/12\/29\/lagenda-di-cortina-dampezzo\/"]}]},{"@type":"BreadcrumbList","@id":"https:\/\/www.bellunopress.it\/2012\/12\/29\/lagenda-di-cortina-dampezzo\/#breadcrumb","itemListElement":[{"@type":"ListItem","position":1,"name":"Home","item":"https:\/\/www.bellunopress.it\/"},{"@type":"ListItem","position":2,"name":"L&#8217;agenda di Cortina d&#8217;Ampezzo"}]},{"@type":"WebSite","@id":"https:\/\/www.bellunopress.it\/#website","url":"https:\/\/www.bellunopress.it\/","name":"Bellunopress - Dolomiti","description":"e-mail: redazione@bellunopress.it","publisher":{"@id":"https:\/\/www.bellunopress.it\/#organization"},"potentialAction":[{"@type":"SearchAction","target":{"@type":"EntryPoint","urlTemplate":"https:\/\/www.bellunopress.it\/?s={search_term_string}"},"query-input":{"@type":"PropertyValueSpecification","valueRequired":true,"valueName":"search_term_string"}}],"inLanguage":"fr-FR"},{"@type":"Organization","@id":"https:\/\/www.bellunopress.it\/#organization","name":"Bellunopress","url":"https:\/\/www.bellunopress.it\/","logo":{"@type":"ImageObject","inLanguage":"fr-FR","@id":"https:\/\/www.bellunopress.it\/#\/schema\/logo\/image\/","url":"https:\/\/www.bellunopress.it\/wp-content\/uploads\/2011\/05\/cropped-logo-bellunopress-.jpg","contentUrl":"https:\/\/www.bellunopress.it\/wp-content\/uploads\/2011\/05\/cropped-logo-bellunopress-.jpg","width":512,"height":512,"caption":"Bellunopress"},"image":{"@id":"https:\/\/www.bellunopress.it\/#\/schema\/logo\/image\/"},"sameAs":["https:\/\/www.facebook.com\/profile.php?id=100008943462799","https:\/\/x.com\/bellunopress","https:\/\/www.linkedin.com\/hp\/?dnr=JBzUWaJfMUw8vbXJJ2tVW5-I3jZKvC4wsoxE&amp;amp;amp;amp;amp;amp;trk=nav_responsive_tab_home","https:\/\/www.youtube.com\/channel\/UCxL0wu1uN0_3_7hGG0306cw"]},{"@type":"Person","@id":"https:\/\/www.bellunopress.it\/#\/schema\/person\/79bb06722b37ece1c03d3e94beb30d73","name":"r\u00e9daction","image":{"@type":"ImageObject","inLanguage":"fr-FR","@id":"https:\/\/secure.gravatar.com\/avatar\/37d968a2e67a6fd04c169c4bdef102d0bc5d31b2546345219e348575eb80e9a0?s=96&d=mm&r=g","url":"https:\/\/secure.gravatar.com\/avatar\/37d968a2e67a6fd04c169c4bdef102d0bc5d31b2546345219e348575eb80e9a0?s=96&d=mm&r=g","contentUrl":"https:\/\/secure.gravatar.com\/avatar\/37d968a2e67a6fd04c169c4bdef102d0bc5d31b2546345219e348575eb80e9a0?s=96&d=mm&r=g","caption":"redazione"},"sameAs":["http:\/\/www.bellunopress.it","https:\/\/x.com\/bellunopress"],"url":"https:\/\/www.bellunopress.it\/fr\/author\/redazione\/"}]}},"_links":{"self":[{"href":"https:\/\/www.bellunopress.it\/fr\/wp-json\/wp\/v2\/posts\/45254","targetHints":{"allow":["GET"]}}],"collection":[{"href":"https:\/\/www.bellunopress.it\/fr\/wp-json\/wp\/v2\/posts"}],"about":[{"href":"https:\/\/www.bellunopress.it\/fr\/wp-json\/wp\/v2\/types\/post"}],"author":[{"embeddable":true,"href":"https:\/\/www.bellunopress.it\/fr\/wp-json\/wp\/v2\/users\/2"}],"replies":[{"embeddable":true,"href":"https:\/\/www.bellunopress.it\/fr\/wp-json\/wp\/v2\/comments?post=45254"}],"version-history":[{"count":2,"href":"https:\/\/www.bellunopress.it\/fr\/wp-json\/wp\/v2\/posts\/45254\/revisions"}],"predecessor-version":[{"id":45256,"href":"https:\/\/www.bellunopress.it\/fr\/wp-json\/wp\/v2\/posts\/45254\/revisions\/45256"}],"wp:attachment":[{"href":"https:\/\/www.bellunopress.it\/fr\/wp-json\/wp\/v2\/media?parent=45254"}],"wp:term":[{"taxonomy":"category","embeddable":true,"href":"https:\/\/www.bellunopress.it\/fr\/wp-json\/wp\/v2\/categories?post=45254"},{"taxonomy":"post_tag","embeddable":true,"href":"https:\/\/www.bellunopress.it\/fr\/wp-json\/wp\/v2\/tags?post=45254"}],"curies":[{"name":"wp","href":"https:\/\/api.w.org\/{rel}","templated":true}]}}