{"id":45248,"date":"2012-12-29T21:42:53","date_gmt":"2012-12-29T20:42:53","guid":{"rendered":"http:\/\/www.bellunopress.it\/?p=45248"},"modified":"2012-12-29T21:42:53","modified_gmt":"2012-12-29T20:42:53","slug":"46mila-euro-dalla-regione-per-la-scuola-materna-don-modesto-sorio-di-sedico","status":"publish","type":"post","link":"https:\/\/www.bellunopress.it\/fr\/2012\/12\/29\/46mila-euro-dalla-regione-per-la-scuola-materna-don-modesto-sorio-di-sedico\/","title":{"rendered":"46mila euro dalla Regione per la scuola materna &#8220;Don Modesto Sorio&#8221; di Sedico"},"content":{"rendered":"<p><a href=\"http:\/\/www.bellunopress.it\/wp-content\/uploads\/2012\/05\/Massimo-Giorgetti.jpg\"><img loading=\"lazy\" decoding=\"async\" class=\"alignleft size-full wp-image-37825\" alt=\"Massimo Giorgetti\" src=\"http:\/\/www.bellunopress.it\/wp-content\/uploads\/2012\/05\/Massimo-Giorgetti.jpg\" width=\"131\" height=\"141\" \/><\/a>La Giunta veneta ha approvato nell\u2019ultima seduta, su proposta dell\u2019assessore ai lavori pubblici, Massimo Giorgetti, il piano di riparto 2012 relativo alla Legge regionale in materia di interventi per l\u2019ampliamento, il completamento e la sistemazione di edifici delle scuole materne, elementari e medie.<\/p>\n<p>In provincia di Belluno \u00e8 stato finanziato l\u2019intervento di miglioramento e adeguamento strutturale della scuola materna \u201cDon Modesto Sorio\u201d della Parrocchia di San Giacomo Apostolo di Sedico, con un contributo di oltre 46 mila euro.<\/p>\n<p>\u201cNel corso di questi anni \u2013 spiega Giorgetti \u2013 abbiamo attuato un ampio programma di razionalizzazione, recupero e valorizzazione del patrimonio edilizio scolastico del Veneto, grazie al quale siamo riusciti a modernizzare e a rendere pi\u00f9 funzionali le strutture, consentendo in tal modo agli operatori e all\u2019utenza scolastica di svolgere le proprie attivit\u00e0 in ambienti pi\u00f9 idonei e attrezzati, a tutto vantaggio della stessa offerta didattica e formativa. In questo caso a beneficiare dei finanziamenti regionali sono soggetti sia pubblici sia privati che, sulla scorta di criteri stabiliti dalla Giunta, hanno fatto richiesta entro i termini prefissati\u201d.<\/p>\n<p>\u201cRiteniamo strategica l\u2019azione nel campo dell\u2019edilizia scolastica \u2013 ha concluso Giorgetti \u2013, perch\u00e9 garantire spazi pi\u00f9 idonei e moderni all\u2019insegnamento significa investire sulle giovani generazioni. Ed \u00e8 quello che stiamo facendo, nonostante le note difficolt\u00e0 di bilancio che assillano le amministrazioni pubbliche, investendo tutte le risorse possibili per potenziare e migliorare le strutture nelle quali i nostri bambini, ragazzi e giovani crescono, imparano e si formano\u201d.<\/p>\n<p>&nbsp;<\/p>\n<p>&nbsp;<\/p>","protected":false},"excerpt":{"rendered":"<p>La Giunta veneta ha approvato nell\u2019ultima seduta, su proposta dell\u2019assessore ai lavori pubblici, Massimo Giorgetti, il piano di riparto 2012 relativo alla Legge regionale in materia di interventi per l\u2019ampliamento, il completamento e la sistemazione di edifici delle scuole materne, elementari e medie. In provincia di Belluno \u00e8 stato finanziato l\u2019intervento di miglioramento e adeguamento [&hellip;]<\/p>\n","protected":false},"author":2,"featured_media":0,"comment_status":"closed","ping_status":"open","sticky":false,"template":"","format":"standard","meta":{"footnotes":""},"categories":[5,26],"tags":[],"class_list":["post-45248","post","type-post","status-publish","format-standard","category-cronaca","category-prima-pagina"],"yoast_head":"<!-- This site is optimized with the Yoast SEO plugin v28.4 - https:\/\/yoast.com\/product\/yoast-seo-wordpress\/ -->\n<title>46mila euro dalla Regione per la scuola materna &quot;Don Modesto Sorio&quot; di Sedico - Bellunopress - Dolomiti<\/title>\n<meta name=\"robots\" content=\"index, follow, max-snippet:-1, max-image-preview:large, max-video-preview:-1\" \/>\n<link rel=\"canonical\" href=\"https:\/\/www.bellunopress.it\/fr\/2012\/12\/29\/46mila-euro-dalla-regione-per-la-scuola-materna-don-modesto-sorio-di-sedico\/\" \/>\n<meta property=\"og:locale\" content=\"fr_FR\" \/>\n<meta property=\"og:type\" content=\"article\" \/>\n<meta property=\"og:title\" content=\"46mila euro dalla Regione per la scuola materna &quot;Don Modesto Sorio&quot; di Sedico - Bellunopress - Dolomiti\" \/>\n<meta property=\"og:description\" content=\"La Giunta veneta ha approvato nell\u2019ultima seduta, su proposta dell\u2019assessore ai lavori pubblici, Massimo Giorgetti, il piano di riparto 2012 relativo alla Legge regionale in materia di interventi per l\u2019ampliamento, il completamento e la sistemazione di edifici delle scuole materne, elementari e medie. In provincia di Belluno \u00e8 stato finanziato l\u2019intervento di miglioramento e adeguamento [&hellip;]\" \/>\n<meta property=\"og:url\" content=\"https:\/\/www.bellunopress.it\/fr\/2012\/12\/29\/46mila-euro-dalla-regione-per-la-scuola-materna-don-modesto-sorio-di-sedico\/\" \/>\n<meta property=\"og:site_name\" content=\"Bellunopress - Dolomiti\" \/>\n<meta property=\"article:publisher\" content=\"https:\/\/www.facebook.com\/profile.php?id=100008943462799\" \/>\n<meta property=\"article:published_time\" content=\"2012-12-29T20:42:53+00:00\" \/>\n<meta property=\"og:image\" content=\"http:\/\/www.bellunopress.it\/wp-content\/uploads\/2012\/05\/Massimo-Giorgetti.jpg\" \/>\n<meta name=\"author\" content=\"redazione\" \/>\n<meta name=\"twitter:card\" content=\"summary_large_image\" \/>\n<meta name=\"twitter:creator\" content=\"@bellunopress\" \/>\n<meta name=\"twitter:site\" content=\"@bellunopress\" \/>\n<meta name=\"twitter:label1\" content=\"\u00c9crit par\" \/>\n\t<meta name=\"twitter:data1\" content=\"redazione\" \/>\n\t<meta name=\"twitter:label2\" content=\"Dur\u00e9e de lecture estim\u00e9e\" \/>\n\t<meta name=\"twitter:data2\" content=\"1 minute\" \/>\n<script type=\"application\/ld+json\" class=\"yoast-schema-graph\">{\"@context\":\"https:\\\/\\\/schema.org\",\"@graph\":[{\"@type\":\"Article\",\"@id\":\"https:\\\/\\\/www.bellunopress.it\\\/2012\\\/12\\\/29\\\/46mila-euro-dalla-regione-per-la-scuola-materna-don-modesto-sorio-di-sedico\\\/#article\",\"isPartOf\":{\"@id\":\"https:\\\/\\\/www.bellunopress.it\\\/2012\\\/12\\\/29\\\/46mila-euro-dalla-regione-per-la-scuola-materna-don-modesto-sorio-di-sedico\\\/\"},\"author\":{\"name\":\"redazione\",\"@id\":\"https:\\\/\\\/www.bellunopress.it\\\/#\\\/schema\\\/person\\\/79bb06722b37ece1c03d3e94beb30d73\"},\"headline\":\"46mila euro dalla Regione per la scuola materna &#8220;Don Modesto Sorio&#8221; di Sedico\",\"datePublished\":\"2012-12-29T20:42:53+00:00\",\"mainEntityOfPage\":{\"@id\":\"https:\\\/\\\/www.bellunopress.it\\\/2012\\\/12\\\/29\\\/46mila-euro-dalla-regione-per-la-scuola-materna-don-modesto-sorio-di-sedico\\\/\"},\"wordCount\":256,\"publisher\":{\"@id\":\"https:\\\/\\\/www.bellunopress.it\\\/#organization\"},\"image\":{\"@id\":\"https:\\\/\\\/www.bellunopress.it\\\/2012\\\/12\\\/29\\\/46mila-euro-dalla-regione-per-la-scuola-materna-don-modesto-sorio-di-sedico\\\/#primaryimage\"},\"thumbnailUrl\":\"http:\\\/\\\/www.bellunopress.it\\\/wp-content\\\/uploads\\\/2012\\\/05\\\/Massimo-Giorgetti.jpg\",\"articleSection\":[\"Cronaca\\\/Politica\",\"Prima Pagina\"],\"inLanguage\":\"fr-FR\"},{\"@type\":\"WebPage\",\"@id\":\"https:\\\/\\\/www.bellunopress.it\\\/2012\\\/12\\\/29\\\/46mila-euro-dalla-regione-per-la-scuola-materna-don-modesto-sorio-di-sedico\\\/\",\"url\":\"https:\\\/\\\/www.bellunopress.it\\\/2012\\\/12\\\/29\\\/46mila-euro-dalla-regione-per-la-scuola-materna-don-modesto-sorio-di-sedico\\\/\",\"name\":\"46mila euro dalla Regione per la scuola materna \\\"Don Modesto Sorio\\\" di Sedico - Bellunopress - Dolomiti\",\"isPartOf\":{\"@id\":\"https:\\\/\\\/www.bellunopress.it\\\/#website\"},\"primaryImageOfPage\":{\"@id\":\"https:\\\/\\\/www.bellunopress.it\\\/2012\\\/12\\\/29\\\/46mila-euro-dalla-regione-per-la-scuola-materna-don-modesto-sorio-di-sedico\\\/#primaryimage\"},\"image\":{\"@id\":\"https:\\\/\\\/www.bellunopress.it\\\/2012\\\/12\\\/29\\\/46mila-euro-dalla-regione-per-la-scuola-materna-don-modesto-sorio-di-sedico\\\/#primaryimage\"},\"thumbnailUrl\":\"http:\\\/\\\/www.bellunopress.it\\\/wp-content\\\/uploads\\\/2012\\\/05\\\/Massimo-Giorgetti.jpg\",\"datePublished\":\"2012-12-29T20:42:53+00:00\",\"breadcrumb\":{\"@id\":\"https:\\\/\\\/www.bellunopress.it\\\/2012\\\/12\\\/29\\\/46mila-euro-dalla-regione-per-la-scuola-materna-don-modesto-sorio-di-sedico\\\/#breadcrumb\"},\"inLanguage\":\"fr-FR\",\"potentialAction\":[{\"@type\":\"ReadAction\",\"target\":[\"https:\\\/\\\/www.bellunopress.it\\\/2012\\\/12\\\/29\\\/46mila-euro-dalla-regione-per-la-scuola-materna-don-modesto-sorio-di-sedico\\\/\"]}]},{\"@type\":\"ImageObject\",\"inLanguage\":\"fr-FR\",\"@id\":\"https:\\\/\\\/www.bellunopress.it\\\/2012\\\/12\\\/29\\\/46mila-euro-dalla-regione-per-la-scuola-materna-don-modesto-sorio-di-sedico\\\/#primaryimage\",\"url\":\"http:\\\/\\\/www.bellunopress.it\\\/wp-content\\\/uploads\\\/2012\\\/05\\\/Massimo-Giorgetti.jpg\",\"contentUrl\":\"http:\\\/\\\/www.bellunopress.it\\\/wp-content\\\/uploads\\\/2012\\\/05\\\/Massimo-Giorgetti.jpg\"},{\"@type\":\"BreadcrumbList\",\"@id\":\"https:\\\/\\\/www.bellunopress.it\\\/2012\\\/12\\\/29\\\/46mila-euro-dalla-regione-per-la-scuola-materna-don-modesto-sorio-di-sedico\\\/#breadcrumb\",\"itemListElement\":[{\"@type\":\"ListItem\",\"position\":1,\"name\":\"Home\",\"item\":\"https:\\\/\\\/www.bellunopress.it\\\/\"},{\"@type\":\"ListItem\",\"position\":2,\"name\":\"46mila euro dalla Regione per la scuola materna &#8220;Don Modesto Sorio&#8221; di Sedico\"}]},{\"@type\":\"WebSite\",\"@id\":\"https:\\\/\\\/www.bellunopress.it\\\/#website\",\"url\":\"https:\\\/\\\/www.bellunopress.it\\\/\",\"name\":\"Bellunopress - Dolomiti\",\"description\":\"e-mail: redazione@bellunopress.it\",\"publisher\":{\"@id\":\"https:\\\/\\\/www.bellunopress.it\\\/#organization\"},\"potentialAction\":[{\"@type\":\"SearchAction\",\"target\":{\"@type\":\"EntryPoint\",\"urlTemplate\":\"https:\\\/\\\/www.bellunopress.it\\\/?s={search_term_string}\"},\"query-input\":{\"@type\":\"PropertyValueSpecification\",\"valueRequired\":true,\"valueName\":\"search_term_string\"}}],\"inLanguage\":\"fr-FR\"},{\"@type\":\"Organization\",\"@id\":\"https:\\\/\\\/www.bellunopress.it\\\/#organization\",\"name\":\"Bellunopress\",\"url\":\"https:\\\/\\\/www.bellunopress.it\\\/\",\"logo\":{\"@type\":\"ImageObject\",\"inLanguage\":\"fr-FR\",\"@id\":\"https:\\\/\\\/www.bellunopress.it\\\/#\\\/schema\\\/logo\\\/image\\\/\",\"url\":\"https:\\\/\\\/www.bellunopress.it\\\/wp-content\\\/uploads\\\/2011\\\/05\\\/cropped-logo-bellunopress-.jpg\",\"contentUrl\":\"https:\\\/\\\/www.bellunopress.it\\\/wp-content\\\/uploads\\\/2011\\\/05\\\/cropped-logo-bellunopress-.jpg\",\"width\":512,\"height\":512,\"caption\":\"Bellunopress\"},\"image\":{\"@id\":\"https:\\\/\\\/www.bellunopress.it\\\/#\\\/schema\\\/logo\\\/image\\\/\"},\"sameAs\":[\"https:\\\/\\\/www.facebook.com\\\/profile.php?id=100008943462799\",\"https:\\\/\\\/x.com\\\/bellunopress\",\"https:\\\/\\\/www.linkedin.com\\\/hp\\\/?dnr=JBzUWaJfMUw8vbXJJ2tVW5-I3jZKvC4wsoxE&amp;amp;amp;amp;amp;amp;trk=nav_responsive_tab_home\",\"https:\\\/\\\/www.youtube.com\\\/channel\\\/UCxL0wu1uN0_3_7hGG0306cw\"]},{\"@type\":\"Person\",\"@id\":\"https:\\\/\\\/www.bellunopress.it\\\/#\\\/schema\\\/person\\\/79bb06722b37ece1c03d3e94beb30d73\",\"name\":\"redazione\",\"image\":{\"@type\":\"ImageObject\",\"inLanguage\":\"fr-FR\",\"@id\":\"https:\\\/\\\/secure.gravatar.com\\\/avatar\\\/37d968a2e67a6fd04c169c4bdef102d0bc5d31b2546345219e348575eb80e9a0?s=96&d=mm&r=g\",\"url\":\"https:\\\/\\\/secure.gravatar.com\\\/avatar\\\/37d968a2e67a6fd04c169c4bdef102d0bc5d31b2546345219e348575eb80e9a0?s=96&d=mm&r=g\",\"contentUrl\":\"https:\\\/\\\/secure.gravatar.com\\\/avatar\\\/37d968a2e67a6fd04c169c4bdef102d0bc5d31b2546345219e348575eb80e9a0?s=96&d=mm&r=g\",\"caption\":\"redazione\"},\"sameAs\":[\"http:\\\/\\\/www.bellunopress.it\",\"https:\\\/\\\/x.com\\\/bellunopress\"],\"url\":\"https:\\\/\\\/www.bellunopress.it\\\/fr\\\/author\\\/redazione\\\/\"}]}<\/script>\n<!-- \/ Yoast SEO plugin. -->","yoast_head_json":{"title":"46mila euro dalla Regione per la scuola materna \"Don Modesto Sorio\" di Sedico - Bellunopress - Dolomiti","robots":{"index":"index","follow":"follow","max-snippet":"max-snippet:-1","max-image-preview":"max-image-preview:large","max-video-preview":"max-video-preview:-1"},"canonical":"https:\/\/www.bellunopress.it\/fr\/2012\/12\/29\/46mila-euro-dalla-regione-per-la-scuola-materna-don-modesto-sorio-di-sedico\/","og_locale":"fr_FR","og_type":"article","og_title":"46mila euro dalla Regione per la scuola materna \"Don Modesto Sorio\" di Sedico - Bellunopress - Dolomiti","og_description":"La Giunta veneta ha approvato nell\u2019ultima seduta, su proposta dell\u2019assessore ai lavori pubblici, Massimo Giorgetti, il piano di riparto 2012 relativo alla Legge regionale in materia di interventi per l\u2019ampliamento, il completamento e la sistemazione di edifici delle scuole materne, elementari e medie. In provincia di Belluno \u00e8 stato finanziato l\u2019intervento di miglioramento e adeguamento [&hellip;]","og_url":"https:\/\/www.bellunopress.it\/fr\/2012\/12\/29\/46mila-euro-dalla-regione-per-la-scuola-materna-don-modesto-sorio-di-sedico\/","og_site_name":"Bellunopress - Dolomiti","article_publisher":"https:\/\/www.facebook.com\/profile.php?id=100008943462799","article_published_time":"2012-12-29T20:42:53+00:00","og_image":[{"url":"http:\/\/www.bellunopress.it\/wp-content\/uploads\/2012\/05\/Massimo-Giorgetti.jpg","type":"","width":"","height":""}],"author":"redazione","twitter_card":"summary_large_image","twitter_creator":"@bellunopress","twitter_site":"@bellunopress","twitter_misc":{"\u00c9crit par":"redazione","Dur\u00e9e de lecture estim\u00e9e":"1 minute"},"schema":{"@context":"https:\/\/schema.org","@graph":[{"@type":"Article","@id":"https:\/\/www.bellunopress.it\/2012\/12\/29\/46mila-euro-dalla-regione-per-la-scuola-materna-don-modesto-sorio-di-sedico\/#article","isPartOf":{"@id":"https:\/\/www.bellunopress.it\/2012\/12\/29\/46mila-euro-dalla-regione-per-la-scuola-materna-don-modesto-sorio-di-sedico\/"},"author":{"name":"redazione","@id":"https:\/\/www.bellunopress.it\/#\/schema\/person\/79bb06722b37ece1c03d3e94beb30d73"},"headline":"46mila euro dalla Regione per la scuola materna &#8220;Don Modesto Sorio&#8221; di Sedico","datePublished":"2012-12-29T20:42:53+00:00","mainEntityOfPage":{"@id":"https:\/\/www.bellunopress.it\/2012\/12\/29\/46mila-euro-dalla-regione-per-la-scuola-materna-don-modesto-sorio-di-sedico\/"},"wordCount":256,"publisher":{"@id":"https:\/\/www.bellunopress.it\/#organization"},"image":{"@id":"https:\/\/www.bellunopress.it\/2012\/12\/29\/46mila-euro-dalla-regione-per-la-scuola-materna-don-modesto-sorio-di-sedico\/#primaryimage"},"thumbnailUrl":"http:\/\/www.bellunopress.it\/wp-content\/uploads\/2012\/05\/Massimo-Giorgetti.jpg","articleSection":["Cronaca\/Politica","Prima Pagina"],"inLanguage":"fr-FR"},{"@type":"WebPage","@id":"https:\/\/www.bellunopress.it\/2012\/12\/29\/46mila-euro-dalla-regione-per-la-scuola-materna-don-modesto-sorio-di-sedico\/","url":"https:\/\/www.bellunopress.it\/2012\/12\/29\/46mila-euro-dalla-regione-per-la-scuola-materna-don-modesto-sorio-di-sedico\/","name":"46mila euro dalla Regione per la scuola materna \"Don Modesto Sorio\" di Sedico - Bellunopress - Dolomiti","isPartOf":{"@id":"https:\/\/www.bellunopress.it\/#website"},"primaryImageOfPage":{"@id":"https:\/\/www.bellunopress.it\/2012\/12\/29\/46mila-euro-dalla-regione-per-la-scuola-materna-don-modesto-sorio-di-sedico\/#primaryimage"},"image":{"@id":"https:\/\/www.bellunopress.it\/2012\/12\/29\/46mila-euro-dalla-regione-per-la-scuola-materna-don-modesto-sorio-di-sedico\/#primaryimage"},"thumbnailUrl":"http:\/\/www.bellunopress.it\/wp-content\/uploads\/2012\/05\/Massimo-Giorgetti.jpg","datePublished":"2012-12-29T20:42:53+00:00","breadcrumb":{"@id":"https:\/\/www.bellunopress.it\/2012\/12\/29\/46mila-euro-dalla-regione-per-la-scuola-materna-don-modesto-sorio-di-sedico\/#breadcrumb"},"inLanguage":"fr-FR","potentialAction":[{"@type":"ReadAction","target":["https:\/\/www.bellunopress.it\/2012\/12\/29\/46mila-euro-dalla-regione-per-la-scuola-materna-don-modesto-sorio-di-sedico\/"]}]},{"@type":"ImageObject","inLanguage":"fr-FR","@id":"https:\/\/www.bellunopress.it\/2012\/12\/29\/46mila-euro-dalla-regione-per-la-scuola-materna-don-modesto-sorio-di-sedico\/#primaryimage","url":"http:\/\/www.bellunopress.it\/wp-content\/uploads\/2012\/05\/Massimo-Giorgetti.jpg","contentUrl":"http:\/\/www.bellunopress.it\/wp-content\/uploads\/2012\/05\/Massimo-Giorgetti.jpg"},{"@type":"BreadcrumbList","@id":"https:\/\/www.bellunopress.it\/2012\/12\/29\/46mila-euro-dalla-regione-per-la-scuola-materna-don-modesto-sorio-di-sedico\/#breadcrumb","itemListElement":[{"@type":"ListItem","position":1,"name":"Home","item":"https:\/\/www.bellunopress.it\/"},{"@type":"ListItem","position":2,"name":"46mila euro dalla Regione per la scuola materna &#8220;Don Modesto Sorio&#8221; di Sedico"}]},{"@type":"WebSite","@id":"https:\/\/www.bellunopress.it\/#website","url":"https:\/\/www.bellunopress.it\/","name":"Bellunopress - Dolomiti","description":"e-mail: redazione@bellunopress.it","publisher":{"@id":"https:\/\/www.bellunopress.it\/#organization"},"potentialAction":[{"@type":"SearchAction","target":{"@type":"EntryPoint","urlTemplate":"https:\/\/www.bellunopress.it\/?s={search_term_string}"},"query-input":{"@type":"PropertyValueSpecification","valueRequired":true,"valueName":"search_term_string"}}],"inLanguage":"fr-FR"},{"@type":"Organization","@id":"https:\/\/www.bellunopress.it\/#organization","name":"Bellunopress","url":"https:\/\/www.bellunopress.it\/","logo":{"@type":"ImageObject","inLanguage":"fr-FR","@id":"https:\/\/www.bellunopress.it\/#\/schema\/logo\/image\/","url":"https:\/\/www.bellunopress.it\/wp-content\/uploads\/2011\/05\/cropped-logo-bellunopress-.jpg","contentUrl":"https:\/\/www.bellunopress.it\/wp-content\/uploads\/2011\/05\/cropped-logo-bellunopress-.jpg","width":512,"height":512,"caption":"Bellunopress"},"image":{"@id":"https:\/\/www.bellunopress.it\/#\/schema\/logo\/image\/"},"sameAs":["https:\/\/www.facebook.com\/profile.php?id=100008943462799","https:\/\/x.com\/bellunopress","https:\/\/www.linkedin.com\/hp\/?dnr=JBzUWaJfMUw8vbXJJ2tVW5-I3jZKvC4wsoxE&amp;amp;amp;amp;amp;amp;trk=nav_responsive_tab_home","https:\/\/www.youtube.com\/channel\/UCxL0wu1uN0_3_7hGG0306cw"]},{"@type":"Person","@id":"https:\/\/www.bellunopress.it\/#\/schema\/person\/79bb06722b37ece1c03d3e94beb30d73","name":"r\u00e9daction","image":{"@type":"ImageObject","inLanguage":"fr-FR","@id":"https:\/\/secure.gravatar.com\/avatar\/37d968a2e67a6fd04c169c4bdef102d0bc5d31b2546345219e348575eb80e9a0?s=96&d=mm&r=g","url":"https:\/\/secure.gravatar.com\/avatar\/37d968a2e67a6fd04c169c4bdef102d0bc5d31b2546345219e348575eb80e9a0?s=96&d=mm&r=g","contentUrl":"https:\/\/secure.gravatar.com\/avatar\/37d968a2e67a6fd04c169c4bdef102d0bc5d31b2546345219e348575eb80e9a0?s=96&d=mm&r=g","caption":"redazione"},"sameAs":["http:\/\/www.bellunopress.it","https:\/\/x.com\/bellunopress"],"url":"https:\/\/www.bellunopress.it\/fr\/author\/redazione\/"}]}},"_links":{"self":[{"href":"https:\/\/www.bellunopress.it\/fr\/wp-json\/wp\/v2\/posts\/45248","targetHints":{"allow":["GET"]}}],"collection":[{"href":"https:\/\/www.bellunopress.it\/fr\/wp-json\/wp\/v2\/posts"}],"about":[{"href":"https:\/\/www.bellunopress.it\/fr\/wp-json\/wp\/v2\/types\/post"}],"author":[{"embeddable":true,"href":"https:\/\/www.bellunopress.it\/fr\/wp-json\/wp\/v2\/users\/2"}],"replies":[{"embeddable":true,"href":"https:\/\/www.bellunopress.it\/fr\/wp-json\/wp\/v2\/comments?post=45248"}],"version-history":[{"count":2,"href":"https:\/\/www.bellunopress.it\/fr\/wp-json\/wp\/v2\/posts\/45248\/revisions"}],"predecessor-version":[{"id":45250,"href":"https:\/\/www.bellunopress.it\/fr\/wp-json\/wp\/v2\/posts\/45248\/revisions\/45250"}],"wp:attachment":[{"href":"https:\/\/www.bellunopress.it\/fr\/wp-json\/wp\/v2\/media?parent=45248"}],"wp:term":[{"taxonomy":"category","embeddable":true,"href":"https:\/\/www.bellunopress.it\/fr\/wp-json\/wp\/v2\/categories?post=45248"},{"taxonomy":"post_tag","embeddable":true,"href":"https:\/\/www.bellunopress.it\/fr\/wp-json\/wp\/v2\/tags?post=45248"}],"curies":[{"name":"wp","href":"https:\/\/api.w.org\/{rel}","templated":true}]}}