{"id":45243,"date":"2012-12-29T21:29:14","date_gmt":"2012-12-29T20:29:14","guid":{"rendered":"http:\/\/www.bellunopress.it\/?p=45243"},"modified":"2012-12-29T21:29:14","modified_gmt":"2012-12-29T20:29:14","slug":"assegnati-i-fondi-ecotassa-ai-comuni-di-arsie-sappada-vas-quero-ponte-nelle-alpi","status":"publish","type":"post","link":"https:\/\/www.bellunopress.it\/fr\/2012\/12\/29\/assegnati-i-fondi-ecotassa-ai-comuni-di-arsie-sappada-vas-quero-ponte-nelle-alpi\/","title":{"rendered":"Assegnati i fondi ecotassa ai comuni di Arsi\u00e9, Sappada, Vas, Quero, Ponte nelle Alpi"},"content":{"rendered":"<figure id=\"attachment_22951\" aria-describedby=\"caption-attachment-22951\" style=\"width: 121px\" class=\"wp-caption alignleft\"><a href=\"http:\/\/www.bellunopress.it\/wp-content\/uploads\/2011\/01\/Maurizio-Conte-150x121.jpg\"><img loading=\"lazy\" decoding=\"async\" class=\"size-full wp-image-22951\" alt=\"Maurizio Conte\" src=\"http:\/\/www.bellunopress.it\/wp-content\/uploads\/2011\/01\/Maurizio-Conte-150x121.jpg\" width=\"121\" height=\"150\" \/><\/a><figcaption id=\"caption-attachment-22951\" class=\"wp-caption-text\">Maurizio Conte<\/figcaption><\/figure>\n<p>In materia ambientale, la giunta regionale nel corso dell\u2019ultima seduta ha approvato \u2013 su relazione dell\u2019assessore Maurizio Conte \u2013 un provvedimento con il quale sono stati assegnati specifici finanziamenti derivanti dall\u2019utilizzo del tributo speciale riscosso per il deposito in discarica dei rifiuti solidi: L\u2019importo disponibile \u00e8 di poco pi\u00f9 di 2 milioni di euro (che fanno riferimento a due diversi capitoli del bilancio regionale) e viene destinato a spese di investimento di soggetti pubblici e privati.<\/p>\n<p>\u201cUna quota di questo tributo \u2013 spiega Conte \u2013 va a costituire un apposito fondo con cui la Regione intende favorire, in particolare, la minor produzione di rifiuti, le attivit\u00e0 di recupero di materie prime ed energie, con priorit\u00e0 sia per i soggetti che creino sistemi di smaltimento alternativi alle discariche sia per quelli che realizzino la bonifica di suoli inquinati, comprese le aree industriali dismesse e il recupero delle aree degradate\u201d. Tra i progetti, sono previsti anche quelli relativi alla realizzazione di centri comunali organizzati e presidiati da personale specializzato per l\u2019effettuazione della raccolta destinata al corretto smaltimento e al recupero di rifiuti.<\/p>\n<p>&nbsp;<\/p>\n<p>I soggetti finanziati sono:<\/p>\n<p>\u2022 Comune di Arsi\u00e8 &#8211; Intervento di completamento dell\u2019area naturalistico ambientale \u201cLa Campagnola\u201d in localit\u00e0 Rocca di Arsi\u00e8 35.000 euro.<\/p>\n<p>\u2022 Comune di Sappada &#8211; Completamento funzionale del centro di raccolta di rifiuti urbani. Realizzazione della copertura.60.000 euro.<\/p>\n<p>\u2022 Comune di Vas &#8211; Acquisti di containers coperti per il centro comunale di raccolta rifiuti 20.000 euro.<\/p>\n<p>\u2022 Comune di Quero &#8211; Acquisti di containers coperti per il centro di raccolta rifiuti 20.000 euro.<\/p>\n<p>\u2022 Comune di Ponte nelle Alpi (BL) &#8211; Indizione di un bando pubblico a sostegno degli interventi di sostituzione del manto di copertura in eternit a seguito di evento calamitoso occorso il 04 luglio 2010. 30.000 euro.<\/p>\n<p>&nbsp;<\/p>","protected":false},"excerpt":{"rendered":"<p>In materia ambientale, la giunta regionale nel corso dell\u2019ultima seduta ha approvato \u2013 su relazione dell\u2019assessore Maurizio Conte \u2013 un provvedimento con il quale sono stati assegnati specifici finanziamenti derivanti dall\u2019utilizzo del tributo speciale riscosso per il deposito in discarica dei rifiuti solidi: L\u2019importo disponibile \u00e8 di poco pi\u00f9 di 2 milioni di euro (che [&hellip;]<\/p>\n","protected":false},"author":2,"featured_media":0,"comment_status":"closed","ping_status":"open","sticky":false,"template":"","format":"standard","meta":{"footnotes":""},"categories":[5,26],"tags":[],"class_list":["post-45243","post","type-post","status-publish","format-standard","category-cronaca","category-prima-pagina"],"yoast_head":"<!-- This site is optimized with the Yoast SEO plugin v28.4 - https:\/\/yoast.com\/product\/yoast-seo-wordpress\/ -->\n<title>Assegnati i fondi ecotassa ai comuni di Arsi\u00e9, Sappada, Vas, Quero, Ponte nelle Alpi - Bellunopress - Dolomiti<\/title>\n<meta name=\"robots\" content=\"index, follow, max-snippet:-1, max-image-preview:large, max-video-preview:-1\" \/>\n<link rel=\"canonical\" href=\"https:\/\/www.bellunopress.it\/fr\/2012\/12\/29\/assegnati-i-fondi-ecotassa-ai-comuni-di-arsie-sappada-vas-quero-ponte-nelle-alpi\/\" \/>\n<meta property=\"og:locale\" content=\"fr_FR\" \/>\n<meta property=\"og:type\" content=\"article\" \/>\n<meta property=\"og:title\" content=\"Assegnati i fondi ecotassa ai comuni di Arsi\u00e9, Sappada, Vas, Quero, Ponte nelle Alpi - Bellunopress - Dolomiti\" \/>\n<meta property=\"og:description\" content=\"In materia ambientale, la giunta regionale nel corso dell\u2019ultima seduta ha approvato \u2013 su relazione dell\u2019assessore Maurizio Conte \u2013 un provvedimento con il quale sono stati assegnati specifici finanziamenti derivanti dall\u2019utilizzo del tributo speciale riscosso per il deposito in discarica dei rifiuti solidi: L\u2019importo disponibile \u00e8 di poco pi\u00f9 di 2 milioni di euro (che [&hellip;]\" \/>\n<meta property=\"og:url\" content=\"https:\/\/www.bellunopress.it\/fr\/2012\/12\/29\/assegnati-i-fondi-ecotassa-ai-comuni-di-arsie-sappada-vas-quero-ponte-nelle-alpi\/\" \/>\n<meta property=\"og:site_name\" content=\"Bellunopress - Dolomiti\" \/>\n<meta property=\"article:publisher\" content=\"https:\/\/www.facebook.com\/profile.php?id=100008943462799\" \/>\n<meta property=\"article:published_time\" content=\"2012-12-29T20:29:14+00:00\" \/>\n<meta property=\"og:image\" content=\"http:\/\/www.bellunopress.it\/wp-content\/uploads\/2011\/01\/Maurizio-Conte-150x121.jpg\" \/>\n<meta name=\"author\" content=\"redazione\" \/>\n<meta name=\"twitter:card\" content=\"summary_large_image\" \/>\n<meta name=\"twitter:creator\" content=\"@bellunopress\" \/>\n<meta name=\"twitter:site\" content=\"@bellunopress\" \/>\n<meta name=\"twitter:label1\" content=\"\u00c9crit par\" \/>\n\t<meta name=\"twitter:data1\" content=\"redazione\" \/>\n\t<meta name=\"twitter:label2\" content=\"Dur\u00e9e de lecture estim\u00e9e\" \/>\n\t<meta name=\"twitter:data2\" content=\"1 minute\" \/>\n<script type=\"application\/ld+json\" class=\"yoast-schema-graph\">{\"@context\":\"https:\\\/\\\/schema.org\",\"@graph\":[{\"@type\":\"Article\",\"@id\":\"https:\\\/\\\/www.bellunopress.it\\\/2012\\\/12\\\/29\\\/assegnati-i-fondi-ecotassa-ai-comuni-di-arsie-sappada-vas-quero-ponte-nelle-alpi\\\/#article\",\"isPartOf\":{\"@id\":\"https:\\\/\\\/www.bellunopress.it\\\/2012\\\/12\\\/29\\\/assegnati-i-fondi-ecotassa-ai-comuni-di-arsie-sappada-vas-quero-ponte-nelle-alpi\\\/\"},\"author\":{\"name\":\"redazione\",\"@id\":\"https:\\\/\\\/www.bellunopress.it\\\/#\\\/schema\\\/person\\\/79bb06722b37ece1c03d3e94beb30d73\"},\"headline\":\"Assegnati i fondi ecotassa ai comuni di Arsi\u00e9, Sappada, Vas, Quero, Ponte nelle Alpi\",\"datePublished\":\"2012-12-29T20:29:14+00:00\",\"mainEntityOfPage\":{\"@id\":\"https:\\\/\\\/www.bellunopress.it\\\/2012\\\/12\\\/29\\\/assegnati-i-fondi-ecotassa-ai-comuni-di-arsie-sappada-vas-quero-ponte-nelle-alpi\\\/\"},\"wordCount\":308,\"publisher\":{\"@id\":\"https:\\\/\\\/www.bellunopress.it\\\/#organization\"},\"image\":{\"@id\":\"https:\\\/\\\/www.bellunopress.it\\\/2012\\\/12\\\/29\\\/assegnati-i-fondi-ecotassa-ai-comuni-di-arsie-sappada-vas-quero-ponte-nelle-alpi\\\/#primaryimage\"},\"thumbnailUrl\":\"http:\\\/\\\/www.bellunopress.it\\\/wp-content\\\/uploads\\\/2011\\\/01\\\/Maurizio-Conte-150x121.jpg\",\"articleSection\":[\"Cronaca\\\/Politica\",\"Prima Pagina\"],\"inLanguage\":\"fr-FR\"},{\"@type\":\"WebPage\",\"@id\":\"https:\\\/\\\/www.bellunopress.it\\\/2012\\\/12\\\/29\\\/assegnati-i-fondi-ecotassa-ai-comuni-di-arsie-sappada-vas-quero-ponte-nelle-alpi\\\/\",\"url\":\"https:\\\/\\\/www.bellunopress.it\\\/2012\\\/12\\\/29\\\/assegnati-i-fondi-ecotassa-ai-comuni-di-arsie-sappada-vas-quero-ponte-nelle-alpi\\\/\",\"name\":\"Assegnati i fondi ecotassa ai comuni di Arsi\u00e9, Sappada, Vas, Quero, Ponte nelle Alpi - Bellunopress - Dolomiti\",\"isPartOf\":{\"@id\":\"https:\\\/\\\/www.bellunopress.it\\\/#website\"},\"primaryImageOfPage\":{\"@id\":\"https:\\\/\\\/www.bellunopress.it\\\/2012\\\/12\\\/29\\\/assegnati-i-fondi-ecotassa-ai-comuni-di-arsie-sappada-vas-quero-ponte-nelle-alpi\\\/#primaryimage\"},\"image\":{\"@id\":\"https:\\\/\\\/www.bellunopress.it\\\/2012\\\/12\\\/29\\\/assegnati-i-fondi-ecotassa-ai-comuni-di-arsie-sappada-vas-quero-ponte-nelle-alpi\\\/#primaryimage\"},\"thumbnailUrl\":\"http:\\\/\\\/www.bellunopress.it\\\/wp-content\\\/uploads\\\/2011\\\/01\\\/Maurizio-Conte-150x121.jpg\",\"datePublished\":\"2012-12-29T20:29:14+00:00\",\"breadcrumb\":{\"@id\":\"https:\\\/\\\/www.bellunopress.it\\\/2012\\\/12\\\/29\\\/assegnati-i-fondi-ecotassa-ai-comuni-di-arsie-sappada-vas-quero-ponte-nelle-alpi\\\/#breadcrumb\"},\"inLanguage\":\"fr-FR\",\"potentialAction\":[{\"@type\":\"ReadAction\",\"target\":[\"https:\\\/\\\/www.bellunopress.it\\\/2012\\\/12\\\/29\\\/assegnati-i-fondi-ecotassa-ai-comuni-di-arsie-sappada-vas-quero-ponte-nelle-alpi\\\/\"]}]},{\"@type\":\"ImageObject\",\"inLanguage\":\"fr-FR\",\"@id\":\"https:\\\/\\\/www.bellunopress.it\\\/2012\\\/12\\\/29\\\/assegnati-i-fondi-ecotassa-ai-comuni-di-arsie-sappada-vas-quero-ponte-nelle-alpi\\\/#primaryimage\",\"url\":\"http:\\\/\\\/www.bellunopress.it\\\/wp-content\\\/uploads\\\/2011\\\/01\\\/Maurizio-Conte-150x121.jpg\",\"contentUrl\":\"http:\\\/\\\/www.bellunopress.it\\\/wp-content\\\/uploads\\\/2011\\\/01\\\/Maurizio-Conte-150x121.jpg\"},{\"@type\":\"BreadcrumbList\",\"@id\":\"https:\\\/\\\/www.bellunopress.it\\\/2012\\\/12\\\/29\\\/assegnati-i-fondi-ecotassa-ai-comuni-di-arsie-sappada-vas-quero-ponte-nelle-alpi\\\/#breadcrumb\",\"itemListElement\":[{\"@type\":\"ListItem\",\"position\":1,\"name\":\"Home\",\"item\":\"https:\\\/\\\/www.bellunopress.it\\\/\"},{\"@type\":\"ListItem\",\"position\":2,\"name\":\"Assegnati i fondi ecotassa ai comuni di Arsi\u00e9, Sappada, Vas, Quero, Ponte nelle Alpi\"}]},{\"@type\":\"WebSite\",\"@id\":\"https:\\\/\\\/www.bellunopress.it\\\/#website\",\"url\":\"https:\\\/\\\/www.bellunopress.it\\\/\",\"name\":\"Bellunopress - Dolomiti\",\"description\":\"e-mail: redazione@bellunopress.it\",\"publisher\":{\"@id\":\"https:\\\/\\\/www.bellunopress.it\\\/#organization\"},\"potentialAction\":[{\"@type\":\"SearchAction\",\"target\":{\"@type\":\"EntryPoint\",\"urlTemplate\":\"https:\\\/\\\/www.bellunopress.it\\\/?s={search_term_string}\"},\"query-input\":{\"@type\":\"PropertyValueSpecification\",\"valueRequired\":true,\"valueName\":\"search_term_string\"}}],\"inLanguage\":\"fr-FR\"},{\"@type\":\"Organization\",\"@id\":\"https:\\\/\\\/www.bellunopress.it\\\/#organization\",\"name\":\"Bellunopress\",\"url\":\"https:\\\/\\\/www.bellunopress.it\\\/\",\"logo\":{\"@type\":\"ImageObject\",\"inLanguage\":\"fr-FR\",\"@id\":\"https:\\\/\\\/www.bellunopress.it\\\/#\\\/schema\\\/logo\\\/image\\\/\",\"url\":\"https:\\\/\\\/www.bellunopress.it\\\/wp-content\\\/uploads\\\/2011\\\/05\\\/cropped-logo-bellunopress-.jpg\",\"contentUrl\":\"https:\\\/\\\/www.bellunopress.it\\\/wp-content\\\/uploads\\\/2011\\\/05\\\/cropped-logo-bellunopress-.jpg\",\"width\":512,\"height\":512,\"caption\":\"Bellunopress\"},\"image\":{\"@id\":\"https:\\\/\\\/www.bellunopress.it\\\/#\\\/schema\\\/logo\\\/image\\\/\"},\"sameAs\":[\"https:\\\/\\\/www.facebook.com\\\/profile.php?id=100008943462799\",\"https:\\\/\\\/x.com\\\/bellunopress\",\"https:\\\/\\\/www.linkedin.com\\\/hp\\\/?dnr=JBzUWaJfMUw8vbXJJ2tVW5-I3jZKvC4wsoxE&amp;amp;amp;amp;amp;amp;trk=nav_responsive_tab_home\",\"https:\\\/\\\/www.youtube.com\\\/channel\\\/UCxL0wu1uN0_3_7hGG0306cw\"]},{\"@type\":\"Person\",\"@id\":\"https:\\\/\\\/www.bellunopress.it\\\/#\\\/schema\\\/person\\\/79bb06722b37ece1c03d3e94beb30d73\",\"name\":\"redazione\",\"image\":{\"@type\":\"ImageObject\",\"inLanguage\":\"fr-FR\",\"@id\":\"https:\\\/\\\/secure.gravatar.com\\\/avatar\\\/37d968a2e67a6fd04c169c4bdef102d0bc5d31b2546345219e348575eb80e9a0?s=96&d=mm&r=g\",\"url\":\"https:\\\/\\\/secure.gravatar.com\\\/avatar\\\/37d968a2e67a6fd04c169c4bdef102d0bc5d31b2546345219e348575eb80e9a0?s=96&d=mm&r=g\",\"contentUrl\":\"https:\\\/\\\/secure.gravatar.com\\\/avatar\\\/37d968a2e67a6fd04c169c4bdef102d0bc5d31b2546345219e348575eb80e9a0?s=96&d=mm&r=g\",\"caption\":\"redazione\"},\"sameAs\":[\"http:\\\/\\\/www.bellunopress.it\",\"https:\\\/\\\/x.com\\\/bellunopress\"],\"url\":\"https:\\\/\\\/www.bellunopress.it\\\/fr\\\/author\\\/redazione\\\/\"}]}<\/script>\n<!-- \/ Yoast SEO plugin. -->","yoast_head_json":{"title":"Assegnati i fondi ecotassa ai comuni di Arsi\u00e9, Sappada, Vas, Quero, Ponte nelle Alpi - Bellunopress - Dolomiti","robots":{"index":"index","follow":"follow","max-snippet":"max-snippet:-1","max-image-preview":"max-image-preview:large","max-video-preview":"max-video-preview:-1"},"canonical":"https:\/\/www.bellunopress.it\/fr\/2012\/12\/29\/assegnati-i-fondi-ecotassa-ai-comuni-di-arsie-sappada-vas-quero-ponte-nelle-alpi\/","og_locale":"fr_FR","og_type":"article","og_title":"Assegnati i fondi ecotassa ai comuni di Arsi\u00e9, Sappada, Vas, Quero, Ponte nelle Alpi - Bellunopress - Dolomiti","og_description":"In materia ambientale, la giunta regionale nel corso dell\u2019ultima seduta ha approvato \u2013 su relazione dell\u2019assessore Maurizio Conte \u2013 un provvedimento con il quale sono stati assegnati specifici finanziamenti derivanti dall\u2019utilizzo del tributo speciale riscosso per il deposito in discarica dei rifiuti solidi: L\u2019importo disponibile \u00e8 di poco pi\u00f9 di 2 milioni di euro (che [&hellip;]","og_url":"https:\/\/www.bellunopress.it\/fr\/2012\/12\/29\/assegnati-i-fondi-ecotassa-ai-comuni-di-arsie-sappada-vas-quero-ponte-nelle-alpi\/","og_site_name":"Bellunopress - Dolomiti","article_publisher":"https:\/\/www.facebook.com\/profile.php?id=100008943462799","article_published_time":"2012-12-29T20:29:14+00:00","og_image":[{"url":"http:\/\/www.bellunopress.it\/wp-content\/uploads\/2011\/01\/Maurizio-Conte-150x121.jpg","type":"","width":"","height":""}],"author":"redazione","twitter_card":"summary_large_image","twitter_creator":"@bellunopress","twitter_site":"@bellunopress","twitter_misc":{"\u00c9crit par":"redazione","Dur\u00e9e de lecture estim\u00e9e":"1 minute"},"schema":{"@context":"https:\/\/schema.org","@graph":[{"@type":"Article","@id":"https:\/\/www.bellunopress.it\/2012\/12\/29\/assegnati-i-fondi-ecotassa-ai-comuni-di-arsie-sappada-vas-quero-ponte-nelle-alpi\/#article","isPartOf":{"@id":"https:\/\/www.bellunopress.it\/2012\/12\/29\/assegnati-i-fondi-ecotassa-ai-comuni-di-arsie-sappada-vas-quero-ponte-nelle-alpi\/"},"author":{"name":"redazione","@id":"https:\/\/www.bellunopress.it\/#\/schema\/person\/79bb06722b37ece1c03d3e94beb30d73"},"headline":"Assegnati i fondi ecotassa ai comuni di Arsi\u00e9, Sappada, Vas, Quero, Ponte nelle Alpi","datePublished":"2012-12-29T20:29:14+00:00","mainEntityOfPage":{"@id":"https:\/\/www.bellunopress.it\/2012\/12\/29\/assegnati-i-fondi-ecotassa-ai-comuni-di-arsie-sappada-vas-quero-ponte-nelle-alpi\/"},"wordCount":308,"publisher":{"@id":"https:\/\/www.bellunopress.it\/#organization"},"image":{"@id":"https:\/\/www.bellunopress.it\/2012\/12\/29\/assegnati-i-fondi-ecotassa-ai-comuni-di-arsie-sappada-vas-quero-ponte-nelle-alpi\/#primaryimage"},"thumbnailUrl":"http:\/\/www.bellunopress.it\/wp-content\/uploads\/2011\/01\/Maurizio-Conte-150x121.jpg","articleSection":["Cronaca\/Politica","Prima Pagina"],"inLanguage":"fr-FR"},{"@type":"WebPage","@id":"https:\/\/www.bellunopress.it\/2012\/12\/29\/assegnati-i-fondi-ecotassa-ai-comuni-di-arsie-sappada-vas-quero-ponte-nelle-alpi\/","url":"https:\/\/www.bellunopress.it\/2012\/12\/29\/assegnati-i-fondi-ecotassa-ai-comuni-di-arsie-sappada-vas-quero-ponte-nelle-alpi\/","name":"Assegnati i fondi ecotassa ai comuni di Arsi\u00e9, Sappada, Vas, Quero, Ponte nelle Alpi - Bellunopress - Dolomiti","isPartOf":{"@id":"https:\/\/www.bellunopress.it\/#website"},"primaryImageOfPage":{"@id":"https:\/\/www.bellunopress.it\/2012\/12\/29\/assegnati-i-fondi-ecotassa-ai-comuni-di-arsie-sappada-vas-quero-ponte-nelle-alpi\/#primaryimage"},"image":{"@id":"https:\/\/www.bellunopress.it\/2012\/12\/29\/assegnati-i-fondi-ecotassa-ai-comuni-di-arsie-sappada-vas-quero-ponte-nelle-alpi\/#primaryimage"},"thumbnailUrl":"http:\/\/www.bellunopress.it\/wp-content\/uploads\/2011\/01\/Maurizio-Conte-150x121.jpg","datePublished":"2012-12-29T20:29:14+00:00","breadcrumb":{"@id":"https:\/\/www.bellunopress.it\/2012\/12\/29\/assegnati-i-fondi-ecotassa-ai-comuni-di-arsie-sappada-vas-quero-ponte-nelle-alpi\/#breadcrumb"},"inLanguage":"fr-FR","potentialAction":[{"@type":"ReadAction","target":["https:\/\/www.bellunopress.it\/2012\/12\/29\/assegnati-i-fondi-ecotassa-ai-comuni-di-arsie-sappada-vas-quero-ponte-nelle-alpi\/"]}]},{"@type":"ImageObject","inLanguage":"fr-FR","@id":"https:\/\/www.bellunopress.it\/2012\/12\/29\/assegnati-i-fondi-ecotassa-ai-comuni-di-arsie-sappada-vas-quero-ponte-nelle-alpi\/#primaryimage","url":"http:\/\/www.bellunopress.it\/wp-content\/uploads\/2011\/01\/Maurizio-Conte-150x121.jpg","contentUrl":"http:\/\/www.bellunopress.it\/wp-content\/uploads\/2011\/01\/Maurizio-Conte-150x121.jpg"},{"@type":"BreadcrumbList","@id":"https:\/\/www.bellunopress.it\/2012\/12\/29\/assegnati-i-fondi-ecotassa-ai-comuni-di-arsie-sappada-vas-quero-ponte-nelle-alpi\/#breadcrumb","itemListElement":[{"@type":"ListItem","position":1,"name":"Home","item":"https:\/\/www.bellunopress.it\/"},{"@type":"ListItem","position":2,"name":"Assegnati i fondi ecotassa ai comuni di Arsi\u00e9, Sappada, Vas, Quero, Ponte nelle Alpi"}]},{"@type":"WebSite","@id":"https:\/\/www.bellunopress.it\/#website","url":"https:\/\/www.bellunopress.it\/","name":"Bellunopress - Dolomiti","description":"e-mail: redazione@bellunopress.it","publisher":{"@id":"https:\/\/www.bellunopress.it\/#organization"},"potentialAction":[{"@type":"SearchAction","target":{"@type":"EntryPoint","urlTemplate":"https:\/\/www.bellunopress.it\/?s={search_term_string}"},"query-input":{"@type":"PropertyValueSpecification","valueRequired":true,"valueName":"search_term_string"}}],"inLanguage":"fr-FR"},{"@type":"Organization","@id":"https:\/\/www.bellunopress.it\/#organization","name":"Bellunopress","url":"https:\/\/www.bellunopress.it\/","logo":{"@type":"ImageObject","inLanguage":"fr-FR","@id":"https:\/\/www.bellunopress.it\/#\/schema\/logo\/image\/","url":"https:\/\/www.bellunopress.it\/wp-content\/uploads\/2011\/05\/cropped-logo-bellunopress-.jpg","contentUrl":"https:\/\/www.bellunopress.it\/wp-content\/uploads\/2011\/05\/cropped-logo-bellunopress-.jpg","width":512,"height":512,"caption":"Bellunopress"},"image":{"@id":"https:\/\/www.bellunopress.it\/#\/schema\/logo\/image\/"},"sameAs":["https:\/\/www.facebook.com\/profile.php?id=100008943462799","https:\/\/x.com\/bellunopress","https:\/\/www.linkedin.com\/hp\/?dnr=JBzUWaJfMUw8vbXJJ2tVW5-I3jZKvC4wsoxE&amp;amp;amp;amp;amp;amp;trk=nav_responsive_tab_home","https:\/\/www.youtube.com\/channel\/UCxL0wu1uN0_3_7hGG0306cw"]},{"@type":"Person","@id":"https:\/\/www.bellunopress.it\/#\/schema\/person\/79bb06722b37ece1c03d3e94beb30d73","name":"r\u00e9daction","image":{"@type":"ImageObject","inLanguage":"fr-FR","@id":"https:\/\/secure.gravatar.com\/avatar\/37d968a2e67a6fd04c169c4bdef102d0bc5d31b2546345219e348575eb80e9a0?s=96&d=mm&r=g","url":"https:\/\/secure.gravatar.com\/avatar\/37d968a2e67a6fd04c169c4bdef102d0bc5d31b2546345219e348575eb80e9a0?s=96&d=mm&r=g","contentUrl":"https:\/\/secure.gravatar.com\/avatar\/37d968a2e67a6fd04c169c4bdef102d0bc5d31b2546345219e348575eb80e9a0?s=96&d=mm&r=g","caption":"redazione"},"sameAs":["http:\/\/www.bellunopress.it","https:\/\/x.com\/bellunopress"],"url":"https:\/\/www.bellunopress.it\/fr\/author\/redazione\/"}]}},"_links":{"self":[{"href":"https:\/\/www.bellunopress.it\/fr\/wp-json\/wp\/v2\/posts\/45243","targetHints":{"allow":["GET"]}}],"collection":[{"href":"https:\/\/www.bellunopress.it\/fr\/wp-json\/wp\/v2\/posts"}],"about":[{"href":"https:\/\/www.bellunopress.it\/fr\/wp-json\/wp\/v2\/types\/post"}],"author":[{"embeddable":true,"href":"https:\/\/www.bellunopress.it\/fr\/wp-json\/wp\/v2\/users\/2"}],"replies":[{"embeddable":true,"href":"https:\/\/www.bellunopress.it\/fr\/wp-json\/wp\/v2\/comments?post=45243"}],"version-history":[{"count":2,"href":"https:\/\/www.bellunopress.it\/fr\/wp-json\/wp\/v2\/posts\/45243\/revisions"}],"predecessor-version":[{"id":45245,"href":"https:\/\/www.bellunopress.it\/fr\/wp-json\/wp\/v2\/posts\/45243\/revisions\/45245"}],"wp:attachment":[{"href":"https:\/\/www.bellunopress.it\/fr\/wp-json\/wp\/v2\/media?parent=45243"}],"wp:term":[{"taxonomy":"category","embeddable":true,"href":"https:\/\/www.bellunopress.it\/fr\/wp-json\/wp\/v2\/categories?post=45243"},{"taxonomy":"post_tag","embeddable":true,"href":"https:\/\/www.bellunopress.it\/fr\/wp-json\/wp\/v2\/tags?post=45243"}],"curies":[{"name":"wp","href":"https:\/\/api.w.org\/{rel}","templated":true}]}}