{"id":45225,"date":"2012-12-27T10:45:10","date_gmt":"2012-12-27T09:45:10","guid":{"rendered":"http:\/\/www.bellunopress.it\/?p=45225"},"modified":"2012-12-29T21:47:43","modified_gmt":"2012-12-29T20:47:43","slug":"concorso-fotografico-sentirsi-a-casa-qui-non-ho-paura-2","status":"publish","type":"post","link":"https:\/\/www.bellunopress.it\/fr\/2012\/12\/27\/concorso-fotografico-sentirsi-a-casa-qui-non-ho-paura-2\/","title":{"rendered":"Concorso fotografico &#8220;Sentirsi a casa: qui non ho paura&#8221;"},"content":{"rendered":"<p>10 gennaio 2013: si avvicina la data di scadenza per iscriversi al concorso \u201cMontagne di Foto\u201d. La manifestazione quest\u2019anno invita i fotografi, sia appassionati che professionisti, a presentare 1 o 2 scatti che mostrino la propria idea di casa: concetto che pu\u00f2 comprendere non solo le mura domestiche, ma anche un ambiente\/situazione in cui ci si senta a proprio agio, accolti e al sicuro.<\/p>\n<p>L&#8217;iniziativa, arrivata ormai all\u2019ottava edizione, \u00e8 organizzata dal Gruppo Sportivo Ovi-Sodi in collaborazione con la Sagra di Santa Brigida che si terr\u00e0 alla fine del prossimo gennaio a Levego-Sagrogna (Belluno).<\/p>\n<p>Le opere presentate verranno esposte nei locali della canonica, adiacenti al capannone della Sagra di Santa Brigida, nei giorni 25-26-27 gennaio e 1-2 febbraio 2013 a Levego. Durante la mostra i visitatori potranno votare gli scatti preferiti e designare i vincitori della giuria popolare. Inoltre, una giuria di professionisti sceglier\u00e0 i vincitori del concorso che verranno premiati al termine della manifestazione, domenica 3 febbraio. Per l&#8217;anno 2013 \u00e8 previsto un premio speciale &#8220;Categoria giovani&#8221; dedicato ai partecipanti under 25.<\/p>\n<p>Per iscriversi basta compilare il modulo d&#8217;iscrizione scaricabile dai siti &#8221; www.caibelluno.it (sotto News dalla sezione di Belluno) o www.levegosagrogna.it, dove c\u2019\u00e8 anche il regolamento completo del concorso e i punti di raccolta che hanno aderito all&#8217;iniziativa. Il materiale deve essere inviato entro e non oltre il 10 gennaio. L\u2019evento \u00e8 presente anche su facebook all\u2019indirizzo \u201cConcorso fotografico: Montagne di Foto 2013\u201d.<\/p>\n<p>&nbsp;<\/p>","protected":false},"excerpt":{"rendered":"<p>10 gennaio 2013: si avvicina la data di scadenza per iscriversi al concorso \u201cMontagne di Foto\u201d. La manifestazione quest\u2019anno invita i fotografi, sia appassionati che professionisti, a presentare 1 o 2 scatti che mostrino la propria idea di casa: concetto che pu\u00f2 comprendere non solo le mura domestiche, ma anche un ambiente\/situazione in cui ci [&hellip;]<\/p>\n","protected":false},"author":2,"featured_media":0,"comment_status":"closed","ping_status":"open","sticky":false,"template":"","format":"standard","meta":{"footnotes":""},"categories":[25,8],"tags":[],"class_list":["post-45225","post","type-post","status-publish","format-standard","category-pausa-caffe","category-societa-istituzioni"],"yoast_head":"<!-- This site is optimized with the Yoast SEO plugin v28.4 - https:\/\/yoast.com\/product\/yoast-seo-wordpress\/ -->\n<title>Concorso fotografico &quot;Sentirsi a casa: qui non ho paura&quot; - Bellunopress - Dolomiti<\/title>\n<meta name=\"robots\" content=\"index, follow, max-snippet:-1, max-image-preview:large, max-video-preview:-1\" \/>\n<link rel=\"canonical\" href=\"https:\/\/www.bellunopress.it\/fr\/2012\/12\/27\/concorso-fotografico-sentirsi-a-casa-qui-non-ho-paura-2\/\" \/>\n<meta property=\"og:locale\" content=\"fr_FR\" \/>\n<meta property=\"og:type\" content=\"article\" \/>\n<meta property=\"og:title\" content=\"Concorso fotografico &quot;Sentirsi a casa: qui non ho paura&quot; - Bellunopress - Dolomiti\" \/>\n<meta property=\"og:description\" content=\"10 gennaio 2013: si avvicina la data di scadenza per iscriversi al concorso \u201cMontagne di Foto\u201d. La manifestazione quest\u2019anno invita i fotografi, sia appassionati che professionisti, a presentare 1 o 2 scatti che mostrino la propria idea di casa: concetto che pu\u00f2 comprendere non solo le mura domestiche, ma anche un ambiente\/situazione in cui ci [&hellip;]\" \/>\n<meta property=\"og:url\" content=\"https:\/\/www.bellunopress.it\/fr\/2012\/12\/27\/concorso-fotografico-sentirsi-a-casa-qui-non-ho-paura-2\/\" \/>\n<meta property=\"og:site_name\" content=\"Bellunopress - Dolomiti\" \/>\n<meta property=\"article:publisher\" content=\"https:\/\/www.facebook.com\/profile.php?id=100008943462799\" \/>\n<meta property=\"article:published_time\" content=\"2012-12-27T09:45:10+00:00\" \/>\n<meta property=\"article:modified_time\" content=\"2012-12-29T20:47:43+00:00\" \/>\n<meta property=\"og:image\" content=\"http:\/\/www.bellunopress.it\/wp-content\/uploads\/2012\/07\/logo-bellunopress-250x250-2012.jpg\" \/>\n<meta name=\"author\" content=\"redazione\" \/>\n<meta name=\"twitter:card\" content=\"summary_large_image\" \/>\n<meta name=\"twitter:creator\" content=\"@bellunopress\" \/>\n<meta name=\"twitter:site\" content=\"@bellunopress\" \/>\n<meta name=\"twitter:label1\" content=\"\u00c9crit par\" \/>\n\t<meta name=\"twitter:data1\" content=\"redazione\" \/>\n\t<meta name=\"twitter:label2\" content=\"Dur\u00e9e de lecture estim\u00e9e\" \/>\n\t<meta name=\"twitter:data2\" content=\"1 minute\" \/>\n<script type=\"application\/ld+json\" class=\"yoast-schema-graph\">{\"@context\":\"https:\\\/\\\/schema.org\",\"@graph\":[{\"@type\":\"Article\",\"@id\":\"https:\\\/\\\/www.bellunopress.it\\\/2012\\\/12\\\/27\\\/concorso-fotografico-sentirsi-a-casa-qui-non-ho-paura-2\\\/#article\",\"isPartOf\":{\"@id\":\"https:\\\/\\\/www.bellunopress.it\\\/2012\\\/12\\\/27\\\/concorso-fotografico-sentirsi-a-casa-qui-non-ho-paura-2\\\/\"},\"author\":{\"name\":\"redazione\",\"@id\":\"https:\\\/\\\/www.bellunopress.it\\\/#\\\/schema\\\/person\\\/79bb06722b37ece1c03d3e94beb30d73\"},\"headline\":\"Concorso fotografico &#8220;Sentirsi a casa: qui non ho paura&#8221;\",\"datePublished\":\"2012-12-27T09:45:10+00:00\",\"dateModified\":\"2012-12-29T20:47:43+00:00\",\"mainEntityOfPage\":{\"@id\":\"https:\\\/\\\/www.bellunopress.it\\\/2012\\\/12\\\/27\\\/concorso-fotografico-sentirsi-a-casa-qui-non-ho-paura-2\\\/\"},\"wordCount\":245,\"publisher\":{\"@id\":\"https:\\\/\\\/www.bellunopress.it\\\/#organization\"},\"articleSection\":[\"Pausa Caff\u00e8\",\"Societ\u00e0, Associazioni, Istituzioni\"],\"inLanguage\":\"fr-FR\"},{\"@type\":\"WebPage\",\"@id\":\"https:\\\/\\\/www.bellunopress.it\\\/2012\\\/12\\\/27\\\/concorso-fotografico-sentirsi-a-casa-qui-non-ho-paura-2\\\/\",\"url\":\"https:\\\/\\\/www.bellunopress.it\\\/2012\\\/12\\\/27\\\/concorso-fotografico-sentirsi-a-casa-qui-non-ho-paura-2\\\/\",\"name\":\"Concorso fotografico \\\"Sentirsi a casa: qui non ho paura\\\" - Bellunopress - Dolomiti\",\"isPartOf\":{\"@id\":\"https:\\\/\\\/www.bellunopress.it\\\/#website\"},\"datePublished\":\"2012-12-27T09:45:10+00:00\",\"dateModified\":\"2012-12-29T20:47:43+00:00\",\"breadcrumb\":{\"@id\":\"https:\\\/\\\/www.bellunopress.it\\\/2012\\\/12\\\/27\\\/concorso-fotografico-sentirsi-a-casa-qui-non-ho-paura-2\\\/#breadcrumb\"},\"inLanguage\":\"fr-FR\",\"potentialAction\":[{\"@type\":\"ReadAction\",\"target\":[\"https:\\\/\\\/www.bellunopress.it\\\/2012\\\/12\\\/27\\\/concorso-fotografico-sentirsi-a-casa-qui-non-ho-paura-2\\\/\"]}]},{\"@type\":\"BreadcrumbList\",\"@id\":\"https:\\\/\\\/www.bellunopress.it\\\/2012\\\/12\\\/27\\\/concorso-fotografico-sentirsi-a-casa-qui-non-ho-paura-2\\\/#breadcrumb\",\"itemListElement\":[{\"@type\":\"ListItem\",\"position\":1,\"name\":\"Home\",\"item\":\"https:\\\/\\\/www.bellunopress.it\\\/\"},{\"@type\":\"ListItem\",\"position\":2,\"name\":\"Concorso fotografico &#8220;Sentirsi a casa: qui non ho paura&#8221;\"}]},{\"@type\":\"WebSite\",\"@id\":\"https:\\\/\\\/www.bellunopress.it\\\/#website\",\"url\":\"https:\\\/\\\/www.bellunopress.it\\\/\",\"name\":\"Bellunopress - Dolomiti\",\"description\":\"e-mail: redazione@bellunopress.it\",\"publisher\":{\"@id\":\"https:\\\/\\\/www.bellunopress.it\\\/#organization\"},\"potentialAction\":[{\"@type\":\"SearchAction\",\"target\":{\"@type\":\"EntryPoint\",\"urlTemplate\":\"https:\\\/\\\/www.bellunopress.it\\\/?s={search_term_string}\"},\"query-input\":{\"@type\":\"PropertyValueSpecification\",\"valueRequired\":true,\"valueName\":\"search_term_string\"}}],\"inLanguage\":\"fr-FR\"},{\"@type\":\"Organization\",\"@id\":\"https:\\\/\\\/www.bellunopress.it\\\/#organization\",\"name\":\"Bellunopress\",\"url\":\"https:\\\/\\\/www.bellunopress.it\\\/\",\"logo\":{\"@type\":\"ImageObject\",\"inLanguage\":\"fr-FR\",\"@id\":\"https:\\\/\\\/www.bellunopress.it\\\/#\\\/schema\\\/logo\\\/image\\\/\",\"url\":\"https:\\\/\\\/www.bellunopress.it\\\/wp-content\\\/uploads\\\/2011\\\/05\\\/cropped-logo-bellunopress-.jpg\",\"contentUrl\":\"https:\\\/\\\/www.bellunopress.it\\\/wp-content\\\/uploads\\\/2011\\\/05\\\/cropped-logo-bellunopress-.jpg\",\"width\":512,\"height\":512,\"caption\":\"Bellunopress\"},\"image\":{\"@id\":\"https:\\\/\\\/www.bellunopress.it\\\/#\\\/schema\\\/logo\\\/image\\\/\"},\"sameAs\":[\"https:\\\/\\\/www.facebook.com\\\/profile.php?id=100008943462799\",\"https:\\\/\\\/x.com\\\/bellunopress\",\"https:\\\/\\\/www.linkedin.com\\\/hp\\\/?dnr=JBzUWaJfMUw8vbXJJ2tVW5-I3jZKvC4wsoxE&amp;amp;amp;amp;amp;amp;trk=nav_responsive_tab_home\",\"https:\\\/\\\/www.youtube.com\\\/channel\\\/UCxL0wu1uN0_3_7hGG0306cw\"]},{\"@type\":\"Person\",\"@id\":\"https:\\\/\\\/www.bellunopress.it\\\/#\\\/schema\\\/person\\\/79bb06722b37ece1c03d3e94beb30d73\",\"name\":\"redazione\",\"image\":{\"@type\":\"ImageObject\",\"inLanguage\":\"fr-FR\",\"@id\":\"https:\\\/\\\/secure.gravatar.com\\\/avatar\\\/37d968a2e67a6fd04c169c4bdef102d0bc5d31b2546345219e348575eb80e9a0?s=96&d=mm&r=g\",\"url\":\"https:\\\/\\\/secure.gravatar.com\\\/avatar\\\/37d968a2e67a6fd04c169c4bdef102d0bc5d31b2546345219e348575eb80e9a0?s=96&d=mm&r=g\",\"contentUrl\":\"https:\\\/\\\/secure.gravatar.com\\\/avatar\\\/37d968a2e67a6fd04c169c4bdef102d0bc5d31b2546345219e348575eb80e9a0?s=96&d=mm&r=g\",\"caption\":\"redazione\"},\"sameAs\":[\"http:\\\/\\\/www.bellunopress.it\",\"https:\\\/\\\/x.com\\\/bellunopress\"],\"url\":\"https:\\\/\\\/www.bellunopress.it\\\/fr\\\/author\\\/redazione\\\/\"}]}<\/script>\n<!-- \/ Yoast SEO plugin. -->","yoast_head_json":{"title":"Concorso fotografico \"Sentirsi a casa: qui non ho paura\" - Bellunopress - Dolomiti","robots":{"index":"index","follow":"follow","max-snippet":"max-snippet:-1","max-image-preview":"max-image-preview:large","max-video-preview":"max-video-preview:-1"},"canonical":"https:\/\/www.bellunopress.it\/fr\/2012\/12\/27\/concorso-fotografico-sentirsi-a-casa-qui-non-ho-paura-2\/","og_locale":"fr_FR","og_type":"article","og_title":"Concorso fotografico \"Sentirsi a casa: qui non ho paura\" - Bellunopress - Dolomiti","og_description":"10 gennaio 2013: si avvicina la data di scadenza per iscriversi al concorso \u201cMontagne di Foto\u201d. La manifestazione quest\u2019anno invita i fotografi, sia appassionati che professionisti, a presentare 1 o 2 scatti che mostrino la propria idea di casa: concetto che pu\u00f2 comprendere non solo le mura domestiche, ma anche un ambiente\/situazione in cui ci [&hellip;]","og_url":"https:\/\/www.bellunopress.it\/fr\/2012\/12\/27\/concorso-fotografico-sentirsi-a-casa-qui-non-ho-paura-2\/","og_site_name":"Bellunopress - Dolomiti","article_publisher":"https:\/\/www.facebook.com\/profile.php?id=100008943462799","article_published_time":"2012-12-27T09:45:10+00:00","article_modified_time":"2012-12-29T20:47:43+00:00","og_image":[{"url":"http:\/\/www.bellunopress.it\/wp-content\/uploads\/2012\/07\/logo-bellunopress-250x250-2012.jpg","type":"","width":"","height":""}],"author":"redazione","twitter_card":"summary_large_image","twitter_creator":"@bellunopress","twitter_site":"@bellunopress","twitter_misc":{"\u00c9crit par":"redazione","Dur\u00e9e de lecture estim\u00e9e":"1 minute"},"schema":{"@context":"https:\/\/schema.org","@graph":[{"@type":"Article","@id":"https:\/\/www.bellunopress.it\/2012\/12\/27\/concorso-fotografico-sentirsi-a-casa-qui-non-ho-paura-2\/#article","isPartOf":{"@id":"https:\/\/www.bellunopress.it\/2012\/12\/27\/concorso-fotografico-sentirsi-a-casa-qui-non-ho-paura-2\/"},"author":{"name":"redazione","@id":"https:\/\/www.bellunopress.it\/#\/schema\/person\/79bb06722b37ece1c03d3e94beb30d73"},"headline":"Concorso fotografico &#8220;Sentirsi a casa: qui non ho paura&#8221;","datePublished":"2012-12-27T09:45:10+00:00","dateModified":"2012-12-29T20:47:43+00:00","mainEntityOfPage":{"@id":"https:\/\/www.bellunopress.it\/2012\/12\/27\/concorso-fotografico-sentirsi-a-casa-qui-non-ho-paura-2\/"},"wordCount":245,"publisher":{"@id":"https:\/\/www.bellunopress.it\/#organization"},"articleSection":["Pausa Caff\u00e8","Societ\u00e0, Associazioni, Istituzioni"],"inLanguage":"fr-FR"},{"@type":"WebPage","@id":"https:\/\/www.bellunopress.it\/2012\/12\/27\/concorso-fotografico-sentirsi-a-casa-qui-non-ho-paura-2\/","url":"https:\/\/www.bellunopress.it\/2012\/12\/27\/concorso-fotografico-sentirsi-a-casa-qui-non-ho-paura-2\/","name":"Concorso fotografico \"Sentirsi a casa: qui non ho paura\" - Bellunopress - Dolomiti","isPartOf":{"@id":"https:\/\/www.bellunopress.it\/#website"},"datePublished":"2012-12-27T09:45:10+00:00","dateModified":"2012-12-29T20:47:43+00:00","breadcrumb":{"@id":"https:\/\/www.bellunopress.it\/2012\/12\/27\/concorso-fotografico-sentirsi-a-casa-qui-non-ho-paura-2\/#breadcrumb"},"inLanguage":"fr-FR","potentialAction":[{"@type":"ReadAction","target":["https:\/\/www.bellunopress.it\/2012\/12\/27\/concorso-fotografico-sentirsi-a-casa-qui-non-ho-paura-2\/"]}]},{"@type":"BreadcrumbList","@id":"https:\/\/www.bellunopress.it\/2012\/12\/27\/concorso-fotografico-sentirsi-a-casa-qui-non-ho-paura-2\/#breadcrumb","itemListElement":[{"@type":"ListItem","position":1,"name":"Home","item":"https:\/\/www.bellunopress.it\/"},{"@type":"ListItem","position":2,"name":"Concorso fotografico &#8220;Sentirsi a casa: qui non ho paura&#8221;"}]},{"@type":"WebSite","@id":"https:\/\/www.bellunopress.it\/#website","url":"https:\/\/www.bellunopress.it\/","name":"Bellunopress - Dolomiti","description":"e-mail: redazione@bellunopress.it","publisher":{"@id":"https:\/\/www.bellunopress.it\/#organization"},"potentialAction":[{"@type":"SearchAction","target":{"@type":"EntryPoint","urlTemplate":"https:\/\/www.bellunopress.it\/?s={search_term_string}"},"query-input":{"@type":"PropertyValueSpecification","valueRequired":true,"valueName":"search_term_string"}}],"inLanguage":"fr-FR"},{"@type":"Organization","@id":"https:\/\/www.bellunopress.it\/#organization","name":"Bellunopress","url":"https:\/\/www.bellunopress.it\/","logo":{"@type":"ImageObject","inLanguage":"fr-FR","@id":"https:\/\/www.bellunopress.it\/#\/schema\/logo\/image\/","url":"https:\/\/www.bellunopress.it\/wp-content\/uploads\/2011\/05\/cropped-logo-bellunopress-.jpg","contentUrl":"https:\/\/www.bellunopress.it\/wp-content\/uploads\/2011\/05\/cropped-logo-bellunopress-.jpg","width":512,"height":512,"caption":"Bellunopress"},"image":{"@id":"https:\/\/www.bellunopress.it\/#\/schema\/logo\/image\/"},"sameAs":["https:\/\/www.facebook.com\/profile.php?id=100008943462799","https:\/\/x.com\/bellunopress","https:\/\/www.linkedin.com\/hp\/?dnr=JBzUWaJfMUw8vbXJJ2tVW5-I3jZKvC4wsoxE&amp;amp;amp;amp;amp;amp;trk=nav_responsive_tab_home","https:\/\/www.youtube.com\/channel\/UCxL0wu1uN0_3_7hGG0306cw"]},{"@type":"Person","@id":"https:\/\/www.bellunopress.it\/#\/schema\/person\/79bb06722b37ece1c03d3e94beb30d73","name":"r\u00e9daction","image":{"@type":"ImageObject","inLanguage":"fr-FR","@id":"https:\/\/secure.gravatar.com\/avatar\/37d968a2e67a6fd04c169c4bdef102d0bc5d31b2546345219e348575eb80e9a0?s=96&d=mm&r=g","url":"https:\/\/secure.gravatar.com\/avatar\/37d968a2e67a6fd04c169c4bdef102d0bc5d31b2546345219e348575eb80e9a0?s=96&d=mm&r=g","contentUrl":"https:\/\/secure.gravatar.com\/avatar\/37d968a2e67a6fd04c169c4bdef102d0bc5d31b2546345219e348575eb80e9a0?s=96&d=mm&r=g","caption":"redazione"},"sameAs":["http:\/\/www.bellunopress.it","https:\/\/x.com\/bellunopress"],"url":"https:\/\/www.bellunopress.it\/fr\/author\/redazione\/"}]}},"_links":{"self":[{"href":"https:\/\/www.bellunopress.it\/fr\/wp-json\/wp\/v2\/posts\/45225","targetHints":{"allow":["GET"]}}],"collection":[{"href":"https:\/\/www.bellunopress.it\/fr\/wp-json\/wp\/v2\/posts"}],"about":[{"href":"https:\/\/www.bellunopress.it\/fr\/wp-json\/wp\/v2\/types\/post"}],"author":[{"embeddable":true,"href":"https:\/\/www.bellunopress.it\/fr\/wp-json\/wp\/v2\/users\/2"}],"replies":[{"embeddable":true,"href":"https:\/\/www.bellunopress.it\/fr\/wp-json\/wp\/v2\/comments?post=45225"}],"version-history":[{"count":2,"href":"https:\/\/www.bellunopress.it\/fr\/wp-json\/wp\/v2\/posts\/45225\/revisions"}],"predecessor-version":[{"id":45251,"href":"https:\/\/www.bellunopress.it\/fr\/wp-json\/wp\/v2\/posts\/45225\/revisions\/45251"}],"wp:attachment":[{"href":"https:\/\/www.bellunopress.it\/fr\/wp-json\/wp\/v2\/media?parent=45225"}],"wp:term":[{"taxonomy":"category","embeddable":true,"href":"https:\/\/www.bellunopress.it\/fr\/wp-json\/wp\/v2\/categories?post=45225"},{"taxonomy":"post_tag","embeddable":true,"href":"https:\/\/www.bellunopress.it\/fr\/wp-json\/wp\/v2\/tags?post=45225"}],"curies":[{"name":"wp","href":"https:\/\/api.w.org\/{rel}","templated":true}]}}