{"id":45223,"date":"2012-12-28T22:39:22","date_gmt":"2012-12-28T21:39:22","guid":{"rendered":"http:\/\/www.bellunopress.it\/?p=45223"},"modified":"2012-12-28T22:39:22","modified_gmt":"2012-12-28T21:39:22","slug":"capodanno-in-tv-con-festival-show-su-antennatre-e-free-lunedi-31-dicembre-dalle-ore-21","status":"publish","type":"post","link":"https:\/\/www.bellunopress.it\/fr\/2012\/12\/28\/capodanno-in-tv-con-festival-show-su-antennatre-e-free-lunedi-31-dicembre-dalle-ore-21\/","title":{"rendered":"Capodanno in tv con Festival show.  Su Antennatre e Free luned\u00ec 31 dicembre dalle ore 21"},"content":{"rendered":"<p>Musica e spettacolo per salutare l&#8217;arrivo del 2013 con Emma, Enrico Ruggeri, Alessandra Amoroso, Stadio,<\/p>\n<p>Irene Fornaciari, Nomadi, Alexia, Annalisa, Fabrizio Moro, Umberto Tozzi e tanti altri presentati da Serena Autieri.<\/p>\n<p><a href=\"http:\/\/www.bellunopress.it\/wp-content\/uploads\/2012\/07\/festival-show-2012-belluno-005.jpg\"><img loading=\"lazy\" decoding=\"async\" class=\"alignleft size-full wp-image-40049\" alt=\"festival show 2012 belluno 005\" src=\"http:\/\/www.bellunopress.it\/wp-content\/uploads\/2012\/07\/festival-show-2012-belluno-005.jpg\" width=\"290\" height=\"193\" \/><\/a>Il capodanno di Antennatre e Free con Festival show. Saranno le immagini dell&#8217;evento di Radio Birikina e Radio Bella &amp; Monella ad accompagnare i telespettatori nell&#8217;anno che verr\u00e0. Luned\u00ec 31 dicembre dalle ore 21 un brindisi televisivo tutto musicale con una parata di ospiti direttamente dall&#8217;evento dell&#8217;anno organizzato da Radio Birikina e Radio Bella &amp; Monella.<\/p>\n<p>&lt;&lt;Sar\u00e0 certamente emozionante rivedere le esibizioni dei big ospitati quest&#8217;anno a Festival show \u2013 afferma Paolo Baruzzo, coordinatore del tour \u2013 con un mix di immagini rappresentative di un grande spettacolo, preparato dal regista Claudio Polotto non solo per Antennatre e Free, ma anche per altre importanti emittenti italiane come T9 a Roma, Telenova a Milano, Napoli Canale 21 e Telecolor a Catania&gt;&gt;.<\/p>\n<p>La direzione della fotografia \u00e8 di Renato Neri (un nome legato a molte trasmissioni televisive di successo ed eventi live), la direzione commerciale \u00e8 di Mariano Sannito.<\/p>\n<p>Durante la trasmissione si rivedranno immagini tratte da tutte le 10 piazze che hanno ospitato quest&#8217;anno l&#8217;evento: Treviso, Padova, Belluno, Vicenza, Piove di Sacco, Bibione, Lignano Sabbiadoro, Mestre, Castelfranco Veneto e Verona.<\/p>\n<p>&lt;&lt;Per Antennatre, Antennatre Nordest e Free le immagini di Festival show ci accompagneranno nel 2013 \u2013 sottolinea l&#8217;editore Thomas Panto \u2013 in quanto abbiamo programmato questo happening musicale luned\u00ec 31 dicembre in prime time. Una sorta di buon anno con questa manifestazione, riconosciuta come uno dei pi\u00f9 grandi spettacoli musicali itineranti d&#8217;Italia&gt;&gt;.<\/p>\n<p>Si rivedranno le esibizioni, fra gli altri, di Alessandra Amoroso, Enrico Ruggeri, Emma, Sonohra, Mario Venuti, Lola Ponce, Umberto Tozzi, i Nomadi, Enzo Iacchetti, Alessandro Casillo, Antonino, Marco Carta, Fabrizio Moro, gli Stadio, Irene Fornaciari, Marco Mengoni, Gary Go, presentati da Serena Autieri.<\/p>\n<p>&nbsp;<\/p>\n<p>&nbsp;<\/p>\n<p>&nbsp;<\/p>\n<p>&nbsp;<\/p>\n<p>&nbsp;<\/p>","protected":false},"excerpt":{"rendered":"<p>Musica e spettacolo per salutare l&#8217;arrivo del 2013 con Emma, Enrico Ruggeri, Alessandra Amoroso, Stadio, Irene Fornaciari, Nomadi, Alexia, Annalisa, Fabrizio Moro, Umberto Tozzi e tanti altri presentati da Serena Autieri. Il capodanno di Antennatre e Free con Festival show. Saranno le immagini dell&#8217;evento di Radio Birikina e Radio Bella &amp; Monella ad accompagnare i [&hellip;]<\/p>\n","protected":false},"author":2,"featured_media":0,"comment_status":"closed","ping_status":"open","sticky":false,"template":"","format":"standard","meta":{"footnotes":""},"categories":[27,25],"tags":[],"class_list":["post-45223","post","type-post","status-publish","format-standard","category-appuntamenti","category-pausa-caffe"],"yoast_head":"<!-- This site is optimized with the Yoast SEO plugin v28.4 - https:\/\/yoast.com\/product\/yoast-seo-wordpress\/ -->\n<title>Capodanno in tv con Festival show. Su Antennatre e Free luned\u00ec 31 dicembre dalle ore 21 - Bellunopress - Dolomiti<\/title>\n<meta name=\"robots\" content=\"index, follow, max-snippet:-1, max-image-preview:large, max-video-preview:-1\" \/>\n<link rel=\"canonical\" href=\"https:\/\/www.bellunopress.it\/fr\/2012\/12\/28\/capodanno-in-tv-con-festival-show-su-antennatre-e-free-lunedi-31-dicembre-dalle-ore-21\/\" \/>\n<meta property=\"og:locale\" content=\"fr_FR\" \/>\n<meta property=\"og:type\" content=\"article\" \/>\n<meta property=\"og:title\" content=\"Capodanno in tv con Festival show. Su Antennatre e Free luned\u00ec 31 dicembre dalle ore 21 - Bellunopress - Dolomiti\" \/>\n<meta property=\"og:description\" content=\"Musica e spettacolo per salutare l&#8217;arrivo del 2013 con Emma, Enrico Ruggeri, Alessandra Amoroso, Stadio, Irene Fornaciari, Nomadi, Alexia, Annalisa, Fabrizio Moro, Umberto Tozzi e tanti altri presentati da Serena Autieri. Il capodanno di Antennatre e Free con Festival show. Saranno le immagini dell&#8217;evento di Radio Birikina e Radio Bella &amp; Monella ad accompagnare i [&hellip;]\" \/>\n<meta property=\"og:url\" content=\"https:\/\/www.bellunopress.it\/fr\/2012\/12\/28\/capodanno-in-tv-con-festival-show-su-antennatre-e-free-lunedi-31-dicembre-dalle-ore-21\/\" \/>\n<meta property=\"og:site_name\" content=\"Bellunopress - Dolomiti\" \/>\n<meta property=\"article:publisher\" content=\"https:\/\/www.facebook.com\/profile.php?id=100008943462799\" \/>\n<meta property=\"article:published_time\" content=\"2012-12-28T21:39:22+00:00\" \/>\n<meta property=\"og:image\" content=\"http:\/\/www.bellunopress.it\/wp-content\/uploads\/2012\/07\/festival-show-2012-belluno-005.jpg\" \/>\n<meta name=\"author\" content=\"redazione\" \/>\n<meta name=\"twitter:card\" content=\"summary_large_image\" \/>\n<meta name=\"twitter:creator\" content=\"@bellunopress\" \/>\n<meta name=\"twitter:site\" content=\"@bellunopress\" \/>\n<meta name=\"twitter:label1\" content=\"\u00c9crit par\" \/>\n\t<meta name=\"twitter:data1\" content=\"redazione\" \/>\n\t<meta name=\"twitter:label2\" content=\"Dur\u00e9e de lecture estim\u00e9e\" \/>\n\t<meta name=\"twitter:data2\" content=\"2 minutes\" \/>\n<script type=\"application\/ld+json\" class=\"yoast-schema-graph\">{\"@context\":\"https:\\\/\\\/schema.org\",\"@graph\":[{\"@type\":\"Article\",\"@id\":\"https:\\\/\\\/www.bellunopress.it\\\/2012\\\/12\\\/28\\\/capodanno-in-tv-con-festival-show-su-antennatre-e-free-lunedi-31-dicembre-dalle-ore-21\\\/#article\",\"isPartOf\":{\"@id\":\"https:\\\/\\\/www.bellunopress.it\\\/2012\\\/12\\\/28\\\/capodanno-in-tv-con-festival-show-su-antennatre-e-free-lunedi-31-dicembre-dalle-ore-21\\\/\"},\"author\":{\"name\":\"redazione\",\"@id\":\"https:\\\/\\\/www.bellunopress.it\\\/#\\\/schema\\\/person\\\/79bb06722b37ece1c03d3e94beb30d73\"},\"headline\":\"Capodanno in tv con Festival show. Su Antennatre e Free luned\u00ec 31 dicembre dalle ore 21\",\"datePublished\":\"2012-12-28T21:39:22+00:00\",\"mainEntityOfPage\":{\"@id\":\"https:\\\/\\\/www.bellunopress.it\\\/2012\\\/12\\\/28\\\/capodanno-in-tv-con-festival-show-su-antennatre-e-free-lunedi-31-dicembre-dalle-ore-21\\\/\"},\"wordCount\":328,\"publisher\":{\"@id\":\"https:\\\/\\\/www.bellunopress.it\\\/#organization\"},\"image\":{\"@id\":\"https:\\\/\\\/www.bellunopress.it\\\/2012\\\/12\\\/28\\\/capodanno-in-tv-con-festival-show-su-antennatre-e-free-lunedi-31-dicembre-dalle-ore-21\\\/#primaryimage\"},\"thumbnailUrl\":\"http:\\\/\\\/www.bellunopress.it\\\/wp-content\\\/uploads\\\/2012\\\/07\\\/festival-show-2012-belluno-005.jpg\",\"articleSection\":[\"Appuntamenti, Eventi\",\"Pausa Caff\u00e8\"],\"inLanguage\":\"fr-FR\"},{\"@type\":\"WebPage\",\"@id\":\"https:\\\/\\\/www.bellunopress.it\\\/2012\\\/12\\\/28\\\/capodanno-in-tv-con-festival-show-su-antennatre-e-free-lunedi-31-dicembre-dalle-ore-21\\\/\",\"url\":\"https:\\\/\\\/www.bellunopress.it\\\/2012\\\/12\\\/28\\\/capodanno-in-tv-con-festival-show-su-antennatre-e-free-lunedi-31-dicembre-dalle-ore-21\\\/\",\"name\":\"Capodanno in tv con Festival show. Su Antennatre e Free luned\u00ec 31 dicembre dalle ore 21 - Bellunopress - Dolomiti\",\"isPartOf\":{\"@id\":\"https:\\\/\\\/www.bellunopress.it\\\/#website\"},\"primaryImageOfPage\":{\"@id\":\"https:\\\/\\\/www.bellunopress.it\\\/2012\\\/12\\\/28\\\/capodanno-in-tv-con-festival-show-su-antennatre-e-free-lunedi-31-dicembre-dalle-ore-21\\\/#primaryimage\"},\"image\":{\"@id\":\"https:\\\/\\\/www.bellunopress.it\\\/2012\\\/12\\\/28\\\/capodanno-in-tv-con-festival-show-su-antennatre-e-free-lunedi-31-dicembre-dalle-ore-21\\\/#primaryimage\"},\"thumbnailUrl\":\"http:\\\/\\\/www.bellunopress.it\\\/wp-content\\\/uploads\\\/2012\\\/07\\\/festival-show-2012-belluno-005.jpg\",\"datePublished\":\"2012-12-28T21:39:22+00:00\",\"breadcrumb\":{\"@id\":\"https:\\\/\\\/www.bellunopress.it\\\/2012\\\/12\\\/28\\\/capodanno-in-tv-con-festival-show-su-antennatre-e-free-lunedi-31-dicembre-dalle-ore-21\\\/#breadcrumb\"},\"inLanguage\":\"fr-FR\",\"potentialAction\":[{\"@type\":\"ReadAction\",\"target\":[\"https:\\\/\\\/www.bellunopress.it\\\/2012\\\/12\\\/28\\\/capodanno-in-tv-con-festival-show-su-antennatre-e-free-lunedi-31-dicembre-dalle-ore-21\\\/\"]}]},{\"@type\":\"ImageObject\",\"inLanguage\":\"fr-FR\",\"@id\":\"https:\\\/\\\/www.bellunopress.it\\\/2012\\\/12\\\/28\\\/capodanno-in-tv-con-festival-show-su-antennatre-e-free-lunedi-31-dicembre-dalle-ore-21\\\/#primaryimage\",\"url\":\"http:\\\/\\\/www.bellunopress.it\\\/wp-content\\\/uploads\\\/2012\\\/07\\\/festival-show-2012-belluno-005.jpg\",\"contentUrl\":\"http:\\\/\\\/www.bellunopress.it\\\/wp-content\\\/uploads\\\/2012\\\/07\\\/festival-show-2012-belluno-005.jpg\"},{\"@type\":\"BreadcrumbList\",\"@id\":\"https:\\\/\\\/www.bellunopress.it\\\/2012\\\/12\\\/28\\\/capodanno-in-tv-con-festival-show-su-antennatre-e-free-lunedi-31-dicembre-dalle-ore-21\\\/#breadcrumb\",\"itemListElement\":[{\"@type\":\"ListItem\",\"position\":1,\"name\":\"Home\",\"item\":\"https:\\\/\\\/www.bellunopress.it\\\/\"},{\"@type\":\"ListItem\",\"position\":2,\"name\":\"Capodanno in tv con Festival show. Su Antennatre e Free luned\u00ec 31 dicembre dalle ore 21\"}]},{\"@type\":\"WebSite\",\"@id\":\"https:\\\/\\\/www.bellunopress.it\\\/#website\",\"url\":\"https:\\\/\\\/www.bellunopress.it\\\/\",\"name\":\"Bellunopress - Dolomiti\",\"description\":\"e-mail: redazione@bellunopress.it\",\"publisher\":{\"@id\":\"https:\\\/\\\/www.bellunopress.it\\\/#organization\"},\"potentialAction\":[{\"@type\":\"SearchAction\",\"target\":{\"@type\":\"EntryPoint\",\"urlTemplate\":\"https:\\\/\\\/www.bellunopress.it\\\/?s={search_term_string}\"},\"query-input\":{\"@type\":\"PropertyValueSpecification\",\"valueRequired\":true,\"valueName\":\"search_term_string\"}}],\"inLanguage\":\"fr-FR\"},{\"@type\":\"Organization\",\"@id\":\"https:\\\/\\\/www.bellunopress.it\\\/#organization\",\"name\":\"Bellunopress\",\"url\":\"https:\\\/\\\/www.bellunopress.it\\\/\",\"logo\":{\"@type\":\"ImageObject\",\"inLanguage\":\"fr-FR\",\"@id\":\"https:\\\/\\\/www.bellunopress.it\\\/#\\\/schema\\\/logo\\\/image\\\/\",\"url\":\"https:\\\/\\\/www.bellunopress.it\\\/wp-content\\\/uploads\\\/2011\\\/05\\\/cropped-logo-bellunopress-.jpg\",\"contentUrl\":\"https:\\\/\\\/www.bellunopress.it\\\/wp-content\\\/uploads\\\/2011\\\/05\\\/cropped-logo-bellunopress-.jpg\",\"width\":512,\"height\":512,\"caption\":\"Bellunopress\"},\"image\":{\"@id\":\"https:\\\/\\\/www.bellunopress.it\\\/#\\\/schema\\\/logo\\\/image\\\/\"},\"sameAs\":[\"https:\\\/\\\/www.facebook.com\\\/profile.php?id=100008943462799\",\"https:\\\/\\\/x.com\\\/bellunopress\",\"https:\\\/\\\/www.linkedin.com\\\/hp\\\/?dnr=JBzUWaJfMUw8vbXJJ2tVW5-I3jZKvC4wsoxE&amp;amp;amp;amp;amp;amp;trk=nav_responsive_tab_home\",\"https:\\\/\\\/www.youtube.com\\\/channel\\\/UCxL0wu1uN0_3_7hGG0306cw\"]},{\"@type\":\"Person\",\"@id\":\"https:\\\/\\\/www.bellunopress.it\\\/#\\\/schema\\\/person\\\/79bb06722b37ece1c03d3e94beb30d73\",\"name\":\"redazione\",\"image\":{\"@type\":\"ImageObject\",\"inLanguage\":\"fr-FR\",\"@id\":\"https:\\\/\\\/secure.gravatar.com\\\/avatar\\\/37d968a2e67a6fd04c169c4bdef102d0bc5d31b2546345219e348575eb80e9a0?s=96&d=mm&r=g\",\"url\":\"https:\\\/\\\/secure.gravatar.com\\\/avatar\\\/37d968a2e67a6fd04c169c4bdef102d0bc5d31b2546345219e348575eb80e9a0?s=96&d=mm&r=g\",\"contentUrl\":\"https:\\\/\\\/secure.gravatar.com\\\/avatar\\\/37d968a2e67a6fd04c169c4bdef102d0bc5d31b2546345219e348575eb80e9a0?s=96&d=mm&r=g\",\"caption\":\"redazione\"},\"sameAs\":[\"http:\\\/\\\/www.bellunopress.it\",\"https:\\\/\\\/x.com\\\/bellunopress\"],\"url\":\"https:\\\/\\\/www.bellunopress.it\\\/fr\\\/author\\\/redazione\\\/\"}]}<\/script>\n<!-- \/ Yoast SEO plugin. -->","yoast_head_json":{"title":"Capodanno in tv con Festival show. Su Antennatre e Free luned\u00ec 31 dicembre dalle ore 21 - Bellunopress - Dolomiti","robots":{"index":"index","follow":"follow","max-snippet":"max-snippet:-1","max-image-preview":"max-image-preview:large","max-video-preview":"max-video-preview:-1"},"canonical":"https:\/\/www.bellunopress.it\/fr\/2012\/12\/28\/capodanno-in-tv-con-festival-show-su-antennatre-e-free-lunedi-31-dicembre-dalle-ore-21\/","og_locale":"fr_FR","og_type":"article","og_title":"Capodanno in tv con Festival show. Su Antennatre e Free luned\u00ec 31 dicembre dalle ore 21 - Bellunopress - Dolomiti","og_description":"Musica e spettacolo per salutare l&#8217;arrivo del 2013 con Emma, Enrico Ruggeri, Alessandra Amoroso, Stadio, Irene Fornaciari, Nomadi, Alexia, Annalisa, Fabrizio Moro, Umberto Tozzi e tanti altri presentati da Serena Autieri. Il capodanno di Antennatre e Free con Festival show. Saranno le immagini dell&#8217;evento di Radio Birikina e Radio Bella &amp; Monella ad accompagnare i [&hellip;]","og_url":"https:\/\/www.bellunopress.it\/fr\/2012\/12\/28\/capodanno-in-tv-con-festival-show-su-antennatre-e-free-lunedi-31-dicembre-dalle-ore-21\/","og_site_name":"Bellunopress - Dolomiti","article_publisher":"https:\/\/www.facebook.com\/profile.php?id=100008943462799","article_published_time":"2012-12-28T21:39:22+00:00","og_image":[{"url":"http:\/\/www.bellunopress.it\/wp-content\/uploads\/2012\/07\/festival-show-2012-belluno-005.jpg","type":"","width":"","height":""}],"author":"redazione","twitter_card":"summary_large_image","twitter_creator":"@bellunopress","twitter_site":"@bellunopress","twitter_misc":{"\u00c9crit par":"redazione","Dur\u00e9e de lecture estim\u00e9e":"2 minutes"},"schema":{"@context":"https:\/\/schema.org","@graph":[{"@type":"Article","@id":"https:\/\/www.bellunopress.it\/2012\/12\/28\/capodanno-in-tv-con-festival-show-su-antennatre-e-free-lunedi-31-dicembre-dalle-ore-21\/#article","isPartOf":{"@id":"https:\/\/www.bellunopress.it\/2012\/12\/28\/capodanno-in-tv-con-festival-show-su-antennatre-e-free-lunedi-31-dicembre-dalle-ore-21\/"},"author":{"name":"redazione","@id":"https:\/\/www.bellunopress.it\/#\/schema\/person\/79bb06722b37ece1c03d3e94beb30d73"},"headline":"Capodanno in tv con Festival show. Su Antennatre e Free luned\u00ec 31 dicembre dalle ore 21","datePublished":"2012-12-28T21:39:22+00:00","mainEntityOfPage":{"@id":"https:\/\/www.bellunopress.it\/2012\/12\/28\/capodanno-in-tv-con-festival-show-su-antennatre-e-free-lunedi-31-dicembre-dalle-ore-21\/"},"wordCount":328,"publisher":{"@id":"https:\/\/www.bellunopress.it\/#organization"},"image":{"@id":"https:\/\/www.bellunopress.it\/2012\/12\/28\/capodanno-in-tv-con-festival-show-su-antennatre-e-free-lunedi-31-dicembre-dalle-ore-21\/#primaryimage"},"thumbnailUrl":"http:\/\/www.bellunopress.it\/wp-content\/uploads\/2012\/07\/festival-show-2012-belluno-005.jpg","articleSection":["Appuntamenti, Eventi","Pausa Caff\u00e8"],"inLanguage":"fr-FR"},{"@type":"WebPage","@id":"https:\/\/www.bellunopress.it\/2012\/12\/28\/capodanno-in-tv-con-festival-show-su-antennatre-e-free-lunedi-31-dicembre-dalle-ore-21\/","url":"https:\/\/www.bellunopress.it\/2012\/12\/28\/capodanno-in-tv-con-festival-show-su-antennatre-e-free-lunedi-31-dicembre-dalle-ore-21\/","name":"Capodanno in tv con Festival show. Su Antennatre e Free luned\u00ec 31 dicembre dalle ore 21 - Bellunopress - Dolomiti","isPartOf":{"@id":"https:\/\/www.bellunopress.it\/#website"},"primaryImageOfPage":{"@id":"https:\/\/www.bellunopress.it\/2012\/12\/28\/capodanno-in-tv-con-festival-show-su-antennatre-e-free-lunedi-31-dicembre-dalle-ore-21\/#primaryimage"},"image":{"@id":"https:\/\/www.bellunopress.it\/2012\/12\/28\/capodanno-in-tv-con-festival-show-su-antennatre-e-free-lunedi-31-dicembre-dalle-ore-21\/#primaryimage"},"thumbnailUrl":"http:\/\/www.bellunopress.it\/wp-content\/uploads\/2012\/07\/festival-show-2012-belluno-005.jpg","datePublished":"2012-12-28T21:39:22+00:00","breadcrumb":{"@id":"https:\/\/www.bellunopress.it\/2012\/12\/28\/capodanno-in-tv-con-festival-show-su-antennatre-e-free-lunedi-31-dicembre-dalle-ore-21\/#breadcrumb"},"inLanguage":"fr-FR","potentialAction":[{"@type":"ReadAction","target":["https:\/\/www.bellunopress.it\/2012\/12\/28\/capodanno-in-tv-con-festival-show-su-antennatre-e-free-lunedi-31-dicembre-dalle-ore-21\/"]}]},{"@type":"ImageObject","inLanguage":"fr-FR","@id":"https:\/\/www.bellunopress.it\/2012\/12\/28\/capodanno-in-tv-con-festival-show-su-antennatre-e-free-lunedi-31-dicembre-dalle-ore-21\/#primaryimage","url":"http:\/\/www.bellunopress.it\/wp-content\/uploads\/2012\/07\/festival-show-2012-belluno-005.jpg","contentUrl":"http:\/\/www.bellunopress.it\/wp-content\/uploads\/2012\/07\/festival-show-2012-belluno-005.jpg"},{"@type":"BreadcrumbList","@id":"https:\/\/www.bellunopress.it\/2012\/12\/28\/capodanno-in-tv-con-festival-show-su-antennatre-e-free-lunedi-31-dicembre-dalle-ore-21\/#breadcrumb","itemListElement":[{"@type":"ListItem","position":1,"name":"Home","item":"https:\/\/www.bellunopress.it\/"},{"@type":"ListItem","position":2,"name":"Capodanno in tv con Festival show. Su Antennatre e Free luned\u00ec 31 dicembre dalle ore 21"}]},{"@type":"WebSite","@id":"https:\/\/www.bellunopress.it\/#website","url":"https:\/\/www.bellunopress.it\/","name":"Bellunopress - Dolomiti","description":"e-mail: redazione@bellunopress.it","publisher":{"@id":"https:\/\/www.bellunopress.it\/#organization"},"potentialAction":[{"@type":"SearchAction","target":{"@type":"EntryPoint","urlTemplate":"https:\/\/www.bellunopress.it\/?s={search_term_string}"},"query-input":{"@type":"PropertyValueSpecification","valueRequired":true,"valueName":"search_term_string"}}],"inLanguage":"fr-FR"},{"@type":"Organization","@id":"https:\/\/www.bellunopress.it\/#organization","name":"Bellunopress","url":"https:\/\/www.bellunopress.it\/","logo":{"@type":"ImageObject","inLanguage":"fr-FR","@id":"https:\/\/www.bellunopress.it\/#\/schema\/logo\/image\/","url":"https:\/\/www.bellunopress.it\/wp-content\/uploads\/2011\/05\/cropped-logo-bellunopress-.jpg","contentUrl":"https:\/\/www.bellunopress.it\/wp-content\/uploads\/2011\/05\/cropped-logo-bellunopress-.jpg","width":512,"height":512,"caption":"Bellunopress"},"image":{"@id":"https:\/\/www.bellunopress.it\/#\/schema\/logo\/image\/"},"sameAs":["https:\/\/www.facebook.com\/profile.php?id=100008943462799","https:\/\/x.com\/bellunopress","https:\/\/www.linkedin.com\/hp\/?dnr=JBzUWaJfMUw8vbXJJ2tVW5-I3jZKvC4wsoxE&amp;amp;amp;amp;amp;amp;trk=nav_responsive_tab_home","https:\/\/www.youtube.com\/channel\/UCxL0wu1uN0_3_7hGG0306cw"]},{"@type":"Person","@id":"https:\/\/www.bellunopress.it\/#\/schema\/person\/79bb06722b37ece1c03d3e94beb30d73","name":"r\u00e9daction","image":{"@type":"ImageObject","inLanguage":"fr-FR","@id":"https:\/\/secure.gravatar.com\/avatar\/37d968a2e67a6fd04c169c4bdef102d0bc5d31b2546345219e348575eb80e9a0?s=96&d=mm&r=g","url":"https:\/\/secure.gravatar.com\/avatar\/37d968a2e67a6fd04c169c4bdef102d0bc5d31b2546345219e348575eb80e9a0?s=96&d=mm&r=g","contentUrl":"https:\/\/secure.gravatar.com\/avatar\/37d968a2e67a6fd04c169c4bdef102d0bc5d31b2546345219e348575eb80e9a0?s=96&d=mm&r=g","caption":"redazione"},"sameAs":["http:\/\/www.bellunopress.it","https:\/\/x.com\/bellunopress"],"url":"https:\/\/www.bellunopress.it\/fr\/author\/redazione\/"}]}},"_links":{"self":[{"href":"https:\/\/www.bellunopress.it\/fr\/wp-json\/wp\/v2\/posts\/45223","targetHints":{"allow":["GET"]}}],"collection":[{"href":"https:\/\/www.bellunopress.it\/fr\/wp-json\/wp\/v2\/posts"}],"about":[{"href":"https:\/\/www.bellunopress.it\/fr\/wp-json\/wp\/v2\/types\/post"}],"author":[{"embeddable":true,"href":"https:\/\/www.bellunopress.it\/fr\/wp-json\/wp\/v2\/users\/2"}],"replies":[{"embeddable":true,"href":"https:\/\/www.bellunopress.it\/fr\/wp-json\/wp\/v2\/comments?post=45223"}],"version-history":[{"count":1,"href":"https:\/\/www.bellunopress.it\/fr\/wp-json\/wp\/v2\/posts\/45223\/revisions"}],"predecessor-version":[{"id":45224,"href":"https:\/\/www.bellunopress.it\/fr\/wp-json\/wp\/v2\/posts\/45223\/revisions\/45224"}],"wp:attachment":[{"href":"https:\/\/www.bellunopress.it\/fr\/wp-json\/wp\/v2\/media?parent=45223"}],"wp:term":[{"taxonomy":"category","embeddable":true,"href":"https:\/\/www.bellunopress.it\/fr\/wp-json\/wp\/v2\/categories?post=45223"},{"taxonomy":"post_tag","embeddable":true,"href":"https:\/\/www.bellunopress.it\/fr\/wp-json\/wp\/v2\/tags?post=45223"}],"curies":[{"name":"wp","href":"https:\/\/api.w.org\/{rel}","templated":true}]}}