{"id":45220,"date":"2012-12-28T22:25:13","date_gmt":"2012-12-28T21:25:13","guid":{"rendered":"http:\/\/www.bellunopress.it\/?p=45220"},"modified":"2012-12-28T22:25:13","modified_gmt":"2012-12-28T21:25:13","slug":"sabato-a-feltre-il-confronto-tra-i-sei-candidati-alle-primarie-del-pd","status":"publish","type":"post","link":"https:\/\/www.bellunopress.it\/fr\/2012\/12\/28\/sabato-a-feltre-il-confronto-tra-i-sei-candidati-alle-primarie-del-pd\/","title":{"rendered":"Sabato a Feltre il confronto tra i sei candidati alle primarie del Pd"},"content":{"rendered":"<p><a href=\"http:\/\/www.bellunopress.it\/wp-content\/uploads\/2009\/10\/logo_pd-leggerissima.jpg\"><img loading=\"lazy\" decoding=\"async\" class=\"alignleft size-full wp-image-9341\" alt=\"logo_pd-leggerissima\" src=\"http:\/\/www.bellunopress.it\/wp-content\/uploads\/2009\/10\/logo_pd-leggerissima.jpg\" width=\"110\" height=\"89\" \/><\/a>Il circolo del Partito democratico di Feltre e Seren del Grappa comunica che sabato 29\/12, ore 18.00, presso Ristorante Il Palio, si terr\u00e0 un confronto pubblico tra i sei candidati alle elezioni primarie che si terranno il prossimo 30 dicembre. Sar\u00e0 un momento importante per valorizzare un appuntamento inedito, come le primarie, che fanno della partecipazione, del confronto, del ritorno alla piena legittimazione democratica la propria causa di esistenza, per ovviare alle vergognose conseguenze di una legge elettorale indegna. La partecipazione alle urne il 30 dicembre sar\u00e0 l&#8217;occasione per ricostruire, su basi nuove, il rapporto tra eletti ed elettori, tra rappresentanti e territori: un confronto di idee prima che di persone, per un Pd che vuole essere ci\u00f2 che il suoi elettori ed i suoi iscritti vogliono che sia, rifiutando il modello del partito imposto dall&#8217;alto che si propone come un format televisivo, fatto e preconfezionato per un pubblico, che cerca invece il coraggio e la forza per mettersi in discussione, per presentare e far giudicare il proprio consuntivo agli elettori.<\/p>\n<p>Saranno presenti tutti i candidati che, come ufficializzato dalla direzione provinciale del Pd, sono riusciti a raccogliere le 50 firme di iscritti come previsto dal regolamento:<\/p>\n<p>\uf0b7 Claudia Bettiol<\/p>\n<p>\uf0b7 Alessandro Dalla Gasperina<\/p>\n<p>\uf0b7 Roger De Menech<\/p>\n<p>\uf0b7 Lidia Maoret<\/p>\n<p>\uf0b7 Irma Visalli<\/p>\n<p>\uf0b7 Maria Teresa Cassol<\/p>\n<p>Non sar\u00e0 solo un confronto tra persone e storie politiche, ma anche e soprattutto un confronto di idee, di visioni del paese, di modelli di rappresentanza territoriale.<\/p>\n<p>Sar\u00e0 l&#8217;occasione anche per invitare al voto i partecipanti ricordando che possono prenderne parte:<\/p>\n<p>Partito Democratico Feltre-Seren Del Grappa<\/p>\n<p>a) coloro che hanno sottoscritto la carta d&#8217;intenti dell&#8217;alleanza di centrosinistra andando a votare alle primarie per la scelta del leader della coalizione e candidato premier lo scorso 25 novembre 2012;<\/p>\n<p>b) gli iscritti al Partito democratico dal 2011.<\/p>\n<p>Per i votanti di Feltre e Seren del Grappa, comunica il comitato di coordinamento del circolo Pd (Giuseppe Corrent, Alessandro Del Bianco, Luciano De Nato), il seggio sar\u00e0 allestito presso l&#8217;Istituto &#8220;Carenzoni&#8221; (la stessa location delle primarie del 25\/11, di fronte al Foro Boario) e rimarr\u00e0 aperto dalle 8 alle 21 di domenica 30 novembre. \u00c8 bene ricordare che la direzione provinciale del Pd, nonostante le direttive nazionali, ha deciso di NON richiedere la cifra di \u20ac 2 per ogni votante, come invece avvenuto al primo turno, permettendo il voto libero e gratuito a tutti i legittimati, che gi\u00e0 hanno contribuito nella scorsa tornata<\/p>","protected":false},"excerpt":{"rendered":"<p>Il circolo del Partito democratico di Feltre e Seren del Grappa comunica che sabato 29\/12, ore 18.00, presso Ristorante Il Palio, si terr\u00e0 un confronto pubblico tra i sei candidati alle elezioni primarie che si terranno il prossimo 30 dicembre. Sar\u00e0 un momento importante per valorizzare un appuntamento inedito, come le primarie, che fanno della [&hellip;]<\/p>\n","protected":false},"author":2,"featured_media":0,"comment_status":"closed","ping_status":"open","sticky":false,"template":"","format":"standard","meta":{"footnotes":""},"categories":[5,26],"tags":[],"class_list":["post-45220","post","type-post","status-publish","format-standard","category-cronaca","category-prima-pagina"],"yoast_head":"<!-- This site is optimized with the Yoast SEO plugin v28.4 - https:\/\/yoast.com\/product\/yoast-seo-wordpress\/ -->\n<title>Sabato a Feltre il confronto tra i sei candidati alle primarie del Pd - Bellunopress - Dolomiti<\/title>\n<meta name=\"robots\" content=\"index, follow, max-snippet:-1, max-image-preview:large, max-video-preview:-1\" \/>\n<link rel=\"canonical\" href=\"https:\/\/www.bellunopress.it\/fr\/2012\/12\/28\/sabato-a-feltre-il-confronto-tra-i-sei-candidati-alle-primarie-del-pd\/\" \/>\n<meta property=\"og:locale\" content=\"fr_FR\" \/>\n<meta property=\"og:type\" content=\"article\" \/>\n<meta property=\"og:title\" content=\"Sabato a Feltre il confronto tra i sei candidati alle primarie del Pd - Bellunopress - Dolomiti\" \/>\n<meta property=\"og:description\" content=\"Il circolo del Partito democratico di Feltre e Seren del Grappa comunica che sabato 29\/12, ore 18.00, presso Ristorante Il Palio, si terr\u00e0 un confronto pubblico tra i sei candidati alle elezioni primarie che si terranno il prossimo 30 dicembre. Sar\u00e0 un momento importante per valorizzare un appuntamento inedito, come le primarie, che fanno della [&hellip;]\" \/>\n<meta property=\"og:url\" content=\"https:\/\/www.bellunopress.it\/fr\/2012\/12\/28\/sabato-a-feltre-il-confronto-tra-i-sei-candidati-alle-primarie-del-pd\/\" \/>\n<meta property=\"og:site_name\" content=\"Bellunopress - Dolomiti\" \/>\n<meta property=\"article:publisher\" content=\"https:\/\/www.facebook.com\/profile.php?id=100008943462799\" \/>\n<meta property=\"article:published_time\" content=\"2012-12-28T21:25:13+00:00\" \/>\n<meta property=\"og:image\" content=\"http:\/\/www.bellunopress.it\/wp-content\/uploads\/2009\/10\/logo_pd-leggerissima.jpg\" \/>\n<meta name=\"author\" content=\"redazione\" \/>\n<meta name=\"twitter:card\" content=\"summary_large_image\" \/>\n<meta name=\"twitter:creator\" content=\"@bellunopress\" \/>\n<meta name=\"twitter:site\" content=\"@bellunopress\" \/>\n<meta name=\"twitter:label1\" content=\"\u00c9crit par\" \/>\n\t<meta name=\"twitter:data1\" content=\"redazione\" \/>\n\t<meta name=\"twitter:label2\" content=\"Dur\u00e9e de lecture estim\u00e9e\" \/>\n\t<meta name=\"twitter:data2\" content=\"2 minutes\" \/>\n<script type=\"application\/ld+json\" class=\"yoast-schema-graph\">{\"@context\":\"https:\\\/\\\/schema.org\",\"@graph\":[{\"@type\":\"Article\",\"@id\":\"https:\\\/\\\/www.bellunopress.it\\\/2012\\\/12\\\/28\\\/sabato-a-feltre-il-confronto-tra-i-sei-candidati-alle-primarie-del-pd\\\/#article\",\"isPartOf\":{\"@id\":\"https:\\\/\\\/www.bellunopress.it\\\/2012\\\/12\\\/28\\\/sabato-a-feltre-il-confronto-tra-i-sei-candidati-alle-primarie-del-pd\\\/\"},\"author\":{\"name\":\"redazione\",\"@id\":\"https:\\\/\\\/www.bellunopress.it\\\/#\\\/schema\\\/person\\\/79bb06722b37ece1c03d3e94beb30d73\"},\"headline\":\"Sabato a Feltre il confronto tra i sei candidati alle primarie del Pd\",\"datePublished\":\"2012-12-28T21:25:13+00:00\",\"mainEntityOfPage\":{\"@id\":\"https:\\\/\\\/www.bellunopress.it\\\/2012\\\/12\\\/28\\\/sabato-a-feltre-il-confronto-tra-i-sei-candidati-alle-primarie-del-pd\\\/\"},\"wordCount\":405,\"publisher\":{\"@id\":\"https:\\\/\\\/www.bellunopress.it\\\/#organization\"},\"image\":{\"@id\":\"https:\\\/\\\/www.bellunopress.it\\\/2012\\\/12\\\/28\\\/sabato-a-feltre-il-confronto-tra-i-sei-candidati-alle-primarie-del-pd\\\/#primaryimage\"},\"thumbnailUrl\":\"http:\\\/\\\/www.bellunopress.it\\\/wp-content\\\/uploads\\\/2009\\\/10\\\/logo_pd-leggerissima.jpg\",\"articleSection\":[\"Cronaca\\\/Politica\",\"Prima Pagina\"],\"inLanguage\":\"fr-FR\"},{\"@type\":\"WebPage\",\"@id\":\"https:\\\/\\\/www.bellunopress.it\\\/2012\\\/12\\\/28\\\/sabato-a-feltre-il-confronto-tra-i-sei-candidati-alle-primarie-del-pd\\\/\",\"url\":\"https:\\\/\\\/www.bellunopress.it\\\/2012\\\/12\\\/28\\\/sabato-a-feltre-il-confronto-tra-i-sei-candidati-alle-primarie-del-pd\\\/\",\"name\":\"Sabato a Feltre il confronto tra i sei candidati alle primarie del Pd - Bellunopress - Dolomiti\",\"isPartOf\":{\"@id\":\"https:\\\/\\\/www.bellunopress.it\\\/#website\"},\"primaryImageOfPage\":{\"@id\":\"https:\\\/\\\/www.bellunopress.it\\\/2012\\\/12\\\/28\\\/sabato-a-feltre-il-confronto-tra-i-sei-candidati-alle-primarie-del-pd\\\/#primaryimage\"},\"image\":{\"@id\":\"https:\\\/\\\/www.bellunopress.it\\\/2012\\\/12\\\/28\\\/sabato-a-feltre-il-confronto-tra-i-sei-candidati-alle-primarie-del-pd\\\/#primaryimage\"},\"thumbnailUrl\":\"http:\\\/\\\/www.bellunopress.it\\\/wp-content\\\/uploads\\\/2009\\\/10\\\/logo_pd-leggerissima.jpg\",\"datePublished\":\"2012-12-28T21:25:13+00:00\",\"breadcrumb\":{\"@id\":\"https:\\\/\\\/www.bellunopress.it\\\/2012\\\/12\\\/28\\\/sabato-a-feltre-il-confronto-tra-i-sei-candidati-alle-primarie-del-pd\\\/#breadcrumb\"},\"inLanguage\":\"fr-FR\",\"potentialAction\":[{\"@type\":\"ReadAction\",\"target\":[\"https:\\\/\\\/www.bellunopress.it\\\/2012\\\/12\\\/28\\\/sabato-a-feltre-il-confronto-tra-i-sei-candidati-alle-primarie-del-pd\\\/\"]}]},{\"@type\":\"ImageObject\",\"inLanguage\":\"fr-FR\",\"@id\":\"https:\\\/\\\/www.bellunopress.it\\\/2012\\\/12\\\/28\\\/sabato-a-feltre-il-confronto-tra-i-sei-candidati-alle-primarie-del-pd\\\/#primaryimage\",\"url\":\"http:\\\/\\\/www.bellunopress.it\\\/wp-content\\\/uploads\\\/2009\\\/10\\\/logo_pd-leggerissima.jpg\",\"contentUrl\":\"http:\\\/\\\/www.bellunopress.it\\\/wp-content\\\/uploads\\\/2009\\\/10\\\/logo_pd-leggerissima.jpg\"},{\"@type\":\"BreadcrumbList\",\"@id\":\"https:\\\/\\\/www.bellunopress.it\\\/2012\\\/12\\\/28\\\/sabato-a-feltre-il-confronto-tra-i-sei-candidati-alle-primarie-del-pd\\\/#breadcrumb\",\"itemListElement\":[{\"@type\":\"ListItem\",\"position\":1,\"name\":\"Home\",\"item\":\"https:\\\/\\\/www.bellunopress.it\\\/\"},{\"@type\":\"ListItem\",\"position\":2,\"name\":\"Sabato a Feltre il confronto tra i sei candidati alle primarie del Pd\"}]},{\"@type\":\"WebSite\",\"@id\":\"https:\\\/\\\/www.bellunopress.it\\\/#website\",\"url\":\"https:\\\/\\\/www.bellunopress.it\\\/\",\"name\":\"Bellunopress - Dolomiti\",\"description\":\"e-mail: redazione@bellunopress.it\",\"publisher\":{\"@id\":\"https:\\\/\\\/www.bellunopress.it\\\/#organization\"},\"potentialAction\":[{\"@type\":\"SearchAction\",\"target\":{\"@type\":\"EntryPoint\",\"urlTemplate\":\"https:\\\/\\\/www.bellunopress.it\\\/?s={search_term_string}\"},\"query-input\":{\"@type\":\"PropertyValueSpecification\",\"valueRequired\":true,\"valueName\":\"search_term_string\"}}],\"inLanguage\":\"fr-FR\"},{\"@type\":\"Organization\",\"@id\":\"https:\\\/\\\/www.bellunopress.it\\\/#organization\",\"name\":\"Bellunopress\",\"url\":\"https:\\\/\\\/www.bellunopress.it\\\/\",\"logo\":{\"@type\":\"ImageObject\",\"inLanguage\":\"fr-FR\",\"@id\":\"https:\\\/\\\/www.bellunopress.it\\\/#\\\/schema\\\/logo\\\/image\\\/\",\"url\":\"https:\\\/\\\/www.bellunopress.it\\\/wp-content\\\/uploads\\\/2011\\\/05\\\/cropped-logo-bellunopress-.jpg\",\"contentUrl\":\"https:\\\/\\\/www.bellunopress.it\\\/wp-content\\\/uploads\\\/2011\\\/05\\\/cropped-logo-bellunopress-.jpg\",\"width\":512,\"height\":512,\"caption\":\"Bellunopress\"},\"image\":{\"@id\":\"https:\\\/\\\/www.bellunopress.it\\\/#\\\/schema\\\/logo\\\/image\\\/\"},\"sameAs\":[\"https:\\\/\\\/www.facebook.com\\\/profile.php?id=100008943462799\",\"https:\\\/\\\/x.com\\\/bellunopress\",\"https:\\\/\\\/www.linkedin.com\\\/hp\\\/?dnr=JBzUWaJfMUw8vbXJJ2tVW5-I3jZKvC4wsoxE&amp;amp;amp;amp;amp;amp;trk=nav_responsive_tab_home\",\"https:\\\/\\\/www.youtube.com\\\/channel\\\/UCxL0wu1uN0_3_7hGG0306cw\"]},{\"@type\":\"Person\",\"@id\":\"https:\\\/\\\/www.bellunopress.it\\\/#\\\/schema\\\/person\\\/79bb06722b37ece1c03d3e94beb30d73\",\"name\":\"redazione\",\"image\":{\"@type\":\"ImageObject\",\"inLanguage\":\"fr-FR\",\"@id\":\"https:\\\/\\\/secure.gravatar.com\\\/avatar\\\/37d968a2e67a6fd04c169c4bdef102d0bc5d31b2546345219e348575eb80e9a0?s=96&d=mm&r=g\",\"url\":\"https:\\\/\\\/secure.gravatar.com\\\/avatar\\\/37d968a2e67a6fd04c169c4bdef102d0bc5d31b2546345219e348575eb80e9a0?s=96&d=mm&r=g\",\"contentUrl\":\"https:\\\/\\\/secure.gravatar.com\\\/avatar\\\/37d968a2e67a6fd04c169c4bdef102d0bc5d31b2546345219e348575eb80e9a0?s=96&d=mm&r=g\",\"caption\":\"redazione\"},\"sameAs\":[\"http:\\\/\\\/www.bellunopress.it\",\"https:\\\/\\\/x.com\\\/bellunopress\"],\"url\":\"https:\\\/\\\/www.bellunopress.it\\\/fr\\\/author\\\/redazione\\\/\"}]}<\/script>\n<!-- \/ Yoast SEO plugin. -->","yoast_head_json":{"title":"Sabato a Feltre il confronto tra i sei candidati alle primarie del Pd - Bellunopress - Dolomiti","robots":{"index":"index","follow":"follow","max-snippet":"max-snippet:-1","max-image-preview":"max-image-preview:large","max-video-preview":"max-video-preview:-1"},"canonical":"https:\/\/www.bellunopress.it\/fr\/2012\/12\/28\/sabato-a-feltre-il-confronto-tra-i-sei-candidati-alle-primarie-del-pd\/","og_locale":"fr_FR","og_type":"article","og_title":"Sabato a Feltre il confronto tra i sei candidati alle primarie del Pd - Bellunopress - Dolomiti","og_description":"Il circolo del Partito democratico di Feltre e Seren del Grappa comunica che sabato 29\/12, ore 18.00, presso Ristorante Il Palio, si terr\u00e0 un confronto pubblico tra i sei candidati alle elezioni primarie che si terranno il prossimo 30 dicembre. Sar\u00e0 un momento importante per valorizzare un appuntamento inedito, come le primarie, che fanno della [&hellip;]","og_url":"https:\/\/www.bellunopress.it\/fr\/2012\/12\/28\/sabato-a-feltre-il-confronto-tra-i-sei-candidati-alle-primarie-del-pd\/","og_site_name":"Bellunopress - Dolomiti","article_publisher":"https:\/\/www.facebook.com\/profile.php?id=100008943462799","article_published_time":"2012-12-28T21:25:13+00:00","og_image":[{"url":"http:\/\/www.bellunopress.it\/wp-content\/uploads\/2009\/10\/logo_pd-leggerissima.jpg","type":"","width":"","height":""}],"author":"redazione","twitter_card":"summary_large_image","twitter_creator":"@bellunopress","twitter_site":"@bellunopress","twitter_misc":{"\u00c9crit par":"redazione","Dur\u00e9e de lecture estim\u00e9e":"2 minutes"},"schema":{"@context":"https:\/\/schema.org","@graph":[{"@type":"Article","@id":"https:\/\/www.bellunopress.it\/2012\/12\/28\/sabato-a-feltre-il-confronto-tra-i-sei-candidati-alle-primarie-del-pd\/#article","isPartOf":{"@id":"https:\/\/www.bellunopress.it\/2012\/12\/28\/sabato-a-feltre-il-confronto-tra-i-sei-candidati-alle-primarie-del-pd\/"},"author":{"name":"redazione","@id":"https:\/\/www.bellunopress.it\/#\/schema\/person\/79bb06722b37ece1c03d3e94beb30d73"},"headline":"Sabato a Feltre il confronto tra i sei candidati alle primarie del Pd","datePublished":"2012-12-28T21:25:13+00:00","mainEntityOfPage":{"@id":"https:\/\/www.bellunopress.it\/2012\/12\/28\/sabato-a-feltre-il-confronto-tra-i-sei-candidati-alle-primarie-del-pd\/"},"wordCount":405,"publisher":{"@id":"https:\/\/www.bellunopress.it\/#organization"},"image":{"@id":"https:\/\/www.bellunopress.it\/2012\/12\/28\/sabato-a-feltre-il-confronto-tra-i-sei-candidati-alle-primarie-del-pd\/#primaryimage"},"thumbnailUrl":"http:\/\/www.bellunopress.it\/wp-content\/uploads\/2009\/10\/logo_pd-leggerissima.jpg","articleSection":["Cronaca\/Politica","Prima Pagina"],"inLanguage":"fr-FR"},{"@type":"WebPage","@id":"https:\/\/www.bellunopress.it\/2012\/12\/28\/sabato-a-feltre-il-confronto-tra-i-sei-candidati-alle-primarie-del-pd\/","url":"https:\/\/www.bellunopress.it\/2012\/12\/28\/sabato-a-feltre-il-confronto-tra-i-sei-candidati-alle-primarie-del-pd\/","name":"Sabato a Feltre il confronto tra i sei candidati alle primarie del Pd - Bellunopress - Dolomiti","isPartOf":{"@id":"https:\/\/www.bellunopress.it\/#website"},"primaryImageOfPage":{"@id":"https:\/\/www.bellunopress.it\/2012\/12\/28\/sabato-a-feltre-il-confronto-tra-i-sei-candidati-alle-primarie-del-pd\/#primaryimage"},"image":{"@id":"https:\/\/www.bellunopress.it\/2012\/12\/28\/sabato-a-feltre-il-confronto-tra-i-sei-candidati-alle-primarie-del-pd\/#primaryimage"},"thumbnailUrl":"http:\/\/www.bellunopress.it\/wp-content\/uploads\/2009\/10\/logo_pd-leggerissima.jpg","datePublished":"2012-12-28T21:25:13+00:00","breadcrumb":{"@id":"https:\/\/www.bellunopress.it\/2012\/12\/28\/sabato-a-feltre-il-confronto-tra-i-sei-candidati-alle-primarie-del-pd\/#breadcrumb"},"inLanguage":"fr-FR","potentialAction":[{"@type":"ReadAction","target":["https:\/\/www.bellunopress.it\/2012\/12\/28\/sabato-a-feltre-il-confronto-tra-i-sei-candidati-alle-primarie-del-pd\/"]}]},{"@type":"ImageObject","inLanguage":"fr-FR","@id":"https:\/\/www.bellunopress.it\/2012\/12\/28\/sabato-a-feltre-il-confronto-tra-i-sei-candidati-alle-primarie-del-pd\/#primaryimage","url":"http:\/\/www.bellunopress.it\/wp-content\/uploads\/2009\/10\/logo_pd-leggerissima.jpg","contentUrl":"http:\/\/www.bellunopress.it\/wp-content\/uploads\/2009\/10\/logo_pd-leggerissima.jpg"},{"@type":"BreadcrumbList","@id":"https:\/\/www.bellunopress.it\/2012\/12\/28\/sabato-a-feltre-il-confronto-tra-i-sei-candidati-alle-primarie-del-pd\/#breadcrumb","itemListElement":[{"@type":"ListItem","position":1,"name":"Home","item":"https:\/\/www.bellunopress.it\/"},{"@type":"ListItem","position":2,"name":"Sabato a Feltre il confronto tra i sei candidati alle primarie del Pd"}]},{"@type":"WebSite","@id":"https:\/\/www.bellunopress.it\/#website","url":"https:\/\/www.bellunopress.it\/","name":"Bellunopress - Dolomiti","description":"e-mail: redazione@bellunopress.it","publisher":{"@id":"https:\/\/www.bellunopress.it\/#organization"},"potentialAction":[{"@type":"SearchAction","target":{"@type":"EntryPoint","urlTemplate":"https:\/\/www.bellunopress.it\/?s={search_term_string}"},"query-input":{"@type":"PropertyValueSpecification","valueRequired":true,"valueName":"search_term_string"}}],"inLanguage":"fr-FR"},{"@type":"Organization","@id":"https:\/\/www.bellunopress.it\/#organization","name":"Bellunopress","url":"https:\/\/www.bellunopress.it\/","logo":{"@type":"ImageObject","inLanguage":"fr-FR","@id":"https:\/\/www.bellunopress.it\/#\/schema\/logo\/image\/","url":"https:\/\/www.bellunopress.it\/wp-content\/uploads\/2011\/05\/cropped-logo-bellunopress-.jpg","contentUrl":"https:\/\/www.bellunopress.it\/wp-content\/uploads\/2011\/05\/cropped-logo-bellunopress-.jpg","width":512,"height":512,"caption":"Bellunopress"},"image":{"@id":"https:\/\/www.bellunopress.it\/#\/schema\/logo\/image\/"},"sameAs":["https:\/\/www.facebook.com\/profile.php?id=100008943462799","https:\/\/x.com\/bellunopress","https:\/\/www.linkedin.com\/hp\/?dnr=JBzUWaJfMUw8vbXJJ2tVW5-I3jZKvC4wsoxE&amp;amp;amp;amp;amp;amp;trk=nav_responsive_tab_home","https:\/\/www.youtube.com\/channel\/UCxL0wu1uN0_3_7hGG0306cw"]},{"@type":"Person","@id":"https:\/\/www.bellunopress.it\/#\/schema\/person\/79bb06722b37ece1c03d3e94beb30d73","name":"r\u00e9daction","image":{"@type":"ImageObject","inLanguage":"fr-FR","@id":"https:\/\/secure.gravatar.com\/avatar\/37d968a2e67a6fd04c169c4bdef102d0bc5d31b2546345219e348575eb80e9a0?s=96&d=mm&r=g","url":"https:\/\/secure.gravatar.com\/avatar\/37d968a2e67a6fd04c169c4bdef102d0bc5d31b2546345219e348575eb80e9a0?s=96&d=mm&r=g","contentUrl":"https:\/\/secure.gravatar.com\/avatar\/37d968a2e67a6fd04c169c4bdef102d0bc5d31b2546345219e348575eb80e9a0?s=96&d=mm&r=g","caption":"redazione"},"sameAs":["http:\/\/www.bellunopress.it","https:\/\/x.com\/bellunopress"],"url":"https:\/\/www.bellunopress.it\/fr\/author\/redazione\/"}]}},"_links":{"self":[{"href":"https:\/\/www.bellunopress.it\/fr\/wp-json\/wp\/v2\/posts\/45220","targetHints":{"allow":["GET"]}}],"collection":[{"href":"https:\/\/www.bellunopress.it\/fr\/wp-json\/wp\/v2\/posts"}],"about":[{"href":"https:\/\/www.bellunopress.it\/fr\/wp-json\/wp\/v2\/types\/post"}],"author":[{"embeddable":true,"href":"https:\/\/www.bellunopress.it\/fr\/wp-json\/wp\/v2\/users\/2"}],"replies":[{"embeddable":true,"href":"https:\/\/www.bellunopress.it\/fr\/wp-json\/wp\/v2\/comments?post=45220"}],"version-history":[{"count":1,"href":"https:\/\/www.bellunopress.it\/fr\/wp-json\/wp\/v2\/posts\/45220\/revisions"}],"predecessor-version":[{"id":45221,"href":"https:\/\/www.bellunopress.it\/fr\/wp-json\/wp\/v2\/posts\/45220\/revisions\/45221"}],"wp:attachment":[{"href":"https:\/\/www.bellunopress.it\/fr\/wp-json\/wp\/v2\/media?parent=45220"}],"wp:term":[{"taxonomy":"category","embeddable":true,"href":"https:\/\/www.bellunopress.it\/fr\/wp-json\/wp\/v2\/categories?post=45220"},{"taxonomy":"post_tag","embeddable":true,"href":"https:\/\/www.bellunopress.it\/fr\/wp-json\/wp\/v2\/tags?post=45220"}],"curies":[{"name":"wp","href":"https:\/\/api.w.org\/{rel}","templated":true}]}}