{"id":4521,"date":"2009-06-06T11:27:33","date_gmt":"2009-06-06T10:27:33","guid":{"rendered":"http:\/\/www.bellunopress.it\/?p=4521"},"modified":"2009-06-06T11:27:33","modified_gmt":"2009-06-06T10:27:33","slug":"la-biblioteca-di-belluno-guida-la-visita-al-museo-del-vetro-di-murano","status":"publish","type":"post","link":"https:\/\/www.bellunopress.it\/fr\/2009\/06\/06\/la-biblioteca-di-belluno-guida-la-visita-al-museo-del-vetro-di-murano\/","title":{"rendered":"La Biblioteca di Belluno guida la visita al Museo del vetro di Murano"},"content":{"rendered":"<p><a href=\"http:\/\/www.bellunopress.it\/wp-content\/uploads\/2009\/06\/murano-vetri-leggera.jpg\"><img loading=\"lazy\" decoding=\"async\" class=\"alignleft size-medium wp-image-4522\" title=\"murano-vetri-leggera\" src=\"http:\/\/www.bellunopress.it\/wp-content\/uploads\/2009\/06\/murano-vetri-leggera.jpg\" alt=\"\" width=\"270\" height=\"192\" \/><\/a> La Biblioteca civica di Belluno organizza sabato 13 giugno alle ore 10.30 una visita guidata al Museo del vetro che ha sede nell\u2019isola di Murano (VE), nella sede dell\u2019antico palazzo dei vescovi di Torcello alle fondamenta Giustinian. L\u2019itinerario proposto \u201cOrigini e storia dell\u2019arte vetraria veneziana\u201d sar\u00e0 curato da Caterina De March. Le collezioni sono ordinate cronologicamente: oltre alla sezione archeologica, che comprende notevoli reperti romani tra il I e il III secolo dopo Cristo, vi si trova la pi\u00f9 vasta rassegna storica del vetro muranese con importanti pezzi prodotti tra il Quattrocento e il Novecento, tra cui capolavori di rinomanza mondiale. L\u2019iscrizione sar\u00e0 aperta da mercoled\u00ec 3 giugno (la quota a persona \u00e8 di \u20ac 10,00 comprensiva del biglietto d\u2019entrata e della guida al museo), fino ad un massimo di 25\u00a0 persone, ed \u00e8 riservata a coloro che l\u2019abbiano effettuata presso la sede della biblioteca. Per ulteriori informazioni tel. 043725727 o e-mail: biblioteca@comune.belluno.it.<\/p>","protected":false},"excerpt":{"rendered":"<p>La Biblioteca civica di Belluno organizza sabato 13 giugno alle ore 10.30 una visita guidata al Museo del vetro che ha sede nell\u2019isola di Murano (VE), nella sede dell\u2019antico palazzo dei vescovi di Torcello alle fondamenta Giustinian. L\u2019itinerario proposto \u201cOrigini e storia dell\u2019arte vetraria veneziana\u201d sar\u00e0 curato da Caterina De March. Le collezioni sono ordinate [&hellip;]<\/p>\n","protected":false},"author":2,"featured_media":0,"comment_status":"closed","ping_status":"open","sticky":false,"template":"","format":"standard","meta":{"footnotes":""},"categories":[27,3,25],"tags":[139],"class_list":["post-4521","post","type-post","status-publish","format-standard","category-appuntamenti","category-arte-cultura-spettacoli-scienza-archivi","category-pausa-caffe","tag-belluno"],"yoast_head":"<!-- This site is optimized with the Yoast SEO plugin v28.4 - https:\/\/yoast.com\/product\/yoast-seo-wordpress\/ -->\n<title>La Biblioteca di Belluno guida la visita al Museo del vetro di Murano - Bellunopress - Dolomiti<\/title>\n<meta name=\"robots\" content=\"index, follow, max-snippet:-1, max-image-preview:large, max-video-preview:-1\" \/>\n<link rel=\"canonical\" href=\"https:\/\/www.bellunopress.it\/fr\/2009\/06\/06\/la-biblioteca-di-belluno-guida-la-visita-al-museo-del-vetro-di-murano\/\" \/>\n<meta property=\"og:locale\" content=\"fr_FR\" \/>\n<meta property=\"og:type\" content=\"article\" \/>\n<meta property=\"og:title\" content=\"La Biblioteca di Belluno guida la visita al Museo del vetro di Murano - Bellunopress - Dolomiti\" \/>\n<meta property=\"og:description\" content=\"La Biblioteca civica di Belluno organizza sabato 13 giugno alle ore 10.30 una visita guidata al Museo del vetro che ha sede nell\u2019isola di Murano (VE), nella sede dell\u2019antico palazzo dei vescovi di Torcello alle fondamenta Giustinian. L\u2019itinerario proposto \u201cOrigini e storia dell\u2019arte vetraria veneziana\u201d sar\u00e0 curato da Caterina De March. Le collezioni sono ordinate [&hellip;]\" \/>\n<meta property=\"og:url\" content=\"https:\/\/www.bellunopress.it\/fr\/2009\/06\/06\/la-biblioteca-di-belluno-guida-la-visita-al-museo-del-vetro-di-murano\/\" \/>\n<meta property=\"og:site_name\" content=\"Bellunopress - Dolomiti\" \/>\n<meta property=\"article:publisher\" content=\"https:\/\/www.facebook.com\/profile.php?id=100008943462799\" \/>\n<meta property=\"article:published_time\" content=\"2009-06-06T10:27:33+00:00\" \/>\n<meta property=\"og:image\" content=\"http:\/\/www.bellunopress.it\/wp-content\/uploads\/2009\/06\/murano-vetri-leggera.jpg\" \/>\n<meta name=\"author\" content=\"redazione\" \/>\n<meta name=\"twitter:card\" content=\"summary_large_image\" \/>\n<meta name=\"twitter:creator\" content=\"@bellunopress\" \/>\n<meta name=\"twitter:site\" content=\"@bellunopress\" \/>\n<meta name=\"twitter:label1\" content=\"Written by\" \/>\n\t<meta name=\"twitter:data1\" content=\"redazione\" \/>\n\t<meta name=\"twitter:label2\" content=\"Est. reading time\" \/>\n\t<meta name=\"twitter:data2\" content=\"1 minute\" \/>\n<script type=\"application\/ld+json\" class=\"yoast-schema-graph\">{\"@context\":\"https:\\\/\\\/schema.org\",\"@graph\":[{\"@type\":\"Article\",\"@id\":\"https:\\\/\\\/www.bellunopress.it\\\/2009\\\/06\\\/06\\\/la-biblioteca-di-belluno-guida-la-visita-al-museo-del-vetro-di-murano\\\/#article\",\"isPartOf\":{\"@id\":\"https:\\\/\\\/www.bellunopress.it\\\/2009\\\/06\\\/06\\\/la-biblioteca-di-belluno-guida-la-visita-al-museo-del-vetro-di-murano\\\/\"},\"author\":{\"name\":\"redazione\",\"@id\":\"https:\\\/\\\/www.bellunopress.it\\\/#\\\/schema\\\/person\\\/79bb06722b37ece1c03d3e94beb30d73\"},\"headline\":\"La Biblioteca di Belluno guida la visita al Museo del vetro di Murano\",\"datePublished\":\"2009-06-06T10:27:33+00:00\",\"mainEntityOfPage\":{\"@id\":\"https:\\\/\\\/www.bellunopress.it\\\/2009\\\/06\\\/06\\\/la-biblioteca-di-belluno-guida-la-visita-al-museo-del-vetro-di-murano\\\/\"},\"wordCount\":167,\"publisher\":{\"@id\":\"https:\\\/\\\/www.bellunopress.it\\\/#organization\"},\"image\":{\"@id\":\"https:\\\/\\\/www.bellunopress.it\\\/2009\\\/06\\\/06\\\/la-biblioteca-di-belluno-guida-la-visita-al-museo-del-vetro-di-murano\\\/#primaryimage\"},\"thumbnailUrl\":\"http:\\\/\\\/www.bellunopress.it\\\/wp-content\\\/uploads\\\/2009\\\/06\\\/murano-vetri-leggera.jpg\",\"keywords\":[\"Belluno\"],\"articleSection\":[\"Appuntamenti, Eventi\",\"Arte, Cultura, Spettacoli, Scienza\",\"Pausa Caff\u00e8\"],\"inLanguage\":\"fr-FR\"},{\"@type\":\"WebPage\",\"@id\":\"https:\\\/\\\/www.bellunopress.it\\\/2009\\\/06\\\/06\\\/la-biblioteca-di-belluno-guida-la-visita-al-museo-del-vetro-di-murano\\\/\",\"url\":\"https:\\\/\\\/www.bellunopress.it\\\/2009\\\/06\\\/06\\\/la-biblioteca-di-belluno-guida-la-visita-al-museo-del-vetro-di-murano\\\/\",\"name\":\"La Biblioteca di Belluno guida la visita al Museo del vetro di Murano - Bellunopress - Dolomiti\",\"isPartOf\":{\"@id\":\"https:\\\/\\\/www.bellunopress.it\\\/#website\"},\"primaryImageOfPage\":{\"@id\":\"https:\\\/\\\/www.bellunopress.it\\\/2009\\\/06\\\/06\\\/la-biblioteca-di-belluno-guida-la-visita-al-museo-del-vetro-di-murano\\\/#primaryimage\"},\"image\":{\"@id\":\"https:\\\/\\\/www.bellunopress.it\\\/2009\\\/06\\\/06\\\/la-biblioteca-di-belluno-guida-la-visita-al-museo-del-vetro-di-murano\\\/#primaryimage\"},\"thumbnailUrl\":\"http:\\\/\\\/www.bellunopress.it\\\/wp-content\\\/uploads\\\/2009\\\/06\\\/murano-vetri-leggera.jpg\",\"datePublished\":\"2009-06-06T10:27:33+00:00\",\"breadcrumb\":{\"@id\":\"https:\\\/\\\/www.bellunopress.it\\\/2009\\\/06\\\/06\\\/la-biblioteca-di-belluno-guida-la-visita-al-museo-del-vetro-di-murano\\\/#breadcrumb\"},\"inLanguage\":\"fr-FR\",\"potentialAction\":[{\"@type\":\"ReadAction\",\"target\":[\"https:\\\/\\\/www.bellunopress.it\\\/2009\\\/06\\\/06\\\/la-biblioteca-di-belluno-guida-la-visita-al-museo-del-vetro-di-murano\\\/\"]}]},{\"@type\":\"ImageObject\",\"inLanguage\":\"fr-FR\",\"@id\":\"https:\\\/\\\/www.bellunopress.it\\\/2009\\\/06\\\/06\\\/la-biblioteca-di-belluno-guida-la-visita-al-museo-del-vetro-di-murano\\\/#primaryimage\",\"url\":\"http:\\\/\\\/www.bellunopress.it\\\/wp-content\\\/uploads\\\/2009\\\/06\\\/murano-vetri-leggera.jpg\",\"contentUrl\":\"http:\\\/\\\/www.bellunopress.it\\\/wp-content\\\/uploads\\\/2009\\\/06\\\/murano-vetri-leggera.jpg\"},{\"@type\":\"BreadcrumbList\",\"@id\":\"https:\\\/\\\/www.bellunopress.it\\\/2009\\\/06\\\/06\\\/la-biblioteca-di-belluno-guida-la-visita-al-museo-del-vetro-di-murano\\\/#breadcrumb\",\"itemListElement\":[{\"@type\":\"ListItem\",\"position\":1,\"name\":\"Home\",\"item\":\"https:\\\/\\\/www.bellunopress.it\\\/\"},{\"@type\":\"ListItem\",\"position\":2,\"name\":\"La Biblioteca di Belluno guida la visita al Museo del vetro di Murano\"}]},{\"@type\":\"WebSite\",\"@id\":\"https:\\\/\\\/www.bellunopress.it\\\/#website\",\"url\":\"https:\\\/\\\/www.bellunopress.it\\\/\",\"name\":\"Bellunopress - Dolomiti\",\"description\":\"e-mail: redazione@bellunopress.it\",\"publisher\":{\"@id\":\"https:\\\/\\\/www.bellunopress.it\\\/#organization\"},\"potentialAction\":[{\"@type\":\"SearchAction\",\"target\":{\"@type\":\"EntryPoint\",\"urlTemplate\":\"https:\\\/\\\/www.bellunopress.it\\\/?s={search_term_string}\"},\"query-input\":{\"@type\":\"PropertyValueSpecification\",\"valueRequired\":true,\"valueName\":\"search_term_string\"}}],\"inLanguage\":\"fr-FR\"},{\"@type\":\"Organization\",\"@id\":\"https:\\\/\\\/www.bellunopress.it\\\/#organization\",\"name\":\"Bellunopress\",\"url\":\"https:\\\/\\\/www.bellunopress.it\\\/\",\"logo\":{\"@type\":\"ImageObject\",\"inLanguage\":\"fr-FR\",\"@id\":\"https:\\\/\\\/www.bellunopress.it\\\/#\\\/schema\\\/logo\\\/image\\\/\",\"url\":\"https:\\\/\\\/www.bellunopress.it\\\/wp-content\\\/uploads\\\/2011\\\/05\\\/cropped-logo-bellunopress-.jpg\",\"contentUrl\":\"https:\\\/\\\/www.bellunopress.it\\\/wp-content\\\/uploads\\\/2011\\\/05\\\/cropped-logo-bellunopress-.jpg\",\"width\":512,\"height\":512,\"caption\":\"Bellunopress\"},\"image\":{\"@id\":\"https:\\\/\\\/www.bellunopress.it\\\/#\\\/schema\\\/logo\\\/image\\\/\"},\"sameAs\":[\"https:\\\/\\\/www.facebook.com\\\/profile.php?id=100008943462799\",\"https:\\\/\\\/x.com\\\/bellunopress\",\"https:\\\/\\\/www.linkedin.com\\\/hp\\\/?dnr=JBzUWaJfMUw8vbXJJ2tVW5-I3jZKvC4wsoxE&amp;amp;amp;amp;amp;amp;trk=nav_responsive_tab_home\",\"https:\\\/\\\/www.youtube.com\\\/channel\\\/UCxL0wu1uN0_3_7hGG0306cw\"]},{\"@type\":\"Person\",\"@id\":\"https:\\\/\\\/www.bellunopress.it\\\/#\\\/schema\\\/person\\\/79bb06722b37ece1c03d3e94beb30d73\",\"name\":\"redazione\",\"image\":{\"@type\":\"ImageObject\",\"inLanguage\":\"fr-FR\",\"@id\":\"https:\\\/\\\/secure.gravatar.com\\\/avatar\\\/37d968a2e67a6fd04c169c4bdef102d0bc5d31b2546345219e348575eb80e9a0?s=96&d=mm&r=g\",\"url\":\"https:\\\/\\\/secure.gravatar.com\\\/avatar\\\/37d968a2e67a6fd04c169c4bdef102d0bc5d31b2546345219e348575eb80e9a0?s=96&d=mm&r=g\",\"contentUrl\":\"https:\\\/\\\/secure.gravatar.com\\\/avatar\\\/37d968a2e67a6fd04c169c4bdef102d0bc5d31b2546345219e348575eb80e9a0?s=96&d=mm&r=g\",\"caption\":\"redazione\"},\"sameAs\":[\"http:\\\/\\\/www.bellunopress.it\",\"https:\\\/\\\/x.com\\\/bellunopress\"],\"url\":\"https:\\\/\\\/www.bellunopress.it\\\/fr\\\/author\\\/redazione\\\/\"}]}<\/script>\n<!-- \/ Yoast SEO plugin. -->","yoast_head_json":{"title":"La Biblioteca di Belluno guida la visita al Museo del vetro di Murano - Bellunopress - Dolomiti","robots":{"index":"index","follow":"follow","max-snippet":"max-snippet:-1","max-image-preview":"max-image-preview:large","max-video-preview":"max-video-preview:-1"},"canonical":"https:\/\/www.bellunopress.it\/fr\/2009\/06\/06\/la-biblioteca-di-belluno-guida-la-visita-al-museo-del-vetro-di-murano\/","og_locale":"fr_FR","og_type":"article","og_title":"La Biblioteca di Belluno guida la visita al Museo del vetro di Murano - Bellunopress - Dolomiti","og_description":"La Biblioteca civica di Belluno organizza sabato 13 giugno alle ore 10.30 una visita guidata al Museo del vetro che ha sede nell\u2019isola di Murano (VE), nella sede dell\u2019antico palazzo dei vescovi di Torcello alle fondamenta Giustinian. L\u2019itinerario proposto \u201cOrigini e storia dell\u2019arte vetraria veneziana\u201d sar\u00e0 curato da Caterina De March. Le collezioni sono ordinate [&hellip;]","og_url":"https:\/\/www.bellunopress.it\/fr\/2009\/06\/06\/la-biblioteca-di-belluno-guida-la-visita-al-museo-del-vetro-di-murano\/","og_site_name":"Bellunopress - Dolomiti","article_publisher":"https:\/\/www.facebook.com\/profile.php?id=100008943462799","article_published_time":"2009-06-06T10:27:33+00:00","og_image":[{"url":"http:\/\/www.bellunopress.it\/wp-content\/uploads\/2009\/06\/murano-vetri-leggera.jpg","type":"","width":"","height":""}],"author":"redazione","twitter_card":"summary_large_image","twitter_creator":"@bellunopress","twitter_site":"@bellunopress","twitter_misc":{"Written by":"redazione","Est. reading time":"1 minute"},"schema":{"@context":"https:\/\/schema.org","@graph":[{"@type":"Article","@id":"https:\/\/www.bellunopress.it\/2009\/06\/06\/la-biblioteca-di-belluno-guida-la-visita-al-museo-del-vetro-di-murano\/#article","isPartOf":{"@id":"https:\/\/www.bellunopress.it\/2009\/06\/06\/la-biblioteca-di-belluno-guida-la-visita-al-museo-del-vetro-di-murano\/"},"author":{"name":"redazione","@id":"https:\/\/www.bellunopress.it\/#\/schema\/person\/79bb06722b37ece1c03d3e94beb30d73"},"headline":"La Biblioteca di Belluno guida la visita al Museo del vetro di Murano","datePublished":"2009-06-06T10:27:33+00:00","mainEntityOfPage":{"@id":"https:\/\/www.bellunopress.it\/2009\/06\/06\/la-biblioteca-di-belluno-guida-la-visita-al-museo-del-vetro-di-murano\/"},"wordCount":167,"publisher":{"@id":"https:\/\/www.bellunopress.it\/#organization"},"image":{"@id":"https:\/\/www.bellunopress.it\/2009\/06\/06\/la-biblioteca-di-belluno-guida-la-visita-al-museo-del-vetro-di-murano\/#primaryimage"},"thumbnailUrl":"http:\/\/www.bellunopress.it\/wp-content\/uploads\/2009\/06\/murano-vetri-leggera.jpg","keywords":["Belluno"],"articleSection":["Appuntamenti, Eventi","Arte, Cultura, Spettacoli, Scienza","Pausa Caff\u00e8"],"inLanguage":"fr-FR"},{"@type":"WebPage","@id":"https:\/\/www.bellunopress.it\/2009\/06\/06\/la-biblioteca-di-belluno-guida-la-visita-al-museo-del-vetro-di-murano\/","url":"https:\/\/www.bellunopress.it\/2009\/06\/06\/la-biblioteca-di-belluno-guida-la-visita-al-museo-del-vetro-di-murano\/","name":"La Biblioteca di Belluno guida la visita al Museo del vetro di Murano - Bellunopress - Dolomiti","isPartOf":{"@id":"https:\/\/www.bellunopress.it\/#website"},"primaryImageOfPage":{"@id":"https:\/\/www.bellunopress.it\/2009\/06\/06\/la-biblioteca-di-belluno-guida-la-visita-al-museo-del-vetro-di-murano\/#primaryimage"},"image":{"@id":"https:\/\/www.bellunopress.it\/2009\/06\/06\/la-biblioteca-di-belluno-guida-la-visita-al-museo-del-vetro-di-murano\/#primaryimage"},"thumbnailUrl":"http:\/\/www.bellunopress.it\/wp-content\/uploads\/2009\/06\/murano-vetri-leggera.jpg","datePublished":"2009-06-06T10:27:33+00:00","breadcrumb":{"@id":"https:\/\/www.bellunopress.it\/2009\/06\/06\/la-biblioteca-di-belluno-guida-la-visita-al-museo-del-vetro-di-murano\/#breadcrumb"},"inLanguage":"fr-FR","potentialAction":[{"@type":"ReadAction","target":["https:\/\/www.bellunopress.it\/2009\/06\/06\/la-biblioteca-di-belluno-guida-la-visita-al-museo-del-vetro-di-murano\/"]}]},{"@type":"ImageObject","inLanguage":"fr-FR","@id":"https:\/\/www.bellunopress.it\/2009\/06\/06\/la-biblioteca-di-belluno-guida-la-visita-al-museo-del-vetro-di-murano\/#primaryimage","url":"http:\/\/www.bellunopress.it\/wp-content\/uploads\/2009\/06\/murano-vetri-leggera.jpg","contentUrl":"http:\/\/www.bellunopress.it\/wp-content\/uploads\/2009\/06\/murano-vetri-leggera.jpg"},{"@type":"BreadcrumbList","@id":"https:\/\/www.bellunopress.it\/2009\/06\/06\/la-biblioteca-di-belluno-guida-la-visita-al-museo-del-vetro-di-murano\/#breadcrumb","itemListElement":[{"@type":"ListItem","position":1,"name":"Home","item":"https:\/\/www.bellunopress.it\/"},{"@type":"ListItem","position":2,"name":"La Biblioteca di Belluno guida la visita al Museo del vetro di Murano"}]},{"@type":"WebSite","@id":"https:\/\/www.bellunopress.it\/#website","url":"https:\/\/www.bellunopress.it\/","name":"Bellunopress - Dolomiti","description":"e-mail: redazione@bellunopress.it","publisher":{"@id":"https:\/\/www.bellunopress.it\/#organization"},"potentialAction":[{"@type":"SearchAction","target":{"@type":"EntryPoint","urlTemplate":"https:\/\/www.bellunopress.it\/?s={search_term_string}"},"query-input":{"@type":"PropertyValueSpecification","valueRequired":true,"valueName":"search_term_string"}}],"inLanguage":"fr-FR"},{"@type":"Organization","@id":"https:\/\/www.bellunopress.it\/#organization","name":"Bellunopress","url":"https:\/\/www.bellunopress.it\/","logo":{"@type":"ImageObject","inLanguage":"fr-FR","@id":"https:\/\/www.bellunopress.it\/#\/schema\/logo\/image\/","url":"https:\/\/www.bellunopress.it\/wp-content\/uploads\/2011\/05\/cropped-logo-bellunopress-.jpg","contentUrl":"https:\/\/www.bellunopress.it\/wp-content\/uploads\/2011\/05\/cropped-logo-bellunopress-.jpg","width":512,"height":512,"caption":"Bellunopress"},"image":{"@id":"https:\/\/www.bellunopress.it\/#\/schema\/logo\/image\/"},"sameAs":["https:\/\/www.facebook.com\/profile.php?id=100008943462799","https:\/\/x.com\/bellunopress","https:\/\/www.linkedin.com\/hp\/?dnr=JBzUWaJfMUw8vbXJJ2tVW5-I3jZKvC4wsoxE&amp;amp;amp;amp;amp;amp;trk=nav_responsive_tab_home","https:\/\/www.youtube.com\/channel\/UCxL0wu1uN0_3_7hGG0306cw"]},{"@type":"Person","@id":"https:\/\/www.bellunopress.it\/#\/schema\/person\/79bb06722b37ece1c03d3e94beb30d73","name":"r\u00e9daction","image":{"@type":"ImageObject","inLanguage":"fr-FR","@id":"https:\/\/secure.gravatar.com\/avatar\/37d968a2e67a6fd04c169c4bdef102d0bc5d31b2546345219e348575eb80e9a0?s=96&d=mm&r=g","url":"https:\/\/secure.gravatar.com\/avatar\/37d968a2e67a6fd04c169c4bdef102d0bc5d31b2546345219e348575eb80e9a0?s=96&d=mm&r=g","contentUrl":"https:\/\/secure.gravatar.com\/avatar\/37d968a2e67a6fd04c169c4bdef102d0bc5d31b2546345219e348575eb80e9a0?s=96&d=mm&r=g","caption":"redazione"},"sameAs":["http:\/\/www.bellunopress.it","https:\/\/x.com\/bellunopress"],"url":"https:\/\/www.bellunopress.it\/fr\/author\/redazione\/"}]}},"_links":{"self":[{"href":"https:\/\/www.bellunopress.it\/fr\/wp-json\/wp\/v2\/posts\/4521","targetHints":{"allow":["GET"]}}],"collection":[{"href":"https:\/\/www.bellunopress.it\/fr\/wp-json\/wp\/v2\/posts"}],"about":[{"href":"https:\/\/www.bellunopress.it\/fr\/wp-json\/wp\/v2\/types\/post"}],"author":[{"embeddable":true,"href":"https:\/\/www.bellunopress.it\/fr\/wp-json\/wp\/v2\/users\/2"}],"replies":[{"embeddable":true,"href":"https:\/\/www.bellunopress.it\/fr\/wp-json\/wp\/v2\/comments?post=4521"}],"version-history":[{"count":1,"href":"https:\/\/www.bellunopress.it\/fr\/wp-json\/wp\/v2\/posts\/4521\/revisions"}],"predecessor-version":[{"id":4523,"href":"https:\/\/www.bellunopress.it\/fr\/wp-json\/wp\/v2\/posts\/4521\/revisions\/4523"}],"wp:attachment":[{"href":"https:\/\/www.bellunopress.it\/fr\/wp-json\/wp\/v2\/media?parent=4521"}],"wp:term":[{"taxonomy":"category","embeddable":true,"href":"https:\/\/www.bellunopress.it\/fr\/wp-json\/wp\/v2\/categories?post=4521"},{"taxonomy":"post_tag","embeddable":true,"href":"https:\/\/www.bellunopress.it\/fr\/wp-json\/wp\/v2\/tags?post=4521"}],"curies":[{"name":"wp","href":"https:\/\/api.w.org\/{rel}","templated":true}]}}