{"id":45206,"date":"2012-12-28T18:28:15","date_gmt":"2012-12-28T17:28:15","guid":{"rendered":"http:\/\/www.bellunopress.it\/?p=45206"},"modified":"2012-12-28T18:28:15","modified_gmt":"2012-12-28T17:28:15","slug":"primarie-del-pd-per-scegliere-i-parlamentari-bellunesi-si-vota-domenica-30-dicembre-dalle-8-alle-21-ecco-i-sei-candidati-e-i-seggi-elettorali","status":"publish","type":"post","link":"https:\/\/www.bellunopress.it\/fr\/2012\/12\/28\/primarie-del-pd-per-scegliere-i-parlamentari-bellunesi-si-vota-domenica-30-dicembre-dalle-8-alle-21-ecco-i-sei-candidati-e-i-seggi-elettorali\/","title":{"rendered":"Primarie del Pd per scegliere i parlamentari bellunesi: si vota domenica 30 dicembre dalle 8 alle 21. Ecco i sei candidati e i seggi elettorali"},"content":{"rendered":"<p><a href=\"http:\/\/www.bellunopress.it\/wp-content\/uploads\/2009\/08\/manifesti-pd.jpg\"><img loading=\"lazy\" decoding=\"async\" class=\"alignleft size-full wp-image-6982\" alt=\"manifesti-pd\" src=\"http:\/\/www.bellunopress.it\/wp-content\/uploads\/2009\/08\/manifesti-pd.jpg\" width=\"120\" height=\"106\" \/><\/a>\u00a0 Come annunciato, le elezioni primarie del Pd si terranno domenica 30 dicembre 2012 dalle ore 8.00 alle ore 21.00.<\/p>\n<p>&nbsp;<\/p>\n<p>Ecco i sei candidati:<\/p>\n<p>&#8211; Claudia Bettiol, 50 anni, avvocato, gi\u00e0 vicepresidente della Provincia, coordinatrice della mostra &#8220;TIZIANO&#8221; a Belluno ed attuale capogruppo del Partito Democratico in Consiglio Comunale a Belluno;<\/p>\n<p>&#8211; Maria Teresa Cassol, 55 anni, insegnante, \u00e8 stata ricercatrice al CNR di Padova, gi\u00e0 assessore in Comune di Belluno ed impegnata nel volontariato e nell&#8217;ambiente scout;<\/p>\n<p>&#8211; Alessandro Dalla Gasperina, 58 anni, libraio ed editore, animatore culturale, perito meccanico laureato in filosofia;<\/p>\n<p>&#8211; Roger De Menech, 39 anni, funzionario dell&#8217;Amministrazione Provinciale, Sindaco del Comune di Ponte nelle Alpi, comune riciclone d&#8217;Italia 2010-2011-2012;<\/p>\n<p>&#8211; Lidia Maoret, 53 anni, funzionario del Comune di Feltre, esperta di ordinamento finanziario e contabile, attuale segretaria del Partito Democratico di Belluno;<\/p>\n<p>&#8211; Irma Visalli, 51 anni, architetto e dottore in ricerca in &#8220;Pianificazione territoriale ed urbana&#8221;, gi\u00e0 assessore alla Provincia di Belluno e coordinatrice del processo &#8221; Dolomiti patrimonio mondiale dell&#8217;umanit\u00e0&#8221;.<\/p>\n<p>Si vota esprimendo uno o due preferenze. Nel caso di due preferenze, una deve essere attribuita ad una donna ed una ad un uomo, pena l&#8217;annullamento della seconda nell&#8217;ordine.<\/p>\n<p>Possono votare:<\/p>\n<p>&#8211; coloro che hanno gi\u00e0 votato il 25 novembre e\/o il 2 dicembre e che sono iscritti all&#8217;Albo degli elettori e delle elettrici di centrosinistra;<\/p>\n<p>&#8211; gli iscritti al Partito Democratico negli anni 2011 e 2012.<\/p>\n<p>Gli elettori devono presentarsi con la Carta d&#8217;Identit\u00e0, la tessera elettorale rilasciata dal Comune di residenza ed, eventualmente, la tessera di iscrizione al Partito.<\/p>\n<p>Si ricorda che si potr\u00e0 rinnovare la tessera anche ai seggi.<\/p>\n<p>In Provincia di Belluno NON sar\u00e0 richiesto il versamento di euro 2,00.<\/p>\n<p>I residenti nella Provincia di Belluno potranno votare anche in un seggio diverso da quello del Comune di residenza.<\/p>\n<p>Ecco i seggi allestiti nella nostra provincia<\/p>\n<p>&nbsp;<\/p>\n<table width=\"1219\" border=\"0\" cellspacing=\"0\" cellpadding=\"0\">\n<colgroup>\n<col width=\"115\" \/>\n<col width=\"142\" \/>\n<col width=\"343\" \/>\n<col width=\"267\" \/>\n<col width=\"216\" \/>\n<col width=\"136\" \/> <\/colgroup>\n<tbody>\n<tr>\n<td width=\"115\" height=\"17\">&nbsp;<\/p>\n<p>&nbsp;<\/td>\n<td width=\"142\">SEDE<\/td>\n<td width=\"343\">Indirizzo<\/td>\n<td width=\"267\">&nbsp;<\/p>\n<p>&nbsp;<\/p>\n<p>&nbsp;<\/td>\n<td width=\"216\">FRAZIONI O ZONE<\/td>\n<td width=\"136\">SEZIONI N.<\/td>\n<\/tr>\n<tr>\n<td width=\"115\" height=\"17\">Belluno \u2013 Castion<\/td>\n<td width=\"142\">Sala ex Gil<\/td>\n<td width=\"343\">P.zza Pian delle Feste &#8211; Castion<\/td>\n<td width=\"267\">BELLUNO<\/td>\n<td width=\"216\">Castion, Levego, Nevegal, Visome<\/td>\n<td width=\"136\">14-15-16-17-18-19-20<\/td>\n<\/tr>\n<tr>\n<td width=\"115\" height=\"34\">Belluno \u2013 Centro Storico<\/td>\n<td width=\"142\">Centro Giovanni XXIII \u2013 Sala Luciani<\/td>\n<td width=\"343\">Piazza Piloni 11<\/td>\n<td width=\"267\">BELLUNO<\/td>\n<td width=\"216\">Centro storico, Borgo Pr\u00e0, via Monte Grappa;<\/td>\n<td width=\"136\">1-2-11-12-13-33<\/td>\n<\/tr>\n<tr>\n<td width=\"115\" height=\"43\">Belluno &#8211; Mussoi<\/td>\n<td width=\"142\">Salone sotto la &#8220;Pizzeria Zodiaco&#8221;<\/td>\n<td width=\"343\">Via Travazzoi, 8\/A<\/td>\n<td width=\"267\">BELLUNO<\/td>\n<td width=\"216\">Mussoi, Orzes, Sois, Bes, Chiesurazza, Mier, Salce<\/td>\n<td width=\"136\">3 4 5 8 9 10<\/td>\n<\/tr>\n<tr>\n<td width=\"115\" height=\"34\">Belluno &#8211; Bolzano Bellunese<\/td>\n<td width=\"142\">Ex latteria &#8211; Bolzano Bellunese<\/td>\n<td width=\"343\">Via Brigata Garibaldi, 1<\/td>\n<td width=\"267\">BELLUNO<\/td>\n<td width=\"216\">Tisoi, Vezzano, Bolzano Bellunese<\/td>\n<td width=\"136\">6 7<\/td>\n<\/tr>\n<tr>\n<td width=\"115\" height=\"51\">Belluno\u2013 Cavarzano<\/td>\n<td width=\"142\">Sala &#8220;Il Faro&#8221;<\/td>\n<td width=\"343\">Via Mur di Cadola, 10<\/td>\n<td>BELLUNO<\/td>\n<td width=\"216\">Cavarzano, Cusighe, Baldenich, Quartier Cadore, Nogar\u00e8, Safforz\u00e8, Fiammoi<\/td>\n<td width=\"136\">21-22-23-24-25-26-27-28 29-30-31-32<\/td>\n<\/tr>\n<tr>\n<td width=\"115\" height=\"34\">Alpago<\/td>\n<td width=\"142\">Casa della Giovent\u00f9 &#8211; sala piano terra<\/td>\n<td width=\"343\">Via G.Verdi, Puos d&#8217;Alpago<\/td>\n<td width=\"267\">Pieve, Chies, Farra e Puos D&#8217;Alpago, Tambre<\/td>\n<td width=\"216\"><\/td>\n<td width=\"136\">Tutte<\/td>\n<\/tr>\n<tr>\n<td width=\"115\" height=\"68\">Alto Agordino<\/td>\n<td width=\"142\">Sala Polifunzionale<\/td>\n<td width=\"343\">Via Lotta, Canale d&#8217;Agordo<\/td>\n<td width=\"267\">Canale, Falcade, San Tomaso, Vallada, Cencenighe, Alleghe, Rocca Pietore, Colle S. Lucia, Livinallongo del Col di Lana, Selva di Cadore<\/td>\n<td width=\"216\"><\/td>\n<td width=\"136\">Tutte<\/td>\n<\/tr>\n<tr>\n<td width=\"115\" height=\"25\">Arsi\u00e8<\/td>\n<td width=\"142\">Saletta Cassa Rurale<\/td>\n<td width=\"343\">Via 1 Maggio, 12<\/td>\n<td width=\"267\">Arsi\u00e8<\/td>\n<td width=\"216\"><\/td>\n<td width=\"136\">Tutte<\/td>\n<\/tr>\n<tr>\n<td width=\"115\" height=\"17\">Basso Feltrino<\/td>\n<td width=\"142\">Osteria dell&#8217;Orso<\/td>\n<td width=\"343\">Via Monfenera, 11 Alano di Piave<\/td>\n<td width=\"267\">Alano di Piave, Quero, Vas<\/td>\n<td width=\"216\"><\/td>\n<td width=\"136\">Tutte<\/td>\n<\/tr>\n<tr>\n<td width=\"115\" height=\"47\">Centro Cadore<\/td>\n<td width=\"142\">Sala Coletti<\/td>\n<td width=\"343\">Tai di Cadore<\/td>\n<td width=\"267\">Pieve &#8211; Calalzo \u2013 Perarolo &#8211; Valle &#8211; Domegge &#8211; Lozzo &#8211; Auronzo &#8211; Vigo &#8211; Lorenzago di Cadore<\/td>\n<td width=\"216\"><\/td>\n<td width=\"136\">Tutte<\/td>\n<\/tr>\n<tr>\n<td width=\"115\" height=\"39\">Conca Agordina<\/td>\n<td width=\"142\">Sala Biblioteca<\/td>\n<td width=\"343\">Via 27 aprile 1945, Agordo<\/td>\n<td width=\"267\">Agordo, Taibon, Voltago, Gosaldo, Rivamonte, La Valle<\/td>\n<td width=\"216\"><\/td>\n<td width=\"136\">Tutte<\/td>\n<\/tr>\n<tr>\n<td width=\"115\" height=\"47\">Comelico \u2013 Sappada<\/td>\n<td width=\"142\">Circolo della Donna &#8211; Cinema Piave<\/td>\n<td width=\"343\">Via Venezia S. Stefano di Cadore<\/td>\n<td width=\"267\">Santo Stefano, Sappada, San Pietro\u00a0 San Nicol\u00f2, Danta, Comelico Superiore<\/td>\n<td width=\"216\"><\/td>\n<td width=\"136\">Tutte<\/td>\n<\/tr>\n<tr>\n<td width=\"115\" height=\"34\">Feltre \u2013 Seren del Grappa<\/td>\n<td width=\"142\">Istituto Carenzoni<\/td>\n<td width=\"343\">Via C. Battisti, Feltre<\/td>\n<td width=\"267\">Feltre, Seren del Grappa, Fonzaso, Pedavena<\/td>\n<td width=\"216\"><\/td>\n<td width=\"136\">Tutte<\/td>\n<\/tr>\n<tr>\n<td width=\"115\" height=\"17\">Lamon<\/td>\n<td width=\"142\">Sede PD<\/td>\n<td width=\"343\">Via 3 Novembre<\/td>\n<td width=\"267\">Lamon<\/td>\n<td width=\"216\"><\/td>\n<td width=\"136\">Tutte<\/td>\n<\/tr>\n<tr>\n<td width=\"115\" height=\"21\">Lentiai<\/td>\n<td width=\"142\">Centro Sociale &#8220;G.Tres&#8221;<\/td>\n<td width=\"343\">Via Galileo Galilei, 2<\/td>\n<td width=\"267\">Lentiai<\/td>\n<td width=\"216\"><\/td>\n<td width=\"136\">Tutte<\/td>\n<\/tr>\n<tr>\n<td width=\"115\" height=\"29\">Limana<\/td>\n<td width=\"142\">Gelateria \u201cEuropa\u201d<\/td>\n<td width=\"343\">Via Canalet 75, frazione Giaon<\/td>\n<td width=\"267\">Limana<\/td>\n<td width=\"216\"><\/td>\n<td width=\"136\">Tutte<\/td>\n<\/tr>\n<tr>\n<td width=\"115\" height=\"51\">Mel<\/td>\n<td width=\"142\">Palazzo delle Contesse (Sala del Cacciatore)<\/td>\n<td width=\"343\">Piazza Papa Luciani 3<\/td>\n<td width=\"267\">Mel<\/td>\n<td width=\"216\"><\/td>\n<td width=\"136\">Tutte<\/td>\n<\/tr>\n<tr>\n<td width=\"115\" height=\"33\">Ponte nelle Alpi \u2013 Soverzene<\/td>\n<td width=\"142\">Sede PD<\/td>\n<td width=\"343\">Polpet &#8211; P.zza Boito (vicino alla chiesa)<\/td>\n<td width=\"267\">Ponte nelle Alpi, Soverzene, Longarone, Castellavazzo, Ospitale di Cadore<\/td>\n<td width=\"216\"><\/td>\n<td width=\"136\">Tutte<\/td>\n<\/tr>\n<tr>\n<td width=\"115\" height=\"51\">Santa Giustina-San Gregorio-Cesiomaggiore<\/td>\n<td width=\"142\">Sala Piscina<\/td>\n<td width=\"343\">Via Scuole Nuove 12\/b\u00a0 \u2013 Santa Giustina<\/td>\n<td width=\"267\">Santa Giustina, San Gregorio nelle Alpi, Cesiomaggiore<\/td>\n<td width=\"216\"><\/td>\n<td width=\"136\">Tutte<\/td>\n<\/tr>\n<tr>\n<td width=\"115\" height=\"34\">Sedico<\/td>\n<td width=\"142\">stanza tra Cooperativa e Bar Centrale<\/td>\n<td width=\"343\">P.zza Gerolamo Segato<\/td>\n<td width=\"267\">Sedico<\/td>\n<td width=\"216\"><\/td>\n<td width=\"136\">Tutte<\/td>\n<\/tr>\n<tr>\n<td width=\"115\" height=\"29\">Sospirolo<\/td>\n<td width=\"142\">Centro Civico Cultura<\/td>\n<td width=\"343\">P.zza Gerolamo Segato<\/td>\n<td width=\"267\">Sospirolo<\/td>\n<td width=\"216\"><\/td>\n<td width=\"136\">Tutte<\/td>\n<\/tr>\n<tr>\n<td width=\"115\" height=\"17\">Sovramonte<\/td>\n<td width=\"142\">Casel di Sorriva<\/td>\n<td width=\"343\">Via Sorriva<\/td>\n<td width=\"267\">Sovramonte<\/td>\n<td width=\"216\"><\/td>\n<td width=\"136\">Tutte<\/td>\n<\/tr>\n<tr>\n<td width=\"115\" height=\"34\">Trichiana<\/td>\n<td width=\"142\">Centro San Felice (ex cinema)<\/td>\n<td width=\"343\">P.zza T. Merlin<\/td>\n<td width=\"267\">Trichiana<\/td>\n<td width=\"216\"><\/td>\n<td width=\"136\">Tutte<\/td>\n<\/tr>\n<tr>\n<td width=\"115\" height=\"34\">Valle del Boite<\/td>\n<td width=\"142\">Sala Polifunzionale \u2013 San Vito di Cadore<\/td>\n<td width=\"343\">Corso Italia, 43<\/td>\n<td width=\"267\">Cortina d&#8217;Ampezzo, San Vito, Borca, Vodo, Cibiana<\/td>\n<td width=\"216\"><\/td>\n<td width=\"136\">Tutte<\/td>\n<\/tr>\n<tr>\n<td width=\"115\" height=\"17\">Val di Zoldo<\/td>\n<td width=\"142\">ex scuola elementare<\/td>\n<td>Piazza San Floriano, frazione Pieve, Forno di Zoldo<\/td>\n<td>Zoldo Alto &#8211; Forno di Zoldo &#8211; Zopp\u00e8 di Cadore<\/td>\n<td width=\"216\"><\/td>\n<td width=\"136\">Tutte<\/td>\n<\/tr>\n<\/tbody>\n<\/table>","protected":false},"excerpt":{"rendered":"<p>\u00a0 Come annunciato, le elezioni primarie del Pd si terranno domenica 30 dicembre 2012 dalle ore 8.00 alle ore 21.00. &nbsp; Ecco i sei candidati: &#8211; Claudia Bettiol, 50 anni, avvocato, gi\u00e0 vicepresidente della Provincia, coordinatrice della mostra &#8220;TIZIANO&#8221; a Belluno ed attuale capogruppo del Partito Democratico in Consiglio Comunale a Belluno; &#8211; Maria Teresa [&hellip;]<\/p>\n","protected":false},"author":2,"featured_media":0,"comment_status":"closed","ping_status":"open","sticky":false,"template":"","format":"standard","meta":{"footnotes":""},"categories":[1],"tags":[],"class_list":["post-45206","post","type-post","status-publish","format-standard","category-leo"],"yoast_head":"<!-- This site is optimized with the Yoast SEO plugin v28.4 - https:\/\/yoast.com\/product\/yoast-seo-wordpress\/ -->\n<title>Primarie del Pd per scegliere i parlamentari bellunesi: si vota domenica 30 dicembre dalle 8 alle 21. Ecco i sei candidati e i seggi elettorali - Bellunopress - Dolomiti<\/title>\n<meta name=\"robots\" content=\"index, follow, max-snippet:-1, max-image-preview:large, max-video-preview:-1\" \/>\n<link rel=\"canonical\" href=\"https:\/\/www.bellunopress.it\/fr\/2012\/12\/28\/primarie-del-pd-per-scegliere-i-parlamentari-bellunesi-si-vota-domenica-30-dicembre-dalle-8-alle-21-ecco-i-sei-candidati-e-i-seggi-elettorali\/\" \/>\n<meta property=\"og:locale\" content=\"fr_FR\" \/>\n<meta property=\"og:type\" content=\"article\" \/>\n<meta property=\"og:title\" content=\"Primarie del Pd per scegliere i parlamentari bellunesi: si vota domenica 30 dicembre dalle 8 alle 21. Ecco i sei candidati e i seggi elettorali - Bellunopress - Dolomiti\" \/>\n<meta property=\"og:description\" content=\"\u00a0 Come annunciato, le elezioni primarie del Pd si terranno domenica 30 dicembre 2012 dalle ore 8.00 alle ore 21.00. &nbsp; Ecco i sei candidati: &#8211; Claudia Bettiol, 50 anni, avvocato, gi\u00e0 vicepresidente della Provincia, coordinatrice della mostra &#8220;TIZIANO&#8221; a Belluno ed attuale capogruppo del Partito Democratico in Consiglio Comunale a Belluno; &#8211; Maria Teresa [&hellip;]\" \/>\n<meta property=\"og:url\" content=\"https:\/\/www.bellunopress.it\/fr\/2012\/12\/28\/primarie-del-pd-per-scegliere-i-parlamentari-bellunesi-si-vota-domenica-30-dicembre-dalle-8-alle-21-ecco-i-sei-candidati-e-i-seggi-elettorali\/\" \/>\n<meta property=\"og:site_name\" content=\"Bellunopress - Dolomiti\" \/>\n<meta property=\"article:publisher\" content=\"https:\/\/www.facebook.com\/profile.php?id=100008943462799\" \/>\n<meta property=\"article:published_time\" content=\"2012-12-28T17:28:15+00:00\" \/>\n<meta property=\"og:image\" content=\"http:\/\/www.bellunopress.it\/wp-content\/uploads\/2009\/08\/manifesti-pd.jpg\" \/>\n<meta name=\"author\" content=\"redazione\" \/>\n<meta name=\"twitter:card\" content=\"summary_large_image\" \/>\n<meta name=\"twitter:creator\" content=\"@bellunopress\" \/>\n<meta name=\"twitter:site\" content=\"@bellunopress\" \/>\n<meta name=\"twitter:label1\" content=\"\u00c9crit par\" \/>\n\t<meta name=\"twitter:data1\" content=\"redazione\" \/>\n\t<meta name=\"twitter:label2\" content=\"Dur\u00e9e de lecture estim\u00e9e\" \/>\n\t<meta name=\"twitter:data2\" content=\"4 minutes\" \/>\n<script type=\"application\/ld+json\" class=\"yoast-schema-graph\">{\"@context\":\"https:\\\/\\\/schema.org\",\"@graph\":[{\"@type\":\"Article\",\"@id\":\"https:\\\/\\\/www.bellunopress.it\\\/2012\\\/12\\\/28\\\/primarie-del-pd-per-scegliere-i-parlamentari-bellunesi-si-vota-domenica-30-dicembre-dalle-8-alle-21-ecco-i-sei-candidati-e-i-seggi-elettorali\\\/#article\",\"isPartOf\":{\"@id\":\"https:\\\/\\\/www.bellunopress.it\\\/2012\\\/12\\\/28\\\/primarie-del-pd-per-scegliere-i-parlamentari-bellunesi-si-vota-domenica-30-dicembre-dalle-8-alle-21-ecco-i-sei-candidati-e-i-seggi-elettorali\\\/\"},\"author\":{\"name\":\"redazione\",\"@id\":\"https:\\\/\\\/www.bellunopress.it\\\/#\\\/schema\\\/person\\\/79bb06722b37ece1c03d3e94beb30d73\"},\"headline\":\"Primarie del Pd per scegliere i parlamentari bellunesi: si vota domenica 30 dicembre dalle 8 alle 21. Ecco i sei candidati e i seggi elettorali\",\"datePublished\":\"2012-12-28T17:28:15+00:00\",\"mainEntityOfPage\":{\"@id\":\"https:\\\/\\\/www.bellunopress.it\\\/2012\\\/12\\\/28\\\/primarie-del-pd-per-scegliere-i-parlamentari-bellunesi-si-vota-domenica-30-dicembre-dalle-8-alle-21-ecco-i-sei-candidati-e-i-seggi-elettorali\\\/\"},\"wordCount\":774,\"publisher\":{\"@id\":\"https:\\\/\\\/www.bellunopress.it\\\/#organization\"},\"image\":{\"@id\":\"https:\\\/\\\/www.bellunopress.it\\\/2012\\\/12\\\/28\\\/primarie-del-pd-per-scegliere-i-parlamentari-bellunesi-si-vota-domenica-30-dicembre-dalle-8-alle-21-ecco-i-sei-candidati-e-i-seggi-elettorali\\\/#primaryimage\"},\"thumbnailUrl\":\"http:\\\/\\\/www.bellunopress.it\\\/wp-content\\\/uploads\\\/2009\\\/08\\\/manifesti-pd.jpg\",\"articleSection\":[\"Lettere Opinioni\"],\"inLanguage\":\"fr-FR\"},{\"@type\":\"WebPage\",\"@id\":\"https:\\\/\\\/www.bellunopress.it\\\/2012\\\/12\\\/28\\\/primarie-del-pd-per-scegliere-i-parlamentari-bellunesi-si-vota-domenica-30-dicembre-dalle-8-alle-21-ecco-i-sei-candidati-e-i-seggi-elettorali\\\/\",\"url\":\"https:\\\/\\\/www.bellunopress.it\\\/2012\\\/12\\\/28\\\/primarie-del-pd-per-scegliere-i-parlamentari-bellunesi-si-vota-domenica-30-dicembre-dalle-8-alle-21-ecco-i-sei-candidati-e-i-seggi-elettorali\\\/\",\"name\":\"Primarie del Pd per scegliere i parlamentari bellunesi: si vota domenica 30 dicembre dalle 8 alle 21. Ecco i sei candidati e i seggi elettorali - Bellunopress - Dolomiti\",\"isPartOf\":{\"@id\":\"https:\\\/\\\/www.bellunopress.it\\\/#website\"},\"primaryImageOfPage\":{\"@id\":\"https:\\\/\\\/www.bellunopress.it\\\/2012\\\/12\\\/28\\\/primarie-del-pd-per-scegliere-i-parlamentari-bellunesi-si-vota-domenica-30-dicembre-dalle-8-alle-21-ecco-i-sei-candidati-e-i-seggi-elettorali\\\/#primaryimage\"},\"image\":{\"@id\":\"https:\\\/\\\/www.bellunopress.it\\\/2012\\\/12\\\/28\\\/primarie-del-pd-per-scegliere-i-parlamentari-bellunesi-si-vota-domenica-30-dicembre-dalle-8-alle-21-ecco-i-sei-candidati-e-i-seggi-elettorali\\\/#primaryimage\"},\"thumbnailUrl\":\"http:\\\/\\\/www.bellunopress.it\\\/wp-content\\\/uploads\\\/2009\\\/08\\\/manifesti-pd.jpg\",\"datePublished\":\"2012-12-28T17:28:15+00:00\",\"breadcrumb\":{\"@id\":\"https:\\\/\\\/www.bellunopress.it\\\/2012\\\/12\\\/28\\\/primarie-del-pd-per-scegliere-i-parlamentari-bellunesi-si-vota-domenica-30-dicembre-dalle-8-alle-21-ecco-i-sei-candidati-e-i-seggi-elettorali\\\/#breadcrumb\"},\"inLanguage\":\"fr-FR\",\"potentialAction\":[{\"@type\":\"ReadAction\",\"target\":[\"https:\\\/\\\/www.bellunopress.it\\\/2012\\\/12\\\/28\\\/primarie-del-pd-per-scegliere-i-parlamentari-bellunesi-si-vota-domenica-30-dicembre-dalle-8-alle-21-ecco-i-sei-candidati-e-i-seggi-elettorali\\\/\"]}]},{\"@type\":\"ImageObject\",\"inLanguage\":\"fr-FR\",\"@id\":\"https:\\\/\\\/www.bellunopress.it\\\/2012\\\/12\\\/28\\\/primarie-del-pd-per-scegliere-i-parlamentari-bellunesi-si-vota-domenica-30-dicembre-dalle-8-alle-21-ecco-i-sei-candidati-e-i-seggi-elettorali\\\/#primaryimage\",\"url\":\"http:\\\/\\\/www.bellunopress.it\\\/wp-content\\\/uploads\\\/2009\\\/08\\\/manifesti-pd.jpg\",\"contentUrl\":\"http:\\\/\\\/www.bellunopress.it\\\/wp-content\\\/uploads\\\/2009\\\/08\\\/manifesti-pd.jpg\"},{\"@type\":\"BreadcrumbList\",\"@id\":\"https:\\\/\\\/www.bellunopress.it\\\/2012\\\/12\\\/28\\\/primarie-del-pd-per-scegliere-i-parlamentari-bellunesi-si-vota-domenica-30-dicembre-dalle-8-alle-21-ecco-i-sei-candidati-e-i-seggi-elettorali\\\/#breadcrumb\",\"itemListElement\":[{\"@type\":\"ListItem\",\"position\":1,\"name\":\"Home\",\"item\":\"https:\\\/\\\/www.bellunopress.it\\\/\"},{\"@type\":\"ListItem\",\"position\":2,\"name\":\"Primarie del Pd per scegliere i parlamentari bellunesi: si vota domenica 30 dicembre dalle 8 alle 21. Ecco i sei candidati e i seggi elettorali\"}]},{\"@type\":\"WebSite\",\"@id\":\"https:\\\/\\\/www.bellunopress.it\\\/#website\",\"url\":\"https:\\\/\\\/www.bellunopress.it\\\/\",\"name\":\"Bellunopress - Dolomiti\",\"description\":\"e-mail: redazione@bellunopress.it\",\"publisher\":{\"@id\":\"https:\\\/\\\/www.bellunopress.it\\\/#organization\"},\"potentialAction\":[{\"@type\":\"SearchAction\",\"target\":{\"@type\":\"EntryPoint\",\"urlTemplate\":\"https:\\\/\\\/www.bellunopress.it\\\/?s={search_term_string}\"},\"query-input\":{\"@type\":\"PropertyValueSpecification\",\"valueRequired\":true,\"valueName\":\"search_term_string\"}}],\"inLanguage\":\"fr-FR\"},{\"@type\":\"Organization\",\"@id\":\"https:\\\/\\\/www.bellunopress.it\\\/#organization\",\"name\":\"Bellunopress\",\"url\":\"https:\\\/\\\/www.bellunopress.it\\\/\",\"logo\":{\"@type\":\"ImageObject\",\"inLanguage\":\"fr-FR\",\"@id\":\"https:\\\/\\\/www.bellunopress.it\\\/#\\\/schema\\\/logo\\\/image\\\/\",\"url\":\"https:\\\/\\\/www.bellunopress.it\\\/wp-content\\\/uploads\\\/2011\\\/05\\\/cropped-logo-bellunopress-.jpg\",\"contentUrl\":\"https:\\\/\\\/www.bellunopress.it\\\/wp-content\\\/uploads\\\/2011\\\/05\\\/cropped-logo-bellunopress-.jpg\",\"width\":512,\"height\":512,\"caption\":\"Bellunopress\"},\"image\":{\"@id\":\"https:\\\/\\\/www.bellunopress.it\\\/#\\\/schema\\\/logo\\\/image\\\/\"},\"sameAs\":[\"https:\\\/\\\/www.facebook.com\\\/profile.php?id=100008943462799\",\"https:\\\/\\\/x.com\\\/bellunopress\",\"https:\\\/\\\/www.linkedin.com\\\/hp\\\/?dnr=JBzUWaJfMUw8vbXJJ2tVW5-I3jZKvC4wsoxE&amp;amp;amp;amp;amp;amp;trk=nav_responsive_tab_home\",\"https:\\\/\\\/www.youtube.com\\\/channel\\\/UCxL0wu1uN0_3_7hGG0306cw\"]},{\"@type\":\"Person\",\"@id\":\"https:\\\/\\\/www.bellunopress.it\\\/#\\\/schema\\\/person\\\/79bb06722b37ece1c03d3e94beb30d73\",\"name\":\"redazione\",\"image\":{\"@type\":\"ImageObject\",\"inLanguage\":\"fr-FR\",\"@id\":\"https:\\\/\\\/secure.gravatar.com\\\/avatar\\\/37d968a2e67a6fd04c169c4bdef102d0bc5d31b2546345219e348575eb80e9a0?s=96&d=mm&r=g\",\"url\":\"https:\\\/\\\/secure.gravatar.com\\\/avatar\\\/37d968a2e67a6fd04c169c4bdef102d0bc5d31b2546345219e348575eb80e9a0?s=96&d=mm&r=g\",\"contentUrl\":\"https:\\\/\\\/secure.gravatar.com\\\/avatar\\\/37d968a2e67a6fd04c169c4bdef102d0bc5d31b2546345219e348575eb80e9a0?s=96&d=mm&r=g\",\"caption\":\"redazione\"},\"sameAs\":[\"http:\\\/\\\/www.bellunopress.it\",\"https:\\\/\\\/x.com\\\/bellunopress\"],\"url\":\"https:\\\/\\\/www.bellunopress.it\\\/fr\\\/author\\\/redazione\\\/\"}]}<\/script>\n<!-- \/ Yoast SEO plugin. -->","yoast_head_json":{"title":"Primarie del Pd per scegliere i parlamentari bellunesi: si vota domenica 30 dicembre dalle 8 alle 21. Ecco i sei candidati e i seggi elettorali - Bellunopress - Dolomiti","robots":{"index":"index","follow":"follow","max-snippet":"max-snippet:-1","max-image-preview":"max-image-preview:large","max-video-preview":"max-video-preview:-1"},"canonical":"https:\/\/www.bellunopress.it\/fr\/2012\/12\/28\/primarie-del-pd-per-scegliere-i-parlamentari-bellunesi-si-vota-domenica-30-dicembre-dalle-8-alle-21-ecco-i-sei-candidati-e-i-seggi-elettorali\/","og_locale":"fr_FR","og_type":"article","og_title":"Primarie del Pd per scegliere i parlamentari bellunesi: si vota domenica 30 dicembre dalle 8 alle 21. Ecco i sei candidati e i seggi elettorali - Bellunopress - Dolomiti","og_description":"\u00a0 Come annunciato, le elezioni primarie del Pd si terranno domenica 30 dicembre 2012 dalle ore 8.00 alle ore 21.00. &nbsp; Ecco i sei candidati: &#8211; Claudia Bettiol, 50 anni, avvocato, gi\u00e0 vicepresidente della Provincia, coordinatrice della mostra &#8220;TIZIANO&#8221; a Belluno ed attuale capogruppo del Partito Democratico in Consiglio Comunale a Belluno; &#8211; Maria Teresa [&hellip;]","og_url":"https:\/\/www.bellunopress.it\/fr\/2012\/12\/28\/primarie-del-pd-per-scegliere-i-parlamentari-bellunesi-si-vota-domenica-30-dicembre-dalle-8-alle-21-ecco-i-sei-candidati-e-i-seggi-elettorali\/","og_site_name":"Bellunopress - Dolomiti","article_publisher":"https:\/\/www.facebook.com\/profile.php?id=100008943462799","article_published_time":"2012-12-28T17:28:15+00:00","og_image":[{"url":"http:\/\/www.bellunopress.it\/wp-content\/uploads\/2009\/08\/manifesti-pd.jpg","type":"","width":"","height":""}],"author":"redazione","twitter_card":"summary_large_image","twitter_creator":"@bellunopress","twitter_site":"@bellunopress","twitter_misc":{"\u00c9crit par":"redazione","Dur\u00e9e de lecture estim\u00e9e":"4 minutes"},"schema":{"@context":"https:\/\/schema.org","@graph":[{"@type":"Article","@id":"https:\/\/www.bellunopress.it\/2012\/12\/28\/primarie-del-pd-per-scegliere-i-parlamentari-bellunesi-si-vota-domenica-30-dicembre-dalle-8-alle-21-ecco-i-sei-candidati-e-i-seggi-elettorali\/#article","isPartOf":{"@id":"https:\/\/www.bellunopress.it\/2012\/12\/28\/primarie-del-pd-per-scegliere-i-parlamentari-bellunesi-si-vota-domenica-30-dicembre-dalle-8-alle-21-ecco-i-sei-candidati-e-i-seggi-elettorali\/"},"author":{"name":"redazione","@id":"https:\/\/www.bellunopress.it\/#\/schema\/person\/79bb06722b37ece1c03d3e94beb30d73"},"headline":"Primarie del Pd per scegliere i parlamentari bellunesi: si vota domenica 30 dicembre dalle 8 alle 21. Ecco i sei candidati e i seggi elettorali","datePublished":"2012-12-28T17:28:15+00:00","mainEntityOfPage":{"@id":"https:\/\/www.bellunopress.it\/2012\/12\/28\/primarie-del-pd-per-scegliere-i-parlamentari-bellunesi-si-vota-domenica-30-dicembre-dalle-8-alle-21-ecco-i-sei-candidati-e-i-seggi-elettorali\/"},"wordCount":774,"publisher":{"@id":"https:\/\/www.bellunopress.it\/#organization"},"image":{"@id":"https:\/\/www.bellunopress.it\/2012\/12\/28\/primarie-del-pd-per-scegliere-i-parlamentari-bellunesi-si-vota-domenica-30-dicembre-dalle-8-alle-21-ecco-i-sei-candidati-e-i-seggi-elettorali\/#primaryimage"},"thumbnailUrl":"http:\/\/www.bellunopress.it\/wp-content\/uploads\/2009\/08\/manifesti-pd.jpg","articleSection":["Lettere Opinioni"],"inLanguage":"fr-FR"},{"@type":"WebPage","@id":"https:\/\/www.bellunopress.it\/2012\/12\/28\/primarie-del-pd-per-scegliere-i-parlamentari-bellunesi-si-vota-domenica-30-dicembre-dalle-8-alle-21-ecco-i-sei-candidati-e-i-seggi-elettorali\/","url":"https:\/\/www.bellunopress.it\/2012\/12\/28\/primarie-del-pd-per-scegliere-i-parlamentari-bellunesi-si-vota-domenica-30-dicembre-dalle-8-alle-21-ecco-i-sei-candidati-e-i-seggi-elettorali\/","name":"Primarie del Pd per scegliere i parlamentari bellunesi: si vota domenica 30 dicembre dalle 8 alle 21. Ecco i sei candidati e i seggi elettorali - Bellunopress - Dolomiti","isPartOf":{"@id":"https:\/\/www.bellunopress.it\/#website"},"primaryImageOfPage":{"@id":"https:\/\/www.bellunopress.it\/2012\/12\/28\/primarie-del-pd-per-scegliere-i-parlamentari-bellunesi-si-vota-domenica-30-dicembre-dalle-8-alle-21-ecco-i-sei-candidati-e-i-seggi-elettorali\/#primaryimage"},"image":{"@id":"https:\/\/www.bellunopress.it\/2012\/12\/28\/primarie-del-pd-per-scegliere-i-parlamentari-bellunesi-si-vota-domenica-30-dicembre-dalle-8-alle-21-ecco-i-sei-candidati-e-i-seggi-elettorali\/#primaryimage"},"thumbnailUrl":"http:\/\/www.bellunopress.it\/wp-content\/uploads\/2009\/08\/manifesti-pd.jpg","datePublished":"2012-12-28T17:28:15+00:00","breadcrumb":{"@id":"https:\/\/www.bellunopress.it\/2012\/12\/28\/primarie-del-pd-per-scegliere-i-parlamentari-bellunesi-si-vota-domenica-30-dicembre-dalle-8-alle-21-ecco-i-sei-candidati-e-i-seggi-elettorali\/#breadcrumb"},"inLanguage":"fr-FR","potentialAction":[{"@type":"ReadAction","target":["https:\/\/www.bellunopress.it\/2012\/12\/28\/primarie-del-pd-per-scegliere-i-parlamentari-bellunesi-si-vota-domenica-30-dicembre-dalle-8-alle-21-ecco-i-sei-candidati-e-i-seggi-elettorali\/"]}]},{"@type":"ImageObject","inLanguage":"fr-FR","@id":"https:\/\/www.bellunopress.it\/2012\/12\/28\/primarie-del-pd-per-scegliere-i-parlamentari-bellunesi-si-vota-domenica-30-dicembre-dalle-8-alle-21-ecco-i-sei-candidati-e-i-seggi-elettorali\/#primaryimage","url":"http:\/\/www.bellunopress.it\/wp-content\/uploads\/2009\/08\/manifesti-pd.jpg","contentUrl":"http:\/\/www.bellunopress.it\/wp-content\/uploads\/2009\/08\/manifesti-pd.jpg"},{"@type":"BreadcrumbList","@id":"https:\/\/www.bellunopress.it\/2012\/12\/28\/primarie-del-pd-per-scegliere-i-parlamentari-bellunesi-si-vota-domenica-30-dicembre-dalle-8-alle-21-ecco-i-sei-candidati-e-i-seggi-elettorali\/#breadcrumb","itemListElement":[{"@type":"ListItem","position":1,"name":"Home","item":"https:\/\/www.bellunopress.it\/"},{"@type":"ListItem","position":2,"name":"Primarie del Pd per scegliere i parlamentari bellunesi: si vota domenica 30 dicembre dalle 8 alle 21. Ecco i sei candidati e i seggi elettorali"}]},{"@type":"WebSite","@id":"https:\/\/www.bellunopress.it\/#website","url":"https:\/\/www.bellunopress.it\/","name":"Bellunopress - Dolomiti","description":"e-mail: redazione@bellunopress.it","publisher":{"@id":"https:\/\/www.bellunopress.it\/#organization"},"potentialAction":[{"@type":"SearchAction","target":{"@type":"EntryPoint","urlTemplate":"https:\/\/www.bellunopress.it\/?s={search_term_string}"},"query-input":{"@type":"PropertyValueSpecification","valueRequired":true,"valueName":"search_term_string"}}],"inLanguage":"fr-FR"},{"@type":"Organization","@id":"https:\/\/www.bellunopress.it\/#organization","name":"Bellunopress","url":"https:\/\/www.bellunopress.it\/","logo":{"@type":"ImageObject","inLanguage":"fr-FR","@id":"https:\/\/www.bellunopress.it\/#\/schema\/logo\/image\/","url":"https:\/\/www.bellunopress.it\/wp-content\/uploads\/2011\/05\/cropped-logo-bellunopress-.jpg","contentUrl":"https:\/\/www.bellunopress.it\/wp-content\/uploads\/2011\/05\/cropped-logo-bellunopress-.jpg","width":512,"height":512,"caption":"Bellunopress"},"image":{"@id":"https:\/\/www.bellunopress.it\/#\/schema\/logo\/image\/"},"sameAs":["https:\/\/www.facebook.com\/profile.php?id=100008943462799","https:\/\/x.com\/bellunopress","https:\/\/www.linkedin.com\/hp\/?dnr=JBzUWaJfMUw8vbXJJ2tVW5-I3jZKvC4wsoxE&amp;amp;amp;amp;amp;amp;trk=nav_responsive_tab_home","https:\/\/www.youtube.com\/channel\/UCxL0wu1uN0_3_7hGG0306cw"]},{"@type":"Person","@id":"https:\/\/www.bellunopress.it\/#\/schema\/person\/79bb06722b37ece1c03d3e94beb30d73","name":"r\u00e9daction","image":{"@type":"ImageObject","inLanguage":"fr-FR","@id":"https:\/\/secure.gravatar.com\/avatar\/37d968a2e67a6fd04c169c4bdef102d0bc5d31b2546345219e348575eb80e9a0?s=96&d=mm&r=g","url":"https:\/\/secure.gravatar.com\/avatar\/37d968a2e67a6fd04c169c4bdef102d0bc5d31b2546345219e348575eb80e9a0?s=96&d=mm&r=g","contentUrl":"https:\/\/secure.gravatar.com\/avatar\/37d968a2e67a6fd04c169c4bdef102d0bc5d31b2546345219e348575eb80e9a0?s=96&d=mm&r=g","caption":"redazione"},"sameAs":["http:\/\/www.bellunopress.it","https:\/\/x.com\/bellunopress"],"url":"https:\/\/www.bellunopress.it\/fr\/author\/redazione\/"}]}},"_links":{"self":[{"href":"https:\/\/www.bellunopress.it\/fr\/wp-json\/wp\/v2\/posts\/45206","targetHints":{"allow":["GET"]}}],"collection":[{"href":"https:\/\/www.bellunopress.it\/fr\/wp-json\/wp\/v2\/posts"}],"about":[{"href":"https:\/\/www.bellunopress.it\/fr\/wp-json\/wp\/v2\/types\/post"}],"author":[{"embeddable":true,"href":"https:\/\/www.bellunopress.it\/fr\/wp-json\/wp\/v2\/users\/2"}],"replies":[{"embeddable":true,"href":"https:\/\/www.bellunopress.it\/fr\/wp-json\/wp\/v2\/comments?post=45206"}],"version-history":[{"count":1,"href":"https:\/\/www.bellunopress.it\/fr\/wp-json\/wp\/v2\/posts\/45206\/revisions"}],"predecessor-version":[{"id":45208,"href":"https:\/\/www.bellunopress.it\/fr\/wp-json\/wp\/v2\/posts\/45206\/revisions\/45208"}],"wp:attachment":[{"href":"https:\/\/www.bellunopress.it\/fr\/wp-json\/wp\/v2\/media?parent=45206"}],"wp:term":[{"taxonomy":"category","embeddable":true,"href":"https:\/\/www.bellunopress.it\/fr\/wp-json\/wp\/v2\/categories?post=45206"},{"taxonomy":"post_tag","embeddable":true,"href":"https:\/\/www.bellunopress.it\/fr\/wp-json\/wp\/v2\/tags?post=45206"}],"curies":[{"name":"wp","href":"https:\/\/api.w.org\/{rel}","templated":true}]}}