{"id":45201,"date":"2012-12-28T13:14:13","date_gmt":"2012-12-28T12:14:13","guid":{"rendered":"http:\/\/www.bellunopress.it\/?p=45201"},"modified":"2012-12-28T13:14:13","modified_gmt":"2012-12-28T12:14:13","slug":"lorchestra-fila%c2%adrmonica-della%c2%ad-repubblica-bielorussa-martedi-a-cortina-per-il-concerto-di-capodanno-allalexander-girardi-hall","status":"publish","type":"post","link":"https:\/\/www.bellunopress.it\/fr\/2012\/12\/28\/lorchestra-fila%c2%adrmonica-della%c2%ad-repubblica-bielorussa-martedi-a-cortina-per-il-concerto-di-capodanno-allalexander-girardi-hall\/","title":{"rendered":"L\u2019Orchestra Fila\u00adrmonica della\u00ad Repubblica Bielorussa marted\u00ec a Cortina per il concerto di capodanno all&#8217;Alexander Girardi Hall"},"content":{"rendered":"<p>L\u2019anno nuovo a Cortina si aprir\u00e0 con il tradizionale appuntamento con il Concerto di Capodanno all\u2019Alexander Girardi Hall.<\/p>\n<p>Protagonista l\u2019Orchestra Filarmonica della Repubblica Bielorussa, una tra le orchestre pi\u00f9 longeve nate nelle repubbliche ex sovietiche, costituita nell\u2019aprile del 1927, oggi considerata la punta di diamante dell\u2019attivit\u00e0 musicale Bielorussia. Il pubblico verr\u00e0 accampanato tra musiche di Tchaikovsky, Korsakov e Strauss.<\/p>\n<p>Come da consuetudine l\u2019orchestra verr\u00e0 sapientemente diretta dal maestro Maffeo Scarpis, definito dal Corriere della Sera come \u201cdirettore dal gesto di rara chiarezza e interprete lucido delle ultime voci del novecento\u201d.<\/p>\n<p>Marted\u00ec 1 gennaio<\/p>\n<p>Alexander Girardi Hall, ore 18.00<\/p>\n<p>Prevendita biglietti presso l\u2019Info Point di Piazza Roma, dalle 9.00 alle 20.00 o presso l\u2019Alexander Girardi la sera dell\u2019esibizione.<\/p>\n<p>Intero \u20ac 20,00. Ridotto (carta giovani, under 12 e over 65) \u20ac 15,00<\/p>\n<p>Info: 0436\/869086 &#8211; 0436.881812<\/p>\n<p>www.cortina.dolomiti.org<\/p>\n<p>Maffeo Scarpis affianca agli studi universitari di Sociologia, quelli musicali, dedicandosi prima allo studio del fagotto, violino, pianoforte e chitarra e poi allo studio della direzione d&#8217;orchestra con i maestri Peter Maag e Myung-Whun Chung. Molte le collaborazioni con importanti Orchestre come La Metropolitan London Simphony, la Israel Simphony, la MAV Simphony Orchestra di Budapest, l\u2019Orchestra del Teatro Hermitage di St. Pietroburgo , l\u2019Orchestra del Teatro la Fenice di Venezia, l&#8217;Orchestra Haydn di Bolzano e l\u2019Orchestra del Teatro Verdi di Trieste in prestigiosi teatri quali la Recanati Hall di Tel-Aviv, lo Stein Auditorium di New Delhi, il Bhabha Theatre di Mumbay, la Sala Verdi del Conservatorio di Milano e il Palazzo Laterano di Roma. Ha registrato per Radio RAI, RAI TRE e RAI International e inciso per le case discografiche Fonit-Cetra, Wide Classique, Emilia-Romagna Festival e Velut Luna. Dal 2003, Maffeo Scarpis \u00e8 assistente alla Direzione Artistica dell\u2019Orchestra di Padova e del Veneto e nel maggio 2010, ha inaugurato il Festival internazionale di danza contemporanea della Biennale di Venezia.<\/p>\n<p>Orchestra Filarmonica di Minsk della Repubblica Bielorussa.<\/p>\n<p>La Belarusian State Academic Symphony Orchestra \u00e8 tra le pi\u00f9 antiche formazioni dell\u2019Unione Sovietica, infatti \u00e8 stata fondata nell\u2019Aprile del 1927. La prima rappresentazione tenuta dall\u2019Orchestra \u00e8 stata diretta dal grande compositore russo Gluier, dove nella stessa occasione si esib\u00ec come solista il famoso pianista austriaco R. Gottlieb.<\/p>\n<p>Nel 1937, l\u2019allora giovane e gi\u00e0 famosissimo Mussin prese in mano la conduzione dell\u2019Orchestra.<\/p>\n<p>L\u2019Orchestra Sinfonica \u00e8 sempre stata considerata la pi\u00f9 importante tra le formazioni orchestrali sovietiche, infatti grandi direttori come Sanderling, Kondrashin, Temirkanov, Kitaenko, Tsekki, Ferrero, Mravinsky, Rozhdestvensky, Svetlanov, Yvaki, e Gergiev l\u2019hanno diretta nella prestigiosa stagione della capitale: Minsk.<\/p>\n<p>Collaborazione eccellente fu quella con il compositore Khachaturian affiancata da alcuni dei pi\u00f9 famosi solisti del 20\u00b0 secolo.<\/p>\n<p>Grazie all\u2019eccezionale professionalit\u00e0, l\u2019orchestra viene regolarmente invitata in Bulgaria, Germania, Italia, Grecia, Olanda, Libano, Francia, Svizzera, esibendosi in prestigiose stagioni sinfoniche e liriche.<\/p>\n<p>Per tre anni l\u2019Orchestra \u00e8 stata ospite del famoso Opera Festival a Wexford in Irland, grazie al suo vasto repertorio che include oltre ai concerti sinfonici classici e contemporanei, numerosi titoli di opere liriche.<\/p>\n<p>A Settembre del 2001 il famoso direttore Alexander Anissimov \u00e8 diventato direttore stabile dell\u2019Orchestra alzando notevolmente il livello artistico.<\/p>\n<p>Nella stagione 2007\/2008 un nuovo ciclo di concerti \u201cRevival of Classics\u201d ha conquistato un grande consenso tra il pubblico.<\/p>\n<p>Nel periodo 2008\/2009 l\u2019orchestra ha realizzato un progetto internazionale, mettendo in scena Tosca, riscuotendo un ottimo successo che l\u2019ha portata a prendere parte al prestigioso International Musical festival \u201cBratislava Autumn\u201d.<\/p>\n<p>Oggi i concerti della BPO sono considerati la punta di diamante dell\u2019attivit\u00e0 musicale Bielorussia.<\/p>","protected":false},"excerpt":{"rendered":"<p>L\u2019anno nuovo a Cortina si aprir\u00e0 con il tradizionale appuntamento con il Concerto di Capodanno all\u2019Alexander Girardi Hall. Protagonista l\u2019Orchestra Filarmonica della Repubblica Bielorussa, una tra le orchestre pi\u00f9 longeve nate nelle repubbliche ex sovietiche, costituita nell\u2019aprile del 1927, oggi considerata la punta di diamante dell\u2019attivit\u00e0 musicale Bielorussia. Il pubblico verr\u00e0 accampanato tra musiche di [&hellip;]<\/p>\n","protected":false},"author":2,"featured_media":0,"comment_status":"closed","ping_status":"open","sticky":false,"template":"","format":"standard","meta":{"footnotes":""},"categories":[27,3,25],"tags":[],"class_list":["post-45201","post","type-post","status-publish","format-standard","category-appuntamenti","category-arte-cultura-spettacoli-scienza-archivi","category-pausa-caffe"],"yoast_head":"<!-- This site is optimized with the Yoast SEO plugin v28.4 - https:\/\/yoast.com\/product\/yoast-seo-wordpress\/ -->\n<title>L\u2019Orchestra Fila\u00adrmonica della\u00ad Repubblica Bielorussa marted\u00ec a Cortina per il concerto di capodanno all&#039;Alexander Girardi Hall - Bellunopress - Dolomiti<\/title>\n<meta name=\"robots\" content=\"index, follow, max-snippet:-1, max-image-preview:large, max-video-preview:-1\" \/>\n<link rel=\"canonical\" href=\"https:\/\/www.bellunopress.it\/fr\/2012\/12\/28\/lorchestra-fila\u00adrmonica-della\u00ad-repubblica-bielorussa-martedi-a-cortina-per-il-concerto-di-capodanno-allalexander-girardi-hall\/\" \/>\n<meta property=\"og:locale\" content=\"fr_FR\" \/>\n<meta property=\"og:type\" content=\"article\" \/>\n<meta property=\"og:title\" content=\"L\u2019Orchestra Fila\u00adrmonica della\u00ad Repubblica Bielorussa marted\u00ec a Cortina per il concerto di capodanno all&#039;Alexander Girardi Hall - Bellunopress - Dolomiti\" \/>\n<meta property=\"og:description\" content=\"L\u2019anno nuovo a Cortina si aprir\u00e0 con il tradizionale appuntamento con il Concerto di Capodanno all\u2019Alexander Girardi Hall. Protagonista l\u2019Orchestra Filarmonica della Repubblica Bielorussa, una tra le orchestre pi\u00f9 longeve nate nelle repubbliche ex sovietiche, costituita nell\u2019aprile del 1927, oggi considerata la punta di diamante dell\u2019attivit\u00e0 musicale Bielorussia. Il pubblico verr\u00e0 accampanato tra musiche di [&hellip;]\" \/>\n<meta property=\"og:url\" content=\"https:\/\/www.bellunopress.it\/fr\/2012\/12\/28\/lorchestra-fila\u00adrmonica-della\u00ad-repubblica-bielorussa-martedi-a-cortina-per-il-concerto-di-capodanno-allalexander-girardi-hall\/\" \/>\n<meta property=\"og:site_name\" content=\"Bellunopress - Dolomiti\" \/>\n<meta property=\"article:publisher\" content=\"https:\/\/www.facebook.com\/profile.php?id=100008943462799\" \/>\n<meta property=\"article:published_time\" content=\"2012-12-28T12:14:13+00:00\" \/>\n<meta property=\"og:image\" content=\"http:\/\/www.bellunopress.it\/wp-content\/uploads\/2012\/07\/logo-bellunopress-250x250-2012.jpg\" \/>\n<meta name=\"author\" content=\"redazione\" \/>\n<meta name=\"twitter:card\" content=\"summary_large_image\" \/>\n<meta name=\"twitter:creator\" content=\"@bellunopress\" \/>\n<meta name=\"twitter:site\" content=\"@bellunopress\" \/>\n<meta name=\"twitter:label1\" content=\"\u00c9crit par\" \/>\n\t<meta name=\"twitter:data1\" content=\"redazione\" \/>\n\t<meta name=\"twitter:label2\" content=\"Dur\u00e9e de lecture estim\u00e9e\" \/>\n\t<meta name=\"twitter:data2\" content=\"3 minutes\" \/>\n<script type=\"application\/ld+json\" class=\"yoast-schema-graph\">{\"@context\":\"https:\\\/\\\/schema.org\",\"@graph\":[{\"@type\":\"Article\",\"@id\":\"https:\\\/\\\/www.bellunopress.it\\\/2012\\\/12\\\/28\\\/lorchestra-fila%c2%adrmonica-della%c2%ad-repubblica-bielorussa-martedi-a-cortina-per-il-concerto-di-capodanno-allalexander-girardi-hall\\\/#article\",\"isPartOf\":{\"@id\":\"https:\\\/\\\/www.bellunopress.it\\\/2012\\\/12\\\/28\\\/lorchestra-fila%c2%adrmonica-della%c2%ad-repubblica-bielorussa-martedi-a-cortina-per-il-concerto-di-capodanno-allalexander-girardi-hall\\\/\"},\"author\":{\"name\":\"redazione\",\"@id\":\"https:\\\/\\\/www.bellunopress.it\\\/#\\\/schema\\\/person\\\/79bb06722b37ece1c03d3e94beb30d73\"},\"headline\":\"L\u2019Orchestra Fila\u00adrmonica della\u00ad Repubblica Bielorussa marted\u00ec a Cortina per il concerto di capodanno all&#8217;Alexander Girardi Hall\",\"datePublished\":\"2012-12-28T12:14:13+00:00\",\"mainEntityOfPage\":{\"@id\":\"https:\\\/\\\/www.bellunopress.it\\\/2012\\\/12\\\/28\\\/lorchestra-fila%c2%adrmonica-della%c2%ad-repubblica-bielorussa-martedi-a-cortina-per-il-concerto-di-capodanno-allalexander-girardi-hall\\\/\"},\"wordCount\":590,\"publisher\":{\"@id\":\"https:\\\/\\\/www.bellunopress.it\\\/#organization\"},\"articleSection\":[\"Appuntamenti, Eventi\",\"Arte, Cultura, Spettacoli, Scienza\",\"Pausa Caff\u00e8\"],\"inLanguage\":\"fr-FR\"},{\"@type\":\"WebPage\",\"@id\":\"https:\\\/\\\/www.bellunopress.it\\\/2012\\\/12\\\/28\\\/lorchestra-fila%c2%adrmonica-della%c2%ad-repubblica-bielorussa-martedi-a-cortina-per-il-concerto-di-capodanno-allalexander-girardi-hall\\\/\",\"url\":\"https:\\\/\\\/www.bellunopress.it\\\/2012\\\/12\\\/28\\\/lorchestra-fila%c2%adrmonica-della%c2%ad-repubblica-bielorussa-martedi-a-cortina-per-il-concerto-di-capodanno-allalexander-girardi-hall\\\/\",\"name\":\"L\u2019Orchestra Fila\u00adrmonica della\u00ad Repubblica Bielorussa marted\u00ec a Cortina per il concerto di capodanno all'Alexander Girardi Hall - Bellunopress - Dolomiti\",\"isPartOf\":{\"@id\":\"https:\\\/\\\/www.bellunopress.it\\\/#website\"},\"datePublished\":\"2012-12-28T12:14:13+00:00\",\"breadcrumb\":{\"@id\":\"https:\\\/\\\/www.bellunopress.it\\\/2012\\\/12\\\/28\\\/lorchestra-fila%c2%adrmonica-della%c2%ad-repubblica-bielorussa-martedi-a-cortina-per-il-concerto-di-capodanno-allalexander-girardi-hall\\\/#breadcrumb\"},\"inLanguage\":\"fr-FR\",\"potentialAction\":[{\"@type\":\"ReadAction\",\"target\":[\"https:\\\/\\\/www.bellunopress.it\\\/2012\\\/12\\\/28\\\/lorchestra-fila%c2%adrmonica-della%c2%ad-repubblica-bielorussa-martedi-a-cortina-per-il-concerto-di-capodanno-allalexander-girardi-hall\\\/\"]}]},{\"@type\":\"BreadcrumbList\",\"@id\":\"https:\\\/\\\/www.bellunopress.it\\\/2012\\\/12\\\/28\\\/lorchestra-fila%c2%adrmonica-della%c2%ad-repubblica-bielorussa-martedi-a-cortina-per-il-concerto-di-capodanno-allalexander-girardi-hall\\\/#breadcrumb\",\"itemListElement\":[{\"@type\":\"ListItem\",\"position\":1,\"name\":\"Home\",\"item\":\"https:\\\/\\\/www.bellunopress.it\\\/\"},{\"@type\":\"ListItem\",\"position\":2,\"name\":\"L\u2019Orchestra Fila\u00adrmonica della\u00ad Repubblica Bielorussa marted\u00ec a Cortina per il concerto di capodanno all&#8217;Alexander Girardi Hall\"}]},{\"@type\":\"WebSite\",\"@id\":\"https:\\\/\\\/www.bellunopress.it\\\/#website\",\"url\":\"https:\\\/\\\/www.bellunopress.it\\\/\",\"name\":\"Bellunopress - Dolomiti\",\"description\":\"e-mail: redazione@bellunopress.it\",\"publisher\":{\"@id\":\"https:\\\/\\\/www.bellunopress.it\\\/#organization\"},\"potentialAction\":[{\"@type\":\"SearchAction\",\"target\":{\"@type\":\"EntryPoint\",\"urlTemplate\":\"https:\\\/\\\/www.bellunopress.it\\\/?s={search_term_string}\"},\"query-input\":{\"@type\":\"PropertyValueSpecification\",\"valueRequired\":true,\"valueName\":\"search_term_string\"}}],\"inLanguage\":\"fr-FR\"},{\"@type\":\"Organization\",\"@id\":\"https:\\\/\\\/www.bellunopress.it\\\/#organization\",\"name\":\"Bellunopress\",\"url\":\"https:\\\/\\\/www.bellunopress.it\\\/\",\"logo\":{\"@type\":\"ImageObject\",\"inLanguage\":\"fr-FR\",\"@id\":\"https:\\\/\\\/www.bellunopress.it\\\/#\\\/schema\\\/logo\\\/image\\\/\",\"url\":\"https:\\\/\\\/www.bellunopress.it\\\/wp-content\\\/uploads\\\/2011\\\/05\\\/cropped-logo-bellunopress-.jpg\",\"contentUrl\":\"https:\\\/\\\/www.bellunopress.it\\\/wp-content\\\/uploads\\\/2011\\\/05\\\/cropped-logo-bellunopress-.jpg\",\"width\":512,\"height\":512,\"caption\":\"Bellunopress\"},\"image\":{\"@id\":\"https:\\\/\\\/www.bellunopress.it\\\/#\\\/schema\\\/logo\\\/image\\\/\"},\"sameAs\":[\"https:\\\/\\\/www.facebook.com\\\/profile.php?id=100008943462799\",\"https:\\\/\\\/x.com\\\/bellunopress\",\"https:\\\/\\\/www.linkedin.com\\\/hp\\\/?dnr=JBzUWaJfMUw8vbXJJ2tVW5-I3jZKvC4wsoxE&amp;amp;amp;amp;amp;amp;trk=nav_responsive_tab_home\",\"https:\\\/\\\/www.youtube.com\\\/channel\\\/UCxL0wu1uN0_3_7hGG0306cw\"]},{\"@type\":\"Person\",\"@id\":\"https:\\\/\\\/www.bellunopress.it\\\/#\\\/schema\\\/person\\\/79bb06722b37ece1c03d3e94beb30d73\",\"name\":\"redazione\",\"image\":{\"@type\":\"ImageObject\",\"inLanguage\":\"fr-FR\",\"@id\":\"https:\\\/\\\/secure.gravatar.com\\\/avatar\\\/37d968a2e67a6fd04c169c4bdef102d0bc5d31b2546345219e348575eb80e9a0?s=96&d=mm&r=g\",\"url\":\"https:\\\/\\\/secure.gravatar.com\\\/avatar\\\/37d968a2e67a6fd04c169c4bdef102d0bc5d31b2546345219e348575eb80e9a0?s=96&d=mm&r=g\",\"contentUrl\":\"https:\\\/\\\/secure.gravatar.com\\\/avatar\\\/37d968a2e67a6fd04c169c4bdef102d0bc5d31b2546345219e348575eb80e9a0?s=96&d=mm&r=g\",\"caption\":\"redazione\"},\"sameAs\":[\"http:\\\/\\\/www.bellunopress.it\",\"https:\\\/\\\/x.com\\\/bellunopress\"],\"url\":\"https:\\\/\\\/www.bellunopress.it\\\/fr\\\/author\\\/redazione\\\/\"}]}<\/script>\n<!-- \/ Yoast SEO plugin. -->","yoast_head_json":{"title":"L\u2019Orchestra Fila\u00adrmonica della\u00ad Repubblica Bielorussa marted\u00ec a Cortina per il concerto di capodanno all'Alexander Girardi Hall - Bellunopress - Dolomiti","robots":{"index":"index","follow":"follow","max-snippet":"max-snippet:-1","max-image-preview":"max-image-preview:large","max-video-preview":"max-video-preview:-1"},"canonical":"https:\/\/www.bellunopress.it\/fr\/2012\/12\/28\/lorchestra-fila\u00adrmonica-della\u00ad-repubblica-bielorussa-martedi-a-cortina-per-il-concerto-di-capodanno-allalexander-girardi-hall\/","og_locale":"fr_FR","og_type":"article","og_title":"L\u2019Orchestra Fila\u00adrmonica della\u00ad Repubblica Bielorussa marted\u00ec a Cortina per il concerto di capodanno all'Alexander Girardi Hall - Bellunopress - Dolomiti","og_description":"L\u2019anno nuovo a Cortina si aprir\u00e0 con il tradizionale appuntamento con il Concerto di Capodanno all\u2019Alexander Girardi Hall. Protagonista l\u2019Orchestra Filarmonica della Repubblica Bielorussa, una tra le orchestre pi\u00f9 longeve nate nelle repubbliche ex sovietiche, costituita nell\u2019aprile del 1927, oggi considerata la punta di diamante dell\u2019attivit\u00e0 musicale Bielorussia. Il pubblico verr\u00e0 accampanato tra musiche di [&hellip;]","og_url":"https:\/\/www.bellunopress.it\/fr\/2012\/12\/28\/lorchestra-fila\u00adrmonica-della\u00ad-repubblica-bielorussa-martedi-a-cortina-per-il-concerto-di-capodanno-allalexander-girardi-hall\/","og_site_name":"Bellunopress - Dolomiti","article_publisher":"https:\/\/www.facebook.com\/profile.php?id=100008943462799","article_published_time":"2012-12-28T12:14:13+00:00","og_image":[{"url":"http:\/\/www.bellunopress.it\/wp-content\/uploads\/2012\/07\/logo-bellunopress-250x250-2012.jpg","type":"","width":"","height":""}],"author":"redazione","twitter_card":"summary_large_image","twitter_creator":"@bellunopress","twitter_site":"@bellunopress","twitter_misc":{"\u00c9crit par":"redazione","Dur\u00e9e de lecture estim\u00e9e":"3 minutes"},"schema":{"@context":"https:\/\/schema.org","@graph":[{"@type":"Article","@id":"https:\/\/www.bellunopress.it\/2012\/12\/28\/lorchestra-fila%c2%adrmonica-della%c2%ad-repubblica-bielorussa-martedi-a-cortina-per-il-concerto-di-capodanno-allalexander-girardi-hall\/#article","isPartOf":{"@id":"https:\/\/www.bellunopress.it\/2012\/12\/28\/lorchestra-fila%c2%adrmonica-della%c2%ad-repubblica-bielorussa-martedi-a-cortina-per-il-concerto-di-capodanno-allalexander-girardi-hall\/"},"author":{"name":"redazione","@id":"https:\/\/www.bellunopress.it\/#\/schema\/person\/79bb06722b37ece1c03d3e94beb30d73"},"headline":"L\u2019Orchestra Fila\u00adrmonica della\u00ad Repubblica Bielorussa marted\u00ec a Cortina per il concerto di capodanno all&#8217;Alexander Girardi Hall","datePublished":"2012-12-28T12:14:13+00:00","mainEntityOfPage":{"@id":"https:\/\/www.bellunopress.it\/2012\/12\/28\/lorchestra-fila%c2%adrmonica-della%c2%ad-repubblica-bielorussa-martedi-a-cortina-per-il-concerto-di-capodanno-allalexander-girardi-hall\/"},"wordCount":590,"publisher":{"@id":"https:\/\/www.bellunopress.it\/#organization"},"articleSection":["Appuntamenti, Eventi","Arte, Cultura, Spettacoli, Scienza","Pausa Caff\u00e8"],"inLanguage":"fr-FR"},{"@type":"WebPage","@id":"https:\/\/www.bellunopress.it\/2012\/12\/28\/lorchestra-fila%c2%adrmonica-della%c2%ad-repubblica-bielorussa-martedi-a-cortina-per-il-concerto-di-capodanno-allalexander-girardi-hall\/","url":"https:\/\/www.bellunopress.it\/2012\/12\/28\/lorchestra-fila%c2%adrmonica-della%c2%ad-repubblica-bielorussa-martedi-a-cortina-per-il-concerto-di-capodanno-allalexander-girardi-hall\/","name":"L\u2019Orchestra Fila\u00adrmonica della\u00ad Repubblica Bielorussa marted\u00ec a Cortina per il concerto di capodanno all'Alexander Girardi Hall - Bellunopress - Dolomiti","isPartOf":{"@id":"https:\/\/www.bellunopress.it\/#website"},"datePublished":"2012-12-28T12:14:13+00:00","breadcrumb":{"@id":"https:\/\/www.bellunopress.it\/2012\/12\/28\/lorchestra-fila%c2%adrmonica-della%c2%ad-repubblica-bielorussa-martedi-a-cortina-per-il-concerto-di-capodanno-allalexander-girardi-hall\/#breadcrumb"},"inLanguage":"fr-FR","potentialAction":[{"@type":"ReadAction","target":["https:\/\/www.bellunopress.it\/2012\/12\/28\/lorchestra-fila%c2%adrmonica-della%c2%ad-repubblica-bielorussa-martedi-a-cortina-per-il-concerto-di-capodanno-allalexander-girardi-hall\/"]}]},{"@type":"BreadcrumbList","@id":"https:\/\/www.bellunopress.it\/2012\/12\/28\/lorchestra-fila%c2%adrmonica-della%c2%ad-repubblica-bielorussa-martedi-a-cortina-per-il-concerto-di-capodanno-allalexander-girardi-hall\/#breadcrumb","itemListElement":[{"@type":"ListItem","position":1,"name":"Home","item":"https:\/\/www.bellunopress.it\/"},{"@type":"ListItem","position":2,"name":"L\u2019Orchestra Fila\u00adrmonica della\u00ad Repubblica Bielorussa marted\u00ec a Cortina per il concerto di capodanno all&#8217;Alexander Girardi Hall"}]},{"@type":"WebSite","@id":"https:\/\/www.bellunopress.it\/#website","url":"https:\/\/www.bellunopress.it\/","name":"Bellunopress - Dolomiti","description":"e-mail: redazione@bellunopress.it","publisher":{"@id":"https:\/\/www.bellunopress.it\/#organization"},"potentialAction":[{"@type":"SearchAction","target":{"@type":"EntryPoint","urlTemplate":"https:\/\/www.bellunopress.it\/?s={search_term_string}"},"query-input":{"@type":"PropertyValueSpecification","valueRequired":true,"valueName":"search_term_string"}}],"inLanguage":"fr-FR"},{"@type":"Organization","@id":"https:\/\/www.bellunopress.it\/#organization","name":"Bellunopress","url":"https:\/\/www.bellunopress.it\/","logo":{"@type":"ImageObject","inLanguage":"fr-FR","@id":"https:\/\/www.bellunopress.it\/#\/schema\/logo\/image\/","url":"https:\/\/www.bellunopress.it\/wp-content\/uploads\/2011\/05\/cropped-logo-bellunopress-.jpg","contentUrl":"https:\/\/www.bellunopress.it\/wp-content\/uploads\/2011\/05\/cropped-logo-bellunopress-.jpg","width":512,"height":512,"caption":"Bellunopress"},"image":{"@id":"https:\/\/www.bellunopress.it\/#\/schema\/logo\/image\/"},"sameAs":["https:\/\/www.facebook.com\/profile.php?id=100008943462799","https:\/\/x.com\/bellunopress","https:\/\/www.linkedin.com\/hp\/?dnr=JBzUWaJfMUw8vbXJJ2tVW5-I3jZKvC4wsoxE&amp;amp;amp;amp;amp;amp;trk=nav_responsive_tab_home","https:\/\/www.youtube.com\/channel\/UCxL0wu1uN0_3_7hGG0306cw"]},{"@type":"Person","@id":"https:\/\/www.bellunopress.it\/#\/schema\/person\/79bb06722b37ece1c03d3e94beb30d73","name":"r\u00e9daction","image":{"@type":"ImageObject","inLanguage":"fr-FR","@id":"https:\/\/secure.gravatar.com\/avatar\/37d968a2e67a6fd04c169c4bdef102d0bc5d31b2546345219e348575eb80e9a0?s=96&d=mm&r=g","url":"https:\/\/secure.gravatar.com\/avatar\/37d968a2e67a6fd04c169c4bdef102d0bc5d31b2546345219e348575eb80e9a0?s=96&d=mm&r=g","contentUrl":"https:\/\/secure.gravatar.com\/avatar\/37d968a2e67a6fd04c169c4bdef102d0bc5d31b2546345219e348575eb80e9a0?s=96&d=mm&r=g","caption":"redazione"},"sameAs":["http:\/\/www.bellunopress.it","https:\/\/x.com\/bellunopress"],"url":"https:\/\/www.bellunopress.it\/fr\/author\/redazione\/"}]}},"_links":{"self":[{"href":"https:\/\/www.bellunopress.it\/fr\/wp-json\/wp\/v2\/posts\/45201","targetHints":{"allow":["GET"]}}],"collection":[{"href":"https:\/\/www.bellunopress.it\/fr\/wp-json\/wp\/v2\/posts"}],"about":[{"href":"https:\/\/www.bellunopress.it\/fr\/wp-json\/wp\/v2\/types\/post"}],"author":[{"embeddable":true,"href":"https:\/\/www.bellunopress.it\/fr\/wp-json\/wp\/v2\/users\/2"}],"replies":[{"embeddable":true,"href":"https:\/\/www.bellunopress.it\/fr\/wp-json\/wp\/v2\/comments?post=45201"}],"version-history":[{"count":1,"href":"https:\/\/www.bellunopress.it\/fr\/wp-json\/wp\/v2\/posts\/45201\/revisions"}],"predecessor-version":[{"id":45202,"href":"https:\/\/www.bellunopress.it\/fr\/wp-json\/wp\/v2\/posts\/45201\/revisions\/45202"}],"wp:attachment":[{"href":"https:\/\/www.bellunopress.it\/fr\/wp-json\/wp\/v2\/media?parent=45201"}],"wp:term":[{"taxonomy":"category","embeddable":true,"href":"https:\/\/www.bellunopress.it\/fr\/wp-json\/wp\/v2\/categories?post=45201"},{"taxonomy":"post_tag","embeddable":true,"href":"https:\/\/www.bellunopress.it\/fr\/wp-json\/wp\/v2\/tags?post=45201"}],"curies":[{"name":"wp","href":"https:\/\/api.w.org\/{rel}","templated":true}]}}