{"id":45199,"date":"2012-12-28T12:53:24","date_gmt":"2012-12-28T11:53:24","guid":{"rendered":"http:\/\/www.bellunopress.it\/?p=45199"},"modified":"2012-12-28T18:46:28","modified_gmt":"2012-12-28T17:46:28","slug":"istituzione-del-registro-per-le-direttive-anticipate-sui-trattamenti-sanitari-nel-fine-vita","status":"publish","type":"post","link":"https:\/\/www.bellunopress.it\/fr\/2012\/12\/28\/istituzione-del-registro-per-le-direttive-anticipate-sui-trattamenti-sanitari-nel-fine-vita\/","title":{"rendered":"Istituzione del registro per le direttive anticipate sui trattamenti sanitari nel fine vita"},"content":{"rendered":"<p>Sull&#8217;approvazione del Registro comunale che raccoglie le volont\u00e0 di fine vita, approvato dal consiglio comunale di gioved\u00ec pomeriggio, interviene la dottoressa Francesca De Biasi, presidente della Commissione terza del Comune di Belluno.<\/p>\n<figure id=\"attachment_40652\" aria-describedby=\"caption-attachment-40652\" style=\"width: 157px\" class=\"wp-caption alignleft\"><a href=\"http:\/\/www.bellunopress.it\/wp-content\/uploads\/2012\/08\/francesca-de-biasi.jpg\"><img loading=\"lazy\" decoding=\"async\" class=\"size-full wp-image-40652\" alt=\"Francesca De Biasi\" src=\"http:\/\/www.bellunopress.it\/wp-content\/uploads\/2012\/08\/francesca-de-biasi.jpg\" width=\"157\" height=\"105\" \/><\/a><figcaption id=\"caption-attachment-40652\" class=\"wp-caption-text\">Francesca De Biasi<\/figcaption><\/figure>\n<p>\u201cLe motivazioni della delibera dal precedente consiglio erano due. Il primo, quello di affinare alcune parti del formulario che \u00e8 stato predisposto per il registro alla luce delle sensibilit\u00e0 dei consiglieri di terza commissione; il secondo, altrettanto importante, quello di dare il dovuto tempo alle sensibilit\u00e0 di ciascuno per elaborare una propria posizione sul tema del fine vita che andavamo a proporre. Allo scopo di fornire le dovute informazioni l&#8217;amministrazione organizzer\u00e0 a breve un incontro pubblico. Per scongiurare fino all&#8217;ultimo tuttavia inutili fraintendimenti o posizioni demagogiche, si tiene a chiarire quanto segue.<\/p>\n<p>Primo. Niente in questo documento ha a che fare con l\u2019eutanasia e l&#8217;astensione da alcuni trattamenti, qualora la persona venisse a trovarsi in una delle condizioni descritte dal formulario, \u00e8 gi\u00e0 nelle possibilit\u00e0 di scelta del medico. Nelle scelte terapeutiche nel fine vita, il medico ha una certa discrezionalit\u00e0 rispetto alle terapia da intraprendere per prolungare, anche di qualche ora, la vita, e a quelle a cui astenersi, soprattutto se l\u2019allungamento non \u00e8 accompagnato da uno stato di benessere ma da sofferenza o incoscienza. Il formulario predisposto si rivolge ad una particolare e precisa condizione di vita, in cui ognuno di noi tra l\u2019altro potrebbe venirsi a trovare, ovvero quella in cui una persona , in modo improvviso o progressivo, si trovasse in uno stato irreversibile di malattia, senza possibilit\u00e0 di miglioramento secondo le conoscenze scientifiche a disposizione, e senza la possibilit\u00e0 di comunicare il proprio volere rispetto alle cure. Non riguarda e non si rivolge alla persona suscettibile di miglioramento che si trova in uno stato transitorio di incoscienza o incapacit\u00e0 comunicativa , di non avere le cure necessarie per la sua guarigione.<\/p>\n<p>Secondo. La scelta terapeutica \u00e8 risultante di un\u2019alleanza dove il medico \u00e8 tenuto ad informare e dove il paziente, informato, sceglie. Se il medico nelle scelte di fine vita non ha un interlocutore, chi lo aiuter\u00e0 a fare le scelte migliori per il suo paziente? Un familiare addolorato o la tecnologia medica con tutte le sue possibilit\u00e0 di prolungamento della vita, non sono gli interlocutori adatti a rispettare la disposizione del malato. Questo documento permetter\u00e0 di restituire l\u2019interlocutore al medico, anche attraverso il fiduciario nominato dal paziente, cos\u00ec da poter rispettate le volont\u00e0 della persona che sta curando, tra tutte quella del non accanimento terapeutico, ma anche \u2013 possibilit\u00e0 offerta dal formulario \u2013 quella di avere assistenza religiosa, come nel post morte di avere o meno cerimonia religiosa o non, donare gli organi o essere cremato piuttosto che inumato. Si ricorda inoltre come il documento sia stato approvato dal Comitato Etico della nostra ULSS. Potrebbe il Comitato Etico di un\u2019Azienda Sanitaria condividere qualcosa che \u00e8 contro la deontologia medica e contro la legge?<\/p>\n<p>Terzo. Per quanto concerne invece il suo uso \u00e8 bene ricordare come compilare il formulario non \u00e8 un obbligo, \u00e8 una possibilit\u00e0. Nessuno obbligato a sottoscrivere il formulario. Il documento \u00e8 creato per dare libert\u00e0 ai cittadini del nostro comune, non per toglierla. il registro \u00e8 uno strumento per garantire alcune tutele ai nostri cittadini, sanciti dalla costituzione e dal codice di deontologia medica e dalla carta dei Diritti Fondamentali dell&#8217;Unione Europea.<\/p>\n<p>Rispetto all&#8217;opportunit\u00e0 o meno che un&#8217;amministrazione comunale intervenga in questo senso sono d&#8217;obbligo alcune riflessioni.<\/p>\n<p>Carl Jung diceva che \u201cpassata la mediana della vita, vive solo chi sa che dovr\u00e0 morire.\u201d Con altre parole si pu\u00f2 dire che le cose non cessano di esistere perch\u00e9 noi non ci pensiamo e anzi, quelle pi\u00f9 dolorose e pericolose per la salute del nostro reddito , del nostro corpo,dei nostri affetti, si acuiscono e prendono forma proprio se non si considerano nella loro realt\u00e0. Lo sa chi non si cura perch\u00e9 \u00e8 convinto di non essere malato, chi non prende rimedi davanti a grandi perdite di gioco perch\u00e9 crede che prima o poi vincer\u00e0, chi non si avvicina al dolore di un proprio caro perch\u00e9 crede che prima o poi passer\u00e0, approfondendone cos\u00ec la sofferenza e la solitudine.<\/p>\n<p>Detto questo nessuno pu\u00f2 &#8211; si ha ragione \u2013 arrogarsi il diritto di entrare nelle decisioni intime della persona, e non v\u2019\u00e8 nulla di pi\u00f9 intimo che il rapporto che un uomo ha con la condizione della malattia e la realt\u00e0 della morte. La politica non pu\u00f2 obbligare nessuno ad esprimersi in merito alle scelte di fine vita, ma allo stesso tempo ha il dovere di fornire al cittadino gli strumenti necessari affinch\u00e9 possa comunicare \u2013 anche quando non pu\u00f2 usare la propria voce \u2013 le proprie disposizioni rispetto al momento forse pi\u00f9 privato e intimo della propria vita, perch\u00e9 quello in cui si trova pi\u00f9 solo.<\/p>\n<p>Se ci si chiede se queste sono le priorit\u00e0 della nostra amministrazione, rispondo che il Comune non deve avere solo priorit\u00e0 materiali ma abbia anche responsabilit\u00e0 etiche e morali nei confronti dei propri cittadini. La politica guida la cosa pubblica con l\u2019unico fine di servire i cittadini, e dunque tutto ci\u00f2 che riguarda il rispetto della loro vita, dai primi attimi, agli ultimi, cos\u00ec come descritto dalla nostra costituzione , riguarda la politica.<\/p>","protected":false},"excerpt":{"rendered":"<p>Sull&#8217;approvazione del Registro comunale che raccoglie le volont\u00e0 di fine vita, approvato dal consiglio comunale di gioved\u00ec pomeriggio, interviene la dottoressa Francesca De Biasi, presidente della Commissione terza del Comune di Belluno. \u201cLe motivazioni della delibera dal precedente consiglio erano due. Il primo, quello di affinare alcune parti del formulario che \u00e8 stato predisposto per [&hellip;]<\/p>\n","protected":false},"author":2,"featured_media":0,"comment_status":"closed","ping_status":"open","sticky":false,"template":"","format":"standard","meta":{"footnotes":""},"categories":[5,26,17],"tags":[2372],"class_list":["post-45199","post","type-post","status-publish","format-standard","category-cronaca","category-prima-pagina","category-sanita","tag-francesca-de-biasi"],"yoast_head":"<!-- This site is optimized with the Yoast SEO plugin v28.4 - https:\/\/yoast.com\/product\/yoast-seo-wordpress\/ -->\n<title>Istituzione del registro per le direttive anticipate sui trattamenti sanitari nel fine vita - Bellunopress - Dolomiti<\/title>\n<meta name=\"robots\" content=\"index, follow, max-snippet:-1, max-image-preview:large, max-video-preview:-1\" \/>\n<link rel=\"canonical\" href=\"https:\/\/www.bellunopress.it\/fr\/2012\/12\/28\/istituzione-del-registro-per-le-direttive-anticipate-sui-trattamenti-sanitari-nel-fine-vita\/\" \/>\n<meta property=\"og:locale\" content=\"fr_FR\" \/>\n<meta property=\"og:type\" content=\"article\" \/>\n<meta property=\"og:title\" content=\"Istituzione del registro per le direttive anticipate sui trattamenti sanitari nel fine vita - Bellunopress - Dolomiti\" \/>\n<meta property=\"og:description\" content=\"Sull&#8217;approvazione del Registro comunale che raccoglie le volont\u00e0 di fine vita, approvato dal consiglio comunale di gioved\u00ec pomeriggio, interviene la dottoressa Francesca De Biasi, presidente della Commissione terza del Comune di Belluno. \u201cLe motivazioni della delibera dal precedente consiglio erano due. Il primo, quello di affinare alcune parti del formulario che \u00e8 stato predisposto per [&hellip;]\" \/>\n<meta property=\"og:url\" content=\"https:\/\/www.bellunopress.it\/fr\/2012\/12\/28\/istituzione-del-registro-per-le-direttive-anticipate-sui-trattamenti-sanitari-nel-fine-vita\/\" \/>\n<meta property=\"og:site_name\" content=\"Bellunopress - Dolomiti\" \/>\n<meta property=\"article:publisher\" content=\"https:\/\/www.facebook.com\/profile.php?id=100008943462799\" \/>\n<meta property=\"article:published_time\" content=\"2012-12-28T11:53:24+00:00\" \/>\n<meta property=\"article:modified_time\" content=\"2012-12-28T17:46:28+00:00\" \/>\n<meta property=\"og:image\" content=\"http:\/\/www.bellunopress.it\/wp-content\/uploads\/2012\/08\/francesca-de-biasi.jpg\" \/>\n<meta name=\"author\" content=\"redazione\" \/>\n<meta name=\"twitter:card\" content=\"summary_large_image\" \/>\n<meta name=\"twitter:creator\" content=\"@bellunopress\" \/>\n<meta name=\"twitter:site\" content=\"@bellunopress\" \/>\n<meta name=\"twitter:label1\" content=\"\u00c9crit par\" \/>\n\t<meta name=\"twitter:data1\" content=\"redazione\" \/>\n\t<meta name=\"twitter:label2\" content=\"Dur\u00e9e de lecture estim\u00e9e\" \/>\n\t<meta name=\"twitter:data2\" content=\"4 minutes\" \/>\n<script type=\"application\/ld+json\" class=\"yoast-schema-graph\">{\"@context\":\"https:\\\/\\\/schema.org\",\"@graph\":[{\"@type\":\"Article\",\"@id\":\"https:\\\/\\\/www.bellunopress.it\\\/2012\\\/12\\\/28\\\/istituzione-del-registro-per-le-direttive-anticipate-sui-trattamenti-sanitari-nel-fine-vita\\\/#article\",\"isPartOf\":{\"@id\":\"https:\\\/\\\/www.bellunopress.it\\\/2012\\\/12\\\/28\\\/istituzione-del-registro-per-le-direttive-anticipate-sui-trattamenti-sanitari-nel-fine-vita\\\/\"},\"author\":{\"name\":\"redazione\",\"@id\":\"https:\\\/\\\/www.bellunopress.it\\\/#\\\/schema\\\/person\\\/79bb06722b37ece1c03d3e94beb30d73\"},\"headline\":\"Istituzione del registro per le direttive anticipate sui trattamenti sanitari nel fine vita\",\"datePublished\":\"2012-12-28T11:53:24+00:00\",\"dateModified\":\"2012-12-28T17:46:28+00:00\",\"mainEntityOfPage\":{\"@id\":\"https:\\\/\\\/www.bellunopress.it\\\/2012\\\/12\\\/28\\\/istituzione-del-registro-per-le-direttive-anticipate-sui-trattamenti-sanitari-nel-fine-vita\\\/\"},\"wordCount\":886,\"publisher\":{\"@id\":\"https:\\\/\\\/www.bellunopress.it\\\/#organization\"},\"image\":{\"@id\":\"https:\\\/\\\/www.bellunopress.it\\\/2012\\\/12\\\/28\\\/istituzione-del-registro-per-le-direttive-anticipate-sui-trattamenti-sanitari-nel-fine-vita\\\/#primaryimage\"},\"thumbnailUrl\":\"http:\\\/\\\/www.bellunopress.it\\\/wp-content\\\/uploads\\\/2012\\\/08\\\/francesca-de-biasi.jpg\",\"keywords\":[\"Francesca De Biasi\"],\"articleSection\":[\"Cronaca\\\/Politica\",\"Prima Pagina\",\"Sanit\u00e0 Medicina\"],\"inLanguage\":\"fr-FR\"},{\"@type\":\"WebPage\",\"@id\":\"https:\\\/\\\/www.bellunopress.it\\\/2012\\\/12\\\/28\\\/istituzione-del-registro-per-le-direttive-anticipate-sui-trattamenti-sanitari-nel-fine-vita\\\/\",\"url\":\"https:\\\/\\\/www.bellunopress.it\\\/2012\\\/12\\\/28\\\/istituzione-del-registro-per-le-direttive-anticipate-sui-trattamenti-sanitari-nel-fine-vita\\\/\",\"name\":\"Istituzione del registro per le direttive anticipate sui trattamenti sanitari nel fine vita - Bellunopress - Dolomiti\",\"isPartOf\":{\"@id\":\"https:\\\/\\\/www.bellunopress.it\\\/#website\"},\"primaryImageOfPage\":{\"@id\":\"https:\\\/\\\/www.bellunopress.it\\\/2012\\\/12\\\/28\\\/istituzione-del-registro-per-le-direttive-anticipate-sui-trattamenti-sanitari-nel-fine-vita\\\/#primaryimage\"},\"image\":{\"@id\":\"https:\\\/\\\/www.bellunopress.it\\\/2012\\\/12\\\/28\\\/istituzione-del-registro-per-le-direttive-anticipate-sui-trattamenti-sanitari-nel-fine-vita\\\/#primaryimage\"},\"thumbnailUrl\":\"http:\\\/\\\/www.bellunopress.it\\\/wp-content\\\/uploads\\\/2012\\\/08\\\/francesca-de-biasi.jpg\",\"datePublished\":\"2012-12-28T11:53:24+00:00\",\"dateModified\":\"2012-12-28T17:46:28+00:00\",\"breadcrumb\":{\"@id\":\"https:\\\/\\\/www.bellunopress.it\\\/2012\\\/12\\\/28\\\/istituzione-del-registro-per-le-direttive-anticipate-sui-trattamenti-sanitari-nel-fine-vita\\\/#breadcrumb\"},\"inLanguage\":\"fr-FR\",\"potentialAction\":[{\"@type\":\"ReadAction\",\"target\":[\"https:\\\/\\\/www.bellunopress.it\\\/2012\\\/12\\\/28\\\/istituzione-del-registro-per-le-direttive-anticipate-sui-trattamenti-sanitari-nel-fine-vita\\\/\"]}]},{\"@type\":\"ImageObject\",\"inLanguage\":\"fr-FR\",\"@id\":\"https:\\\/\\\/www.bellunopress.it\\\/2012\\\/12\\\/28\\\/istituzione-del-registro-per-le-direttive-anticipate-sui-trattamenti-sanitari-nel-fine-vita\\\/#primaryimage\",\"url\":\"http:\\\/\\\/www.bellunopress.it\\\/wp-content\\\/uploads\\\/2012\\\/08\\\/francesca-de-biasi.jpg\",\"contentUrl\":\"http:\\\/\\\/www.bellunopress.it\\\/wp-content\\\/uploads\\\/2012\\\/08\\\/francesca-de-biasi.jpg\"},{\"@type\":\"BreadcrumbList\",\"@id\":\"https:\\\/\\\/www.bellunopress.it\\\/2012\\\/12\\\/28\\\/istituzione-del-registro-per-le-direttive-anticipate-sui-trattamenti-sanitari-nel-fine-vita\\\/#breadcrumb\",\"itemListElement\":[{\"@type\":\"ListItem\",\"position\":1,\"name\":\"Home\",\"item\":\"https:\\\/\\\/www.bellunopress.it\\\/\"},{\"@type\":\"ListItem\",\"position\":2,\"name\":\"Istituzione del registro per le direttive anticipate sui trattamenti sanitari nel fine vita\"}]},{\"@type\":\"WebSite\",\"@id\":\"https:\\\/\\\/www.bellunopress.it\\\/#website\",\"url\":\"https:\\\/\\\/www.bellunopress.it\\\/\",\"name\":\"Bellunopress - Dolomiti\",\"description\":\"e-mail: redazione@bellunopress.it\",\"publisher\":{\"@id\":\"https:\\\/\\\/www.bellunopress.it\\\/#organization\"},\"potentialAction\":[{\"@type\":\"SearchAction\",\"target\":{\"@type\":\"EntryPoint\",\"urlTemplate\":\"https:\\\/\\\/www.bellunopress.it\\\/?s={search_term_string}\"},\"query-input\":{\"@type\":\"PropertyValueSpecification\",\"valueRequired\":true,\"valueName\":\"search_term_string\"}}],\"inLanguage\":\"fr-FR\"},{\"@type\":\"Organization\",\"@id\":\"https:\\\/\\\/www.bellunopress.it\\\/#organization\",\"name\":\"Bellunopress\",\"url\":\"https:\\\/\\\/www.bellunopress.it\\\/\",\"logo\":{\"@type\":\"ImageObject\",\"inLanguage\":\"fr-FR\",\"@id\":\"https:\\\/\\\/www.bellunopress.it\\\/#\\\/schema\\\/logo\\\/image\\\/\",\"url\":\"https:\\\/\\\/www.bellunopress.it\\\/wp-content\\\/uploads\\\/2011\\\/05\\\/cropped-logo-bellunopress-.jpg\",\"contentUrl\":\"https:\\\/\\\/www.bellunopress.it\\\/wp-content\\\/uploads\\\/2011\\\/05\\\/cropped-logo-bellunopress-.jpg\",\"width\":512,\"height\":512,\"caption\":\"Bellunopress\"},\"image\":{\"@id\":\"https:\\\/\\\/www.bellunopress.it\\\/#\\\/schema\\\/logo\\\/image\\\/\"},\"sameAs\":[\"https:\\\/\\\/www.facebook.com\\\/profile.php?id=100008943462799\",\"https:\\\/\\\/x.com\\\/bellunopress\",\"https:\\\/\\\/www.linkedin.com\\\/hp\\\/?dnr=JBzUWaJfMUw8vbXJJ2tVW5-I3jZKvC4wsoxE&amp;amp;amp;amp;amp;amp;trk=nav_responsive_tab_home\",\"https:\\\/\\\/www.youtube.com\\\/channel\\\/UCxL0wu1uN0_3_7hGG0306cw\"]},{\"@type\":\"Person\",\"@id\":\"https:\\\/\\\/www.bellunopress.it\\\/#\\\/schema\\\/person\\\/79bb06722b37ece1c03d3e94beb30d73\",\"name\":\"redazione\",\"image\":{\"@type\":\"ImageObject\",\"inLanguage\":\"fr-FR\",\"@id\":\"https:\\\/\\\/secure.gravatar.com\\\/avatar\\\/37d968a2e67a6fd04c169c4bdef102d0bc5d31b2546345219e348575eb80e9a0?s=96&d=mm&r=g\",\"url\":\"https:\\\/\\\/secure.gravatar.com\\\/avatar\\\/37d968a2e67a6fd04c169c4bdef102d0bc5d31b2546345219e348575eb80e9a0?s=96&d=mm&r=g\",\"contentUrl\":\"https:\\\/\\\/secure.gravatar.com\\\/avatar\\\/37d968a2e67a6fd04c169c4bdef102d0bc5d31b2546345219e348575eb80e9a0?s=96&d=mm&r=g\",\"caption\":\"redazione\"},\"sameAs\":[\"http:\\\/\\\/www.bellunopress.it\",\"https:\\\/\\\/x.com\\\/bellunopress\"],\"url\":\"https:\\\/\\\/www.bellunopress.it\\\/fr\\\/author\\\/redazione\\\/\"}]}<\/script>\n<!-- \/ Yoast SEO plugin. -->","yoast_head_json":{"title":"Istituzione del registro per le direttive anticipate sui trattamenti sanitari nel fine vita - Bellunopress - Dolomiti","robots":{"index":"index","follow":"follow","max-snippet":"max-snippet:-1","max-image-preview":"max-image-preview:large","max-video-preview":"max-video-preview:-1"},"canonical":"https:\/\/www.bellunopress.it\/fr\/2012\/12\/28\/istituzione-del-registro-per-le-direttive-anticipate-sui-trattamenti-sanitari-nel-fine-vita\/","og_locale":"fr_FR","og_type":"article","og_title":"Istituzione del registro per le direttive anticipate sui trattamenti sanitari nel fine vita - Bellunopress - Dolomiti","og_description":"Sull&#8217;approvazione del Registro comunale che raccoglie le volont\u00e0 di fine vita, approvato dal consiglio comunale di gioved\u00ec pomeriggio, interviene la dottoressa Francesca De Biasi, presidente della Commissione terza del Comune di Belluno. \u201cLe motivazioni della delibera dal precedente consiglio erano due. Il primo, quello di affinare alcune parti del formulario che \u00e8 stato predisposto per [&hellip;]","og_url":"https:\/\/www.bellunopress.it\/fr\/2012\/12\/28\/istituzione-del-registro-per-le-direttive-anticipate-sui-trattamenti-sanitari-nel-fine-vita\/","og_site_name":"Bellunopress - Dolomiti","article_publisher":"https:\/\/www.facebook.com\/profile.php?id=100008943462799","article_published_time":"2012-12-28T11:53:24+00:00","article_modified_time":"2012-12-28T17:46:28+00:00","og_image":[{"url":"http:\/\/www.bellunopress.it\/wp-content\/uploads\/2012\/08\/francesca-de-biasi.jpg","type":"","width":"","height":""}],"author":"redazione","twitter_card":"summary_large_image","twitter_creator":"@bellunopress","twitter_site":"@bellunopress","twitter_misc":{"\u00c9crit par":"redazione","Dur\u00e9e de lecture estim\u00e9e":"4 minutes"},"schema":{"@context":"https:\/\/schema.org","@graph":[{"@type":"Article","@id":"https:\/\/www.bellunopress.it\/2012\/12\/28\/istituzione-del-registro-per-le-direttive-anticipate-sui-trattamenti-sanitari-nel-fine-vita\/#article","isPartOf":{"@id":"https:\/\/www.bellunopress.it\/2012\/12\/28\/istituzione-del-registro-per-le-direttive-anticipate-sui-trattamenti-sanitari-nel-fine-vita\/"},"author":{"name":"redazione","@id":"https:\/\/www.bellunopress.it\/#\/schema\/person\/79bb06722b37ece1c03d3e94beb30d73"},"headline":"Istituzione del registro per le direttive anticipate sui trattamenti sanitari nel fine vita","datePublished":"2012-12-28T11:53:24+00:00","dateModified":"2012-12-28T17:46:28+00:00","mainEntityOfPage":{"@id":"https:\/\/www.bellunopress.it\/2012\/12\/28\/istituzione-del-registro-per-le-direttive-anticipate-sui-trattamenti-sanitari-nel-fine-vita\/"},"wordCount":886,"publisher":{"@id":"https:\/\/www.bellunopress.it\/#organization"},"image":{"@id":"https:\/\/www.bellunopress.it\/2012\/12\/28\/istituzione-del-registro-per-le-direttive-anticipate-sui-trattamenti-sanitari-nel-fine-vita\/#primaryimage"},"thumbnailUrl":"http:\/\/www.bellunopress.it\/wp-content\/uploads\/2012\/08\/francesca-de-biasi.jpg","keywords":["Francesca De Biasi"],"articleSection":["Cronaca\/Politica","Prima Pagina","Sanit\u00e0 Medicina"],"inLanguage":"fr-FR"},{"@type":"WebPage","@id":"https:\/\/www.bellunopress.it\/2012\/12\/28\/istituzione-del-registro-per-le-direttive-anticipate-sui-trattamenti-sanitari-nel-fine-vita\/","url":"https:\/\/www.bellunopress.it\/2012\/12\/28\/istituzione-del-registro-per-le-direttive-anticipate-sui-trattamenti-sanitari-nel-fine-vita\/","name":"Istituzione del registro per le direttive anticipate sui trattamenti sanitari nel fine vita - Bellunopress - Dolomiti","isPartOf":{"@id":"https:\/\/www.bellunopress.it\/#website"},"primaryImageOfPage":{"@id":"https:\/\/www.bellunopress.it\/2012\/12\/28\/istituzione-del-registro-per-le-direttive-anticipate-sui-trattamenti-sanitari-nel-fine-vita\/#primaryimage"},"image":{"@id":"https:\/\/www.bellunopress.it\/2012\/12\/28\/istituzione-del-registro-per-le-direttive-anticipate-sui-trattamenti-sanitari-nel-fine-vita\/#primaryimage"},"thumbnailUrl":"http:\/\/www.bellunopress.it\/wp-content\/uploads\/2012\/08\/francesca-de-biasi.jpg","datePublished":"2012-12-28T11:53:24+00:00","dateModified":"2012-12-28T17:46:28+00:00","breadcrumb":{"@id":"https:\/\/www.bellunopress.it\/2012\/12\/28\/istituzione-del-registro-per-le-direttive-anticipate-sui-trattamenti-sanitari-nel-fine-vita\/#breadcrumb"},"inLanguage":"fr-FR","potentialAction":[{"@type":"ReadAction","target":["https:\/\/www.bellunopress.it\/2012\/12\/28\/istituzione-del-registro-per-le-direttive-anticipate-sui-trattamenti-sanitari-nel-fine-vita\/"]}]},{"@type":"ImageObject","inLanguage":"fr-FR","@id":"https:\/\/www.bellunopress.it\/2012\/12\/28\/istituzione-del-registro-per-le-direttive-anticipate-sui-trattamenti-sanitari-nel-fine-vita\/#primaryimage","url":"http:\/\/www.bellunopress.it\/wp-content\/uploads\/2012\/08\/francesca-de-biasi.jpg","contentUrl":"http:\/\/www.bellunopress.it\/wp-content\/uploads\/2012\/08\/francesca-de-biasi.jpg"},{"@type":"BreadcrumbList","@id":"https:\/\/www.bellunopress.it\/2012\/12\/28\/istituzione-del-registro-per-le-direttive-anticipate-sui-trattamenti-sanitari-nel-fine-vita\/#breadcrumb","itemListElement":[{"@type":"ListItem","position":1,"name":"Home","item":"https:\/\/www.bellunopress.it\/"},{"@type":"ListItem","position":2,"name":"Istituzione del registro per le direttive anticipate sui trattamenti sanitari nel fine vita"}]},{"@type":"WebSite","@id":"https:\/\/www.bellunopress.it\/#website","url":"https:\/\/www.bellunopress.it\/","name":"Bellunopress - Dolomiti","description":"e-mail: redazione@bellunopress.it","publisher":{"@id":"https:\/\/www.bellunopress.it\/#organization"},"potentialAction":[{"@type":"SearchAction","target":{"@type":"EntryPoint","urlTemplate":"https:\/\/www.bellunopress.it\/?s={search_term_string}"},"query-input":{"@type":"PropertyValueSpecification","valueRequired":true,"valueName":"search_term_string"}}],"inLanguage":"fr-FR"},{"@type":"Organization","@id":"https:\/\/www.bellunopress.it\/#organization","name":"Bellunopress","url":"https:\/\/www.bellunopress.it\/","logo":{"@type":"ImageObject","inLanguage":"fr-FR","@id":"https:\/\/www.bellunopress.it\/#\/schema\/logo\/image\/","url":"https:\/\/www.bellunopress.it\/wp-content\/uploads\/2011\/05\/cropped-logo-bellunopress-.jpg","contentUrl":"https:\/\/www.bellunopress.it\/wp-content\/uploads\/2011\/05\/cropped-logo-bellunopress-.jpg","width":512,"height":512,"caption":"Bellunopress"},"image":{"@id":"https:\/\/www.bellunopress.it\/#\/schema\/logo\/image\/"},"sameAs":["https:\/\/www.facebook.com\/profile.php?id=100008943462799","https:\/\/x.com\/bellunopress","https:\/\/www.linkedin.com\/hp\/?dnr=JBzUWaJfMUw8vbXJJ2tVW5-I3jZKvC4wsoxE&amp;amp;amp;amp;amp;amp;trk=nav_responsive_tab_home","https:\/\/www.youtube.com\/channel\/UCxL0wu1uN0_3_7hGG0306cw"]},{"@type":"Person","@id":"https:\/\/www.bellunopress.it\/#\/schema\/person\/79bb06722b37ece1c03d3e94beb30d73","name":"r\u00e9daction","image":{"@type":"ImageObject","inLanguage":"fr-FR","@id":"https:\/\/secure.gravatar.com\/avatar\/37d968a2e67a6fd04c169c4bdef102d0bc5d31b2546345219e348575eb80e9a0?s=96&d=mm&r=g","url":"https:\/\/secure.gravatar.com\/avatar\/37d968a2e67a6fd04c169c4bdef102d0bc5d31b2546345219e348575eb80e9a0?s=96&d=mm&r=g","contentUrl":"https:\/\/secure.gravatar.com\/avatar\/37d968a2e67a6fd04c169c4bdef102d0bc5d31b2546345219e348575eb80e9a0?s=96&d=mm&r=g","caption":"redazione"},"sameAs":["http:\/\/www.bellunopress.it","https:\/\/x.com\/bellunopress"],"url":"https:\/\/www.bellunopress.it\/fr\/author\/redazione\/"}]}},"_links":{"self":[{"href":"https:\/\/www.bellunopress.it\/fr\/wp-json\/wp\/v2\/posts\/45199","targetHints":{"allow":["GET"]}}],"collection":[{"href":"https:\/\/www.bellunopress.it\/fr\/wp-json\/wp\/v2\/posts"}],"about":[{"href":"https:\/\/www.bellunopress.it\/fr\/wp-json\/wp\/v2\/types\/post"}],"author":[{"embeddable":true,"href":"https:\/\/www.bellunopress.it\/fr\/wp-json\/wp\/v2\/users\/2"}],"replies":[{"embeddable":true,"href":"https:\/\/www.bellunopress.it\/fr\/wp-json\/wp\/v2\/comments?post=45199"}],"version-history":[{"count":2,"href":"https:\/\/www.bellunopress.it\/fr\/wp-json\/wp\/v2\/posts\/45199\/revisions"}],"predecessor-version":[{"id":45212,"href":"https:\/\/www.bellunopress.it\/fr\/wp-json\/wp\/v2\/posts\/45199\/revisions\/45212"}],"wp:attachment":[{"href":"https:\/\/www.bellunopress.it\/fr\/wp-json\/wp\/v2\/media?parent=45199"}],"wp:term":[{"taxonomy":"category","embeddable":true,"href":"https:\/\/www.bellunopress.it\/fr\/wp-json\/wp\/v2\/categories?post=45199"},{"taxonomy":"post_tag","embeddable":true,"href":"https:\/\/www.bellunopress.it\/fr\/wp-json\/wp\/v2\/tags?post=45199"}],"curies":[{"name":"wp","href":"https:\/\/api.w.org\/{rel}","templated":true}]}}