{"id":45144,"date":"2012-12-26T11:20:47","date_gmt":"2012-12-26T10:20:47","guid":{"rendered":"http:\/\/www.bellunopress.it\/?p=45144"},"modified":"2012-12-26T11:20:47","modified_gmt":"2012-12-26T10:20:47","slug":"due-milioni-di-euro-per-lospedale-di-lamon-bond-un-risultato-importante-ora-via-ai-lavori","status":"publish","type":"post","link":"https:\/\/www.bellunopress.it\/fr\/2012\/12\/26\/due-milioni-di-euro-per-lospedale-di-lamon-bond-un-risultato-importante-ora-via-ai-lavori\/","title":{"rendered":"Due milioni di euro per l&#8217;ospedale di Lamon. Bond: &#8220;Un risultato importante, ora via ai lavori&#8221;"},"content":{"rendered":"<figure id=\"attachment_42521\" aria-describedby=\"caption-attachment-42521\" style=\"width: 123px\" class=\"wp-caption alignleft\"><a href=\"http:\/\/www.bellunopress.it\/wp-content\/uploads\/2012\/09\/bond.jpg\"><img loading=\"lazy\" decoding=\"async\" class=\"size-full wp-image-42521\" alt=\"Dario Bond\" src=\"http:\/\/www.bellunopress.it\/wp-content\/uploads\/2012\/09\/bond.jpg\" width=\"123\" height=\"150\" \/><\/a><figcaption id=\"caption-attachment-42521\" class=\"wp-caption-text\">Dario Bond<\/figcaption><\/figure>\n<p>\u201cCi sono le risorse per iniziare i lavori all\u2019ospedale di Lamon\u201d. Ad annunciarlo \u00e8 il capogruppo del Pdl in Consiglio regionale Dario Bond dopo che la giunta regionale ha dato il via libera alla suddivisione del Fondo per il finanziamento degli investimenti tra le aziende Ulss del Veneto sulla base del parere della Commissione regionale per l\u2019investimento in tecnologia e edilizia (Crite). Il finanziamento ammonta a 2 milioni e 107 mila euro.<\/p>\n<p>\u201cQuesti soldi sono stati messi a disposizione dell\u2019Uls 2 per gli investimenti sulla struttura e dovranno essere iscritti nel bilancio previsionale per il 2013. Sar\u00e0 il nuovo direttore generale a formalizzare la voce e dare il suo ok\u201d, spiega, carte alla mano, il consigliere regionale.<\/p>\n<p>L&#8217;operazione ammonta a circa tre milioni e settecento mila euro e prevede il pieno utilizzo degli ultimi due piani dell&#8217;ospedale, portando i posti letto dagli attuali 48 a 72, la realizzazione di una nuova piscina e di una nuova palestra riabilitativa, nuova impiantistica e nuova foresteria nell&#8217;ala vecchia a uso dei pazienti e dei loro familiari.<\/p>\n<p>Il contributo consentir\u00e0 di coprire le spese di un primo stralcio. \u201cSi tratta di capire quali sono le priorit\u00e0 e poi procedere per gradi\u201d, spiega Bond. \u201cDi certo, in un momento storico cos\u00ec delicato, questo finanziamento ha un\u2019importanza doppia. Significa che la Regione, anche in vista della piena attuazione delle schede ospedaliere e territoriali, crede nell\u2019ospedale di Lamon e nelle sue potenzialit\u00e0 di polo di riferimento non solo per il Bellunese\u201d.<\/p>\n<p>&#8220;L&#8217;ammodernamento strutturale\u201d, commenta Bond, \u201cconsentir\u00e0 di potenziare l&#8217;offerta riabilitativa della struttura e di farne un polo di attrazione anche nei confronti di pazienti provenienti da altre Ulss, in sintonia con il nuovo piano sociosanitario che riconosce la piena operativit\u00e0 e le eccellenze della sanit\u00e0 feltrina e del suo ospedale che, stando al nuovo piano, ha la caratteritica di struttura inter-regionale&#8221;.<\/p>\n<p>\u201cIl finanziamento della Regione\u201d, conclude Bond, \u201ccorona il percorso avviato nel maggio 2011 con la visita all\u2019ospedale lamonese del segretario generale Mantoan e il contestuale incontro con i vertici dell&#8217;Ulss 2, il primario Massimo Ballotta e il suo staff, e il sindaco di Lamon Vania Malacarne. Quell&#8217;incontro &#8211; puntualizza Bond &#8211; ha gettato le basi di un confronto che ha impegnato per diversi mesi, sia gli organi tecnici che quelli politici. Ora non resta che entrare nel vivo del progetto e mettere le ali a quello che per anni \u00e8 stato soltanto un sogno&#8221;.<\/p>","protected":false},"excerpt":{"rendered":"<p>\u201cCi sono le risorse per iniziare i lavori all\u2019ospedale di Lamon\u201d. Ad annunciarlo \u00e8 il capogruppo del Pdl in Consiglio regionale Dario Bond dopo che la giunta regionale ha dato il via libera alla suddivisione del Fondo per il finanziamento degli investimenti tra le aziende Ulss del Veneto sulla base del parere della Commissione regionale [&hellip;]<\/p>\n","protected":false},"author":2,"featured_media":0,"comment_status":"closed","ping_status":"open","sticky":false,"template":"","format":"standard","meta":{"footnotes":""},"categories":[5,26,17],"tags":[],"class_list":["post-45144","post","type-post","status-publish","format-standard","category-cronaca","category-prima-pagina","category-sanita"],"yoast_head":"<!-- This site is optimized with the Yoast SEO plugin v28.4 - https:\/\/yoast.com\/product\/yoast-seo-wordpress\/ -->\n<title>Due milioni di euro per l&#039;ospedale di Lamon. Bond: &quot;Un risultato importante, ora via ai lavori&quot; - Bellunopress - Dolomiti<\/title>\n<meta name=\"robots\" content=\"index, follow, max-snippet:-1, max-image-preview:large, max-video-preview:-1\" \/>\n<link rel=\"canonical\" href=\"https:\/\/www.bellunopress.it\/fr\/2012\/12\/26\/due-milioni-di-euro-per-lospedale-di-lamon-bond-un-risultato-importante-ora-via-ai-lavori\/\" \/>\n<meta property=\"og:locale\" content=\"fr_FR\" \/>\n<meta property=\"og:type\" content=\"article\" \/>\n<meta property=\"og:title\" content=\"Due milioni di euro per l&#039;ospedale di Lamon. Bond: &quot;Un risultato importante, ora via ai lavori&quot; - Bellunopress - Dolomiti\" \/>\n<meta property=\"og:description\" content=\"\u201cCi sono le risorse per iniziare i lavori all\u2019ospedale di Lamon\u201d. Ad annunciarlo \u00e8 il capogruppo del Pdl in Consiglio regionale Dario Bond dopo che la giunta regionale ha dato il via libera alla suddivisione del Fondo per il finanziamento degli investimenti tra le aziende Ulss del Veneto sulla base del parere della Commissione regionale [&hellip;]\" \/>\n<meta property=\"og:url\" content=\"https:\/\/www.bellunopress.it\/fr\/2012\/12\/26\/due-milioni-di-euro-per-lospedale-di-lamon-bond-un-risultato-importante-ora-via-ai-lavori\/\" \/>\n<meta property=\"og:site_name\" content=\"Bellunopress - Dolomiti\" \/>\n<meta property=\"article:publisher\" content=\"https:\/\/www.facebook.com\/profile.php?id=100008943462799\" \/>\n<meta property=\"article:published_time\" content=\"2012-12-26T10:20:47+00:00\" \/>\n<meta property=\"og:image\" content=\"http:\/\/www.bellunopress.it\/wp-content\/uploads\/2012\/09\/bond.jpg\" \/>\n<meta name=\"author\" content=\"redazione\" \/>\n<meta name=\"twitter:card\" content=\"summary_large_image\" \/>\n<meta name=\"twitter:creator\" content=\"@bellunopress\" \/>\n<meta name=\"twitter:site\" content=\"@bellunopress\" \/>\n<meta name=\"twitter:label1\" content=\"\u00c9crit par\" \/>\n\t<meta name=\"twitter:data1\" content=\"redazione\" \/>\n\t<meta name=\"twitter:label2\" content=\"Dur\u00e9e de lecture estim\u00e9e\" \/>\n\t<meta name=\"twitter:data2\" content=\"2 minutes\" \/>\n<script type=\"application\/ld+json\" class=\"yoast-schema-graph\">{\"@context\":\"https:\\\/\\\/schema.org\",\"@graph\":[{\"@type\":\"Article\",\"@id\":\"https:\\\/\\\/www.bellunopress.it\\\/2012\\\/12\\\/26\\\/due-milioni-di-euro-per-lospedale-di-lamon-bond-un-risultato-importante-ora-via-ai-lavori\\\/#article\",\"isPartOf\":{\"@id\":\"https:\\\/\\\/www.bellunopress.it\\\/2012\\\/12\\\/26\\\/due-milioni-di-euro-per-lospedale-di-lamon-bond-un-risultato-importante-ora-via-ai-lavori\\\/\"},\"author\":{\"name\":\"redazione\",\"@id\":\"https:\\\/\\\/www.bellunopress.it\\\/#\\\/schema\\\/person\\\/79bb06722b37ece1c03d3e94beb30d73\"},\"headline\":\"Due milioni di euro per l&#8217;ospedale di Lamon. Bond: &#8220;Un risultato importante, ora via ai lavori&#8221;\",\"datePublished\":\"2012-12-26T10:20:47+00:00\",\"mainEntityOfPage\":{\"@id\":\"https:\\\/\\\/www.bellunopress.it\\\/2012\\\/12\\\/26\\\/due-milioni-di-euro-per-lospedale-di-lamon-bond-un-risultato-importante-ora-via-ai-lavori\\\/\"},\"wordCount\":427,\"publisher\":{\"@id\":\"https:\\\/\\\/www.bellunopress.it\\\/#organization\"},\"image\":{\"@id\":\"https:\\\/\\\/www.bellunopress.it\\\/2012\\\/12\\\/26\\\/due-milioni-di-euro-per-lospedale-di-lamon-bond-un-risultato-importante-ora-via-ai-lavori\\\/#primaryimage\"},\"thumbnailUrl\":\"http:\\\/\\\/www.bellunopress.it\\\/wp-content\\\/uploads\\\/2012\\\/09\\\/bond.jpg\",\"articleSection\":[\"Cronaca\\\/Politica\",\"Prima Pagina\",\"Sanit\u00e0 Medicina\"],\"inLanguage\":\"fr-FR\"},{\"@type\":\"WebPage\",\"@id\":\"https:\\\/\\\/www.bellunopress.it\\\/2012\\\/12\\\/26\\\/due-milioni-di-euro-per-lospedale-di-lamon-bond-un-risultato-importante-ora-via-ai-lavori\\\/\",\"url\":\"https:\\\/\\\/www.bellunopress.it\\\/2012\\\/12\\\/26\\\/due-milioni-di-euro-per-lospedale-di-lamon-bond-un-risultato-importante-ora-via-ai-lavori\\\/\",\"name\":\"Due milioni di euro per l'ospedale di Lamon. Bond: \\\"Un risultato importante, ora via ai lavori\\\" - Bellunopress - Dolomiti\",\"isPartOf\":{\"@id\":\"https:\\\/\\\/www.bellunopress.it\\\/#website\"},\"primaryImageOfPage\":{\"@id\":\"https:\\\/\\\/www.bellunopress.it\\\/2012\\\/12\\\/26\\\/due-milioni-di-euro-per-lospedale-di-lamon-bond-un-risultato-importante-ora-via-ai-lavori\\\/#primaryimage\"},\"image\":{\"@id\":\"https:\\\/\\\/www.bellunopress.it\\\/2012\\\/12\\\/26\\\/due-milioni-di-euro-per-lospedale-di-lamon-bond-un-risultato-importante-ora-via-ai-lavori\\\/#primaryimage\"},\"thumbnailUrl\":\"http:\\\/\\\/www.bellunopress.it\\\/wp-content\\\/uploads\\\/2012\\\/09\\\/bond.jpg\",\"datePublished\":\"2012-12-26T10:20:47+00:00\",\"breadcrumb\":{\"@id\":\"https:\\\/\\\/www.bellunopress.it\\\/2012\\\/12\\\/26\\\/due-milioni-di-euro-per-lospedale-di-lamon-bond-un-risultato-importante-ora-via-ai-lavori\\\/#breadcrumb\"},\"inLanguage\":\"fr-FR\",\"potentialAction\":[{\"@type\":\"ReadAction\",\"target\":[\"https:\\\/\\\/www.bellunopress.it\\\/2012\\\/12\\\/26\\\/due-milioni-di-euro-per-lospedale-di-lamon-bond-un-risultato-importante-ora-via-ai-lavori\\\/\"]}]},{\"@type\":\"ImageObject\",\"inLanguage\":\"fr-FR\",\"@id\":\"https:\\\/\\\/www.bellunopress.it\\\/2012\\\/12\\\/26\\\/due-milioni-di-euro-per-lospedale-di-lamon-bond-un-risultato-importante-ora-via-ai-lavori\\\/#primaryimage\",\"url\":\"http:\\\/\\\/www.bellunopress.it\\\/wp-content\\\/uploads\\\/2012\\\/09\\\/bond.jpg\",\"contentUrl\":\"http:\\\/\\\/www.bellunopress.it\\\/wp-content\\\/uploads\\\/2012\\\/09\\\/bond.jpg\"},{\"@type\":\"BreadcrumbList\",\"@id\":\"https:\\\/\\\/www.bellunopress.it\\\/2012\\\/12\\\/26\\\/due-milioni-di-euro-per-lospedale-di-lamon-bond-un-risultato-importante-ora-via-ai-lavori\\\/#breadcrumb\",\"itemListElement\":[{\"@type\":\"ListItem\",\"position\":1,\"name\":\"Home\",\"item\":\"https:\\\/\\\/www.bellunopress.it\\\/\"},{\"@type\":\"ListItem\",\"position\":2,\"name\":\"Due milioni di euro per l&#8217;ospedale di Lamon. Bond: &#8220;Un risultato importante, ora via ai lavori&#8221;\"}]},{\"@type\":\"WebSite\",\"@id\":\"https:\\\/\\\/www.bellunopress.it\\\/#website\",\"url\":\"https:\\\/\\\/www.bellunopress.it\\\/\",\"name\":\"Bellunopress - Dolomiti\",\"description\":\"e-mail: redazione@bellunopress.it\",\"publisher\":{\"@id\":\"https:\\\/\\\/www.bellunopress.it\\\/#organization\"},\"potentialAction\":[{\"@type\":\"SearchAction\",\"target\":{\"@type\":\"EntryPoint\",\"urlTemplate\":\"https:\\\/\\\/www.bellunopress.it\\\/?s={search_term_string}\"},\"query-input\":{\"@type\":\"PropertyValueSpecification\",\"valueRequired\":true,\"valueName\":\"search_term_string\"}}],\"inLanguage\":\"fr-FR\"},{\"@type\":\"Organization\",\"@id\":\"https:\\\/\\\/www.bellunopress.it\\\/#organization\",\"name\":\"Bellunopress\",\"url\":\"https:\\\/\\\/www.bellunopress.it\\\/\",\"logo\":{\"@type\":\"ImageObject\",\"inLanguage\":\"fr-FR\",\"@id\":\"https:\\\/\\\/www.bellunopress.it\\\/#\\\/schema\\\/logo\\\/image\\\/\",\"url\":\"https:\\\/\\\/www.bellunopress.it\\\/wp-content\\\/uploads\\\/2011\\\/05\\\/cropped-logo-bellunopress-.jpg\",\"contentUrl\":\"https:\\\/\\\/www.bellunopress.it\\\/wp-content\\\/uploads\\\/2011\\\/05\\\/cropped-logo-bellunopress-.jpg\",\"width\":512,\"height\":512,\"caption\":\"Bellunopress\"},\"image\":{\"@id\":\"https:\\\/\\\/www.bellunopress.it\\\/#\\\/schema\\\/logo\\\/image\\\/\"},\"sameAs\":[\"https:\\\/\\\/www.facebook.com\\\/profile.php?id=100008943462799\",\"https:\\\/\\\/x.com\\\/bellunopress\",\"https:\\\/\\\/www.linkedin.com\\\/hp\\\/?dnr=JBzUWaJfMUw8vbXJJ2tVW5-I3jZKvC4wsoxE&amp;amp;amp;amp;amp;amp;trk=nav_responsive_tab_home\",\"https:\\\/\\\/www.youtube.com\\\/channel\\\/UCxL0wu1uN0_3_7hGG0306cw\"]},{\"@type\":\"Person\",\"@id\":\"https:\\\/\\\/www.bellunopress.it\\\/#\\\/schema\\\/person\\\/79bb06722b37ece1c03d3e94beb30d73\",\"name\":\"redazione\",\"image\":{\"@type\":\"ImageObject\",\"inLanguage\":\"fr-FR\",\"@id\":\"https:\\\/\\\/secure.gravatar.com\\\/avatar\\\/37d968a2e67a6fd04c169c4bdef102d0bc5d31b2546345219e348575eb80e9a0?s=96&d=mm&r=g\",\"url\":\"https:\\\/\\\/secure.gravatar.com\\\/avatar\\\/37d968a2e67a6fd04c169c4bdef102d0bc5d31b2546345219e348575eb80e9a0?s=96&d=mm&r=g\",\"contentUrl\":\"https:\\\/\\\/secure.gravatar.com\\\/avatar\\\/37d968a2e67a6fd04c169c4bdef102d0bc5d31b2546345219e348575eb80e9a0?s=96&d=mm&r=g\",\"caption\":\"redazione\"},\"sameAs\":[\"http:\\\/\\\/www.bellunopress.it\",\"https:\\\/\\\/x.com\\\/bellunopress\"],\"url\":\"https:\\\/\\\/www.bellunopress.it\\\/fr\\\/author\\\/redazione\\\/\"}]}<\/script>\n<!-- \/ Yoast SEO plugin. -->","yoast_head_json":{"title":"Due milioni di euro per l'ospedale di Lamon. Bond: \"Un risultato importante, ora via ai lavori\" - Bellunopress - Dolomiti","robots":{"index":"index","follow":"follow","max-snippet":"max-snippet:-1","max-image-preview":"max-image-preview:large","max-video-preview":"max-video-preview:-1"},"canonical":"https:\/\/www.bellunopress.it\/fr\/2012\/12\/26\/due-milioni-di-euro-per-lospedale-di-lamon-bond-un-risultato-importante-ora-via-ai-lavori\/","og_locale":"fr_FR","og_type":"article","og_title":"Due milioni di euro per l'ospedale di Lamon. Bond: \"Un risultato importante, ora via ai lavori\" - Bellunopress - Dolomiti","og_description":"\u201cCi sono le risorse per iniziare i lavori all\u2019ospedale di Lamon\u201d. Ad annunciarlo \u00e8 il capogruppo del Pdl in Consiglio regionale Dario Bond dopo che la giunta regionale ha dato il via libera alla suddivisione del Fondo per il finanziamento degli investimenti tra le aziende Ulss del Veneto sulla base del parere della Commissione regionale [&hellip;]","og_url":"https:\/\/www.bellunopress.it\/fr\/2012\/12\/26\/due-milioni-di-euro-per-lospedale-di-lamon-bond-un-risultato-importante-ora-via-ai-lavori\/","og_site_name":"Bellunopress - Dolomiti","article_publisher":"https:\/\/www.facebook.com\/profile.php?id=100008943462799","article_published_time":"2012-12-26T10:20:47+00:00","og_image":[{"url":"http:\/\/www.bellunopress.it\/wp-content\/uploads\/2012\/09\/bond.jpg","type":"","width":"","height":""}],"author":"redazione","twitter_card":"summary_large_image","twitter_creator":"@bellunopress","twitter_site":"@bellunopress","twitter_misc":{"\u00c9crit par":"redazione","Dur\u00e9e de lecture estim\u00e9e":"2 minutes"},"schema":{"@context":"https:\/\/schema.org","@graph":[{"@type":"Article","@id":"https:\/\/www.bellunopress.it\/2012\/12\/26\/due-milioni-di-euro-per-lospedale-di-lamon-bond-un-risultato-importante-ora-via-ai-lavori\/#article","isPartOf":{"@id":"https:\/\/www.bellunopress.it\/2012\/12\/26\/due-milioni-di-euro-per-lospedale-di-lamon-bond-un-risultato-importante-ora-via-ai-lavori\/"},"author":{"name":"redazione","@id":"https:\/\/www.bellunopress.it\/#\/schema\/person\/79bb06722b37ece1c03d3e94beb30d73"},"headline":"Due milioni di euro per l&#8217;ospedale di Lamon. Bond: &#8220;Un risultato importante, ora via ai lavori&#8221;","datePublished":"2012-12-26T10:20:47+00:00","mainEntityOfPage":{"@id":"https:\/\/www.bellunopress.it\/2012\/12\/26\/due-milioni-di-euro-per-lospedale-di-lamon-bond-un-risultato-importante-ora-via-ai-lavori\/"},"wordCount":427,"publisher":{"@id":"https:\/\/www.bellunopress.it\/#organization"},"image":{"@id":"https:\/\/www.bellunopress.it\/2012\/12\/26\/due-milioni-di-euro-per-lospedale-di-lamon-bond-un-risultato-importante-ora-via-ai-lavori\/#primaryimage"},"thumbnailUrl":"http:\/\/www.bellunopress.it\/wp-content\/uploads\/2012\/09\/bond.jpg","articleSection":["Cronaca\/Politica","Prima Pagina","Sanit\u00e0 Medicina"],"inLanguage":"fr-FR"},{"@type":"WebPage","@id":"https:\/\/www.bellunopress.it\/2012\/12\/26\/due-milioni-di-euro-per-lospedale-di-lamon-bond-un-risultato-importante-ora-via-ai-lavori\/","url":"https:\/\/www.bellunopress.it\/2012\/12\/26\/due-milioni-di-euro-per-lospedale-di-lamon-bond-un-risultato-importante-ora-via-ai-lavori\/","name":"Due milioni di euro per l'ospedale di Lamon. Bond: \"Un risultato importante, ora via ai lavori\" - Bellunopress - Dolomiti","isPartOf":{"@id":"https:\/\/www.bellunopress.it\/#website"},"primaryImageOfPage":{"@id":"https:\/\/www.bellunopress.it\/2012\/12\/26\/due-milioni-di-euro-per-lospedale-di-lamon-bond-un-risultato-importante-ora-via-ai-lavori\/#primaryimage"},"image":{"@id":"https:\/\/www.bellunopress.it\/2012\/12\/26\/due-milioni-di-euro-per-lospedale-di-lamon-bond-un-risultato-importante-ora-via-ai-lavori\/#primaryimage"},"thumbnailUrl":"http:\/\/www.bellunopress.it\/wp-content\/uploads\/2012\/09\/bond.jpg","datePublished":"2012-12-26T10:20:47+00:00","breadcrumb":{"@id":"https:\/\/www.bellunopress.it\/2012\/12\/26\/due-milioni-di-euro-per-lospedale-di-lamon-bond-un-risultato-importante-ora-via-ai-lavori\/#breadcrumb"},"inLanguage":"fr-FR","potentialAction":[{"@type":"ReadAction","target":["https:\/\/www.bellunopress.it\/2012\/12\/26\/due-milioni-di-euro-per-lospedale-di-lamon-bond-un-risultato-importante-ora-via-ai-lavori\/"]}]},{"@type":"ImageObject","inLanguage":"fr-FR","@id":"https:\/\/www.bellunopress.it\/2012\/12\/26\/due-milioni-di-euro-per-lospedale-di-lamon-bond-un-risultato-importante-ora-via-ai-lavori\/#primaryimage","url":"http:\/\/www.bellunopress.it\/wp-content\/uploads\/2012\/09\/bond.jpg","contentUrl":"http:\/\/www.bellunopress.it\/wp-content\/uploads\/2012\/09\/bond.jpg"},{"@type":"BreadcrumbList","@id":"https:\/\/www.bellunopress.it\/2012\/12\/26\/due-milioni-di-euro-per-lospedale-di-lamon-bond-un-risultato-importante-ora-via-ai-lavori\/#breadcrumb","itemListElement":[{"@type":"ListItem","position":1,"name":"Home","item":"https:\/\/www.bellunopress.it\/"},{"@type":"ListItem","position":2,"name":"Due milioni di euro per l&#8217;ospedale di Lamon. Bond: &#8220;Un risultato importante, ora via ai lavori&#8221;"}]},{"@type":"WebSite","@id":"https:\/\/www.bellunopress.it\/#website","url":"https:\/\/www.bellunopress.it\/","name":"Bellunopress - Dolomiti","description":"e-mail: redazione@bellunopress.it","publisher":{"@id":"https:\/\/www.bellunopress.it\/#organization"},"potentialAction":[{"@type":"SearchAction","target":{"@type":"EntryPoint","urlTemplate":"https:\/\/www.bellunopress.it\/?s={search_term_string}"},"query-input":{"@type":"PropertyValueSpecification","valueRequired":true,"valueName":"search_term_string"}}],"inLanguage":"fr-FR"},{"@type":"Organization","@id":"https:\/\/www.bellunopress.it\/#organization","name":"Bellunopress","url":"https:\/\/www.bellunopress.it\/","logo":{"@type":"ImageObject","inLanguage":"fr-FR","@id":"https:\/\/www.bellunopress.it\/#\/schema\/logo\/image\/","url":"https:\/\/www.bellunopress.it\/wp-content\/uploads\/2011\/05\/cropped-logo-bellunopress-.jpg","contentUrl":"https:\/\/www.bellunopress.it\/wp-content\/uploads\/2011\/05\/cropped-logo-bellunopress-.jpg","width":512,"height":512,"caption":"Bellunopress"},"image":{"@id":"https:\/\/www.bellunopress.it\/#\/schema\/logo\/image\/"},"sameAs":["https:\/\/www.facebook.com\/profile.php?id=100008943462799","https:\/\/x.com\/bellunopress","https:\/\/www.linkedin.com\/hp\/?dnr=JBzUWaJfMUw8vbXJJ2tVW5-I3jZKvC4wsoxE&amp;amp;amp;amp;amp;amp;trk=nav_responsive_tab_home","https:\/\/www.youtube.com\/channel\/UCxL0wu1uN0_3_7hGG0306cw"]},{"@type":"Person","@id":"https:\/\/www.bellunopress.it\/#\/schema\/person\/79bb06722b37ece1c03d3e94beb30d73","name":"r\u00e9daction","image":{"@type":"ImageObject","inLanguage":"fr-FR","@id":"https:\/\/secure.gravatar.com\/avatar\/37d968a2e67a6fd04c169c4bdef102d0bc5d31b2546345219e348575eb80e9a0?s=96&d=mm&r=g","url":"https:\/\/secure.gravatar.com\/avatar\/37d968a2e67a6fd04c169c4bdef102d0bc5d31b2546345219e348575eb80e9a0?s=96&d=mm&r=g","contentUrl":"https:\/\/secure.gravatar.com\/avatar\/37d968a2e67a6fd04c169c4bdef102d0bc5d31b2546345219e348575eb80e9a0?s=96&d=mm&r=g","caption":"redazione"},"sameAs":["http:\/\/www.bellunopress.it","https:\/\/x.com\/bellunopress"],"url":"https:\/\/www.bellunopress.it\/fr\/author\/redazione\/"}]}},"_links":{"self":[{"href":"https:\/\/www.bellunopress.it\/fr\/wp-json\/wp\/v2\/posts\/45144","targetHints":{"allow":["GET"]}}],"collection":[{"href":"https:\/\/www.bellunopress.it\/fr\/wp-json\/wp\/v2\/posts"}],"about":[{"href":"https:\/\/www.bellunopress.it\/fr\/wp-json\/wp\/v2\/types\/post"}],"author":[{"embeddable":true,"href":"https:\/\/www.bellunopress.it\/fr\/wp-json\/wp\/v2\/users\/2"}],"replies":[{"embeddable":true,"href":"https:\/\/www.bellunopress.it\/fr\/wp-json\/wp\/v2\/comments?post=45144"}],"version-history":[{"count":2,"href":"https:\/\/www.bellunopress.it\/fr\/wp-json\/wp\/v2\/posts\/45144\/revisions"}],"predecessor-version":[{"id":45146,"href":"https:\/\/www.bellunopress.it\/fr\/wp-json\/wp\/v2\/posts\/45144\/revisions\/45146"}],"wp:attachment":[{"href":"https:\/\/www.bellunopress.it\/fr\/wp-json\/wp\/v2\/media?parent=45144"}],"wp:term":[{"taxonomy":"category","embeddable":true,"href":"https:\/\/www.bellunopress.it\/fr\/wp-json\/wp\/v2\/categories?post=45144"},{"taxonomy":"post_tag","embeddable":true,"href":"https:\/\/www.bellunopress.it\/fr\/wp-json\/wp\/v2\/tags?post=45144"}],"curies":[{"name":"wp","href":"https:\/\/api.w.org\/{rel}","templated":true}]}}