{"id":45142,"date":"2012-12-26T10:52:01","date_gmt":"2012-12-26T09:52:01","guid":{"rendered":"http:\/\/www.bellunopress.it\/?p=45142"},"modified":"2012-12-26T10:52:01","modified_gmt":"2012-12-26T09:52:01","slug":"sabato-a-cortina-paolo-mieli-con-lanno-che-verra-le-elezioni-leuropa-la-crisi-che-cosa-dobbiamo-aspettarci-dal-2013-ore-18-allalexander-girardi-hall","status":"publish","type":"post","link":"https:\/\/www.bellunopress.it\/fr\/2012\/12\/26\/sabato-a-cortina-paolo-mieli-con-lanno-che-verra-le-elezioni-leuropa-la-crisi-che-cosa-dobbiamo-aspettarci-dal-2013-ore-18-allalexander-girardi-hall\/","title":{"rendered":"Sabato a Cortina Paolo Mieli con L&#8217;anno che verr\u00e0. Le elezioni, l\u2019Europa, la crisi: che cosa dobbiamo aspettarci dal 2013? Ore 18 all&#8217;Alexander Girardi Hall"},"content":{"rendered":"<figure id=\"attachment_26694\" aria-describedby=\"caption-attachment-26694\" style=\"width: 290px\" class=\"wp-caption alignleft\"><a href=\"http:\/\/www.bellunopress.it\/wp-content\/uploads\/2011\/05\/Alexander-Girardi-Hall-Cortina.jpg\"><img loading=\"lazy\" decoding=\"async\" class=\"size-full wp-image-26694\" alt=\"Alexander Girardi Hall di Cortina d'Ampezzo\" src=\"http:\/\/www.bellunopress.it\/wp-content\/uploads\/2011\/05\/Alexander-Girardi-Hall-Cortina.jpg\" width=\"290\" height=\"222\" \/><\/a><figcaption id=\"caption-attachment-26694\" class=\"wp-caption-text\">Alexander Girardi Hall di Cortina d&#8217;Ampezzo<\/figcaption><\/figure>\n<p>Cortina d\u2019Ampezzo. \u201cL\u2019anno vecchio \u00e8 finito ormai \/ ma qualcosa ancora qui non va. \/ Si esce poco la sera, compreso quando \u00e8 festa\u201d, cantava il grande Lucio Dalla in una delle sue canzoni pi\u00f9 celebri, \u201cL\u2019anno che verr\u00e0\u201d. Il riferimento era a un periodo di guerra: ma anche il 2013 si preannuncia come uno degli anni pi\u00f9 complessi della nostra storia recente.<\/p>\n<p>E proprio al 2013, l\u2019\u201canno che verr\u00e0\u201d, \u00e8 dedicato l\u2019incontro d\u2019eccezione di Cortina d\u2019Ampezzo con Paolo Mieli. Il presidente Rcs Libri torna a Una Montagna di Libri, la rassegna di incontri con l\u2019autore di Cortina d\u2019Ampezzo, venerd\u00ec 28 dicembre, alle ore 18, presso l\u2019Alexander Girardi Hall di Cortina, per una conversazione a tutto campo. Conduce Francesco Chiamulera, responsabile di Una Montagna di Libri.<\/p>\n<p>I TEMI. Le elezioni politiche, innanzitutto, dalle quali uscir\u00e0 un Parlamento la cui composizione \u00e8 ancora quasi totalmente imprevedibile. Ma anche la crisi dell\u2019Europa, politica non meno che economica, le nuove turbolenze che attraversano il Medio Oriente, le sfide della riconferma di Barack Obama alla Casa Bianca. Che cosa dobbiamo aspettarci dal nuovo anno che si apre?<\/p>\n<p>Lo chiediamo ad uno dei maggiori interpreti dell\u2019attualit\u00e0 e della vita politica italiana, ma soprattutto profondo conoscitore della Storia d\u2019Italia, dei suo infiniti snodi. Un incontro che Una Montagna di Libri dedica alla visione che abbiamo del nostro futuro. Per coltivare, insieme ai problemi e alle complessit\u00e0 che il presente ci consegna, anche un po\u2019 di speranza.<\/p>\n<p>Paolo Mieli nato a Milano nel 1949, ha compiuto gli studi a Roma, dove si \u00e8 laureato con una tesi sul fascismo sotto la guida di Renzo De Felice, al cui fianco, negli anni Settanta, ha svolto un\u2019intensa attivit\u00e0 didattica. In quegli stessi anni, da giornalista, ha lavorato prima a \u201cL\u2019Espresso\u201d, poi a \u201cLa Repubblica\u201d, infine a \u201cLa Stampa\u201d, di cui \u00e8 diventato direttore nel 1990.<\/p>\n<p>Dal 1992 al 1997 e dal 2004 al 2009 ha diretto il \u201cCorriere della Sera\u201d. Ha pubblicato libri sulla storia della sinistra italiana e ha collaborato alle riviste Storia contemporanea, Tempi moderni, Mondoperaio, Queste istituzioni, e Pagina. Dal 2009 \u00e8 presidente di RCS Libri.<\/p>\n<p>L\u2019appuntamento con Paolo Mieli \u00e8 quindi per sabato 29 dicembre 2012, ore 18, presso l\u2019Alexander Girardi Hall, in localit\u00e0 Pontechiesa.<\/p>\n<p>Ingresso libero fino a esaurimento posti.<\/p>\n<p>E\u2019 tutto pronto, intanto, per i prossimi appuntamenti di Una Montagna di Libri. Domenica 30 dicembre 2012, al Miramonti Majestic Grand Hotel, Marcello Veneziani presenta \u201cDio, patria e famiglia dopo il declino\u201d, con Vera Slepoj.<\/p>","protected":false},"excerpt":{"rendered":"<p>Cortina d\u2019Ampezzo. \u201cL\u2019anno vecchio \u00e8 finito ormai \/ ma qualcosa ancora qui non va. \/ Si esce poco la sera, compreso quando \u00e8 festa\u201d, cantava il grande Lucio Dalla in una delle sue canzoni pi\u00f9 celebri, \u201cL\u2019anno che verr\u00e0\u201d. Il riferimento era a un periodo di guerra: ma anche il 2013 si preannuncia come uno [&hellip;]<\/p>\n","protected":false},"author":2,"featured_media":0,"comment_status":"closed","ping_status":"open","sticky":false,"template":"","format":"standard","meta":{"footnotes":""},"categories":[27,3,26],"tags":[],"class_list":["post-45142","post","type-post","status-publish","format-standard","category-appuntamenti","category-arte-cultura-spettacoli-scienza-archivi","category-prima-pagina"],"yoast_head":"<!-- This site is optimized with the Yoast SEO plugin v28.4 - https:\/\/yoast.com\/product\/yoast-seo-wordpress\/ -->\n<title>Sabato a Cortina Paolo Mieli con L&#039;anno che verr\u00e0. Le elezioni, l\u2019Europa, la crisi: che cosa dobbiamo aspettarci dal 2013? Ore 18 all&#039;Alexander Girardi Hall - Bellunopress - Dolomiti<\/title>\n<meta name=\"robots\" content=\"index, follow, max-snippet:-1, max-image-preview:large, max-video-preview:-1\" \/>\n<link rel=\"canonical\" href=\"https:\/\/www.bellunopress.it\/fr\/2012\/12\/26\/sabato-a-cortina-paolo-mieli-con-lanno-che-verra-le-elezioni-leuropa-la-crisi-che-cosa-dobbiamo-aspettarci-dal-2013-ore-18-allalexander-girardi-hall\/\" \/>\n<meta property=\"og:locale\" content=\"fr_FR\" \/>\n<meta property=\"og:type\" content=\"article\" \/>\n<meta property=\"og:title\" content=\"Sabato a Cortina Paolo Mieli con L&#039;anno che verr\u00e0. Le elezioni, l\u2019Europa, la crisi: che cosa dobbiamo aspettarci dal 2013? Ore 18 all&#039;Alexander Girardi Hall - Bellunopress - Dolomiti\" \/>\n<meta property=\"og:description\" content=\"Cortina d\u2019Ampezzo. \u201cL\u2019anno vecchio \u00e8 finito ormai \/ ma qualcosa ancora qui non va. \/ Si esce poco la sera, compreso quando \u00e8 festa\u201d, cantava il grande Lucio Dalla in una delle sue canzoni pi\u00f9 celebri, \u201cL\u2019anno che verr\u00e0\u201d. Il riferimento era a un periodo di guerra: ma anche il 2013 si preannuncia come uno [&hellip;]\" \/>\n<meta property=\"og:url\" content=\"https:\/\/www.bellunopress.it\/fr\/2012\/12\/26\/sabato-a-cortina-paolo-mieli-con-lanno-che-verra-le-elezioni-leuropa-la-crisi-che-cosa-dobbiamo-aspettarci-dal-2013-ore-18-allalexander-girardi-hall\/\" \/>\n<meta property=\"og:site_name\" content=\"Bellunopress - Dolomiti\" \/>\n<meta property=\"article:publisher\" content=\"https:\/\/www.facebook.com\/profile.php?id=100008943462799\" \/>\n<meta property=\"article:published_time\" content=\"2012-12-26T09:52:01+00:00\" \/>\n<meta property=\"og:image\" content=\"http:\/\/www.bellunopress.it\/wp-content\/uploads\/2011\/05\/Alexander-Girardi-Hall-Cortina.jpg\" \/>\n<meta name=\"author\" content=\"redazione\" \/>\n<meta name=\"twitter:card\" content=\"summary_large_image\" \/>\n<meta name=\"twitter:creator\" content=\"@bellunopress\" \/>\n<meta name=\"twitter:site\" content=\"@bellunopress\" \/>\n<meta name=\"twitter:label1\" content=\"\u00c9crit par\" \/>\n\t<meta name=\"twitter:data1\" content=\"redazione\" \/>\n\t<meta name=\"twitter:label2\" content=\"Dur\u00e9e de lecture estim\u00e9e\" \/>\n\t<meta name=\"twitter:data2\" content=\"2 minutes\" \/>\n<script type=\"application\/ld+json\" class=\"yoast-schema-graph\">{\"@context\":\"https:\\\/\\\/schema.org\",\"@graph\":[{\"@type\":\"Article\",\"@id\":\"https:\\\/\\\/www.bellunopress.it\\\/2012\\\/12\\\/26\\\/sabato-a-cortina-paolo-mieli-con-lanno-che-verra-le-elezioni-leuropa-la-crisi-che-cosa-dobbiamo-aspettarci-dal-2013-ore-18-allalexander-girardi-hall\\\/#article\",\"isPartOf\":{\"@id\":\"https:\\\/\\\/www.bellunopress.it\\\/2012\\\/12\\\/26\\\/sabato-a-cortina-paolo-mieli-con-lanno-che-verra-le-elezioni-leuropa-la-crisi-che-cosa-dobbiamo-aspettarci-dal-2013-ore-18-allalexander-girardi-hall\\\/\"},\"author\":{\"name\":\"redazione\",\"@id\":\"https:\\\/\\\/www.bellunopress.it\\\/#\\\/schema\\\/person\\\/79bb06722b37ece1c03d3e94beb30d73\"},\"headline\":\"Sabato a Cortina Paolo Mieli con L&#8217;anno che verr\u00e0. Le elezioni, l\u2019Europa, la crisi: che cosa dobbiamo aspettarci dal 2013? Ore 18 all&#8217;Alexander Girardi Hall\",\"datePublished\":\"2012-12-26T09:52:01+00:00\",\"mainEntityOfPage\":{\"@id\":\"https:\\\/\\\/www.bellunopress.it\\\/2012\\\/12\\\/26\\\/sabato-a-cortina-paolo-mieli-con-lanno-che-verra-le-elezioni-leuropa-la-crisi-che-cosa-dobbiamo-aspettarci-dal-2013-ore-18-allalexander-girardi-hall\\\/\"},\"wordCount\":442,\"publisher\":{\"@id\":\"https:\\\/\\\/www.bellunopress.it\\\/#organization\"},\"image\":{\"@id\":\"https:\\\/\\\/www.bellunopress.it\\\/2012\\\/12\\\/26\\\/sabato-a-cortina-paolo-mieli-con-lanno-che-verra-le-elezioni-leuropa-la-crisi-che-cosa-dobbiamo-aspettarci-dal-2013-ore-18-allalexander-girardi-hall\\\/#primaryimage\"},\"thumbnailUrl\":\"http:\\\/\\\/www.bellunopress.it\\\/wp-content\\\/uploads\\\/2011\\\/05\\\/Alexander-Girardi-Hall-Cortina.jpg\",\"articleSection\":[\"Appuntamenti, Eventi\",\"Arte, Cultura, Spettacoli, Scienza\",\"Prima Pagina\"],\"inLanguage\":\"fr-FR\"},{\"@type\":\"WebPage\",\"@id\":\"https:\\\/\\\/www.bellunopress.it\\\/2012\\\/12\\\/26\\\/sabato-a-cortina-paolo-mieli-con-lanno-che-verra-le-elezioni-leuropa-la-crisi-che-cosa-dobbiamo-aspettarci-dal-2013-ore-18-allalexander-girardi-hall\\\/\",\"url\":\"https:\\\/\\\/www.bellunopress.it\\\/2012\\\/12\\\/26\\\/sabato-a-cortina-paolo-mieli-con-lanno-che-verra-le-elezioni-leuropa-la-crisi-che-cosa-dobbiamo-aspettarci-dal-2013-ore-18-allalexander-girardi-hall\\\/\",\"name\":\"Sabato a Cortina Paolo Mieli con L'anno che verr\u00e0. Le elezioni, l\u2019Europa, la crisi: che cosa dobbiamo aspettarci dal 2013? Ore 18 all'Alexander Girardi Hall - Bellunopress - Dolomiti\",\"isPartOf\":{\"@id\":\"https:\\\/\\\/www.bellunopress.it\\\/#website\"},\"primaryImageOfPage\":{\"@id\":\"https:\\\/\\\/www.bellunopress.it\\\/2012\\\/12\\\/26\\\/sabato-a-cortina-paolo-mieli-con-lanno-che-verra-le-elezioni-leuropa-la-crisi-che-cosa-dobbiamo-aspettarci-dal-2013-ore-18-allalexander-girardi-hall\\\/#primaryimage\"},\"image\":{\"@id\":\"https:\\\/\\\/www.bellunopress.it\\\/2012\\\/12\\\/26\\\/sabato-a-cortina-paolo-mieli-con-lanno-che-verra-le-elezioni-leuropa-la-crisi-che-cosa-dobbiamo-aspettarci-dal-2013-ore-18-allalexander-girardi-hall\\\/#primaryimage\"},\"thumbnailUrl\":\"http:\\\/\\\/www.bellunopress.it\\\/wp-content\\\/uploads\\\/2011\\\/05\\\/Alexander-Girardi-Hall-Cortina.jpg\",\"datePublished\":\"2012-12-26T09:52:01+00:00\",\"breadcrumb\":{\"@id\":\"https:\\\/\\\/www.bellunopress.it\\\/2012\\\/12\\\/26\\\/sabato-a-cortina-paolo-mieli-con-lanno-che-verra-le-elezioni-leuropa-la-crisi-che-cosa-dobbiamo-aspettarci-dal-2013-ore-18-allalexander-girardi-hall\\\/#breadcrumb\"},\"inLanguage\":\"fr-FR\",\"potentialAction\":[{\"@type\":\"ReadAction\",\"target\":[\"https:\\\/\\\/www.bellunopress.it\\\/2012\\\/12\\\/26\\\/sabato-a-cortina-paolo-mieli-con-lanno-che-verra-le-elezioni-leuropa-la-crisi-che-cosa-dobbiamo-aspettarci-dal-2013-ore-18-allalexander-girardi-hall\\\/\"]}]},{\"@type\":\"ImageObject\",\"inLanguage\":\"fr-FR\",\"@id\":\"https:\\\/\\\/www.bellunopress.it\\\/2012\\\/12\\\/26\\\/sabato-a-cortina-paolo-mieli-con-lanno-che-verra-le-elezioni-leuropa-la-crisi-che-cosa-dobbiamo-aspettarci-dal-2013-ore-18-allalexander-girardi-hall\\\/#primaryimage\",\"url\":\"http:\\\/\\\/www.bellunopress.it\\\/wp-content\\\/uploads\\\/2011\\\/05\\\/Alexander-Girardi-Hall-Cortina.jpg\",\"contentUrl\":\"http:\\\/\\\/www.bellunopress.it\\\/wp-content\\\/uploads\\\/2011\\\/05\\\/Alexander-Girardi-Hall-Cortina.jpg\"},{\"@type\":\"BreadcrumbList\",\"@id\":\"https:\\\/\\\/www.bellunopress.it\\\/2012\\\/12\\\/26\\\/sabato-a-cortina-paolo-mieli-con-lanno-che-verra-le-elezioni-leuropa-la-crisi-che-cosa-dobbiamo-aspettarci-dal-2013-ore-18-allalexander-girardi-hall\\\/#breadcrumb\",\"itemListElement\":[{\"@type\":\"ListItem\",\"position\":1,\"name\":\"Home\",\"item\":\"https:\\\/\\\/www.bellunopress.it\\\/\"},{\"@type\":\"ListItem\",\"position\":2,\"name\":\"Sabato a Cortina Paolo Mieli con L&#8217;anno che verr\u00e0. Le elezioni, l\u2019Europa, la crisi: che cosa dobbiamo aspettarci dal 2013? Ore 18 all&#8217;Alexander Girardi Hall\"}]},{\"@type\":\"WebSite\",\"@id\":\"https:\\\/\\\/www.bellunopress.it\\\/#website\",\"url\":\"https:\\\/\\\/www.bellunopress.it\\\/\",\"name\":\"Bellunopress - Dolomiti\",\"description\":\"e-mail: redazione@bellunopress.it\",\"publisher\":{\"@id\":\"https:\\\/\\\/www.bellunopress.it\\\/#organization\"},\"potentialAction\":[{\"@type\":\"SearchAction\",\"target\":{\"@type\":\"EntryPoint\",\"urlTemplate\":\"https:\\\/\\\/www.bellunopress.it\\\/?s={search_term_string}\"},\"query-input\":{\"@type\":\"PropertyValueSpecification\",\"valueRequired\":true,\"valueName\":\"search_term_string\"}}],\"inLanguage\":\"fr-FR\"},{\"@type\":\"Organization\",\"@id\":\"https:\\\/\\\/www.bellunopress.it\\\/#organization\",\"name\":\"Bellunopress\",\"url\":\"https:\\\/\\\/www.bellunopress.it\\\/\",\"logo\":{\"@type\":\"ImageObject\",\"inLanguage\":\"fr-FR\",\"@id\":\"https:\\\/\\\/www.bellunopress.it\\\/#\\\/schema\\\/logo\\\/image\\\/\",\"url\":\"https:\\\/\\\/www.bellunopress.it\\\/wp-content\\\/uploads\\\/2011\\\/05\\\/cropped-logo-bellunopress-.jpg\",\"contentUrl\":\"https:\\\/\\\/www.bellunopress.it\\\/wp-content\\\/uploads\\\/2011\\\/05\\\/cropped-logo-bellunopress-.jpg\",\"width\":512,\"height\":512,\"caption\":\"Bellunopress\"},\"image\":{\"@id\":\"https:\\\/\\\/www.bellunopress.it\\\/#\\\/schema\\\/logo\\\/image\\\/\"},\"sameAs\":[\"https:\\\/\\\/www.facebook.com\\\/profile.php?id=100008943462799\",\"https:\\\/\\\/x.com\\\/bellunopress\",\"https:\\\/\\\/www.linkedin.com\\\/hp\\\/?dnr=JBzUWaJfMUw8vbXJJ2tVW5-I3jZKvC4wsoxE&amp;amp;amp;amp;amp;amp;trk=nav_responsive_tab_home\",\"https:\\\/\\\/www.youtube.com\\\/channel\\\/UCxL0wu1uN0_3_7hGG0306cw\"]},{\"@type\":\"Person\",\"@id\":\"https:\\\/\\\/www.bellunopress.it\\\/#\\\/schema\\\/person\\\/79bb06722b37ece1c03d3e94beb30d73\",\"name\":\"redazione\",\"image\":{\"@type\":\"ImageObject\",\"inLanguage\":\"fr-FR\",\"@id\":\"https:\\\/\\\/secure.gravatar.com\\\/avatar\\\/37d968a2e67a6fd04c169c4bdef102d0bc5d31b2546345219e348575eb80e9a0?s=96&d=mm&r=g\",\"url\":\"https:\\\/\\\/secure.gravatar.com\\\/avatar\\\/37d968a2e67a6fd04c169c4bdef102d0bc5d31b2546345219e348575eb80e9a0?s=96&d=mm&r=g\",\"contentUrl\":\"https:\\\/\\\/secure.gravatar.com\\\/avatar\\\/37d968a2e67a6fd04c169c4bdef102d0bc5d31b2546345219e348575eb80e9a0?s=96&d=mm&r=g\",\"caption\":\"redazione\"},\"sameAs\":[\"http:\\\/\\\/www.bellunopress.it\",\"https:\\\/\\\/x.com\\\/bellunopress\"],\"url\":\"https:\\\/\\\/www.bellunopress.it\\\/fr\\\/author\\\/redazione\\\/\"}]}<\/script>\n<!-- \/ Yoast SEO plugin. -->","yoast_head_json":{"title":"Sabato a Cortina Paolo Mieli con L'anno che verr\u00e0. Le elezioni, l\u2019Europa, la crisi: che cosa dobbiamo aspettarci dal 2013? Ore 18 all'Alexander Girardi Hall - Bellunopress - Dolomiti","robots":{"index":"index","follow":"follow","max-snippet":"max-snippet:-1","max-image-preview":"max-image-preview:large","max-video-preview":"max-video-preview:-1"},"canonical":"https:\/\/www.bellunopress.it\/fr\/2012\/12\/26\/sabato-a-cortina-paolo-mieli-con-lanno-che-verra-le-elezioni-leuropa-la-crisi-che-cosa-dobbiamo-aspettarci-dal-2013-ore-18-allalexander-girardi-hall\/","og_locale":"fr_FR","og_type":"article","og_title":"Sabato a Cortina Paolo Mieli con L'anno che verr\u00e0. Le elezioni, l\u2019Europa, la crisi: che cosa dobbiamo aspettarci dal 2013? Ore 18 all'Alexander Girardi Hall - Bellunopress - Dolomiti","og_description":"Cortina d\u2019Ampezzo. \u201cL\u2019anno vecchio \u00e8 finito ormai \/ ma qualcosa ancora qui non va. \/ Si esce poco la sera, compreso quando \u00e8 festa\u201d, cantava il grande Lucio Dalla in una delle sue canzoni pi\u00f9 celebri, \u201cL\u2019anno che verr\u00e0\u201d. Il riferimento era a un periodo di guerra: ma anche il 2013 si preannuncia come uno [&hellip;]","og_url":"https:\/\/www.bellunopress.it\/fr\/2012\/12\/26\/sabato-a-cortina-paolo-mieli-con-lanno-che-verra-le-elezioni-leuropa-la-crisi-che-cosa-dobbiamo-aspettarci-dal-2013-ore-18-allalexander-girardi-hall\/","og_site_name":"Bellunopress - Dolomiti","article_publisher":"https:\/\/www.facebook.com\/profile.php?id=100008943462799","article_published_time":"2012-12-26T09:52:01+00:00","og_image":[{"url":"http:\/\/www.bellunopress.it\/wp-content\/uploads\/2011\/05\/Alexander-Girardi-Hall-Cortina.jpg","type":"","width":"","height":""}],"author":"redazione","twitter_card":"summary_large_image","twitter_creator":"@bellunopress","twitter_site":"@bellunopress","twitter_misc":{"\u00c9crit par":"redazione","Dur\u00e9e de lecture estim\u00e9e":"2 minutes"},"schema":{"@context":"https:\/\/schema.org","@graph":[{"@type":"Article","@id":"https:\/\/www.bellunopress.it\/2012\/12\/26\/sabato-a-cortina-paolo-mieli-con-lanno-che-verra-le-elezioni-leuropa-la-crisi-che-cosa-dobbiamo-aspettarci-dal-2013-ore-18-allalexander-girardi-hall\/#article","isPartOf":{"@id":"https:\/\/www.bellunopress.it\/2012\/12\/26\/sabato-a-cortina-paolo-mieli-con-lanno-che-verra-le-elezioni-leuropa-la-crisi-che-cosa-dobbiamo-aspettarci-dal-2013-ore-18-allalexander-girardi-hall\/"},"author":{"name":"redazione","@id":"https:\/\/www.bellunopress.it\/#\/schema\/person\/79bb06722b37ece1c03d3e94beb30d73"},"headline":"Sabato a Cortina Paolo Mieli con L&#8217;anno che verr\u00e0. Le elezioni, l\u2019Europa, la crisi: che cosa dobbiamo aspettarci dal 2013? Ore 18 all&#8217;Alexander Girardi Hall","datePublished":"2012-12-26T09:52:01+00:00","mainEntityOfPage":{"@id":"https:\/\/www.bellunopress.it\/2012\/12\/26\/sabato-a-cortina-paolo-mieli-con-lanno-che-verra-le-elezioni-leuropa-la-crisi-che-cosa-dobbiamo-aspettarci-dal-2013-ore-18-allalexander-girardi-hall\/"},"wordCount":442,"publisher":{"@id":"https:\/\/www.bellunopress.it\/#organization"},"image":{"@id":"https:\/\/www.bellunopress.it\/2012\/12\/26\/sabato-a-cortina-paolo-mieli-con-lanno-che-verra-le-elezioni-leuropa-la-crisi-che-cosa-dobbiamo-aspettarci-dal-2013-ore-18-allalexander-girardi-hall\/#primaryimage"},"thumbnailUrl":"http:\/\/www.bellunopress.it\/wp-content\/uploads\/2011\/05\/Alexander-Girardi-Hall-Cortina.jpg","articleSection":["Appuntamenti, Eventi","Arte, Cultura, Spettacoli, Scienza","Prima Pagina"],"inLanguage":"fr-FR"},{"@type":"WebPage","@id":"https:\/\/www.bellunopress.it\/2012\/12\/26\/sabato-a-cortina-paolo-mieli-con-lanno-che-verra-le-elezioni-leuropa-la-crisi-che-cosa-dobbiamo-aspettarci-dal-2013-ore-18-allalexander-girardi-hall\/","url":"https:\/\/www.bellunopress.it\/2012\/12\/26\/sabato-a-cortina-paolo-mieli-con-lanno-che-verra-le-elezioni-leuropa-la-crisi-che-cosa-dobbiamo-aspettarci-dal-2013-ore-18-allalexander-girardi-hall\/","name":"Sabato a Cortina Paolo Mieli con L'anno che verr\u00e0. Le elezioni, l\u2019Europa, la crisi: che cosa dobbiamo aspettarci dal 2013? Ore 18 all'Alexander Girardi Hall - Bellunopress - Dolomiti","isPartOf":{"@id":"https:\/\/www.bellunopress.it\/#website"},"primaryImageOfPage":{"@id":"https:\/\/www.bellunopress.it\/2012\/12\/26\/sabato-a-cortina-paolo-mieli-con-lanno-che-verra-le-elezioni-leuropa-la-crisi-che-cosa-dobbiamo-aspettarci-dal-2013-ore-18-allalexander-girardi-hall\/#primaryimage"},"image":{"@id":"https:\/\/www.bellunopress.it\/2012\/12\/26\/sabato-a-cortina-paolo-mieli-con-lanno-che-verra-le-elezioni-leuropa-la-crisi-che-cosa-dobbiamo-aspettarci-dal-2013-ore-18-allalexander-girardi-hall\/#primaryimage"},"thumbnailUrl":"http:\/\/www.bellunopress.it\/wp-content\/uploads\/2011\/05\/Alexander-Girardi-Hall-Cortina.jpg","datePublished":"2012-12-26T09:52:01+00:00","breadcrumb":{"@id":"https:\/\/www.bellunopress.it\/2012\/12\/26\/sabato-a-cortina-paolo-mieli-con-lanno-che-verra-le-elezioni-leuropa-la-crisi-che-cosa-dobbiamo-aspettarci-dal-2013-ore-18-allalexander-girardi-hall\/#breadcrumb"},"inLanguage":"fr-FR","potentialAction":[{"@type":"ReadAction","target":["https:\/\/www.bellunopress.it\/2012\/12\/26\/sabato-a-cortina-paolo-mieli-con-lanno-che-verra-le-elezioni-leuropa-la-crisi-che-cosa-dobbiamo-aspettarci-dal-2013-ore-18-allalexander-girardi-hall\/"]}]},{"@type":"ImageObject","inLanguage":"fr-FR","@id":"https:\/\/www.bellunopress.it\/2012\/12\/26\/sabato-a-cortina-paolo-mieli-con-lanno-che-verra-le-elezioni-leuropa-la-crisi-che-cosa-dobbiamo-aspettarci-dal-2013-ore-18-allalexander-girardi-hall\/#primaryimage","url":"http:\/\/www.bellunopress.it\/wp-content\/uploads\/2011\/05\/Alexander-Girardi-Hall-Cortina.jpg","contentUrl":"http:\/\/www.bellunopress.it\/wp-content\/uploads\/2011\/05\/Alexander-Girardi-Hall-Cortina.jpg"},{"@type":"BreadcrumbList","@id":"https:\/\/www.bellunopress.it\/2012\/12\/26\/sabato-a-cortina-paolo-mieli-con-lanno-che-verra-le-elezioni-leuropa-la-crisi-che-cosa-dobbiamo-aspettarci-dal-2013-ore-18-allalexander-girardi-hall\/#breadcrumb","itemListElement":[{"@type":"ListItem","position":1,"name":"Home","item":"https:\/\/www.bellunopress.it\/"},{"@type":"ListItem","position":2,"name":"Sabato a Cortina Paolo Mieli con L&#8217;anno che verr\u00e0. Le elezioni, l\u2019Europa, la crisi: che cosa dobbiamo aspettarci dal 2013? Ore 18 all&#8217;Alexander Girardi Hall"}]},{"@type":"WebSite","@id":"https:\/\/www.bellunopress.it\/#website","url":"https:\/\/www.bellunopress.it\/","name":"Bellunopress - Dolomiti","description":"e-mail: redazione@bellunopress.it","publisher":{"@id":"https:\/\/www.bellunopress.it\/#organization"},"potentialAction":[{"@type":"SearchAction","target":{"@type":"EntryPoint","urlTemplate":"https:\/\/www.bellunopress.it\/?s={search_term_string}"},"query-input":{"@type":"PropertyValueSpecification","valueRequired":true,"valueName":"search_term_string"}}],"inLanguage":"fr-FR"},{"@type":"Organization","@id":"https:\/\/www.bellunopress.it\/#organization","name":"Bellunopress","url":"https:\/\/www.bellunopress.it\/","logo":{"@type":"ImageObject","inLanguage":"fr-FR","@id":"https:\/\/www.bellunopress.it\/#\/schema\/logo\/image\/","url":"https:\/\/www.bellunopress.it\/wp-content\/uploads\/2011\/05\/cropped-logo-bellunopress-.jpg","contentUrl":"https:\/\/www.bellunopress.it\/wp-content\/uploads\/2011\/05\/cropped-logo-bellunopress-.jpg","width":512,"height":512,"caption":"Bellunopress"},"image":{"@id":"https:\/\/www.bellunopress.it\/#\/schema\/logo\/image\/"},"sameAs":["https:\/\/www.facebook.com\/profile.php?id=100008943462799","https:\/\/x.com\/bellunopress","https:\/\/www.linkedin.com\/hp\/?dnr=JBzUWaJfMUw8vbXJJ2tVW5-I3jZKvC4wsoxE&amp;amp;amp;amp;amp;amp;trk=nav_responsive_tab_home","https:\/\/www.youtube.com\/channel\/UCxL0wu1uN0_3_7hGG0306cw"]},{"@type":"Person","@id":"https:\/\/www.bellunopress.it\/#\/schema\/person\/79bb06722b37ece1c03d3e94beb30d73","name":"r\u00e9daction","image":{"@type":"ImageObject","inLanguage":"fr-FR","@id":"https:\/\/secure.gravatar.com\/avatar\/37d968a2e67a6fd04c169c4bdef102d0bc5d31b2546345219e348575eb80e9a0?s=96&d=mm&r=g","url":"https:\/\/secure.gravatar.com\/avatar\/37d968a2e67a6fd04c169c4bdef102d0bc5d31b2546345219e348575eb80e9a0?s=96&d=mm&r=g","contentUrl":"https:\/\/secure.gravatar.com\/avatar\/37d968a2e67a6fd04c169c4bdef102d0bc5d31b2546345219e348575eb80e9a0?s=96&d=mm&r=g","caption":"redazione"},"sameAs":["http:\/\/www.bellunopress.it","https:\/\/x.com\/bellunopress"],"url":"https:\/\/www.bellunopress.it\/fr\/author\/redazione\/"}]}},"_links":{"self":[{"href":"https:\/\/www.bellunopress.it\/fr\/wp-json\/wp\/v2\/posts\/45142","targetHints":{"allow":["GET"]}}],"collection":[{"href":"https:\/\/www.bellunopress.it\/fr\/wp-json\/wp\/v2\/posts"}],"about":[{"href":"https:\/\/www.bellunopress.it\/fr\/wp-json\/wp\/v2\/types\/post"}],"author":[{"embeddable":true,"href":"https:\/\/www.bellunopress.it\/fr\/wp-json\/wp\/v2\/users\/2"}],"replies":[{"embeddable":true,"href":"https:\/\/www.bellunopress.it\/fr\/wp-json\/wp\/v2\/comments?post=45142"}],"version-history":[{"count":1,"href":"https:\/\/www.bellunopress.it\/fr\/wp-json\/wp\/v2\/posts\/45142\/revisions"}],"predecessor-version":[{"id":45143,"href":"https:\/\/www.bellunopress.it\/fr\/wp-json\/wp\/v2\/posts\/45142\/revisions\/45143"}],"wp:attachment":[{"href":"https:\/\/www.bellunopress.it\/fr\/wp-json\/wp\/v2\/media?parent=45142"}],"wp:term":[{"taxonomy":"category","embeddable":true,"href":"https:\/\/www.bellunopress.it\/fr\/wp-json\/wp\/v2\/categories?post=45142"},{"taxonomy":"post_tag","embeddable":true,"href":"https:\/\/www.bellunopress.it\/fr\/wp-json\/wp\/v2\/tags?post=45142"}],"curies":[{"name":"wp","href":"https:\/\/api.w.org\/{rel}","templated":true}]}}