{"id":45125,"date":"2012-12-24T19:06:35","date_gmt":"2012-12-24T18:06:35","guid":{"rendered":"http:\/\/www.bellunopress.it\/?p=45125"},"modified":"2012-12-24T19:06:35","modified_gmt":"2012-12-24T18:06:35","slug":"intervento-sullacquedotto-che-serve-un-migliaio-di-utenze-a-san-nicolo-e-santo-stefano-di-cadore","status":"publish","type":"post","link":"https:\/\/www.bellunopress.it\/fr\/2012\/12\/24\/intervento-sullacquedotto-che-serve-un-migliaio-di-utenze-a-san-nicolo-e-santo-stefano-di-cadore\/","title":{"rendered":"Intervento sull&#8217;acquedotto che serve un migliaio di utenze a San Nicol\u00f2 e Santo Stefano di Cadore"},"content":{"rendered":"<p><a href=\"http:\/\/www.bellunopress.it\/wp-content\/uploads\/2009\/08\/gsp-gestione-servizi-pubblici.jpg\"><img loading=\"lazy\" decoding=\"async\" class=\"alignleft size-full wp-image-6957\" alt=\"gsp-gestione-servizi-pubblici\" src=\"http:\/\/www.bellunopress.it\/wp-content\/uploads\/2009\/08\/gsp-gestione-servizi-pubblici.jpg\" width=\"140\" height=\"89\" \/><\/a>Riparazioni urgenti, oggi, all\u2019acquedotto comelicense del Melin. Due ingenti perdite, individuate lungo la tratta adduttrice che rifornisce i serbatoi di Costalta (in comune di San Pietro di Cadore) e di Casada e Costalissoio (in comune di Santo Stefano di Cadore) hanno reso necessario l\u2019intervento urgente dei tecnici di Bim Gsp.<\/p>\n<p>La prima falla, individuata tra sabato e domenica lungo la strada che dalla localit\u00e0 di Tamai risale verso l\u2019opera di presa del Melin (in comune di San Nicol\u00f2 di Comelico), ha impegnato il personale di Gsp per tutta la mattinata odierna: la perdita, infatti, ben visibile a occhio nudo e causata dalla rottura di una vecchia saldatura, su buona parte della carreggiata ha subito generato una vasta pozza d\u2019acqua che, gradualmente, \u00e8 diventata lastra di ghiaccio: indispensabile, quindi, la chiusura al traffico, stabilita gi\u00e0 da sabato in via preventiva per motivi di sicurezza.<\/p>\n<p>Le operazioni di scavo e tamponamento della falla, iniziate stamattina intorno alle 8.00, si sono concluse verso le 12: durante tutta l\u2019esecuzione dei lavori, naturalmente, \u00e8 stato necessario sospendere la fornitura idrica all\u2019utenza collegata (circa un migliaio).<\/p>\n<p>E nel primo pomeriggio, quando ormai sembrava terminata l\u2019attivit\u00e0 in loco, durante un controllo di verifica dei livelli dei serbatoi, \u00e8 stata riscontrata una nuova anomalia: un serbatoio aveva difficolt\u00e0 a caricarsi d\u2019acqua.<\/p>\n<p>I tecnici di Gsp, ancora sul posto, hanno subito avviato una nuova ricerca perdite, operazione impegnativa data la vastit\u00e0 dell\u2019acquedotto (oltre 23 km di rete): intorno alle 14.30 \u00e8 stata individuata la falla, anch\u2019essa fortunatamente visibile a vista, nel tratto di rete tra Costa (San Nicol\u00f2) e Costalissoio (Santo Stefano), dove era in atto un importante cedimento del manto stradale. Le operazioni di riparazione, tuttora in corso, termineranno in tarda serata, con conseguente ripristino della regolare erogazione all\u2019utenza.<\/p>","protected":false},"excerpt":{"rendered":"<p>Riparazioni urgenti, oggi, all\u2019acquedotto comelicense del Melin. Due ingenti perdite, individuate lungo la tratta adduttrice che rifornisce i serbatoi di Costalta (in comune di San Pietro di Cadore) e di Casada e Costalissoio (in comune di Santo Stefano di Cadore) hanno reso necessario l\u2019intervento urgente dei tecnici di Bim Gsp. La prima falla, individuata tra [&hellip;]<\/p>\n","protected":false},"author":2,"featured_media":0,"comment_status":"closed","ping_status":"open","sticky":false,"template":"","format":"standard","meta":{"footnotes":""},"categories":[5,26],"tags":[],"class_list":["post-45125","post","type-post","status-publish","format-standard","category-cronaca","category-prima-pagina"],"yoast_head":"<!-- This site is optimized with the Yoast SEO plugin v28.4 - https:\/\/yoast.com\/product\/yoast-seo-wordpress\/ -->\n<title>Intervento sull&#039;acquedotto che serve un migliaio di utenze a San Nicol\u00f2 e Santo Stefano di Cadore - Bellunopress - Dolomiti<\/title>\n<meta name=\"robots\" content=\"index, follow, max-snippet:-1, max-image-preview:large, max-video-preview:-1\" \/>\n<link rel=\"canonical\" href=\"https:\/\/www.bellunopress.it\/fr\/2012\/12\/24\/intervento-sullacquedotto-che-serve-un-migliaio-di-utenze-a-san-nicolo-e-santo-stefano-di-cadore\/\" \/>\n<meta property=\"og:locale\" content=\"fr_FR\" \/>\n<meta property=\"og:type\" content=\"article\" \/>\n<meta property=\"og:title\" content=\"Intervento sull&#039;acquedotto che serve un migliaio di utenze a San Nicol\u00f2 e Santo Stefano di Cadore - Bellunopress - Dolomiti\" \/>\n<meta property=\"og:description\" content=\"Riparazioni urgenti, oggi, all\u2019acquedotto comelicense del Melin. Due ingenti perdite, individuate lungo la tratta adduttrice che rifornisce i serbatoi di Costalta (in comune di San Pietro di Cadore) e di Casada e Costalissoio (in comune di Santo Stefano di Cadore) hanno reso necessario l\u2019intervento urgente dei tecnici di Bim Gsp. La prima falla, individuata tra [&hellip;]\" \/>\n<meta property=\"og:url\" content=\"https:\/\/www.bellunopress.it\/fr\/2012\/12\/24\/intervento-sullacquedotto-che-serve-un-migliaio-di-utenze-a-san-nicolo-e-santo-stefano-di-cadore\/\" \/>\n<meta property=\"og:site_name\" content=\"Bellunopress - Dolomiti\" \/>\n<meta property=\"article:publisher\" content=\"https:\/\/www.facebook.com\/profile.php?id=100008943462799\" \/>\n<meta property=\"article:published_time\" content=\"2012-12-24T18:06:35+00:00\" \/>\n<meta property=\"og:image\" content=\"http:\/\/www.bellunopress.it\/wp-content\/uploads\/2009\/08\/gsp-gestione-servizi-pubblici.jpg\" \/>\n<meta name=\"author\" content=\"redazione\" \/>\n<meta name=\"twitter:card\" content=\"summary_large_image\" \/>\n<meta name=\"twitter:creator\" content=\"@bellunopress\" \/>\n<meta name=\"twitter:site\" content=\"@bellunopress\" \/>\n<meta name=\"twitter:label1\" content=\"\u00c9crit par\" \/>\n\t<meta name=\"twitter:data1\" content=\"redazione\" \/>\n\t<meta name=\"twitter:label2\" content=\"Dur\u00e9e de lecture estim\u00e9e\" \/>\n\t<meta name=\"twitter:data2\" content=\"1 minute\" \/>\n<script type=\"application\/ld+json\" class=\"yoast-schema-graph\">{\"@context\":\"https:\\\/\\\/schema.org\",\"@graph\":[{\"@type\":\"Article\",\"@id\":\"https:\\\/\\\/www.bellunopress.it\\\/2012\\\/12\\\/24\\\/intervento-sullacquedotto-che-serve-un-migliaio-di-utenze-a-san-nicolo-e-santo-stefano-di-cadore\\\/#article\",\"isPartOf\":{\"@id\":\"https:\\\/\\\/www.bellunopress.it\\\/2012\\\/12\\\/24\\\/intervento-sullacquedotto-che-serve-un-migliaio-di-utenze-a-san-nicolo-e-santo-stefano-di-cadore\\\/\"},\"author\":{\"name\":\"redazione\",\"@id\":\"https:\\\/\\\/www.bellunopress.it\\\/#\\\/schema\\\/person\\\/79bb06722b37ece1c03d3e94beb30d73\"},\"headline\":\"Intervento sull&#8217;acquedotto che serve un migliaio di utenze a San Nicol\u00f2 e Santo Stefano di Cadore\",\"datePublished\":\"2012-12-24T18:06:35+00:00\",\"mainEntityOfPage\":{\"@id\":\"https:\\\/\\\/www.bellunopress.it\\\/2012\\\/12\\\/24\\\/intervento-sullacquedotto-che-serve-un-migliaio-di-utenze-a-san-nicolo-e-santo-stefano-di-cadore\\\/\"},\"wordCount\":311,\"publisher\":{\"@id\":\"https:\\\/\\\/www.bellunopress.it\\\/#organization\"},\"image\":{\"@id\":\"https:\\\/\\\/www.bellunopress.it\\\/2012\\\/12\\\/24\\\/intervento-sullacquedotto-che-serve-un-migliaio-di-utenze-a-san-nicolo-e-santo-stefano-di-cadore\\\/#primaryimage\"},\"thumbnailUrl\":\"http:\\\/\\\/www.bellunopress.it\\\/wp-content\\\/uploads\\\/2009\\\/08\\\/gsp-gestione-servizi-pubblici.jpg\",\"articleSection\":[\"Cronaca\\\/Politica\",\"Prima Pagina\"],\"inLanguage\":\"fr-FR\"},{\"@type\":\"WebPage\",\"@id\":\"https:\\\/\\\/www.bellunopress.it\\\/2012\\\/12\\\/24\\\/intervento-sullacquedotto-che-serve-un-migliaio-di-utenze-a-san-nicolo-e-santo-stefano-di-cadore\\\/\",\"url\":\"https:\\\/\\\/www.bellunopress.it\\\/2012\\\/12\\\/24\\\/intervento-sullacquedotto-che-serve-un-migliaio-di-utenze-a-san-nicolo-e-santo-stefano-di-cadore\\\/\",\"name\":\"Intervento sull'acquedotto che serve un migliaio di utenze a San Nicol\u00f2 e Santo Stefano di Cadore - Bellunopress - Dolomiti\",\"isPartOf\":{\"@id\":\"https:\\\/\\\/www.bellunopress.it\\\/#website\"},\"primaryImageOfPage\":{\"@id\":\"https:\\\/\\\/www.bellunopress.it\\\/2012\\\/12\\\/24\\\/intervento-sullacquedotto-che-serve-un-migliaio-di-utenze-a-san-nicolo-e-santo-stefano-di-cadore\\\/#primaryimage\"},\"image\":{\"@id\":\"https:\\\/\\\/www.bellunopress.it\\\/2012\\\/12\\\/24\\\/intervento-sullacquedotto-che-serve-un-migliaio-di-utenze-a-san-nicolo-e-santo-stefano-di-cadore\\\/#primaryimage\"},\"thumbnailUrl\":\"http:\\\/\\\/www.bellunopress.it\\\/wp-content\\\/uploads\\\/2009\\\/08\\\/gsp-gestione-servizi-pubblici.jpg\",\"datePublished\":\"2012-12-24T18:06:35+00:00\",\"breadcrumb\":{\"@id\":\"https:\\\/\\\/www.bellunopress.it\\\/2012\\\/12\\\/24\\\/intervento-sullacquedotto-che-serve-un-migliaio-di-utenze-a-san-nicolo-e-santo-stefano-di-cadore\\\/#breadcrumb\"},\"inLanguage\":\"fr-FR\",\"potentialAction\":[{\"@type\":\"ReadAction\",\"target\":[\"https:\\\/\\\/www.bellunopress.it\\\/2012\\\/12\\\/24\\\/intervento-sullacquedotto-che-serve-un-migliaio-di-utenze-a-san-nicolo-e-santo-stefano-di-cadore\\\/\"]}]},{\"@type\":\"ImageObject\",\"inLanguage\":\"fr-FR\",\"@id\":\"https:\\\/\\\/www.bellunopress.it\\\/2012\\\/12\\\/24\\\/intervento-sullacquedotto-che-serve-un-migliaio-di-utenze-a-san-nicolo-e-santo-stefano-di-cadore\\\/#primaryimage\",\"url\":\"http:\\\/\\\/www.bellunopress.it\\\/wp-content\\\/uploads\\\/2009\\\/08\\\/gsp-gestione-servizi-pubblici.jpg\",\"contentUrl\":\"http:\\\/\\\/www.bellunopress.it\\\/wp-content\\\/uploads\\\/2009\\\/08\\\/gsp-gestione-servizi-pubblici.jpg\"},{\"@type\":\"BreadcrumbList\",\"@id\":\"https:\\\/\\\/www.bellunopress.it\\\/2012\\\/12\\\/24\\\/intervento-sullacquedotto-che-serve-un-migliaio-di-utenze-a-san-nicolo-e-santo-stefano-di-cadore\\\/#breadcrumb\",\"itemListElement\":[{\"@type\":\"ListItem\",\"position\":1,\"name\":\"Home\",\"item\":\"https:\\\/\\\/www.bellunopress.it\\\/\"},{\"@type\":\"ListItem\",\"position\":2,\"name\":\"Intervento sull&#8217;acquedotto che serve un migliaio di utenze a San Nicol\u00f2 e Santo Stefano di Cadore\"}]},{\"@type\":\"WebSite\",\"@id\":\"https:\\\/\\\/www.bellunopress.it\\\/#website\",\"url\":\"https:\\\/\\\/www.bellunopress.it\\\/\",\"name\":\"Bellunopress - Dolomiti\",\"description\":\"e-mail: redazione@bellunopress.it\",\"publisher\":{\"@id\":\"https:\\\/\\\/www.bellunopress.it\\\/#organization\"},\"potentialAction\":[{\"@type\":\"SearchAction\",\"target\":{\"@type\":\"EntryPoint\",\"urlTemplate\":\"https:\\\/\\\/www.bellunopress.it\\\/?s={search_term_string}\"},\"query-input\":{\"@type\":\"PropertyValueSpecification\",\"valueRequired\":true,\"valueName\":\"search_term_string\"}}],\"inLanguage\":\"fr-FR\"},{\"@type\":\"Organization\",\"@id\":\"https:\\\/\\\/www.bellunopress.it\\\/#organization\",\"name\":\"Bellunopress\",\"url\":\"https:\\\/\\\/www.bellunopress.it\\\/\",\"logo\":{\"@type\":\"ImageObject\",\"inLanguage\":\"fr-FR\",\"@id\":\"https:\\\/\\\/www.bellunopress.it\\\/#\\\/schema\\\/logo\\\/image\\\/\",\"url\":\"https:\\\/\\\/www.bellunopress.it\\\/wp-content\\\/uploads\\\/2011\\\/05\\\/cropped-logo-bellunopress-.jpg\",\"contentUrl\":\"https:\\\/\\\/www.bellunopress.it\\\/wp-content\\\/uploads\\\/2011\\\/05\\\/cropped-logo-bellunopress-.jpg\",\"width\":512,\"height\":512,\"caption\":\"Bellunopress\"},\"image\":{\"@id\":\"https:\\\/\\\/www.bellunopress.it\\\/#\\\/schema\\\/logo\\\/image\\\/\"},\"sameAs\":[\"https:\\\/\\\/www.facebook.com\\\/profile.php?id=100008943462799\",\"https:\\\/\\\/x.com\\\/bellunopress\",\"https:\\\/\\\/www.linkedin.com\\\/hp\\\/?dnr=JBzUWaJfMUw8vbXJJ2tVW5-I3jZKvC4wsoxE&amp;amp;amp;amp;amp;amp;trk=nav_responsive_tab_home\",\"https:\\\/\\\/www.youtube.com\\\/channel\\\/UCxL0wu1uN0_3_7hGG0306cw\"]},{\"@type\":\"Person\",\"@id\":\"https:\\\/\\\/www.bellunopress.it\\\/#\\\/schema\\\/person\\\/79bb06722b37ece1c03d3e94beb30d73\",\"name\":\"redazione\",\"image\":{\"@type\":\"ImageObject\",\"inLanguage\":\"fr-FR\",\"@id\":\"https:\\\/\\\/secure.gravatar.com\\\/avatar\\\/37d968a2e67a6fd04c169c4bdef102d0bc5d31b2546345219e348575eb80e9a0?s=96&d=mm&r=g\",\"url\":\"https:\\\/\\\/secure.gravatar.com\\\/avatar\\\/37d968a2e67a6fd04c169c4bdef102d0bc5d31b2546345219e348575eb80e9a0?s=96&d=mm&r=g\",\"contentUrl\":\"https:\\\/\\\/secure.gravatar.com\\\/avatar\\\/37d968a2e67a6fd04c169c4bdef102d0bc5d31b2546345219e348575eb80e9a0?s=96&d=mm&r=g\",\"caption\":\"redazione\"},\"sameAs\":[\"http:\\\/\\\/www.bellunopress.it\",\"https:\\\/\\\/x.com\\\/bellunopress\"],\"url\":\"https:\\\/\\\/www.bellunopress.it\\\/fr\\\/author\\\/redazione\\\/\"}]}<\/script>\n<!-- \/ Yoast SEO plugin. -->","yoast_head_json":{"title":"Intervento sull'acquedotto che serve un migliaio di utenze a San Nicol\u00f2 e Santo Stefano di Cadore - Bellunopress - Dolomiti","robots":{"index":"index","follow":"follow","max-snippet":"max-snippet:-1","max-image-preview":"max-image-preview:large","max-video-preview":"max-video-preview:-1"},"canonical":"https:\/\/www.bellunopress.it\/fr\/2012\/12\/24\/intervento-sullacquedotto-che-serve-un-migliaio-di-utenze-a-san-nicolo-e-santo-stefano-di-cadore\/","og_locale":"fr_FR","og_type":"article","og_title":"Intervento sull'acquedotto che serve un migliaio di utenze a San Nicol\u00f2 e Santo Stefano di Cadore - Bellunopress - Dolomiti","og_description":"Riparazioni urgenti, oggi, all\u2019acquedotto comelicense del Melin. Due ingenti perdite, individuate lungo la tratta adduttrice che rifornisce i serbatoi di Costalta (in comune di San Pietro di Cadore) e di Casada e Costalissoio (in comune di Santo Stefano di Cadore) hanno reso necessario l\u2019intervento urgente dei tecnici di Bim Gsp. La prima falla, individuata tra [&hellip;]","og_url":"https:\/\/www.bellunopress.it\/fr\/2012\/12\/24\/intervento-sullacquedotto-che-serve-un-migliaio-di-utenze-a-san-nicolo-e-santo-stefano-di-cadore\/","og_site_name":"Bellunopress - Dolomiti","article_publisher":"https:\/\/www.facebook.com\/profile.php?id=100008943462799","article_published_time":"2012-12-24T18:06:35+00:00","og_image":[{"url":"http:\/\/www.bellunopress.it\/wp-content\/uploads\/2009\/08\/gsp-gestione-servizi-pubblici.jpg","type":"","width":"","height":""}],"author":"redazione","twitter_card":"summary_large_image","twitter_creator":"@bellunopress","twitter_site":"@bellunopress","twitter_misc":{"\u00c9crit par":"redazione","Dur\u00e9e de lecture estim\u00e9e":"1 minute"},"schema":{"@context":"https:\/\/schema.org","@graph":[{"@type":"Article","@id":"https:\/\/www.bellunopress.it\/2012\/12\/24\/intervento-sullacquedotto-che-serve-un-migliaio-di-utenze-a-san-nicolo-e-santo-stefano-di-cadore\/#article","isPartOf":{"@id":"https:\/\/www.bellunopress.it\/2012\/12\/24\/intervento-sullacquedotto-che-serve-un-migliaio-di-utenze-a-san-nicolo-e-santo-stefano-di-cadore\/"},"author":{"name":"redazione","@id":"https:\/\/www.bellunopress.it\/#\/schema\/person\/79bb06722b37ece1c03d3e94beb30d73"},"headline":"Intervento sull&#8217;acquedotto che serve un migliaio di utenze a San Nicol\u00f2 e Santo Stefano di Cadore","datePublished":"2012-12-24T18:06:35+00:00","mainEntityOfPage":{"@id":"https:\/\/www.bellunopress.it\/2012\/12\/24\/intervento-sullacquedotto-che-serve-un-migliaio-di-utenze-a-san-nicolo-e-santo-stefano-di-cadore\/"},"wordCount":311,"publisher":{"@id":"https:\/\/www.bellunopress.it\/#organization"},"image":{"@id":"https:\/\/www.bellunopress.it\/2012\/12\/24\/intervento-sullacquedotto-che-serve-un-migliaio-di-utenze-a-san-nicolo-e-santo-stefano-di-cadore\/#primaryimage"},"thumbnailUrl":"http:\/\/www.bellunopress.it\/wp-content\/uploads\/2009\/08\/gsp-gestione-servizi-pubblici.jpg","articleSection":["Cronaca\/Politica","Prima Pagina"],"inLanguage":"fr-FR"},{"@type":"WebPage","@id":"https:\/\/www.bellunopress.it\/2012\/12\/24\/intervento-sullacquedotto-che-serve-un-migliaio-di-utenze-a-san-nicolo-e-santo-stefano-di-cadore\/","url":"https:\/\/www.bellunopress.it\/2012\/12\/24\/intervento-sullacquedotto-che-serve-un-migliaio-di-utenze-a-san-nicolo-e-santo-stefano-di-cadore\/","name":"Intervento sull'acquedotto che serve un migliaio di utenze a San Nicol\u00f2 e Santo Stefano di Cadore - Bellunopress - Dolomiti","isPartOf":{"@id":"https:\/\/www.bellunopress.it\/#website"},"primaryImageOfPage":{"@id":"https:\/\/www.bellunopress.it\/2012\/12\/24\/intervento-sullacquedotto-che-serve-un-migliaio-di-utenze-a-san-nicolo-e-santo-stefano-di-cadore\/#primaryimage"},"image":{"@id":"https:\/\/www.bellunopress.it\/2012\/12\/24\/intervento-sullacquedotto-che-serve-un-migliaio-di-utenze-a-san-nicolo-e-santo-stefano-di-cadore\/#primaryimage"},"thumbnailUrl":"http:\/\/www.bellunopress.it\/wp-content\/uploads\/2009\/08\/gsp-gestione-servizi-pubblici.jpg","datePublished":"2012-12-24T18:06:35+00:00","breadcrumb":{"@id":"https:\/\/www.bellunopress.it\/2012\/12\/24\/intervento-sullacquedotto-che-serve-un-migliaio-di-utenze-a-san-nicolo-e-santo-stefano-di-cadore\/#breadcrumb"},"inLanguage":"fr-FR","potentialAction":[{"@type":"ReadAction","target":["https:\/\/www.bellunopress.it\/2012\/12\/24\/intervento-sullacquedotto-che-serve-un-migliaio-di-utenze-a-san-nicolo-e-santo-stefano-di-cadore\/"]}]},{"@type":"ImageObject","inLanguage":"fr-FR","@id":"https:\/\/www.bellunopress.it\/2012\/12\/24\/intervento-sullacquedotto-che-serve-un-migliaio-di-utenze-a-san-nicolo-e-santo-stefano-di-cadore\/#primaryimage","url":"http:\/\/www.bellunopress.it\/wp-content\/uploads\/2009\/08\/gsp-gestione-servizi-pubblici.jpg","contentUrl":"http:\/\/www.bellunopress.it\/wp-content\/uploads\/2009\/08\/gsp-gestione-servizi-pubblici.jpg"},{"@type":"BreadcrumbList","@id":"https:\/\/www.bellunopress.it\/2012\/12\/24\/intervento-sullacquedotto-che-serve-un-migliaio-di-utenze-a-san-nicolo-e-santo-stefano-di-cadore\/#breadcrumb","itemListElement":[{"@type":"ListItem","position":1,"name":"Home","item":"https:\/\/www.bellunopress.it\/"},{"@type":"ListItem","position":2,"name":"Intervento sull&#8217;acquedotto che serve un migliaio di utenze a San Nicol\u00f2 e Santo Stefano di Cadore"}]},{"@type":"WebSite","@id":"https:\/\/www.bellunopress.it\/#website","url":"https:\/\/www.bellunopress.it\/","name":"Bellunopress - Dolomiti","description":"e-mail: redazione@bellunopress.it","publisher":{"@id":"https:\/\/www.bellunopress.it\/#organization"},"potentialAction":[{"@type":"SearchAction","target":{"@type":"EntryPoint","urlTemplate":"https:\/\/www.bellunopress.it\/?s={search_term_string}"},"query-input":{"@type":"PropertyValueSpecification","valueRequired":true,"valueName":"search_term_string"}}],"inLanguage":"fr-FR"},{"@type":"Organization","@id":"https:\/\/www.bellunopress.it\/#organization","name":"Bellunopress","url":"https:\/\/www.bellunopress.it\/","logo":{"@type":"ImageObject","inLanguage":"fr-FR","@id":"https:\/\/www.bellunopress.it\/#\/schema\/logo\/image\/","url":"https:\/\/www.bellunopress.it\/wp-content\/uploads\/2011\/05\/cropped-logo-bellunopress-.jpg","contentUrl":"https:\/\/www.bellunopress.it\/wp-content\/uploads\/2011\/05\/cropped-logo-bellunopress-.jpg","width":512,"height":512,"caption":"Bellunopress"},"image":{"@id":"https:\/\/www.bellunopress.it\/#\/schema\/logo\/image\/"},"sameAs":["https:\/\/www.facebook.com\/profile.php?id=100008943462799","https:\/\/x.com\/bellunopress","https:\/\/www.linkedin.com\/hp\/?dnr=JBzUWaJfMUw8vbXJJ2tVW5-I3jZKvC4wsoxE&amp;amp;amp;amp;amp;amp;trk=nav_responsive_tab_home","https:\/\/www.youtube.com\/channel\/UCxL0wu1uN0_3_7hGG0306cw"]},{"@type":"Person","@id":"https:\/\/www.bellunopress.it\/#\/schema\/person\/79bb06722b37ece1c03d3e94beb30d73","name":"r\u00e9daction","image":{"@type":"ImageObject","inLanguage":"fr-FR","@id":"https:\/\/secure.gravatar.com\/avatar\/37d968a2e67a6fd04c169c4bdef102d0bc5d31b2546345219e348575eb80e9a0?s=96&d=mm&r=g","url":"https:\/\/secure.gravatar.com\/avatar\/37d968a2e67a6fd04c169c4bdef102d0bc5d31b2546345219e348575eb80e9a0?s=96&d=mm&r=g","contentUrl":"https:\/\/secure.gravatar.com\/avatar\/37d968a2e67a6fd04c169c4bdef102d0bc5d31b2546345219e348575eb80e9a0?s=96&d=mm&r=g","caption":"redazione"},"sameAs":["http:\/\/www.bellunopress.it","https:\/\/x.com\/bellunopress"],"url":"https:\/\/www.bellunopress.it\/fr\/author\/redazione\/"}]}},"_links":{"self":[{"href":"https:\/\/www.bellunopress.it\/fr\/wp-json\/wp\/v2\/posts\/45125","targetHints":{"allow":["GET"]}}],"collection":[{"href":"https:\/\/www.bellunopress.it\/fr\/wp-json\/wp\/v2\/posts"}],"about":[{"href":"https:\/\/www.bellunopress.it\/fr\/wp-json\/wp\/v2\/types\/post"}],"author":[{"embeddable":true,"href":"https:\/\/www.bellunopress.it\/fr\/wp-json\/wp\/v2\/users\/2"}],"replies":[{"embeddable":true,"href":"https:\/\/www.bellunopress.it\/fr\/wp-json\/wp\/v2\/comments?post=45125"}],"version-history":[{"count":1,"href":"https:\/\/www.bellunopress.it\/fr\/wp-json\/wp\/v2\/posts\/45125\/revisions"}],"predecessor-version":[{"id":45127,"href":"https:\/\/www.bellunopress.it\/fr\/wp-json\/wp\/v2\/posts\/45125\/revisions\/45127"}],"wp:attachment":[{"href":"https:\/\/www.bellunopress.it\/fr\/wp-json\/wp\/v2\/media?parent=45125"}],"wp:term":[{"taxonomy":"category","embeddable":true,"href":"https:\/\/www.bellunopress.it\/fr\/wp-json\/wp\/v2\/categories?post=45125"},{"taxonomy":"post_tag","embeddable":true,"href":"https:\/\/www.bellunopress.it\/fr\/wp-json\/wp\/v2\/tags?post=45125"}],"curies":[{"name":"wp","href":"https:\/\/api.w.org\/{rel}","templated":true}]}}