{"id":45118,"date":"2012-12-24T17:43:35","date_gmt":"2012-12-24T16:43:35","guid":{"rendered":"http:\/\/www.bellunopress.it\/?p=45118"},"modified":"2012-12-24T17:43:35","modified_gmt":"2012-12-24T16:43:35","slug":"le-opere-di-giuseppe-groff-mercoledi-in-mostra-a-san-gregorio-nelle-alpi","status":"publish","type":"post","link":"https:\/\/www.bellunopress.it\/fr\/2012\/12\/24\/le-opere-di-giuseppe-groff-mercoledi-in-mostra-a-san-gregorio-nelle-alpi\/","title":{"rendered":"Le opere di Giuseppe Groff mercoled\u00ec in mostra a San Gregorio nelle Alpi"},"content":{"rendered":"<p><a href=\"http:\/\/www.bellunopress.it\/wp-content\/uploads\/2012\/12\/quadro-giuseppe-groff.jpg\"><img loading=\"lazy\" decoding=\"async\" class=\"alignleft size-full wp-image-45119\" alt=\"quadro giuseppe groff\" src=\"http:\/\/www.bellunopress.it\/wp-content\/uploads\/2012\/12\/quadro-giuseppe-groff.jpg\" width=\"170\" height=\"121\" \/><\/a>Mercoled\u00ec 26 dicembre 2012 alle ore 11.15 nella sala Consiliare di San Gregorio nelle Alpi si inaugura la mostra del pittore trentino Giuseppe Groff. Presenter\u00e0 l\u2019artista il maestro Paolo Piccolo. Gradita ospite la campionessa olimpionica e mondiale Sara Simeoni.<\/p>\n<p>L\u2019esposizione potr\u00e0 essere visitata fino al 6 gennaio 2013 con orario 16 \u2013 19 feriali e 10 \u2013 12 e 16 \u2013 19 festivi<\/p>\n<p>Giuseppe Groff \u00e8 nato a Bari da genitori trentini nel 1946. Manifesta il suo interesse per la pittura fin dall\u2019infanzia e, giovanissimo, si unisce ad un gruppo di pittori \u201cEn Plein Air\u201d. Nel 1968 si trasferisce in provincia di Bergamo dove, sotto la guida del Poloni affina le proprie tecniche pittoriche e si presenta al pubblico attraverso alcune collettive.<\/p>\n<p>Nel 1975 rientra a Trento, attualmente risiede a Lavis. Notevole ad apprezzata la sua attivit\u00e0 pittorica con mostre in Trentino ed in altre citt\u00e0 italiane. Nel 1980 ha esposto in Venezuela. Le sue opere figurano in numerose collezioni italiane ed estere.<\/p>\n<p>Hanno scritto di lui: \u201c&#8230;\u00e8 un impressionista puro, un pittore sensibile ed impegnato al punto giusto, ha una vena inesauribile e la sua fonte artistica \u00e8 quasi sempre la natura con tutte le sue<\/p>\n<p>meraviglie&#8230;\u201d.<\/p>\n<p>Umberto Marcozzi, gallerista<\/p>\n<p>&nbsp;<\/p>","protected":false},"excerpt":{"rendered":"<p>Mercoled\u00ec 26 dicembre 2012 alle ore 11.15 nella sala Consiliare di San Gregorio nelle Alpi si inaugura la mostra del pittore trentino Giuseppe Groff. Presenter\u00e0 l\u2019artista il maestro Paolo Piccolo. Gradita ospite la campionessa olimpionica e mondiale Sara Simeoni. L\u2019esposizione potr\u00e0 essere visitata fino al 6 gennaio 2013 con orario 16 \u2013 19 feriali e [&hellip;]<\/p>\n","protected":false},"author":2,"featured_media":0,"comment_status":"closed","ping_status":"open","sticky":false,"template":"","format":"standard","meta":{"footnotes":""},"categories":[27,3,26],"tags":[],"class_list":["post-45118","post","type-post","status-publish","format-standard","category-appuntamenti","category-arte-cultura-spettacoli-scienza-archivi","category-prima-pagina"],"yoast_head":"<!-- This site is optimized with the Yoast SEO plugin v28.4 - https:\/\/yoast.com\/product\/yoast-seo-wordpress\/ -->\n<title>Le opere di Giuseppe Groff mercoled\u00ec in mostra a San Gregorio nelle Alpi - Bellunopress - Dolomiti<\/title>\n<meta name=\"robots\" content=\"index, follow, max-snippet:-1, max-image-preview:large, max-video-preview:-1\" \/>\n<link rel=\"canonical\" href=\"https:\/\/www.bellunopress.it\/fr\/2012\/12\/24\/le-opere-di-giuseppe-groff-mercoledi-in-mostra-a-san-gregorio-nelle-alpi\/\" \/>\n<meta property=\"og:locale\" content=\"fr_FR\" \/>\n<meta property=\"og:type\" content=\"article\" \/>\n<meta property=\"og:title\" content=\"Le opere di Giuseppe Groff mercoled\u00ec in mostra a San Gregorio nelle Alpi - Bellunopress - Dolomiti\" \/>\n<meta property=\"og:description\" content=\"Mercoled\u00ec 26 dicembre 2012 alle ore 11.15 nella sala Consiliare di San Gregorio nelle Alpi si inaugura la mostra del pittore trentino Giuseppe Groff. Presenter\u00e0 l\u2019artista il maestro Paolo Piccolo. Gradita ospite la campionessa olimpionica e mondiale Sara Simeoni. L\u2019esposizione potr\u00e0 essere visitata fino al 6 gennaio 2013 con orario 16 \u2013 19 feriali e [&hellip;]\" \/>\n<meta property=\"og:url\" content=\"https:\/\/www.bellunopress.it\/fr\/2012\/12\/24\/le-opere-di-giuseppe-groff-mercoledi-in-mostra-a-san-gregorio-nelle-alpi\/\" \/>\n<meta property=\"og:site_name\" content=\"Bellunopress - Dolomiti\" \/>\n<meta property=\"article:publisher\" content=\"https:\/\/www.facebook.com\/profile.php?id=100008943462799\" \/>\n<meta property=\"article:published_time\" content=\"2012-12-24T16:43:35+00:00\" \/>\n<meta property=\"og:image\" content=\"http:\/\/www.bellunopress.it\/wp-content\/uploads\/2012\/12\/quadro-giuseppe-groff.jpg\" \/>\n<meta name=\"author\" content=\"redazione\" \/>\n<meta name=\"twitter:card\" content=\"summary_large_image\" \/>\n<meta name=\"twitter:creator\" content=\"@bellunopress\" \/>\n<meta name=\"twitter:site\" content=\"@bellunopress\" \/>\n<meta name=\"twitter:label1\" content=\"\u00c9crit par\" \/>\n\t<meta name=\"twitter:data1\" content=\"redazione\" \/>\n\t<meta name=\"twitter:label2\" content=\"Dur\u00e9e de lecture estim\u00e9e\" \/>\n\t<meta name=\"twitter:data2\" content=\"1 minute\" \/>\n<script type=\"application\/ld+json\" class=\"yoast-schema-graph\">{\"@context\":\"https:\\\/\\\/schema.org\",\"@graph\":[{\"@type\":\"Article\",\"@id\":\"https:\\\/\\\/www.bellunopress.it\\\/2012\\\/12\\\/24\\\/le-opere-di-giuseppe-groff-mercoledi-in-mostra-a-san-gregorio-nelle-alpi\\\/#article\",\"isPartOf\":{\"@id\":\"https:\\\/\\\/www.bellunopress.it\\\/2012\\\/12\\\/24\\\/le-opere-di-giuseppe-groff-mercoledi-in-mostra-a-san-gregorio-nelle-alpi\\\/\"},\"author\":{\"name\":\"redazione\",\"@id\":\"https:\\\/\\\/www.bellunopress.it\\\/#\\\/schema\\\/person\\\/79bb06722b37ece1c03d3e94beb30d73\"},\"headline\":\"Le opere di Giuseppe Groff mercoled\u00ec in mostra a San Gregorio nelle Alpi\",\"datePublished\":\"2012-12-24T16:43:35+00:00\",\"mainEntityOfPage\":{\"@id\":\"https:\\\/\\\/www.bellunopress.it\\\/2012\\\/12\\\/24\\\/le-opere-di-giuseppe-groff-mercoledi-in-mostra-a-san-gregorio-nelle-alpi\\\/\"},\"wordCount\":197,\"publisher\":{\"@id\":\"https:\\\/\\\/www.bellunopress.it\\\/#organization\"},\"image\":{\"@id\":\"https:\\\/\\\/www.bellunopress.it\\\/2012\\\/12\\\/24\\\/le-opere-di-giuseppe-groff-mercoledi-in-mostra-a-san-gregorio-nelle-alpi\\\/#primaryimage\"},\"thumbnailUrl\":\"http:\\\/\\\/www.bellunopress.it\\\/wp-content\\\/uploads\\\/2012\\\/12\\\/quadro-giuseppe-groff.jpg\",\"articleSection\":[\"Appuntamenti, Eventi\",\"Arte, Cultura, Spettacoli, Scienza\",\"Prima Pagina\"],\"inLanguage\":\"fr-FR\"},{\"@type\":\"WebPage\",\"@id\":\"https:\\\/\\\/www.bellunopress.it\\\/2012\\\/12\\\/24\\\/le-opere-di-giuseppe-groff-mercoledi-in-mostra-a-san-gregorio-nelle-alpi\\\/\",\"url\":\"https:\\\/\\\/www.bellunopress.it\\\/2012\\\/12\\\/24\\\/le-opere-di-giuseppe-groff-mercoledi-in-mostra-a-san-gregorio-nelle-alpi\\\/\",\"name\":\"Le opere di Giuseppe Groff mercoled\u00ec in mostra a San Gregorio nelle Alpi - Bellunopress - Dolomiti\",\"isPartOf\":{\"@id\":\"https:\\\/\\\/www.bellunopress.it\\\/#website\"},\"primaryImageOfPage\":{\"@id\":\"https:\\\/\\\/www.bellunopress.it\\\/2012\\\/12\\\/24\\\/le-opere-di-giuseppe-groff-mercoledi-in-mostra-a-san-gregorio-nelle-alpi\\\/#primaryimage\"},\"image\":{\"@id\":\"https:\\\/\\\/www.bellunopress.it\\\/2012\\\/12\\\/24\\\/le-opere-di-giuseppe-groff-mercoledi-in-mostra-a-san-gregorio-nelle-alpi\\\/#primaryimage\"},\"thumbnailUrl\":\"http:\\\/\\\/www.bellunopress.it\\\/wp-content\\\/uploads\\\/2012\\\/12\\\/quadro-giuseppe-groff.jpg\",\"datePublished\":\"2012-12-24T16:43:35+00:00\",\"breadcrumb\":{\"@id\":\"https:\\\/\\\/www.bellunopress.it\\\/2012\\\/12\\\/24\\\/le-opere-di-giuseppe-groff-mercoledi-in-mostra-a-san-gregorio-nelle-alpi\\\/#breadcrumb\"},\"inLanguage\":\"fr-FR\",\"potentialAction\":[{\"@type\":\"ReadAction\",\"target\":[\"https:\\\/\\\/www.bellunopress.it\\\/2012\\\/12\\\/24\\\/le-opere-di-giuseppe-groff-mercoledi-in-mostra-a-san-gregorio-nelle-alpi\\\/\"]}]},{\"@type\":\"ImageObject\",\"inLanguage\":\"fr-FR\",\"@id\":\"https:\\\/\\\/www.bellunopress.it\\\/2012\\\/12\\\/24\\\/le-opere-di-giuseppe-groff-mercoledi-in-mostra-a-san-gregorio-nelle-alpi\\\/#primaryimage\",\"url\":\"http:\\\/\\\/www.bellunopress.it\\\/wp-content\\\/uploads\\\/2012\\\/12\\\/quadro-giuseppe-groff.jpg\",\"contentUrl\":\"http:\\\/\\\/www.bellunopress.it\\\/wp-content\\\/uploads\\\/2012\\\/12\\\/quadro-giuseppe-groff.jpg\"},{\"@type\":\"BreadcrumbList\",\"@id\":\"https:\\\/\\\/www.bellunopress.it\\\/2012\\\/12\\\/24\\\/le-opere-di-giuseppe-groff-mercoledi-in-mostra-a-san-gregorio-nelle-alpi\\\/#breadcrumb\",\"itemListElement\":[{\"@type\":\"ListItem\",\"position\":1,\"name\":\"Home\",\"item\":\"https:\\\/\\\/www.bellunopress.it\\\/\"},{\"@type\":\"ListItem\",\"position\":2,\"name\":\"Le opere di Giuseppe Groff mercoled\u00ec in mostra a San Gregorio nelle Alpi\"}]},{\"@type\":\"WebSite\",\"@id\":\"https:\\\/\\\/www.bellunopress.it\\\/#website\",\"url\":\"https:\\\/\\\/www.bellunopress.it\\\/\",\"name\":\"Bellunopress - Dolomiti\",\"description\":\"e-mail: redazione@bellunopress.it\",\"publisher\":{\"@id\":\"https:\\\/\\\/www.bellunopress.it\\\/#organization\"},\"potentialAction\":[{\"@type\":\"SearchAction\",\"target\":{\"@type\":\"EntryPoint\",\"urlTemplate\":\"https:\\\/\\\/www.bellunopress.it\\\/?s={search_term_string}\"},\"query-input\":{\"@type\":\"PropertyValueSpecification\",\"valueRequired\":true,\"valueName\":\"search_term_string\"}}],\"inLanguage\":\"fr-FR\"},{\"@type\":\"Organization\",\"@id\":\"https:\\\/\\\/www.bellunopress.it\\\/#organization\",\"name\":\"Bellunopress\",\"url\":\"https:\\\/\\\/www.bellunopress.it\\\/\",\"logo\":{\"@type\":\"ImageObject\",\"inLanguage\":\"fr-FR\",\"@id\":\"https:\\\/\\\/www.bellunopress.it\\\/#\\\/schema\\\/logo\\\/image\\\/\",\"url\":\"https:\\\/\\\/www.bellunopress.it\\\/wp-content\\\/uploads\\\/2011\\\/05\\\/cropped-logo-bellunopress-.jpg\",\"contentUrl\":\"https:\\\/\\\/www.bellunopress.it\\\/wp-content\\\/uploads\\\/2011\\\/05\\\/cropped-logo-bellunopress-.jpg\",\"width\":512,\"height\":512,\"caption\":\"Bellunopress\"},\"image\":{\"@id\":\"https:\\\/\\\/www.bellunopress.it\\\/#\\\/schema\\\/logo\\\/image\\\/\"},\"sameAs\":[\"https:\\\/\\\/www.facebook.com\\\/profile.php?id=100008943462799\",\"https:\\\/\\\/x.com\\\/bellunopress\",\"https:\\\/\\\/www.linkedin.com\\\/hp\\\/?dnr=JBzUWaJfMUw8vbXJJ2tVW5-I3jZKvC4wsoxE&amp;amp;amp;amp;amp;amp;trk=nav_responsive_tab_home\",\"https:\\\/\\\/www.youtube.com\\\/channel\\\/UCxL0wu1uN0_3_7hGG0306cw\"]},{\"@type\":\"Person\",\"@id\":\"https:\\\/\\\/www.bellunopress.it\\\/#\\\/schema\\\/person\\\/79bb06722b37ece1c03d3e94beb30d73\",\"name\":\"redazione\",\"image\":{\"@type\":\"ImageObject\",\"inLanguage\":\"fr-FR\",\"@id\":\"https:\\\/\\\/secure.gravatar.com\\\/avatar\\\/37d968a2e67a6fd04c169c4bdef102d0bc5d31b2546345219e348575eb80e9a0?s=96&d=mm&r=g\",\"url\":\"https:\\\/\\\/secure.gravatar.com\\\/avatar\\\/37d968a2e67a6fd04c169c4bdef102d0bc5d31b2546345219e348575eb80e9a0?s=96&d=mm&r=g\",\"contentUrl\":\"https:\\\/\\\/secure.gravatar.com\\\/avatar\\\/37d968a2e67a6fd04c169c4bdef102d0bc5d31b2546345219e348575eb80e9a0?s=96&d=mm&r=g\",\"caption\":\"redazione\"},\"sameAs\":[\"http:\\\/\\\/www.bellunopress.it\",\"https:\\\/\\\/x.com\\\/bellunopress\"],\"url\":\"https:\\\/\\\/www.bellunopress.it\\\/fr\\\/author\\\/redazione\\\/\"}]}<\/script>\n<!-- \/ Yoast SEO plugin. -->","yoast_head_json":{"title":"Le opere di Giuseppe Groff mercoled\u00ec in mostra a San Gregorio nelle Alpi - Bellunopress - Dolomiti","robots":{"index":"index","follow":"follow","max-snippet":"max-snippet:-1","max-image-preview":"max-image-preview:large","max-video-preview":"max-video-preview:-1"},"canonical":"https:\/\/www.bellunopress.it\/fr\/2012\/12\/24\/le-opere-di-giuseppe-groff-mercoledi-in-mostra-a-san-gregorio-nelle-alpi\/","og_locale":"fr_FR","og_type":"article","og_title":"Le opere di Giuseppe Groff mercoled\u00ec in mostra a San Gregorio nelle Alpi - Bellunopress - Dolomiti","og_description":"Mercoled\u00ec 26 dicembre 2012 alle ore 11.15 nella sala Consiliare di San Gregorio nelle Alpi si inaugura la mostra del pittore trentino Giuseppe Groff. Presenter\u00e0 l\u2019artista il maestro Paolo Piccolo. Gradita ospite la campionessa olimpionica e mondiale Sara Simeoni. L\u2019esposizione potr\u00e0 essere visitata fino al 6 gennaio 2013 con orario 16 \u2013 19 feriali e [&hellip;]","og_url":"https:\/\/www.bellunopress.it\/fr\/2012\/12\/24\/le-opere-di-giuseppe-groff-mercoledi-in-mostra-a-san-gregorio-nelle-alpi\/","og_site_name":"Bellunopress - Dolomiti","article_publisher":"https:\/\/www.facebook.com\/profile.php?id=100008943462799","article_published_time":"2012-12-24T16:43:35+00:00","og_image":[{"url":"http:\/\/www.bellunopress.it\/wp-content\/uploads\/2012\/12\/quadro-giuseppe-groff.jpg","type":"","width":"","height":""}],"author":"redazione","twitter_card":"summary_large_image","twitter_creator":"@bellunopress","twitter_site":"@bellunopress","twitter_misc":{"\u00c9crit par":"redazione","Dur\u00e9e de lecture estim\u00e9e":"1 minute"},"schema":{"@context":"https:\/\/schema.org","@graph":[{"@type":"Article","@id":"https:\/\/www.bellunopress.it\/2012\/12\/24\/le-opere-di-giuseppe-groff-mercoledi-in-mostra-a-san-gregorio-nelle-alpi\/#article","isPartOf":{"@id":"https:\/\/www.bellunopress.it\/2012\/12\/24\/le-opere-di-giuseppe-groff-mercoledi-in-mostra-a-san-gregorio-nelle-alpi\/"},"author":{"name":"redazione","@id":"https:\/\/www.bellunopress.it\/#\/schema\/person\/79bb06722b37ece1c03d3e94beb30d73"},"headline":"Le opere di Giuseppe Groff mercoled\u00ec in mostra a San Gregorio nelle Alpi","datePublished":"2012-12-24T16:43:35+00:00","mainEntityOfPage":{"@id":"https:\/\/www.bellunopress.it\/2012\/12\/24\/le-opere-di-giuseppe-groff-mercoledi-in-mostra-a-san-gregorio-nelle-alpi\/"},"wordCount":197,"publisher":{"@id":"https:\/\/www.bellunopress.it\/#organization"},"image":{"@id":"https:\/\/www.bellunopress.it\/2012\/12\/24\/le-opere-di-giuseppe-groff-mercoledi-in-mostra-a-san-gregorio-nelle-alpi\/#primaryimage"},"thumbnailUrl":"http:\/\/www.bellunopress.it\/wp-content\/uploads\/2012\/12\/quadro-giuseppe-groff.jpg","articleSection":["Appuntamenti, Eventi","Arte, Cultura, Spettacoli, Scienza","Prima Pagina"],"inLanguage":"fr-FR"},{"@type":"WebPage","@id":"https:\/\/www.bellunopress.it\/2012\/12\/24\/le-opere-di-giuseppe-groff-mercoledi-in-mostra-a-san-gregorio-nelle-alpi\/","url":"https:\/\/www.bellunopress.it\/2012\/12\/24\/le-opere-di-giuseppe-groff-mercoledi-in-mostra-a-san-gregorio-nelle-alpi\/","name":"Le opere di Giuseppe Groff mercoled\u00ec in mostra a San Gregorio nelle Alpi - Bellunopress - Dolomiti","isPartOf":{"@id":"https:\/\/www.bellunopress.it\/#website"},"primaryImageOfPage":{"@id":"https:\/\/www.bellunopress.it\/2012\/12\/24\/le-opere-di-giuseppe-groff-mercoledi-in-mostra-a-san-gregorio-nelle-alpi\/#primaryimage"},"image":{"@id":"https:\/\/www.bellunopress.it\/2012\/12\/24\/le-opere-di-giuseppe-groff-mercoledi-in-mostra-a-san-gregorio-nelle-alpi\/#primaryimage"},"thumbnailUrl":"http:\/\/www.bellunopress.it\/wp-content\/uploads\/2012\/12\/quadro-giuseppe-groff.jpg","datePublished":"2012-12-24T16:43:35+00:00","breadcrumb":{"@id":"https:\/\/www.bellunopress.it\/2012\/12\/24\/le-opere-di-giuseppe-groff-mercoledi-in-mostra-a-san-gregorio-nelle-alpi\/#breadcrumb"},"inLanguage":"fr-FR","potentialAction":[{"@type":"ReadAction","target":["https:\/\/www.bellunopress.it\/2012\/12\/24\/le-opere-di-giuseppe-groff-mercoledi-in-mostra-a-san-gregorio-nelle-alpi\/"]}]},{"@type":"ImageObject","inLanguage":"fr-FR","@id":"https:\/\/www.bellunopress.it\/2012\/12\/24\/le-opere-di-giuseppe-groff-mercoledi-in-mostra-a-san-gregorio-nelle-alpi\/#primaryimage","url":"http:\/\/www.bellunopress.it\/wp-content\/uploads\/2012\/12\/quadro-giuseppe-groff.jpg","contentUrl":"http:\/\/www.bellunopress.it\/wp-content\/uploads\/2012\/12\/quadro-giuseppe-groff.jpg"},{"@type":"BreadcrumbList","@id":"https:\/\/www.bellunopress.it\/2012\/12\/24\/le-opere-di-giuseppe-groff-mercoledi-in-mostra-a-san-gregorio-nelle-alpi\/#breadcrumb","itemListElement":[{"@type":"ListItem","position":1,"name":"Home","item":"https:\/\/www.bellunopress.it\/"},{"@type":"ListItem","position":2,"name":"Le opere di Giuseppe Groff mercoled\u00ec in mostra a San Gregorio nelle Alpi"}]},{"@type":"WebSite","@id":"https:\/\/www.bellunopress.it\/#website","url":"https:\/\/www.bellunopress.it\/","name":"Bellunopress - Dolomiti","description":"e-mail: redazione@bellunopress.it","publisher":{"@id":"https:\/\/www.bellunopress.it\/#organization"},"potentialAction":[{"@type":"SearchAction","target":{"@type":"EntryPoint","urlTemplate":"https:\/\/www.bellunopress.it\/?s={search_term_string}"},"query-input":{"@type":"PropertyValueSpecification","valueRequired":true,"valueName":"search_term_string"}}],"inLanguage":"fr-FR"},{"@type":"Organization","@id":"https:\/\/www.bellunopress.it\/#organization","name":"Bellunopress","url":"https:\/\/www.bellunopress.it\/","logo":{"@type":"ImageObject","inLanguage":"fr-FR","@id":"https:\/\/www.bellunopress.it\/#\/schema\/logo\/image\/","url":"https:\/\/www.bellunopress.it\/wp-content\/uploads\/2011\/05\/cropped-logo-bellunopress-.jpg","contentUrl":"https:\/\/www.bellunopress.it\/wp-content\/uploads\/2011\/05\/cropped-logo-bellunopress-.jpg","width":512,"height":512,"caption":"Bellunopress"},"image":{"@id":"https:\/\/www.bellunopress.it\/#\/schema\/logo\/image\/"},"sameAs":["https:\/\/www.facebook.com\/profile.php?id=100008943462799","https:\/\/x.com\/bellunopress","https:\/\/www.linkedin.com\/hp\/?dnr=JBzUWaJfMUw8vbXJJ2tVW5-I3jZKvC4wsoxE&amp;amp;amp;amp;amp;amp;trk=nav_responsive_tab_home","https:\/\/www.youtube.com\/channel\/UCxL0wu1uN0_3_7hGG0306cw"]},{"@type":"Person","@id":"https:\/\/www.bellunopress.it\/#\/schema\/person\/79bb06722b37ece1c03d3e94beb30d73","name":"r\u00e9daction","image":{"@type":"ImageObject","inLanguage":"fr-FR","@id":"https:\/\/secure.gravatar.com\/avatar\/37d968a2e67a6fd04c169c4bdef102d0bc5d31b2546345219e348575eb80e9a0?s=96&d=mm&r=g","url":"https:\/\/secure.gravatar.com\/avatar\/37d968a2e67a6fd04c169c4bdef102d0bc5d31b2546345219e348575eb80e9a0?s=96&d=mm&r=g","contentUrl":"https:\/\/secure.gravatar.com\/avatar\/37d968a2e67a6fd04c169c4bdef102d0bc5d31b2546345219e348575eb80e9a0?s=96&d=mm&r=g","caption":"redazione"},"sameAs":["http:\/\/www.bellunopress.it","https:\/\/x.com\/bellunopress"],"url":"https:\/\/www.bellunopress.it\/fr\/author\/redazione\/"}]}},"_links":{"self":[{"href":"https:\/\/www.bellunopress.it\/fr\/wp-json\/wp\/v2\/posts\/45118","targetHints":{"allow":["GET"]}}],"collection":[{"href":"https:\/\/www.bellunopress.it\/fr\/wp-json\/wp\/v2\/posts"}],"about":[{"href":"https:\/\/www.bellunopress.it\/fr\/wp-json\/wp\/v2\/types\/post"}],"author":[{"embeddable":true,"href":"https:\/\/www.bellunopress.it\/fr\/wp-json\/wp\/v2\/users\/2"}],"replies":[{"embeddable":true,"href":"https:\/\/www.bellunopress.it\/fr\/wp-json\/wp\/v2\/comments?post=45118"}],"version-history":[{"count":2,"href":"https:\/\/www.bellunopress.it\/fr\/wp-json\/wp\/v2\/posts\/45118\/revisions"}],"predecessor-version":[{"id":45121,"href":"https:\/\/www.bellunopress.it\/fr\/wp-json\/wp\/v2\/posts\/45118\/revisions\/45121"}],"wp:attachment":[{"href":"https:\/\/www.bellunopress.it\/fr\/wp-json\/wp\/v2\/media?parent=45118"}],"wp:term":[{"taxonomy":"category","embeddable":true,"href":"https:\/\/www.bellunopress.it\/fr\/wp-json\/wp\/v2\/categories?post=45118"},{"taxonomy":"post_tag","embeddable":true,"href":"https:\/\/www.bellunopress.it\/fr\/wp-json\/wp\/v2\/tags?post=45118"}],"curies":[{"name":"wp","href":"https:\/\/api.w.org\/{rel}","templated":true}]}}