{"id":45102,"date":"2012-12-23T15:46:49","date_gmt":"2012-12-23T14:46:49","guid":{"rendered":"http:\/\/www.bellunopress.it\/?p=45102"},"modified":"2012-12-23T15:46:49","modified_gmt":"2012-12-23T14:46:49","slug":"slavina-sulle-piste-del-lagazuoi-nessun-sciatore-coinvolto","status":"publish","type":"post","link":"https:\/\/www.bellunopress.it\/fr\/2012\/12\/23\/slavina-sulle-piste-del-lagazuoi-nessun-sciatore-coinvolto\/","title":{"rendered":"Slavina sulle piste del Lagazuoi, nessun sciatore coinvolto"},"content":{"rendered":"<p><a href=\"http:\/\/www.bellunopress.it\/wp-content\/uploads\/2009\/11\/guardia-di-finanza-soccorso-alpino.jpg\"><img loading=\"lazy\" decoding=\"async\" class=\"alignleft size-full wp-image-9766\" alt=\"guardia-di-finanza-soccorso-alpino\" src=\"http:\/\/www.bellunopress.it\/wp-content\/uploads\/2009\/11\/guardia-di-finanza-soccorso-alpino.jpg\" width=\"130\" height=\"130\" \/><\/a>Intorno alle ore 14 di oggi, domenica 23 dicembre, dal versante sud del Piccolo Lagazuoi, si \u00e8 staccata una slavina spontanea che ha parzialmente invaso la pista da sci del Lagazuoi a quota 2.200 metri.<\/p>\n<p>Sul posto sono immediatamente intervenuti due finanzieri del Soccorso alpino della Stazione S.A.G.F. di Cortina d&#8217;Ampezzo, dipendente dalla medesima Compagnia territoriale, in servizio &#8220;soccorso piste&#8221; presso il comprensorio Cinque Torri Averau.<\/p>\n<p>I due Finanzieri, raggiunta la slavina con la motoslitta, si sono uniti agli agenti della polizia di Stato in servizio in quel comprensorio ed hanno attuato le procedure necessarie a mettere in sicurezza l&#8217;area, avviando le ricerche di eventuali feriti o dispersi. Fortunatamente, la slavina non ha coinvolto alcun sciatore.<\/p>\n<p>&nbsp;<\/p>\n<p>&nbsp;<\/p>","protected":false},"excerpt":{"rendered":"<p>Intorno alle ore 14 di oggi, domenica 23 dicembre, dal versante sud del Piccolo Lagazuoi, si \u00e8 staccata una slavina spontanea che ha parzialmente invaso la pista da sci del Lagazuoi a quota 2.200 metri. Sul posto sono immediatamente intervenuti due finanzieri del Soccorso alpino della Stazione S.A.G.F. di Cortina d&#8217;Ampezzo, dipendente dalla medesima Compagnia [&hellip;]<\/p>\n","protected":false},"author":2,"featured_media":0,"comment_status":"closed","ping_status":"open","sticky":false,"template":"","format":"standard","meta":{"footnotes":""},"categories":[5,26],"tags":[],"class_list":["post-45102","post","type-post","status-publish","format-standard","category-cronaca","category-prima-pagina"],"yoast_head":"<!-- This site is optimized with the Yoast SEO plugin v28.4 - https:\/\/yoast.com\/product\/yoast-seo-wordpress\/ -->\n<title>Slavina sulle piste del Lagazuoi, nessun sciatore coinvolto - Bellunopress - Dolomiti<\/title>\n<meta name=\"robots\" content=\"index, follow, max-snippet:-1, max-image-preview:large, max-video-preview:-1\" \/>\n<link rel=\"canonical\" href=\"https:\/\/www.bellunopress.it\/fr\/2012\/12\/23\/slavina-sulle-piste-del-lagazuoi-nessun-sciatore-coinvolto\/\" \/>\n<meta property=\"og:locale\" content=\"fr_FR\" \/>\n<meta property=\"og:type\" content=\"article\" \/>\n<meta property=\"og:title\" content=\"Slavina sulle piste del Lagazuoi, nessun sciatore coinvolto - Bellunopress - Dolomiti\" \/>\n<meta property=\"og:description\" content=\"Intorno alle ore 14 di oggi, domenica 23 dicembre, dal versante sud del Piccolo Lagazuoi, si \u00e8 staccata una slavina spontanea che ha parzialmente invaso la pista da sci del Lagazuoi a quota 2.200 metri. Sul posto sono immediatamente intervenuti due finanzieri del Soccorso alpino della Stazione S.A.G.F. di Cortina d&#8217;Ampezzo, dipendente dalla medesima Compagnia [&hellip;]\" \/>\n<meta property=\"og:url\" content=\"https:\/\/www.bellunopress.it\/fr\/2012\/12\/23\/slavina-sulle-piste-del-lagazuoi-nessun-sciatore-coinvolto\/\" \/>\n<meta property=\"og:site_name\" content=\"Bellunopress - Dolomiti\" \/>\n<meta property=\"article:publisher\" content=\"https:\/\/www.facebook.com\/profile.php?id=100008943462799\" \/>\n<meta property=\"article:published_time\" content=\"2012-12-23T14:46:49+00:00\" \/>\n<meta property=\"og:image\" content=\"http:\/\/www.bellunopress.it\/wp-content\/uploads\/2009\/11\/guardia-di-finanza-soccorso-alpino.jpg\" \/>\n<meta name=\"author\" content=\"redazione\" \/>\n<meta name=\"twitter:card\" content=\"summary_large_image\" \/>\n<meta name=\"twitter:creator\" content=\"@bellunopress\" \/>\n<meta name=\"twitter:site\" content=\"@bellunopress\" \/>\n<meta name=\"twitter:label1\" content=\"\u00c9crit par\" \/>\n\t<meta name=\"twitter:data1\" content=\"redazione\" \/>\n\t<meta name=\"twitter:label2\" content=\"Dur\u00e9e de lecture estim\u00e9e\" \/>\n\t<meta name=\"twitter:data2\" content=\"1 minute\" \/>\n<script type=\"application\/ld+json\" class=\"yoast-schema-graph\">{\"@context\":\"https:\\\/\\\/schema.org\",\"@graph\":[{\"@type\":\"Article\",\"@id\":\"https:\\\/\\\/www.bellunopress.it\\\/2012\\\/12\\\/23\\\/slavina-sulle-piste-del-lagazuoi-nessun-sciatore-coinvolto\\\/#article\",\"isPartOf\":{\"@id\":\"https:\\\/\\\/www.bellunopress.it\\\/2012\\\/12\\\/23\\\/slavina-sulle-piste-del-lagazuoi-nessun-sciatore-coinvolto\\\/\"},\"author\":{\"name\":\"redazione\",\"@id\":\"https:\\\/\\\/www.bellunopress.it\\\/#\\\/schema\\\/person\\\/79bb06722b37ece1c03d3e94beb30d73\"},\"headline\":\"Slavina sulle piste del Lagazuoi, nessun sciatore coinvolto\",\"datePublished\":\"2012-12-23T14:46:49+00:00\",\"mainEntityOfPage\":{\"@id\":\"https:\\\/\\\/www.bellunopress.it\\\/2012\\\/12\\\/23\\\/slavina-sulle-piste-del-lagazuoi-nessun-sciatore-coinvolto\\\/\"},\"wordCount\":127,\"publisher\":{\"@id\":\"https:\\\/\\\/www.bellunopress.it\\\/#organization\"},\"image\":{\"@id\":\"https:\\\/\\\/www.bellunopress.it\\\/2012\\\/12\\\/23\\\/slavina-sulle-piste-del-lagazuoi-nessun-sciatore-coinvolto\\\/#primaryimage\"},\"thumbnailUrl\":\"http:\\\/\\\/www.bellunopress.it\\\/wp-content\\\/uploads\\\/2009\\\/11\\\/guardia-di-finanza-soccorso-alpino.jpg\",\"articleSection\":[\"Cronaca\\\/Politica\",\"Prima Pagina\"],\"inLanguage\":\"fr-FR\"},{\"@type\":\"WebPage\",\"@id\":\"https:\\\/\\\/www.bellunopress.it\\\/2012\\\/12\\\/23\\\/slavina-sulle-piste-del-lagazuoi-nessun-sciatore-coinvolto\\\/\",\"url\":\"https:\\\/\\\/www.bellunopress.it\\\/2012\\\/12\\\/23\\\/slavina-sulle-piste-del-lagazuoi-nessun-sciatore-coinvolto\\\/\",\"name\":\"Slavina sulle piste del Lagazuoi, nessun sciatore coinvolto - Bellunopress - Dolomiti\",\"isPartOf\":{\"@id\":\"https:\\\/\\\/www.bellunopress.it\\\/#website\"},\"primaryImageOfPage\":{\"@id\":\"https:\\\/\\\/www.bellunopress.it\\\/2012\\\/12\\\/23\\\/slavina-sulle-piste-del-lagazuoi-nessun-sciatore-coinvolto\\\/#primaryimage\"},\"image\":{\"@id\":\"https:\\\/\\\/www.bellunopress.it\\\/2012\\\/12\\\/23\\\/slavina-sulle-piste-del-lagazuoi-nessun-sciatore-coinvolto\\\/#primaryimage\"},\"thumbnailUrl\":\"http:\\\/\\\/www.bellunopress.it\\\/wp-content\\\/uploads\\\/2009\\\/11\\\/guardia-di-finanza-soccorso-alpino.jpg\",\"datePublished\":\"2012-12-23T14:46:49+00:00\",\"breadcrumb\":{\"@id\":\"https:\\\/\\\/www.bellunopress.it\\\/2012\\\/12\\\/23\\\/slavina-sulle-piste-del-lagazuoi-nessun-sciatore-coinvolto\\\/#breadcrumb\"},\"inLanguage\":\"fr-FR\",\"potentialAction\":[{\"@type\":\"ReadAction\",\"target\":[\"https:\\\/\\\/www.bellunopress.it\\\/2012\\\/12\\\/23\\\/slavina-sulle-piste-del-lagazuoi-nessun-sciatore-coinvolto\\\/\"]}]},{\"@type\":\"ImageObject\",\"inLanguage\":\"fr-FR\",\"@id\":\"https:\\\/\\\/www.bellunopress.it\\\/2012\\\/12\\\/23\\\/slavina-sulle-piste-del-lagazuoi-nessun-sciatore-coinvolto\\\/#primaryimage\",\"url\":\"http:\\\/\\\/www.bellunopress.it\\\/wp-content\\\/uploads\\\/2009\\\/11\\\/guardia-di-finanza-soccorso-alpino.jpg\",\"contentUrl\":\"http:\\\/\\\/www.bellunopress.it\\\/wp-content\\\/uploads\\\/2009\\\/11\\\/guardia-di-finanza-soccorso-alpino.jpg\"},{\"@type\":\"BreadcrumbList\",\"@id\":\"https:\\\/\\\/www.bellunopress.it\\\/2012\\\/12\\\/23\\\/slavina-sulle-piste-del-lagazuoi-nessun-sciatore-coinvolto\\\/#breadcrumb\",\"itemListElement\":[{\"@type\":\"ListItem\",\"position\":1,\"name\":\"Home\",\"item\":\"https:\\\/\\\/www.bellunopress.it\\\/\"},{\"@type\":\"ListItem\",\"position\":2,\"name\":\"Slavina sulle piste del Lagazuoi, nessun sciatore coinvolto\"}]},{\"@type\":\"WebSite\",\"@id\":\"https:\\\/\\\/www.bellunopress.it\\\/#website\",\"url\":\"https:\\\/\\\/www.bellunopress.it\\\/\",\"name\":\"Bellunopress - Dolomiti\",\"description\":\"e-mail: redazione@bellunopress.it\",\"publisher\":{\"@id\":\"https:\\\/\\\/www.bellunopress.it\\\/#organization\"},\"potentialAction\":[{\"@type\":\"SearchAction\",\"target\":{\"@type\":\"EntryPoint\",\"urlTemplate\":\"https:\\\/\\\/www.bellunopress.it\\\/?s={search_term_string}\"},\"query-input\":{\"@type\":\"PropertyValueSpecification\",\"valueRequired\":true,\"valueName\":\"search_term_string\"}}],\"inLanguage\":\"fr-FR\"},{\"@type\":\"Organization\",\"@id\":\"https:\\\/\\\/www.bellunopress.it\\\/#organization\",\"name\":\"Bellunopress\",\"url\":\"https:\\\/\\\/www.bellunopress.it\\\/\",\"logo\":{\"@type\":\"ImageObject\",\"inLanguage\":\"fr-FR\",\"@id\":\"https:\\\/\\\/www.bellunopress.it\\\/#\\\/schema\\\/logo\\\/image\\\/\",\"url\":\"https:\\\/\\\/www.bellunopress.it\\\/wp-content\\\/uploads\\\/2011\\\/05\\\/cropped-logo-bellunopress-.jpg\",\"contentUrl\":\"https:\\\/\\\/www.bellunopress.it\\\/wp-content\\\/uploads\\\/2011\\\/05\\\/cropped-logo-bellunopress-.jpg\",\"width\":512,\"height\":512,\"caption\":\"Bellunopress\"},\"image\":{\"@id\":\"https:\\\/\\\/www.bellunopress.it\\\/#\\\/schema\\\/logo\\\/image\\\/\"},\"sameAs\":[\"https:\\\/\\\/www.facebook.com\\\/profile.php?id=100008943462799\",\"https:\\\/\\\/x.com\\\/bellunopress\",\"https:\\\/\\\/www.linkedin.com\\\/hp\\\/?dnr=JBzUWaJfMUw8vbXJJ2tVW5-I3jZKvC4wsoxE&amp;amp;amp;amp;amp;amp;trk=nav_responsive_tab_home\",\"https:\\\/\\\/www.youtube.com\\\/channel\\\/UCxL0wu1uN0_3_7hGG0306cw\"]},{\"@type\":\"Person\",\"@id\":\"https:\\\/\\\/www.bellunopress.it\\\/#\\\/schema\\\/person\\\/79bb06722b37ece1c03d3e94beb30d73\",\"name\":\"redazione\",\"image\":{\"@type\":\"ImageObject\",\"inLanguage\":\"fr-FR\",\"@id\":\"https:\\\/\\\/secure.gravatar.com\\\/avatar\\\/37d968a2e67a6fd04c169c4bdef102d0bc5d31b2546345219e348575eb80e9a0?s=96&d=mm&r=g\",\"url\":\"https:\\\/\\\/secure.gravatar.com\\\/avatar\\\/37d968a2e67a6fd04c169c4bdef102d0bc5d31b2546345219e348575eb80e9a0?s=96&d=mm&r=g\",\"contentUrl\":\"https:\\\/\\\/secure.gravatar.com\\\/avatar\\\/37d968a2e67a6fd04c169c4bdef102d0bc5d31b2546345219e348575eb80e9a0?s=96&d=mm&r=g\",\"caption\":\"redazione\"},\"sameAs\":[\"http:\\\/\\\/www.bellunopress.it\",\"https:\\\/\\\/x.com\\\/bellunopress\"],\"url\":\"https:\\\/\\\/www.bellunopress.it\\\/fr\\\/author\\\/redazione\\\/\"}]}<\/script>\n<!-- \/ Yoast SEO plugin. -->","yoast_head_json":{"title":"Slavina sulle piste del Lagazuoi, nessun sciatore coinvolto - Bellunopress - Dolomiti","robots":{"index":"index","follow":"follow","max-snippet":"max-snippet:-1","max-image-preview":"max-image-preview:large","max-video-preview":"max-video-preview:-1"},"canonical":"https:\/\/www.bellunopress.it\/fr\/2012\/12\/23\/slavina-sulle-piste-del-lagazuoi-nessun-sciatore-coinvolto\/","og_locale":"fr_FR","og_type":"article","og_title":"Slavina sulle piste del Lagazuoi, nessun sciatore coinvolto - Bellunopress - Dolomiti","og_description":"Intorno alle ore 14 di oggi, domenica 23 dicembre, dal versante sud del Piccolo Lagazuoi, si \u00e8 staccata una slavina spontanea che ha parzialmente invaso la pista da sci del Lagazuoi a quota 2.200 metri. Sul posto sono immediatamente intervenuti due finanzieri del Soccorso alpino della Stazione S.A.G.F. di Cortina d&#8217;Ampezzo, dipendente dalla medesima Compagnia [&hellip;]","og_url":"https:\/\/www.bellunopress.it\/fr\/2012\/12\/23\/slavina-sulle-piste-del-lagazuoi-nessun-sciatore-coinvolto\/","og_site_name":"Bellunopress - Dolomiti","article_publisher":"https:\/\/www.facebook.com\/profile.php?id=100008943462799","article_published_time":"2012-12-23T14:46:49+00:00","og_image":[{"url":"http:\/\/www.bellunopress.it\/wp-content\/uploads\/2009\/11\/guardia-di-finanza-soccorso-alpino.jpg","type":"","width":"","height":""}],"author":"redazione","twitter_card":"summary_large_image","twitter_creator":"@bellunopress","twitter_site":"@bellunopress","twitter_misc":{"\u00c9crit par":"redazione","Dur\u00e9e de lecture estim\u00e9e":"1 minute"},"schema":{"@context":"https:\/\/schema.org","@graph":[{"@type":"Article","@id":"https:\/\/www.bellunopress.it\/2012\/12\/23\/slavina-sulle-piste-del-lagazuoi-nessun-sciatore-coinvolto\/#article","isPartOf":{"@id":"https:\/\/www.bellunopress.it\/2012\/12\/23\/slavina-sulle-piste-del-lagazuoi-nessun-sciatore-coinvolto\/"},"author":{"name":"redazione","@id":"https:\/\/www.bellunopress.it\/#\/schema\/person\/79bb06722b37ece1c03d3e94beb30d73"},"headline":"Slavina sulle piste del Lagazuoi, nessun sciatore coinvolto","datePublished":"2012-12-23T14:46:49+00:00","mainEntityOfPage":{"@id":"https:\/\/www.bellunopress.it\/2012\/12\/23\/slavina-sulle-piste-del-lagazuoi-nessun-sciatore-coinvolto\/"},"wordCount":127,"publisher":{"@id":"https:\/\/www.bellunopress.it\/#organization"},"image":{"@id":"https:\/\/www.bellunopress.it\/2012\/12\/23\/slavina-sulle-piste-del-lagazuoi-nessun-sciatore-coinvolto\/#primaryimage"},"thumbnailUrl":"http:\/\/www.bellunopress.it\/wp-content\/uploads\/2009\/11\/guardia-di-finanza-soccorso-alpino.jpg","articleSection":["Cronaca\/Politica","Prima Pagina"],"inLanguage":"fr-FR"},{"@type":"WebPage","@id":"https:\/\/www.bellunopress.it\/2012\/12\/23\/slavina-sulle-piste-del-lagazuoi-nessun-sciatore-coinvolto\/","url":"https:\/\/www.bellunopress.it\/2012\/12\/23\/slavina-sulle-piste-del-lagazuoi-nessun-sciatore-coinvolto\/","name":"Slavina sulle piste del Lagazuoi, nessun sciatore coinvolto - Bellunopress - Dolomiti","isPartOf":{"@id":"https:\/\/www.bellunopress.it\/#website"},"primaryImageOfPage":{"@id":"https:\/\/www.bellunopress.it\/2012\/12\/23\/slavina-sulle-piste-del-lagazuoi-nessun-sciatore-coinvolto\/#primaryimage"},"image":{"@id":"https:\/\/www.bellunopress.it\/2012\/12\/23\/slavina-sulle-piste-del-lagazuoi-nessun-sciatore-coinvolto\/#primaryimage"},"thumbnailUrl":"http:\/\/www.bellunopress.it\/wp-content\/uploads\/2009\/11\/guardia-di-finanza-soccorso-alpino.jpg","datePublished":"2012-12-23T14:46:49+00:00","breadcrumb":{"@id":"https:\/\/www.bellunopress.it\/2012\/12\/23\/slavina-sulle-piste-del-lagazuoi-nessun-sciatore-coinvolto\/#breadcrumb"},"inLanguage":"fr-FR","potentialAction":[{"@type":"ReadAction","target":["https:\/\/www.bellunopress.it\/2012\/12\/23\/slavina-sulle-piste-del-lagazuoi-nessun-sciatore-coinvolto\/"]}]},{"@type":"ImageObject","inLanguage":"fr-FR","@id":"https:\/\/www.bellunopress.it\/2012\/12\/23\/slavina-sulle-piste-del-lagazuoi-nessun-sciatore-coinvolto\/#primaryimage","url":"http:\/\/www.bellunopress.it\/wp-content\/uploads\/2009\/11\/guardia-di-finanza-soccorso-alpino.jpg","contentUrl":"http:\/\/www.bellunopress.it\/wp-content\/uploads\/2009\/11\/guardia-di-finanza-soccorso-alpino.jpg"},{"@type":"BreadcrumbList","@id":"https:\/\/www.bellunopress.it\/2012\/12\/23\/slavina-sulle-piste-del-lagazuoi-nessun-sciatore-coinvolto\/#breadcrumb","itemListElement":[{"@type":"ListItem","position":1,"name":"Home","item":"https:\/\/www.bellunopress.it\/"},{"@type":"ListItem","position":2,"name":"Slavina sulle piste del Lagazuoi, nessun sciatore coinvolto"}]},{"@type":"WebSite","@id":"https:\/\/www.bellunopress.it\/#website","url":"https:\/\/www.bellunopress.it\/","name":"Bellunopress - Dolomiti","description":"e-mail: redazione@bellunopress.it","publisher":{"@id":"https:\/\/www.bellunopress.it\/#organization"},"potentialAction":[{"@type":"SearchAction","target":{"@type":"EntryPoint","urlTemplate":"https:\/\/www.bellunopress.it\/?s={search_term_string}"},"query-input":{"@type":"PropertyValueSpecification","valueRequired":true,"valueName":"search_term_string"}}],"inLanguage":"fr-FR"},{"@type":"Organization","@id":"https:\/\/www.bellunopress.it\/#organization","name":"Bellunopress","url":"https:\/\/www.bellunopress.it\/","logo":{"@type":"ImageObject","inLanguage":"fr-FR","@id":"https:\/\/www.bellunopress.it\/#\/schema\/logo\/image\/","url":"https:\/\/www.bellunopress.it\/wp-content\/uploads\/2011\/05\/cropped-logo-bellunopress-.jpg","contentUrl":"https:\/\/www.bellunopress.it\/wp-content\/uploads\/2011\/05\/cropped-logo-bellunopress-.jpg","width":512,"height":512,"caption":"Bellunopress"},"image":{"@id":"https:\/\/www.bellunopress.it\/#\/schema\/logo\/image\/"},"sameAs":["https:\/\/www.facebook.com\/profile.php?id=100008943462799","https:\/\/x.com\/bellunopress","https:\/\/www.linkedin.com\/hp\/?dnr=JBzUWaJfMUw8vbXJJ2tVW5-I3jZKvC4wsoxE&amp;amp;amp;amp;amp;amp;trk=nav_responsive_tab_home","https:\/\/www.youtube.com\/channel\/UCxL0wu1uN0_3_7hGG0306cw"]},{"@type":"Person","@id":"https:\/\/www.bellunopress.it\/#\/schema\/person\/79bb06722b37ece1c03d3e94beb30d73","name":"r\u00e9daction","image":{"@type":"ImageObject","inLanguage":"fr-FR","@id":"https:\/\/secure.gravatar.com\/avatar\/37d968a2e67a6fd04c169c4bdef102d0bc5d31b2546345219e348575eb80e9a0?s=96&d=mm&r=g","url":"https:\/\/secure.gravatar.com\/avatar\/37d968a2e67a6fd04c169c4bdef102d0bc5d31b2546345219e348575eb80e9a0?s=96&d=mm&r=g","contentUrl":"https:\/\/secure.gravatar.com\/avatar\/37d968a2e67a6fd04c169c4bdef102d0bc5d31b2546345219e348575eb80e9a0?s=96&d=mm&r=g","caption":"redazione"},"sameAs":["http:\/\/www.bellunopress.it","https:\/\/x.com\/bellunopress"],"url":"https:\/\/www.bellunopress.it\/fr\/author\/redazione\/"}]}},"_links":{"self":[{"href":"https:\/\/www.bellunopress.it\/fr\/wp-json\/wp\/v2\/posts\/45102","targetHints":{"allow":["GET"]}}],"collection":[{"href":"https:\/\/www.bellunopress.it\/fr\/wp-json\/wp\/v2\/posts"}],"about":[{"href":"https:\/\/www.bellunopress.it\/fr\/wp-json\/wp\/v2\/types\/post"}],"author":[{"embeddable":true,"href":"https:\/\/www.bellunopress.it\/fr\/wp-json\/wp\/v2\/users\/2"}],"replies":[{"embeddable":true,"href":"https:\/\/www.bellunopress.it\/fr\/wp-json\/wp\/v2\/comments?post=45102"}],"version-history":[{"count":2,"href":"https:\/\/www.bellunopress.it\/fr\/wp-json\/wp\/v2\/posts\/45102\/revisions"}],"predecessor-version":[{"id":45104,"href":"https:\/\/www.bellunopress.it\/fr\/wp-json\/wp\/v2\/posts\/45102\/revisions\/45104"}],"wp:attachment":[{"href":"https:\/\/www.bellunopress.it\/fr\/wp-json\/wp\/v2\/media?parent=45102"}],"wp:term":[{"taxonomy":"category","embeddable":true,"href":"https:\/\/www.bellunopress.it\/fr\/wp-json\/wp\/v2\/categories?post=45102"},{"taxonomy":"post_tag","embeddable":true,"href":"https:\/\/www.bellunopress.it\/fr\/wp-json\/wp\/v2\/tags?post=45102"}],"curies":[{"name":"wp","href":"https:\/\/api.w.org\/{rel}","templated":true}]}}