{"id":4510,"date":"2009-06-06T11:07:22","date_gmt":"2009-06-06T10:07:22","guid":{"rendered":"http:\/\/www.bellunopress.it\/?p=4510"},"modified":"2009-06-06T11:07:22","modified_gmt":"2009-06-06T10:07:22","slug":"rugby-la-stagione-dellitalia-a-parte-dal-nuovo-stadio-di-conegliano","status":"publish","type":"post","link":"https:\/\/www.bellunopress.it\/fr\/2009\/06\/06\/rugby-la-stagione-dellitalia-a-parte-dal-nuovo-stadio-di-conegliano\/","title":{"rendered":"Rugby: la stagione dell&#8217;Italia &#8220;A&#8221; parte dal nuovo stadio di Conegliano"},"content":{"rendered":"<p><a href=\"http:\/\/www.bellunopress.it\/wp-content\/uploads\/2009\/06\/banner_flyer_rugby09-leggera.jpg\"><img decoding=\"async\" class=\"alignleft size-medium wp-image-4511\" title=\"flyer_rugby09\" src=\"http:\/\/www.bellunopress.it\/wp-content\/uploads\/2009\/06\/banner_flyer_rugby09-leggera.jpg\" alt=\"\" \/><\/a> Si accendono i riflettori sul nuovo stadio del rugby di Conegliano. Terzo gioiello della Cittadella dello Sport cittadina in ordine di battesimo dopo Zoppas Arena e campo del baseball, l&#8217;impianto si colorer\u00e0 d&#8217;azzurro domani (sabato 6 giugno) alle 20.00 per l&#8217;amichevole tra l&#8217;Italia &#8220;A&#8221; della palla ovale e la squadra del Comitato Interregionale delle Venezie che ha selezionato giovani rugbisti di livello preparando il &#8220;XV della Serenissima&#8221;. Per gli appassionati di questo sport quello di Conegliano sar\u00e0 quindi un appuntamento imperdibile per almeno due ragioni: il livello della partita e la cornice del nuovo impianto. Il presidente del Conegliano Rugby, societ\u00e0 che ha organizzato l&#8217;evento, invitando il pubblico a riempire il migliaio di posti della tribuna (l&#8217;ingresso \u00e8 gratuito) auspica anche che la nuova struttura con due campi, uffici, palestra e l&#8217;immancabile Club House possa &#8220;favorire la crescita dell&#8217;attivit\u00e0 del club locale che punta a tornare in serie B nel giro di un paio di stagioni&#8221;.<br \/>\n<strong>La nazionale &#8220;A&#8221; di rugby <\/strong>allenata da Gianluca Giudi in questi giorni si sta allenando a Mogliano Veneto. Al ritiro partecipano 28 giocatori e l&#8217;amichievole di Conegliano \u00e8 importante anche perch\u00e9 aiuter\u00e0 il tecnico a selezionare i 26 che continueranno l&#8217;esperienza internazionale estiva e preparare l&#8217;Irb Nations Cup che si giocher\u00e0 a Bucarest, Romania. Venerd\u00ec 12 alle 15 ora italiana primo importante match contro la Francia &#8220;A&#8221;. Poi gli azzurri affronteranno Russia e Romania.<br \/>\n<strong>Questa la lista diramata dalla Fir<\/strong> con i ventotto convocati per il raduno che si concluder\u00e0 con l&#8217;amichevole di Conegliano:<br \/>\nAndrea BACCHETTI (Femi CZ Rovigo)<br \/>\nRobert BARBIERI (Benetton Treviso)<br \/>\nValerio BERNABO\u2019 (Cammi Calvisano)<br \/>\nRiccardo BOCCHINO (AlmavivA UR Capitolina)<br \/>\nKristopher BURTON (Consiag I Cavalieri Prato)<br \/>\nPaolo BUSO (Cammi Calvisano)<br \/>\nAgustin CAVALIERI (Carrera Petrarca Padova)<br \/>\nTommaso D\u2019APICE (Cammi Calvisano)<br \/>\nAlberto DE MARCHI (Overmach Cariparma)<br \/>\nAndrea DE MARCHI (Femi CZ Rovigo)<br \/>\nPaul DERBYSHIRE (Carrera Petrarca Padova)<br \/>\nIgnacyo ROUYET (MPS Viadana)<br \/>\nLuigi FERRARO (MPS Viadana)<br \/>\nAlessio GALANTE (Plusvalore Gran Parma)<br \/>\nFrancesco MINTO (Overmach Cariparma)<br \/>\nMarco NEETHLING (Benetton Treviso)<br \/>\nRiccardo PAVAN (Overmach Cariparma)<br \/>\nAntonio PAVANELLO (Benetton Treviso)<br \/>\nLance PERSICO (MPS Viadana)<br \/>\nAndrea PRATICHETTI (Cammi Calvisano)<br \/>\nMassimiliano RAVALLE (Overmach Cariparma)<br \/>\nFabio SEMENZATO (Benetton Treviso)<br \/>\nMichele SEPE (AlmavivA UR Capitolina)<br \/>\nAlberto SGARBI (Benetton Treviso)<br \/>\nTito TEBALDI (Plusvalore Gran Parma)<br \/>\nMantvydas TVERAGA (Overmach Cariparma)<br \/>\nManoa VOSAWAI (Overmach Cariparma)<br \/>\nMichael WILSON (Saracens)<\/p>","protected":false},"excerpt":{"rendered":"<p>Si accendono i riflettori sul nuovo stadio del rugby di Conegliano. Terzo gioiello della Cittadella dello Sport cittadina in ordine di battesimo dopo Zoppas Arena e campo del baseball, l&#8217;impianto si colorer\u00e0 d&#8217;azzurro domani (sabato 6 giugno) alle 20.00 per l&#8217;amichevole tra l&#8217;Italia &#8220;A&#8221; della palla ovale e la squadra del Comitato Interregionale delle Venezie [&hellip;]<\/p>\n","protected":false},"author":2,"featured_media":0,"comment_status":"closed","ping_status":"open","sticky":false,"template":"","format":"standard","meta":{"footnotes":""},"categories":[4],"tags":[139],"class_list":["post-4510","post","type-post","status-publish","format-standard","category-sport","tag-belluno"],"yoast_head":"<!-- This site is optimized with the Yoast SEO plugin v28.4 - https:\/\/yoast.com\/product\/yoast-seo-wordpress\/ -->\n<title>Rugby: la stagione dell&#039;Italia &quot;A&quot; parte dal nuovo stadio di Conegliano - Bellunopress - Dolomiti<\/title>\n<meta name=\"robots\" content=\"index, follow, max-snippet:-1, max-image-preview:large, max-video-preview:-1\" \/>\n<link rel=\"canonical\" href=\"https:\/\/www.bellunopress.it\/fr\/2009\/06\/06\/rugby-la-stagione-dellitalia-a-parte-dal-nuovo-stadio-di-conegliano\/\" \/>\n<meta property=\"og:locale\" content=\"fr_FR\" \/>\n<meta property=\"og:type\" content=\"article\" \/>\n<meta property=\"og:title\" content=\"Rugby: la stagione dell&#039;Italia &quot;A&quot; parte dal nuovo stadio di Conegliano - Bellunopress - Dolomiti\" \/>\n<meta property=\"og:description\" content=\"Si accendono i riflettori sul nuovo stadio del rugby di Conegliano. Terzo gioiello della Cittadella dello Sport cittadina in ordine di battesimo dopo Zoppas Arena e campo del baseball, l&#8217;impianto si colorer\u00e0 d&#8217;azzurro domani (sabato 6 giugno) alle 20.00 per l&#8217;amichevole tra l&#8217;Italia &#8220;A&#8221; della palla ovale e la squadra del Comitato Interregionale delle Venezie [&hellip;]\" \/>\n<meta property=\"og:url\" content=\"https:\/\/www.bellunopress.it\/fr\/2009\/06\/06\/rugby-la-stagione-dellitalia-a-parte-dal-nuovo-stadio-di-conegliano\/\" \/>\n<meta property=\"og:site_name\" content=\"Bellunopress - Dolomiti\" \/>\n<meta property=\"article:publisher\" content=\"https:\/\/www.facebook.com\/profile.php?id=100008943462799\" \/>\n<meta property=\"article:published_time\" content=\"2009-06-06T10:07:22+00:00\" \/>\n<meta property=\"og:image\" content=\"http:\/\/www.bellunopress.it\/wp-content\/uploads\/2009\/06\/banner_flyer_rugby09-leggera.jpg\" \/>\n<meta name=\"author\" content=\"redazione\" \/>\n<meta name=\"twitter:card\" content=\"summary_large_image\" \/>\n<meta name=\"twitter:creator\" content=\"@bellunopress\" \/>\n<meta name=\"twitter:site\" content=\"@bellunopress\" \/>\n<meta name=\"twitter:label1\" content=\"Written by\" \/>\n\t<meta name=\"twitter:data1\" content=\"redazione\" \/>\n\t<meta name=\"twitter:label2\" content=\"Est. reading time\" \/>\n\t<meta name=\"twitter:data2\" content=\"2 minutes\" \/>\n<script type=\"application\/ld+json\" class=\"yoast-schema-graph\">{\"@context\":\"https:\\\/\\\/schema.org\",\"@graph\":[{\"@type\":\"Article\",\"@id\":\"https:\\\/\\\/www.bellunopress.it\\\/2009\\\/06\\\/06\\\/rugby-la-stagione-dellitalia-a-parte-dal-nuovo-stadio-di-conegliano\\\/#article\",\"isPartOf\":{\"@id\":\"https:\\\/\\\/www.bellunopress.it\\\/2009\\\/06\\\/06\\\/rugby-la-stagione-dellitalia-a-parte-dal-nuovo-stadio-di-conegliano\\\/\"},\"author\":{\"name\":\"redazione\",\"@id\":\"https:\\\/\\\/www.bellunopress.it\\\/#\\\/schema\\\/person\\\/79bb06722b37ece1c03d3e94beb30d73\"},\"headline\":\"Rugby: la stagione dell&#8217;Italia &#8220;A&#8221; parte dal nuovo stadio di Conegliano\",\"datePublished\":\"2009-06-06T10:07:22+00:00\",\"mainEntityOfPage\":{\"@id\":\"https:\\\/\\\/www.bellunopress.it\\\/2009\\\/06\\\/06\\\/rugby-la-stagione-dellitalia-a-parte-dal-nuovo-stadio-di-conegliano\\\/\"},\"wordCount\":390,\"publisher\":{\"@id\":\"https:\\\/\\\/www.bellunopress.it\\\/#organization\"},\"image\":{\"@id\":\"https:\\\/\\\/www.bellunopress.it\\\/2009\\\/06\\\/06\\\/rugby-la-stagione-dellitalia-a-parte-dal-nuovo-stadio-di-conegliano\\\/#primaryimage\"},\"thumbnailUrl\":\"http:\\\/\\\/www.bellunopress.it\\\/wp-content\\\/uploads\\\/2009\\\/06\\\/banner_flyer_rugby09-leggera.jpg\",\"keywords\":[\"Belluno\"],\"articleSection\":[\"Sport, tempo libero\"],\"inLanguage\":\"fr-FR\"},{\"@type\":\"WebPage\",\"@id\":\"https:\\\/\\\/www.bellunopress.it\\\/2009\\\/06\\\/06\\\/rugby-la-stagione-dellitalia-a-parte-dal-nuovo-stadio-di-conegliano\\\/\",\"url\":\"https:\\\/\\\/www.bellunopress.it\\\/2009\\\/06\\\/06\\\/rugby-la-stagione-dellitalia-a-parte-dal-nuovo-stadio-di-conegliano\\\/\",\"name\":\"Rugby: la stagione dell'Italia \\\"A\\\" parte dal nuovo stadio di Conegliano - Bellunopress - Dolomiti\",\"isPartOf\":{\"@id\":\"https:\\\/\\\/www.bellunopress.it\\\/#website\"},\"primaryImageOfPage\":{\"@id\":\"https:\\\/\\\/www.bellunopress.it\\\/2009\\\/06\\\/06\\\/rugby-la-stagione-dellitalia-a-parte-dal-nuovo-stadio-di-conegliano\\\/#primaryimage\"},\"image\":{\"@id\":\"https:\\\/\\\/www.bellunopress.it\\\/2009\\\/06\\\/06\\\/rugby-la-stagione-dellitalia-a-parte-dal-nuovo-stadio-di-conegliano\\\/#primaryimage\"},\"thumbnailUrl\":\"http:\\\/\\\/www.bellunopress.it\\\/wp-content\\\/uploads\\\/2009\\\/06\\\/banner_flyer_rugby09-leggera.jpg\",\"datePublished\":\"2009-06-06T10:07:22+00:00\",\"breadcrumb\":{\"@id\":\"https:\\\/\\\/www.bellunopress.it\\\/2009\\\/06\\\/06\\\/rugby-la-stagione-dellitalia-a-parte-dal-nuovo-stadio-di-conegliano\\\/#breadcrumb\"},\"inLanguage\":\"fr-FR\",\"potentialAction\":[{\"@type\":\"ReadAction\",\"target\":[\"https:\\\/\\\/www.bellunopress.it\\\/2009\\\/06\\\/06\\\/rugby-la-stagione-dellitalia-a-parte-dal-nuovo-stadio-di-conegliano\\\/\"]}]},{\"@type\":\"ImageObject\",\"inLanguage\":\"fr-FR\",\"@id\":\"https:\\\/\\\/www.bellunopress.it\\\/2009\\\/06\\\/06\\\/rugby-la-stagione-dellitalia-a-parte-dal-nuovo-stadio-di-conegliano\\\/#primaryimage\",\"url\":\"http:\\\/\\\/www.bellunopress.it\\\/wp-content\\\/uploads\\\/2009\\\/06\\\/banner_flyer_rugby09-leggera.jpg\",\"contentUrl\":\"http:\\\/\\\/www.bellunopress.it\\\/wp-content\\\/uploads\\\/2009\\\/06\\\/banner_flyer_rugby09-leggera.jpg\"},{\"@type\":\"BreadcrumbList\",\"@id\":\"https:\\\/\\\/www.bellunopress.it\\\/2009\\\/06\\\/06\\\/rugby-la-stagione-dellitalia-a-parte-dal-nuovo-stadio-di-conegliano\\\/#breadcrumb\",\"itemListElement\":[{\"@type\":\"ListItem\",\"position\":1,\"name\":\"Home\",\"item\":\"https:\\\/\\\/www.bellunopress.it\\\/\"},{\"@type\":\"ListItem\",\"position\":2,\"name\":\"Rugby: la stagione dell&#8217;Italia &#8220;A&#8221; parte dal nuovo stadio di Conegliano\"}]},{\"@type\":\"WebSite\",\"@id\":\"https:\\\/\\\/www.bellunopress.it\\\/#website\",\"url\":\"https:\\\/\\\/www.bellunopress.it\\\/\",\"name\":\"Bellunopress - Dolomiti\",\"description\":\"e-mail: redazione@bellunopress.it\",\"publisher\":{\"@id\":\"https:\\\/\\\/www.bellunopress.it\\\/#organization\"},\"potentialAction\":[{\"@type\":\"SearchAction\",\"target\":{\"@type\":\"EntryPoint\",\"urlTemplate\":\"https:\\\/\\\/www.bellunopress.it\\\/?s={search_term_string}\"},\"query-input\":{\"@type\":\"PropertyValueSpecification\",\"valueRequired\":true,\"valueName\":\"search_term_string\"}}],\"inLanguage\":\"fr-FR\"},{\"@type\":\"Organization\",\"@id\":\"https:\\\/\\\/www.bellunopress.it\\\/#organization\",\"name\":\"Bellunopress\",\"url\":\"https:\\\/\\\/www.bellunopress.it\\\/\",\"logo\":{\"@type\":\"ImageObject\",\"inLanguage\":\"fr-FR\",\"@id\":\"https:\\\/\\\/www.bellunopress.it\\\/#\\\/schema\\\/logo\\\/image\\\/\",\"url\":\"https:\\\/\\\/www.bellunopress.it\\\/wp-content\\\/uploads\\\/2011\\\/05\\\/cropped-logo-bellunopress-.jpg\",\"contentUrl\":\"https:\\\/\\\/www.bellunopress.it\\\/wp-content\\\/uploads\\\/2011\\\/05\\\/cropped-logo-bellunopress-.jpg\",\"width\":512,\"height\":512,\"caption\":\"Bellunopress\"},\"image\":{\"@id\":\"https:\\\/\\\/www.bellunopress.it\\\/#\\\/schema\\\/logo\\\/image\\\/\"},\"sameAs\":[\"https:\\\/\\\/www.facebook.com\\\/profile.php?id=100008943462799\",\"https:\\\/\\\/x.com\\\/bellunopress\",\"https:\\\/\\\/www.linkedin.com\\\/hp\\\/?dnr=JBzUWaJfMUw8vbXJJ2tVW5-I3jZKvC4wsoxE&amp;amp;amp;amp;amp;amp;trk=nav_responsive_tab_home\",\"https:\\\/\\\/www.youtube.com\\\/channel\\\/UCxL0wu1uN0_3_7hGG0306cw\"]},{\"@type\":\"Person\",\"@id\":\"https:\\\/\\\/www.bellunopress.it\\\/#\\\/schema\\\/person\\\/79bb06722b37ece1c03d3e94beb30d73\",\"name\":\"redazione\",\"image\":{\"@type\":\"ImageObject\",\"inLanguage\":\"fr-FR\",\"@id\":\"https:\\\/\\\/secure.gravatar.com\\\/avatar\\\/37d968a2e67a6fd04c169c4bdef102d0bc5d31b2546345219e348575eb80e9a0?s=96&d=mm&r=g\",\"url\":\"https:\\\/\\\/secure.gravatar.com\\\/avatar\\\/37d968a2e67a6fd04c169c4bdef102d0bc5d31b2546345219e348575eb80e9a0?s=96&d=mm&r=g\",\"contentUrl\":\"https:\\\/\\\/secure.gravatar.com\\\/avatar\\\/37d968a2e67a6fd04c169c4bdef102d0bc5d31b2546345219e348575eb80e9a0?s=96&d=mm&r=g\",\"caption\":\"redazione\"},\"sameAs\":[\"http:\\\/\\\/www.bellunopress.it\",\"https:\\\/\\\/x.com\\\/bellunopress\"],\"url\":\"https:\\\/\\\/www.bellunopress.it\\\/fr\\\/author\\\/redazione\\\/\"}]}<\/script>\n<!-- \/ Yoast SEO plugin. -->","yoast_head_json":{"title":"Rugby: la stagione dell'Italia \"A\" parte dal nuovo stadio di Conegliano - Bellunopress - Dolomiti","robots":{"index":"index","follow":"follow","max-snippet":"max-snippet:-1","max-image-preview":"max-image-preview:large","max-video-preview":"max-video-preview:-1"},"canonical":"https:\/\/www.bellunopress.it\/fr\/2009\/06\/06\/rugby-la-stagione-dellitalia-a-parte-dal-nuovo-stadio-di-conegliano\/","og_locale":"fr_FR","og_type":"article","og_title":"Rugby: la stagione dell'Italia \"A\" parte dal nuovo stadio di Conegliano - Bellunopress - Dolomiti","og_description":"Si accendono i riflettori sul nuovo stadio del rugby di Conegliano. Terzo gioiello della Cittadella dello Sport cittadina in ordine di battesimo dopo Zoppas Arena e campo del baseball, l&#8217;impianto si colorer\u00e0 d&#8217;azzurro domani (sabato 6 giugno) alle 20.00 per l&#8217;amichevole tra l&#8217;Italia &#8220;A&#8221; della palla ovale e la squadra del Comitato Interregionale delle Venezie [&hellip;]","og_url":"https:\/\/www.bellunopress.it\/fr\/2009\/06\/06\/rugby-la-stagione-dellitalia-a-parte-dal-nuovo-stadio-di-conegliano\/","og_site_name":"Bellunopress - Dolomiti","article_publisher":"https:\/\/www.facebook.com\/profile.php?id=100008943462799","article_published_time":"2009-06-06T10:07:22+00:00","og_image":[{"url":"http:\/\/www.bellunopress.it\/wp-content\/uploads\/2009\/06\/banner_flyer_rugby09-leggera.jpg","type":"","width":"","height":""}],"author":"redazione","twitter_card":"summary_large_image","twitter_creator":"@bellunopress","twitter_site":"@bellunopress","twitter_misc":{"Written by":"redazione","Est. reading time":"2 minutes"},"schema":{"@context":"https:\/\/schema.org","@graph":[{"@type":"Article","@id":"https:\/\/www.bellunopress.it\/2009\/06\/06\/rugby-la-stagione-dellitalia-a-parte-dal-nuovo-stadio-di-conegliano\/#article","isPartOf":{"@id":"https:\/\/www.bellunopress.it\/2009\/06\/06\/rugby-la-stagione-dellitalia-a-parte-dal-nuovo-stadio-di-conegliano\/"},"author":{"name":"redazione","@id":"https:\/\/www.bellunopress.it\/#\/schema\/person\/79bb06722b37ece1c03d3e94beb30d73"},"headline":"Rugby: la stagione dell&#8217;Italia &#8220;A&#8221; parte dal nuovo stadio di Conegliano","datePublished":"2009-06-06T10:07:22+00:00","mainEntityOfPage":{"@id":"https:\/\/www.bellunopress.it\/2009\/06\/06\/rugby-la-stagione-dellitalia-a-parte-dal-nuovo-stadio-di-conegliano\/"},"wordCount":390,"publisher":{"@id":"https:\/\/www.bellunopress.it\/#organization"},"image":{"@id":"https:\/\/www.bellunopress.it\/2009\/06\/06\/rugby-la-stagione-dellitalia-a-parte-dal-nuovo-stadio-di-conegliano\/#primaryimage"},"thumbnailUrl":"http:\/\/www.bellunopress.it\/wp-content\/uploads\/2009\/06\/banner_flyer_rugby09-leggera.jpg","keywords":["Belluno"],"articleSection":["Sport, tempo libero"],"inLanguage":"fr-FR"},{"@type":"WebPage","@id":"https:\/\/www.bellunopress.it\/2009\/06\/06\/rugby-la-stagione-dellitalia-a-parte-dal-nuovo-stadio-di-conegliano\/","url":"https:\/\/www.bellunopress.it\/2009\/06\/06\/rugby-la-stagione-dellitalia-a-parte-dal-nuovo-stadio-di-conegliano\/","name":"Rugby: la stagione dell'Italia \"A\" parte dal nuovo stadio di Conegliano - Bellunopress - Dolomiti","isPartOf":{"@id":"https:\/\/www.bellunopress.it\/#website"},"primaryImageOfPage":{"@id":"https:\/\/www.bellunopress.it\/2009\/06\/06\/rugby-la-stagione-dellitalia-a-parte-dal-nuovo-stadio-di-conegliano\/#primaryimage"},"image":{"@id":"https:\/\/www.bellunopress.it\/2009\/06\/06\/rugby-la-stagione-dellitalia-a-parte-dal-nuovo-stadio-di-conegliano\/#primaryimage"},"thumbnailUrl":"http:\/\/www.bellunopress.it\/wp-content\/uploads\/2009\/06\/banner_flyer_rugby09-leggera.jpg","datePublished":"2009-06-06T10:07:22+00:00","breadcrumb":{"@id":"https:\/\/www.bellunopress.it\/2009\/06\/06\/rugby-la-stagione-dellitalia-a-parte-dal-nuovo-stadio-di-conegliano\/#breadcrumb"},"inLanguage":"fr-FR","potentialAction":[{"@type":"ReadAction","target":["https:\/\/www.bellunopress.it\/2009\/06\/06\/rugby-la-stagione-dellitalia-a-parte-dal-nuovo-stadio-di-conegliano\/"]}]},{"@type":"ImageObject","inLanguage":"fr-FR","@id":"https:\/\/www.bellunopress.it\/2009\/06\/06\/rugby-la-stagione-dellitalia-a-parte-dal-nuovo-stadio-di-conegliano\/#primaryimage","url":"http:\/\/www.bellunopress.it\/wp-content\/uploads\/2009\/06\/banner_flyer_rugby09-leggera.jpg","contentUrl":"http:\/\/www.bellunopress.it\/wp-content\/uploads\/2009\/06\/banner_flyer_rugby09-leggera.jpg"},{"@type":"BreadcrumbList","@id":"https:\/\/www.bellunopress.it\/2009\/06\/06\/rugby-la-stagione-dellitalia-a-parte-dal-nuovo-stadio-di-conegliano\/#breadcrumb","itemListElement":[{"@type":"ListItem","position":1,"name":"Home","item":"https:\/\/www.bellunopress.it\/"},{"@type":"ListItem","position":2,"name":"Rugby: la stagione dell&#8217;Italia &#8220;A&#8221; parte dal nuovo stadio di Conegliano"}]},{"@type":"WebSite","@id":"https:\/\/www.bellunopress.it\/#website","url":"https:\/\/www.bellunopress.it\/","name":"Bellunopress - Dolomiti","description":"e-mail: redazione@bellunopress.it","publisher":{"@id":"https:\/\/www.bellunopress.it\/#organization"},"potentialAction":[{"@type":"SearchAction","target":{"@type":"EntryPoint","urlTemplate":"https:\/\/www.bellunopress.it\/?s={search_term_string}"},"query-input":{"@type":"PropertyValueSpecification","valueRequired":true,"valueName":"search_term_string"}}],"inLanguage":"fr-FR"},{"@type":"Organization","@id":"https:\/\/www.bellunopress.it\/#organization","name":"Bellunopress","url":"https:\/\/www.bellunopress.it\/","logo":{"@type":"ImageObject","inLanguage":"fr-FR","@id":"https:\/\/www.bellunopress.it\/#\/schema\/logo\/image\/","url":"https:\/\/www.bellunopress.it\/wp-content\/uploads\/2011\/05\/cropped-logo-bellunopress-.jpg","contentUrl":"https:\/\/www.bellunopress.it\/wp-content\/uploads\/2011\/05\/cropped-logo-bellunopress-.jpg","width":512,"height":512,"caption":"Bellunopress"},"image":{"@id":"https:\/\/www.bellunopress.it\/#\/schema\/logo\/image\/"},"sameAs":["https:\/\/www.facebook.com\/profile.php?id=100008943462799","https:\/\/x.com\/bellunopress","https:\/\/www.linkedin.com\/hp\/?dnr=JBzUWaJfMUw8vbXJJ2tVW5-I3jZKvC4wsoxE&amp;amp;amp;amp;amp;amp;trk=nav_responsive_tab_home","https:\/\/www.youtube.com\/channel\/UCxL0wu1uN0_3_7hGG0306cw"]},{"@type":"Person","@id":"https:\/\/www.bellunopress.it\/#\/schema\/person\/79bb06722b37ece1c03d3e94beb30d73","name":"r\u00e9daction","image":{"@type":"ImageObject","inLanguage":"fr-FR","@id":"https:\/\/secure.gravatar.com\/avatar\/37d968a2e67a6fd04c169c4bdef102d0bc5d31b2546345219e348575eb80e9a0?s=96&d=mm&r=g","url":"https:\/\/secure.gravatar.com\/avatar\/37d968a2e67a6fd04c169c4bdef102d0bc5d31b2546345219e348575eb80e9a0?s=96&d=mm&r=g","contentUrl":"https:\/\/secure.gravatar.com\/avatar\/37d968a2e67a6fd04c169c4bdef102d0bc5d31b2546345219e348575eb80e9a0?s=96&d=mm&r=g","caption":"redazione"},"sameAs":["http:\/\/www.bellunopress.it","https:\/\/x.com\/bellunopress"],"url":"https:\/\/www.bellunopress.it\/fr\/author\/redazione\/"}]}},"_links":{"self":[{"href":"https:\/\/www.bellunopress.it\/fr\/wp-json\/wp\/v2\/posts\/4510","targetHints":{"allow":["GET"]}}],"collection":[{"href":"https:\/\/www.bellunopress.it\/fr\/wp-json\/wp\/v2\/posts"}],"about":[{"href":"https:\/\/www.bellunopress.it\/fr\/wp-json\/wp\/v2\/types\/post"}],"author":[{"embeddable":true,"href":"https:\/\/www.bellunopress.it\/fr\/wp-json\/wp\/v2\/users\/2"}],"replies":[{"embeddable":true,"href":"https:\/\/www.bellunopress.it\/fr\/wp-json\/wp\/v2\/comments?post=4510"}],"version-history":[{"count":1,"href":"https:\/\/www.bellunopress.it\/fr\/wp-json\/wp\/v2\/posts\/4510\/revisions"}],"predecessor-version":[{"id":4512,"href":"https:\/\/www.bellunopress.it\/fr\/wp-json\/wp\/v2\/posts\/4510\/revisions\/4512"}],"wp:attachment":[{"href":"https:\/\/www.bellunopress.it\/fr\/wp-json\/wp\/v2\/media?parent=4510"}],"wp:term":[{"taxonomy":"category","embeddable":true,"href":"https:\/\/www.bellunopress.it\/fr\/wp-json\/wp\/v2\/categories?post=4510"},{"taxonomy":"post_tag","embeddable":true,"href":"https:\/\/www.bellunopress.it\/fr\/wp-json\/wp\/v2\/tags?post=4510"}],"curies":[{"name":"wp","href":"https:\/\/api.w.org\/{rel}","templated":true}]}}