{"id":45098,"date":"2012-12-23T15:28:42","date_gmt":"2012-12-23T14:28:42","guid":{"rendered":"http:\/\/www.bellunopress.it\/?p=45098"},"modified":"2012-12-23T15:28:42","modified_gmt":"2012-12-23T14:28:42","slug":"in-crepadona-ritratti-delle-dolomiti-dallo-scatto-alla-tela-di-giovanni-de-biasi","status":"publish","type":"post","link":"https:\/\/www.bellunopress.it\/fr\/2012\/12\/23\/in-crepadona-ritratti-delle-dolomiti-dallo-scatto-alla-tela-di-giovanni-de-biasi\/","title":{"rendered":"In Crepadona \u201cRitratti delle Dolomiti\u201d: dallo scatto alla tela, di Giovanni De Biasi"},"content":{"rendered":"<p><a href=\"http:\/\/www.bellunopress.it\/wp-content\/uploads\/2012\/12\/passo-giau-leggera.jpg\"><img loading=\"lazy\" decoding=\"async\" class=\"alignleft size-full wp-image-45099\" alt=\"passo-giau leggera\" src=\"http:\/\/www.bellunopress.it\/wp-content\/uploads\/2012\/12\/passo-giau-leggera.jpg\" width=\"340\" height=\"178\" \/><\/a>\u201cRitratti delle Dolomiti\u201d: dallo scatto alla tela. E&#8217;stata\u00a0 inaugurata marted\u00ec 18 dicembre a Palazzo Crepadona la mostra del pittore Giovanni \u201cNanni\u201d De Biasi, dedicata alle vette pi\u00f9 suggestive del panorama dolomitico, dalla Civetta fino alle Marmarole. In esposizione nel \u201ccubo\u201d del centro culturale cittadino 25 opere (olio su tela), realizzate dall\u2019artista bellunese negli ultimi due anni: visioni quasi metafisiche, che celebrano il fascino e l\u2019unicit\u00e0 dei Monti Pallidi. Scenari di roccia cangianti che sono il prodotto dell\u2019alchimia tra gli scatti che De Biasi (che \u00e8 anche fotografo e alpinista) ha realizzato nel corso degli anni durante le sue numerose escursioni in montagna, e la rielaborazione pittorica di quell\u2019istante particolare catturato dalla foto. Tofana di Rozes, Antelao, Pelmo, Croda da lago, Lastoni del Formin, Sorapiss, Sass de la Cruz, La Gusela\u2026 materiale fotografico, come lo definisce lo stesso De Biasi, \u201cper il quale ho mantenuto il proposito di farne un giorno dei quadri. E in alcuni di questi sono riuscito a dipingere lo stato d\u2019animo nell\u2019istante in cui ho colto l\u2019immagine\u201d. Una scelta dettata anche dalla difficolt\u00e0 di dipingere en plein air, a determinate altezze, e con la luce che cambia di secondo in secondo insieme alla prospettiva: \u201cQuesto all\u2019inizio mi ha un po\u2019 vincolato alla tecnica dell\u2019iperrealismo, ma sganciarsi dal cromatismo suggerito dalla foto \u00e8 stato di volta in volta pi\u00f9 facile fino a quando il quadro non ha pi\u00f9 avuto niente a che fare con l\u2019immagine di base\u201d. Per questo motivo e per consentire allo spettatore di seguire l\u2019evolversi di questa mutazione, le \u201cmontagne animate\u201d di De Biasi saranno esposte lungo un percorso cronologico. Opere che saranno presentate al pubblico, insieme a un profilo dell\u2019artista, dall\u2019amico Pier Francesco Franchi nel corso dell\u2019inaugurazione. L\u2019esposizione, che gode del patrocinio dell\u2019assessorato alla cultura del Comune di Belluno, \u00e8 curata da Mario Tom\u00e8, Luca De Biasi e Marco Resenterra. La mostra \u201cRitratti delle Dolomiti\u201d rimarr\u00e0 aperta fino al 5 gennaio.<br \/>\nOrari: dal marted\u00ec al gioved\u00ec dalle 15 alle 19; venerd\u00ec dalle 9 alle 13 e dalle 15 alle 19; sabato dalle 9 alle 13.<\/p>","protected":false},"excerpt":{"rendered":"<p>\u201cRitratti delle Dolomiti\u201d: dallo scatto alla tela. E&#8217;stata\u00a0 inaugurata marted\u00ec 18 dicembre a Palazzo Crepadona la mostra del pittore Giovanni \u201cNanni\u201d De Biasi, dedicata alle vette pi\u00f9 suggestive del panorama dolomitico, dalla Civetta fino alle Marmarole. In esposizione nel \u201ccubo\u201d del centro culturale cittadino 25 opere (olio su tela), realizzate dall\u2019artista bellunese negli ultimi due [&hellip;]<\/p>\n","protected":false},"author":2,"featured_media":0,"comment_status":"closed","ping_status":"open","sticky":false,"template":"","format":"standard","meta":{"footnotes":""},"categories":[27,3,25],"tags":[],"class_list":["post-45098","post","type-post","status-publish","format-standard","category-appuntamenti","category-arte-cultura-spettacoli-scienza-archivi","category-pausa-caffe"],"yoast_head":"<!-- This site is optimized with the Yoast SEO plugin v28.4 - https:\/\/yoast.com\/product\/yoast-seo-wordpress\/ -->\n<title>In Crepadona \u201cRitratti delle Dolomiti\u201d: dallo scatto alla tela, di Giovanni De Biasi - Bellunopress - Dolomiti<\/title>\n<meta name=\"robots\" content=\"index, follow, max-snippet:-1, max-image-preview:large, max-video-preview:-1\" \/>\n<link rel=\"canonical\" href=\"https:\/\/www.bellunopress.it\/fr\/2012\/12\/23\/in-crepadona-ritratti-delle-dolomiti-dallo-scatto-alla-tela-di-giovanni-de-biasi\/\" \/>\n<meta property=\"og:locale\" content=\"fr_FR\" \/>\n<meta property=\"og:type\" content=\"article\" \/>\n<meta property=\"og:title\" content=\"In Crepadona \u201cRitratti delle Dolomiti\u201d: dallo scatto alla tela, di Giovanni De Biasi - Bellunopress - Dolomiti\" \/>\n<meta property=\"og:description\" content=\"\u201cRitratti delle Dolomiti\u201d: dallo scatto alla tela. E&#8217;stata\u00a0 inaugurata marted\u00ec 18 dicembre a Palazzo Crepadona la mostra del pittore Giovanni \u201cNanni\u201d De Biasi, dedicata alle vette pi\u00f9 suggestive del panorama dolomitico, dalla Civetta fino alle Marmarole. In esposizione nel \u201ccubo\u201d del centro culturale cittadino 25 opere (olio su tela), realizzate dall\u2019artista bellunese negli ultimi due [&hellip;]\" \/>\n<meta property=\"og:url\" content=\"https:\/\/www.bellunopress.it\/fr\/2012\/12\/23\/in-crepadona-ritratti-delle-dolomiti-dallo-scatto-alla-tela-di-giovanni-de-biasi\/\" \/>\n<meta property=\"og:site_name\" content=\"Bellunopress - Dolomiti\" \/>\n<meta property=\"article:publisher\" content=\"https:\/\/www.facebook.com\/profile.php?id=100008943462799\" \/>\n<meta property=\"article:published_time\" content=\"2012-12-23T14:28:42+00:00\" \/>\n<meta property=\"og:image\" content=\"http:\/\/www.bellunopress.it\/wp-content\/uploads\/2012\/12\/passo-giau-leggera.jpg\" \/>\n<meta name=\"author\" content=\"redazione\" \/>\n<meta name=\"twitter:card\" content=\"summary_large_image\" \/>\n<meta name=\"twitter:creator\" content=\"@bellunopress\" \/>\n<meta name=\"twitter:site\" content=\"@bellunopress\" \/>\n<meta name=\"twitter:label1\" content=\"\u00c9crit par\" \/>\n\t<meta name=\"twitter:data1\" content=\"redazione\" \/>\n\t<meta name=\"twitter:label2\" content=\"Dur\u00e9e de lecture estim\u00e9e\" \/>\n\t<meta name=\"twitter:data2\" content=\"2 minutes\" \/>\n<script type=\"application\/ld+json\" class=\"yoast-schema-graph\">{\"@context\":\"https:\\\/\\\/schema.org\",\"@graph\":[{\"@type\":\"Article\",\"@id\":\"https:\\\/\\\/www.bellunopress.it\\\/2012\\\/12\\\/23\\\/in-crepadona-ritratti-delle-dolomiti-dallo-scatto-alla-tela-di-giovanni-de-biasi\\\/#article\",\"isPartOf\":{\"@id\":\"https:\\\/\\\/www.bellunopress.it\\\/2012\\\/12\\\/23\\\/in-crepadona-ritratti-delle-dolomiti-dallo-scatto-alla-tela-di-giovanni-de-biasi\\\/\"},\"author\":{\"name\":\"redazione\",\"@id\":\"https:\\\/\\\/www.bellunopress.it\\\/#\\\/schema\\\/person\\\/79bb06722b37ece1c03d3e94beb30d73\"},\"headline\":\"In Crepadona \u201cRitratti delle Dolomiti\u201d: dallo scatto alla tela, di Giovanni De Biasi\",\"datePublished\":\"2012-12-23T14:28:42+00:00\",\"mainEntityOfPage\":{\"@id\":\"https:\\\/\\\/www.bellunopress.it\\\/2012\\\/12\\\/23\\\/in-crepadona-ritratti-delle-dolomiti-dallo-scatto-alla-tela-di-giovanni-de-biasi\\\/\"},\"wordCount\":357,\"publisher\":{\"@id\":\"https:\\\/\\\/www.bellunopress.it\\\/#organization\"},\"image\":{\"@id\":\"https:\\\/\\\/www.bellunopress.it\\\/2012\\\/12\\\/23\\\/in-crepadona-ritratti-delle-dolomiti-dallo-scatto-alla-tela-di-giovanni-de-biasi\\\/#primaryimage\"},\"thumbnailUrl\":\"http:\\\/\\\/www.bellunopress.it\\\/wp-content\\\/uploads\\\/2012\\\/12\\\/passo-giau-leggera.jpg\",\"articleSection\":[\"Appuntamenti, Eventi\",\"Arte, Cultura, Spettacoli, Scienza\",\"Pausa Caff\u00e8\"],\"inLanguage\":\"fr-FR\"},{\"@type\":\"WebPage\",\"@id\":\"https:\\\/\\\/www.bellunopress.it\\\/2012\\\/12\\\/23\\\/in-crepadona-ritratti-delle-dolomiti-dallo-scatto-alla-tela-di-giovanni-de-biasi\\\/\",\"url\":\"https:\\\/\\\/www.bellunopress.it\\\/2012\\\/12\\\/23\\\/in-crepadona-ritratti-delle-dolomiti-dallo-scatto-alla-tela-di-giovanni-de-biasi\\\/\",\"name\":\"In Crepadona \u201cRitratti delle Dolomiti\u201d: dallo scatto alla tela, di Giovanni De Biasi - Bellunopress - Dolomiti\",\"isPartOf\":{\"@id\":\"https:\\\/\\\/www.bellunopress.it\\\/#website\"},\"primaryImageOfPage\":{\"@id\":\"https:\\\/\\\/www.bellunopress.it\\\/2012\\\/12\\\/23\\\/in-crepadona-ritratti-delle-dolomiti-dallo-scatto-alla-tela-di-giovanni-de-biasi\\\/#primaryimage\"},\"image\":{\"@id\":\"https:\\\/\\\/www.bellunopress.it\\\/2012\\\/12\\\/23\\\/in-crepadona-ritratti-delle-dolomiti-dallo-scatto-alla-tela-di-giovanni-de-biasi\\\/#primaryimage\"},\"thumbnailUrl\":\"http:\\\/\\\/www.bellunopress.it\\\/wp-content\\\/uploads\\\/2012\\\/12\\\/passo-giau-leggera.jpg\",\"datePublished\":\"2012-12-23T14:28:42+00:00\",\"breadcrumb\":{\"@id\":\"https:\\\/\\\/www.bellunopress.it\\\/2012\\\/12\\\/23\\\/in-crepadona-ritratti-delle-dolomiti-dallo-scatto-alla-tela-di-giovanni-de-biasi\\\/#breadcrumb\"},\"inLanguage\":\"fr-FR\",\"potentialAction\":[{\"@type\":\"ReadAction\",\"target\":[\"https:\\\/\\\/www.bellunopress.it\\\/2012\\\/12\\\/23\\\/in-crepadona-ritratti-delle-dolomiti-dallo-scatto-alla-tela-di-giovanni-de-biasi\\\/\"]}]},{\"@type\":\"ImageObject\",\"inLanguage\":\"fr-FR\",\"@id\":\"https:\\\/\\\/www.bellunopress.it\\\/2012\\\/12\\\/23\\\/in-crepadona-ritratti-delle-dolomiti-dallo-scatto-alla-tela-di-giovanni-de-biasi\\\/#primaryimage\",\"url\":\"http:\\\/\\\/www.bellunopress.it\\\/wp-content\\\/uploads\\\/2012\\\/12\\\/passo-giau-leggera.jpg\",\"contentUrl\":\"http:\\\/\\\/www.bellunopress.it\\\/wp-content\\\/uploads\\\/2012\\\/12\\\/passo-giau-leggera.jpg\"},{\"@type\":\"BreadcrumbList\",\"@id\":\"https:\\\/\\\/www.bellunopress.it\\\/2012\\\/12\\\/23\\\/in-crepadona-ritratti-delle-dolomiti-dallo-scatto-alla-tela-di-giovanni-de-biasi\\\/#breadcrumb\",\"itemListElement\":[{\"@type\":\"ListItem\",\"position\":1,\"name\":\"Home\",\"item\":\"https:\\\/\\\/www.bellunopress.it\\\/\"},{\"@type\":\"ListItem\",\"position\":2,\"name\":\"In Crepadona \u201cRitratti delle Dolomiti\u201d: dallo scatto alla tela, di Giovanni De Biasi\"}]},{\"@type\":\"WebSite\",\"@id\":\"https:\\\/\\\/www.bellunopress.it\\\/#website\",\"url\":\"https:\\\/\\\/www.bellunopress.it\\\/\",\"name\":\"Bellunopress - Dolomiti\",\"description\":\"e-mail: redazione@bellunopress.it\",\"publisher\":{\"@id\":\"https:\\\/\\\/www.bellunopress.it\\\/#organization\"},\"potentialAction\":[{\"@type\":\"SearchAction\",\"target\":{\"@type\":\"EntryPoint\",\"urlTemplate\":\"https:\\\/\\\/www.bellunopress.it\\\/?s={search_term_string}\"},\"query-input\":{\"@type\":\"PropertyValueSpecification\",\"valueRequired\":true,\"valueName\":\"search_term_string\"}}],\"inLanguage\":\"fr-FR\"},{\"@type\":\"Organization\",\"@id\":\"https:\\\/\\\/www.bellunopress.it\\\/#organization\",\"name\":\"Bellunopress\",\"url\":\"https:\\\/\\\/www.bellunopress.it\\\/\",\"logo\":{\"@type\":\"ImageObject\",\"inLanguage\":\"fr-FR\",\"@id\":\"https:\\\/\\\/www.bellunopress.it\\\/#\\\/schema\\\/logo\\\/image\\\/\",\"url\":\"https:\\\/\\\/www.bellunopress.it\\\/wp-content\\\/uploads\\\/2011\\\/05\\\/cropped-logo-bellunopress-.jpg\",\"contentUrl\":\"https:\\\/\\\/www.bellunopress.it\\\/wp-content\\\/uploads\\\/2011\\\/05\\\/cropped-logo-bellunopress-.jpg\",\"width\":512,\"height\":512,\"caption\":\"Bellunopress\"},\"image\":{\"@id\":\"https:\\\/\\\/www.bellunopress.it\\\/#\\\/schema\\\/logo\\\/image\\\/\"},\"sameAs\":[\"https:\\\/\\\/www.facebook.com\\\/profile.php?id=100008943462799\",\"https:\\\/\\\/x.com\\\/bellunopress\",\"https:\\\/\\\/www.linkedin.com\\\/hp\\\/?dnr=JBzUWaJfMUw8vbXJJ2tVW5-I3jZKvC4wsoxE&amp;amp;amp;amp;amp;amp;trk=nav_responsive_tab_home\",\"https:\\\/\\\/www.youtube.com\\\/channel\\\/UCxL0wu1uN0_3_7hGG0306cw\"]},{\"@type\":\"Person\",\"@id\":\"https:\\\/\\\/www.bellunopress.it\\\/#\\\/schema\\\/person\\\/79bb06722b37ece1c03d3e94beb30d73\",\"name\":\"redazione\",\"image\":{\"@type\":\"ImageObject\",\"inLanguage\":\"fr-FR\",\"@id\":\"https:\\\/\\\/secure.gravatar.com\\\/avatar\\\/37d968a2e67a6fd04c169c4bdef102d0bc5d31b2546345219e348575eb80e9a0?s=96&d=mm&r=g\",\"url\":\"https:\\\/\\\/secure.gravatar.com\\\/avatar\\\/37d968a2e67a6fd04c169c4bdef102d0bc5d31b2546345219e348575eb80e9a0?s=96&d=mm&r=g\",\"contentUrl\":\"https:\\\/\\\/secure.gravatar.com\\\/avatar\\\/37d968a2e67a6fd04c169c4bdef102d0bc5d31b2546345219e348575eb80e9a0?s=96&d=mm&r=g\",\"caption\":\"redazione\"},\"sameAs\":[\"http:\\\/\\\/www.bellunopress.it\",\"https:\\\/\\\/x.com\\\/bellunopress\"],\"url\":\"https:\\\/\\\/www.bellunopress.it\\\/fr\\\/author\\\/redazione\\\/\"}]}<\/script>\n<!-- \/ Yoast SEO plugin. -->","yoast_head_json":{"title":"In Crepadona \u201cRitratti delle Dolomiti\u201d: dallo scatto alla tela, di Giovanni De Biasi - Bellunopress - Dolomiti","robots":{"index":"index","follow":"follow","max-snippet":"max-snippet:-1","max-image-preview":"max-image-preview:large","max-video-preview":"max-video-preview:-1"},"canonical":"https:\/\/www.bellunopress.it\/fr\/2012\/12\/23\/in-crepadona-ritratti-delle-dolomiti-dallo-scatto-alla-tela-di-giovanni-de-biasi\/","og_locale":"fr_FR","og_type":"article","og_title":"In Crepadona \u201cRitratti delle Dolomiti\u201d: dallo scatto alla tela, di Giovanni De Biasi - Bellunopress - Dolomiti","og_description":"\u201cRitratti delle Dolomiti\u201d: dallo scatto alla tela. E&#8217;stata\u00a0 inaugurata marted\u00ec 18 dicembre a Palazzo Crepadona la mostra del pittore Giovanni \u201cNanni\u201d De Biasi, dedicata alle vette pi\u00f9 suggestive del panorama dolomitico, dalla Civetta fino alle Marmarole. In esposizione nel \u201ccubo\u201d del centro culturale cittadino 25 opere (olio su tela), realizzate dall\u2019artista bellunese negli ultimi due [&hellip;]","og_url":"https:\/\/www.bellunopress.it\/fr\/2012\/12\/23\/in-crepadona-ritratti-delle-dolomiti-dallo-scatto-alla-tela-di-giovanni-de-biasi\/","og_site_name":"Bellunopress - Dolomiti","article_publisher":"https:\/\/www.facebook.com\/profile.php?id=100008943462799","article_published_time":"2012-12-23T14:28:42+00:00","og_image":[{"url":"http:\/\/www.bellunopress.it\/wp-content\/uploads\/2012\/12\/passo-giau-leggera.jpg","type":"","width":"","height":""}],"author":"redazione","twitter_card":"summary_large_image","twitter_creator":"@bellunopress","twitter_site":"@bellunopress","twitter_misc":{"\u00c9crit par":"redazione","Dur\u00e9e de lecture estim\u00e9e":"2 minutes"},"schema":{"@context":"https:\/\/schema.org","@graph":[{"@type":"Article","@id":"https:\/\/www.bellunopress.it\/2012\/12\/23\/in-crepadona-ritratti-delle-dolomiti-dallo-scatto-alla-tela-di-giovanni-de-biasi\/#article","isPartOf":{"@id":"https:\/\/www.bellunopress.it\/2012\/12\/23\/in-crepadona-ritratti-delle-dolomiti-dallo-scatto-alla-tela-di-giovanni-de-biasi\/"},"author":{"name":"redazione","@id":"https:\/\/www.bellunopress.it\/#\/schema\/person\/79bb06722b37ece1c03d3e94beb30d73"},"headline":"In Crepadona \u201cRitratti delle Dolomiti\u201d: dallo scatto alla tela, di Giovanni De Biasi","datePublished":"2012-12-23T14:28:42+00:00","mainEntityOfPage":{"@id":"https:\/\/www.bellunopress.it\/2012\/12\/23\/in-crepadona-ritratti-delle-dolomiti-dallo-scatto-alla-tela-di-giovanni-de-biasi\/"},"wordCount":357,"publisher":{"@id":"https:\/\/www.bellunopress.it\/#organization"},"image":{"@id":"https:\/\/www.bellunopress.it\/2012\/12\/23\/in-crepadona-ritratti-delle-dolomiti-dallo-scatto-alla-tela-di-giovanni-de-biasi\/#primaryimage"},"thumbnailUrl":"http:\/\/www.bellunopress.it\/wp-content\/uploads\/2012\/12\/passo-giau-leggera.jpg","articleSection":["Appuntamenti, Eventi","Arte, Cultura, Spettacoli, Scienza","Pausa Caff\u00e8"],"inLanguage":"fr-FR"},{"@type":"WebPage","@id":"https:\/\/www.bellunopress.it\/2012\/12\/23\/in-crepadona-ritratti-delle-dolomiti-dallo-scatto-alla-tela-di-giovanni-de-biasi\/","url":"https:\/\/www.bellunopress.it\/2012\/12\/23\/in-crepadona-ritratti-delle-dolomiti-dallo-scatto-alla-tela-di-giovanni-de-biasi\/","name":"In Crepadona \u201cRitratti delle Dolomiti\u201d: dallo scatto alla tela, di Giovanni De Biasi - Bellunopress - Dolomiti","isPartOf":{"@id":"https:\/\/www.bellunopress.it\/#website"},"primaryImageOfPage":{"@id":"https:\/\/www.bellunopress.it\/2012\/12\/23\/in-crepadona-ritratti-delle-dolomiti-dallo-scatto-alla-tela-di-giovanni-de-biasi\/#primaryimage"},"image":{"@id":"https:\/\/www.bellunopress.it\/2012\/12\/23\/in-crepadona-ritratti-delle-dolomiti-dallo-scatto-alla-tela-di-giovanni-de-biasi\/#primaryimage"},"thumbnailUrl":"http:\/\/www.bellunopress.it\/wp-content\/uploads\/2012\/12\/passo-giau-leggera.jpg","datePublished":"2012-12-23T14:28:42+00:00","breadcrumb":{"@id":"https:\/\/www.bellunopress.it\/2012\/12\/23\/in-crepadona-ritratti-delle-dolomiti-dallo-scatto-alla-tela-di-giovanni-de-biasi\/#breadcrumb"},"inLanguage":"fr-FR","potentialAction":[{"@type":"ReadAction","target":["https:\/\/www.bellunopress.it\/2012\/12\/23\/in-crepadona-ritratti-delle-dolomiti-dallo-scatto-alla-tela-di-giovanni-de-biasi\/"]}]},{"@type":"ImageObject","inLanguage":"fr-FR","@id":"https:\/\/www.bellunopress.it\/2012\/12\/23\/in-crepadona-ritratti-delle-dolomiti-dallo-scatto-alla-tela-di-giovanni-de-biasi\/#primaryimage","url":"http:\/\/www.bellunopress.it\/wp-content\/uploads\/2012\/12\/passo-giau-leggera.jpg","contentUrl":"http:\/\/www.bellunopress.it\/wp-content\/uploads\/2012\/12\/passo-giau-leggera.jpg"},{"@type":"BreadcrumbList","@id":"https:\/\/www.bellunopress.it\/2012\/12\/23\/in-crepadona-ritratti-delle-dolomiti-dallo-scatto-alla-tela-di-giovanni-de-biasi\/#breadcrumb","itemListElement":[{"@type":"ListItem","position":1,"name":"Home","item":"https:\/\/www.bellunopress.it\/"},{"@type":"ListItem","position":2,"name":"In Crepadona \u201cRitratti delle Dolomiti\u201d: dallo scatto alla tela, di Giovanni De Biasi"}]},{"@type":"WebSite","@id":"https:\/\/www.bellunopress.it\/#website","url":"https:\/\/www.bellunopress.it\/","name":"Bellunopress - Dolomiti","description":"e-mail: redazione@bellunopress.it","publisher":{"@id":"https:\/\/www.bellunopress.it\/#organization"},"potentialAction":[{"@type":"SearchAction","target":{"@type":"EntryPoint","urlTemplate":"https:\/\/www.bellunopress.it\/?s={search_term_string}"},"query-input":{"@type":"PropertyValueSpecification","valueRequired":true,"valueName":"search_term_string"}}],"inLanguage":"fr-FR"},{"@type":"Organization","@id":"https:\/\/www.bellunopress.it\/#organization","name":"Bellunopress","url":"https:\/\/www.bellunopress.it\/","logo":{"@type":"ImageObject","inLanguage":"fr-FR","@id":"https:\/\/www.bellunopress.it\/#\/schema\/logo\/image\/","url":"https:\/\/www.bellunopress.it\/wp-content\/uploads\/2011\/05\/cropped-logo-bellunopress-.jpg","contentUrl":"https:\/\/www.bellunopress.it\/wp-content\/uploads\/2011\/05\/cropped-logo-bellunopress-.jpg","width":512,"height":512,"caption":"Bellunopress"},"image":{"@id":"https:\/\/www.bellunopress.it\/#\/schema\/logo\/image\/"},"sameAs":["https:\/\/www.facebook.com\/profile.php?id=100008943462799","https:\/\/x.com\/bellunopress","https:\/\/www.linkedin.com\/hp\/?dnr=JBzUWaJfMUw8vbXJJ2tVW5-I3jZKvC4wsoxE&amp;amp;amp;amp;amp;amp;trk=nav_responsive_tab_home","https:\/\/www.youtube.com\/channel\/UCxL0wu1uN0_3_7hGG0306cw"]},{"@type":"Person","@id":"https:\/\/www.bellunopress.it\/#\/schema\/person\/79bb06722b37ece1c03d3e94beb30d73","name":"r\u00e9daction","image":{"@type":"ImageObject","inLanguage":"fr-FR","@id":"https:\/\/secure.gravatar.com\/avatar\/37d968a2e67a6fd04c169c4bdef102d0bc5d31b2546345219e348575eb80e9a0?s=96&d=mm&r=g","url":"https:\/\/secure.gravatar.com\/avatar\/37d968a2e67a6fd04c169c4bdef102d0bc5d31b2546345219e348575eb80e9a0?s=96&d=mm&r=g","contentUrl":"https:\/\/secure.gravatar.com\/avatar\/37d968a2e67a6fd04c169c4bdef102d0bc5d31b2546345219e348575eb80e9a0?s=96&d=mm&r=g","caption":"redazione"},"sameAs":["http:\/\/www.bellunopress.it","https:\/\/x.com\/bellunopress"],"url":"https:\/\/www.bellunopress.it\/fr\/author\/redazione\/"}]}},"_links":{"self":[{"href":"https:\/\/www.bellunopress.it\/fr\/wp-json\/wp\/v2\/posts\/45098","targetHints":{"allow":["GET"]}}],"collection":[{"href":"https:\/\/www.bellunopress.it\/fr\/wp-json\/wp\/v2\/posts"}],"about":[{"href":"https:\/\/www.bellunopress.it\/fr\/wp-json\/wp\/v2\/types\/post"}],"author":[{"embeddable":true,"href":"https:\/\/www.bellunopress.it\/fr\/wp-json\/wp\/v2\/users\/2"}],"replies":[{"embeddable":true,"href":"https:\/\/www.bellunopress.it\/fr\/wp-json\/wp\/v2\/comments?post=45098"}],"version-history":[{"count":2,"href":"https:\/\/www.bellunopress.it\/fr\/wp-json\/wp\/v2\/posts\/45098\/revisions"}],"predecessor-version":[{"id":45101,"href":"https:\/\/www.bellunopress.it\/fr\/wp-json\/wp\/v2\/posts\/45098\/revisions\/45101"}],"wp:attachment":[{"href":"https:\/\/www.bellunopress.it\/fr\/wp-json\/wp\/v2\/media?parent=45098"}],"wp:term":[{"taxonomy":"category","embeddable":true,"href":"https:\/\/www.bellunopress.it\/fr\/wp-json\/wp\/v2\/categories?post=45098"},{"taxonomy":"post_tag","embeddable":true,"href":"https:\/\/www.bellunopress.it\/fr\/wp-json\/wp\/v2\/tags?post=45098"}],"curies":[{"name":"wp","href":"https:\/\/api.w.org\/{rel}","templated":true}]}}