{"id":45096,"date":"2012-12-23T14:37:02","date_gmt":"2012-12-23T13:37:02","guid":{"rendered":"http:\/\/www.bellunopress.it\/?p=45096"},"modified":"2012-12-23T14:37:02","modified_gmt":"2012-12-23T13:37:02","slug":"il-cerchio-si-stringe-ecco-i-sei-candidati-ammessi-alle-primarie-del-pd-per-il-parlamento","status":"publish","type":"post","link":"https:\/\/www.bellunopress.it\/fr\/2012\/12\/23\/il-cerchio-si-stringe-ecco-i-sei-candidati-ammessi-alle-primarie-del-pd-per-il-parlamento\/","title":{"rendered":"Il cerchio si stringe: ecco i sei candidati ammessi alle primarie del Pd per il Parlamento"},"content":{"rendered":"<p><a href=\"http:\/\/www.bellunopress.it\/wp-content\/uploads\/2009\/06\/parlamento-leggera.jpg\"><img loading=\"lazy\" decoding=\"async\" class=\"alignleft size-full wp-image-4947\" alt=\"parlamento-leggera\" src=\"http:\/\/www.bellunopress.it\/wp-content\/uploads\/2009\/06\/parlamento-leggera.jpg\" width=\"270\" height=\"203\" \/><\/a>La Direzione Provinciale del Partito Democratico di Belluno si \u00e8 riunita oggi, domenica 23 dicembre, per esaminare la documentazione presentata dai candidati alle primarie per i parlamentari delle elezioni politiche di febbraio 2013.<\/p>\n<p>Sei dei nove candidati sono stati ammessi alle primarie di domenica 30 dicembre:<\/p>\n<p>Bettiol Claudia, Cassol Maria Teresa, Dalla Gasperina Alessandro, De Menech Roger, Maoret Lidia e Visalli Irma.<\/p>\n<p>I candidati \u00a0&#8211; recita la nota diramata dalla segreteria provinciale del Pd &#8211; si sono impegnati a rispettare il Codice Etico del Partito Democratico ed il codice di autoregolamentazione della campagna elettorale, l&#8217;impegno di lealt\u00e0 e coerenza verso gli elettori ed il Partito Democratico e la dichiarazione, per coloro che non sono iscritti al Partito Democratico, di essere comunque elettori del Partito stesso.<\/p>\n<p>Si avvia cos\u00ec la campagna elettorale per il voto alle primarie che avverr\u00e0 domenica 30 dicembre 2012.<\/p>\n<p>La vera battaglia per conquistare il seggio in Parlamento, per i sei candidati bellunesi si giocher\u00e0 tutta in questa fase. Chi otterr\u00e0 pi\u00f9 voti alle primarie di domenica prossima, infatti, avr\u00e0 la garanzia di essere collocato in posizione di sicura elezione nelle liste del febbraio 2013. E dunque andr\u00e0 in Parlamento chi ha la macchina elettorale pi\u00f9 potente in grado di raccogliere i voti all&#8217;interno degli iscritti del Pd e di coloro che avendo votato alle precedenti primarie hanno diritto di voto.<\/p>\n<p>Posto che si potranno dare due preferenze, il Feltrino potrebbe concentrare le sue preferenze sui propri candidati, che in questa tornata sono Alessandro Dalla Gasperina e Lidia Maoret. Nel Bellunese i voti se li divideranno il tandem Claudia Bettiol &#8211; Roger De Menech e Irma Visalli \u00a0-Maria Teresa Cassol. Sar\u00e0 interessante vedere se gli &#8220;ordini di scuderia&#8221; avranno la meglio sui voti liberi, dati alla persona.<\/p>","protected":false},"excerpt":{"rendered":"<p>La Direzione Provinciale del Partito Democratico di Belluno si \u00e8 riunita oggi, domenica 23 dicembre, per esaminare la documentazione presentata dai candidati alle primarie per i parlamentari delle elezioni politiche di febbraio 2013. Sei dei nove candidati sono stati ammessi alle primarie di domenica 30 dicembre: Bettiol Claudia, Cassol Maria Teresa, Dalla Gasperina Alessandro, De [&hellip;]<\/p>\n","protected":false},"author":2,"featured_media":0,"comment_status":"closed","ping_status":"open","sticky":false,"template":"","format":"standard","meta":{"footnotes":""},"categories":[1],"tags":[],"class_list":["post-45096","post","type-post","status-publish","format-standard","category-leo"],"yoast_head":"<!-- This site is optimized with the Yoast SEO plugin v28.4 - https:\/\/yoast.com\/product\/yoast-seo-wordpress\/ -->\n<title>Il cerchio si stringe: ecco i sei candidati ammessi alle primarie del Pd per il Parlamento  - Bellunopress - Dolomiti<\/title>\n<meta name=\"robots\" content=\"index, follow, max-snippet:-1, max-image-preview:large, max-video-preview:-1\" \/>\n<link rel=\"canonical\" href=\"https:\/\/www.bellunopress.it\/fr\/2012\/12\/23\/il-cerchio-si-stringe-ecco-i-sei-candidati-ammessi-alle-primarie-del-pd-per-il-parlamento\/\" \/>\n<meta property=\"og:locale\" content=\"fr_FR\" \/>\n<meta property=\"og:type\" content=\"article\" \/>\n<meta property=\"og:title\" content=\"Il cerchio si stringe: ecco i sei candidati ammessi alle primarie del Pd per il Parlamento  - Bellunopress - Dolomiti\" \/>\n<meta property=\"og:description\" content=\"La Direzione Provinciale del Partito Democratico di Belluno si \u00e8 riunita oggi, domenica 23 dicembre, per esaminare la documentazione presentata dai candidati alle primarie per i parlamentari delle elezioni politiche di febbraio 2013. Sei dei nove candidati sono stati ammessi alle primarie di domenica 30 dicembre: Bettiol Claudia, Cassol Maria Teresa, Dalla Gasperina Alessandro, De [&hellip;]\" \/>\n<meta property=\"og:url\" content=\"https:\/\/www.bellunopress.it\/fr\/2012\/12\/23\/il-cerchio-si-stringe-ecco-i-sei-candidati-ammessi-alle-primarie-del-pd-per-il-parlamento\/\" \/>\n<meta property=\"og:site_name\" content=\"Bellunopress - Dolomiti\" \/>\n<meta property=\"article:publisher\" content=\"https:\/\/www.facebook.com\/profile.php?id=100008943462799\" \/>\n<meta property=\"article:published_time\" content=\"2012-12-23T13:37:02+00:00\" \/>\n<meta property=\"og:image\" content=\"http:\/\/www.bellunopress.it\/wp-content\/uploads\/2009\/06\/parlamento-leggera.jpg\" \/>\n<meta name=\"author\" content=\"redazione\" \/>\n<meta name=\"twitter:card\" content=\"summary_large_image\" \/>\n<meta name=\"twitter:creator\" content=\"@bellunopress\" \/>\n<meta name=\"twitter:site\" content=\"@bellunopress\" \/>\n<meta name=\"twitter:label1\" content=\"\u00c9crit par\" \/>\n\t<meta name=\"twitter:data1\" content=\"redazione\" \/>\n\t<meta name=\"twitter:label2\" content=\"Dur\u00e9e de lecture estim\u00e9e\" \/>\n\t<meta name=\"twitter:data2\" content=\"1 minute\" \/>\n<script type=\"application\/ld+json\" class=\"yoast-schema-graph\">{\"@context\":\"https:\\\/\\\/schema.org\",\"@graph\":[{\"@type\":\"Article\",\"@id\":\"https:\\\/\\\/www.bellunopress.it\\\/2012\\\/12\\\/23\\\/il-cerchio-si-stringe-ecco-i-sei-candidati-ammessi-alle-primarie-del-pd-per-il-parlamento\\\/#article\",\"isPartOf\":{\"@id\":\"https:\\\/\\\/www.bellunopress.it\\\/2012\\\/12\\\/23\\\/il-cerchio-si-stringe-ecco-i-sei-candidati-ammessi-alle-primarie-del-pd-per-il-parlamento\\\/\"},\"author\":{\"name\":\"redazione\",\"@id\":\"https:\\\/\\\/www.bellunopress.it\\\/#\\\/schema\\\/person\\\/79bb06722b37ece1c03d3e94beb30d73\"},\"headline\":\"Il cerchio si stringe: ecco i sei candidati ammessi alle primarie del Pd per il Parlamento\",\"datePublished\":\"2012-12-23T13:37:02+00:00\",\"mainEntityOfPage\":{\"@id\":\"https:\\\/\\\/www.bellunopress.it\\\/2012\\\/12\\\/23\\\/il-cerchio-si-stringe-ecco-i-sei-candidati-ammessi-alle-primarie-del-pd-per-il-parlamento\\\/\"},\"wordCount\":301,\"publisher\":{\"@id\":\"https:\\\/\\\/www.bellunopress.it\\\/#organization\"},\"image\":{\"@id\":\"https:\\\/\\\/www.bellunopress.it\\\/2012\\\/12\\\/23\\\/il-cerchio-si-stringe-ecco-i-sei-candidati-ammessi-alle-primarie-del-pd-per-il-parlamento\\\/#primaryimage\"},\"thumbnailUrl\":\"http:\\\/\\\/www.bellunopress.it\\\/wp-content\\\/uploads\\\/2009\\\/06\\\/parlamento-leggera.jpg\",\"articleSection\":[\"Lettere Opinioni\"],\"inLanguage\":\"fr-FR\"},{\"@type\":\"WebPage\",\"@id\":\"https:\\\/\\\/www.bellunopress.it\\\/2012\\\/12\\\/23\\\/il-cerchio-si-stringe-ecco-i-sei-candidati-ammessi-alle-primarie-del-pd-per-il-parlamento\\\/\",\"url\":\"https:\\\/\\\/www.bellunopress.it\\\/2012\\\/12\\\/23\\\/il-cerchio-si-stringe-ecco-i-sei-candidati-ammessi-alle-primarie-del-pd-per-il-parlamento\\\/\",\"name\":\"Il cerchio si stringe: ecco i sei candidati ammessi alle primarie del Pd per il Parlamento - Bellunopress - Dolomiti\",\"isPartOf\":{\"@id\":\"https:\\\/\\\/www.bellunopress.it\\\/#website\"},\"primaryImageOfPage\":{\"@id\":\"https:\\\/\\\/www.bellunopress.it\\\/2012\\\/12\\\/23\\\/il-cerchio-si-stringe-ecco-i-sei-candidati-ammessi-alle-primarie-del-pd-per-il-parlamento\\\/#primaryimage\"},\"image\":{\"@id\":\"https:\\\/\\\/www.bellunopress.it\\\/2012\\\/12\\\/23\\\/il-cerchio-si-stringe-ecco-i-sei-candidati-ammessi-alle-primarie-del-pd-per-il-parlamento\\\/#primaryimage\"},\"thumbnailUrl\":\"http:\\\/\\\/www.bellunopress.it\\\/wp-content\\\/uploads\\\/2009\\\/06\\\/parlamento-leggera.jpg\",\"datePublished\":\"2012-12-23T13:37:02+00:00\",\"breadcrumb\":{\"@id\":\"https:\\\/\\\/www.bellunopress.it\\\/2012\\\/12\\\/23\\\/il-cerchio-si-stringe-ecco-i-sei-candidati-ammessi-alle-primarie-del-pd-per-il-parlamento\\\/#breadcrumb\"},\"inLanguage\":\"fr-FR\",\"potentialAction\":[{\"@type\":\"ReadAction\",\"target\":[\"https:\\\/\\\/www.bellunopress.it\\\/2012\\\/12\\\/23\\\/il-cerchio-si-stringe-ecco-i-sei-candidati-ammessi-alle-primarie-del-pd-per-il-parlamento\\\/\"]}]},{\"@type\":\"ImageObject\",\"inLanguage\":\"fr-FR\",\"@id\":\"https:\\\/\\\/www.bellunopress.it\\\/2012\\\/12\\\/23\\\/il-cerchio-si-stringe-ecco-i-sei-candidati-ammessi-alle-primarie-del-pd-per-il-parlamento\\\/#primaryimage\",\"url\":\"http:\\\/\\\/www.bellunopress.it\\\/wp-content\\\/uploads\\\/2009\\\/06\\\/parlamento-leggera.jpg\",\"contentUrl\":\"http:\\\/\\\/www.bellunopress.it\\\/wp-content\\\/uploads\\\/2009\\\/06\\\/parlamento-leggera.jpg\"},{\"@type\":\"BreadcrumbList\",\"@id\":\"https:\\\/\\\/www.bellunopress.it\\\/2012\\\/12\\\/23\\\/il-cerchio-si-stringe-ecco-i-sei-candidati-ammessi-alle-primarie-del-pd-per-il-parlamento\\\/#breadcrumb\",\"itemListElement\":[{\"@type\":\"ListItem\",\"position\":1,\"name\":\"Home\",\"item\":\"https:\\\/\\\/www.bellunopress.it\\\/\"},{\"@type\":\"ListItem\",\"position\":2,\"name\":\"Il cerchio si stringe: ecco i sei candidati ammessi alle primarie del Pd per il Parlamento\"}]},{\"@type\":\"WebSite\",\"@id\":\"https:\\\/\\\/www.bellunopress.it\\\/#website\",\"url\":\"https:\\\/\\\/www.bellunopress.it\\\/\",\"name\":\"Bellunopress - Dolomiti\",\"description\":\"e-mail: redazione@bellunopress.it\",\"publisher\":{\"@id\":\"https:\\\/\\\/www.bellunopress.it\\\/#organization\"},\"potentialAction\":[{\"@type\":\"SearchAction\",\"target\":{\"@type\":\"EntryPoint\",\"urlTemplate\":\"https:\\\/\\\/www.bellunopress.it\\\/?s={search_term_string}\"},\"query-input\":{\"@type\":\"PropertyValueSpecification\",\"valueRequired\":true,\"valueName\":\"search_term_string\"}}],\"inLanguage\":\"fr-FR\"},{\"@type\":\"Organization\",\"@id\":\"https:\\\/\\\/www.bellunopress.it\\\/#organization\",\"name\":\"Bellunopress\",\"url\":\"https:\\\/\\\/www.bellunopress.it\\\/\",\"logo\":{\"@type\":\"ImageObject\",\"inLanguage\":\"fr-FR\",\"@id\":\"https:\\\/\\\/www.bellunopress.it\\\/#\\\/schema\\\/logo\\\/image\\\/\",\"url\":\"https:\\\/\\\/www.bellunopress.it\\\/wp-content\\\/uploads\\\/2011\\\/05\\\/cropped-logo-bellunopress-.jpg\",\"contentUrl\":\"https:\\\/\\\/www.bellunopress.it\\\/wp-content\\\/uploads\\\/2011\\\/05\\\/cropped-logo-bellunopress-.jpg\",\"width\":512,\"height\":512,\"caption\":\"Bellunopress\"},\"image\":{\"@id\":\"https:\\\/\\\/www.bellunopress.it\\\/#\\\/schema\\\/logo\\\/image\\\/\"},\"sameAs\":[\"https:\\\/\\\/www.facebook.com\\\/profile.php?id=100008943462799\",\"https:\\\/\\\/x.com\\\/bellunopress\",\"https:\\\/\\\/www.linkedin.com\\\/hp\\\/?dnr=JBzUWaJfMUw8vbXJJ2tVW5-I3jZKvC4wsoxE&amp;amp;amp;amp;amp;amp;trk=nav_responsive_tab_home\",\"https:\\\/\\\/www.youtube.com\\\/channel\\\/UCxL0wu1uN0_3_7hGG0306cw\"]},{\"@type\":\"Person\",\"@id\":\"https:\\\/\\\/www.bellunopress.it\\\/#\\\/schema\\\/person\\\/79bb06722b37ece1c03d3e94beb30d73\",\"name\":\"redazione\",\"image\":{\"@type\":\"ImageObject\",\"inLanguage\":\"fr-FR\",\"@id\":\"https:\\\/\\\/secure.gravatar.com\\\/avatar\\\/37d968a2e67a6fd04c169c4bdef102d0bc5d31b2546345219e348575eb80e9a0?s=96&d=mm&r=g\",\"url\":\"https:\\\/\\\/secure.gravatar.com\\\/avatar\\\/37d968a2e67a6fd04c169c4bdef102d0bc5d31b2546345219e348575eb80e9a0?s=96&d=mm&r=g\",\"contentUrl\":\"https:\\\/\\\/secure.gravatar.com\\\/avatar\\\/37d968a2e67a6fd04c169c4bdef102d0bc5d31b2546345219e348575eb80e9a0?s=96&d=mm&r=g\",\"caption\":\"redazione\"},\"sameAs\":[\"http:\\\/\\\/www.bellunopress.it\",\"https:\\\/\\\/x.com\\\/bellunopress\"],\"url\":\"https:\\\/\\\/www.bellunopress.it\\\/fr\\\/author\\\/redazione\\\/\"}]}<\/script>\n<!-- \/ Yoast SEO plugin. -->","yoast_head_json":{"title":"Il cerchio si stringe: ecco i sei candidati ammessi alle primarie del Pd per il Parlamento  - Bellunopress - Dolomiti","robots":{"index":"index","follow":"follow","max-snippet":"max-snippet:-1","max-image-preview":"max-image-preview:large","max-video-preview":"max-video-preview:-1"},"canonical":"https:\/\/www.bellunopress.it\/fr\/2012\/12\/23\/il-cerchio-si-stringe-ecco-i-sei-candidati-ammessi-alle-primarie-del-pd-per-il-parlamento\/","og_locale":"fr_FR","og_type":"article","og_title":"Il cerchio si stringe: ecco i sei candidati ammessi alle primarie del Pd per il Parlamento  - Bellunopress - Dolomiti","og_description":"La Direzione Provinciale del Partito Democratico di Belluno si \u00e8 riunita oggi, domenica 23 dicembre, per esaminare la documentazione presentata dai candidati alle primarie per i parlamentari delle elezioni politiche di febbraio 2013. Sei dei nove candidati sono stati ammessi alle primarie di domenica 30 dicembre: Bettiol Claudia, Cassol Maria Teresa, Dalla Gasperina Alessandro, De [&hellip;]","og_url":"https:\/\/www.bellunopress.it\/fr\/2012\/12\/23\/il-cerchio-si-stringe-ecco-i-sei-candidati-ammessi-alle-primarie-del-pd-per-il-parlamento\/","og_site_name":"Bellunopress - Dolomiti","article_publisher":"https:\/\/www.facebook.com\/profile.php?id=100008943462799","article_published_time":"2012-12-23T13:37:02+00:00","og_image":[{"url":"http:\/\/www.bellunopress.it\/wp-content\/uploads\/2009\/06\/parlamento-leggera.jpg","type":"","width":"","height":""}],"author":"redazione","twitter_card":"summary_large_image","twitter_creator":"@bellunopress","twitter_site":"@bellunopress","twitter_misc":{"\u00c9crit par":"redazione","Dur\u00e9e de lecture estim\u00e9e":"1 minute"},"schema":{"@context":"https:\/\/schema.org","@graph":[{"@type":"Article","@id":"https:\/\/www.bellunopress.it\/2012\/12\/23\/il-cerchio-si-stringe-ecco-i-sei-candidati-ammessi-alle-primarie-del-pd-per-il-parlamento\/#article","isPartOf":{"@id":"https:\/\/www.bellunopress.it\/2012\/12\/23\/il-cerchio-si-stringe-ecco-i-sei-candidati-ammessi-alle-primarie-del-pd-per-il-parlamento\/"},"author":{"name":"redazione","@id":"https:\/\/www.bellunopress.it\/#\/schema\/person\/79bb06722b37ece1c03d3e94beb30d73"},"headline":"Il cerchio si stringe: ecco i sei candidati ammessi alle primarie del Pd per il Parlamento","datePublished":"2012-12-23T13:37:02+00:00","mainEntityOfPage":{"@id":"https:\/\/www.bellunopress.it\/2012\/12\/23\/il-cerchio-si-stringe-ecco-i-sei-candidati-ammessi-alle-primarie-del-pd-per-il-parlamento\/"},"wordCount":301,"publisher":{"@id":"https:\/\/www.bellunopress.it\/#organization"},"image":{"@id":"https:\/\/www.bellunopress.it\/2012\/12\/23\/il-cerchio-si-stringe-ecco-i-sei-candidati-ammessi-alle-primarie-del-pd-per-il-parlamento\/#primaryimage"},"thumbnailUrl":"http:\/\/www.bellunopress.it\/wp-content\/uploads\/2009\/06\/parlamento-leggera.jpg","articleSection":["Lettere Opinioni"],"inLanguage":"fr-FR"},{"@type":"WebPage","@id":"https:\/\/www.bellunopress.it\/2012\/12\/23\/il-cerchio-si-stringe-ecco-i-sei-candidati-ammessi-alle-primarie-del-pd-per-il-parlamento\/","url":"https:\/\/www.bellunopress.it\/2012\/12\/23\/il-cerchio-si-stringe-ecco-i-sei-candidati-ammessi-alle-primarie-del-pd-per-il-parlamento\/","name":"Il cerchio si stringe: ecco i sei candidati ammessi alle primarie del Pd per il Parlamento - Bellunopress - Dolomiti","isPartOf":{"@id":"https:\/\/www.bellunopress.it\/#website"},"primaryImageOfPage":{"@id":"https:\/\/www.bellunopress.it\/2012\/12\/23\/il-cerchio-si-stringe-ecco-i-sei-candidati-ammessi-alle-primarie-del-pd-per-il-parlamento\/#primaryimage"},"image":{"@id":"https:\/\/www.bellunopress.it\/2012\/12\/23\/il-cerchio-si-stringe-ecco-i-sei-candidati-ammessi-alle-primarie-del-pd-per-il-parlamento\/#primaryimage"},"thumbnailUrl":"http:\/\/www.bellunopress.it\/wp-content\/uploads\/2009\/06\/parlamento-leggera.jpg","datePublished":"2012-12-23T13:37:02+00:00","breadcrumb":{"@id":"https:\/\/www.bellunopress.it\/2012\/12\/23\/il-cerchio-si-stringe-ecco-i-sei-candidati-ammessi-alle-primarie-del-pd-per-il-parlamento\/#breadcrumb"},"inLanguage":"fr-FR","potentialAction":[{"@type":"ReadAction","target":["https:\/\/www.bellunopress.it\/2012\/12\/23\/il-cerchio-si-stringe-ecco-i-sei-candidati-ammessi-alle-primarie-del-pd-per-il-parlamento\/"]}]},{"@type":"ImageObject","inLanguage":"fr-FR","@id":"https:\/\/www.bellunopress.it\/2012\/12\/23\/il-cerchio-si-stringe-ecco-i-sei-candidati-ammessi-alle-primarie-del-pd-per-il-parlamento\/#primaryimage","url":"http:\/\/www.bellunopress.it\/wp-content\/uploads\/2009\/06\/parlamento-leggera.jpg","contentUrl":"http:\/\/www.bellunopress.it\/wp-content\/uploads\/2009\/06\/parlamento-leggera.jpg"},{"@type":"BreadcrumbList","@id":"https:\/\/www.bellunopress.it\/2012\/12\/23\/il-cerchio-si-stringe-ecco-i-sei-candidati-ammessi-alle-primarie-del-pd-per-il-parlamento\/#breadcrumb","itemListElement":[{"@type":"ListItem","position":1,"name":"Home","item":"https:\/\/www.bellunopress.it\/"},{"@type":"ListItem","position":2,"name":"Il cerchio si stringe: ecco i sei candidati ammessi alle primarie del Pd per il Parlamento"}]},{"@type":"WebSite","@id":"https:\/\/www.bellunopress.it\/#website","url":"https:\/\/www.bellunopress.it\/","name":"Bellunopress - Dolomiti","description":"e-mail: redazione@bellunopress.it","publisher":{"@id":"https:\/\/www.bellunopress.it\/#organization"},"potentialAction":[{"@type":"SearchAction","target":{"@type":"EntryPoint","urlTemplate":"https:\/\/www.bellunopress.it\/?s={search_term_string}"},"query-input":{"@type":"PropertyValueSpecification","valueRequired":true,"valueName":"search_term_string"}}],"inLanguage":"fr-FR"},{"@type":"Organization","@id":"https:\/\/www.bellunopress.it\/#organization","name":"Bellunopress","url":"https:\/\/www.bellunopress.it\/","logo":{"@type":"ImageObject","inLanguage":"fr-FR","@id":"https:\/\/www.bellunopress.it\/#\/schema\/logo\/image\/","url":"https:\/\/www.bellunopress.it\/wp-content\/uploads\/2011\/05\/cropped-logo-bellunopress-.jpg","contentUrl":"https:\/\/www.bellunopress.it\/wp-content\/uploads\/2011\/05\/cropped-logo-bellunopress-.jpg","width":512,"height":512,"caption":"Bellunopress"},"image":{"@id":"https:\/\/www.bellunopress.it\/#\/schema\/logo\/image\/"},"sameAs":["https:\/\/www.facebook.com\/profile.php?id=100008943462799","https:\/\/x.com\/bellunopress","https:\/\/www.linkedin.com\/hp\/?dnr=JBzUWaJfMUw8vbXJJ2tVW5-I3jZKvC4wsoxE&amp;amp;amp;amp;amp;amp;trk=nav_responsive_tab_home","https:\/\/www.youtube.com\/channel\/UCxL0wu1uN0_3_7hGG0306cw"]},{"@type":"Person","@id":"https:\/\/www.bellunopress.it\/#\/schema\/person\/79bb06722b37ece1c03d3e94beb30d73","name":"r\u00e9daction","image":{"@type":"ImageObject","inLanguage":"fr-FR","@id":"https:\/\/secure.gravatar.com\/avatar\/37d968a2e67a6fd04c169c4bdef102d0bc5d31b2546345219e348575eb80e9a0?s=96&d=mm&r=g","url":"https:\/\/secure.gravatar.com\/avatar\/37d968a2e67a6fd04c169c4bdef102d0bc5d31b2546345219e348575eb80e9a0?s=96&d=mm&r=g","contentUrl":"https:\/\/secure.gravatar.com\/avatar\/37d968a2e67a6fd04c169c4bdef102d0bc5d31b2546345219e348575eb80e9a0?s=96&d=mm&r=g","caption":"redazione"},"sameAs":["http:\/\/www.bellunopress.it","https:\/\/x.com\/bellunopress"],"url":"https:\/\/www.bellunopress.it\/fr\/author\/redazione\/"}]}},"_links":{"self":[{"href":"https:\/\/www.bellunopress.it\/fr\/wp-json\/wp\/v2\/posts\/45096","targetHints":{"allow":["GET"]}}],"collection":[{"href":"https:\/\/www.bellunopress.it\/fr\/wp-json\/wp\/v2\/posts"}],"about":[{"href":"https:\/\/www.bellunopress.it\/fr\/wp-json\/wp\/v2\/types\/post"}],"author":[{"embeddable":true,"href":"https:\/\/www.bellunopress.it\/fr\/wp-json\/wp\/v2\/users\/2"}],"replies":[{"embeddable":true,"href":"https:\/\/www.bellunopress.it\/fr\/wp-json\/wp\/v2\/comments?post=45096"}],"version-history":[{"count":1,"href":"https:\/\/www.bellunopress.it\/fr\/wp-json\/wp\/v2\/posts\/45096\/revisions"}],"predecessor-version":[{"id":45097,"href":"https:\/\/www.bellunopress.it\/fr\/wp-json\/wp\/v2\/posts\/45096\/revisions\/45097"}],"wp:attachment":[{"href":"https:\/\/www.bellunopress.it\/fr\/wp-json\/wp\/v2\/media?parent=45096"}],"wp:term":[{"taxonomy":"category","embeddable":true,"href":"https:\/\/www.bellunopress.it\/fr\/wp-json\/wp\/v2\/categories?post=45096"},{"taxonomy":"post_tag","embeddable":true,"href":"https:\/\/www.bellunopress.it\/fr\/wp-json\/wp\/v2\/tags?post=45096"}],"curies":[{"name":"wp","href":"https:\/\/api.w.org\/{rel}","templated":true}]}}