{"id":4503,"date":"2009-06-06T10:41:01","date_gmt":"2009-06-06T09:41:01","guid":{"rendered":"http:\/\/www.bellunopress.it\/?p=4503"},"modified":"2009-06-08T11:28:39","modified_gmt":"2009-06-08T10:28:39","slug":"sedicente-medico-omeopatico-erborista-scoperto-dalla-fiamme-gialle-di-feltre","status":"publish","type":"post","link":"https:\/\/www.bellunopress.it\/fr\/2009\/06\/06\/sedicente-medico-omeopatico-erborista-scoperto-dalla-fiamme-gialle-di-feltre\/","title":{"rendered":"Sedicente medico omeopatico erborista scoperto dalla Fiamme Gialle di Feltre"},"content":{"rendered":"<p><a href=\"http:\/\/www.bellunopress.it\/wp-content\/uploads\/2009\/06\/falso_medico_feltre-finanza.jpg\"><img loading=\"lazy\" decoding=\"async\" class=\"alignleft size-medium wp-image-4505\" title=\"falso_medico_feltre-finanza\" src=\"http:\/\/www.bellunopress.it\/wp-content\/uploads\/2009\/06\/falso_medico_feltre-finanza.jpg\" alt=\"\" width=\"270\" height=\"203\" \/><\/a>Le Fiamme Gialle bellunesi pongono fine all\u2019attivit\u00e0 di un sedicente medico, \u201cspecialista\u201d in medicina alternativa e dietoterapia. I militari della tenenza di Feltre, nell\u2019ambito di servizi a tutela della salute e l\u2019incolumit\u00e0 dei cittadini, notato un consistente andirivieni presso l\u2019abitazione di Anna Ronzon, 65 anni di Feltre \u2013 erborista \u201cdottoressa\u201d in scienze naturali \u2013, al termine di appostamenti e pedinamenti, riuscivano ad individuare le basi operative del \u201cprofessionista\u201d. Nel corso della perquisizione dell\u2019 appartamento sono state sequestrate circa 850 \u201ccartelle cliniche\u201d. Un vero e proprio archivio all\u2019interno del quale era riportata, per ciascun inconsapevole paziente, la patologia sofferta, la terapia prescritta e l\u2019indicazione dei prodotti somministrati. All\u2019interno della stessa abitazione e nei locali attigui destinati ad erboristeria e laboratorio erano custodite 5248 confezioni di preparati omeopatici, prive dei requisiti di legge (indicazioni identificative del lotto di fabbricazione, della data di scadenza ecc.) che, pertanto, sono state sottoposte a sequestro per i successivi accertamenti ed analisi. Grazie alla preventiva e \u201cdiscreta\u201d attivit\u00e0 di osservazione, i finanzieri estendevano le ricerche presso altro immobile nella disponibilit\u00e0 dell\u2019erborista, sempre in Feltre, ove trovavano locali \u201csapientemente\u201d allestiti a studio medico. E\u2019 stato trovato, infatti, un ambulatorio attrezzato con lettini e arredo medico vario, scaffali con testi di medicina, riferimenti ad altri specialisti: il tutto avrebbe tratto in inganno, circa le reali qualifiche del \u201cdottore\u201d, anche il paziente pi\u00f9 attento, visto che, tra l\u2019altro, i medesimi locali, fino a pochi anni fa, erano in uso ad un medico \u201cpatentato\u201d. L&#8217;accusata per\u00f2 si difende affermando di non erssersi mai spacciata per medico:: &#8220;Non prescrivo e non fabbrico medicinali, si tratta di rimedi fitoterapici. Questa vicenda ver\u00e0 chiarita quanto prima dal mio avvocato&#8221;.<\/p>","protected":false},"excerpt":{"rendered":"<p>Le Fiamme Gialle bellunesi pongono fine all\u2019attivit\u00e0 di un sedicente medico, \u201cspecialista\u201d in medicina alternativa e dietoterapia. I militari della tenenza di Feltre, nell\u2019ambito di servizi a tutela della salute e l\u2019incolumit\u00e0 dei cittadini, notato un consistente andirivieni presso l\u2019abitazione di Anna Ronzon, 65 anni di Feltre \u2013 erborista \u201cdottoressa\u201d in scienze naturali \u2013, al [&hellip;]<\/p>\n","protected":false},"author":2,"featured_media":0,"comment_status":"closed","ping_status":"open","sticky":false,"template":"","format":"standard","meta":{"footnotes":""},"categories":[5,26],"tags":[139,302],"class_list":["post-4503","post","type-post","status-publish","format-standard","category-cronaca","category-prima-pagina","tag-belluno","tag-feltre"],"yoast_head":"<!-- This site is optimized with the Yoast SEO plugin v28.4 - https:\/\/yoast.com\/product\/yoast-seo-wordpress\/ -->\n<title>Sedicente medico omeopatico erborista scoperto dalla Fiamme Gialle di Feltre - Bellunopress - Dolomiti<\/title>\n<meta name=\"robots\" content=\"index, follow, max-snippet:-1, max-image-preview:large, max-video-preview:-1\" \/>\n<link rel=\"canonical\" href=\"https:\/\/www.bellunopress.it\/fr\/2009\/06\/06\/sedicente-medico-omeopatico-erborista-scoperto-dalla-fiamme-gialle-di-feltre\/\" \/>\n<meta property=\"og:locale\" content=\"fr_FR\" \/>\n<meta property=\"og:type\" content=\"article\" \/>\n<meta property=\"og:title\" content=\"Sedicente medico omeopatico erborista scoperto dalla Fiamme Gialle di Feltre - Bellunopress - Dolomiti\" \/>\n<meta property=\"og:description\" content=\"Le Fiamme Gialle bellunesi pongono fine all\u2019attivit\u00e0 di un sedicente medico, \u201cspecialista\u201d in medicina alternativa e dietoterapia. I militari della tenenza di Feltre, nell\u2019ambito di servizi a tutela della salute e l\u2019incolumit\u00e0 dei cittadini, notato un consistente andirivieni presso l\u2019abitazione di Anna Ronzon, 65 anni di Feltre \u2013 erborista \u201cdottoressa\u201d in scienze naturali \u2013, al [&hellip;]\" \/>\n<meta property=\"og:url\" content=\"https:\/\/www.bellunopress.it\/fr\/2009\/06\/06\/sedicente-medico-omeopatico-erborista-scoperto-dalla-fiamme-gialle-di-feltre\/\" \/>\n<meta property=\"og:site_name\" content=\"Bellunopress - Dolomiti\" \/>\n<meta property=\"article:publisher\" content=\"https:\/\/www.facebook.com\/profile.php?id=100008943462799\" \/>\n<meta property=\"article:published_time\" content=\"2009-06-06T09:41:01+00:00\" \/>\n<meta property=\"article:modified_time\" content=\"2009-06-08T10:28:39+00:00\" \/>\n<meta property=\"og:image\" content=\"http:\/\/www.bellunopress.it\/wp-content\/uploads\/2009\/06\/falso_medico_feltre-finanza.jpg\" \/>\n<meta name=\"author\" content=\"redazione\" \/>\n<meta name=\"twitter:card\" content=\"summary_large_image\" \/>\n<meta name=\"twitter:creator\" content=\"@bellunopress\" \/>\n<meta name=\"twitter:site\" content=\"@bellunopress\" \/>\n<meta name=\"twitter:label1\" content=\"\u00c9crit par\" \/>\n\t<meta name=\"twitter:data1\" content=\"redazione\" \/>\n\t<meta name=\"twitter:label2\" content=\"Dur\u00e9e de lecture estim\u00e9e\" \/>\n\t<meta name=\"twitter:data2\" content=\"1 minute\" \/>\n<script type=\"application\/ld+json\" class=\"yoast-schema-graph\">{\"@context\":\"https:\\\/\\\/schema.org\",\"@graph\":[{\"@type\":\"Article\",\"@id\":\"https:\\\/\\\/www.bellunopress.it\\\/2009\\\/06\\\/06\\\/sedicente-medico-omeopatico-erborista-scoperto-dalla-fiamme-gialle-di-feltre\\\/#article\",\"isPartOf\":{\"@id\":\"https:\\\/\\\/www.bellunopress.it\\\/2009\\\/06\\\/06\\\/sedicente-medico-omeopatico-erborista-scoperto-dalla-fiamme-gialle-di-feltre\\\/\"},\"author\":{\"name\":\"redazione\",\"@id\":\"https:\\\/\\\/www.bellunopress.it\\\/#\\\/schema\\\/person\\\/79bb06722b37ece1c03d3e94beb30d73\"},\"headline\":\"Sedicente medico omeopatico erborista scoperto dalla Fiamme Gialle di Feltre\",\"datePublished\":\"2009-06-06T09:41:01+00:00\",\"dateModified\":\"2009-06-08T10:28:39+00:00\",\"mainEntityOfPage\":{\"@id\":\"https:\\\/\\\/www.bellunopress.it\\\/2009\\\/06\\\/06\\\/sedicente-medico-omeopatico-erborista-scoperto-dalla-fiamme-gialle-di-feltre\\\/\"},\"wordCount\":290,\"publisher\":{\"@id\":\"https:\\\/\\\/www.bellunopress.it\\\/#organization\"},\"image\":{\"@id\":\"https:\\\/\\\/www.bellunopress.it\\\/2009\\\/06\\\/06\\\/sedicente-medico-omeopatico-erborista-scoperto-dalla-fiamme-gialle-di-feltre\\\/#primaryimage\"},\"thumbnailUrl\":\"http:\\\/\\\/www.bellunopress.it\\\/wp-content\\\/uploads\\\/2009\\\/06\\\/falso_medico_feltre-finanza.jpg\",\"keywords\":[\"Belluno\",\"Feltre\"],\"articleSection\":[\"Cronaca\\\/Politica\",\"Prima Pagina\"],\"inLanguage\":\"fr-FR\"},{\"@type\":\"WebPage\",\"@id\":\"https:\\\/\\\/www.bellunopress.it\\\/2009\\\/06\\\/06\\\/sedicente-medico-omeopatico-erborista-scoperto-dalla-fiamme-gialle-di-feltre\\\/\",\"url\":\"https:\\\/\\\/www.bellunopress.it\\\/2009\\\/06\\\/06\\\/sedicente-medico-omeopatico-erborista-scoperto-dalla-fiamme-gialle-di-feltre\\\/\",\"name\":\"Sedicente medico omeopatico erborista scoperto dalla Fiamme Gialle di Feltre - Bellunopress - Dolomiti\",\"isPartOf\":{\"@id\":\"https:\\\/\\\/www.bellunopress.it\\\/#website\"},\"primaryImageOfPage\":{\"@id\":\"https:\\\/\\\/www.bellunopress.it\\\/2009\\\/06\\\/06\\\/sedicente-medico-omeopatico-erborista-scoperto-dalla-fiamme-gialle-di-feltre\\\/#primaryimage\"},\"image\":{\"@id\":\"https:\\\/\\\/www.bellunopress.it\\\/2009\\\/06\\\/06\\\/sedicente-medico-omeopatico-erborista-scoperto-dalla-fiamme-gialle-di-feltre\\\/#primaryimage\"},\"thumbnailUrl\":\"http:\\\/\\\/www.bellunopress.it\\\/wp-content\\\/uploads\\\/2009\\\/06\\\/falso_medico_feltre-finanza.jpg\",\"datePublished\":\"2009-06-06T09:41:01+00:00\",\"dateModified\":\"2009-06-08T10:28:39+00:00\",\"breadcrumb\":{\"@id\":\"https:\\\/\\\/www.bellunopress.it\\\/2009\\\/06\\\/06\\\/sedicente-medico-omeopatico-erborista-scoperto-dalla-fiamme-gialle-di-feltre\\\/#breadcrumb\"},\"inLanguage\":\"fr-FR\",\"potentialAction\":[{\"@type\":\"ReadAction\",\"target\":[\"https:\\\/\\\/www.bellunopress.it\\\/2009\\\/06\\\/06\\\/sedicente-medico-omeopatico-erborista-scoperto-dalla-fiamme-gialle-di-feltre\\\/\"]}]},{\"@type\":\"ImageObject\",\"inLanguage\":\"fr-FR\",\"@id\":\"https:\\\/\\\/www.bellunopress.it\\\/2009\\\/06\\\/06\\\/sedicente-medico-omeopatico-erborista-scoperto-dalla-fiamme-gialle-di-feltre\\\/#primaryimage\",\"url\":\"http:\\\/\\\/www.bellunopress.it\\\/wp-content\\\/uploads\\\/2009\\\/06\\\/falso_medico_feltre-finanza.jpg\",\"contentUrl\":\"http:\\\/\\\/www.bellunopress.it\\\/wp-content\\\/uploads\\\/2009\\\/06\\\/falso_medico_feltre-finanza.jpg\"},{\"@type\":\"BreadcrumbList\",\"@id\":\"https:\\\/\\\/www.bellunopress.it\\\/2009\\\/06\\\/06\\\/sedicente-medico-omeopatico-erborista-scoperto-dalla-fiamme-gialle-di-feltre\\\/#breadcrumb\",\"itemListElement\":[{\"@type\":\"ListItem\",\"position\":1,\"name\":\"Home\",\"item\":\"https:\\\/\\\/www.bellunopress.it\\\/\"},{\"@type\":\"ListItem\",\"position\":2,\"name\":\"Sedicente medico omeopatico erborista scoperto dalla Fiamme Gialle di Feltre\"}]},{\"@type\":\"WebSite\",\"@id\":\"https:\\\/\\\/www.bellunopress.it\\\/#website\",\"url\":\"https:\\\/\\\/www.bellunopress.it\\\/\",\"name\":\"Bellunopress - Dolomiti\",\"description\":\"e-mail: redazione@bellunopress.it\",\"publisher\":{\"@id\":\"https:\\\/\\\/www.bellunopress.it\\\/#organization\"},\"potentialAction\":[{\"@type\":\"SearchAction\",\"target\":{\"@type\":\"EntryPoint\",\"urlTemplate\":\"https:\\\/\\\/www.bellunopress.it\\\/?s={search_term_string}\"},\"query-input\":{\"@type\":\"PropertyValueSpecification\",\"valueRequired\":true,\"valueName\":\"search_term_string\"}}],\"inLanguage\":\"fr-FR\"},{\"@type\":\"Organization\",\"@id\":\"https:\\\/\\\/www.bellunopress.it\\\/#organization\",\"name\":\"Bellunopress\",\"url\":\"https:\\\/\\\/www.bellunopress.it\\\/\",\"logo\":{\"@type\":\"ImageObject\",\"inLanguage\":\"fr-FR\",\"@id\":\"https:\\\/\\\/www.bellunopress.it\\\/#\\\/schema\\\/logo\\\/image\\\/\",\"url\":\"https:\\\/\\\/www.bellunopress.it\\\/wp-content\\\/uploads\\\/2011\\\/05\\\/cropped-logo-bellunopress-.jpg\",\"contentUrl\":\"https:\\\/\\\/www.bellunopress.it\\\/wp-content\\\/uploads\\\/2011\\\/05\\\/cropped-logo-bellunopress-.jpg\",\"width\":512,\"height\":512,\"caption\":\"Bellunopress\"},\"image\":{\"@id\":\"https:\\\/\\\/www.bellunopress.it\\\/#\\\/schema\\\/logo\\\/image\\\/\"},\"sameAs\":[\"https:\\\/\\\/www.facebook.com\\\/profile.php?id=100008943462799\",\"https:\\\/\\\/x.com\\\/bellunopress\",\"https:\\\/\\\/www.linkedin.com\\\/hp\\\/?dnr=JBzUWaJfMUw8vbXJJ2tVW5-I3jZKvC4wsoxE&amp;amp;amp;amp;amp;amp;trk=nav_responsive_tab_home\",\"https:\\\/\\\/www.youtube.com\\\/channel\\\/UCxL0wu1uN0_3_7hGG0306cw\"]},{\"@type\":\"Person\",\"@id\":\"https:\\\/\\\/www.bellunopress.it\\\/#\\\/schema\\\/person\\\/79bb06722b37ece1c03d3e94beb30d73\",\"name\":\"redazione\",\"image\":{\"@type\":\"ImageObject\",\"inLanguage\":\"fr-FR\",\"@id\":\"https:\\\/\\\/secure.gravatar.com\\\/avatar\\\/37d968a2e67a6fd04c169c4bdef102d0bc5d31b2546345219e348575eb80e9a0?s=96&d=mm&r=g\",\"url\":\"https:\\\/\\\/secure.gravatar.com\\\/avatar\\\/37d968a2e67a6fd04c169c4bdef102d0bc5d31b2546345219e348575eb80e9a0?s=96&d=mm&r=g\",\"contentUrl\":\"https:\\\/\\\/secure.gravatar.com\\\/avatar\\\/37d968a2e67a6fd04c169c4bdef102d0bc5d31b2546345219e348575eb80e9a0?s=96&d=mm&r=g\",\"caption\":\"redazione\"},\"sameAs\":[\"http:\\\/\\\/www.bellunopress.it\",\"https:\\\/\\\/x.com\\\/bellunopress\"],\"url\":\"https:\\\/\\\/www.bellunopress.it\\\/fr\\\/author\\\/redazione\\\/\"}]}<\/script>\n<!-- \/ Yoast SEO plugin. -->","yoast_head_json":{"title":"Sedicente medico omeopatico erborista scoperto dalla Fiamme Gialle di Feltre - Bellunopress - Dolomiti","robots":{"index":"index","follow":"follow","max-snippet":"max-snippet:-1","max-image-preview":"max-image-preview:large","max-video-preview":"max-video-preview:-1"},"canonical":"https:\/\/www.bellunopress.it\/fr\/2009\/06\/06\/sedicente-medico-omeopatico-erborista-scoperto-dalla-fiamme-gialle-di-feltre\/","og_locale":"fr_FR","og_type":"article","og_title":"Sedicente medico omeopatico erborista scoperto dalla Fiamme Gialle di Feltre - Bellunopress - Dolomiti","og_description":"Le Fiamme Gialle bellunesi pongono fine all\u2019attivit\u00e0 di un sedicente medico, \u201cspecialista\u201d in medicina alternativa e dietoterapia. I militari della tenenza di Feltre, nell\u2019ambito di servizi a tutela della salute e l\u2019incolumit\u00e0 dei cittadini, notato un consistente andirivieni presso l\u2019abitazione di Anna Ronzon, 65 anni di Feltre \u2013 erborista \u201cdottoressa\u201d in scienze naturali \u2013, al [&hellip;]","og_url":"https:\/\/www.bellunopress.it\/fr\/2009\/06\/06\/sedicente-medico-omeopatico-erborista-scoperto-dalla-fiamme-gialle-di-feltre\/","og_site_name":"Bellunopress - Dolomiti","article_publisher":"https:\/\/www.facebook.com\/profile.php?id=100008943462799","article_published_time":"2009-06-06T09:41:01+00:00","article_modified_time":"2009-06-08T10:28:39+00:00","og_image":[{"url":"http:\/\/www.bellunopress.it\/wp-content\/uploads\/2009\/06\/falso_medico_feltre-finanza.jpg","type":"","width":"","height":""}],"author":"redazione","twitter_card":"summary_large_image","twitter_creator":"@bellunopress","twitter_site":"@bellunopress","twitter_misc":{"\u00c9crit par":"redazione","Dur\u00e9e de lecture estim\u00e9e":"1 minute"},"schema":{"@context":"https:\/\/schema.org","@graph":[{"@type":"Article","@id":"https:\/\/www.bellunopress.it\/2009\/06\/06\/sedicente-medico-omeopatico-erborista-scoperto-dalla-fiamme-gialle-di-feltre\/#article","isPartOf":{"@id":"https:\/\/www.bellunopress.it\/2009\/06\/06\/sedicente-medico-omeopatico-erborista-scoperto-dalla-fiamme-gialle-di-feltre\/"},"author":{"name":"redazione","@id":"https:\/\/www.bellunopress.it\/#\/schema\/person\/79bb06722b37ece1c03d3e94beb30d73"},"headline":"Sedicente medico omeopatico erborista scoperto dalla Fiamme Gialle di Feltre","datePublished":"2009-06-06T09:41:01+00:00","dateModified":"2009-06-08T10:28:39+00:00","mainEntityOfPage":{"@id":"https:\/\/www.bellunopress.it\/2009\/06\/06\/sedicente-medico-omeopatico-erborista-scoperto-dalla-fiamme-gialle-di-feltre\/"},"wordCount":290,"publisher":{"@id":"https:\/\/www.bellunopress.it\/#organization"},"image":{"@id":"https:\/\/www.bellunopress.it\/2009\/06\/06\/sedicente-medico-omeopatico-erborista-scoperto-dalla-fiamme-gialle-di-feltre\/#primaryimage"},"thumbnailUrl":"http:\/\/www.bellunopress.it\/wp-content\/uploads\/2009\/06\/falso_medico_feltre-finanza.jpg","keywords":["Belluno","Feltre"],"articleSection":["Cronaca\/Politica","Prima Pagina"],"inLanguage":"fr-FR"},{"@type":"WebPage","@id":"https:\/\/www.bellunopress.it\/2009\/06\/06\/sedicente-medico-omeopatico-erborista-scoperto-dalla-fiamme-gialle-di-feltre\/","url":"https:\/\/www.bellunopress.it\/2009\/06\/06\/sedicente-medico-omeopatico-erborista-scoperto-dalla-fiamme-gialle-di-feltre\/","name":"Sedicente medico omeopatico erborista scoperto dalla Fiamme Gialle di Feltre - Bellunopress - Dolomiti","isPartOf":{"@id":"https:\/\/www.bellunopress.it\/#website"},"primaryImageOfPage":{"@id":"https:\/\/www.bellunopress.it\/2009\/06\/06\/sedicente-medico-omeopatico-erborista-scoperto-dalla-fiamme-gialle-di-feltre\/#primaryimage"},"image":{"@id":"https:\/\/www.bellunopress.it\/2009\/06\/06\/sedicente-medico-omeopatico-erborista-scoperto-dalla-fiamme-gialle-di-feltre\/#primaryimage"},"thumbnailUrl":"http:\/\/www.bellunopress.it\/wp-content\/uploads\/2009\/06\/falso_medico_feltre-finanza.jpg","datePublished":"2009-06-06T09:41:01+00:00","dateModified":"2009-06-08T10:28:39+00:00","breadcrumb":{"@id":"https:\/\/www.bellunopress.it\/2009\/06\/06\/sedicente-medico-omeopatico-erborista-scoperto-dalla-fiamme-gialle-di-feltre\/#breadcrumb"},"inLanguage":"fr-FR","potentialAction":[{"@type":"ReadAction","target":["https:\/\/www.bellunopress.it\/2009\/06\/06\/sedicente-medico-omeopatico-erborista-scoperto-dalla-fiamme-gialle-di-feltre\/"]}]},{"@type":"ImageObject","inLanguage":"fr-FR","@id":"https:\/\/www.bellunopress.it\/2009\/06\/06\/sedicente-medico-omeopatico-erborista-scoperto-dalla-fiamme-gialle-di-feltre\/#primaryimage","url":"http:\/\/www.bellunopress.it\/wp-content\/uploads\/2009\/06\/falso_medico_feltre-finanza.jpg","contentUrl":"http:\/\/www.bellunopress.it\/wp-content\/uploads\/2009\/06\/falso_medico_feltre-finanza.jpg"},{"@type":"BreadcrumbList","@id":"https:\/\/www.bellunopress.it\/2009\/06\/06\/sedicente-medico-omeopatico-erborista-scoperto-dalla-fiamme-gialle-di-feltre\/#breadcrumb","itemListElement":[{"@type":"ListItem","position":1,"name":"Home","item":"https:\/\/www.bellunopress.it\/"},{"@type":"ListItem","position":2,"name":"Sedicente medico omeopatico erborista scoperto dalla Fiamme Gialle di Feltre"}]},{"@type":"WebSite","@id":"https:\/\/www.bellunopress.it\/#website","url":"https:\/\/www.bellunopress.it\/","name":"Bellunopress - Dolomiti","description":"e-mail: redazione@bellunopress.it","publisher":{"@id":"https:\/\/www.bellunopress.it\/#organization"},"potentialAction":[{"@type":"SearchAction","target":{"@type":"EntryPoint","urlTemplate":"https:\/\/www.bellunopress.it\/?s={search_term_string}"},"query-input":{"@type":"PropertyValueSpecification","valueRequired":true,"valueName":"search_term_string"}}],"inLanguage":"fr-FR"},{"@type":"Organization","@id":"https:\/\/www.bellunopress.it\/#organization","name":"Bellunopress","url":"https:\/\/www.bellunopress.it\/","logo":{"@type":"ImageObject","inLanguage":"fr-FR","@id":"https:\/\/www.bellunopress.it\/#\/schema\/logo\/image\/","url":"https:\/\/www.bellunopress.it\/wp-content\/uploads\/2011\/05\/cropped-logo-bellunopress-.jpg","contentUrl":"https:\/\/www.bellunopress.it\/wp-content\/uploads\/2011\/05\/cropped-logo-bellunopress-.jpg","width":512,"height":512,"caption":"Bellunopress"},"image":{"@id":"https:\/\/www.bellunopress.it\/#\/schema\/logo\/image\/"},"sameAs":["https:\/\/www.facebook.com\/profile.php?id=100008943462799","https:\/\/x.com\/bellunopress","https:\/\/www.linkedin.com\/hp\/?dnr=JBzUWaJfMUw8vbXJJ2tVW5-I3jZKvC4wsoxE&amp;amp;amp;amp;amp;amp;trk=nav_responsive_tab_home","https:\/\/www.youtube.com\/channel\/UCxL0wu1uN0_3_7hGG0306cw"]},{"@type":"Person","@id":"https:\/\/www.bellunopress.it\/#\/schema\/person\/79bb06722b37ece1c03d3e94beb30d73","name":"r\u00e9daction","image":{"@type":"ImageObject","inLanguage":"fr-FR","@id":"https:\/\/secure.gravatar.com\/avatar\/37d968a2e67a6fd04c169c4bdef102d0bc5d31b2546345219e348575eb80e9a0?s=96&d=mm&r=g","url":"https:\/\/secure.gravatar.com\/avatar\/37d968a2e67a6fd04c169c4bdef102d0bc5d31b2546345219e348575eb80e9a0?s=96&d=mm&r=g","contentUrl":"https:\/\/secure.gravatar.com\/avatar\/37d968a2e67a6fd04c169c4bdef102d0bc5d31b2546345219e348575eb80e9a0?s=96&d=mm&r=g","caption":"redazione"},"sameAs":["http:\/\/www.bellunopress.it","https:\/\/x.com\/bellunopress"],"url":"https:\/\/www.bellunopress.it\/fr\/author\/redazione\/"}]}},"_links":{"self":[{"href":"https:\/\/www.bellunopress.it\/fr\/wp-json\/wp\/v2\/posts\/4503","targetHints":{"allow":["GET"]}}],"collection":[{"href":"https:\/\/www.bellunopress.it\/fr\/wp-json\/wp\/v2\/posts"}],"about":[{"href":"https:\/\/www.bellunopress.it\/fr\/wp-json\/wp\/v2\/types\/post"}],"author":[{"embeddable":true,"href":"https:\/\/www.bellunopress.it\/fr\/wp-json\/wp\/v2\/users\/2"}],"replies":[{"embeddable":true,"href":"https:\/\/www.bellunopress.it\/fr\/wp-json\/wp\/v2\/comments?post=4503"}],"version-history":[{"count":4,"href":"https:\/\/www.bellunopress.it\/fr\/wp-json\/wp\/v2\/posts\/4503\/revisions"}],"predecessor-version":[{"id":4578,"href":"https:\/\/www.bellunopress.it\/fr\/wp-json\/wp\/v2\/posts\/4503\/revisions\/4578"}],"wp:attachment":[{"href":"https:\/\/www.bellunopress.it\/fr\/wp-json\/wp\/v2\/media?parent=4503"}],"wp:term":[{"taxonomy":"category","embeddable":true,"href":"https:\/\/www.bellunopress.it\/fr\/wp-json\/wp\/v2\/categories?post=4503"},{"taxonomy":"post_tag","embeddable":true,"href":"https:\/\/www.bellunopress.it\/fr\/wp-json\/wp\/v2\/tags?post=4503"}],"curies":[{"name":"wp","href":"https:\/\/api.w.org\/{rel}","templated":true}]}}