{"id":45024,"date":"2012-12-20T19:33:39","date_gmt":"2012-12-20T18:33:39","guid":{"rendered":"http:\/\/www.bellunopress.it\/?p=45024"},"modified":"2012-12-20T19:33:39","modified_gmt":"2012-12-20T18:33:39","slug":"primarie-provinciali-del-pd-i-giovani-democratici-del-feltrino-compatti-su-alessandro-dalla-gasperina","status":"publish","type":"post","link":"https:\/\/www.bellunopress.it\/fr\/2012\/12\/20\/primarie-provinciali-del-pd-i-giovani-democratici-del-feltrino-compatti-su-alessandro-dalla-gasperina\/","title":{"rendered":"Primarie provinciali del Pd: i Giovani democratici del Feltrino compatti su Alessandro Dalla Gasperina"},"content":{"rendered":"<p><a href=\"http:\/\/www.bellunopress.it\/wp-content\/uploads\/2011\/07\/giovani-democratici-del-feltrino.png\"><img loading=\"lazy\" decoding=\"async\" class=\"alignleft size-full wp-image-28980\" alt=\"giovani democratici del feltrino\" src=\"http:\/\/www.bellunopress.it\/wp-content\/uploads\/2011\/07\/giovani-democratici-del-feltrino.png\" width=\"150\" height=\"113\" \/><\/a>\u00c8 stato ufficializzato questa mattina, da parte del gruppo Giovani Democratici del Feltrino (rappresentato dal segretario Jacopo Zannin e dal vice Giuseppe Gris), l\u2019appoggio alla proposta di candidatura di Alessandro Dalla Gasperina alle primarie\u00a0del Partito Democratico.<\/p>\n<p>\u201cCi siamo interrogati sulla possibilit\u00e0 di proporre una candidatura nostra \u2013 ha commentato il segretario GDF, Jacopo Zannin \u2013 una candidatura fuori dagli schemi, che rispondesse contemporaneamente ad un bisogno di innovazione e competenza, un membro della societ\u00e0 civile che, pur nella coerenza di idee e nella storica ed\u00a0indiscutibile appartenenza al centrosinistra, dimostrasse la capacit\u00e0 del Partito Democratico di coinvolgere nel suo percorso anche personalit\u00e0 al di fuori della sua stretta rete di tesserati, ma comunque apprezzate e riconosciute per il loro impegno civico, dentro o fuori la politica. In questo senso ci \u00e8 parsa andare la candidatura di Alessandro Dalla Gasperina, con cui abbiamo avuto da subito un confronto schietto e sincero, mediante il quale abbiamo fugato i nostri dubbi e trovato risposte alle nostre preoccupazioni: la sua manifestata disponibilit\u00e0 ad essere della partita ha quindi raccolto un consenso ed un appoggio molto ampio in tutto il gruppo, che oggi abbiamo voluto manifestare pubblicamente. Riteniamo che la candidatura di Dalla Gasperina, grande animatore culturale della citt\u00e0 di Feltre, amministratore appassionato e figura ben radicata sul territorio, come dimostrano le oltre 300 preferenze personali raccolte alle ultime elezioni amministrative, che ne hanno fatto il candidato pi\u00f9 votato di tutta la coalizione di centrosinistra, sia un fatto positivo anche per il Partito Democratico.\u201d<\/p>\n<p>Dalla Gasperina dal canto suo ha voluto rimarcare l\u2019interesse e l\u2019impegno politico di lungo corso, prima nel PCI, ora da indipendente, ma sempre nella convinzione e con l\u2019obbiettivo dell\u2019unit\u00e0 della sinistra: \u201cDa cittadino sento forte la frattura enorme che c\u2019\u00e8 tra chi vota e chi \u00e8 eletto, serve un\u2019assunzione di responsabilit\u00e0 che vada davvero nella direzione di una politica di servizio, che ricostruisca quel legame tra il territorio, ogni cittadino rappresentato e chi \u00e8 eletto.\u201d<\/p>\n<p>E ancora: \u201cHo condiviso un percorso con i Giovani Democratici di Feltre, ma i patti sono stati chiari fin da subito: la mia disponibilit\u00e0 \u00e8 per un giro, un mandato, nulla di pi\u00f9.\u201d<\/p>\n<p>Ora la strada da fare \u00e8 appassionante, ma complessa: la stessa candidatura alle primarie rischierebbe di essere compromessa se non si riusciranno a raccogliere le 50 firme di tesserati PD (che costituiscono oltre il 10% di tutti gli iscritti della provincia) necessarie per la presentazione formale, come previsto dal regolamento adottato in sede nazionale. Ci\u00f2 a maggior ragione che con una clausola assolutamente assurda, verticistica e palesemente contro il rinnovamento, ai fini\u00a0della sottoscrizione delle candidature rileva SOLO ED ESCLUSIVAMENTE la tessera del Partito Democratico e NON anche quella dei Giovani Democratici, punto su cui durissimo \u00e8 stato il giudizio di Jacopo Zannin, interprete del sentimento comune del gruppo GDF. Senza contare che il termine definitivo scade sabato prossimo 22\/12,\u00a0quindi il tempo \u00e8 davvero pochissimo.<\/p>","protected":false},"excerpt":{"rendered":"<p>\u00c8 stato ufficializzato questa mattina, da parte del gruppo Giovani Democratici del Feltrino (rappresentato dal segretario Jacopo Zannin e dal vice Giuseppe Gris), l\u2019appoggio alla proposta di candidatura di Alessandro Dalla Gasperina alle primarie\u00a0del Partito Democratico. \u201cCi siamo interrogati sulla possibilit\u00e0 di proporre una candidatura nostra \u2013 ha commentato il segretario GDF, Jacopo Zannin \u2013 [&hellip;]<\/p>\n","protected":false},"author":2,"featured_media":0,"comment_status":"closed","ping_status":"open","sticky":false,"template":"","format":"standard","meta":{"footnotes":""},"categories":[5,26],"tags":[],"class_list":["post-45024","post","type-post","status-publish","format-standard","category-cronaca","category-prima-pagina"],"yoast_head":"<!-- This site is optimized with the Yoast SEO plugin v28.4 - https:\/\/yoast.com\/product\/yoast-seo-wordpress\/ -->\n<title>Primarie provinciali del Pd: i Giovani democratici del Feltrino compatti su Alessandro Dalla Gasperina - Bellunopress - Dolomiti<\/title>\n<meta name=\"robots\" content=\"index, follow, max-snippet:-1, max-image-preview:large, max-video-preview:-1\" \/>\n<link rel=\"canonical\" href=\"https:\/\/www.bellunopress.it\/fr\/2012\/12\/20\/primarie-provinciali-del-pd-i-giovani-democratici-del-feltrino-compatti-su-alessandro-dalla-gasperina\/\" \/>\n<meta property=\"og:locale\" content=\"fr_FR\" \/>\n<meta property=\"og:type\" content=\"article\" \/>\n<meta property=\"og:title\" content=\"Primarie provinciali del Pd: i Giovani democratici del Feltrino compatti su Alessandro Dalla Gasperina - Bellunopress - Dolomiti\" \/>\n<meta property=\"og:description\" content=\"\u00c8 stato ufficializzato questa mattina, da parte del gruppo Giovani Democratici del Feltrino (rappresentato dal segretario Jacopo Zannin e dal vice Giuseppe Gris), l\u2019appoggio alla proposta di candidatura di Alessandro Dalla Gasperina alle primarie\u00a0del Partito Democratico. \u201cCi siamo interrogati sulla possibilit\u00e0 di proporre una candidatura nostra \u2013 ha commentato il segretario GDF, Jacopo Zannin \u2013 [&hellip;]\" \/>\n<meta property=\"og:url\" content=\"https:\/\/www.bellunopress.it\/fr\/2012\/12\/20\/primarie-provinciali-del-pd-i-giovani-democratici-del-feltrino-compatti-su-alessandro-dalla-gasperina\/\" \/>\n<meta property=\"og:site_name\" content=\"Bellunopress - Dolomiti\" \/>\n<meta property=\"article:publisher\" content=\"https:\/\/www.facebook.com\/profile.php?id=100008943462799\" \/>\n<meta property=\"article:published_time\" content=\"2012-12-20T18:33:39+00:00\" \/>\n<meta property=\"og:image\" content=\"http:\/\/www.bellunopress.it\/wp-content\/uploads\/2011\/07\/giovani-democratici-del-feltrino.png\" \/>\n<meta name=\"author\" content=\"redazione\" \/>\n<meta name=\"twitter:card\" content=\"summary_large_image\" \/>\n<meta name=\"twitter:creator\" content=\"@bellunopress\" \/>\n<meta name=\"twitter:site\" content=\"@bellunopress\" \/>\n<meta name=\"twitter:label1\" content=\"\u00c9crit par\" \/>\n\t<meta name=\"twitter:data1\" content=\"redazione\" \/>\n\t<meta name=\"twitter:label2\" content=\"Dur\u00e9e de lecture estim\u00e9e\" \/>\n\t<meta name=\"twitter:data2\" content=\"2 minutes\" \/>\n<script type=\"application\/ld+json\" class=\"yoast-schema-graph\">{\"@context\":\"https:\\\/\\\/schema.org\",\"@graph\":[{\"@type\":\"Article\",\"@id\":\"https:\\\/\\\/www.bellunopress.it\\\/2012\\\/12\\\/20\\\/primarie-provinciali-del-pd-i-giovani-democratici-del-feltrino-compatti-su-alessandro-dalla-gasperina\\\/#article\",\"isPartOf\":{\"@id\":\"https:\\\/\\\/www.bellunopress.it\\\/2012\\\/12\\\/20\\\/primarie-provinciali-del-pd-i-giovani-democratici-del-feltrino-compatti-su-alessandro-dalla-gasperina\\\/\"},\"author\":{\"name\":\"redazione\",\"@id\":\"https:\\\/\\\/www.bellunopress.it\\\/#\\\/schema\\\/person\\\/79bb06722b37ece1c03d3e94beb30d73\"},\"headline\":\"Primarie provinciali del Pd: i Giovani democratici del Feltrino compatti su Alessandro Dalla Gasperina\",\"datePublished\":\"2012-12-20T18:33:39+00:00\",\"mainEntityOfPage\":{\"@id\":\"https:\\\/\\\/www.bellunopress.it\\\/2012\\\/12\\\/20\\\/primarie-provinciali-del-pd-i-giovani-democratici-del-feltrino-compatti-su-alessandro-dalla-gasperina\\\/\"},\"wordCount\":490,\"publisher\":{\"@id\":\"https:\\\/\\\/www.bellunopress.it\\\/#organization\"},\"image\":{\"@id\":\"https:\\\/\\\/www.bellunopress.it\\\/2012\\\/12\\\/20\\\/primarie-provinciali-del-pd-i-giovani-democratici-del-feltrino-compatti-su-alessandro-dalla-gasperina\\\/#primaryimage\"},\"thumbnailUrl\":\"http:\\\/\\\/www.bellunopress.it\\\/wp-content\\\/uploads\\\/2011\\\/07\\\/giovani-democratici-del-feltrino.png\",\"articleSection\":[\"Cronaca\\\/Politica\",\"Prima Pagina\"],\"inLanguage\":\"fr-FR\"},{\"@type\":\"WebPage\",\"@id\":\"https:\\\/\\\/www.bellunopress.it\\\/2012\\\/12\\\/20\\\/primarie-provinciali-del-pd-i-giovani-democratici-del-feltrino-compatti-su-alessandro-dalla-gasperina\\\/\",\"url\":\"https:\\\/\\\/www.bellunopress.it\\\/2012\\\/12\\\/20\\\/primarie-provinciali-del-pd-i-giovani-democratici-del-feltrino-compatti-su-alessandro-dalla-gasperina\\\/\",\"name\":\"Primarie provinciali del Pd: i Giovani democratici del Feltrino compatti su Alessandro Dalla Gasperina - Bellunopress - Dolomiti\",\"isPartOf\":{\"@id\":\"https:\\\/\\\/www.bellunopress.it\\\/#website\"},\"primaryImageOfPage\":{\"@id\":\"https:\\\/\\\/www.bellunopress.it\\\/2012\\\/12\\\/20\\\/primarie-provinciali-del-pd-i-giovani-democratici-del-feltrino-compatti-su-alessandro-dalla-gasperina\\\/#primaryimage\"},\"image\":{\"@id\":\"https:\\\/\\\/www.bellunopress.it\\\/2012\\\/12\\\/20\\\/primarie-provinciali-del-pd-i-giovani-democratici-del-feltrino-compatti-su-alessandro-dalla-gasperina\\\/#primaryimage\"},\"thumbnailUrl\":\"http:\\\/\\\/www.bellunopress.it\\\/wp-content\\\/uploads\\\/2011\\\/07\\\/giovani-democratici-del-feltrino.png\",\"datePublished\":\"2012-12-20T18:33:39+00:00\",\"breadcrumb\":{\"@id\":\"https:\\\/\\\/www.bellunopress.it\\\/2012\\\/12\\\/20\\\/primarie-provinciali-del-pd-i-giovani-democratici-del-feltrino-compatti-su-alessandro-dalla-gasperina\\\/#breadcrumb\"},\"inLanguage\":\"fr-FR\",\"potentialAction\":[{\"@type\":\"ReadAction\",\"target\":[\"https:\\\/\\\/www.bellunopress.it\\\/2012\\\/12\\\/20\\\/primarie-provinciali-del-pd-i-giovani-democratici-del-feltrino-compatti-su-alessandro-dalla-gasperina\\\/\"]}]},{\"@type\":\"ImageObject\",\"inLanguage\":\"fr-FR\",\"@id\":\"https:\\\/\\\/www.bellunopress.it\\\/2012\\\/12\\\/20\\\/primarie-provinciali-del-pd-i-giovani-democratici-del-feltrino-compatti-su-alessandro-dalla-gasperina\\\/#primaryimage\",\"url\":\"http:\\\/\\\/www.bellunopress.it\\\/wp-content\\\/uploads\\\/2011\\\/07\\\/giovani-democratici-del-feltrino.png\",\"contentUrl\":\"http:\\\/\\\/www.bellunopress.it\\\/wp-content\\\/uploads\\\/2011\\\/07\\\/giovani-democratici-del-feltrino.png\"},{\"@type\":\"BreadcrumbList\",\"@id\":\"https:\\\/\\\/www.bellunopress.it\\\/2012\\\/12\\\/20\\\/primarie-provinciali-del-pd-i-giovani-democratici-del-feltrino-compatti-su-alessandro-dalla-gasperina\\\/#breadcrumb\",\"itemListElement\":[{\"@type\":\"ListItem\",\"position\":1,\"name\":\"Home\",\"item\":\"https:\\\/\\\/www.bellunopress.it\\\/\"},{\"@type\":\"ListItem\",\"position\":2,\"name\":\"Primarie provinciali del Pd: i Giovani democratici del Feltrino compatti su Alessandro Dalla Gasperina\"}]},{\"@type\":\"WebSite\",\"@id\":\"https:\\\/\\\/www.bellunopress.it\\\/#website\",\"url\":\"https:\\\/\\\/www.bellunopress.it\\\/\",\"name\":\"Bellunopress - Dolomiti\",\"description\":\"e-mail: redazione@bellunopress.it\",\"publisher\":{\"@id\":\"https:\\\/\\\/www.bellunopress.it\\\/#organization\"},\"potentialAction\":[{\"@type\":\"SearchAction\",\"target\":{\"@type\":\"EntryPoint\",\"urlTemplate\":\"https:\\\/\\\/www.bellunopress.it\\\/?s={search_term_string}\"},\"query-input\":{\"@type\":\"PropertyValueSpecification\",\"valueRequired\":true,\"valueName\":\"search_term_string\"}}],\"inLanguage\":\"fr-FR\"},{\"@type\":\"Organization\",\"@id\":\"https:\\\/\\\/www.bellunopress.it\\\/#organization\",\"name\":\"Bellunopress\",\"url\":\"https:\\\/\\\/www.bellunopress.it\\\/\",\"logo\":{\"@type\":\"ImageObject\",\"inLanguage\":\"fr-FR\",\"@id\":\"https:\\\/\\\/www.bellunopress.it\\\/#\\\/schema\\\/logo\\\/image\\\/\",\"url\":\"https:\\\/\\\/www.bellunopress.it\\\/wp-content\\\/uploads\\\/2011\\\/05\\\/cropped-logo-bellunopress-.jpg\",\"contentUrl\":\"https:\\\/\\\/www.bellunopress.it\\\/wp-content\\\/uploads\\\/2011\\\/05\\\/cropped-logo-bellunopress-.jpg\",\"width\":512,\"height\":512,\"caption\":\"Bellunopress\"},\"image\":{\"@id\":\"https:\\\/\\\/www.bellunopress.it\\\/#\\\/schema\\\/logo\\\/image\\\/\"},\"sameAs\":[\"https:\\\/\\\/www.facebook.com\\\/profile.php?id=100008943462799\",\"https:\\\/\\\/x.com\\\/bellunopress\",\"https:\\\/\\\/www.linkedin.com\\\/hp\\\/?dnr=JBzUWaJfMUw8vbXJJ2tVW5-I3jZKvC4wsoxE&amp;amp;amp;amp;amp;amp;trk=nav_responsive_tab_home\",\"https:\\\/\\\/www.youtube.com\\\/channel\\\/UCxL0wu1uN0_3_7hGG0306cw\"]},{\"@type\":\"Person\",\"@id\":\"https:\\\/\\\/www.bellunopress.it\\\/#\\\/schema\\\/person\\\/79bb06722b37ece1c03d3e94beb30d73\",\"name\":\"redazione\",\"image\":{\"@type\":\"ImageObject\",\"inLanguage\":\"fr-FR\",\"@id\":\"https:\\\/\\\/secure.gravatar.com\\\/avatar\\\/37d968a2e67a6fd04c169c4bdef102d0bc5d31b2546345219e348575eb80e9a0?s=96&d=mm&r=g\",\"url\":\"https:\\\/\\\/secure.gravatar.com\\\/avatar\\\/37d968a2e67a6fd04c169c4bdef102d0bc5d31b2546345219e348575eb80e9a0?s=96&d=mm&r=g\",\"contentUrl\":\"https:\\\/\\\/secure.gravatar.com\\\/avatar\\\/37d968a2e67a6fd04c169c4bdef102d0bc5d31b2546345219e348575eb80e9a0?s=96&d=mm&r=g\",\"caption\":\"redazione\"},\"sameAs\":[\"http:\\\/\\\/www.bellunopress.it\",\"https:\\\/\\\/x.com\\\/bellunopress\"],\"url\":\"https:\\\/\\\/www.bellunopress.it\\\/fr\\\/author\\\/redazione\\\/\"}]}<\/script>\n<!-- \/ Yoast SEO plugin. -->","yoast_head_json":{"title":"Primarie provinciali del Pd: i Giovani democratici del Feltrino compatti su Alessandro Dalla Gasperina - Bellunopress - Dolomiti","robots":{"index":"index","follow":"follow","max-snippet":"max-snippet:-1","max-image-preview":"max-image-preview:large","max-video-preview":"max-video-preview:-1"},"canonical":"https:\/\/www.bellunopress.it\/fr\/2012\/12\/20\/primarie-provinciali-del-pd-i-giovani-democratici-del-feltrino-compatti-su-alessandro-dalla-gasperina\/","og_locale":"fr_FR","og_type":"article","og_title":"Primarie provinciali del Pd: i Giovani democratici del Feltrino compatti su Alessandro Dalla Gasperina - Bellunopress - Dolomiti","og_description":"\u00c8 stato ufficializzato questa mattina, da parte del gruppo Giovani Democratici del Feltrino (rappresentato dal segretario Jacopo Zannin e dal vice Giuseppe Gris), l\u2019appoggio alla proposta di candidatura di Alessandro Dalla Gasperina alle primarie\u00a0del Partito Democratico. \u201cCi siamo interrogati sulla possibilit\u00e0 di proporre una candidatura nostra \u2013 ha commentato il segretario GDF, Jacopo Zannin \u2013 [&hellip;]","og_url":"https:\/\/www.bellunopress.it\/fr\/2012\/12\/20\/primarie-provinciali-del-pd-i-giovani-democratici-del-feltrino-compatti-su-alessandro-dalla-gasperina\/","og_site_name":"Bellunopress - Dolomiti","article_publisher":"https:\/\/www.facebook.com\/profile.php?id=100008943462799","article_published_time":"2012-12-20T18:33:39+00:00","og_image":[{"url":"http:\/\/www.bellunopress.it\/wp-content\/uploads\/2011\/07\/giovani-democratici-del-feltrino.png","type":"","width":"","height":""}],"author":"redazione","twitter_card":"summary_large_image","twitter_creator":"@bellunopress","twitter_site":"@bellunopress","twitter_misc":{"\u00c9crit par":"redazione","Dur\u00e9e de lecture estim\u00e9e":"2 minutes"},"schema":{"@context":"https:\/\/schema.org","@graph":[{"@type":"Article","@id":"https:\/\/www.bellunopress.it\/2012\/12\/20\/primarie-provinciali-del-pd-i-giovani-democratici-del-feltrino-compatti-su-alessandro-dalla-gasperina\/#article","isPartOf":{"@id":"https:\/\/www.bellunopress.it\/2012\/12\/20\/primarie-provinciali-del-pd-i-giovani-democratici-del-feltrino-compatti-su-alessandro-dalla-gasperina\/"},"author":{"name":"redazione","@id":"https:\/\/www.bellunopress.it\/#\/schema\/person\/79bb06722b37ece1c03d3e94beb30d73"},"headline":"Primarie provinciali del Pd: i Giovani democratici del Feltrino compatti su Alessandro Dalla Gasperina","datePublished":"2012-12-20T18:33:39+00:00","mainEntityOfPage":{"@id":"https:\/\/www.bellunopress.it\/2012\/12\/20\/primarie-provinciali-del-pd-i-giovani-democratici-del-feltrino-compatti-su-alessandro-dalla-gasperina\/"},"wordCount":490,"publisher":{"@id":"https:\/\/www.bellunopress.it\/#organization"},"image":{"@id":"https:\/\/www.bellunopress.it\/2012\/12\/20\/primarie-provinciali-del-pd-i-giovani-democratici-del-feltrino-compatti-su-alessandro-dalla-gasperina\/#primaryimage"},"thumbnailUrl":"http:\/\/www.bellunopress.it\/wp-content\/uploads\/2011\/07\/giovani-democratici-del-feltrino.png","articleSection":["Cronaca\/Politica","Prima Pagina"],"inLanguage":"fr-FR"},{"@type":"WebPage","@id":"https:\/\/www.bellunopress.it\/2012\/12\/20\/primarie-provinciali-del-pd-i-giovani-democratici-del-feltrino-compatti-su-alessandro-dalla-gasperina\/","url":"https:\/\/www.bellunopress.it\/2012\/12\/20\/primarie-provinciali-del-pd-i-giovani-democratici-del-feltrino-compatti-su-alessandro-dalla-gasperina\/","name":"Primarie provinciali del Pd: i Giovani democratici del Feltrino compatti su Alessandro Dalla Gasperina - Bellunopress - Dolomiti","isPartOf":{"@id":"https:\/\/www.bellunopress.it\/#website"},"primaryImageOfPage":{"@id":"https:\/\/www.bellunopress.it\/2012\/12\/20\/primarie-provinciali-del-pd-i-giovani-democratici-del-feltrino-compatti-su-alessandro-dalla-gasperina\/#primaryimage"},"image":{"@id":"https:\/\/www.bellunopress.it\/2012\/12\/20\/primarie-provinciali-del-pd-i-giovani-democratici-del-feltrino-compatti-su-alessandro-dalla-gasperina\/#primaryimage"},"thumbnailUrl":"http:\/\/www.bellunopress.it\/wp-content\/uploads\/2011\/07\/giovani-democratici-del-feltrino.png","datePublished":"2012-12-20T18:33:39+00:00","breadcrumb":{"@id":"https:\/\/www.bellunopress.it\/2012\/12\/20\/primarie-provinciali-del-pd-i-giovani-democratici-del-feltrino-compatti-su-alessandro-dalla-gasperina\/#breadcrumb"},"inLanguage":"fr-FR","potentialAction":[{"@type":"ReadAction","target":["https:\/\/www.bellunopress.it\/2012\/12\/20\/primarie-provinciali-del-pd-i-giovani-democratici-del-feltrino-compatti-su-alessandro-dalla-gasperina\/"]}]},{"@type":"ImageObject","inLanguage":"fr-FR","@id":"https:\/\/www.bellunopress.it\/2012\/12\/20\/primarie-provinciali-del-pd-i-giovani-democratici-del-feltrino-compatti-su-alessandro-dalla-gasperina\/#primaryimage","url":"http:\/\/www.bellunopress.it\/wp-content\/uploads\/2011\/07\/giovani-democratici-del-feltrino.png","contentUrl":"http:\/\/www.bellunopress.it\/wp-content\/uploads\/2011\/07\/giovani-democratici-del-feltrino.png"},{"@type":"BreadcrumbList","@id":"https:\/\/www.bellunopress.it\/2012\/12\/20\/primarie-provinciali-del-pd-i-giovani-democratici-del-feltrino-compatti-su-alessandro-dalla-gasperina\/#breadcrumb","itemListElement":[{"@type":"ListItem","position":1,"name":"Home","item":"https:\/\/www.bellunopress.it\/"},{"@type":"ListItem","position":2,"name":"Primarie provinciali del Pd: i Giovani democratici del Feltrino compatti su Alessandro Dalla Gasperina"}]},{"@type":"WebSite","@id":"https:\/\/www.bellunopress.it\/#website","url":"https:\/\/www.bellunopress.it\/","name":"Bellunopress - Dolomiti","description":"e-mail: redazione@bellunopress.it","publisher":{"@id":"https:\/\/www.bellunopress.it\/#organization"},"potentialAction":[{"@type":"SearchAction","target":{"@type":"EntryPoint","urlTemplate":"https:\/\/www.bellunopress.it\/?s={search_term_string}"},"query-input":{"@type":"PropertyValueSpecification","valueRequired":true,"valueName":"search_term_string"}}],"inLanguage":"fr-FR"},{"@type":"Organization","@id":"https:\/\/www.bellunopress.it\/#organization","name":"Bellunopress","url":"https:\/\/www.bellunopress.it\/","logo":{"@type":"ImageObject","inLanguage":"fr-FR","@id":"https:\/\/www.bellunopress.it\/#\/schema\/logo\/image\/","url":"https:\/\/www.bellunopress.it\/wp-content\/uploads\/2011\/05\/cropped-logo-bellunopress-.jpg","contentUrl":"https:\/\/www.bellunopress.it\/wp-content\/uploads\/2011\/05\/cropped-logo-bellunopress-.jpg","width":512,"height":512,"caption":"Bellunopress"},"image":{"@id":"https:\/\/www.bellunopress.it\/#\/schema\/logo\/image\/"},"sameAs":["https:\/\/www.facebook.com\/profile.php?id=100008943462799","https:\/\/x.com\/bellunopress","https:\/\/www.linkedin.com\/hp\/?dnr=JBzUWaJfMUw8vbXJJ2tVW5-I3jZKvC4wsoxE&amp;amp;amp;amp;amp;amp;trk=nav_responsive_tab_home","https:\/\/www.youtube.com\/channel\/UCxL0wu1uN0_3_7hGG0306cw"]},{"@type":"Person","@id":"https:\/\/www.bellunopress.it\/#\/schema\/person\/79bb06722b37ece1c03d3e94beb30d73","name":"r\u00e9daction","image":{"@type":"ImageObject","inLanguage":"fr-FR","@id":"https:\/\/secure.gravatar.com\/avatar\/37d968a2e67a6fd04c169c4bdef102d0bc5d31b2546345219e348575eb80e9a0?s=96&d=mm&r=g","url":"https:\/\/secure.gravatar.com\/avatar\/37d968a2e67a6fd04c169c4bdef102d0bc5d31b2546345219e348575eb80e9a0?s=96&d=mm&r=g","contentUrl":"https:\/\/secure.gravatar.com\/avatar\/37d968a2e67a6fd04c169c4bdef102d0bc5d31b2546345219e348575eb80e9a0?s=96&d=mm&r=g","caption":"redazione"},"sameAs":["http:\/\/www.bellunopress.it","https:\/\/x.com\/bellunopress"],"url":"https:\/\/www.bellunopress.it\/fr\/author\/redazione\/"}]}},"_links":{"self":[{"href":"https:\/\/www.bellunopress.it\/fr\/wp-json\/wp\/v2\/posts\/45024","targetHints":{"allow":["GET"]}}],"collection":[{"href":"https:\/\/www.bellunopress.it\/fr\/wp-json\/wp\/v2\/posts"}],"about":[{"href":"https:\/\/www.bellunopress.it\/fr\/wp-json\/wp\/v2\/types\/post"}],"author":[{"embeddable":true,"href":"https:\/\/www.bellunopress.it\/fr\/wp-json\/wp\/v2\/users\/2"}],"replies":[{"embeddable":true,"href":"https:\/\/www.bellunopress.it\/fr\/wp-json\/wp\/v2\/comments?post=45024"}],"version-history":[{"count":1,"href":"https:\/\/www.bellunopress.it\/fr\/wp-json\/wp\/v2\/posts\/45024\/revisions"}],"predecessor-version":[{"id":45025,"href":"https:\/\/www.bellunopress.it\/fr\/wp-json\/wp\/v2\/posts\/45024\/revisions\/45025"}],"wp:attachment":[{"href":"https:\/\/www.bellunopress.it\/fr\/wp-json\/wp\/v2\/media?parent=45024"}],"wp:term":[{"taxonomy":"category","embeddable":true,"href":"https:\/\/www.bellunopress.it\/fr\/wp-json\/wp\/v2\/categories?post=45024"},{"taxonomy":"post_tag","embeddable":true,"href":"https:\/\/www.bellunopress.it\/fr\/wp-json\/wp\/v2\/tags?post=45024"}],"curies":[{"name":"wp","href":"https:\/\/api.w.org\/{rel}","templated":true}]}}