{"id":45021,"date":"2012-12-20T17:06:53","date_gmt":"2012-12-20T16:06:53","guid":{"rendered":"http:\/\/www.bellunopress.it\/?p=45021"},"modified":"2012-12-20T19:21:30","modified_gmt":"2012-12-20T18:21:30","slug":"domenica-lasta-per-aiutare-la-piccola-camilla","status":"publish","type":"post","link":"https:\/\/www.bellunopress.it\/fr\/2012\/12\/20\/domenica-lasta-per-aiutare-la-piccola-camilla\/","title":{"rendered":"Domenica l&#8217;asta per aiutare la piccola Camilla"},"content":{"rendered":"<p><a href=\"http:\/\/www.bellunopress.it\/wp-content\/uploads\/2012\/12\/quadri-per-camilla.jpg\"><img loading=\"lazy\" decoding=\"async\" class=\"alignleft size-full wp-image-45022\" alt=\"quadri per camilla\" src=\"http:\/\/www.bellunopress.it\/wp-content\/uploads\/2012\/12\/quadri-per-camilla.jpg\" width=\"150\" height=\"110\" \/><\/a>EmozionArti. E\u2019 questo il titolo e lo scopo della mostra d\u2019arte che \u00e8 stata inaugurata sabato scorso nella sala Luciani del Centro Giovanni XXIII di Belluno; lo scopo della mostra \u00e8 appunto quello di emozionarsi ammirando un\u2019opera d\u2019arte .<\/p>\n<p>Alla vernice era presente l\u2019 Assessore Luca Salti che ha rappresentato l\u2019amministrazione comunale ed ha ringraziato il Comitato per Camilla Onlus di Belluno per avere ancora una volta creato un evento che ha legato cultura \u2013 arte \u2013 solidariet\u00e0 .<\/p>\n<p>Le opere rimarranno esposte per tutta la settimana corrente dalle ore 16 alle ore 19 ed alla fine della mostra , domenica 23 alle ore 16 ci sar\u00e0 l\u2019asta pubblica che avr\u00e0 un battitore d\u2019eccezione: Paolo Levorato, noto presentatore e giornalista di TeleVenezia . Chi lo desiderasse ha perci\u00f2 la possibilit\u00e0 di acquistare quelle splendide opere che hanno creato emozioni, di farsi un regalo, magari di fare un originale regalo di Natale ed allo stesso tempo di fare un\u2019opera buona. Infatti l\u2019intero ricavato dell\u2019 asta andr\u00e0 ad aiutare la piccola Camilla che sar\u00e0 costretta a passare, per il secondo anno consecutivo, il suo Natale a Buffalo in America dove si sta curando da una malattia rara ed invalidante: la Sensibilit\u00e0 Chimica Multipla.<\/p>\n<p>Camilla, ha ricordato Manuela Selvestrel, Presidente del Comitato per Camilla Onlus, si trova in America dal gennaio 2011 e lo scopo del comitato \u00e8 proprio raccogliere fondi per sostenere le sue cure mediche affinch\u00e9 il prossimo Natale 2013 Camilla possa trascorrerlo in Italia, tra la sua famiglia, come ogni bambino dovrebbe poter fare e continuare le cure nel suo paese.<\/p>\n<p>Al Comitato piace abbinare la solidariet\u00e0 all\u2019arte e, dopo la musica della Music Marathon, questa volta per valorizzare i talenti del territorio ha pensato di allestire questa collettiva che vede riuniti pittori, scultori e fotografi , con stili anche molto variegati in un\u2019unica sala, certo cos\u00ec di incontrare il gusto di molte persone. Visitando la mostra si passa dall\u2019 astrattismo di Flavio da Rold, ai paesaggi naturalistici, dal calore della scultura su legno di Mario Scalco, alla scultura con materiali alternativi di Giancarlo Sciannela di Roma, alla riproduzione in miniatura in argento del portale della tomba di Giulietta a Verona fatta dallo stesso scultore Sergio Pasetto ; dalle foto di una Belluno un po\u2019 retr\u00f2 in bianco e nero di Francesco Sovilla, alle foto un po\u2019 astratte di Luca Marangon di Verona: ce n\u2019\u00e8 veramente per tutti i gusti !!<\/p>\n<p>Manuela ha ringraziato gli artisti tutti per avere molto generosamente offerto le loro opere alla causa ed in particolare i soci del Circolo culturale Morales di Belluno presenti in maniera numerosa con le loro opere.<\/p>\n<p>Ora il Comitato chiede ai bellunesi di far sentire a Camilla tutto il calore di cui sono capaci per cui rinnova l\u2019invito all\u2019asta di domenica 23 alle ore 16.<\/p>\n<p>&nbsp;<\/p>","protected":false},"excerpt":{"rendered":"<p>EmozionArti. E\u2019 questo il titolo e lo scopo della mostra d\u2019arte che \u00e8 stata inaugurata sabato scorso nella sala Luciani del Centro Giovanni XXIII di Belluno; lo scopo della mostra \u00e8 appunto quello di emozionarsi ammirando un\u2019opera d\u2019arte . Alla vernice era presente l\u2019 Assessore Luca Salti che ha rappresentato l\u2019amministrazione comunale ed ha ringraziato [&hellip;]<\/p>\n","protected":false},"author":2,"featured_media":0,"comment_status":"closed","ping_status":"open","sticky":false,"template":"","format":"standard","meta":{"footnotes":""},"categories":[26,8],"tags":[],"class_list":["post-45021","post","type-post","status-publish","format-standard","category-prima-pagina","category-societa-istituzioni"],"yoast_head":"<!-- This site is optimized with the Yoast SEO plugin v28.4 - https:\/\/yoast.com\/product\/yoast-seo-wordpress\/ -->\n<title>Domenica l&#039;asta per aiutare la piccola Camilla - Bellunopress - Dolomiti<\/title>\n<meta name=\"robots\" content=\"index, follow, max-snippet:-1, max-image-preview:large, max-video-preview:-1\" \/>\n<link rel=\"canonical\" href=\"https:\/\/www.bellunopress.it\/fr\/2012\/12\/20\/domenica-lasta-per-aiutare-la-piccola-camilla\/\" \/>\n<meta property=\"og:locale\" content=\"fr_FR\" \/>\n<meta property=\"og:type\" content=\"article\" \/>\n<meta property=\"og:title\" content=\"Domenica l&#039;asta per aiutare la piccola Camilla - Bellunopress - Dolomiti\" \/>\n<meta property=\"og:description\" content=\"EmozionArti. E\u2019 questo il titolo e lo scopo della mostra d\u2019arte che \u00e8 stata inaugurata sabato scorso nella sala Luciani del Centro Giovanni XXIII di Belluno; lo scopo della mostra \u00e8 appunto quello di emozionarsi ammirando un\u2019opera d\u2019arte . Alla vernice era presente l\u2019 Assessore Luca Salti che ha rappresentato l\u2019amministrazione comunale ed ha ringraziato [&hellip;]\" \/>\n<meta property=\"og:url\" content=\"https:\/\/www.bellunopress.it\/fr\/2012\/12\/20\/domenica-lasta-per-aiutare-la-piccola-camilla\/\" \/>\n<meta property=\"og:site_name\" content=\"Bellunopress - Dolomiti\" \/>\n<meta property=\"article:publisher\" content=\"https:\/\/www.facebook.com\/profile.php?id=100008943462799\" \/>\n<meta property=\"article:published_time\" content=\"2012-12-20T16:06:53+00:00\" \/>\n<meta property=\"article:modified_time\" content=\"2012-12-20T18:21:30+00:00\" \/>\n<meta property=\"og:image\" content=\"http:\/\/www.bellunopress.it\/wp-content\/uploads\/2012\/12\/quadri-per-camilla.jpg\" \/>\n<meta name=\"author\" content=\"redazione\" \/>\n<meta name=\"twitter:card\" content=\"summary_large_image\" \/>\n<meta name=\"twitter:creator\" content=\"@bellunopress\" \/>\n<meta name=\"twitter:site\" content=\"@bellunopress\" \/>\n<meta name=\"twitter:label1\" content=\"\u00c9crit par\" \/>\n\t<meta name=\"twitter:data1\" content=\"redazione\" \/>\n\t<meta name=\"twitter:label2\" content=\"Dur\u00e9e de lecture estim\u00e9e\" \/>\n\t<meta name=\"twitter:data2\" content=\"2 minutes\" \/>\n<script type=\"application\/ld+json\" class=\"yoast-schema-graph\">{\"@context\":\"https:\\\/\\\/schema.org\",\"@graph\":[{\"@type\":\"Article\",\"@id\":\"https:\\\/\\\/www.bellunopress.it\\\/2012\\\/12\\\/20\\\/domenica-lasta-per-aiutare-la-piccola-camilla\\\/#article\",\"isPartOf\":{\"@id\":\"https:\\\/\\\/www.bellunopress.it\\\/2012\\\/12\\\/20\\\/domenica-lasta-per-aiutare-la-piccola-camilla\\\/\"},\"author\":{\"name\":\"redazione\",\"@id\":\"https:\\\/\\\/www.bellunopress.it\\\/#\\\/schema\\\/person\\\/79bb06722b37ece1c03d3e94beb30d73\"},\"headline\":\"Domenica l&#8217;asta per aiutare la piccola Camilla\",\"datePublished\":\"2012-12-20T16:06:53+00:00\",\"dateModified\":\"2012-12-20T18:21:30+00:00\",\"mainEntityOfPage\":{\"@id\":\"https:\\\/\\\/www.bellunopress.it\\\/2012\\\/12\\\/20\\\/domenica-lasta-per-aiutare-la-piccola-camilla\\\/\"},\"wordCount\":466,\"publisher\":{\"@id\":\"https:\\\/\\\/www.bellunopress.it\\\/#organization\"},\"image\":{\"@id\":\"https:\\\/\\\/www.bellunopress.it\\\/2012\\\/12\\\/20\\\/domenica-lasta-per-aiutare-la-piccola-camilla\\\/#primaryimage\"},\"thumbnailUrl\":\"http:\\\/\\\/www.bellunopress.it\\\/wp-content\\\/uploads\\\/2012\\\/12\\\/quadri-per-camilla.jpg\",\"articleSection\":[\"Prima Pagina\",\"Societ\u00e0, Associazioni, Istituzioni\"],\"inLanguage\":\"fr-FR\"},{\"@type\":\"WebPage\",\"@id\":\"https:\\\/\\\/www.bellunopress.it\\\/2012\\\/12\\\/20\\\/domenica-lasta-per-aiutare-la-piccola-camilla\\\/\",\"url\":\"https:\\\/\\\/www.bellunopress.it\\\/2012\\\/12\\\/20\\\/domenica-lasta-per-aiutare-la-piccola-camilla\\\/\",\"name\":\"Domenica l'asta per aiutare la piccola Camilla - Bellunopress - Dolomiti\",\"isPartOf\":{\"@id\":\"https:\\\/\\\/www.bellunopress.it\\\/#website\"},\"primaryImageOfPage\":{\"@id\":\"https:\\\/\\\/www.bellunopress.it\\\/2012\\\/12\\\/20\\\/domenica-lasta-per-aiutare-la-piccola-camilla\\\/#primaryimage\"},\"image\":{\"@id\":\"https:\\\/\\\/www.bellunopress.it\\\/2012\\\/12\\\/20\\\/domenica-lasta-per-aiutare-la-piccola-camilla\\\/#primaryimage\"},\"thumbnailUrl\":\"http:\\\/\\\/www.bellunopress.it\\\/wp-content\\\/uploads\\\/2012\\\/12\\\/quadri-per-camilla.jpg\",\"datePublished\":\"2012-12-20T16:06:53+00:00\",\"dateModified\":\"2012-12-20T18:21:30+00:00\",\"breadcrumb\":{\"@id\":\"https:\\\/\\\/www.bellunopress.it\\\/2012\\\/12\\\/20\\\/domenica-lasta-per-aiutare-la-piccola-camilla\\\/#breadcrumb\"},\"inLanguage\":\"fr-FR\",\"potentialAction\":[{\"@type\":\"ReadAction\",\"target\":[\"https:\\\/\\\/www.bellunopress.it\\\/2012\\\/12\\\/20\\\/domenica-lasta-per-aiutare-la-piccola-camilla\\\/\"]}]},{\"@type\":\"ImageObject\",\"inLanguage\":\"fr-FR\",\"@id\":\"https:\\\/\\\/www.bellunopress.it\\\/2012\\\/12\\\/20\\\/domenica-lasta-per-aiutare-la-piccola-camilla\\\/#primaryimage\",\"url\":\"http:\\\/\\\/www.bellunopress.it\\\/wp-content\\\/uploads\\\/2012\\\/12\\\/quadri-per-camilla.jpg\",\"contentUrl\":\"http:\\\/\\\/www.bellunopress.it\\\/wp-content\\\/uploads\\\/2012\\\/12\\\/quadri-per-camilla.jpg\"},{\"@type\":\"BreadcrumbList\",\"@id\":\"https:\\\/\\\/www.bellunopress.it\\\/2012\\\/12\\\/20\\\/domenica-lasta-per-aiutare-la-piccola-camilla\\\/#breadcrumb\",\"itemListElement\":[{\"@type\":\"ListItem\",\"position\":1,\"name\":\"Home\",\"item\":\"https:\\\/\\\/www.bellunopress.it\\\/\"},{\"@type\":\"ListItem\",\"position\":2,\"name\":\"Domenica l&#8217;asta per aiutare la piccola Camilla\"}]},{\"@type\":\"WebSite\",\"@id\":\"https:\\\/\\\/www.bellunopress.it\\\/#website\",\"url\":\"https:\\\/\\\/www.bellunopress.it\\\/\",\"name\":\"Bellunopress - Dolomiti\",\"description\":\"e-mail: redazione@bellunopress.it\",\"publisher\":{\"@id\":\"https:\\\/\\\/www.bellunopress.it\\\/#organization\"},\"potentialAction\":[{\"@type\":\"SearchAction\",\"target\":{\"@type\":\"EntryPoint\",\"urlTemplate\":\"https:\\\/\\\/www.bellunopress.it\\\/?s={search_term_string}\"},\"query-input\":{\"@type\":\"PropertyValueSpecification\",\"valueRequired\":true,\"valueName\":\"search_term_string\"}}],\"inLanguage\":\"fr-FR\"},{\"@type\":\"Organization\",\"@id\":\"https:\\\/\\\/www.bellunopress.it\\\/#organization\",\"name\":\"Bellunopress\",\"url\":\"https:\\\/\\\/www.bellunopress.it\\\/\",\"logo\":{\"@type\":\"ImageObject\",\"inLanguage\":\"fr-FR\",\"@id\":\"https:\\\/\\\/www.bellunopress.it\\\/#\\\/schema\\\/logo\\\/image\\\/\",\"url\":\"https:\\\/\\\/www.bellunopress.it\\\/wp-content\\\/uploads\\\/2011\\\/05\\\/cropped-logo-bellunopress-.jpg\",\"contentUrl\":\"https:\\\/\\\/www.bellunopress.it\\\/wp-content\\\/uploads\\\/2011\\\/05\\\/cropped-logo-bellunopress-.jpg\",\"width\":512,\"height\":512,\"caption\":\"Bellunopress\"},\"image\":{\"@id\":\"https:\\\/\\\/www.bellunopress.it\\\/#\\\/schema\\\/logo\\\/image\\\/\"},\"sameAs\":[\"https:\\\/\\\/www.facebook.com\\\/profile.php?id=100008943462799\",\"https:\\\/\\\/x.com\\\/bellunopress\",\"https:\\\/\\\/www.linkedin.com\\\/hp\\\/?dnr=JBzUWaJfMUw8vbXJJ2tVW5-I3jZKvC4wsoxE&amp;amp;amp;amp;amp;amp;trk=nav_responsive_tab_home\",\"https:\\\/\\\/www.youtube.com\\\/channel\\\/UCxL0wu1uN0_3_7hGG0306cw\"]},{\"@type\":\"Person\",\"@id\":\"https:\\\/\\\/www.bellunopress.it\\\/#\\\/schema\\\/person\\\/79bb06722b37ece1c03d3e94beb30d73\",\"name\":\"redazione\",\"image\":{\"@type\":\"ImageObject\",\"inLanguage\":\"fr-FR\",\"@id\":\"https:\\\/\\\/secure.gravatar.com\\\/avatar\\\/37d968a2e67a6fd04c169c4bdef102d0bc5d31b2546345219e348575eb80e9a0?s=96&d=mm&r=g\",\"url\":\"https:\\\/\\\/secure.gravatar.com\\\/avatar\\\/37d968a2e67a6fd04c169c4bdef102d0bc5d31b2546345219e348575eb80e9a0?s=96&d=mm&r=g\",\"contentUrl\":\"https:\\\/\\\/secure.gravatar.com\\\/avatar\\\/37d968a2e67a6fd04c169c4bdef102d0bc5d31b2546345219e348575eb80e9a0?s=96&d=mm&r=g\",\"caption\":\"redazione\"},\"sameAs\":[\"http:\\\/\\\/www.bellunopress.it\",\"https:\\\/\\\/x.com\\\/bellunopress\"],\"url\":\"https:\\\/\\\/www.bellunopress.it\\\/fr\\\/author\\\/redazione\\\/\"}]}<\/script>\n<!-- \/ Yoast SEO plugin. -->","yoast_head_json":{"title":"Domenica l'asta per aiutare la piccola Camilla - Bellunopress - Dolomiti","robots":{"index":"index","follow":"follow","max-snippet":"max-snippet:-1","max-image-preview":"max-image-preview:large","max-video-preview":"max-video-preview:-1"},"canonical":"https:\/\/www.bellunopress.it\/fr\/2012\/12\/20\/domenica-lasta-per-aiutare-la-piccola-camilla\/","og_locale":"fr_FR","og_type":"article","og_title":"Domenica l'asta per aiutare la piccola Camilla - Bellunopress - Dolomiti","og_description":"EmozionArti. E\u2019 questo il titolo e lo scopo della mostra d\u2019arte che \u00e8 stata inaugurata sabato scorso nella sala Luciani del Centro Giovanni XXIII di Belluno; lo scopo della mostra \u00e8 appunto quello di emozionarsi ammirando un\u2019opera d\u2019arte . Alla vernice era presente l\u2019 Assessore Luca Salti che ha rappresentato l\u2019amministrazione comunale ed ha ringraziato [&hellip;]","og_url":"https:\/\/www.bellunopress.it\/fr\/2012\/12\/20\/domenica-lasta-per-aiutare-la-piccola-camilla\/","og_site_name":"Bellunopress - Dolomiti","article_publisher":"https:\/\/www.facebook.com\/profile.php?id=100008943462799","article_published_time":"2012-12-20T16:06:53+00:00","article_modified_time":"2012-12-20T18:21:30+00:00","og_image":[{"url":"http:\/\/www.bellunopress.it\/wp-content\/uploads\/2012\/12\/quadri-per-camilla.jpg","type":"","width":"","height":""}],"author":"redazione","twitter_card":"summary_large_image","twitter_creator":"@bellunopress","twitter_site":"@bellunopress","twitter_misc":{"\u00c9crit par":"redazione","Dur\u00e9e de lecture estim\u00e9e":"2 minutes"},"schema":{"@context":"https:\/\/schema.org","@graph":[{"@type":"Article","@id":"https:\/\/www.bellunopress.it\/2012\/12\/20\/domenica-lasta-per-aiutare-la-piccola-camilla\/#article","isPartOf":{"@id":"https:\/\/www.bellunopress.it\/2012\/12\/20\/domenica-lasta-per-aiutare-la-piccola-camilla\/"},"author":{"name":"redazione","@id":"https:\/\/www.bellunopress.it\/#\/schema\/person\/79bb06722b37ece1c03d3e94beb30d73"},"headline":"Domenica l&#8217;asta per aiutare la piccola Camilla","datePublished":"2012-12-20T16:06:53+00:00","dateModified":"2012-12-20T18:21:30+00:00","mainEntityOfPage":{"@id":"https:\/\/www.bellunopress.it\/2012\/12\/20\/domenica-lasta-per-aiutare-la-piccola-camilla\/"},"wordCount":466,"publisher":{"@id":"https:\/\/www.bellunopress.it\/#organization"},"image":{"@id":"https:\/\/www.bellunopress.it\/2012\/12\/20\/domenica-lasta-per-aiutare-la-piccola-camilla\/#primaryimage"},"thumbnailUrl":"http:\/\/www.bellunopress.it\/wp-content\/uploads\/2012\/12\/quadri-per-camilla.jpg","articleSection":["Prima Pagina","Societ\u00e0, Associazioni, Istituzioni"],"inLanguage":"fr-FR"},{"@type":"WebPage","@id":"https:\/\/www.bellunopress.it\/2012\/12\/20\/domenica-lasta-per-aiutare-la-piccola-camilla\/","url":"https:\/\/www.bellunopress.it\/2012\/12\/20\/domenica-lasta-per-aiutare-la-piccola-camilla\/","name":"Domenica l'asta per aiutare la piccola Camilla - Bellunopress - Dolomiti","isPartOf":{"@id":"https:\/\/www.bellunopress.it\/#website"},"primaryImageOfPage":{"@id":"https:\/\/www.bellunopress.it\/2012\/12\/20\/domenica-lasta-per-aiutare-la-piccola-camilla\/#primaryimage"},"image":{"@id":"https:\/\/www.bellunopress.it\/2012\/12\/20\/domenica-lasta-per-aiutare-la-piccola-camilla\/#primaryimage"},"thumbnailUrl":"http:\/\/www.bellunopress.it\/wp-content\/uploads\/2012\/12\/quadri-per-camilla.jpg","datePublished":"2012-12-20T16:06:53+00:00","dateModified":"2012-12-20T18:21:30+00:00","breadcrumb":{"@id":"https:\/\/www.bellunopress.it\/2012\/12\/20\/domenica-lasta-per-aiutare-la-piccola-camilla\/#breadcrumb"},"inLanguage":"fr-FR","potentialAction":[{"@type":"ReadAction","target":["https:\/\/www.bellunopress.it\/2012\/12\/20\/domenica-lasta-per-aiutare-la-piccola-camilla\/"]}]},{"@type":"ImageObject","inLanguage":"fr-FR","@id":"https:\/\/www.bellunopress.it\/2012\/12\/20\/domenica-lasta-per-aiutare-la-piccola-camilla\/#primaryimage","url":"http:\/\/www.bellunopress.it\/wp-content\/uploads\/2012\/12\/quadri-per-camilla.jpg","contentUrl":"http:\/\/www.bellunopress.it\/wp-content\/uploads\/2012\/12\/quadri-per-camilla.jpg"},{"@type":"BreadcrumbList","@id":"https:\/\/www.bellunopress.it\/2012\/12\/20\/domenica-lasta-per-aiutare-la-piccola-camilla\/#breadcrumb","itemListElement":[{"@type":"ListItem","position":1,"name":"Home","item":"https:\/\/www.bellunopress.it\/"},{"@type":"ListItem","position":2,"name":"Domenica l&#8217;asta per aiutare la piccola Camilla"}]},{"@type":"WebSite","@id":"https:\/\/www.bellunopress.it\/#website","url":"https:\/\/www.bellunopress.it\/","name":"Bellunopress - Dolomiti","description":"e-mail: redazione@bellunopress.it","publisher":{"@id":"https:\/\/www.bellunopress.it\/#organization"},"potentialAction":[{"@type":"SearchAction","target":{"@type":"EntryPoint","urlTemplate":"https:\/\/www.bellunopress.it\/?s={search_term_string}"},"query-input":{"@type":"PropertyValueSpecification","valueRequired":true,"valueName":"search_term_string"}}],"inLanguage":"fr-FR"},{"@type":"Organization","@id":"https:\/\/www.bellunopress.it\/#organization","name":"Bellunopress","url":"https:\/\/www.bellunopress.it\/","logo":{"@type":"ImageObject","inLanguage":"fr-FR","@id":"https:\/\/www.bellunopress.it\/#\/schema\/logo\/image\/","url":"https:\/\/www.bellunopress.it\/wp-content\/uploads\/2011\/05\/cropped-logo-bellunopress-.jpg","contentUrl":"https:\/\/www.bellunopress.it\/wp-content\/uploads\/2011\/05\/cropped-logo-bellunopress-.jpg","width":512,"height":512,"caption":"Bellunopress"},"image":{"@id":"https:\/\/www.bellunopress.it\/#\/schema\/logo\/image\/"},"sameAs":["https:\/\/www.facebook.com\/profile.php?id=100008943462799","https:\/\/x.com\/bellunopress","https:\/\/www.linkedin.com\/hp\/?dnr=JBzUWaJfMUw8vbXJJ2tVW5-I3jZKvC4wsoxE&amp;amp;amp;amp;amp;amp;trk=nav_responsive_tab_home","https:\/\/www.youtube.com\/channel\/UCxL0wu1uN0_3_7hGG0306cw"]},{"@type":"Person","@id":"https:\/\/www.bellunopress.it\/#\/schema\/person\/79bb06722b37ece1c03d3e94beb30d73","name":"r\u00e9daction","image":{"@type":"ImageObject","inLanguage":"fr-FR","@id":"https:\/\/secure.gravatar.com\/avatar\/37d968a2e67a6fd04c169c4bdef102d0bc5d31b2546345219e348575eb80e9a0?s=96&d=mm&r=g","url":"https:\/\/secure.gravatar.com\/avatar\/37d968a2e67a6fd04c169c4bdef102d0bc5d31b2546345219e348575eb80e9a0?s=96&d=mm&r=g","contentUrl":"https:\/\/secure.gravatar.com\/avatar\/37d968a2e67a6fd04c169c4bdef102d0bc5d31b2546345219e348575eb80e9a0?s=96&d=mm&r=g","caption":"redazione"},"sameAs":["http:\/\/www.bellunopress.it","https:\/\/x.com\/bellunopress"],"url":"https:\/\/www.bellunopress.it\/fr\/author\/redazione\/"}]}},"_links":{"self":[{"href":"https:\/\/www.bellunopress.it\/fr\/wp-json\/wp\/v2\/posts\/45021","targetHints":{"allow":["GET"]}}],"collection":[{"href":"https:\/\/www.bellunopress.it\/fr\/wp-json\/wp\/v2\/posts"}],"about":[{"href":"https:\/\/www.bellunopress.it\/fr\/wp-json\/wp\/v2\/types\/post"}],"author":[{"embeddable":true,"href":"https:\/\/www.bellunopress.it\/fr\/wp-json\/wp\/v2\/users\/2"}],"replies":[{"embeddable":true,"href":"https:\/\/www.bellunopress.it\/fr\/wp-json\/wp\/v2\/comments?post=45021"}],"version-history":[{"count":1,"href":"https:\/\/www.bellunopress.it\/fr\/wp-json\/wp\/v2\/posts\/45021\/revisions"}],"predecessor-version":[{"id":45023,"href":"https:\/\/www.bellunopress.it\/fr\/wp-json\/wp\/v2\/posts\/45021\/revisions\/45023"}],"wp:attachment":[{"href":"https:\/\/www.bellunopress.it\/fr\/wp-json\/wp\/v2\/media?parent=45021"}],"wp:term":[{"taxonomy":"category","embeddable":true,"href":"https:\/\/www.bellunopress.it\/fr\/wp-json\/wp\/v2\/categories?post=45021"},{"taxonomy":"post_tag","embeddable":true,"href":"https:\/\/www.bellunopress.it\/fr\/wp-json\/wp\/v2\/tags?post=45021"}],"curies":[{"name":"wp","href":"https:\/\/api.w.org\/{rel}","templated":true}]}}