{"id":44994,"date":"2012-12-20T10:33:08","date_gmt":"2012-12-20T09:33:08","guid":{"rendered":"http:\/\/www.bellunopress.it\/?p=44994"},"modified":"2012-12-20T10:33:08","modified_gmt":"2012-12-20T09:33:08","slug":"domenica-al-teatro-comunale-canzoncine-alte-cosi-secondo-appuntamento-della-20ma-edizione-di-comincio-dai-3","status":"publish","type":"post","link":"https:\/\/www.bellunopress.it\/fr\/2012\/12\/20\/domenica-al-teatro-comunale-canzoncine-alte-cosi-secondo-appuntamento-della-20ma-edizione-di-comincio-dai-3\/","title":{"rendered":"Domenica al Teatro comunale: Canzoncine alte cos\u00ec! Secondo appuntamento della 20ma edizione di Comincio dai 3"},"content":{"rendered":"<p>Alti e altissimi, fate largo. Questo Natale \u00e8 per quelli &#8220;alti cos\u00ec&#8221;. Domenica 23 dicembre, alle 17, per la seconda magica domenica in famiglia di Comincio dai 3 &#8211; la stagione di teatro per l&#8217;infanzia e la giovent\u00f9 del Tib &#8211; al Teatro Comunale di Belluno arriveranno un coro di dinosauri, un orso batterista, serpenti pifferai, pagliacci al pianoforte e un porcello al violoncello. E se non ci credete, peggio per voi. Canzoncine alte cos\u00ec \u00e8 il nuovo rumoroso, divertente, brillante e magico appuntamento per le famiglie a teatro. Il Natale insomma, a 24 ore dallo &#8220;spacchettamento&#8221; dei regali, non potrebbe essere pi\u00f9 magico. Ad accogliere i minuscoli spettatori, accompagnati da mamma, pap\u00e0, nonna, nonno e zii, ci sar\u00e0, insieme a un elefante al bassotuba e a un coniglio al sax, Silvano Antonelli. Indimenticabile protagonista di In mezzo al mare, il poetico autore di teatro per ragazzi, che torner\u00e0 a Belluno anche il 21 e 22 gennaio portando in scena per le scuole Storia di un palloncino, sar\u00e0 in citt\u00e0 e sul palco del comunale all&#8217;antivigilia di Natale con il suo Canzoncine alte cos\u00ec, prodotto da Stilema Teatro. \u00abDa quasi trent&#8217;anni, &#8220;giocando&#8221; al teatro con i bambini, invento canzoni\u00bb racconta Silvano. E di quelle in scena domenica, a cui proprio lui regala la voce, una galleggiava nella minestrina, una si era impigliata alla maniglia dell&#8217;armadietto, un&#8217;altra ancora dormiva sul cuscino della cameretta. Quindi tutti a sedere sulle poltrone rosa del Comunale e che lo spettacolo, quello alto cos\u00ec, abbia inizio.<\/p>\n<p>Per info e prenotazioni chiamare lo 0437 950555<\/p>\n<p>Canzoncine alte cos\u00ec di e con Silvano Antonelli. Una produzione Stilema Teatro<\/p>\n<p>Domenica 23 dicembre, ore 17 &#8211; Teatro Comunale di Belluno<\/p>","protected":false},"excerpt":{"rendered":"<p>Alti e altissimi, fate largo. Questo Natale \u00e8 per quelli &#8220;alti cos\u00ec&#8221;. Domenica 23 dicembre, alle 17, per la seconda magica domenica in famiglia di Comincio dai 3 &#8211; la stagione di teatro per l&#8217;infanzia e la giovent\u00f9 del Tib &#8211; al Teatro Comunale di Belluno arriveranno un coro di dinosauri, un orso batterista, serpenti [&hellip;]<\/p>\n","protected":false},"author":2,"featured_media":0,"comment_status":"closed","ping_status":"open","sticky":false,"template":"","format":"standard","meta":{"footnotes":""},"categories":[27,3,25],"tags":[],"class_list":["post-44994","post","type-post","status-publish","format-standard","category-appuntamenti","category-arte-cultura-spettacoli-scienza-archivi","category-pausa-caffe"],"yoast_head":"<!-- This site is optimized with the Yoast SEO plugin v28.4 - https:\/\/yoast.com\/product\/yoast-seo-wordpress\/ -->\n<title>Domenica al Teatro comunale: Canzoncine alte cos\u00ec! Secondo appuntamento della 20ma edizione di Comincio dai 3 - Bellunopress - Dolomiti<\/title>\n<meta name=\"robots\" content=\"index, follow, max-snippet:-1, max-image-preview:large, max-video-preview:-1\" \/>\n<link rel=\"canonical\" href=\"https:\/\/www.bellunopress.it\/fr\/2012\/12\/20\/domenica-al-teatro-comunale-canzoncine-alte-cosi-secondo-appuntamento-della-20ma-edizione-di-comincio-dai-3\/\" \/>\n<meta property=\"og:locale\" content=\"fr_FR\" \/>\n<meta property=\"og:type\" content=\"article\" \/>\n<meta property=\"og:title\" content=\"Domenica al Teatro comunale: Canzoncine alte cos\u00ec! Secondo appuntamento della 20ma edizione di Comincio dai 3 - Bellunopress - Dolomiti\" \/>\n<meta property=\"og:description\" content=\"Alti e altissimi, fate largo. Questo Natale \u00e8 per quelli &#8220;alti cos\u00ec&#8221;. Domenica 23 dicembre, alle 17, per la seconda magica domenica in famiglia di Comincio dai 3 &#8211; la stagione di teatro per l&#8217;infanzia e la giovent\u00f9 del Tib &#8211; al Teatro Comunale di Belluno arriveranno un coro di dinosauri, un orso batterista, serpenti [&hellip;]\" \/>\n<meta property=\"og:url\" content=\"https:\/\/www.bellunopress.it\/fr\/2012\/12\/20\/domenica-al-teatro-comunale-canzoncine-alte-cosi-secondo-appuntamento-della-20ma-edizione-di-comincio-dai-3\/\" \/>\n<meta property=\"og:site_name\" content=\"Bellunopress - Dolomiti\" \/>\n<meta property=\"article:publisher\" content=\"https:\/\/www.facebook.com\/profile.php?id=100008943462799\" \/>\n<meta property=\"article:published_time\" content=\"2012-12-20T09:33:08+00:00\" \/>\n<meta property=\"og:image\" content=\"http:\/\/www.bellunopress.it\/wp-content\/uploads\/2012\/07\/logo-bellunopress-250x250-2012.jpg\" \/>\n<meta name=\"author\" content=\"redazione\" \/>\n<meta name=\"twitter:card\" content=\"summary_large_image\" \/>\n<meta name=\"twitter:creator\" content=\"@bellunopress\" \/>\n<meta name=\"twitter:site\" content=\"@bellunopress\" \/>\n<meta name=\"twitter:label1\" content=\"Written by\" \/>\n\t<meta name=\"twitter:data1\" content=\"redazione\" \/>\n\t<meta name=\"twitter:label2\" content=\"Est. reading time\" \/>\n\t<meta name=\"twitter:data2\" content=\"1 minute\" \/>\n<script type=\"application\/ld+json\" class=\"yoast-schema-graph\">{\"@context\":\"https:\\\/\\\/schema.org\",\"@graph\":[{\"@type\":\"Article\",\"@id\":\"https:\\\/\\\/www.bellunopress.it\\\/2012\\\/12\\\/20\\\/domenica-al-teatro-comunale-canzoncine-alte-cosi-secondo-appuntamento-della-20ma-edizione-di-comincio-dai-3\\\/#article\",\"isPartOf\":{\"@id\":\"https:\\\/\\\/www.bellunopress.it\\\/2012\\\/12\\\/20\\\/domenica-al-teatro-comunale-canzoncine-alte-cosi-secondo-appuntamento-della-20ma-edizione-di-comincio-dai-3\\\/\"},\"author\":{\"name\":\"redazione\",\"@id\":\"https:\\\/\\\/www.bellunopress.it\\\/#\\\/schema\\\/person\\\/79bb06722b37ece1c03d3e94beb30d73\"},\"headline\":\"Domenica al Teatro comunale: Canzoncine alte cos\u00ec! Secondo appuntamento della 20ma edizione di Comincio dai 3\",\"datePublished\":\"2012-12-20T09:33:08+00:00\",\"mainEntityOfPage\":{\"@id\":\"https:\\\/\\\/www.bellunopress.it\\\/2012\\\/12\\\/20\\\/domenica-al-teatro-comunale-canzoncine-alte-cosi-secondo-appuntamento-della-20ma-edizione-di-comincio-dai-3\\\/\"},\"wordCount\":288,\"publisher\":{\"@id\":\"https:\\\/\\\/www.bellunopress.it\\\/#organization\"},\"articleSection\":[\"Appuntamenti, Eventi\",\"Arte, Cultura, Spettacoli, Scienza\",\"Pausa Caff\u00e8\"],\"inLanguage\":\"fr-FR\"},{\"@type\":\"WebPage\",\"@id\":\"https:\\\/\\\/www.bellunopress.it\\\/2012\\\/12\\\/20\\\/domenica-al-teatro-comunale-canzoncine-alte-cosi-secondo-appuntamento-della-20ma-edizione-di-comincio-dai-3\\\/\",\"url\":\"https:\\\/\\\/www.bellunopress.it\\\/2012\\\/12\\\/20\\\/domenica-al-teatro-comunale-canzoncine-alte-cosi-secondo-appuntamento-della-20ma-edizione-di-comincio-dai-3\\\/\",\"name\":\"Domenica al Teatro comunale: Canzoncine alte cos\u00ec! Secondo appuntamento della 20ma edizione di Comincio dai 3 - Bellunopress - Dolomiti\",\"isPartOf\":{\"@id\":\"https:\\\/\\\/www.bellunopress.it\\\/#website\"},\"datePublished\":\"2012-12-20T09:33:08+00:00\",\"breadcrumb\":{\"@id\":\"https:\\\/\\\/www.bellunopress.it\\\/2012\\\/12\\\/20\\\/domenica-al-teatro-comunale-canzoncine-alte-cosi-secondo-appuntamento-della-20ma-edizione-di-comincio-dai-3\\\/#breadcrumb\"},\"inLanguage\":\"fr-FR\",\"potentialAction\":[{\"@type\":\"ReadAction\",\"target\":[\"https:\\\/\\\/www.bellunopress.it\\\/2012\\\/12\\\/20\\\/domenica-al-teatro-comunale-canzoncine-alte-cosi-secondo-appuntamento-della-20ma-edizione-di-comincio-dai-3\\\/\"]}]},{\"@type\":\"BreadcrumbList\",\"@id\":\"https:\\\/\\\/www.bellunopress.it\\\/2012\\\/12\\\/20\\\/domenica-al-teatro-comunale-canzoncine-alte-cosi-secondo-appuntamento-della-20ma-edizione-di-comincio-dai-3\\\/#breadcrumb\",\"itemListElement\":[{\"@type\":\"ListItem\",\"position\":1,\"name\":\"Home\",\"item\":\"https:\\\/\\\/www.bellunopress.it\\\/\"},{\"@type\":\"ListItem\",\"position\":2,\"name\":\"Domenica al Teatro comunale: Canzoncine alte cos\u00ec! Secondo appuntamento della 20ma edizione di Comincio dai 3\"}]},{\"@type\":\"WebSite\",\"@id\":\"https:\\\/\\\/www.bellunopress.it\\\/#website\",\"url\":\"https:\\\/\\\/www.bellunopress.it\\\/\",\"name\":\"Bellunopress - Dolomiti\",\"description\":\"e-mail: redazione@bellunopress.it\",\"publisher\":{\"@id\":\"https:\\\/\\\/www.bellunopress.it\\\/#organization\"},\"potentialAction\":[{\"@type\":\"SearchAction\",\"target\":{\"@type\":\"EntryPoint\",\"urlTemplate\":\"https:\\\/\\\/www.bellunopress.it\\\/?s={search_term_string}\"},\"query-input\":{\"@type\":\"PropertyValueSpecification\",\"valueRequired\":true,\"valueName\":\"search_term_string\"}}],\"inLanguage\":\"fr-FR\"},{\"@type\":\"Organization\",\"@id\":\"https:\\\/\\\/www.bellunopress.it\\\/#organization\",\"name\":\"Bellunopress\",\"url\":\"https:\\\/\\\/www.bellunopress.it\\\/\",\"logo\":{\"@type\":\"ImageObject\",\"inLanguage\":\"fr-FR\",\"@id\":\"https:\\\/\\\/www.bellunopress.it\\\/#\\\/schema\\\/logo\\\/image\\\/\",\"url\":\"https:\\\/\\\/www.bellunopress.it\\\/wp-content\\\/uploads\\\/2011\\\/05\\\/cropped-logo-bellunopress-.jpg\",\"contentUrl\":\"https:\\\/\\\/www.bellunopress.it\\\/wp-content\\\/uploads\\\/2011\\\/05\\\/cropped-logo-bellunopress-.jpg\",\"width\":512,\"height\":512,\"caption\":\"Bellunopress\"},\"image\":{\"@id\":\"https:\\\/\\\/www.bellunopress.it\\\/#\\\/schema\\\/logo\\\/image\\\/\"},\"sameAs\":[\"https:\\\/\\\/www.facebook.com\\\/profile.php?id=100008943462799\",\"https:\\\/\\\/x.com\\\/bellunopress\",\"https:\\\/\\\/www.linkedin.com\\\/hp\\\/?dnr=JBzUWaJfMUw8vbXJJ2tVW5-I3jZKvC4wsoxE&amp;amp;amp;amp;amp;amp;trk=nav_responsive_tab_home\",\"https:\\\/\\\/www.youtube.com\\\/channel\\\/UCxL0wu1uN0_3_7hGG0306cw\"]},{\"@type\":\"Person\",\"@id\":\"https:\\\/\\\/www.bellunopress.it\\\/#\\\/schema\\\/person\\\/79bb06722b37ece1c03d3e94beb30d73\",\"name\":\"redazione\",\"image\":{\"@type\":\"ImageObject\",\"inLanguage\":\"fr-FR\",\"@id\":\"https:\\\/\\\/secure.gravatar.com\\\/avatar\\\/37d968a2e67a6fd04c169c4bdef102d0bc5d31b2546345219e348575eb80e9a0?s=96&d=mm&r=g\",\"url\":\"https:\\\/\\\/secure.gravatar.com\\\/avatar\\\/37d968a2e67a6fd04c169c4bdef102d0bc5d31b2546345219e348575eb80e9a0?s=96&d=mm&r=g\",\"contentUrl\":\"https:\\\/\\\/secure.gravatar.com\\\/avatar\\\/37d968a2e67a6fd04c169c4bdef102d0bc5d31b2546345219e348575eb80e9a0?s=96&d=mm&r=g\",\"caption\":\"redazione\"},\"sameAs\":[\"http:\\\/\\\/www.bellunopress.it\",\"https:\\\/\\\/x.com\\\/bellunopress\"],\"url\":\"https:\\\/\\\/www.bellunopress.it\\\/fr\\\/author\\\/redazione\\\/\"}]}<\/script>\n<!-- \/ Yoast SEO plugin. -->","yoast_head_json":{"title":"Domenica al Teatro comunale: Canzoncine alte cos\u00ec! Secondo appuntamento della 20ma edizione di Comincio dai 3 - Bellunopress - Dolomiti","robots":{"index":"index","follow":"follow","max-snippet":"max-snippet:-1","max-image-preview":"max-image-preview:large","max-video-preview":"max-video-preview:-1"},"canonical":"https:\/\/www.bellunopress.it\/fr\/2012\/12\/20\/domenica-al-teatro-comunale-canzoncine-alte-cosi-secondo-appuntamento-della-20ma-edizione-di-comincio-dai-3\/","og_locale":"fr_FR","og_type":"article","og_title":"Domenica al Teatro comunale: Canzoncine alte cos\u00ec! Secondo appuntamento della 20ma edizione di Comincio dai 3 - Bellunopress - Dolomiti","og_description":"Alti e altissimi, fate largo. Questo Natale \u00e8 per quelli &#8220;alti cos\u00ec&#8221;. Domenica 23 dicembre, alle 17, per la seconda magica domenica in famiglia di Comincio dai 3 &#8211; la stagione di teatro per l&#8217;infanzia e la giovent\u00f9 del Tib &#8211; al Teatro Comunale di Belluno arriveranno un coro di dinosauri, un orso batterista, serpenti [&hellip;]","og_url":"https:\/\/www.bellunopress.it\/fr\/2012\/12\/20\/domenica-al-teatro-comunale-canzoncine-alte-cosi-secondo-appuntamento-della-20ma-edizione-di-comincio-dai-3\/","og_site_name":"Bellunopress - Dolomiti","article_publisher":"https:\/\/www.facebook.com\/profile.php?id=100008943462799","article_published_time":"2012-12-20T09:33:08+00:00","og_image":[{"url":"http:\/\/www.bellunopress.it\/wp-content\/uploads\/2012\/07\/logo-bellunopress-250x250-2012.jpg","type":"","width":"","height":""}],"author":"redazione","twitter_card":"summary_large_image","twitter_creator":"@bellunopress","twitter_site":"@bellunopress","twitter_misc":{"Written by":"redazione","Est. reading time":"1 minute"},"schema":{"@context":"https:\/\/schema.org","@graph":[{"@type":"Article","@id":"https:\/\/www.bellunopress.it\/2012\/12\/20\/domenica-al-teatro-comunale-canzoncine-alte-cosi-secondo-appuntamento-della-20ma-edizione-di-comincio-dai-3\/#article","isPartOf":{"@id":"https:\/\/www.bellunopress.it\/2012\/12\/20\/domenica-al-teatro-comunale-canzoncine-alte-cosi-secondo-appuntamento-della-20ma-edizione-di-comincio-dai-3\/"},"author":{"name":"redazione","@id":"https:\/\/www.bellunopress.it\/#\/schema\/person\/79bb06722b37ece1c03d3e94beb30d73"},"headline":"Domenica al Teatro comunale: Canzoncine alte cos\u00ec! Secondo appuntamento della 20ma edizione di Comincio dai 3","datePublished":"2012-12-20T09:33:08+00:00","mainEntityOfPage":{"@id":"https:\/\/www.bellunopress.it\/2012\/12\/20\/domenica-al-teatro-comunale-canzoncine-alte-cosi-secondo-appuntamento-della-20ma-edizione-di-comincio-dai-3\/"},"wordCount":288,"publisher":{"@id":"https:\/\/www.bellunopress.it\/#organization"},"articleSection":["Appuntamenti, Eventi","Arte, Cultura, Spettacoli, Scienza","Pausa Caff\u00e8"],"inLanguage":"fr-FR"},{"@type":"WebPage","@id":"https:\/\/www.bellunopress.it\/2012\/12\/20\/domenica-al-teatro-comunale-canzoncine-alte-cosi-secondo-appuntamento-della-20ma-edizione-di-comincio-dai-3\/","url":"https:\/\/www.bellunopress.it\/2012\/12\/20\/domenica-al-teatro-comunale-canzoncine-alte-cosi-secondo-appuntamento-della-20ma-edizione-di-comincio-dai-3\/","name":"Domenica al Teatro comunale: Canzoncine alte cos\u00ec! Secondo appuntamento della 20ma edizione di Comincio dai 3 - Bellunopress - Dolomiti","isPartOf":{"@id":"https:\/\/www.bellunopress.it\/#website"},"datePublished":"2012-12-20T09:33:08+00:00","breadcrumb":{"@id":"https:\/\/www.bellunopress.it\/2012\/12\/20\/domenica-al-teatro-comunale-canzoncine-alte-cosi-secondo-appuntamento-della-20ma-edizione-di-comincio-dai-3\/#breadcrumb"},"inLanguage":"fr-FR","potentialAction":[{"@type":"ReadAction","target":["https:\/\/www.bellunopress.it\/2012\/12\/20\/domenica-al-teatro-comunale-canzoncine-alte-cosi-secondo-appuntamento-della-20ma-edizione-di-comincio-dai-3\/"]}]},{"@type":"BreadcrumbList","@id":"https:\/\/www.bellunopress.it\/2012\/12\/20\/domenica-al-teatro-comunale-canzoncine-alte-cosi-secondo-appuntamento-della-20ma-edizione-di-comincio-dai-3\/#breadcrumb","itemListElement":[{"@type":"ListItem","position":1,"name":"Home","item":"https:\/\/www.bellunopress.it\/"},{"@type":"ListItem","position":2,"name":"Domenica al Teatro comunale: Canzoncine alte cos\u00ec! Secondo appuntamento della 20ma edizione di Comincio dai 3"}]},{"@type":"WebSite","@id":"https:\/\/www.bellunopress.it\/#website","url":"https:\/\/www.bellunopress.it\/","name":"Bellunopress - Dolomiti","description":"e-mail: redazione@bellunopress.it","publisher":{"@id":"https:\/\/www.bellunopress.it\/#organization"},"potentialAction":[{"@type":"SearchAction","target":{"@type":"EntryPoint","urlTemplate":"https:\/\/www.bellunopress.it\/?s={search_term_string}"},"query-input":{"@type":"PropertyValueSpecification","valueRequired":true,"valueName":"search_term_string"}}],"inLanguage":"fr-FR"},{"@type":"Organization","@id":"https:\/\/www.bellunopress.it\/#organization","name":"Bellunopress","url":"https:\/\/www.bellunopress.it\/","logo":{"@type":"ImageObject","inLanguage":"fr-FR","@id":"https:\/\/www.bellunopress.it\/#\/schema\/logo\/image\/","url":"https:\/\/www.bellunopress.it\/wp-content\/uploads\/2011\/05\/cropped-logo-bellunopress-.jpg","contentUrl":"https:\/\/www.bellunopress.it\/wp-content\/uploads\/2011\/05\/cropped-logo-bellunopress-.jpg","width":512,"height":512,"caption":"Bellunopress"},"image":{"@id":"https:\/\/www.bellunopress.it\/#\/schema\/logo\/image\/"},"sameAs":["https:\/\/www.facebook.com\/profile.php?id=100008943462799","https:\/\/x.com\/bellunopress","https:\/\/www.linkedin.com\/hp\/?dnr=JBzUWaJfMUw8vbXJJ2tVW5-I3jZKvC4wsoxE&amp;amp;amp;amp;amp;amp;trk=nav_responsive_tab_home","https:\/\/www.youtube.com\/channel\/UCxL0wu1uN0_3_7hGG0306cw"]},{"@type":"Person","@id":"https:\/\/www.bellunopress.it\/#\/schema\/person\/79bb06722b37ece1c03d3e94beb30d73","name":"r\u00e9daction","image":{"@type":"ImageObject","inLanguage":"fr-FR","@id":"https:\/\/secure.gravatar.com\/avatar\/37d968a2e67a6fd04c169c4bdef102d0bc5d31b2546345219e348575eb80e9a0?s=96&d=mm&r=g","url":"https:\/\/secure.gravatar.com\/avatar\/37d968a2e67a6fd04c169c4bdef102d0bc5d31b2546345219e348575eb80e9a0?s=96&d=mm&r=g","contentUrl":"https:\/\/secure.gravatar.com\/avatar\/37d968a2e67a6fd04c169c4bdef102d0bc5d31b2546345219e348575eb80e9a0?s=96&d=mm&r=g","caption":"redazione"},"sameAs":["http:\/\/www.bellunopress.it","https:\/\/x.com\/bellunopress"],"url":"https:\/\/www.bellunopress.it\/fr\/author\/redazione\/"}]}},"_links":{"self":[{"href":"https:\/\/www.bellunopress.it\/fr\/wp-json\/wp\/v2\/posts\/44994","targetHints":{"allow":["GET"]}}],"collection":[{"href":"https:\/\/www.bellunopress.it\/fr\/wp-json\/wp\/v2\/posts"}],"about":[{"href":"https:\/\/www.bellunopress.it\/fr\/wp-json\/wp\/v2\/types\/post"}],"author":[{"embeddable":true,"href":"https:\/\/www.bellunopress.it\/fr\/wp-json\/wp\/v2\/users\/2"}],"replies":[{"embeddable":true,"href":"https:\/\/www.bellunopress.it\/fr\/wp-json\/wp\/v2\/comments?post=44994"}],"version-history":[{"count":1,"href":"https:\/\/www.bellunopress.it\/fr\/wp-json\/wp\/v2\/posts\/44994\/revisions"}],"predecessor-version":[{"id":44995,"href":"https:\/\/www.bellunopress.it\/fr\/wp-json\/wp\/v2\/posts\/44994\/revisions\/44995"}],"wp:attachment":[{"href":"https:\/\/www.bellunopress.it\/fr\/wp-json\/wp\/v2\/media?parent=44994"}],"wp:term":[{"taxonomy":"category","embeddable":true,"href":"https:\/\/www.bellunopress.it\/fr\/wp-json\/wp\/v2\/categories?post=44994"},{"taxonomy":"post_tag","embeddable":true,"href":"https:\/\/www.bellunopress.it\/fr\/wp-json\/wp\/v2\/tags?post=44994"}],"curies":[{"name":"wp","href":"https:\/\/api.w.org\/{rel}","templated":true}]}}