{"id":44990,"date":"2012-12-19T21:31:25","date_gmt":"2012-12-19T20:31:25","guid":{"rendered":"http:\/\/www.bellunopress.it\/?p=44990"},"modified":"2012-12-19T21:31:25","modified_gmt":"2012-12-19T20:31:25","slug":"ultimo-appuntamento-con-dante-e-la-divina-commedia","status":"publish","type":"post","link":"https:\/\/www.bellunopress.it\/fr\/2012\/12\/19\/ultimo-appuntamento-con-dante-e-la-divina-commedia\/","title":{"rendered":"Ultimo appuntamento con Dante e la Divina Commedia"},"content":{"rendered":"<p>Si conclude gioved\u00ec 20 dicembre il riuscito ciclo di incontri sulla Divina Commedia curato da Maurizio Mellini e proposto dalla Biblioteca civica di Belluno. Il finale \u00e8 di quelli di assoluta bellezza, il tema sar\u00e0 il dramma di Ugolino: &#8220;E se non piangi di che pianger suoli?&#8221;. Il numeroso pubblico sempre presente nelle cinque puntate precedenti, ha molto apprezzato questo approccio all\u2019opera del Sommo Poeta nazionale, perch\u00e9 proposta in modo trasversale tra le tre cantiche (Inferno, Purgatorio e Paradiso) e basandosi su molti riferimenti storici e politici, artistici e linguistici, simbolici e onirici, economici e religiosi, sociali e individuali.<\/p>\n<figure id=\"attachment_10610\" aria-describedby=\"caption-attachment-10610\" style=\"width: 270px\" class=\"wp-caption alignleft\"><a href=\"http:\/\/www.bellunopress.it\/wp-content\/uploads\/2009\/12\/crepadona.jpg\"><img loading=\"lazy\" decoding=\"async\" class=\"size-full wp-image-10610\" alt=\"Palazzo Crepadona, sede della Biblioteca civica di Belluno\" src=\"http:\/\/www.bellunopress.it\/wp-content\/uploads\/2009\/12\/crepadona.jpg\" width=\"270\" height=\"202\" \/><\/a><figcaption id=\"caption-attachment-10610\" class=\"wp-caption-text\">Palazzo Crepadona, sede della Biblioteca civica di Belluno<\/figcaption><\/figure>\n<p>Una modalit\u00e0 che permette a tutti di conoscere ed apprezzare uno dei pi\u00f9 grandi capolavori della letteratura mondiale, pi\u00f9 orientato alla facile comprensione di tutti. Maurizio Mellini \u00e8 l\u2019esperto che ha curato l\u2019intero ciclo e che, oltre a conoscere approfonditamente gli aspetti critici dell\u2019intera opera, ha anche la capacit\u00e0 di declamare a memoria buona parte dei canti di cui \u00e8 composta, facendo cos\u00ec apprezzare anche la musicalit\u00e0 dell\u2019endecasillabo dantesco. La manifestazione \u00e8 volutamente divulgativa e quindi aperta alla partecipazione di tutti, si consiglia di portare con s\u00e9 una copia della Divina Commedia per meglio seguire lo svolgimento dell\u2019esposizione. L\u2019ultimo incontro, al quale \u00e8 consigliabile non mancare, sar\u00e0 sempre presso la Sala Bianchi in viale Fantuzzi, 11 dalle ore 17.30.<\/p>\n<p>L\u2019iniziativa \u00e8 aperta alla partecipazione di tutti.<\/p>\n<p>Per ogni ulteriore informazione contattare la Biblioteca al tel. 0437948093 o biblioteca@comune.belluno.it.<\/p>\n<p>&nbsp;<\/p>\n<p>&nbsp;<\/p>\n<p>&nbsp;<\/p>","protected":false},"excerpt":{"rendered":"<p>Si conclude gioved\u00ec 20 dicembre il riuscito ciclo di incontri sulla Divina Commedia curato da Maurizio Mellini e proposto dalla Biblioteca civica di Belluno. Il finale \u00e8 di quelli di assoluta bellezza, il tema sar\u00e0 il dramma di Ugolino: &#8220;E se non piangi di che pianger suoli?&#8221;. Il numeroso pubblico sempre presente nelle cinque puntate [&hellip;]<\/p>\n","protected":false},"author":2,"featured_media":0,"comment_status":"closed","ping_status":"open","sticky":false,"template":"","format":"standard","meta":{"footnotes":""},"categories":[27,3,25],"tags":[],"class_list":["post-44990","post","type-post","status-publish","format-standard","category-appuntamenti","category-arte-cultura-spettacoli-scienza-archivi","category-pausa-caffe"],"yoast_head":"<!-- This site is optimized with the Yoast SEO plugin v28.4 - https:\/\/yoast.com\/product\/yoast-seo-wordpress\/ -->\n<title>Ultimo appuntamento con Dante e la Divina Commedia - Bellunopress - Dolomiti<\/title>\n<meta name=\"robots\" content=\"index, follow, max-snippet:-1, max-image-preview:large, max-video-preview:-1\" \/>\n<link rel=\"canonical\" href=\"https:\/\/www.bellunopress.it\/fr\/2012\/12\/19\/ultimo-appuntamento-con-dante-e-la-divina-commedia\/\" \/>\n<meta property=\"og:locale\" content=\"fr_FR\" \/>\n<meta property=\"og:type\" content=\"article\" \/>\n<meta property=\"og:title\" content=\"Ultimo appuntamento con Dante e la Divina Commedia - Bellunopress - Dolomiti\" \/>\n<meta property=\"og:description\" content=\"Si conclude gioved\u00ec 20 dicembre il riuscito ciclo di incontri sulla Divina Commedia curato da Maurizio Mellini e proposto dalla Biblioteca civica di Belluno. Il finale \u00e8 di quelli di assoluta bellezza, il tema sar\u00e0 il dramma di Ugolino: &#8220;E se non piangi di che pianger suoli?&#8221;. Il numeroso pubblico sempre presente nelle cinque puntate [&hellip;]\" \/>\n<meta property=\"og:url\" content=\"https:\/\/www.bellunopress.it\/fr\/2012\/12\/19\/ultimo-appuntamento-con-dante-e-la-divina-commedia\/\" \/>\n<meta property=\"og:site_name\" content=\"Bellunopress - Dolomiti\" \/>\n<meta property=\"article:publisher\" content=\"https:\/\/www.facebook.com\/profile.php?id=100008943462799\" \/>\n<meta property=\"article:published_time\" content=\"2012-12-19T20:31:25+00:00\" \/>\n<meta property=\"og:image\" content=\"http:\/\/www.bellunopress.it\/wp-content\/uploads\/2009\/12\/crepadona.jpg\" \/>\n<meta name=\"author\" content=\"redazione\" \/>\n<meta name=\"twitter:card\" content=\"summary_large_image\" \/>\n<meta name=\"twitter:creator\" content=\"@bellunopress\" \/>\n<meta name=\"twitter:site\" content=\"@bellunopress\" \/>\n<meta name=\"twitter:label1\" content=\"\u00c9crit par\" \/>\n\t<meta name=\"twitter:data1\" content=\"redazione\" \/>\n\t<meta name=\"twitter:label2\" content=\"Dur\u00e9e de lecture estim\u00e9e\" \/>\n\t<meta name=\"twitter:data2\" content=\"1 minute\" \/>\n<script type=\"application\/ld+json\" class=\"yoast-schema-graph\">{\"@context\":\"https:\\\/\\\/schema.org\",\"@graph\":[{\"@type\":\"Article\",\"@id\":\"https:\\\/\\\/www.bellunopress.it\\\/2012\\\/12\\\/19\\\/ultimo-appuntamento-con-dante-e-la-divina-commedia\\\/#article\",\"isPartOf\":{\"@id\":\"https:\\\/\\\/www.bellunopress.it\\\/2012\\\/12\\\/19\\\/ultimo-appuntamento-con-dante-e-la-divina-commedia\\\/\"},\"author\":{\"name\":\"redazione\",\"@id\":\"https:\\\/\\\/www.bellunopress.it\\\/#\\\/schema\\\/person\\\/79bb06722b37ece1c03d3e94beb30d73\"},\"headline\":\"Ultimo appuntamento con Dante e la Divina Commedia\",\"datePublished\":\"2012-12-19T20:31:25+00:00\",\"mainEntityOfPage\":{\"@id\":\"https:\\\/\\\/www.bellunopress.it\\\/2012\\\/12\\\/19\\\/ultimo-appuntamento-con-dante-e-la-divina-commedia\\\/\"},\"wordCount\":264,\"publisher\":{\"@id\":\"https:\\\/\\\/www.bellunopress.it\\\/#organization\"},\"image\":{\"@id\":\"https:\\\/\\\/www.bellunopress.it\\\/2012\\\/12\\\/19\\\/ultimo-appuntamento-con-dante-e-la-divina-commedia\\\/#primaryimage\"},\"thumbnailUrl\":\"http:\\\/\\\/www.bellunopress.it\\\/wp-content\\\/uploads\\\/2009\\\/12\\\/crepadona.jpg\",\"articleSection\":[\"Appuntamenti, Eventi\",\"Arte, Cultura, Spettacoli, Scienza\",\"Pausa Caff\u00e8\"],\"inLanguage\":\"fr-FR\"},{\"@type\":\"WebPage\",\"@id\":\"https:\\\/\\\/www.bellunopress.it\\\/2012\\\/12\\\/19\\\/ultimo-appuntamento-con-dante-e-la-divina-commedia\\\/\",\"url\":\"https:\\\/\\\/www.bellunopress.it\\\/2012\\\/12\\\/19\\\/ultimo-appuntamento-con-dante-e-la-divina-commedia\\\/\",\"name\":\"Ultimo appuntamento con Dante e la Divina Commedia - Bellunopress - Dolomiti\",\"isPartOf\":{\"@id\":\"https:\\\/\\\/www.bellunopress.it\\\/#website\"},\"primaryImageOfPage\":{\"@id\":\"https:\\\/\\\/www.bellunopress.it\\\/2012\\\/12\\\/19\\\/ultimo-appuntamento-con-dante-e-la-divina-commedia\\\/#primaryimage\"},\"image\":{\"@id\":\"https:\\\/\\\/www.bellunopress.it\\\/2012\\\/12\\\/19\\\/ultimo-appuntamento-con-dante-e-la-divina-commedia\\\/#primaryimage\"},\"thumbnailUrl\":\"http:\\\/\\\/www.bellunopress.it\\\/wp-content\\\/uploads\\\/2009\\\/12\\\/crepadona.jpg\",\"datePublished\":\"2012-12-19T20:31:25+00:00\",\"breadcrumb\":{\"@id\":\"https:\\\/\\\/www.bellunopress.it\\\/2012\\\/12\\\/19\\\/ultimo-appuntamento-con-dante-e-la-divina-commedia\\\/#breadcrumb\"},\"inLanguage\":\"fr-FR\",\"potentialAction\":[{\"@type\":\"ReadAction\",\"target\":[\"https:\\\/\\\/www.bellunopress.it\\\/2012\\\/12\\\/19\\\/ultimo-appuntamento-con-dante-e-la-divina-commedia\\\/\"]}]},{\"@type\":\"ImageObject\",\"inLanguage\":\"fr-FR\",\"@id\":\"https:\\\/\\\/www.bellunopress.it\\\/2012\\\/12\\\/19\\\/ultimo-appuntamento-con-dante-e-la-divina-commedia\\\/#primaryimage\",\"url\":\"http:\\\/\\\/www.bellunopress.it\\\/wp-content\\\/uploads\\\/2009\\\/12\\\/crepadona.jpg\",\"contentUrl\":\"http:\\\/\\\/www.bellunopress.it\\\/wp-content\\\/uploads\\\/2009\\\/12\\\/crepadona.jpg\"},{\"@type\":\"BreadcrumbList\",\"@id\":\"https:\\\/\\\/www.bellunopress.it\\\/2012\\\/12\\\/19\\\/ultimo-appuntamento-con-dante-e-la-divina-commedia\\\/#breadcrumb\",\"itemListElement\":[{\"@type\":\"ListItem\",\"position\":1,\"name\":\"Home\",\"item\":\"https:\\\/\\\/www.bellunopress.it\\\/\"},{\"@type\":\"ListItem\",\"position\":2,\"name\":\"Ultimo appuntamento con Dante e la Divina Commedia\"}]},{\"@type\":\"WebSite\",\"@id\":\"https:\\\/\\\/www.bellunopress.it\\\/#website\",\"url\":\"https:\\\/\\\/www.bellunopress.it\\\/\",\"name\":\"Bellunopress - Dolomiti\",\"description\":\"e-mail: redazione@bellunopress.it\",\"publisher\":{\"@id\":\"https:\\\/\\\/www.bellunopress.it\\\/#organization\"},\"potentialAction\":[{\"@type\":\"SearchAction\",\"target\":{\"@type\":\"EntryPoint\",\"urlTemplate\":\"https:\\\/\\\/www.bellunopress.it\\\/?s={search_term_string}\"},\"query-input\":{\"@type\":\"PropertyValueSpecification\",\"valueRequired\":true,\"valueName\":\"search_term_string\"}}],\"inLanguage\":\"fr-FR\"},{\"@type\":\"Organization\",\"@id\":\"https:\\\/\\\/www.bellunopress.it\\\/#organization\",\"name\":\"Bellunopress\",\"url\":\"https:\\\/\\\/www.bellunopress.it\\\/\",\"logo\":{\"@type\":\"ImageObject\",\"inLanguage\":\"fr-FR\",\"@id\":\"https:\\\/\\\/www.bellunopress.it\\\/#\\\/schema\\\/logo\\\/image\\\/\",\"url\":\"https:\\\/\\\/www.bellunopress.it\\\/wp-content\\\/uploads\\\/2011\\\/05\\\/cropped-logo-bellunopress-.jpg\",\"contentUrl\":\"https:\\\/\\\/www.bellunopress.it\\\/wp-content\\\/uploads\\\/2011\\\/05\\\/cropped-logo-bellunopress-.jpg\",\"width\":512,\"height\":512,\"caption\":\"Bellunopress\"},\"image\":{\"@id\":\"https:\\\/\\\/www.bellunopress.it\\\/#\\\/schema\\\/logo\\\/image\\\/\"},\"sameAs\":[\"https:\\\/\\\/www.facebook.com\\\/profile.php?id=100008943462799\",\"https:\\\/\\\/x.com\\\/bellunopress\",\"https:\\\/\\\/www.linkedin.com\\\/hp\\\/?dnr=JBzUWaJfMUw8vbXJJ2tVW5-I3jZKvC4wsoxE&amp;amp;amp;amp;amp;amp;trk=nav_responsive_tab_home\",\"https:\\\/\\\/www.youtube.com\\\/channel\\\/UCxL0wu1uN0_3_7hGG0306cw\"]},{\"@type\":\"Person\",\"@id\":\"https:\\\/\\\/www.bellunopress.it\\\/#\\\/schema\\\/person\\\/79bb06722b37ece1c03d3e94beb30d73\",\"name\":\"redazione\",\"image\":{\"@type\":\"ImageObject\",\"inLanguage\":\"fr-FR\",\"@id\":\"https:\\\/\\\/secure.gravatar.com\\\/avatar\\\/37d968a2e67a6fd04c169c4bdef102d0bc5d31b2546345219e348575eb80e9a0?s=96&d=mm&r=g\",\"url\":\"https:\\\/\\\/secure.gravatar.com\\\/avatar\\\/37d968a2e67a6fd04c169c4bdef102d0bc5d31b2546345219e348575eb80e9a0?s=96&d=mm&r=g\",\"contentUrl\":\"https:\\\/\\\/secure.gravatar.com\\\/avatar\\\/37d968a2e67a6fd04c169c4bdef102d0bc5d31b2546345219e348575eb80e9a0?s=96&d=mm&r=g\",\"caption\":\"redazione\"},\"sameAs\":[\"http:\\\/\\\/www.bellunopress.it\",\"https:\\\/\\\/x.com\\\/bellunopress\"],\"url\":\"https:\\\/\\\/www.bellunopress.it\\\/fr\\\/author\\\/redazione\\\/\"}]}<\/script>\n<!-- \/ Yoast SEO plugin. -->","yoast_head_json":{"title":"Ultimo appuntamento con Dante e la Divina Commedia - Bellunopress - Dolomiti","robots":{"index":"index","follow":"follow","max-snippet":"max-snippet:-1","max-image-preview":"max-image-preview:large","max-video-preview":"max-video-preview:-1"},"canonical":"https:\/\/www.bellunopress.it\/fr\/2012\/12\/19\/ultimo-appuntamento-con-dante-e-la-divina-commedia\/","og_locale":"fr_FR","og_type":"article","og_title":"Ultimo appuntamento con Dante e la Divina Commedia - Bellunopress - Dolomiti","og_description":"Si conclude gioved\u00ec 20 dicembre il riuscito ciclo di incontri sulla Divina Commedia curato da Maurizio Mellini e proposto dalla Biblioteca civica di Belluno. Il finale \u00e8 di quelli di assoluta bellezza, il tema sar\u00e0 il dramma di Ugolino: &#8220;E se non piangi di che pianger suoli?&#8221;. Il numeroso pubblico sempre presente nelle cinque puntate [&hellip;]","og_url":"https:\/\/www.bellunopress.it\/fr\/2012\/12\/19\/ultimo-appuntamento-con-dante-e-la-divina-commedia\/","og_site_name":"Bellunopress - Dolomiti","article_publisher":"https:\/\/www.facebook.com\/profile.php?id=100008943462799","article_published_time":"2012-12-19T20:31:25+00:00","og_image":[{"url":"http:\/\/www.bellunopress.it\/wp-content\/uploads\/2009\/12\/crepadona.jpg","type":"","width":"","height":""}],"author":"redazione","twitter_card":"summary_large_image","twitter_creator":"@bellunopress","twitter_site":"@bellunopress","twitter_misc":{"\u00c9crit par":"redazione","Dur\u00e9e de lecture estim\u00e9e":"1 minute"},"schema":{"@context":"https:\/\/schema.org","@graph":[{"@type":"Article","@id":"https:\/\/www.bellunopress.it\/2012\/12\/19\/ultimo-appuntamento-con-dante-e-la-divina-commedia\/#article","isPartOf":{"@id":"https:\/\/www.bellunopress.it\/2012\/12\/19\/ultimo-appuntamento-con-dante-e-la-divina-commedia\/"},"author":{"name":"redazione","@id":"https:\/\/www.bellunopress.it\/#\/schema\/person\/79bb06722b37ece1c03d3e94beb30d73"},"headline":"Ultimo appuntamento con Dante e la Divina Commedia","datePublished":"2012-12-19T20:31:25+00:00","mainEntityOfPage":{"@id":"https:\/\/www.bellunopress.it\/2012\/12\/19\/ultimo-appuntamento-con-dante-e-la-divina-commedia\/"},"wordCount":264,"publisher":{"@id":"https:\/\/www.bellunopress.it\/#organization"},"image":{"@id":"https:\/\/www.bellunopress.it\/2012\/12\/19\/ultimo-appuntamento-con-dante-e-la-divina-commedia\/#primaryimage"},"thumbnailUrl":"http:\/\/www.bellunopress.it\/wp-content\/uploads\/2009\/12\/crepadona.jpg","articleSection":["Appuntamenti, Eventi","Arte, Cultura, Spettacoli, Scienza","Pausa Caff\u00e8"],"inLanguage":"fr-FR"},{"@type":"WebPage","@id":"https:\/\/www.bellunopress.it\/2012\/12\/19\/ultimo-appuntamento-con-dante-e-la-divina-commedia\/","url":"https:\/\/www.bellunopress.it\/2012\/12\/19\/ultimo-appuntamento-con-dante-e-la-divina-commedia\/","name":"Ultimo appuntamento con Dante e la Divina Commedia - Bellunopress - Dolomiti","isPartOf":{"@id":"https:\/\/www.bellunopress.it\/#website"},"primaryImageOfPage":{"@id":"https:\/\/www.bellunopress.it\/2012\/12\/19\/ultimo-appuntamento-con-dante-e-la-divina-commedia\/#primaryimage"},"image":{"@id":"https:\/\/www.bellunopress.it\/2012\/12\/19\/ultimo-appuntamento-con-dante-e-la-divina-commedia\/#primaryimage"},"thumbnailUrl":"http:\/\/www.bellunopress.it\/wp-content\/uploads\/2009\/12\/crepadona.jpg","datePublished":"2012-12-19T20:31:25+00:00","breadcrumb":{"@id":"https:\/\/www.bellunopress.it\/2012\/12\/19\/ultimo-appuntamento-con-dante-e-la-divina-commedia\/#breadcrumb"},"inLanguage":"fr-FR","potentialAction":[{"@type":"ReadAction","target":["https:\/\/www.bellunopress.it\/2012\/12\/19\/ultimo-appuntamento-con-dante-e-la-divina-commedia\/"]}]},{"@type":"ImageObject","inLanguage":"fr-FR","@id":"https:\/\/www.bellunopress.it\/2012\/12\/19\/ultimo-appuntamento-con-dante-e-la-divina-commedia\/#primaryimage","url":"http:\/\/www.bellunopress.it\/wp-content\/uploads\/2009\/12\/crepadona.jpg","contentUrl":"http:\/\/www.bellunopress.it\/wp-content\/uploads\/2009\/12\/crepadona.jpg"},{"@type":"BreadcrumbList","@id":"https:\/\/www.bellunopress.it\/2012\/12\/19\/ultimo-appuntamento-con-dante-e-la-divina-commedia\/#breadcrumb","itemListElement":[{"@type":"ListItem","position":1,"name":"Home","item":"https:\/\/www.bellunopress.it\/"},{"@type":"ListItem","position":2,"name":"Ultimo appuntamento con Dante e la Divina Commedia"}]},{"@type":"WebSite","@id":"https:\/\/www.bellunopress.it\/#website","url":"https:\/\/www.bellunopress.it\/","name":"Bellunopress - Dolomiti","description":"e-mail: redazione@bellunopress.it","publisher":{"@id":"https:\/\/www.bellunopress.it\/#organization"},"potentialAction":[{"@type":"SearchAction","target":{"@type":"EntryPoint","urlTemplate":"https:\/\/www.bellunopress.it\/?s={search_term_string}"},"query-input":{"@type":"PropertyValueSpecification","valueRequired":true,"valueName":"search_term_string"}}],"inLanguage":"fr-FR"},{"@type":"Organization","@id":"https:\/\/www.bellunopress.it\/#organization","name":"Bellunopress","url":"https:\/\/www.bellunopress.it\/","logo":{"@type":"ImageObject","inLanguage":"fr-FR","@id":"https:\/\/www.bellunopress.it\/#\/schema\/logo\/image\/","url":"https:\/\/www.bellunopress.it\/wp-content\/uploads\/2011\/05\/cropped-logo-bellunopress-.jpg","contentUrl":"https:\/\/www.bellunopress.it\/wp-content\/uploads\/2011\/05\/cropped-logo-bellunopress-.jpg","width":512,"height":512,"caption":"Bellunopress"},"image":{"@id":"https:\/\/www.bellunopress.it\/#\/schema\/logo\/image\/"},"sameAs":["https:\/\/www.facebook.com\/profile.php?id=100008943462799","https:\/\/x.com\/bellunopress","https:\/\/www.linkedin.com\/hp\/?dnr=JBzUWaJfMUw8vbXJJ2tVW5-I3jZKvC4wsoxE&amp;amp;amp;amp;amp;amp;trk=nav_responsive_tab_home","https:\/\/www.youtube.com\/channel\/UCxL0wu1uN0_3_7hGG0306cw"]},{"@type":"Person","@id":"https:\/\/www.bellunopress.it\/#\/schema\/person\/79bb06722b37ece1c03d3e94beb30d73","name":"r\u00e9daction","image":{"@type":"ImageObject","inLanguage":"fr-FR","@id":"https:\/\/secure.gravatar.com\/avatar\/37d968a2e67a6fd04c169c4bdef102d0bc5d31b2546345219e348575eb80e9a0?s=96&d=mm&r=g","url":"https:\/\/secure.gravatar.com\/avatar\/37d968a2e67a6fd04c169c4bdef102d0bc5d31b2546345219e348575eb80e9a0?s=96&d=mm&r=g","contentUrl":"https:\/\/secure.gravatar.com\/avatar\/37d968a2e67a6fd04c169c4bdef102d0bc5d31b2546345219e348575eb80e9a0?s=96&d=mm&r=g","caption":"redazione"},"sameAs":["http:\/\/www.bellunopress.it","https:\/\/x.com\/bellunopress"],"url":"https:\/\/www.bellunopress.it\/fr\/author\/redazione\/"}]}},"_links":{"self":[{"href":"https:\/\/www.bellunopress.it\/fr\/wp-json\/wp\/v2\/posts\/44990","targetHints":{"allow":["GET"]}}],"collection":[{"href":"https:\/\/www.bellunopress.it\/fr\/wp-json\/wp\/v2\/posts"}],"about":[{"href":"https:\/\/www.bellunopress.it\/fr\/wp-json\/wp\/v2\/types\/post"}],"author":[{"embeddable":true,"href":"https:\/\/www.bellunopress.it\/fr\/wp-json\/wp\/v2\/users\/2"}],"replies":[{"embeddable":true,"href":"https:\/\/www.bellunopress.it\/fr\/wp-json\/wp\/v2\/comments?post=44990"}],"version-history":[{"count":2,"href":"https:\/\/www.bellunopress.it\/fr\/wp-json\/wp\/v2\/posts\/44990\/revisions"}],"predecessor-version":[{"id":44992,"href":"https:\/\/www.bellunopress.it\/fr\/wp-json\/wp\/v2\/posts\/44990\/revisions\/44992"}],"wp:attachment":[{"href":"https:\/\/www.bellunopress.it\/fr\/wp-json\/wp\/v2\/media?parent=44990"}],"wp:term":[{"taxonomy":"category","embeddable":true,"href":"https:\/\/www.bellunopress.it\/fr\/wp-json\/wp\/v2\/categories?post=44990"},{"taxonomy":"post_tag","embeddable":true,"href":"https:\/\/www.bellunopress.it\/fr\/wp-json\/wp\/v2\/tags?post=44990"}],"curies":[{"name":"wp","href":"https:\/\/api.w.org\/{rel}","templated":true}]}}