{"id":4499,"date":"2009-06-05T23:27:10","date_gmt":"2009-06-05T22:27:10","guid":{"rendered":"http:\/\/www.bellunopress.it\/?p=4499"},"modified":"2009-06-05T23:27:10","modified_gmt":"2009-06-05T22:27:10","slug":"mercoledi-consiglio-comunale-sulla-scuola-elementare-gabelli-il-capogruppo-del-pd-jacopo-massaro-chiede-a-prade-cosa-intende-fare","status":"publish","type":"post","link":"https:\/\/www.bellunopress.it\/fr\/2009\/06\/05\/mercoledi-consiglio-comunale-sulla-scuola-elementare-gabelli-il-capogruppo-del-pd-jacopo-massaro-chiede-a-prade-cosa-intende-fare\/","title":{"rendered":"Mercoled\u00ec consiglio comunale sulla scuola elementare Gabelli: il capogruppo del PD Jacopo Massaro chiede a Prade cosa intende fare"},"content":{"rendered":"<p><a href=\"http:\/\/www.bellunopress.it\/wp-content\/uploads\/2009\/05\/gabelli-leggera.jpg\"><img loading=\"lazy\" decoding=\"async\" class=\"alignleft size-medium wp-image-4185\" title=\"gabelli-leggera\" src=\"http:\/\/www.bellunopress.it\/wp-content\/uploads\/2009\/05\/gabelli-leggera.jpg\" alt=\"\" width=\"241\" height=\"181\" \/><\/a> Mercoled\u00ec 10 si svolger\u00e0 un Consiglio Comunale dedicato al crollo di un soffitto alla scuola elementare Gabelli.La richiesta di convocazione urgente, chiesta dal Gruppo del PD insieme altri Gruppi di opposizione, \u00e8 finalizzata ad avere dalla Giunta Prade la spiegazione di ci\u00f2 che \u00e8 accaduto e soprattutto ad ottenere delle proposte operative. La discussione si preannuncia calda: &lt;&lt;ci sono ovviamente delle responsabilit\u00e0 di cui vogliamo che qualcuno si faccia carico; tuttavia la ricerca di chi ha sottovalutato i rischi&gt;&gt; afferma Jacopo Massaro, Capogruppo del Partito Democratico, &lt;&lt;\u00e8 oggi in secondo piano rispetto alla urgente necessit\u00e0 di risolvere il problema. E&#8217; per questo motivo che in questi giorni ci siamo attivati soprattutto per trovare una sistemazione temporanea e sicura ai bambini da proporre alla Giunta&gt;&gt;. Per quanto riguarda invece le prospettive per la sistemazione definitiva della scuola, mercoled\u00ec si aspetta di conoscere le proposte della Giunta e il quadro delle risorse.\u00a0 Mettendosi a disposizione per discutere le soluzioni, il Gruppo del PD fissa per\u00f2 i paletti: &lt;&lt;Siamo disponibili a discutere di tutto&gt;&gt;, spiega Jacopo Massaro, &lt;&lt;ma porremo con determinazione il principio secondo cui bambini e scuole devono essere la priorit\u00e0 delle priorit\u00e0. Se non riafferma questo principio, il Centrodestra deve capire che avr\u00e0 inferto un duro colpo alla sicurezza dei cittadini, che dovrebbe essere rappresentata maggiormente da edifici pubblici che non crollino, e meno da esibizione di muscoli per la strada&gt;&gt;.<\/p>","protected":false},"excerpt":{"rendered":"<p>Mercoled\u00ec 10 si svolger\u00e0 un Consiglio Comunale dedicato al crollo di un soffitto alla scuola elementare Gabelli.La richiesta di convocazione urgente, chiesta dal Gruppo del PD insieme altri Gruppi di opposizione, \u00e8 finalizzata ad avere dalla Giunta Prade la spiegazione di ci\u00f2 che \u00e8 accaduto e soprattutto ad ottenere delle proposte operative. La discussione si [&hellip;]<\/p>\n","protected":false},"author":2,"featured_media":0,"comment_status":"closed","ping_status":"open","sticky":false,"template":"","format":"standard","meta":{"footnotes":""},"categories":[5,26],"tags":[139],"class_list":["post-4499","post","type-post","status-publish","format-standard","category-cronaca","category-prima-pagina","tag-belluno"],"yoast_head":"<!-- This site is optimized with the Yoast SEO plugin v28.4 - https:\/\/yoast.com\/product\/yoast-seo-wordpress\/ -->\n<title>Mercoled\u00ec consiglio comunale sulla scuola elementare Gabelli: il capogruppo del PD Jacopo Massaro chiede a Prade cosa intende fare - Bellunopress - Dolomiti<\/title>\n<meta name=\"robots\" content=\"index, follow, max-snippet:-1, max-image-preview:large, max-video-preview:-1\" \/>\n<link rel=\"canonical\" href=\"https:\/\/www.bellunopress.it\/fr\/2009\/06\/05\/mercoledi-consiglio-comunale-sulla-scuola-elementare-gabelli-il-capogruppo-del-pd-jacopo-massaro-chiede-a-prade-cosa-intende-fare\/\" \/>\n<meta property=\"og:locale\" content=\"fr_FR\" \/>\n<meta property=\"og:type\" content=\"article\" \/>\n<meta property=\"og:title\" content=\"Mercoled\u00ec consiglio comunale sulla scuola elementare Gabelli: il capogruppo del PD Jacopo Massaro chiede a Prade cosa intende fare - Bellunopress - Dolomiti\" \/>\n<meta property=\"og:description\" content=\"Mercoled\u00ec 10 si svolger\u00e0 un Consiglio Comunale dedicato al crollo di un soffitto alla scuola elementare Gabelli.La richiesta di convocazione urgente, chiesta dal Gruppo del PD insieme altri Gruppi di opposizione, \u00e8 finalizzata ad avere dalla Giunta Prade la spiegazione di ci\u00f2 che \u00e8 accaduto e soprattutto ad ottenere delle proposte operative. La discussione si [&hellip;]\" \/>\n<meta property=\"og:url\" content=\"https:\/\/www.bellunopress.it\/fr\/2009\/06\/05\/mercoledi-consiglio-comunale-sulla-scuola-elementare-gabelli-il-capogruppo-del-pd-jacopo-massaro-chiede-a-prade-cosa-intende-fare\/\" \/>\n<meta property=\"og:site_name\" content=\"Bellunopress - Dolomiti\" \/>\n<meta property=\"article:publisher\" content=\"https:\/\/www.facebook.com\/profile.php?id=100008943462799\" \/>\n<meta property=\"article:published_time\" content=\"2009-06-05T22:27:10+00:00\" \/>\n<meta property=\"og:image\" content=\"http:\/\/www.bellunopress.it\/wp-content\/uploads\/2009\/05\/gabelli-leggera.jpg\" \/>\n<meta name=\"author\" content=\"redazione\" \/>\n<meta name=\"twitter:card\" content=\"summary_large_image\" \/>\n<meta name=\"twitter:creator\" content=\"@bellunopress\" \/>\n<meta name=\"twitter:site\" content=\"@bellunopress\" \/>\n<meta name=\"twitter:label1\" content=\"\u00c9crit par\" \/>\n\t<meta name=\"twitter:data1\" content=\"redazione\" \/>\n\t<meta name=\"twitter:label2\" content=\"Dur\u00e9e de lecture estim\u00e9e\" \/>\n\t<meta name=\"twitter:data2\" content=\"1 minute\" \/>\n<script type=\"application\/ld+json\" class=\"yoast-schema-graph\">{\"@context\":\"https:\\\/\\\/schema.org\",\"@graph\":[{\"@type\":\"Article\",\"@id\":\"https:\\\/\\\/www.bellunopress.it\\\/2009\\\/06\\\/05\\\/mercoledi-consiglio-comunale-sulla-scuola-elementare-gabelli-il-capogruppo-del-pd-jacopo-massaro-chiede-a-prade-cosa-intende-fare\\\/#article\",\"isPartOf\":{\"@id\":\"https:\\\/\\\/www.bellunopress.it\\\/2009\\\/06\\\/05\\\/mercoledi-consiglio-comunale-sulla-scuola-elementare-gabelli-il-capogruppo-del-pd-jacopo-massaro-chiede-a-prade-cosa-intende-fare\\\/\"},\"author\":{\"name\":\"redazione\",\"@id\":\"https:\\\/\\\/www.bellunopress.it\\\/#\\\/schema\\\/person\\\/79bb06722b37ece1c03d3e94beb30d73\"},\"headline\":\"Mercoled\u00ec consiglio comunale sulla scuola elementare Gabelli: il capogruppo del PD Jacopo Massaro chiede a Prade cosa intende fare\",\"datePublished\":\"2009-06-05T22:27:10+00:00\",\"mainEntityOfPage\":{\"@id\":\"https:\\\/\\\/www.bellunopress.it\\\/2009\\\/06\\\/05\\\/mercoledi-consiglio-comunale-sulla-scuola-elementare-gabelli-il-capogruppo-del-pd-jacopo-massaro-chiede-a-prade-cosa-intende-fare\\\/\"},\"wordCount\":262,\"publisher\":{\"@id\":\"https:\\\/\\\/www.bellunopress.it\\\/#organization\"},\"image\":{\"@id\":\"https:\\\/\\\/www.bellunopress.it\\\/2009\\\/06\\\/05\\\/mercoledi-consiglio-comunale-sulla-scuola-elementare-gabelli-il-capogruppo-del-pd-jacopo-massaro-chiede-a-prade-cosa-intende-fare\\\/#primaryimage\"},\"thumbnailUrl\":\"http:\\\/\\\/www.bellunopress.it\\\/wp-content\\\/uploads\\\/2009\\\/05\\\/gabelli-leggera.jpg\",\"keywords\":[\"Belluno\"],\"articleSection\":[\"Cronaca\\\/Politica\",\"Prima Pagina\"],\"inLanguage\":\"fr-FR\"},{\"@type\":\"WebPage\",\"@id\":\"https:\\\/\\\/www.bellunopress.it\\\/2009\\\/06\\\/05\\\/mercoledi-consiglio-comunale-sulla-scuola-elementare-gabelli-il-capogruppo-del-pd-jacopo-massaro-chiede-a-prade-cosa-intende-fare\\\/\",\"url\":\"https:\\\/\\\/www.bellunopress.it\\\/2009\\\/06\\\/05\\\/mercoledi-consiglio-comunale-sulla-scuola-elementare-gabelli-il-capogruppo-del-pd-jacopo-massaro-chiede-a-prade-cosa-intende-fare\\\/\",\"name\":\"Mercoled\u00ec consiglio comunale sulla scuola elementare Gabelli: il capogruppo del PD Jacopo Massaro chiede a Prade cosa intende fare - Bellunopress - Dolomiti\",\"isPartOf\":{\"@id\":\"https:\\\/\\\/www.bellunopress.it\\\/#website\"},\"primaryImageOfPage\":{\"@id\":\"https:\\\/\\\/www.bellunopress.it\\\/2009\\\/06\\\/05\\\/mercoledi-consiglio-comunale-sulla-scuola-elementare-gabelli-il-capogruppo-del-pd-jacopo-massaro-chiede-a-prade-cosa-intende-fare\\\/#primaryimage\"},\"image\":{\"@id\":\"https:\\\/\\\/www.bellunopress.it\\\/2009\\\/06\\\/05\\\/mercoledi-consiglio-comunale-sulla-scuola-elementare-gabelli-il-capogruppo-del-pd-jacopo-massaro-chiede-a-prade-cosa-intende-fare\\\/#primaryimage\"},\"thumbnailUrl\":\"http:\\\/\\\/www.bellunopress.it\\\/wp-content\\\/uploads\\\/2009\\\/05\\\/gabelli-leggera.jpg\",\"datePublished\":\"2009-06-05T22:27:10+00:00\",\"breadcrumb\":{\"@id\":\"https:\\\/\\\/www.bellunopress.it\\\/2009\\\/06\\\/05\\\/mercoledi-consiglio-comunale-sulla-scuola-elementare-gabelli-il-capogruppo-del-pd-jacopo-massaro-chiede-a-prade-cosa-intende-fare\\\/#breadcrumb\"},\"inLanguage\":\"fr-FR\",\"potentialAction\":[{\"@type\":\"ReadAction\",\"target\":[\"https:\\\/\\\/www.bellunopress.it\\\/2009\\\/06\\\/05\\\/mercoledi-consiglio-comunale-sulla-scuola-elementare-gabelli-il-capogruppo-del-pd-jacopo-massaro-chiede-a-prade-cosa-intende-fare\\\/\"]}]},{\"@type\":\"ImageObject\",\"inLanguage\":\"fr-FR\",\"@id\":\"https:\\\/\\\/www.bellunopress.it\\\/2009\\\/06\\\/05\\\/mercoledi-consiglio-comunale-sulla-scuola-elementare-gabelli-il-capogruppo-del-pd-jacopo-massaro-chiede-a-prade-cosa-intende-fare\\\/#primaryimage\",\"url\":\"http:\\\/\\\/www.bellunopress.it\\\/wp-content\\\/uploads\\\/2009\\\/05\\\/gabelli-leggera.jpg\",\"contentUrl\":\"http:\\\/\\\/www.bellunopress.it\\\/wp-content\\\/uploads\\\/2009\\\/05\\\/gabelli-leggera.jpg\"},{\"@type\":\"BreadcrumbList\",\"@id\":\"https:\\\/\\\/www.bellunopress.it\\\/2009\\\/06\\\/05\\\/mercoledi-consiglio-comunale-sulla-scuola-elementare-gabelli-il-capogruppo-del-pd-jacopo-massaro-chiede-a-prade-cosa-intende-fare\\\/#breadcrumb\",\"itemListElement\":[{\"@type\":\"ListItem\",\"position\":1,\"name\":\"Home\",\"item\":\"https:\\\/\\\/www.bellunopress.it\\\/\"},{\"@type\":\"ListItem\",\"position\":2,\"name\":\"Mercoled\u00ec consiglio comunale sulla scuola elementare Gabelli: il capogruppo del PD Jacopo Massaro chiede a Prade cosa intende fare\"}]},{\"@type\":\"WebSite\",\"@id\":\"https:\\\/\\\/www.bellunopress.it\\\/#website\",\"url\":\"https:\\\/\\\/www.bellunopress.it\\\/\",\"name\":\"Bellunopress - Dolomiti\",\"description\":\"e-mail: redazione@bellunopress.it\",\"publisher\":{\"@id\":\"https:\\\/\\\/www.bellunopress.it\\\/#organization\"},\"potentialAction\":[{\"@type\":\"SearchAction\",\"target\":{\"@type\":\"EntryPoint\",\"urlTemplate\":\"https:\\\/\\\/www.bellunopress.it\\\/?s={search_term_string}\"},\"query-input\":{\"@type\":\"PropertyValueSpecification\",\"valueRequired\":true,\"valueName\":\"search_term_string\"}}],\"inLanguage\":\"fr-FR\"},{\"@type\":\"Organization\",\"@id\":\"https:\\\/\\\/www.bellunopress.it\\\/#organization\",\"name\":\"Bellunopress\",\"url\":\"https:\\\/\\\/www.bellunopress.it\\\/\",\"logo\":{\"@type\":\"ImageObject\",\"inLanguage\":\"fr-FR\",\"@id\":\"https:\\\/\\\/www.bellunopress.it\\\/#\\\/schema\\\/logo\\\/image\\\/\",\"url\":\"https:\\\/\\\/www.bellunopress.it\\\/wp-content\\\/uploads\\\/2011\\\/05\\\/cropped-logo-bellunopress-.jpg\",\"contentUrl\":\"https:\\\/\\\/www.bellunopress.it\\\/wp-content\\\/uploads\\\/2011\\\/05\\\/cropped-logo-bellunopress-.jpg\",\"width\":512,\"height\":512,\"caption\":\"Bellunopress\"},\"image\":{\"@id\":\"https:\\\/\\\/www.bellunopress.it\\\/#\\\/schema\\\/logo\\\/image\\\/\"},\"sameAs\":[\"https:\\\/\\\/www.facebook.com\\\/profile.php?id=100008943462799\",\"https:\\\/\\\/x.com\\\/bellunopress\",\"https:\\\/\\\/www.linkedin.com\\\/hp\\\/?dnr=JBzUWaJfMUw8vbXJJ2tVW5-I3jZKvC4wsoxE&amp;amp;amp;amp;amp;amp;trk=nav_responsive_tab_home\",\"https:\\\/\\\/www.youtube.com\\\/channel\\\/UCxL0wu1uN0_3_7hGG0306cw\"]},{\"@type\":\"Person\",\"@id\":\"https:\\\/\\\/www.bellunopress.it\\\/#\\\/schema\\\/person\\\/79bb06722b37ece1c03d3e94beb30d73\",\"name\":\"redazione\",\"image\":{\"@type\":\"ImageObject\",\"inLanguage\":\"fr-FR\",\"@id\":\"https:\\\/\\\/secure.gravatar.com\\\/avatar\\\/37d968a2e67a6fd04c169c4bdef102d0bc5d31b2546345219e348575eb80e9a0?s=96&d=mm&r=g\",\"url\":\"https:\\\/\\\/secure.gravatar.com\\\/avatar\\\/37d968a2e67a6fd04c169c4bdef102d0bc5d31b2546345219e348575eb80e9a0?s=96&d=mm&r=g\",\"contentUrl\":\"https:\\\/\\\/secure.gravatar.com\\\/avatar\\\/37d968a2e67a6fd04c169c4bdef102d0bc5d31b2546345219e348575eb80e9a0?s=96&d=mm&r=g\",\"caption\":\"redazione\"},\"sameAs\":[\"http:\\\/\\\/www.bellunopress.it\",\"https:\\\/\\\/x.com\\\/bellunopress\"],\"url\":\"https:\\\/\\\/www.bellunopress.it\\\/fr\\\/author\\\/redazione\\\/\"}]}<\/script>\n<!-- \/ Yoast SEO plugin. -->","yoast_head_json":{"title":"Mercoled\u00ec consiglio comunale sulla scuola elementare Gabelli: il capogruppo del PD Jacopo Massaro chiede a Prade cosa intende fare - Bellunopress - Dolomiti","robots":{"index":"index","follow":"follow","max-snippet":"max-snippet:-1","max-image-preview":"max-image-preview:large","max-video-preview":"max-video-preview:-1"},"canonical":"https:\/\/www.bellunopress.it\/fr\/2009\/06\/05\/mercoledi-consiglio-comunale-sulla-scuola-elementare-gabelli-il-capogruppo-del-pd-jacopo-massaro-chiede-a-prade-cosa-intende-fare\/","og_locale":"fr_FR","og_type":"article","og_title":"Mercoled\u00ec consiglio comunale sulla scuola elementare Gabelli: il capogruppo del PD Jacopo Massaro chiede a Prade cosa intende fare - Bellunopress - Dolomiti","og_description":"Mercoled\u00ec 10 si svolger\u00e0 un Consiglio Comunale dedicato al crollo di un soffitto alla scuola elementare Gabelli.La richiesta di convocazione urgente, chiesta dal Gruppo del PD insieme altri Gruppi di opposizione, \u00e8 finalizzata ad avere dalla Giunta Prade la spiegazione di ci\u00f2 che \u00e8 accaduto e soprattutto ad ottenere delle proposte operative. La discussione si [&hellip;]","og_url":"https:\/\/www.bellunopress.it\/fr\/2009\/06\/05\/mercoledi-consiglio-comunale-sulla-scuola-elementare-gabelli-il-capogruppo-del-pd-jacopo-massaro-chiede-a-prade-cosa-intende-fare\/","og_site_name":"Bellunopress - Dolomiti","article_publisher":"https:\/\/www.facebook.com\/profile.php?id=100008943462799","article_published_time":"2009-06-05T22:27:10+00:00","og_image":[{"url":"http:\/\/www.bellunopress.it\/wp-content\/uploads\/2009\/05\/gabelli-leggera.jpg","type":"","width":"","height":""}],"author":"redazione","twitter_card":"summary_large_image","twitter_creator":"@bellunopress","twitter_site":"@bellunopress","twitter_misc":{"\u00c9crit par":"redazione","Dur\u00e9e de lecture estim\u00e9e":"1 minute"},"schema":{"@context":"https:\/\/schema.org","@graph":[{"@type":"Article","@id":"https:\/\/www.bellunopress.it\/2009\/06\/05\/mercoledi-consiglio-comunale-sulla-scuola-elementare-gabelli-il-capogruppo-del-pd-jacopo-massaro-chiede-a-prade-cosa-intende-fare\/#article","isPartOf":{"@id":"https:\/\/www.bellunopress.it\/2009\/06\/05\/mercoledi-consiglio-comunale-sulla-scuola-elementare-gabelli-il-capogruppo-del-pd-jacopo-massaro-chiede-a-prade-cosa-intende-fare\/"},"author":{"name":"redazione","@id":"https:\/\/www.bellunopress.it\/#\/schema\/person\/79bb06722b37ece1c03d3e94beb30d73"},"headline":"Mercoled\u00ec consiglio comunale sulla scuola elementare Gabelli: il capogruppo del PD Jacopo Massaro chiede a Prade cosa intende fare","datePublished":"2009-06-05T22:27:10+00:00","mainEntityOfPage":{"@id":"https:\/\/www.bellunopress.it\/2009\/06\/05\/mercoledi-consiglio-comunale-sulla-scuola-elementare-gabelli-il-capogruppo-del-pd-jacopo-massaro-chiede-a-prade-cosa-intende-fare\/"},"wordCount":262,"publisher":{"@id":"https:\/\/www.bellunopress.it\/#organization"},"image":{"@id":"https:\/\/www.bellunopress.it\/2009\/06\/05\/mercoledi-consiglio-comunale-sulla-scuola-elementare-gabelli-il-capogruppo-del-pd-jacopo-massaro-chiede-a-prade-cosa-intende-fare\/#primaryimage"},"thumbnailUrl":"http:\/\/www.bellunopress.it\/wp-content\/uploads\/2009\/05\/gabelli-leggera.jpg","keywords":["Belluno"],"articleSection":["Cronaca\/Politica","Prima Pagina"],"inLanguage":"fr-FR"},{"@type":"WebPage","@id":"https:\/\/www.bellunopress.it\/2009\/06\/05\/mercoledi-consiglio-comunale-sulla-scuola-elementare-gabelli-il-capogruppo-del-pd-jacopo-massaro-chiede-a-prade-cosa-intende-fare\/","url":"https:\/\/www.bellunopress.it\/2009\/06\/05\/mercoledi-consiglio-comunale-sulla-scuola-elementare-gabelli-il-capogruppo-del-pd-jacopo-massaro-chiede-a-prade-cosa-intende-fare\/","name":"Mercoled\u00ec consiglio comunale sulla scuola elementare Gabelli: il capogruppo del PD Jacopo Massaro chiede a Prade cosa intende fare - Bellunopress - Dolomiti","isPartOf":{"@id":"https:\/\/www.bellunopress.it\/#website"},"primaryImageOfPage":{"@id":"https:\/\/www.bellunopress.it\/2009\/06\/05\/mercoledi-consiglio-comunale-sulla-scuola-elementare-gabelli-il-capogruppo-del-pd-jacopo-massaro-chiede-a-prade-cosa-intende-fare\/#primaryimage"},"image":{"@id":"https:\/\/www.bellunopress.it\/2009\/06\/05\/mercoledi-consiglio-comunale-sulla-scuola-elementare-gabelli-il-capogruppo-del-pd-jacopo-massaro-chiede-a-prade-cosa-intende-fare\/#primaryimage"},"thumbnailUrl":"http:\/\/www.bellunopress.it\/wp-content\/uploads\/2009\/05\/gabelli-leggera.jpg","datePublished":"2009-06-05T22:27:10+00:00","breadcrumb":{"@id":"https:\/\/www.bellunopress.it\/2009\/06\/05\/mercoledi-consiglio-comunale-sulla-scuola-elementare-gabelli-il-capogruppo-del-pd-jacopo-massaro-chiede-a-prade-cosa-intende-fare\/#breadcrumb"},"inLanguage":"fr-FR","potentialAction":[{"@type":"ReadAction","target":["https:\/\/www.bellunopress.it\/2009\/06\/05\/mercoledi-consiglio-comunale-sulla-scuola-elementare-gabelli-il-capogruppo-del-pd-jacopo-massaro-chiede-a-prade-cosa-intende-fare\/"]}]},{"@type":"ImageObject","inLanguage":"fr-FR","@id":"https:\/\/www.bellunopress.it\/2009\/06\/05\/mercoledi-consiglio-comunale-sulla-scuola-elementare-gabelli-il-capogruppo-del-pd-jacopo-massaro-chiede-a-prade-cosa-intende-fare\/#primaryimage","url":"http:\/\/www.bellunopress.it\/wp-content\/uploads\/2009\/05\/gabelli-leggera.jpg","contentUrl":"http:\/\/www.bellunopress.it\/wp-content\/uploads\/2009\/05\/gabelli-leggera.jpg"},{"@type":"BreadcrumbList","@id":"https:\/\/www.bellunopress.it\/2009\/06\/05\/mercoledi-consiglio-comunale-sulla-scuola-elementare-gabelli-il-capogruppo-del-pd-jacopo-massaro-chiede-a-prade-cosa-intende-fare\/#breadcrumb","itemListElement":[{"@type":"ListItem","position":1,"name":"Home","item":"https:\/\/www.bellunopress.it\/"},{"@type":"ListItem","position":2,"name":"Mercoled\u00ec consiglio comunale sulla scuola elementare Gabelli: il capogruppo del PD Jacopo Massaro chiede a Prade cosa intende fare"}]},{"@type":"WebSite","@id":"https:\/\/www.bellunopress.it\/#website","url":"https:\/\/www.bellunopress.it\/","name":"Bellunopress - Dolomiti","description":"e-mail: redazione@bellunopress.it","publisher":{"@id":"https:\/\/www.bellunopress.it\/#organization"},"potentialAction":[{"@type":"SearchAction","target":{"@type":"EntryPoint","urlTemplate":"https:\/\/www.bellunopress.it\/?s={search_term_string}"},"query-input":{"@type":"PropertyValueSpecification","valueRequired":true,"valueName":"search_term_string"}}],"inLanguage":"fr-FR"},{"@type":"Organization","@id":"https:\/\/www.bellunopress.it\/#organization","name":"Bellunopress","url":"https:\/\/www.bellunopress.it\/","logo":{"@type":"ImageObject","inLanguage":"fr-FR","@id":"https:\/\/www.bellunopress.it\/#\/schema\/logo\/image\/","url":"https:\/\/www.bellunopress.it\/wp-content\/uploads\/2011\/05\/cropped-logo-bellunopress-.jpg","contentUrl":"https:\/\/www.bellunopress.it\/wp-content\/uploads\/2011\/05\/cropped-logo-bellunopress-.jpg","width":512,"height":512,"caption":"Bellunopress"},"image":{"@id":"https:\/\/www.bellunopress.it\/#\/schema\/logo\/image\/"},"sameAs":["https:\/\/www.facebook.com\/profile.php?id=100008943462799","https:\/\/x.com\/bellunopress","https:\/\/www.linkedin.com\/hp\/?dnr=JBzUWaJfMUw8vbXJJ2tVW5-I3jZKvC4wsoxE&amp;amp;amp;amp;amp;amp;trk=nav_responsive_tab_home","https:\/\/www.youtube.com\/channel\/UCxL0wu1uN0_3_7hGG0306cw"]},{"@type":"Person","@id":"https:\/\/www.bellunopress.it\/#\/schema\/person\/79bb06722b37ece1c03d3e94beb30d73","name":"r\u00e9daction","image":{"@type":"ImageObject","inLanguage":"fr-FR","@id":"https:\/\/secure.gravatar.com\/avatar\/37d968a2e67a6fd04c169c4bdef102d0bc5d31b2546345219e348575eb80e9a0?s=96&d=mm&r=g","url":"https:\/\/secure.gravatar.com\/avatar\/37d968a2e67a6fd04c169c4bdef102d0bc5d31b2546345219e348575eb80e9a0?s=96&d=mm&r=g","contentUrl":"https:\/\/secure.gravatar.com\/avatar\/37d968a2e67a6fd04c169c4bdef102d0bc5d31b2546345219e348575eb80e9a0?s=96&d=mm&r=g","caption":"redazione"},"sameAs":["http:\/\/www.bellunopress.it","https:\/\/x.com\/bellunopress"],"url":"https:\/\/www.bellunopress.it\/fr\/author\/redazione\/"}]}},"_links":{"self":[{"href":"https:\/\/www.bellunopress.it\/fr\/wp-json\/wp\/v2\/posts\/4499","targetHints":{"allow":["GET"]}}],"collection":[{"href":"https:\/\/www.bellunopress.it\/fr\/wp-json\/wp\/v2\/posts"}],"about":[{"href":"https:\/\/www.bellunopress.it\/fr\/wp-json\/wp\/v2\/types\/post"}],"author":[{"embeddable":true,"href":"https:\/\/www.bellunopress.it\/fr\/wp-json\/wp\/v2\/users\/2"}],"replies":[{"embeddable":true,"href":"https:\/\/www.bellunopress.it\/fr\/wp-json\/wp\/v2\/comments?post=4499"}],"version-history":[{"count":1,"href":"https:\/\/www.bellunopress.it\/fr\/wp-json\/wp\/v2\/posts\/4499\/revisions"}],"predecessor-version":[{"id":4500,"href":"https:\/\/www.bellunopress.it\/fr\/wp-json\/wp\/v2\/posts\/4499\/revisions\/4500"}],"wp:attachment":[{"href":"https:\/\/www.bellunopress.it\/fr\/wp-json\/wp\/v2\/media?parent=4499"}],"wp:term":[{"taxonomy":"category","embeddable":true,"href":"https:\/\/www.bellunopress.it\/fr\/wp-json\/wp\/v2\/categories?post=4499"},{"taxonomy":"post_tag","embeddable":true,"href":"https:\/\/www.bellunopress.it\/fr\/wp-json\/wp\/v2\/tags?post=4499"}],"curies":[{"name":"wp","href":"https:\/\/api.w.org\/{rel}","templated":true}]}}