{"id":44988,"date":"2012-12-19T21:27:11","date_gmt":"2012-12-19T20:27:11","guid":{"rendered":"http:\/\/www.bellunopress.it\/?p=44988"},"modified":"2012-12-19T21:27:11","modified_gmt":"2012-12-19T20:27:11","slug":"nuovo-appuntamento-via-skype-con-la-consulenza-per-lestero-giovedi-20-dicembre-dalle-19-alle-22","status":"publish","type":"post","link":"https:\/\/www.bellunopress.it\/fr\/2012\/12\/19\/nuovo-appuntamento-via-skype-con-la-consulenza-per-lestero-giovedi-20-dicembre-dalle-19-alle-22\/","title":{"rendered":"Nuovo appuntamento via Skype con la consulenza per l&#8217;estero, gioved\u00ec 20 dicembre, dalle 19 alle 22"},"content":{"rendered":"<p>Una delle cose pi\u00f9 importanti del mondo, ormai, \u00e8 proprio l&#8217;essere capaci di vivere nel mondo, rapportandosi adeguatamente alle regole, alle abitudini, alle opportunit\u00e0 rappresentate da Paesi diversi da quello di origine. E&#8217; la realt\u00e0 che lo conferma, facendo diventare, di fatto, soprattutto per i giovani, la familiarit\u00e0 con Paesi &#8220;stranieri&#8221; un requisito pressoch\u00e9 imprescindibile, per non essere esclusi dai processi produttivi e sociali pi\u00f9 significativi.<\/p>\n<p>Proprio in questa direzione si muove lo sportello di consulenza sull&#8217;estero via Skype &#8220;MobiSkype&#8221;, in collaborazione con l&#8217;associazione Eurocultura di Vicenza, che torna gioved\u00ec 20 dicembre, dalle 19 alle 22.<\/p>\n<p>&nbsp;<\/p>\n<figure id=\"attachment_39696\" aria-describedby=\"caption-attachment-39696\" style=\"width: 244px\" class=\"wp-caption alignleft\"><a href=\"http:\/\/www.bellunopress.it\/wp-content\/uploads\/2012\/07\/Valentina-Tomasi.jpg\"><img loading=\"lazy\" decoding=\"async\" class=\"size-full wp-image-39696\" alt=\"Valentina Tomasi, assessore\" src=\"http:\/\/www.bellunopress.it\/wp-content\/uploads\/2012\/07\/Valentina-Tomasi.jpg\" width=\"244\" height=\"290\" \/><\/a><figcaption id=\"caption-attachment-39696\" class=\"wp-caption-text\">Valentina Tomasi, assessore<\/figcaption><\/figure>\n<p>&#8220;In un tempo in cui la crisi occupazionale \u00e8 cos\u00ec pesante, per i giovani, e non solo \u2013 commenta l&#8217;assessore alle Politiche per i giovani, Valentina Tomasi \u2013 l&#8217;Amministrazione comunale ritiene importante impegnarsi per supportarli e offrire loro degli strumenti che li rendano pi\u00f9 preparati e forti di fronte alla sfida della costruzione di un futuro soddisfacente.<\/p>\n<p>Avviare un percorso di volontariato, studio, lavoro in un Paese diverso dall&#8217;Italia pu\u00f2 offrire gli elementi giusti per trovare la propria strada, con una consapevolezza, quantomeno europea, che pu\u00f2 contribuire anche a superare le difficolt\u00e0 occupazionali che caratterizzano il nostro tempo e spesso dettano la misura del raggio entro cui \u00e8 necessario spingersi per cercare realizzazione. Per queste ragioni, ritengo che l&#8217;esperienza di collaborazione con Eurocultura e con il career counsellor Bernd Faas, in particolare, rappresenti per i giovani uno strumento importantissimo, che mi auguro utilizzeranno al meglio per pianificare con concretezza un&#8217;esperienza fuori dall&#8217;Italia&#8221;.<\/p>\n<p>&nbsp;<\/p>\n<p>Per l&#8217;appuntamento di gioved\u00ec 20 dicembre, gli interessati devono contattare l&#8217;Informagiovani (piazza Duomo 2, telefono: 0437 913255, email: informagiovani@comune.belluno.it; orario di apertura: da marted\u00ec a venerd\u00ec, 16&gt;19, sabato 9&gt;12), comunicando nome, cognome, contatto Skype, indirizzo email e un numero di cellulare.<\/p>\n<p>L&#8217;Informagiovani assegner\u00e0 gli appuntamenti a seconda dell&#8217;ordine cronologico di iscrizione e, possibilmente, delle preferenze degli iscritti, fornendo tutte le informazioni necessarie per procedere operativamente con la consulenza.<\/p>\n<p>Per la comunicazione via Skype \u00e8 preferibile disporre di cuffia e microfono.<\/p>\n<p>&nbsp;<\/p>","protected":false},"excerpt":{"rendered":"<p>Una delle cose pi\u00f9 importanti del mondo, ormai, \u00e8 proprio l&#8217;essere capaci di vivere nel mondo, rapportandosi adeguatamente alle regole, alle abitudini, alle opportunit\u00e0 rappresentate da Paesi diversi da quello di origine. E&#8217; la realt\u00e0 che lo conferma, facendo diventare, di fatto, soprattutto per i giovani, la familiarit\u00e0 con Paesi &#8220;stranieri&#8221; un requisito pressoch\u00e9 imprescindibile, [&hellip;]<\/p>\n","protected":false},"author":2,"featured_media":0,"comment_status":"closed","ping_status":"open","sticky":false,"template":"","format":"standard","meta":{"footnotes":""},"categories":[27,25],"tags":[],"class_list":["post-44988","post","type-post","status-publish","format-standard","category-appuntamenti","category-pausa-caffe"],"yoast_head":"<!-- This site is optimized with the Yoast SEO plugin v28.4 - https:\/\/yoast.com\/product\/yoast-seo-wordpress\/ -->\n<title>Nuovo appuntamento via Skype con la consulenza per l&#039;estero, gioved\u00ec 20 dicembre, dalle 19 alle 22 - Bellunopress - Dolomiti<\/title>\n<meta name=\"robots\" content=\"index, follow, max-snippet:-1, max-image-preview:large, max-video-preview:-1\" \/>\n<link rel=\"canonical\" href=\"https:\/\/www.bellunopress.it\/fr\/2012\/12\/19\/nuovo-appuntamento-via-skype-con-la-consulenza-per-lestero-giovedi-20-dicembre-dalle-19-alle-22\/\" \/>\n<meta property=\"og:locale\" content=\"fr_FR\" \/>\n<meta property=\"og:type\" content=\"article\" \/>\n<meta property=\"og:title\" content=\"Nuovo appuntamento via Skype con la consulenza per l&#039;estero, gioved\u00ec 20 dicembre, dalle 19 alle 22 - Bellunopress - Dolomiti\" \/>\n<meta property=\"og:description\" content=\"Una delle cose pi\u00f9 importanti del mondo, ormai, \u00e8 proprio l&#8217;essere capaci di vivere nel mondo, rapportandosi adeguatamente alle regole, alle abitudini, alle opportunit\u00e0 rappresentate da Paesi diversi da quello di origine. E&#8217; la realt\u00e0 che lo conferma, facendo diventare, di fatto, soprattutto per i giovani, la familiarit\u00e0 con Paesi &#8220;stranieri&#8221; un requisito pressoch\u00e9 imprescindibile, [&hellip;]\" \/>\n<meta property=\"og:url\" content=\"https:\/\/www.bellunopress.it\/fr\/2012\/12\/19\/nuovo-appuntamento-via-skype-con-la-consulenza-per-lestero-giovedi-20-dicembre-dalle-19-alle-22\/\" \/>\n<meta property=\"og:site_name\" content=\"Bellunopress - Dolomiti\" \/>\n<meta property=\"article:publisher\" content=\"https:\/\/www.facebook.com\/profile.php?id=100008943462799\" \/>\n<meta property=\"article:published_time\" content=\"2012-12-19T20:27:11+00:00\" \/>\n<meta property=\"og:image\" content=\"http:\/\/www.bellunopress.it\/wp-content\/uploads\/2012\/07\/Valentina-Tomasi.jpg\" \/>\n<meta name=\"author\" content=\"redazione\" \/>\n<meta name=\"twitter:card\" content=\"summary_large_image\" \/>\n<meta name=\"twitter:creator\" content=\"@bellunopress\" \/>\n<meta name=\"twitter:site\" content=\"@bellunopress\" \/>\n<meta name=\"twitter:label1\" content=\"Written by\" \/>\n\t<meta name=\"twitter:data1\" content=\"redazione\" \/>\n\t<meta name=\"twitter:label2\" content=\"Est. reading time\" \/>\n\t<meta name=\"twitter:data2\" content=\"2 minutes\" \/>\n<script type=\"application\/ld+json\" class=\"yoast-schema-graph\">{\"@context\":\"https:\\\/\\\/schema.org\",\"@graph\":[{\"@type\":\"Article\",\"@id\":\"https:\\\/\\\/www.bellunopress.it\\\/2012\\\/12\\\/19\\\/nuovo-appuntamento-via-skype-con-la-consulenza-per-lestero-giovedi-20-dicembre-dalle-19-alle-22\\\/#article\",\"isPartOf\":{\"@id\":\"https:\\\/\\\/www.bellunopress.it\\\/2012\\\/12\\\/19\\\/nuovo-appuntamento-via-skype-con-la-consulenza-per-lestero-giovedi-20-dicembre-dalle-19-alle-22\\\/\"},\"author\":{\"name\":\"redazione\",\"@id\":\"https:\\\/\\\/www.bellunopress.it\\\/#\\\/schema\\\/person\\\/79bb06722b37ece1c03d3e94beb30d73\"},\"headline\":\"Nuovo appuntamento via Skype con la consulenza per l&#8217;estero, gioved\u00ec 20 dicembre, dalle 19 alle 22\",\"datePublished\":\"2012-12-19T20:27:11+00:00\",\"mainEntityOfPage\":{\"@id\":\"https:\\\/\\\/www.bellunopress.it\\\/2012\\\/12\\\/19\\\/nuovo-appuntamento-via-skype-con-la-consulenza-per-lestero-giovedi-20-dicembre-dalle-19-alle-22\\\/\"},\"wordCount\":358,\"publisher\":{\"@id\":\"https:\\\/\\\/www.bellunopress.it\\\/#organization\"},\"image\":{\"@id\":\"https:\\\/\\\/www.bellunopress.it\\\/2012\\\/12\\\/19\\\/nuovo-appuntamento-via-skype-con-la-consulenza-per-lestero-giovedi-20-dicembre-dalle-19-alle-22\\\/#primaryimage\"},\"thumbnailUrl\":\"http:\\\/\\\/www.bellunopress.it\\\/wp-content\\\/uploads\\\/2012\\\/07\\\/Valentina-Tomasi.jpg\",\"articleSection\":[\"Appuntamenti, Eventi\",\"Pausa Caff\u00e8\"],\"inLanguage\":\"fr-FR\"},{\"@type\":\"WebPage\",\"@id\":\"https:\\\/\\\/www.bellunopress.it\\\/2012\\\/12\\\/19\\\/nuovo-appuntamento-via-skype-con-la-consulenza-per-lestero-giovedi-20-dicembre-dalle-19-alle-22\\\/\",\"url\":\"https:\\\/\\\/www.bellunopress.it\\\/2012\\\/12\\\/19\\\/nuovo-appuntamento-via-skype-con-la-consulenza-per-lestero-giovedi-20-dicembre-dalle-19-alle-22\\\/\",\"name\":\"Nuovo appuntamento via Skype con la consulenza per l'estero, gioved\u00ec 20 dicembre, dalle 19 alle 22 - Bellunopress - Dolomiti\",\"isPartOf\":{\"@id\":\"https:\\\/\\\/www.bellunopress.it\\\/#website\"},\"primaryImageOfPage\":{\"@id\":\"https:\\\/\\\/www.bellunopress.it\\\/2012\\\/12\\\/19\\\/nuovo-appuntamento-via-skype-con-la-consulenza-per-lestero-giovedi-20-dicembre-dalle-19-alle-22\\\/#primaryimage\"},\"image\":{\"@id\":\"https:\\\/\\\/www.bellunopress.it\\\/2012\\\/12\\\/19\\\/nuovo-appuntamento-via-skype-con-la-consulenza-per-lestero-giovedi-20-dicembre-dalle-19-alle-22\\\/#primaryimage\"},\"thumbnailUrl\":\"http:\\\/\\\/www.bellunopress.it\\\/wp-content\\\/uploads\\\/2012\\\/07\\\/Valentina-Tomasi.jpg\",\"datePublished\":\"2012-12-19T20:27:11+00:00\",\"breadcrumb\":{\"@id\":\"https:\\\/\\\/www.bellunopress.it\\\/2012\\\/12\\\/19\\\/nuovo-appuntamento-via-skype-con-la-consulenza-per-lestero-giovedi-20-dicembre-dalle-19-alle-22\\\/#breadcrumb\"},\"inLanguage\":\"fr-FR\",\"potentialAction\":[{\"@type\":\"ReadAction\",\"target\":[\"https:\\\/\\\/www.bellunopress.it\\\/2012\\\/12\\\/19\\\/nuovo-appuntamento-via-skype-con-la-consulenza-per-lestero-giovedi-20-dicembre-dalle-19-alle-22\\\/\"]}]},{\"@type\":\"ImageObject\",\"inLanguage\":\"fr-FR\",\"@id\":\"https:\\\/\\\/www.bellunopress.it\\\/2012\\\/12\\\/19\\\/nuovo-appuntamento-via-skype-con-la-consulenza-per-lestero-giovedi-20-dicembre-dalle-19-alle-22\\\/#primaryimage\",\"url\":\"http:\\\/\\\/www.bellunopress.it\\\/wp-content\\\/uploads\\\/2012\\\/07\\\/Valentina-Tomasi.jpg\",\"contentUrl\":\"http:\\\/\\\/www.bellunopress.it\\\/wp-content\\\/uploads\\\/2012\\\/07\\\/Valentina-Tomasi.jpg\"},{\"@type\":\"BreadcrumbList\",\"@id\":\"https:\\\/\\\/www.bellunopress.it\\\/2012\\\/12\\\/19\\\/nuovo-appuntamento-via-skype-con-la-consulenza-per-lestero-giovedi-20-dicembre-dalle-19-alle-22\\\/#breadcrumb\",\"itemListElement\":[{\"@type\":\"ListItem\",\"position\":1,\"name\":\"Home\",\"item\":\"https:\\\/\\\/www.bellunopress.it\\\/\"},{\"@type\":\"ListItem\",\"position\":2,\"name\":\"Nuovo appuntamento via Skype con la consulenza per l&#8217;estero, gioved\u00ec 20 dicembre, dalle 19 alle 22\"}]},{\"@type\":\"WebSite\",\"@id\":\"https:\\\/\\\/www.bellunopress.it\\\/#website\",\"url\":\"https:\\\/\\\/www.bellunopress.it\\\/\",\"name\":\"Bellunopress - Dolomiti\",\"description\":\"e-mail: redazione@bellunopress.it\",\"publisher\":{\"@id\":\"https:\\\/\\\/www.bellunopress.it\\\/#organization\"},\"potentialAction\":[{\"@type\":\"SearchAction\",\"target\":{\"@type\":\"EntryPoint\",\"urlTemplate\":\"https:\\\/\\\/www.bellunopress.it\\\/?s={search_term_string}\"},\"query-input\":{\"@type\":\"PropertyValueSpecification\",\"valueRequired\":true,\"valueName\":\"search_term_string\"}}],\"inLanguage\":\"fr-FR\"},{\"@type\":\"Organization\",\"@id\":\"https:\\\/\\\/www.bellunopress.it\\\/#organization\",\"name\":\"Bellunopress\",\"url\":\"https:\\\/\\\/www.bellunopress.it\\\/\",\"logo\":{\"@type\":\"ImageObject\",\"inLanguage\":\"fr-FR\",\"@id\":\"https:\\\/\\\/www.bellunopress.it\\\/#\\\/schema\\\/logo\\\/image\\\/\",\"url\":\"https:\\\/\\\/www.bellunopress.it\\\/wp-content\\\/uploads\\\/2011\\\/05\\\/cropped-logo-bellunopress-.jpg\",\"contentUrl\":\"https:\\\/\\\/www.bellunopress.it\\\/wp-content\\\/uploads\\\/2011\\\/05\\\/cropped-logo-bellunopress-.jpg\",\"width\":512,\"height\":512,\"caption\":\"Bellunopress\"},\"image\":{\"@id\":\"https:\\\/\\\/www.bellunopress.it\\\/#\\\/schema\\\/logo\\\/image\\\/\"},\"sameAs\":[\"https:\\\/\\\/www.facebook.com\\\/profile.php?id=100008943462799\",\"https:\\\/\\\/x.com\\\/bellunopress\",\"https:\\\/\\\/www.linkedin.com\\\/hp\\\/?dnr=JBzUWaJfMUw8vbXJJ2tVW5-I3jZKvC4wsoxE&amp;amp;amp;amp;amp;amp;trk=nav_responsive_tab_home\",\"https:\\\/\\\/www.youtube.com\\\/channel\\\/UCxL0wu1uN0_3_7hGG0306cw\"]},{\"@type\":\"Person\",\"@id\":\"https:\\\/\\\/www.bellunopress.it\\\/#\\\/schema\\\/person\\\/79bb06722b37ece1c03d3e94beb30d73\",\"name\":\"redazione\",\"image\":{\"@type\":\"ImageObject\",\"inLanguage\":\"fr-FR\",\"@id\":\"https:\\\/\\\/secure.gravatar.com\\\/avatar\\\/37d968a2e67a6fd04c169c4bdef102d0bc5d31b2546345219e348575eb80e9a0?s=96&d=mm&r=g\",\"url\":\"https:\\\/\\\/secure.gravatar.com\\\/avatar\\\/37d968a2e67a6fd04c169c4bdef102d0bc5d31b2546345219e348575eb80e9a0?s=96&d=mm&r=g\",\"contentUrl\":\"https:\\\/\\\/secure.gravatar.com\\\/avatar\\\/37d968a2e67a6fd04c169c4bdef102d0bc5d31b2546345219e348575eb80e9a0?s=96&d=mm&r=g\",\"caption\":\"redazione\"},\"sameAs\":[\"http:\\\/\\\/www.bellunopress.it\",\"https:\\\/\\\/x.com\\\/bellunopress\"],\"url\":\"https:\\\/\\\/www.bellunopress.it\\\/fr\\\/author\\\/redazione\\\/\"}]}<\/script>\n<!-- \/ Yoast SEO plugin. -->","yoast_head_json":{"title":"Nuovo appuntamento via Skype con la consulenza per l'estero, gioved\u00ec 20 dicembre, dalle 19 alle 22 - Bellunopress - Dolomiti","robots":{"index":"index","follow":"follow","max-snippet":"max-snippet:-1","max-image-preview":"max-image-preview:large","max-video-preview":"max-video-preview:-1"},"canonical":"https:\/\/www.bellunopress.it\/fr\/2012\/12\/19\/nuovo-appuntamento-via-skype-con-la-consulenza-per-lestero-giovedi-20-dicembre-dalle-19-alle-22\/","og_locale":"fr_FR","og_type":"article","og_title":"Nuovo appuntamento via Skype con la consulenza per l'estero, gioved\u00ec 20 dicembre, dalle 19 alle 22 - Bellunopress - Dolomiti","og_description":"Una delle cose pi\u00f9 importanti del mondo, ormai, \u00e8 proprio l&#8217;essere capaci di vivere nel mondo, rapportandosi adeguatamente alle regole, alle abitudini, alle opportunit\u00e0 rappresentate da Paesi diversi da quello di origine. E&#8217; la realt\u00e0 che lo conferma, facendo diventare, di fatto, soprattutto per i giovani, la familiarit\u00e0 con Paesi &#8220;stranieri&#8221; un requisito pressoch\u00e9 imprescindibile, [&hellip;]","og_url":"https:\/\/www.bellunopress.it\/fr\/2012\/12\/19\/nuovo-appuntamento-via-skype-con-la-consulenza-per-lestero-giovedi-20-dicembre-dalle-19-alle-22\/","og_site_name":"Bellunopress - Dolomiti","article_publisher":"https:\/\/www.facebook.com\/profile.php?id=100008943462799","article_published_time":"2012-12-19T20:27:11+00:00","og_image":[{"url":"http:\/\/www.bellunopress.it\/wp-content\/uploads\/2012\/07\/Valentina-Tomasi.jpg","type":"","width":"","height":""}],"author":"redazione","twitter_card":"summary_large_image","twitter_creator":"@bellunopress","twitter_site":"@bellunopress","twitter_misc":{"Written by":"redazione","Est. reading time":"2 minutes"},"schema":{"@context":"https:\/\/schema.org","@graph":[{"@type":"Article","@id":"https:\/\/www.bellunopress.it\/2012\/12\/19\/nuovo-appuntamento-via-skype-con-la-consulenza-per-lestero-giovedi-20-dicembre-dalle-19-alle-22\/#article","isPartOf":{"@id":"https:\/\/www.bellunopress.it\/2012\/12\/19\/nuovo-appuntamento-via-skype-con-la-consulenza-per-lestero-giovedi-20-dicembre-dalle-19-alle-22\/"},"author":{"name":"redazione","@id":"https:\/\/www.bellunopress.it\/#\/schema\/person\/79bb06722b37ece1c03d3e94beb30d73"},"headline":"Nuovo appuntamento via Skype con la consulenza per l&#8217;estero, gioved\u00ec 20 dicembre, dalle 19 alle 22","datePublished":"2012-12-19T20:27:11+00:00","mainEntityOfPage":{"@id":"https:\/\/www.bellunopress.it\/2012\/12\/19\/nuovo-appuntamento-via-skype-con-la-consulenza-per-lestero-giovedi-20-dicembre-dalle-19-alle-22\/"},"wordCount":358,"publisher":{"@id":"https:\/\/www.bellunopress.it\/#organization"},"image":{"@id":"https:\/\/www.bellunopress.it\/2012\/12\/19\/nuovo-appuntamento-via-skype-con-la-consulenza-per-lestero-giovedi-20-dicembre-dalle-19-alle-22\/#primaryimage"},"thumbnailUrl":"http:\/\/www.bellunopress.it\/wp-content\/uploads\/2012\/07\/Valentina-Tomasi.jpg","articleSection":["Appuntamenti, Eventi","Pausa Caff\u00e8"],"inLanguage":"fr-FR"},{"@type":"WebPage","@id":"https:\/\/www.bellunopress.it\/2012\/12\/19\/nuovo-appuntamento-via-skype-con-la-consulenza-per-lestero-giovedi-20-dicembre-dalle-19-alle-22\/","url":"https:\/\/www.bellunopress.it\/2012\/12\/19\/nuovo-appuntamento-via-skype-con-la-consulenza-per-lestero-giovedi-20-dicembre-dalle-19-alle-22\/","name":"Nuovo appuntamento via Skype con la consulenza per l'estero, gioved\u00ec 20 dicembre, dalle 19 alle 22 - Bellunopress - Dolomiti","isPartOf":{"@id":"https:\/\/www.bellunopress.it\/#website"},"primaryImageOfPage":{"@id":"https:\/\/www.bellunopress.it\/2012\/12\/19\/nuovo-appuntamento-via-skype-con-la-consulenza-per-lestero-giovedi-20-dicembre-dalle-19-alle-22\/#primaryimage"},"image":{"@id":"https:\/\/www.bellunopress.it\/2012\/12\/19\/nuovo-appuntamento-via-skype-con-la-consulenza-per-lestero-giovedi-20-dicembre-dalle-19-alle-22\/#primaryimage"},"thumbnailUrl":"http:\/\/www.bellunopress.it\/wp-content\/uploads\/2012\/07\/Valentina-Tomasi.jpg","datePublished":"2012-12-19T20:27:11+00:00","breadcrumb":{"@id":"https:\/\/www.bellunopress.it\/2012\/12\/19\/nuovo-appuntamento-via-skype-con-la-consulenza-per-lestero-giovedi-20-dicembre-dalle-19-alle-22\/#breadcrumb"},"inLanguage":"fr-FR","potentialAction":[{"@type":"ReadAction","target":["https:\/\/www.bellunopress.it\/2012\/12\/19\/nuovo-appuntamento-via-skype-con-la-consulenza-per-lestero-giovedi-20-dicembre-dalle-19-alle-22\/"]}]},{"@type":"ImageObject","inLanguage":"fr-FR","@id":"https:\/\/www.bellunopress.it\/2012\/12\/19\/nuovo-appuntamento-via-skype-con-la-consulenza-per-lestero-giovedi-20-dicembre-dalle-19-alle-22\/#primaryimage","url":"http:\/\/www.bellunopress.it\/wp-content\/uploads\/2012\/07\/Valentina-Tomasi.jpg","contentUrl":"http:\/\/www.bellunopress.it\/wp-content\/uploads\/2012\/07\/Valentina-Tomasi.jpg"},{"@type":"BreadcrumbList","@id":"https:\/\/www.bellunopress.it\/2012\/12\/19\/nuovo-appuntamento-via-skype-con-la-consulenza-per-lestero-giovedi-20-dicembre-dalle-19-alle-22\/#breadcrumb","itemListElement":[{"@type":"ListItem","position":1,"name":"Home","item":"https:\/\/www.bellunopress.it\/"},{"@type":"ListItem","position":2,"name":"Nuovo appuntamento via Skype con la consulenza per l&#8217;estero, gioved\u00ec 20 dicembre, dalle 19 alle 22"}]},{"@type":"WebSite","@id":"https:\/\/www.bellunopress.it\/#website","url":"https:\/\/www.bellunopress.it\/","name":"Bellunopress - Dolomiti","description":"e-mail: redazione@bellunopress.it","publisher":{"@id":"https:\/\/www.bellunopress.it\/#organization"},"potentialAction":[{"@type":"SearchAction","target":{"@type":"EntryPoint","urlTemplate":"https:\/\/www.bellunopress.it\/?s={search_term_string}"},"query-input":{"@type":"PropertyValueSpecification","valueRequired":true,"valueName":"search_term_string"}}],"inLanguage":"fr-FR"},{"@type":"Organization","@id":"https:\/\/www.bellunopress.it\/#organization","name":"Bellunopress","url":"https:\/\/www.bellunopress.it\/","logo":{"@type":"ImageObject","inLanguage":"fr-FR","@id":"https:\/\/www.bellunopress.it\/#\/schema\/logo\/image\/","url":"https:\/\/www.bellunopress.it\/wp-content\/uploads\/2011\/05\/cropped-logo-bellunopress-.jpg","contentUrl":"https:\/\/www.bellunopress.it\/wp-content\/uploads\/2011\/05\/cropped-logo-bellunopress-.jpg","width":512,"height":512,"caption":"Bellunopress"},"image":{"@id":"https:\/\/www.bellunopress.it\/#\/schema\/logo\/image\/"},"sameAs":["https:\/\/www.facebook.com\/profile.php?id=100008943462799","https:\/\/x.com\/bellunopress","https:\/\/www.linkedin.com\/hp\/?dnr=JBzUWaJfMUw8vbXJJ2tVW5-I3jZKvC4wsoxE&amp;amp;amp;amp;amp;amp;trk=nav_responsive_tab_home","https:\/\/www.youtube.com\/channel\/UCxL0wu1uN0_3_7hGG0306cw"]},{"@type":"Person","@id":"https:\/\/www.bellunopress.it\/#\/schema\/person\/79bb06722b37ece1c03d3e94beb30d73","name":"r\u00e9daction","image":{"@type":"ImageObject","inLanguage":"fr-FR","@id":"https:\/\/secure.gravatar.com\/avatar\/37d968a2e67a6fd04c169c4bdef102d0bc5d31b2546345219e348575eb80e9a0?s=96&d=mm&r=g","url":"https:\/\/secure.gravatar.com\/avatar\/37d968a2e67a6fd04c169c4bdef102d0bc5d31b2546345219e348575eb80e9a0?s=96&d=mm&r=g","contentUrl":"https:\/\/secure.gravatar.com\/avatar\/37d968a2e67a6fd04c169c4bdef102d0bc5d31b2546345219e348575eb80e9a0?s=96&d=mm&r=g","caption":"redazione"},"sameAs":["http:\/\/www.bellunopress.it","https:\/\/x.com\/bellunopress"],"url":"https:\/\/www.bellunopress.it\/fr\/author\/redazione\/"}]}},"_links":{"self":[{"href":"https:\/\/www.bellunopress.it\/fr\/wp-json\/wp\/v2\/posts\/44988","targetHints":{"allow":["GET"]}}],"collection":[{"href":"https:\/\/www.bellunopress.it\/fr\/wp-json\/wp\/v2\/posts"}],"about":[{"href":"https:\/\/www.bellunopress.it\/fr\/wp-json\/wp\/v2\/types\/post"}],"author":[{"embeddable":true,"href":"https:\/\/www.bellunopress.it\/fr\/wp-json\/wp\/v2\/users\/2"}],"replies":[{"embeddable":true,"href":"https:\/\/www.bellunopress.it\/fr\/wp-json\/wp\/v2\/comments?post=44988"}],"version-history":[{"count":1,"href":"https:\/\/www.bellunopress.it\/fr\/wp-json\/wp\/v2\/posts\/44988\/revisions"}],"predecessor-version":[{"id":44989,"href":"https:\/\/www.bellunopress.it\/fr\/wp-json\/wp\/v2\/posts\/44988\/revisions\/44989"}],"wp:attachment":[{"href":"https:\/\/www.bellunopress.it\/fr\/wp-json\/wp\/v2\/media?parent=44988"}],"wp:term":[{"taxonomy":"category","embeddable":true,"href":"https:\/\/www.bellunopress.it\/fr\/wp-json\/wp\/v2\/categories?post=44988"},{"taxonomy":"post_tag","embeddable":true,"href":"https:\/\/www.bellunopress.it\/fr\/wp-json\/wp\/v2\/tags?post=44988"}],"curies":[{"name":"wp","href":"https:\/\/api.w.org\/{rel}","templated":true}]}}