{"id":44983,"date":"2012-12-19T20:48:35","date_gmt":"2012-12-19T19:48:35","guid":{"rendered":"http:\/\/www.bellunopress.it\/?p=44983"},"modified":"2012-12-19T20:48:35","modified_gmt":"2012-12-19T19:48:35","slug":"costi-della-politica-zaia-dal-veneto-un-messaggio-forte-a-tutto-il-paese","status":"publish","type":"post","link":"https:\/\/www.bellunopress.it\/fr\/2012\/12\/19\/costi-della-politica-zaia-dal-veneto-un-messaggio-forte-a-tutto-il-paese\/","title":{"rendered":"Costi della politica. Zaia: &#8220;Dal Veneto un messaggio forte a tutto il Paese&#8221;"},"content":{"rendered":"<p><a href=\"http:\/\/www.bellunopress.it\/wp-content\/uploads\/2010\/06\/zaia-leggeriss.jpg\"><img loading=\"lazy\" decoding=\"async\" class=\"alignleft size-full wp-image-15840\" alt=\"zaia-leggeriss\" src=\"http:\/\/www.bellunopress.it\/wp-content\/uploads\/2010\/06\/zaia-leggeriss.jpg\" width=\"130\" height=\"130\" \/><\/a>\u201cAncora una volta il Veneto invia un messaggio forte di virtuosit\u00e0 al resto del Paese e dimostra che qui le Istituzioni sanno sintonizzarsi con le aspettative ed il sentimento della gente. Il Consiglio regionale, che ringrazio con orgoglio, non poteva chiudere l\u2019anno in modo pi\u00f9 significativo\u201d.<\/p>\n<p>Lo sottolinea il presidente della Regione Luca Zaia commentando l\u2019approvazione da parte dell\u2019assemblea veneta del progetto di legge regionale n. 317 &#8220;Disposizioni per la riduzione e il controllo delle spese per il funzionamento delle istituzioni regionali in recepimento e attuazione del decreto legge del 10 ottobre 2012 n. 174, convertito nella legge 213 del 7 dicembre 2012&#8221;. Il Veneto, dunque \u00e8 la prima regione italiana ad aver recepito la norma dello stato.<\/p>\n<p>\u201cIl primo compito di amministratori e politici \u2013 dice Zaia \u2013 \u00e8 quello di dare risposte ai cittadini e ai loro problemi ed oggi in Veneto \u00e8 stato fatto, dando il via a tanto cospicui quanto virtuosi tagli ai costi della politica, un imperativo categorico in una fase storica nella quale alla gente vengono chiesti tanti sacrifici\u201d.<\/p>","protected":false},"excerpt":{"rendered":"<p>\u201cAncora una volta il Veneto invia un messaggio forte di virtuosit\u00e0 al resto del Paese e dimostra che qui le Istituzioni sanno sintonizzarsi con le aspettative ed il sentimento della gente. Il Consiglio regionale, che ringrazio con orgoglio, non poteva chiudere l\u2019anno in modo pi\u00f9 significativo\u201d. Lo sottolinea il presidente della Regione Luca Zaia commentando [&hellip;]<\/p>\n","protected":false},"author":2,"featured_media":0,"comment_status":"closed","ping_status":"open","sticky":false,"template":"","format":"standard","meta":{"footnotes":""},"categories":[5,26],"tags":[],"class_list":["post-44983","post","type-post","status-publish","format-standard","category-cronaca","category-prima-pagina"],"yoast_head":"<!-- This site is optimized with the Yoast SEO plugin v28.4 - https:\/\/yoast.com\/product\/yoast-seo-wordpress\/ -->\n<title>Costi della politica. Zaia: &quot;Dal Veneto un messaggio forte a tutto il Paese&quot; - Bellunopress - Dolomiti<\/title>\n<meta name=\"robots\" content=\"index, follow, max-snippet:-1, max-image-preview:large, max-video-preview:-1\" \/>\n<link rel=\"canonical\" href=\"https:\/\/www.bellunopress.it\/fr\/2012\/12\/19\/costi-della-politica-zaia-dal-veneto-un-messaggio-forte-a-tutto-il-paese\/\" \/>\n<meta property=\"og:locale\" content=\"fr_FR\" \/>\n<meta property=\"og:type\" content=\"article\" \/>\n<meta property=\"og:title\" content=\"Costi della politica. Zaia: &quot;Dal Veneto un messaggio forte a tutto il Paese&quot; - Bellunopress - Dolomiti\" \/>\n<meta property=\"og:description\" content=\"\u201cAncora una volta il Veneto invia un messaggio forte di virtuosit\u00e0 al resto del Paese e dimostra che qui le Istituzioni sanno sintonizzarsi con le aspettative ed il sentimento della gente. Il Consiglio regionale, che ringrazio con orgoglio, non poteva chiudere l\u2019anno in modo pi\u00f9 significativo\u201d. Lo sottolinea il presidente della Regione Luca Zaia commentando [&hellip;]\" \/>\n<meta property=\"og:url\" content=\"https:\/\/www.bellunopress.it\/fr\/2012\/12\/19\/costi-della-politica-zaia-dal-veneto-un-messaggio-forte-a-tutto-il-paese\/\" \/>\n<meta property=\"og:site_name\" content=\"Bellunopress - Dolomiti\" \/>\n<meta property=\"article:publisher\" content=\"https:\/\/www.facebook.com\/profile.php?id=100008943462799\" \/>\n<meta property=\"article:published_time\" content=\"2012-12-19T19:48:35+00:00\" \/>\n<meta property=\"og:image\" content=\"http:\/\/www.bellunopress.it\/wp-content\/uploads\/2010\/06\/zaia-leggeriss.jpg\" \/>\n<meta name=\"author\" content=\"redazione\" \/>\n<meta name=\"twitter:card\" content=\"summary_large_image\" \/>\n<meta name=\"twitter:creator\" content=\"@bellunopress\" \/>\n<meta name=\"twitter:site\" content=\"@bellunopress\" \/>\n<meta name=\"twitter:label1\" content=\"\u00c9crit par\" \/>\n\t<meta name=\"twitter:data1\" content=\"redazione\" \/>\n\t<meta name=\"twitter:label2\" content=\"Dur\u00e9e de lecture estim\u00e9e\" \/>\n\t<meta name=\"twitter:data2\" content=\"1 minute\" \/>\n<script type=\"application\/ld+json\" class=\"yoast-schema-graph\">{\"@context\":\"https:\\\/\\\/schema.org\",\"@graph\":[{\"@type\":\"Article\",\"@id\":\"https:\\\/\\\/www.bellunopress.it\\\/2012\\\/12\\\/19\\\/costi-della-politica-zaia-dal-veneto-un-messaggio-forte-a-tutto-il-paese\\\/#article\",\"isPartOf\":{\"@id\":\"https:\\\/\\\/www.bellunopress.it\\\/2012\\\/12\\\/19\\\/costi-della-politica-zaia-dal-veneto-un-messaggio-forte-a-tutto-il-paese\\\/\"},\"author\":{\"name\":\"redazione\",\"@id\":\"https:\\\/\\\/www.bellunopress.it\\\/#\\\/schema\\\/person\\\/79bb06722b37ece1c03d3e94beb30d73\"},\"headline\":\"Costi della politica. Zaia: &#8220;Dal Veneto un messaggio forte a tutto il Paese&#8221;\",\"datePublished\":\"2012-12-19T19:48:35+00:00\",\"mainEntityOfPage\":{\"@id\":\"https:\\\/\\\/www.bellunopress.it\\\/2012\\\/12\\\/19\\\/costi-della-politica-zaia-dal-veneto-un-messaggio-forte-a-tutto-il-paese\\\/\"},\"wordCount\":179,\"publisher\":{\"@id\":\"https:\\\/\\\/www.bellunopress.it\\\/#organization\"},\"image\":{\"@id\":\"https:\\\/\\\/www.bellunopress.it\\\/2012\\\/12\\\/19\\\/costi-della-politica-zaia-dal-veneto-un-messaggio-forte-a-tutto-il-paese\\\/#primaryimage\"},\"thumbnailUrl\":\"http:\\\/\\\/www.bellunopress.it\\\/wp-content\\\/uploads\\\/2010\\\/06\\\/zaia-leggeriss.jpg\",\"articleSection\":[\"Cronaca\\\/Politica\",\"Prima Pagina\"],\"inLanguage\":\"fr-FR\"},{\"@type\":\"WebPage\",\"@id\":\"https:\\\/\\\/www.bellunopress.it\\\/2012\\\/12\\\/19\\\/costi-della-politica-zaia-dal-veneto-un-messaggio-forte-a-tutto-il-paese\\\/\",\"url\":\"https:\\\/\\\/www.bellunopress.it\\\/2012\\\/12\\\/19\\\/costi-della-politica-zaia-dal-veneto-un-messaggio-forte-a-tutto-il-paese\\\/\",\"name\":\"Costi della politica. Zaia: \\\"Dal Veneto un messaggio forte a tutto il Paese\\\" - Bellunopress - Dolomiti\",\"isPartOf\":{\"@id\":\"https:\\\/\\\/www.bellunopress.it\\\/#website\"},\"primaryImageOfPage\":{\"@id\":\"https:\\\/\\\/www.bellunopress.it\\\/2012\\\/12\\\/19\\\/costi-della-politica-zaia-dal-veneto-un-messaggio-forte-a-tutto-il-paese\\\/#primaryimage\"},\"image\":{\"@id\":\"https:\\\/\\\/www.bellunopress.it\\\/2012\\\/12\\\/19\\\/costi-della-politica-zaia-dal-veneto-un-messaggio-forte-a-tutto-il-paese\\\/#primaryimage\"},\"thumbnailUrl\":\"http:\\\/\\\/www.bellunopress.it\\\/wp-content\\\/uploads\\\/2010\\\/06\\\/zaia-leggeriss.jpg\",\"datePublished\":\"2012-12-19T19:48:35+00:00\",\"breadcrumb\":{\"@id\":\"https:\\\/\\\/www.bellunopress.it\\\/2012\\\/12\\\/19\\\/costi-della-politica-zaia-dal-veneto-un-messaggio-forte-a-tutto-il-paese\\\/#breadcrumb\"},\"inLanguage\":\"fr-FR\",\"potentialAction\":[{\"@type\":\"ReadAction\",\"target\":[\"https:\\\/\\\/www.bellunopress.it\\\/2012\\\/12\\\/19\\\/costi-della-politica-zaia-dal-veneto-un-messaggio-forte-a-tutto-il-paese\\\/\"]}]},{\"@type\":\"ImageObject\",\"inLanguage\":\"fr-FR\",\"@id\":\"https:\\\/\\\/www.bellunopress.it\\\/2012\\\/12\\\/19\\\/costi-della-politica-zaia-dal-veneto-un-messaggio-forte-a-tutto-il-paese\\\/#primaryimage\",\"url\":\"http:\\\/\\\/www.bellunopress.it\\\/wp-content\\\/uploads\\\/2010\\\/06\\\/zaia-leggeriss.jpg\",\"contentUrl\":\"http:\\\/\\\/www.bellunopress.it\\\/wp-content\\\/uploads\\\/2010\\\/06\\\/zaia-leggeriss.jpg\"},{\"@type\":\"BreadcrumbList\",\"@id\":\"https:\\\/\\\/www.bellunopress.it\\\/2012\\\/12\\\/19\\\/costi-della-politica-zaia-dal-veneto-un-messaggio-forte-a-tutto-il-paese\\\/#breadcrumb\",\"itemListElement\":[{\"@type\":\"ListItem\",\"position\":1,\"name\":\"Home\",\"item\":\"https:\\\/\\\/www.bellunopress.it\\\/\"},{\"@type\":\"ListItem\",\"position\":2,\"name\":\"Costi della politica. Zaia: &#8220;Dal Veneto un messaggio forte a tutto il Paese&#8221;\"}]},{\"@type\":\"WebSite\",\"@id\":\"https:\\\/\\\/www.bellunopress.it\\\/#website\",\"url\":\"https:\\\/\\\/www.bellunopress.it\\\/\",\"name\":\"Bellunopress - Dolomiti\",\"description\":\"e-mail: redazione@bellunopress.it\",\"publisher\":{\"@id\":\"https:\\\/\\\/www.bellunopress.it\\\/#organization\"},\"potentialAction\":[{\"@type\":\"SearchAction\",\"target\":{\"@type\":\"EntryPoint\",\"urlTemplate\":\"https:\\\/\\\/www.bellunopress.it\\\/?s={search_term_string}\"},\"query-input\":{\"@type\":\"PropertyValueSpecification\",\"valueRequired\":true,\"valueName\":\"search_term_string\"}}],\"inLanguage\":\"fr-FR\"},{\"@type\":\"Organization\",\"@id\":\"https:\\\/\\\/www.bellunopress.it\\\/#organization\",\"name\":\"Bellunopress\",\"url\":\"https:\\\/\\\/www.bellunopress.it\\\/\",\"logo\":{\"@type\":\"ImageObject\",\"inLanguage\":\"fr-FR\",\"@id\":\"https:\\\/\\\/www.bellunopress.it\\\/#\\\/schema\\\/logo\\\/image\\\/\",\"url\":\"https:\\\/\\\/www.bellunopress.it\\\/wp-content\\\/uploads\\\/2011\\\/05\\\/cropped-logo-bellunopress-.jpg\",\"contentUrl\":\"https:\\\/\\\/www.bellunopress.it\\\/wp-content\\\/uploads\\\/2011\\\/05\\\/cropped-logo-bellunopress-.jpg\",\"width\":512,\"height\":512,\"caption\":\"Bellunopress\"},\"image\":{\"@id\":\"https:\\\/\\\/www.bellunopress.it\\\/#\\\/schema\\\/logo\\\/image\\\/\"},\"sameAs\":[\"https:\\\/\\\/www.facebook.com\\\/profile.php?id=100008943462799\",\"https:\\\/\\\/x.com\\\/bellunopress\",\"https:\\\/\\\/www.linkedin.com\\\/hp\\\/?dnr=JBzUWaJfMUw8vbXJJ2tVW5-I3jZKvC4wsoxE&amp;amp;amp;amp;amp;amp;trk=nav_responsive_tab_home\",\"https:\\\/\\\/www.youtube.com\\\/channel\\\/UCxL0wu1uN0_3_7hGG0306cw\"]},{\"@type\":\"Person\",\"@id\":\"https:\\\/\\\/www.bellunopress.it\\\/#\\\/schema\\\/person\\\/79bb06722b37ece1c03d3e94beb30d73\",\"name\":\"redazione\",\"image\":{\"@type\":\"ImageObject\",\"inLanguage\":\"fr-FR\",\"@id\":\"https:\\\/\\\/secure.gravatar.com\\\/avatar\\\/37d968a2e67a6fd04c169c4bdef102d0bc5d31b2546345219e348575eb80e9a0?s=96&d=mm&r=g\",\"url\":\"https:\\\/\\\/secure.gravatar.com\\\/avatar\\\/37d968a2e67a6fd04c169c4bdef102d0bc5d31b2546345219e348575eb80e9a0?s=96&d=mm&r=g\",\"contentUrl\":\"https:\\\/\\\/secure.gravatar.com\\\/avatar\\\/37d968a2e67a6fd04c169c4bdef102d0bc5d31b2546345219e348575eb80e9a0?s=96&d=mm&r=g\",\"caption\":\"redazione\"},\"sameAs\":[\"http:\\\/\\\/www.bellunopress.it\",\"https:\\\/\\\/x.com\\\/bellunopress\"],\"url\":\"https:\\\/\\\/www.bellunopress.it\\\/fr\\\/author\\\/redazione\\\/\"}]}<\/script>\n<!-- \/ Yoast SEO plugin. -->","yoast_head_json":{"title":"Costi della politica. Zaia: \"Dal Veneto un messaggio forte a tutto il Paese\" - Bellunopress - Dolomiti","robots":{"index":"index","follow":"follow","max-snippet":"max-snippet:-1","max-image-preview":"max-image-preview:large","max-video-preview":"max-video-preview:-1"},"canonical":"https:\/\/www.bellunopress.it\/fr\/2012\/12\/19\/costi-della-politica-zaia-dal-veneto-un-messaggio-forte-a-tutto-il-paese\/","og_locale":"fr_FR","og_type":"article","og_title":"Costi della politica. Zaia: \"Dal Veneto un messaggio forte a tutto il Paese\" - Bellunopress - Dolomiti","og_description":"\u201cAncora una volta il Veneto invia un messaggio forte di virtuosit\u00e0 al resto del Paese e dimostra che qui le Istituzioni sanno sintonizzarsi con le aspettative ed il sentimento della gente. Il Consiglio regionale, che ringrazio con orgoglio, non poteva chiudere l\u2019anno in modo pi\u00f9 significativo\u201d. Lo sottolinea il presidente della Regione Luca Zaia commentando [&hellip;]","og_url":"https:\/\/www.bellunopress.it\/fr\/2012\/12\/19\/costi-della-politica-zaia-dal-veneto-un-messaggio-forte-a-tutto-il-paese\/","og_site_name":"Bellunopress - Dolomiti","article_publisher":"https:\/\/www.facebook.com\/profile.php?id=100008943462799","article_published_time":"2012-12-19T19:48:35+00:00","og_image":[{"url":"http:\/\/www.bellunopress.it\/wp-content\/uploads\/2010\/06\/zaia-leggeriss.jpg","type":"","width":"","height":""}],"author":"redazione","twitter_card":"summary_large_image","twitter_creator":"@bellunopress","twitter_site":"@bellunopress","twitter_misc":{"\u00c9crit par":"redazione","Dur\u00e9e de lecture estim\u00e9e":"1 minute"},"schema":{"@context":"https:\/\/schema.org","@graph":[{"@type":"Article","@id":"https:\/\/www.bellunopress.it\/2012\/12\/19\/costi-della-politica-zaia-dal-veneto-un-messaggio-forte-a-tutto-il-paese\/#article","isPartOf":{"@id":"https:\/\/www.bellunopress.it\/2012\/12\/19\/costi-della-politica-zaia-dal-veneto-un-messaggio-forte-a-tutto-il-paese\/"},"author":{"name":"redazione","@id":"https:\/\/www.bellunopress.it\/#\/schema\/person\/79bb06722b37ece1c03d3e94beb30d73"},"headline":"Costi della politica. Zaia: &#8220;Dal Veneto un messaggio forte a tutto il Paese&#8221;","datePublished":"2012-12-19T19:48:35+00:00","mainEntityOfPage":{"@id":"https:\/\/www.bellunopress.it\/2012\/12\/19\/costi-della-politica-zaia-dal-veneto-un-messaggio-forte-a-tutto-il-paese\/"},"wordCount":179,"publisher":{"@id":"https:\/\/www.bellunopress.it\/#organization"},"image":{"@id":"https:\/\/www.bellunopress.it\/2012\/12\/19\/costi-della-politica-zaia-dal-veneto-un-messaggio-forte-a-tutto-il-paese\/#primaryimage"},"thumbnailUrl":"http:\/\/www.bellunopress.it\/wp-content\/uploads\/2010\/06\/zaia-leggeriss.jpg","articleSection":["Cronaca\/Politica","Prima Pagina"],"inLanguage":"fr-FR"},{"@type":"WebPage","@id":"https:\/\/www.bellunopress.it\/2012\/12\/19\/costi-della-politica-zaia-dal-veneto-un-messaggio-forte-a-tutto-il-paese\/","url":"https:\/\/www.bellunopress.it\/2012\/12\/19\/costi-della-politica-zaia-dal-veneto-un-messaggio-forte-a-tutto-il-paese\/","name":"Costi della politica. Zaia: \"Dal Veneto un messaggio forte a tutto il Paese\" - Bellunopress - Dolomiti","isPartOf":{"@id":"https:\/\/www.bellunopress.it\/#website"},"primaryImageOfPage":{"@id":"https:\/\/www.bellunopress.it\/2012\/12\/19\/costi-della-politica-zaia-dal-veneto-un-messaggio-forte-a-tutto-il-paese\/#primaryimage"},"image":{"@id":"https:\/\/www.bellunopress.it\/2012\/12\/19\/costi-della-politica-zaia-dal-veneto-un-messaggio-forte-a-tutto-il-paese\/#primaryimage"},"thumbnailUrl":"http:\/\/www.bellunopress.it\/wp-content\/uploads\/2010\/06\/zaia-leggeriss.jpg","datePublished":"2012-12-19T19:48:35+00:00","breadcrumb":{"@id":"https:\/\/www.bellunopress.it\/2012\/12\/19\/costi-della-politica-zaia-dal-veneto-un-messaggio-forte-a-tutto-il-paese\/#breadcrumb"},"inLanguage":"fr-FR","potentialAction":[{"@type":"ReadAction","target":["https:\/\/www.bellunopress.it\/2012\/12\/19\/costi-della-politica-zaia-dal-veneto-un-messaggio-forte-a-tutto-il-paese\/"]}]},{"@type":"ImageObject","inLanguage":"fr-FR","@id":"https:\/\/www.bellunopress.it\/2012\/12\/19\/costi-della-politica-zaia-dal-veneto-un-messaggio-forte-a-tutto-il-paese\/#primaryimage","url":"http:\/\/www.bellunopress.it\/wp-content\/uploads\/2010\/06\/zaia-leggeriss.jpg","contentUrl":"http:\/\/www.bellunopress.it\/wp-content\/uploads\/2010\/06\/zaia-leggeriss.jpg"},{"@type":"BreadcrumbList","@id":"https:\/\/www.bellunopress.it\/2012\/12\/19\/costi-della-politica-zaia-dal-veneto-un-messaggio-forte-a-tutto-il-paese\/#breadcrumb","itemListElement":[{"@type":"ListItem","position":1,"name":"Home","item":"https:\/\/www.bellunopress.it\/"},{"@type":"ListItem","position":2,"name":"Costi della politica. Zaia: &#8220;Dal Veneto un messaggio forte a tutto il Paese&#8221;"}]},{"@type":"WebSite","@id":"https:\/\/www.bellunopress.it\/#website","url":"https:\/\/www.bellunopress.it\/","name":"Bellunopress - Dolomiti","description":"e-mail: redazione@bellunopress.it","publisher":{"@id":"https:\/\/www.bellunopress.it\/#organization"},"potentialAction":[{"@type":"SearchAction","target":{"@type":"EntryPoint","urlTemplate":"https:\/\/www.bellunopress.it\/?s={search_term_string}"},"query-input":{"@type":"PropertyValueSpecification","valueRequired":true,"valueName":"search_term_string"}}],"inLanguage":"fr-FR"},{"@type":"Organization","@id":"https:\/\/www.bellunopress.it\/#organization","name":"Bellunopress","url":"https:\/\/www.bellunopress.it\/","logo":{"@type":"ImageObject","inLanguage":"fr-FR","@id":"https:\/\/www.bellunopress.it\/#\/schema\/logo\/image\/","url":"https:\/\/www.bellunopress.it\/wp-content\/uploads\/2011\/05\/cropped-logo-bellunopress-.jpg","contentUrl":"https:\/\/www.bellunopress.it\/wp-content\/uploads\/2011\/05\/cropped-logo-bellunopress-.jpg","width":512,"height":512,"caption":"Bellunopress"},"image":{"@id":"https:\/\/www.bellunopress.it\/#\/schema\/logo\/image\/"},"sameAs":["https:\/\/www.facebook.com\/profile.php?id=100008943462799","https:\/\/x.com\/bellunopress","https:\/\/www.linkedin.com\/hp\/?dnr=JBzUWaJfMUw8vbXJJ2tVW5-I3jZKvC4wsoxE&amp;amp;amp;amp;amp;amp;trk=nav_responsive_tab_home","https:\/\/www.youtube.com\/channel\/UCxL0wu1uN0_3_7hGG0306cw"]},{"@type":"Person","@id":"https:\/\/www.bellunopress.it\/#\/schema\/person\/79bb06722b37ece1c03d3e94beb30d73","name":"r\u00e9daction","image":{"@type":"ImageObject","inLanguage":"fr-FR","@id":"https:\/\/secure.gravatar.com\/avatar\/37d968a2e67a6fd04c169c4bdef102d0bc5d31b2546345219e348575eb80e9a0?s=96&d=mm&r=g","url":"https:\/\/secure.gravatar.com\/avatar\/37d968a2e67a6fd04c169c4bdef102d0bc5d31b2546345219e348575eb80e9a0?s=96&d=mm&r=g","contentUrl":"https:\/\/secure.gravatar.com\/avatar\/37d968a2e67a6fd04c169c4bdef102d0bc5d31b2546345219e348575eb80e9a0?s=96&d=mm&r=g","caption":"redazione"},"sameAs":["http:\/\/www.bellunopress.it","https:\/\/x.com\/bellunopress"],"url":"https:\/\/www.bellunopress.it\/fr\/author\/redazione\/"}]}},"_links":{"self":[{"href":"https:\/\/www.bellunopress.it\/fr\/wp-json\/wp\/v2\/posts\/44983","targetHints":{"allow":["GET"]}}],"collection":[{"href":"https:\/\/www.bellunopress.it\/fr\/wp-json\/wp\/v2\/posts"}],"about":[{"href":"https:\/\/www.bellunopress.it\/fr\/wp-json\/wp\/v2\/types\/post"}],"author":[{"embeddable":true,"href":"https:\/\/www.bellunopress.it\/fr\/wp-json\/wp\/v2\/users\/2"}],"replies":[{"embeddable":true,"href":"https:\/\/www.bellunopress.it\/fr\/wp-json\/wp\/v2\/comments?post=44983"}],"version-history":[{"count":1,"href":"https:\/\/www.bellunopress.it\/fr\/wp-json\/wp\/v2\/posts\/44983\/revisions"}],"predecessor-version":[{"id":44984,"href":"https:\/\/www.bellunopress.it\/fr\/wp-json\/wp\/v2\/posts\/44983\/revisions\/44984"}],"wp:attachment":[{"href":"https:\/\/www.bellunopress.it\/fr\/wp-json\/wp\/v2\/media?parent=44983"}],"wp:term":[{"taxonomy":"category","embeddable":true,"href":"https:\/\/www.bellunopress.it\/fr\/wp-json\/wp\/v2\/categories?post=44983"},{"taxonomy":"post_tag","embeddable":true,"href":"https:\/\/www.bellunopress.it\/fr\/wp-json\/wp\/v2\/tags?post=44983"}],"curies":[{"name":"wp","href":"https:\/\/api.w.org\/{rel}","templated":true}]}}