{"id":44965,"date":"2012-12-19T16:53:43","date_gmt":"2012-12-19T15:53:43","guid":{"rendered":"http:\/\/www.bellunopress.it\/?p=44965"},"modified":"2012-12-19T16:53:43","modified_gmt":"2012-12-19T15:53:43","slug":"elena-gregorio-primo-ufficiale-donna-in-servizio-alla-guardia-di-finanza-di-belluno","status":"publish","type":"post","link":"https:\/\/www.bellunopress.it\/fr\/2012\/12\/19\/elena-gregorio-primo-ufficiale-donna-in-servizio-alla-guardia-di-finanza-di-belluno\/","title":{"rendered":"Elena Gregorio, primo ufficiale donna in servizio alla Guardia di Finanza di Belluno"},"content":{"rendered":"<p><a href=\"http:\/\/www.bellunopress.it\/wp-content\/uploads\/2012\/12\/Elena-Gregorio-sottotenente.jpg\"><img loading=\"lazy\" decoding=\"async\" class=\"alignleft size-full wp-image-44966\" alt=\"Elena Gregorio sottotenente\" src=\"http:\/\/www.bellunopress.it\/wp-content\/uploads\/2012\/12\/Elena-Gregorio-sottotenente.jpg\" width=\"139\" height=\"150\" \/><\/a>E\u2019 in servizio da due giorni presso la caserma \u201cDe Zorzi\u201d di via Mezzaterra il sottotenente Elena Gregorio, primo ufficiale donna tra le Fiamme gialle bellunesi.<\/p>\n<p>Originaria di Avellino, 34 anni, dopo aver conseguito la laurea in Giurisprudenza presso l\u2019Universit\u00e0 degli studi di Napoli \u201cFederico II\u201d ed un master di II livello in diritto tributario presso l\u2019Universit\u00e0 degli studi di Roma \u201cTor Vergata\u201d, e dopo un periodo di pratica forense, si \u00e8 arruolata nel Corpo della Guardia di Finanza nel maggio 2009.<\/p>\n<p>Promossa al grado di sottotenente, ha svolto servizio presso il Nucleo Polizia Tributaria di Roma fino al dicembre 2011.<\/p>\n<p>Dopo aver concluso con successo il corso formativo per Ufficiali del Ruolo Speciale presso l\u2019Accademia della Guardia di Finanza, \u00e8 stata ora assegnata a Belluno, ove ricoprir\u00e0 l\u2019incarico di Comandante della Sezione Tutela Finanza Pubblica del Nucleo di Polizia Tributaria, occupandosi di verifiche fiscali.<\/p>\n<p>&nbsp;<\/p>","protected":false},"excerpt":{"rendered":"<p>E\u2019 in servizio da due giorni presso la caserma \u201cDe Zorzi\u201d di via Mezzaterra il sottotenente Elena Gregorio, primo ufficiale donna tra le Fiamme gialle bellunesi. Originaria di Avellino, 34 anni, dopo aver conseguito la laurea in Giurisprudenza presso l\u2019Universit\u00e0 degli studi di Napoli \u201cFederico II\u201d ed un master di II livello in diritto tributario [&hellip;]<\/p>\n","protected":false},"author":2,"featured_media":0,"comment_status":"closed","ping_status":"open","sticky":false,"template":"","format":"standard","meta":{"footnotes":""},"categories":[5,26],"tags":[],"class_list":["post-44965","post","type-post","status-publish","format-standard","category-cronaca","category-prima-pagina"],"yoast_head":"<!-- This site is optimized with the Yoast SEO plugin v28.4 - https:\/\/yoast.com\/product\/yoast-seo-wordpress\/ -->\n<title>Elena Gregorio, primo ufficiale donna in servizio alla Guardia di Finanza di Belluno - Bellunopress - Dolomiti<\/title>\n<meta name=\"robots\" content=\"index, follow, max-snippet:-1, max-image-preview:large, max-video-preview:-1\" \/>\n<link rel=\"canonical\" href=\"https:\/\/www.bellunopress.it\/fr\/2012\/12\/19\/elena-gregorio-primo-ufficiale-donna-in-servizio-alla-guardia-di-finanza-di-belluno\/\" \/>\n<meta property=\"og:locale\" content=\"fr_FR\" \/>\n<meta property=\"og:type\" content=\"article\" \/>\n<meta property=\"og:title\" content=\"Elena Gregorio, primo ufficiale donna in servizio alla Guardia di Finanza di Belluno - Bellunopress - Dolomiti\" \/>\n<meta property=\"og:description\" content=\"E\u2019 in servizio da due giorni presso la caserma \u201cDe Zorzi\u201d di via Mezzaterra il sottotenente Elena Gregorio, primo ufficiale donna tra le Fiamme gialle bellunesi. Originaria di Avellino, 34 anni, dopo aver conseguito la laurea in Giurisprudenza presso l\u2019Universit\u00e0 degli studi di Napoli \u201cFederico II\u201d ed un master di II livello in diritto tributario [&hellip;]\" \/>\n<meta property=\"og:url\" content=\"https:\/\/www.bellunopress.it\/fr\/2012\/12\/19\/elena-gregorio-primo-ufficiale-donna-in-servizio-alla-guardia-di-finanza-di-belluno\/\" \/>\n<meta property=\"og:site_name\" content=\"Bellunopress - Dolomiti\" \/>\n<meta property=\"article:publisher\" content=\"https:\/\/www.facebook.com\/profile.php?id=100008943462799\" \/>\n<meta property=\"article:published_time\" content=\"2012-12-19T15:53:43+00:00\" \/>\n<meta property=\"og:image\" content=\"http:\/\/www.bellunopress.it\/wp-content\/uploads\/2012\/12\/Elena-Gregorio-sottotenente.jpg\" \/>\n<meta name=\"author\" content=\"redazione\" \/>\n<meta name=\"twitter:card\" content=\"summary_large_image\" \/>\n<meta name=\"twitter:creator\" content=\"@bellunopress\" \/>\n<meta name=\"twitter:site\" content=\"@bellunopress\" \/>\n<meta name=\"twitter:label1\" content=\"\u00c9crit par\" \/>\n\t<meta name=\"twitter:data1\" content=\"redazione\" \/>\n\t<meta name=\"twitter:label2\" content=\"Dur\u00e9e de lecture estim\u00e9e\" \/>\n\t<meta name=\"twitter:data2\" content=\"1 minute\" \/>\n<script type=\"application\/ld+json\" class=\"yoast-schema-graph\">{\"@context\":\"https:\\\/\\\/schema.org\",\"@graph\":[{\"@type\":\"Article\",\"@id\":\"https:\\\/\\\/www.bellunopress.it\\\/2012\\\/12\\\/19\\\/elena-gregorio-primo-ufficiale-donna-in-servizio-alla-guardia-di-finanza-di-belluno\\\/#article\",\"isPartOf\":{\"@id\":\"https:\\\/\\\/www.bellunopress.it\\\/2012\\\/12\\\/19\\\/elena-gregorio-primo-ufficiale-donna-in-servizio-alla-guardia-di-finanza-di-belluno\\\/\"},\"author\":{\"name\":\"redazione\",\"@id\":\"https:\\\/\\\/www.bellunopress.it\\\/#\\\/schema\\\/person\\\/79bb06722b37ece1c03d3e94beb30d73\"},\"headline\":\"Elena Gregorio, primo ufficiale donna in servizio alla Guardia di Finanza di Belluno\",\"datePublished\":\"2012-12-19T15:53:43+00:00\",\"mainEntityOfPage\":{\"@id\":\"https:\\\/\\\/www.bellunopress.it\\\/2012\\\/12\\\/19\\\/elena-gregorio-primo-ufficiale-donna-in-servizio-alla-guardia-di-finanza-di-belluno\\\/\"},\"wordCount\":158,\"publisher\":{\"@id\":\"https:\\\/\\\/www.bellunopress.it\\\/#organization\"},\"image\":{\"@id\":\"https:\\\/\\\/www.bellunopress.it\\\/2012\\\/12\\\/19\\\/elena-gregorio-primo-ufficiale-donna-in-servizio-alla-guardia-di-finanza-di-belluno\\\/#primaryimage\"},\"thumbnailUrl\":\"http:\\\/\\\/www.bellunopress.it\\\/wp-content\\\/uploads\\\/2012\\\/12\\\/Elena-Gregorio-sottotenente.jpg\",\"articleSection\":[\"Cronaca\\\/Politica\",\"Prima Pagina\"],\"inLanguage\":\"fr-FR\"},{\"@type\":\"WebPage\",\"@id\":\"https:\\\/\\\/www.bellunopress.it\\\/2012\\\/12\\\/19\\\/elena-gregorio-primo-ufficiale-donna-in-servizio-alla-guardia-di-finanza-di-belluno\\\/\",\"url\":\"https:\\\/\\\/www.bellunopress.it\\\/2012\\\/12\\\/19\\\/elena-gregorio-primo-ufficiale-donna-in-servizio-alla-guardia-di-finanza-di-belluno\\\/\",\"name\":\"Elena Gregorio, primo ufficiale donna in servizio alla Guardia di Finanza di Belluno - Bellunopress - Dolomiti\",\"isPartOf\":{\"@id\":\"https:\\\/\\\/www.bellunopress.it\\\/#website\"},\"primaryImageOfPage\":{\"@id\":\"https:\\\/\\\/www.bellunopress.it\\\/2012\\\/12\\\/19\\\/elena-gregorio-primo-ufficiale-donna-in-servizio-alla-guardia-di-finanza-di-belluno\\\/#primaryimage\"},\"image\":{\"@id\":\"https:\\\/\\\/www.bellunopress.it\\\/2012\\\/12\\\/19\\\/elena-gregorio-primo-ufficiale-donna-in-servizio-alla-guardia-di-finanza-di-belluno\\\/#primaryimage\"},\"thumbnailUrl\":\"http:\\\/\\\/www.bellunopress.it\\\/wp-content\\\/uploads\\\/2012\\\/12\\\/Elena-Gregorio-sottotenente.jpg\",\"datePublished\":\"2012-12-19T15:53:43+00:00\",\"breadcrumb\":{\"@id\":\"https:\\\/\\\/www.bellunopress.it\\\/2012\\\/12\\\/19\\\/elena-gregorio-primo-ufficiale-donna-in-servizio-alla-guardia-di-finanza-di-belluno\\\/#breadcrumb\"},\"inLanguage\":\"fr-FR\",\"potentialAction\":[{\"@type\":\"ReadAction\",\"target\":[\"https:\\\/\\\/www.bellunopress.it\\\/2012\\\/12\\\/19\\\/elena-gregorio-primo-ufficiale-donna-in-servizio-alla-guardia-di-finanza-di-belluno\\\/\"]}]},{\"@type\":\"ImageObject\",\"inLanguage\":\"fr-FR\",\"@id\":\"https:\\\/\\\/www.bellunopress.it\\\/2012\\\/12\\\/19\\\/elena-gregorio-primo-ufficiale-donna-in-servizio-alla-guardia-di-finanza-di-belluno\\\/#primaryimage\",\"url\":\"http:\\\/\\\/www.bellunopress.it\\\/wp-content\\\/uploads\\\/2012\\\/12\\\/Elena-Gregorio-sottotenente.jpg\",\"contentUrl\":\"http:\\\/\\\/www.bellunopress.it\\\/wp-content\\\/uploads\\\/2012\\\/12\\\/Elena-Gregorio-sottotenente.jpg\"},{\"@type\":\"BreadcrumbList\",\"@id\":\"https:\\\/\\\/www.bellunopress.it\\\/2012\\\/12\\\/19\\\/elena-gregorio-primo-ufficiale-donna-in-servizio-alla-guardia-di-finanza-di-belluno\\\/#breadcrumb\",\"itemListElement\":[{\"@type\":\"ListItem\",\"position\":1,\"name\":\"Home\",\"item\":\"https:\\\/\\\/www.bellunopress.it\\\/\"},{\"@type\":\"ListItem\",\"position\":2,\"name\":\"Elena Gregorio, primo ufficiale donna in servizio alla Guardia di Finanza di Belluno\"}]},{\"@type\":\"WebSite\",\"@id\":\"https:\\\/\\\/www.bellunopress.it\\\/#website\",\"url\":\"https:\\\/\\\/www.bellunopress.it\\\/\",\"name\":\"Bellunopress - Dolomiti\",\"description\":\"e-mail: redazione@bellunopress.it\",\"publisher\":{\"@id\":\"https:\\\/\\\/www.bellunopress.it\\\/#organization\"},\"potentialAction\":[{\"@type\":\"SearchAction\",\"target\":{\"@type\":\"EntryPoint\",\"urlTemplate\":\"https:\\\/\\\/www.bellunopress.it\\\/?s={search_term_string}\"},\"query-input\":{\"@type\":\"PropertyValueSpecification\",\"valueRequired\":true,\"valueName\":\"search_term_string\"}}],\"inLanguage\":\"fr-FR\"},{\"@type\":\"Organization\",\"@id\":\"https:\\\/\\\/www.bellunopress.it\\\/#organization\",\"name\":\"Bellunopress\",\"url\":\"https:\\\/\\\/www.bellunopress.it\\\/\",\"logo\":{\"@type\":\"ImageObject\",\"inLanguage\":\"fr-FR\",\"@id\":\"https:\\\/\\\/www.bellunopress.it\\\/#\\\/schema\\\/logo\\\/image\\\/\",\"url\":\"https:\\\/\\\/www.bellunopress.it\\\/wp-content\\\/uploads\\\/2011\\\/05\\\/cropped-logo-bellunopress-.jpg\",\"contentUrl\":\"https:\\\/\\\/www.bellunopress.it\\\/wp-content\\\/uploads\\\/2011\\\/05\\\/cropped-logo-bellunopress-.jpg\",\"width\":512,\"height\":512,\"caption\":\"Bellunopress\"},\"image\":{\"@id\":\"https:\\\/\\\/www.bellunopress.it\\\/#\\\/schema\\\/logo\\\/image\\\/\"},\"sameAs\":[\"https:\\\/\\\/www.facebook.com\\\/profile.php?id=100008943462799\",\"https:\\\/\\\/x.com\\\/bellunopress\",\"https:\\\/\\\/www.linkedin.com\\\/hp\\\/?dnr=JBzUWaJfMUw8vbXJJ2tVW5-I3jZKvC4wsoxE&amp;amp;amp;amp;amp;amp;trk=nav_responsive_tab_home\",\"https:\\\/\\\/www.youtube.com\\\/channel\\\/UCxL0wu1uN0_3_7hGG0306cw\"]},{\"@type\":\"Person\",\"@id\":\"https:\\\/\\\/www.bellunopress.it\\\/#\\\/schema\\\/person\\\/79bb06722b37ece1c03d3e94beb30d73\",\"name\":\"redazione\",\"image\":{\"@type\":\"ImageObject\",\"inLanguage\":\"fr-FR\",\"@id\":\"https:\\\/\\\/secure.gravatar.com\\\/avatar\\\/37d968a2e67a6fd04c169c4bdef102d0bc5d31b2546345219e348575eb80e9a0?s=96&d=mm&r=g\",\"url\":\"https:\\\/\\\/secure.gravatar.com\\\/avatar\\\/37d968a2e67a6fd04c169c4bdef102d0bc5d31b2546345219e348575eb80e9a0?s=96&d=mm&r=g\",\"contentUrl\":\"https:\\\/\\\/secure.gravatar.com\\\/avatar\\\/37d968a2e67a6fd04c169c4bdef102d0bc5d31b2546345219e348575eb80e9a0?s=96&d=mm&r=g\",\"caption\":\"redazione\"},\"sameAs\":[\"http:\\\/\\\/www.bellunopress.it\",\"https:\\\/\\\/x.com\\\/bellunopress\"],\"url\":\"https:\\\/\\\/www.bellunopress.it\\\/fr\\\/author\\\/redazione\\\/\"}]}<\/script>\n<!-- \/ Yoast SEO plugin. -->","yoast_head_json":{"title":"Elena Gregorio, primo ufficiale donna in servizio alla Guardia di Finanza di Belluno - Bellunopress - Dolomiti","robots":{"index":"index","follow":"follow","max-snippet":"max-snippet:-1","max-image-preview":"max-image-preview:large","max-video-preview":"max-video-preview:-1"},"canonical":"https:\/\/www.bellunopress.it\/fr\/2012\/12\/19\/elena-gregorio-primo-ufficiale-donna-in-servizio-alla-guardia-di-finanza-di-belluno\/","og_locale":"fr_FR","og_type":"article","og_title":"Elena Gregorio, primo ufficiale donna in servizio alla Guardia di Finanza di Belluno - Bellunopress - Dolomiti","og_description":"E\u2019 in servizio da due giorni presso la caserma \u201cDe Zorzi\u201d di via Mezzaterra il sottotenente Elena Gregorio, primo ufficiale donna tra le Fiamme gialle bellunesi. Originaria di Avellino, 34 anni, dopo aver conseguito la laurea in Giurisprudenza presso l\u2019Universit\u00e0 degli studi di Napoli \u201cFederico II\u201d ed un master di II livello in diritto tributario [&hellip;]","og_url":"https:\/\/www.bellunopress.it\/fr\/2012\/12\/19\/elena-gregorio-primo-ufficiale-donna-in-servizio-alla-guardia-di-finanza-di-belluno\/","og_site_name":"Bellunopress - Dolomiti","article_publisher":"https:\/\/www.facebook.com\/profile.php?id=100008943462799","article_published_time":"2012-12-19T15:53:43+00:00","og_image":[{"url":"http:\/\/www.bellunopress.it\/wp-content\/uploads\/2012\/12\/Elena-Gregorio-sottotenente.jpg","type":"","width":"","height":""}],"author":"redazione","twitter_card":"summary_large_image","twitter_creator":"@bellunopress","twitter_site":"@bellunopress","twitter_misc":{"\u00c9crit par":"redazione","Dur\u00e9e de lecture estim\u00e9e":"1 minute"},"schema":{"@context":"https:\/\/schema.org","@graph":[{"@type":"Article","@id":"https:\/\/www.bellunopress.it\/2012\/12\/19\/elena-gregorio-primo-ufficiale-donna-in-servizio-alla-guardia-di-finanza-di-belluno\/#article","isPartOf":{"@id":"https:\/\/www.bellunopress.it\/2012\/12\/19\/elena-gregorio-primo-ufficiale-donna-in-servizio-alla-guardia-di-finanza-di-belluno\/"},"author":{"name":"redazione","@id":"https:\/\/www.bellunopress.it\/#\/schema\/person\/79bb06722b37ece1c03d3e94beb30d73"},"headline":"Elena Gregorio, primo ufficiale donna in servizio alla Guardia di Finanza di Belluno","datePublished":"2012-12-19T15:53:43+00:00","mainEntityOfPage":{"@id":"https:\/\/www.bellunopress.it\/2012\/12\/19\/elena-gregorio-primo-ufficiale-donna-in-servizio-alla-guardia-di-finanza-di-belluno\/"},"wordCount":158,"publisher":{"@id":"https:\/\/www.bellunopress.it\/#organization"},"image":{"@id":"https:\/\/www.bellunopress.it\/2012\/12\/19\/elena-gregorio-primo-ufficiale-donna-in-servizio-alla-guardia-di-finanza-di-belluno\/#primaryimage"},"thumbnailUrl":"http:\/\/www.bellunopress.it\/wp-content\/uploads\/2012\/12\/Elena-Gregorio-sottotenente.jpg","articleSection":["Cronaca\/Politica","Prima Pagina"],"inLanguage":"fr-FR"},{"@type":"WebPage","@id":"https:\/\/www.bellunopress.it\/2012\/12\/19\/elena-gregorio-primo-ufficiale-donna-in-servizio-alla-guardia-di-finanza-di-belluno\/","url":"https:\/\/www.bellunopress.it\/2012\/12\/19\/elena-gregorio-primo-ufficiale-donna-in-servizio-alla-guardia-di-finanza-di-belluno\/","name":"Elena Gregorio, primo ufficiale donna in servizio alla Guardia di Finanza di Belluno - Bellunopress - Dolomiti","isPartOf":{"@id":"https:\/\/www.bellunopress.it\/#website"},"primaryImageOfPage":{"@id":"https:\/\/www.bellunopress.it\/2012\/12\/19\/elena-gregorio-primo-ufficiale-donna-in-servizio-alla-guardia-di-finanza-di-belluno\/#primaryimage"},"image":{"@id":"https:\/\/www.bellunopress.it\/2012\/12\/19\/elena-gregorio-primo-ufficiale-donna-in-servizio-alla-guardia-di-finanza-di-belluno\/#primaryimage"},"thumbnailUrl":"http:\/\/www.bellunopress.it\/wp-content\/uploads\/2012\/12\/Elena-Gregorio-sottotenente.jpg","datePublished":"2012-12-19T15:53:43+00:00","breadcrumb":{"@id":"https:\/\/www.bellunopress.it\/2012\/12\/19\/elena-gregorio-primo-ufficiale-donna-in-servizio-alla-guardia-di-finanza-di-belluno\/#breadcrumb"},"inLanguage":"fr-FR","potentialAction":[{"@type":"ReadAction","target":["https:\/\/www.bellunopress.it\/2012\/12\/19\/elena-gregorio-primo-ufficiale-donna-in-servizio-alla-guardia-di-finanza-di-belluno\/"]}]},{"@type":"ImageObject","inLanguage":"fr-FR","@id":"https:\/\/www.bellunopress.it\/2012\/12\/19\/elena-gregorio-primo-ufficiale-donna-in-servizio-alla-guardia-di-finanza-di-belluno\/#primaryimage","url":"http:\/\/www.bellunopress.it\/wp-content\/uploads\/2012\/12\/Elena-Gregorio-sottotenente.jpg","contentUrl":"http:\/\/www.bellunopress.it\/wp-content\/uploads\/2012\/12\/Elena-Gregorio-sottotenente.jpg"},{"@type":"BreadcrumbList","@id":"https:\/\/www.bellunopress.it\/2012\/12\/19\/elena-gregorio-primo-ufficiale-donna-in-servizio-alla-guardia-di-finanza-di-belluno\/#breadcrumb","itemListElement":[{"@type":"ListItem","position":1,"name":"Home","item":"https:\/\/www.bellunopress.it\/"},{"@type":"ListItem","position":2,"name":"Elena Gregorio, primo ufficiale donna in servizio alla Guardia di Finanza di Belluno"}]},{"@type":"WebSite","@id":"https:\/\/www.bellunopress.it\/#website","url":"https:\/\/www.bellunopress.it\/","name":"Bellunopress - Dolomiti","description":"e-mail: redazione@bellunopress.it","publisher":{"@id":"https:\/\/www.bellunopress.it\/#organization"},"potentialAction":[{"@type":"SearchAction","target":{"@type":"EntryPoint","urlTemplate":"https:\/\/www.bellunopress.it\/?s={search_term_string}"},"query-input":{"@type":"PropertyValueSpecification","valueRequired":true,"valueName":"search_term_string"}}],"inLanguage":"fr-FR"},{"@type":"Organization","@id":"https:\/\/www.bellunopress.it\/#organization","name":"Bellunopress","url":"https:\/\/www.bellunopress.it\/","logo":{"@type":"ImageObject","inLanguage":"fr-FR","@id":"https:\/\/www.bellunopress.it\/#\/schema\/logo\/image\/","url":"https:\/\/www.bellunopress.it\/wp-content\/uploads\/2011\/05\/cropped-logo-bellunopress-.jpg","contentUrl":"https:\/\/www.bellunopress.it\/wp-content\/uploads\/2011\/05\/cropped-logo-bellunopress-.jpg","width":512,"height":512,"caption":"Bellunopress"},"image":{"@id":"https:\/\/www.bellunopress.it\/#\/schema\/logo\/image\/"},"sameAs":["https:\/\/www.facebook.com\/profile.php?id=100008943462799","https:\/\/x.com\/bellunopress","https:\/\/www.linkedin.com\/hp\/?dnr=JBzUWaJfMUw8vbXJJ2tVW5-I3jZKvC4wsoxE&amp;amp;amp;amp;amp;amp;trk=nav_responsive_tab_home","https:\/\/www.youtube.com\/channel\/UCxL0wu1uN0_3_7hGG0306cw"]},{"@type":"Person","@id":"https:\/\/www.bellunopress.it\/#\/schema\/person\/79bb06722b37ece1c03d3e94beb30d73","name":"r\u00e9daction","image":{"@type":"ImageObject","inLanguage":"fr-FR","@id":"https:\/\/secure.gravatar.com\/avatar\/37d968a2e67a6fd04c169c4bdef102d0bc5d31b2546345219e348575eb80e9a0?s=96&d=mm&r=g","url":"https:\/\/secure.gravatar.com\/avatar\/37d968a2e67a6fd04c169c4bdef102d0bc5d31b2546345219e348575eb80e9a0?s=96&d=mm&r=g","contentUrl":"https:\/\/secure.gravatar.com\/avatar\/37d968a2e67a6fd04c169c4bdef102d0bc5d31b2546345219e348575eb80e9a0?s=96&d=mm&r=g","caption":"redazione"},"sameAs":["http:\/\/www.bellunopress.it","https:\/\/x.com\/bellunopress"],"url":"https:\/\/www.bellunopress.it\/fr\/author\/redazione\/"}]}},"_links":{"self":[{"href":"https:\/\/www.bellunopress.it\/fr\/wp-json\/wp\/v2\/posts\/44965","targetHints":{"allow":["GET"]}}],"collection":[{"href":"https:\/\/www.bellunopress.it\/fr\/wp-json\/wp\/v2\/posts"}],"about":[{"href":"https:\/\/www.bellunopress.it\/fr\/wp-json\/wp\/v2\/types\/post"}],"author":[{"embeddable":true,"href":"https:\/\/www.bellunopress.it\/fr\/wp-json\/wp\/v2\/users\/2"}],"replies":[{"embeddable":true,"href":"https:\/\/www.bellunopress.it\/fr\/wp-json\/wp\/v2\/comments?post=44965"}],"version-history":[{"count":1,"href":"https:\/\/www.bellunopress.it\/fr\/wp-json\/wp\/v2\/posts\/44965\/revisions"}],"predecessor-version":[{"id":44967,"href":"https:\/\/www.bellunopress.it\/fr\/wp-json\/wp\/v2\/posts\/44965\/revisions\/44967"}],"wp:attachment":[{"href":"https:\/\/www.bellunopress.it\/fr\/wp-json\/wp\/v2\/media?parent=44965"}],"wp:term":[{"taxonomy":"category","embeddable":true,"href":"https:\/\/www.bellunopress.it\/fr\/wp-json\/wp\/v2\/categories?post=44965"},{"taxonomy":"post_tag","embeddable":true,"href":"https:\/\/www.bellunopress.it\/fr\/wp-json\/wp\/v2\/tags?post=44965"}],"curies":[{"name":"wp","href":"https:\/\/api.w.org\/{rel}","templated":true}]}}