{"id":44961,"date":"2012-12-19T15:55:52","date_gmt":"2012-12-19T14:55:52","guid":{"rendered":"http:\/\/www.bellunopress.it\/?p=44961"},"modified":"2012-12-19T15:55:52","modified_gmt":"2012-12-19T14:55:52","slug":"belluno-si-conferma-una-provincia-sicura-reati-in-diminuzione-nel-2012","status":"publish","type":"post","link":"https:\/\/www.bellunopress.it\/fr\/2012\/12\/19\/belluno-si-conferma-una-provincia-sicura-reati-in-diminuzione-nel-2012\/","title":{"rendered":"Belluno si conferma una provincia sicura: reati in diminuzione nel 2012"},"content":{"rendered":"<figure id=\"attachment_22895\" aria-describedby=\"caption-attachment-22895\" style=\"width: 223px\" class=\"wp-caption alignleft\"><a href=\"http:\/\/www.bellunopress.it\/wp-content\/uploads\/2011\/01\/maria-laura-simonetti-prefetto.jpg\"><img loading=\"lazy\" decoding=\"async\" class=\"size-full wp-image-22895\" alt=\"Maria Laura Simonetti, prefetto\" src=\"http:\/\/www.bellunopress.it\/wp-content\/uploads\/2011\/01\/maria-laura-simonetti-prefetto.jpg\" width=\"223\" height=\"274\" \/><\/a><figcaption id=\"caption-attachment-22895\" class=\"wp-caption-text\">Maria Laura Simonetti, prefetto<\/figcaption><\/figure>\n<p>La provincia di Belluno si conferma un territorio sicuro. Lo testimoniano i dati illustrati questa mattina dal prefetto di Belluno Maria Laura Simonetti, nel corso della consueta conferenza di fine anno sulla situazione dell\u2019ordine e della sicurezza pubblica e del soccorso pubblico della provincia, alla quale hanno partecipato il questore e i comandanti delle Forze dell&#8217;ordine (Carabinieri, Guardia di Finanza, Polizia locale, Polizia provinciale, Corpo forestale dello Stato, Corpo forestale regionale, Vigili del Fuoco).<\/p>\n<p>&#8220;Belluno \u00e8 una provincia sicura &#8211; ha detto il prefetto &#8211; dove il controllo del territorio \u00e8 garantito sia nelle zone pi\u00f9 popolose che in quelle pi\u00f9 impervie. I reati sono in lieve ma costante diminuzione, bench\u00e9 ci siano stati anni di crisi economica, che generalmente accentuano il fenomeno&#8221;.<\/p>\n<p>&nbsp;<\/p>\n<p><strong>Dati provinciali<\/strong><\/p>\n<p>In provincia di Belluno sono stati denunciati complessivamente 4.317 nell&#8217;anno 2012 (fino al 30 novembre 2012), contro i 4.936 del 2011, i 5.069 del 2010, i 5.625 del 2009, i 5.857 del 2008 e i 6.403 del 2007.<\/p>\n<p>Andando pi\u00f9 nel dettaglio, il dato statistico rivela che anche i reati predatori (furti e rapine), sono in diminuzione e quindi in controtendenza rispetto a quelli regionali. per quanto riguarda i furti, siamo scesi ai 1.678 del 2012 (dato al 32.11.2012) dai 1.863 (2011) e 1.900 (2010). Le rapine sono contenute in limiti che non destano particolari preoccupazioni: nel 2012 se ne sono verificate tre, con identificazione dei responsabili. Tre erano anche nel 2010 e una nel 2010.<\/p>\n<p>Anche i reati per droga e stupefacenti sono diminuiti: 47 (2012), 26 (2011), 43 (2010), 49 (2009), 61 (2008) 52 (2007). In diminuzione anche le segnalazioni alla Prefettura per il reato depenalizzato di consumo di droga: 87 (2012, 88 (2011) e 114 (2010).<\/p>\n<p>&#8220;La natura della popolazione bellunese &#8211; ha sottolineato il prefetto Maria Laura Simonetti &#8211; \u00e8 certamente incline al rispetto delle regole&#8221;.<\/p>\n<p><strong>Belluno<\/strong><\/p>\n<p>Per quanto riguarda il dettaglio su Belluno, i delitti in totale denunziati sono stati 1.185 (2012), 1.233 (2011), 1.291 (2010). Di cui i furti sono stati 444 (2012), 425 (2011) e 493 (2010).<\/p>\n<p><strong>Feltre<\/strong><\/p>\n<p>Anche il Feltrino, che statisticamente \u00e8 sempre stata una zona pi\u00f9 esposta, registra una tendenza alla diminuzione: Il numero di reati complessivamente denunciati nel 2012 (sempre al 30 novembre) sono stati di 524, contro i 528 (2011) e 566 (2010). I furti, sempre nel Feltrino sono stati di 202 (2012), 224 (2011) e 224 (2010). I furti nelle abitazioni sono stati 27 (2012, 34 (2011, e 41 (2010). I furti nelle auto in sosta 27 (2012, 34 (2011, 41 (2012).<\/p>\n<p>&nbsp;<\/p>\n<figure id=\"attachment_28084\" aria-describedby=\"caption-attachment-28084\" style=\"width: 300px\" class=\"wp-caption alignleft\"><a href=\"http:\/\/www.bellunopress.it\/wp-content\/uploads\/2011\/06\/prefettura.jpg\"><img loading=\"lazy\" decoding=\"async\" class=\"size-full wp-image-28084\" alt=\"Palazzo dei Rettori sede della Prefettura\" src=\"http:\/\/www.bellunopress.it\/wp-content\/uploads\/2011\/06\/prefettura.jpg\" width=\"300\" height=\"200\" \/><\/a><figcaption id=\"caption-attachment-28084\" class=\"wp-caption-text\">Palazzo dei Rettori sede della Prefettura<\/figcaption><\/figure>\n<p>Sui 4317 reati denunciati complessivamente in provincia di Belluno nel 2012, vi sono stati 1.257 denunciati con 52 arresti.<\/p>\n<p>Va detto, inoltre, che questa tendenza al miglioramento \u00e8 stata ottenuta in condizioni di difficolt\u00e0 di personale. Gli organici di polizia sono diminuiti del 18% con un innalzamento dell&#8217;et\u00e0 media del personale. &#8220;Tuttavia &#8211; ha precisato scherzosamente il questore Attilio Ingrassia &#8211; siamo riusciti a vincere le ultime due edizioni della maratona di San Martino&#8221;. Nelle altre Forze dell&#8217;ordine (Carabinieri, Guardia di Finanza, Corpo Forestale dello Stato, Vigili del Fuoco) il personale \u00e8 rimasto pressoch\u00e9 stazionario.<\/p>\n<p>In conclusione della conferenza, il prefetto ha sottolineato come il coordinamento dell Forze dell&#8217;ordine al tavolo della Prefettura abbia potuto ottimizzare i risultati ed ha precisato che oltre ai reati predatori l&#8217;attivit\u00e0 si \u00e8 concentrata nella prevenzione diei gravi reati di infiltrazione mafiosa, infiltrazione negli appalti ed usura.<\/p>","protected":false},"excerpt":{"rendered":"<p>La provincia di Belluno si conferma un territorio sicuro. Lo testimoniano i dati illustrati questa mattina dal prefetto di Belluno Maria Laura Simonetti, nel corso della consueta conferenza di fine anno sulla situazione dell\u2019ordine e della sicurezza pubblica e del soccorso pubblico della provincia, alla quale hanno partecipato il questore e i comandanti delle Forze [&hellip;]<\/p>\n","protected":false},"author":2,"featured_media":0,"comment_status":"closed","ping_status":"open","sticky":false,"template":"","format":"standard","meta":{"footnotes":""},"categories":[1],"tags":[],"class_list":["post-44961","post","type-post","status-publish","format-standard","category-leo"],"yoast_head":"<!-- This site is optimized with the Yoast SEO plugin v28.4 - https:\/\/yoast.com\/product\/yoast-seo-wordpress\/ -->\n<title>Belluno si conferma una provincia sicura: reati in diminuzione nel 2012  - Bellunopress - Dolomiti<\/title>\n<meta name=\"robots\" content=\"index, follow, max-snippet:-1, max-image-preview:large, max-video-preview:-1\" \/>\n<link rel=\"canonical\" href=\"https:\/\/www.bellunopress.it\/fr\/2012\/12\/19\/belluno-si-conferma-una-provincia-sicura-reati-in-diminuzione-nel-2012\/\" \/>\n<meta property=\"og:locale\" content=\"fr_FR\" \/>\n<meta property=\"og:type\" content=\"article\" \/>\n<meta property=\"og:title\" content=\"Belluno si conferma una provincia sicura: reati in diminuzione nel 2012  - Bellunopress - Dolomiti\" \/>\n<meta property=\"og:description\" content=\"La provincia di Belluno si conferma un territorio sicuro. Lo testimoniano i dati illustrati questa mattina dal prefetto di Belluno Maria Laura Simonetti, nel corso della consueta conferenza di fine anno sulla situazione dell\u2019ordine e della sicurezza pubblica e del soccorso pubblico della provincia, alla quale hanno partecipato il questore e i comandanti delle Forze [&hellip;]\" \/>\n<meta property=\"og:url\" content=\"https:\/\/www.bellunopress.it\/fr\/2012\/12\/19\/belluno-si-conferma-una-provincia-sicura-reati-in-diminuzione-nel-2012\/\" \/>\n<meta property=\"og:site_name\" content=\"Bellunopress - Dolomiti\" \/>\n<meta property=\"article:publisher\" content=\"https:\/\/www.facebook.com\/profile.php?id=100008943462799\" \/>\n<meta property=\"article:published_time\" content=\"2012-12-19T14:55:52+00:00\" \/>\n<meta property=\"og:image\" content=\"http:\/\/www.bellunopress.it\/wp-content\/uploads\/2011\/01\/maria-laura-simonetti-prefetto.jpg\" \/>\n<meta name=\"author\" content=\"redazione\" \/>\n<meta name=\"twitter:card\" content=\"summary_large_image\" \/>\n<meta name=\"twitter:creator\" content=\"@bellunopress\" \/>\n<meta name=\"twitter:site\" content=\"@bellunopress\" \/>\n<meta name=\"twitter:label1\" content=\"\u00c9crit par\" \/>\n\t<meta name=\"twitter:data1\" content=\"redazione\" \/>\n\t<meta name=\"twitter:label2\" content=\"Dur\u00e9e de lecture estim\u00e9e\" \/>\n\t<meta name=\"twitter:data2\" content=\"2 minutes\" \/>\n<script type=\"application\/ld+json\" class=\"yoast-schema-graph\">{\"@context\":\"https:\\\/\\\/schema.org\",\"@graph\":[{\"@type\":\"Article\",\"@id\":\"https:\\\/\\\/www.bellunopress.it\\\/2012\\\/12\\\/19\\\/belluno-si-conferma-una-provincia-sicura-reati-in-diminuzione-nel-2012\\\/#article\",\"isPartOf\":{\"@id\":\"https:\\\/\\\/www.bellunopress.it\\\/2012\\\/12\\\/19\\\/belluno-si-conferma-una-provincia-sicura-reati-in-diminuzione-nel-2012\\\/\"},\"author\":{\"name\":\"redazione\",\"@id\":\"https:\\\/\\\/www.bellunopress.it\\\/#\\\/schema\\\/person\\\/79bb06722b37ece1c03d3e94beb30d73\"},\"headline\":\"Belluno si conferma una provincia sicura: reati in diminuzione nel 2012\",\"datePublished\":\"2012-12-19T14:55:52+00:00\",\"mainEntityOfPage\":{\"@id\":\"https:\\\/\\\/www.bellunopress.it\\\/2012\\\/12\\\/19\\\/belluno-si-conferma-una-provincia-sicura-reati-in-diminuzione-nel-2012\\\/\"},\"wordCount\":515,\"publisher\":{\"@id\":\"https:\\\/\\\/www.bellunopress.it\\\/#organization\"},\"image\":{\"@id\":\"https:\\\/\\\/www.bellunopress.it\\\/2012\\\/12\\\/19\\\/belluno-si-conferma-una-provincia-sicura-reati-in-diminuzione-nel-2012\\\/#primaryimage\"},\"thumbnailUrl\":\"http:\\\/\\\/www.bellunopress.it\\\/wp-content\\\/uploads\\\/2011\\\/01\\\/maria-laura-simonetti-prefetto.jpg\",\"articleSection\":[\"Lettere Opinioni\"],\"inLanguage\":\"fr-FR\"},{\"@type\":\"WebPage\",\"@id\":\"https:\\\/\\\/www.bellunopress.it\\\/2012\\\/12\\\/19\\\/belluno-si-conferma-una-provincia-sicura-reati-in-diminuzione-nel-2012\\\/\",\"url\":\"https:\\\/\\\/www.bellunopress.it\\\/2012\\\/12\\\/19\\\/belluno-si-conferma-una-provincia-sicura-reati-in-diminuzione-nel-2012\\\/\",\"name\":\"Belluno si conferma una provincia sicura: reati in diminuzione nel 2012 - Bellunopress - Dolomiti\",\"isPartOf\":{\"@id\":\"https:\\\/\\\/www.bellunopress.it\\\/#website\"},\"primaryImageOfPage\":{\"@id\":\"https:\\\/\\\/www.bellunopress.it\\\/2012\\\/12\\\/19\\\/belluno-si-conferma-una-provincia-sicura-reati-in-diminuzione-nel-2012\\\/#primaryimage\"},\"image\":{\"@id\":\"https:\\\/\\\/www.bellunopress.it\\\/2012\\\/12\\\/19\\\/belluno-si-conferma-una-provincia-sicura-reati-in-diminuzione-nel-2012\\\/#primaryimage\"},\"thumbnailUrl\":\"http:\\\/\\\/www.bellunopress.it\\\/wp-content\\\/uploads\\\/2011\\\/01\\\/maria-laura-simonetti-prefetto.jpg\",\"datePublished\":\"2012-12-19T14:55:52+00:00\",\"breadcrumb\":{\"@id\":\"https:\\\/\\\/www.bellunopress.it\\\/2012\\\/12\\\/19\\\/belluno-si-conferma-una-provincia-sicura-reati-in-diminuzione-nel-2012\\\/#breadcrumb\"},\"inLanguage\":\"fr-FR\",\"potentialAction\":[{\"@type\":\"ReadAction\",\"target\":[\"https:\\\/\\\/www.bellunopress.it\\\/2012\\\/12\\\/19\\\/belluno-si-conferma-una-provincia-sicura-reati-in-diminuzione-nel-2012\\\/\"]}]},{\"@type\":\"ImageObject\",\"inLanguage\":\"fr-FR\",\"@id\":\"https:\\\/\\\/www.bellunopress.it\\\/2012\\\/12\\\/19\\\/belluno-si-conferma-una-provincia-sicura-reati-in-diminuzione-nel-2012\\\/#primaryimage\",\"url\":\"http:\\\/\\\/www.bellunopress.it\\\/wp-content\\\/uploads\\\/2011\\\/01\\\/maria-laura-simonetti-prefetto.jpg\",\"contentUrl\":\"http:\\\/\\\/www.bellunopress.it\\\/wp-content\\\/uploads\\\/2011\\\/01\\\/maria-laura-simonetti-prefetto.jpg\"},{\"@type\":\"BreadcrumbList\",\"@id\":\"https:\\\/\\\/www.bellunopress.it\\\/2012\\\/12\\\/19\\\/belluno-si-conferma-una-provincia-sicura-reati-in-diminuzione-nel-2012\\\/#breadcrumb\",\"itemListElement\":[{\"@type\":\"ListItem\",\"position\":1,\"name\":\"Home\",\"item\":\"https:\\\/\\\/www.bellunopress.it\\\/\"},{\"@type\":\"ListItem\",\"position\":2,\"name\":\"Belluno si conferma una provincia sicura: reati in diminuzione nel 2012\"}]},{\"@type\":\"WebSite\",\"@id\":\"https:\\\/\\\/www.bellunopress.it\\\/#website\",\"url\":\"https:\\\/\\\/www.bellunopress.it\\\/\",\"name\":\"Bellunopress - Dolomiti\",\"description\":\"e-mail: redazione@bellunopress.it\",\"publisher\":{\"@id\":\"https:\\\/\\\/www.bellunopress.it\\\/#organization\"},\"potentialAction\":[{\"@type\":\"SearchAction\",\"target\":{\"@type\":\"EntryPoint\",\"urlTemplate\":\"https:\\\/\\\/www.bellunopress.it\\\/?s={search_term_string}\"},\"query-input\":{\"@type\":\"PropertyValueSpecification\",\"valueRequired\":true,\"valueName\":\"search_term_string\"}}],\"inLanguage\":\"fr-FR\"},{\"@type\":\"Organization\",\"@id\":\"https:\\\/\\\/www.bellunopress.it\\\/#organization\",\"name\":\"Bellunopress\",\"url\":\"https:\\\/\\\/www.bellunopress.it\\\/\",\"logo\":{\"@type\":\"ImageObject\",\"inLanguage\":\"fr-FR\",\"@id\":\"https:\\\/\\\/www.bellunopress.it\\\/#\\\/schema\\\/logo\\\/image\\\/\",\"url\":\"https:\\\/\\\/www.bellunopress.it\\\/wp-content\\\/uploads\\\/2011\\\/05\\\/cropped-logo-bellunopress-.jpg\",\"contentUrl\":\"https:\\\/\\\/www.bellunopress.it\\\/wp-content\\\/uploads\\\/2011\\\/05\\\/cropped-logo-bellunopress-.jpg\",\"width\":512,\"height\":512,\"caption\":\"Bellunopress\"},\"image\":{\"@id\":\"https:\\\/\\\/www.bellunopress.it\\\/#\\\/schema\\\/logo\\\/image\\\/\"},\"sameAs\":[\"https:\\\/\\\/www.facebook.com\\\/profile.php?id=100008943462799\",\"https:\\\/\\\/x.com\\\/bellunopress\",\"https:\\\/\\\/www.linkedin.com\\\/hp\\\/?dnr=JBzUWaJfMUw8vbXJJ2tVW5-I3jZKvC4wsoxE&amp;amp;amp;amp;amp;amp;trk=nav_responsive_tab_home\",\"https:\\\/\\\/www.youtube.com\\\/channel\\\/UCxL0wu1uN0_3_7hGG0306cw\"]},{\"@type\":\"Person\",\"@id\":\"https:\\\/\\\/www.bellunopress.it\\\/#\\\/schema\\\/person\\\/79bb06722b37ece1c03d3e94beb30d73\",\"name\":\"redazione\",\"image\":{\"@type\":\"ImageObject\",\"inLanguage\":\"fr-FR\",\"@id\":\"https:\\\/\\\/secure.gravatar.com\\\/avatar\\\/37d968a2e67a6fd04c169c4bdef102d0bc5d31b2546345219e348575eb80e9a0?s=96&d=mm&r=g\",\"url\":\"https:\\\/\\\/secure.gravatar.com\\\/avatar\\\/37d968a2e67a6fd04c169c4bdef102d0bc5d31b2546345219e348575eb80e9a0?s=96&d=mm&r=g\",\"contentUrl\":\"https:\\\/\\\/secure.gravatar.com\\\/avatar\\\/37d968a2e67a6fd04c169c4bdef102d0bc5d31b2546345219e348575eb80e9a0?s=96&d=mm&r=g\",\"caption\":\"redazione\"},\"sameAs\":[\"http:\\\/\\\/www.bellunopress.it\",\"https:\\\/\\\/x.com\\\/bellunopress\"],\"url\":\"https:\\\/\\\/www.bellunopress.it\\\/fr\\\/author\\\/redazione\\\/\"}]}<\/script>\n<!-- \/ Yoast SEO plugin. -->","yoast_head_json":{"title":"Belluno si conferma una provincia sicura: reati in diminuzione nel 2012  - Bellunopress - Dolomiti","robots":{"index":"index","follow":"follow","max-snippet":"max-snippet:-1","max-image-preview":"max-image-preview:large","max-video-preview":"max-video-preview:-1"},"canonical":"https:\/\/www.bellunopress.it\/fr\/2012\/12\/19\/belluno-si-conferma-una-provincia-sicura-reati-in-diminuzione-nel-2012\/","og_locale":"fr_FR","og_type":"article","og_title":"Belluno si conferma una provincia sicura: reati in diminuzione nel 2012  - Bellunopress - Dolomiti","og_description":"La provincia di Belluno si conferma un territorio sicuro. Lo testimoniano i dati illustrati questa mattina dal prefetto di Belluno Maria Laura Simonetti, nel corso della consueta conferenza di fine anno sulla situazione dell\u2019ordine e della sicurezza pubblica e del soccorso pubblico della provincia, alla quale hanno partecipato il questore e i comandanti delle Forze [&hellip;]","og_url":"https:\/\/www.bellunopress.it\/fr\/2012\/12\/19\/belluno-si-conferma-una-provincia-sicura-reati-in-diminuzione-nel-2012\/","og_site_name":"Bellunopress - Dolomiti","article_publisher":"https:\/\/www.facebook.com\/profile.php?id=100008943462799","article_published_time":"2012-12-19T14:55:52+00:00","og_image":[{"url":"http:\/\/www.bellunopress.it\/wp-content\/uploads\/2011\/01\/maria-laura-simonetti-prefetto.jpg","type":"","width":"","height":""}],"author":"redazione","twitter_card":"summary_large_image","twitter_creator":"@bellunopress","twitter_site":"@bellunopress","twitter_misc":{"\u00c9crit par":"redazione","Dur\u00e9e de lecture estim\u00e9e":"2 minutes"},"schema":{"@context":"https:\/\/schema.org","@graph":[{"@type":"Article","@id":"https:\/\/www.bellunopress.it\/2012\/12\/19\/belluno-si-conferma-una-provincia-sicura-reati-in-diminuzione-nel-2012\/#article","isPartOf":{"@id":"https:\/\/www.bellunopress.it\/2012\/12\/19\/belluno-si-conferma-una-provincia-sicura-reati-in-diminuzione-nel-2012\/"},"author":{"name":"redazione","@id":"https:\/\/www.bellunopress.it\/#\/schema\/person\/79bb06722b37ece1c03d3e94beb30d73"},"headline":"Belluno si conferma una provincia sicura: reati in diminuzione nel 2012","datePublished":"2012-12-19T14:55:52+00:00","mainEntityOfPage":{"@id":"https:\/\/www.bellunopress.it\/2012\/12\/19\/belluno-si-conferma-una-provincia-sicura-reati-in-diminuzione-nel-2012\/"},"wordCount":515,"publisher":{"@id":"https:\/\/www.bellunopress.it\/#organization"},"image":{"@id":"https:\/\/www.bellunopress.it\/2012\/12\/19\/belluno-si-conferma-una-provincia-sicura-reati-in-diminuzione-nel-2012\/#primaryimage"},"thumbnailUrl":"http:\/\/www.bellunopress.it\/wp-content\/uploads\/2011\/01\/maria-laura-simonetti-prefetto.jpg","articleSection":["Lettere Opinioni"],"inLanguage":"fr-FR"},{"@type":"WebPage","@id":"https:\/\/www.bellunopress.it\/2012\/12\/19\/belluno-si-conferma-una-provincia-sicura-reati-in-diminuzione-nel-2012\/","url":"https:\/\/www.bellunopress.it\/2012\/12\/19\/belluno-si-conferma-una-provincia-sicura-reati-in-diminuzione-nel-2012\/","name":"Belluno si conferma una provincia sicura: reati in diminuzione nel 2012 - Bellunopress - Dolomiti","isPartOf":{"@id":"https:\/\/www.bellunopress.it\/#website"},"primaryImageOfPage":{"@id":"https:\/\/www.bellunopress.it\/2012\/12\/19\/belluno-si-conferma-una-provincia-sicura-reati-in-diminuzione-nel-2012\/#primaryimage"},"image":{"@id":"https:\/\/www.bellunopress.it\/2012\/12\/19\/belluno-si-conferma-una-provincia-sicura-reati-in-diminuzione-nel-2012\/#primaryimage"},"thumbnailUrl":"http:\/\/www.bellunopress.it\/wp-content\/uploads\/2011\/01\/maria-laura-simonetti-prefetto.jpg","datePublished":"2012-12-19T14:55:52+00:00","breadcrumb":{"@id":"https:\/\/www.bellunopress.it\/2012\/12\/19\/belluno-si-conferma-una-provincia-sicura-reati-in-diminuzione-nel-2012\/#breadcrumb"},"inLanguage":"fr-FR","potentialAction":[{"@type":"ReadAction","target":["https:\/\/www.bellunopress.it\/2012\/12\/19\/belluno-si-conferma-una-provincia-sicura-reati-in-diminuzione-nel-2012\/"]}]},{"@type":"ImageObject","inLanguage":"fr-FR","@id":"https:\/\/www.bellunopress.it\/2012\/12\/19\/belluno-si-conferma-una-provincia-sicura-reati-in-diminuzione-nel-2012\/#primaryimage","url":"http:\/\/www.bellunopress.it\/wp-content\/uploads\/2011\/01\/maria-laura-simonetti-prefetto.jpg","contentUrl":"http:\/\/www.bellunopress.it\/wp-content\/uploads\/2011\/01\/maria-laura-simonetti-prefetto.jpg"},{"@type":"BreadcrumbList","@id":"https:\/\/www.bellunopress.it\/2012\/12\/19\/belluno-si-conferma-una-provincia-sicura-reati-in-diminuzione-nel-2012\/#breadcrumb","itemListElement":[{"@type":"ListItem","position":1,"name":"Home","item":"https:\/\/www.bellunopress.it\/"},{"@type":"ListItem","position":2,"name":"Belluno si conferma una provincia sicura: reati in diminuzione nel 2012"}]},{"@type":"WebSite","@id":"https:\/\/www.bellunopress.it\/#website","url":"https:\/\/www.bellunopress.it\/","name":"Bellunopress - Dolomiti","description":"e-mail: redazione@bellunopress.it","publisher":{"@id":"https:\/\/www.bellunopress.it\/#organization"},"potentialAction":[{"@type":"SearchAction","target":{"@type":"EntryPoint","urlTemplate":"https:\/\/www.bellunopress.it\/?s={search_term_string}"},"query-input":{"@type":"PropertyValueSpecification","valueRequired":true,"valueName":"search_term_string"}}],"inLanguage":"fr-FR"},{"@type":"Organization","@id":"https:\/\/www.bellunopress.it\/#organization","name":"Bellunopress","url":"https:\/\/www.bellunopress.it\/","logo":{"@type":"ImageObject","inLanguage":"fr-FR","@id":"https:\/\/www.bellunopress.it\/#\/schema\/logo\/image\/","url":"https:\/\/www.bellunopress.it\/wp-content\/uploads\/2011\/05\/cropped-logo-bellunopress-.jpg","contentUrl":"https:\/\/www.bellunopress.it\/wp-content\/uploads\/2011\/05\/cropped-logo-bellunopress-.jpg","width":512,"height":512,"caption":"Bellunopress"},"image":{"@id":"https:\/\/www.bellunopress.it\/#\/schema\/logo\/image\/"},"sameAs":["https:\/\/www.facebook.com\/profile.php?id=100008943462799","https:\/\/x.com\/bellunopress","https:\/\/www.linkedin.com\/hp\/?dnr=JBzUWaJfMUw8vbXJJ2tVW5-I3jZKvC4wsoxE&amp;amp;amp;amp;amp;amp;trk=nav_responsive_tab_home","https:\/\/www.youtube.com\/channel\/UCxL0wu1uN0_3_7hGG0306cw"]},{"@type":"Person","@id":"https:\/\/www.bellunopress.it\/#\/schema\/person\/79bb06722b37ece1c03d3e94beb30d73","name":"r\u00e9daction","image":{"@type":"ImageObject","inLanguage":"fr-FR","@id":"https:\/\/secure.gravatar.com\/avatar\/37d968a2e67a6fd04c169c4bdef102d0bc5d31b2546345219e348575eb80e9a0?s=96&d=mm&r=g","url":"https:\/\/secure.gravatar.com\/avatar\/37d968a2e67a6fd04c169c4bdef102d0bc5d31b2546345219e348575eb80e9a0?s=96&d=mm&r=g","contentUrl":"https:\/\/secure.gravatar.com\/avatar\/37d968a2e67a6fd04c169c4bdef102d0bc5d31b2546345219e348575eb80e9a0?s=96&d=mm&r=g","caption":"redazione"},"sameAs":["http:\/\/www.bellunopress.it","https:\/\/x.com\/bellunopress"],"url":"https:\/\/www.bellunopress.it\/fr\/author\/redazione\/"}]}},"_links":{"self":[{"href":"https:\/\/www.bellunopress.it\/fr\/wp-json\/wp\/v2\/posts\/44961","targetHints":{"allow":["GET"]}}],"collection":[{"href":"https:\/\/www.bellunopress.it\/fr\/wp-json\/wp\/v2\/posts"}],"about":[{"href":"https:\/\/www.bellunopress.it\/fr\/wp-json\/wp\/v2\/types\/post"}],"author":[{"embeddable":true,"href":"https:\/\/www.bellunopress.it\/fr\/wp-json\/wp\/v2\/users\/2"}],"replies":[{"embeddable":true,"href":"https:\/\/www.bellunopress.it\/fr\/wp-json\/wp\/v2\/comments?post=44961"}],"version-history":[{"count":2,"href":"https:\/\/www.bellunopress.it\/fr\/wp-json\/wp\/v2\/posts\/44961\/revisions"}],"predecessor-version":[{"id":44963,"href":"https:\/\/www.bellunopress.it\/fr\/wp-json\/wp\/v2\/posts\/44961\/revisions\/44963"}],"wp:attachment":[{"href":"https:\/\/www.bellunopress.it\/fr\/wp-json\/wp\/v2\/media?parent=44961"}],"wp:term":[{"taxonomy":"category","embeddable":true,"href":"https:\/\/www.bellunopress.it\/fr\/wp-json\/wp\/v2\/categories?post=44961"},{"taxonomy":"post_tag","embeddable":true,"href":"https:\/\/www.bellunopress.it\/fr\/wp-json\/wp\/v2\/tags?post=44961"}],"curies":[{"name":"wp","href":"https:\/\/api.w.org\/{rel}","templated":true}]}}