{"id":44948,"date":"2012-12-18T20:58:14","date_gmt":"2012-12-18T19:58:14","guid":{"rendered":"http:\/\/www.bellunopress.it\/?p=44948"},"modified":"2012-12-18T20:58:14","modified_gmt":"2012-12-18T19:58:14","slug":"approvati-i-bandi-per-limprenditoria-giovanile-e-femminile","status":"publish","type":"post","link":"https:\/\/www.bellunopress.it\/fr\/2012\/12\/18\/approvati-i-bandi-per-limprenditoria-giovanile-e-femminile\/","title":{"rendered":"Approvati i bandi per l&#8217;imprenditoria giovanile e femminile"},"content":{"rendered":"<figure id=\"attachment_10956\" aria-describedby=\"caption-attachment-10956\" style=\"width: 100px\" class=\"wp-caption alignleft\"><a href=\"http:\/\/www.bellunopress.it\/wp-content\/uploads\/2009\/12\/isi-coppola-1.jpg\"><img loading=\"lazy\" decoding=\"async\" class=\"size-full wp-image-10956\" alt=\"Isi Coppola\" src=\"http:\/\/www.bellunopress.it\/wp-content\/uploads\/2009\/12\/isi-coppola-1.jpg\" width=\"100\" height=\"116\" \/><\/a><figcaption id=\"caption-attachment-10956\" class=\"wp-caption-text\">Isi Coppola<\/figcaption><\/figure>\n<p>La giunta regionale ha approvato oggi in via ufficiale i nuovi bandi a favore dell\u2019imprenditoria femminile e giovanile. Lo ha reso noto l\u2019assessore all\u2019economia, sviluppo, ricerca e innovazione Isi Coppola al termine della consueta seduta settimanale. L\u2019assessore ha ricordato che i bandi erano stati presentati marted\u00ec scorso a Vicenza, di fronte a una platea soprattutto di giovani e imprenditori, con una formula completamente nuova che ha visto l\u2019utilizzo, tra l\u2019altro, di strumenti come Facebook e Twitter.<\/p>\n<p>L\u2019assessore ha fatto presente che i bandi sono rivolti alle nuove PMI, con sede in Veneto, nate dopo l\u20191 luglio 2011 (sia imprese individuali, cooperative, consorzi, societ\u00e0 di persone, di capitali) e prevedono 5 milioni a fondo perduto per investimenti delle nuove PMI a prevalente partecipazione giovanile e altri 5 milione di euro per PMI a prevalente partecipazione femminile. Il finanziamento coprir\u00e0 le spese ammissibili al massimo per il 50% (max di 10 mila euro per spese fino a 20 mila euro, e max 75 mila euro per spese fino a 150 mila). Le domande vanno presentate a partire dal 4 febbraio.<\/p>\n<p>La modalit\u00e0 di ricevimento sar\u00e0 quella \u201ca sportello\u201d senza cio\u00e8 scadenze temporali per la presentazione. \u201cE\u2019 una modalit\u00e0 \u2013 ha detto l\u2019assessore &#8211; che ha gi\u00e0 dato ottimi risultati, proprio perch\u00e9 consente di prendere in esame subito le domande e di dare una risposta tempestiva alle imprese\u201d<\/p>\n<p>&nbsp;<\/p>","protected":false},"excerpt":{"rendered":"<p>La giunta regionale ha approvato oggi in via ufficiale i nuovi bandi a favore dell\u2019imprenditoria femminile e giovanile. Lo ha reso noto l\u2019assessore all\u2019economia, sviluppo, ricerca e innovazione Isi Coppola al termine della consueta seduta settimanale. L\u2019assessore ha ricordato che i bandi erano stati presentati marted\u00ec scorso a Vicenza, di fronte a una platea soprattutto [&hellip;]<\/p>\n","protected":false},"author":2,"featured_media":0,"comment_status":"closed","ping_status":"open","sticky":false,"template":"","format":"standard","meta":{"footnotes":""},"categories":[5,36,26],"tags":[],"class_list":["post-44948","post","type-post","status-publish","format-standard","category-cronaca","category-lavoro-economia","category-prima-pagina"],"yoast_head":"<!-- This site is optimized with the Yoast SEO plugin v28.4 - https:\/\/yoast.com\/product\/yoast-seo-wordpress\/ -->\n<title>Approvati i bandi per l&#039;imprenditoria giovanile e femminile - Bellunopress - Dolomiti<\/title>\n<meta name=\"robots\" content=\"index, follow, max-snippet:-1, max-image-preview:large, max-video-preview:-1\" \/>\n<link rel=\"canonical\" href=\"https:\/\/www.bellunopress.it\/fr\/2012\/12\/18\/approvati-i-bandi-per-limprenditoria-giovanile-e-femminile\/\" \/>\n<meta property=\"og:locale\" content=\"fr_FR\" \/>\n<meta property=\"og:type\" content=\"article\" \/>\n<meta property=\"og:title\" content=\"Approvati i bandi per l&#039;imprenditoria giovanile e femminile - Bellunopress - Dolomiti\" \/>\n<meta property=\"og:description\" content=\"La giunta regionale ha approvato oggi in via ufficiale i nuovi bandi a favore dell\u2019imprenditoria femminile e giovanile. Lo ha reso noto l\u2019assessore all\u2019economia, sviluppo, ricerca e innovazione Isi Coppola al termine della consueta seduta settimanale. L\u2019assessore ha ricordato che i bandi erano stati presentati marted\u00ec scorso a Vicenza, di fronte a una platea soprattutto [&hellip;]\" \/>\n<meta property=\"og:url\" content=\"https:\/\/www.bellunopress.it\/fr\/2012\/12\/18\/approvati-i-bandi-per-limprenditoria-giovanile-e-femminile\/\" \/>\n<meta property=\"og:site_name\" content=\"Bellunopress - Dolomiti\" \/>\n<meta property=\"article:publisher\" content=\"https:\/\/www.facebook.com\/profile.php?id=100008943462799\" \/>\n<meta property=\"article:published_time\" content=\"2012-12-18T19:58:14+00:00\" \/>\n<meta property=\"og:image\" content=\"http:\/\/www.bellunopress.it\/wp-content\/uploads\/2009\/12\/isi-coppola-1.jpg\" \/>\n<meta name=\"author\" content=\"redazione\" \/>\n<meta name=\"twitter:card\" content=\"summary_large_image\" \/>\n<meta name=\"twitter:creator\" content=\"@bellunopress\" \/>\n<meta name=\"twitter:site\" content=\"@bellunopress\" \/>\n<meta name=\"twitter:label1\" content=\"\u00c9crit par\" \/>\n\t<meta name=\"twitter:data1\" content=\"redazione\" \/>\n\t<meta name=\"twitter:label2\" content=\"Dur\u00e9e de lecture estim\u00e9e\" \/>\n\t<meta name=\"twitter:data2\" content=\"1 minute\" \/>\n<script type=\"application\/ld+json\" class=\"yoast-schema-graph\">{\"@context\":\"https:\\\/\\\/schema.org\",\"@graph\":[{\"@type\":\"Article\",\"@id\":\"https:\\\/\\\/www.bellunopress.it\\\/2012\\\/12\\\/18\\\/approvati-i-bandi-per-limprenditoria-giovanile-e-femminile\\\/#article\",\"isPartOf\":{\"@id\":\"https:\\\/\\\/www.bellunopress.it\\\/2012\\\/12\\\/18\\\/approvati-i-bandi-per-limprenditoria-giovanile-e-femminile\\\/\"},\"author\":{\"name\":\"redazione\",\"@id\":\"https:\\\/\\\/www.bellunopress.it\\\/#\\\/schema\\\/person\\\/79bb06722b37ece1c03d3e94beb30d73\"},\"headline\":\"Approvati i bandi per l&#8217;imprenditoria giovanile e femminile\",\"datePublished\":\"2012-12-18T19:58:14+00:00\",\"mainEntityOfPage\":{\"@id\":\"https:\\\/\\\/www.bellunopress.it\\\/2012\\\/12\\\/18\\\/approvati-i-bandi-per-limprenditoria-giovanile-e-femminile\\\/\"},\"wordCount\":242,\"publisher\":{\"@id\":\"https:\\\/\\\/www.bellunopress.it\\\/#organization\"},\"image\":{\"@id\":\"https:\\\/\\\/www.bellunopress.it\\\/2012\\\/12\\\/18\\\/approvati-i-bandi-per-limprenditoria-giovanile-e-femminile\\\/#primaryimage\"},\"thumbnailUrl\":\"http:\\\/\\\/www.bellunopress.it\\\/wp-content\\\/uploads\\\/2009\\\/12\\\/isi-coppola-1.jpg\",\"articleSection\":[\"Cronaca\\\/Politica\",\"Lavoro, Economia, Turismo\",\"Prima Pagina\"],\"inLanguage\":\"fr-FR\"},{\"@type\":\"WebPage\",\"@id\":\"https:\\\/\\\/www.bellunopress.it\\\/2012\\\/12\\\/18\\\/approvati-i-bandi-per-limprenditoria-giovanile-e-femminile\\\/\",\"url\":\"https:\\\/\\\/www.bellunopress.it\\\/2012\\\/12\\\/18\\\/approvati-i-bandi-per-limprenditoria-giovanile-e-femminile\\\/\",\"name\":\"Approvati i bandi per l'imprenditoria giovanile e femminile - Bellunopress - Dolomiti\",\"isPartOf\":{\"@id\":\"https:\\\/\\\/www.bellunopress.it\\\/#website\"},\"primaryImageOfPage\":{\"@id\":\"https:\\\/\\\/www.bellunopress.it\\\/2012\\\/12\\\/18\\\/approvati-i-bandi-per-limprenditoria-giovanile-e-femminile\\\/#primaryimage\"},\"image\":{\"@id\":\"https:\\\/\\\/www.bellunopress.it\\\/2012\\\/12\\\/18\\\/approvati-i-bandi-per-limprenditoria-giovanile-e-femminile\\\/#primaryimage\"},\"thumbnailUrl\":\"http:\\\/\\\/www.bellunopress.it\\\/wp-content\\\/uploads\\\/2009\\\/12\\\/isi-coppola-1.jpg\",\"datePublished\":\"2012-12-18T19:58:14+00:00\",\"breadcrumb\":{\"@id\":\"https:\\\/\\\/www.bellunopress.it\\\/2012\\\/12\\\/18\\\/approvati-i-bandi-per-limprenditoria-giovanile-e-femminile\\\/#breadcrumb\"},\"inLanguage\":\"fr-FR\",\"potentialAction\":[{\"@type\":\"ReadAction\",\"target\":[\"https:\\\/\\\/www.bellunopress.it\\\/2012\\\/12\\\/18\\\/approvati-i-bandi-per-limprenditoria-giovanile-e-femminile\\\/\"]}]},{\"@type\":\"ImageObject\",\"inLanguage\":\"fr-FR\",\"@id\":\"https:\\\/\\\/www.bellunopress.it\\\/2012\\\/12\\\/18\\\/approvati-i-bandi-per-limprenditoria-giovanile-e-femminile\\\/#primaryimage\",\"url\":\"http:\\\/\\\/www.bellunopress.it\\\/wp-content\\\/uploads\\\/2009\\\/12\\\/isi-coppola-1.jpg\",\"contentUrl\":\"http:\\\/\\\/www.bellunopress.it\\\/wp-content\\\/uploads\\\/2009\\\/12\\\/isi-coppola-1.jpg\"},{\"@type\":\"BreadcrumbList\",\"@id\":\"https:\\\/\\\/www.bellunopress.it\\\/2012\\\/12\\\/18\\\/approvati-i-bandi-per-limprenditoria-giovanile-e-femminile\\\/#breadcrumb\",\"itemListElement\":[{\"@type\":\"ListItem\",\"position\":1,\"name\":\"Home\",\"item\":\"https:\\\/\\\/www.bellunopress.it\\\/\"},{\"@type\":\"ListItem\",\"position\":2,\"name\":\"Approvati i bandi per l&#8217;imprenditoria giovanile e femminile\"}]},{\"@type\":\"WebSite\",\"@id\":\"https:\\\/\\\/www.bellunopress.it\\\/#website\",\"url\":\"https:\\\/\\\/www.bellunopress.it\\\/\",\"name\":\"Bellunopress - Dolomiti\",\"description\":\"e-mail: redazione@bellunopress.it\",\"publisher\":{\"@id\":\"https:\\\/\\\/www.bellunopress.it\\\/#organization\"},\"potentialAction\":[{\"@type\":\"SearchAction\",\"target\":{\"@type\":\"EntryPoint\",\"urlTemplate\":\"https:\\\/\\\/www.bellunopress.it\\\/?s={search_term_string}\"},\"query-input\":{\"@type\":\"PropertyValueSpecification\",\"valueRequired\":true,\"valueName\":\"search_term_string\"}}],\"inLanguage\":\"fr-FR\"},{\"@type\":\"Organization\",\"@id\":\"https:\\\/\\\/www.bellunopress.it\\\/#organization\",\"name\":\"Bellunopress\",\"url\":\"https:\\\/\\\/www.bellunopress.it\\\/\",\"logo\":{\"@type\":\"ImageObject\",\"inLanguage\":\"fr-FR\",\"@id\":\"https:\\\/\\\/www.bellunopress.it\\\/#\\\/schema\\\/logo\\\/image\\\/\",\"url\":\"https:\\\/\\\/www.bellunopress.it\\\/wp-content\\\/uploads\\\/2011\\\/05\\\/cropped-logo-bellunopress-.jpg\",\"contentUrl\":\"https:\\\/\\\/www.bellunopress.it\\\/wp-content\\\/uploads\\\/2011\\\/05\\\/cropped-logo-bellunopress-.jpg\",\"width\":512,\"height\":512,\"caption\":\"Bellunopress\"},\"image\":{\"@id\":\"https:\\\/\\\/www.bellunopress.it\\\/#\\\/schema\\\/logo\\\/image\\\/\"},\"sameAs\":[\"https:\\\/\\\/www.facebook.com\\\/profile.php?id=100008943462799\",\"https:\\\/\\\/x.com\\\/bellunopress\",\"https:\\\/\\\/www.linkedin.com\\\/hp\\\/?dnr=JBzUWaJfMUw8vbXJJ2tVW5-I3jZKvC4wsoxE&amp;amp;amp;amp;amp;amp;trk=nav_responsive_tab_home\",\"https:\\\/\\\/www.youtube.com\\\/channel\\\/UCxL0wu1uN0_3_7hGG0306cw\"]},{\"@type\":\"Person\",\"@id\":\"https:\\\/\\\/www.bellunopress.it\\\/#\\\/schema\\\/person\\\/79bb06722b37ece1c03d3e94beb30d73\",\"name\":\"redazione\",\"image\":{\"@type\":\"ImageObject\",\"inLanguage\":\"fr-FR\",\"@id\":\"https:\\\/\\\/secure.gravatar.com\\\/avatar\\\/37d968a2e67a6fd04c169c4bdef102d0bc5d31b2546345219e348575eb80e9a0?s=96&d=mm&r=g\",\"url\":\"https:\\\/\\\/secure.gravatar.com\\\/avatar\\\/37d968a2e67a6fd04c169c4bdef102d0bc5d31b2546345219e348575eb80e9a0?s=96&d=mm&r=g\",\"contentUrl\":\"https:\\\/\\\/secure.gravatar.com\\\/avatar\\\/37d968a2e67a6fd04c169c4bdef102d0bc5d31b2546345219e348575eb80e9a0?s=96&d=mm&r=g\",\"caption\":\"redazione\"},\"sameAs\":[\"http:\\\/\\\/www.bellunopress.it\",\"https:\\\/\\\/x.com\\\/bellunopress\"],\"url\":\"https:\\\/\\\/www.bellunopress.it\\\/fr\\\/author\\\/redazione\\\/\"}]}<\/script>\n<!-- \/ Yoast SEO plugin. -->","yoast_head_json":{"title":"Approvati i bandi per l'imprenditoria giovanile e femminile - Bellunopress - Dolomiti","robots":{"index":"index","follow":"follow","max-snippet":"max-snippet:-1","max-image-preview":"max-image-preview:large","max-video-preview":"max-video-preview:-1"},"canonical":"https:\/\/www.bellunopress.it\/fr\/2012\/12\/18\/approvati-i-bandi-per-limprenditoria-giovanile-e-femminile\/","og_locale":"fr_FR","og_type":"article","og_title":"Approvati i bandi per l'imprenditoria giovanile e femminile - Bellunopress - Dolomiti","og_description":"La giunta regionale ha approvato oggi in via ufficiale i nuovi bandi a favore dell\u2019imprenditoria femminile e giovanile. Lo ha reso noto l\u2019assessore all\u2019economia, sviluppo, ricerca e innovazione Isi Coppola al termine della consueta seduta settimanale. L\u2019assessore ha ricordato che i bandi erano stati presentati marted\u00ec scorso a Vicenza, di fronte a una platea soprattutto [&hellip;]","og_url":"https:\/\/www.bellunopress.it\/fr\/2012\/12\/18\/approvati-i-bandi-per-limprenditoria-giovanile-e-femminile\/","og_site_name":"Bellunopress - Dolomiti","article_publisher":"https:\/\/www.facebook.com\/profile.php?id=100008943462799","article_published_time":"2012-12-18T19:58:14+00:00","og_image":[{"url":"http:\/\/www.bellunopress.it\/wp-content\/uploads\/2009\/12\/isi-coppola-1.jpg","type":"","width":"","height":""}],"author":"redazione","twitter_card":"summary_large_image","twitter_creator":"@bellunopress","twitter_site":"@bellunopress","twitter_misc":{"\u00c9crit par":"redazione","Dur\u00e9e de lecture estim\u00e9e":"1 minute"},"schema":{"@context":"https:\/\/schema.org","@graph":[{"@type":"Article","@id":"https:\/\/www.bellunopress.it\/2012\/12\/18\/approvati-i-bandi-per-limprenditoria-giovanile-e-femminile\/#article","isPartOf":{"@id":"https:\/\/www.bellunopress.it\/2012\/12\/18\/approvati-i-bandi-per-limprenditoria-giovanile-e-femminile\/"},"author":{"name":"redazione","@id":"https:\/\/www.bellunopress.it\/#\/schema\/person\/79bb06722b37ece1c03d3e94beb30d73"},"headline":"Approvati i bandi per l&#8217;imprenditoria giovanile e femminile","datePublished":"2012-12-18T19:58:14+00:00","mainEntityOfPage":{"@id":"https:\/\/www.bellunopress.it\/2012\/12\/18\/approvati-i-bandi-per-limprenditoria-giovanile-e-femminile\/"},"wordCount":242,"publisher":{"@id":"https:\/\/www.bellunopress.it\/#organization"},"image":{"@id":"https:\/\/www.bellunopress.it\/2012\/12\/18\/approvati-i-bandi-per-limprenditoria-giovanile-e-femminile\/#primaryimage"},"thumbnailUrl":"http:\/\/www.bellunopress.it\/wp-content\/uploads\/2009\/12\/isi-coppola-1.jpg","articleSection":["Cronaca\/Politica","Lavoro, Economia, Turismo","Prima Pagina"],"inLanguage":"fr-FR"},{"@type":"WebPage","@id":"https:\/\/www.bellunopress.it\/2012\/12\/18\/approvati-i-bandi-per-limprenditoria-giovanile-e-femminile\/","url":"https:\/\/www.bellunopress.it\/2012\/12\/18\/approvati-i-bandi-per-limprenditoria-giovanile-e-femminile\/","name":"Approvati i bandi per l'imprenditoria giovanile e femminile - Bellunopress - Dolomiti","isPartOf":{"@id":"https:\/\/www.bellunopress.it\/#website"},"primaryImageOfPage":{"@id":"https:\/\/www.bellunopress.it\/2012\/12\/18\/approvati-i-bandi-per-limprenditoria-giovanile-e-femminile\/#primaryimage"},"image":{"@id":"https:\/\/www.bellunopress.it\/2012\/12\/18\/approvati-i-bandi-per-limprenditoria-giovanile-e-femminile\/#primaryimage"},"thumbnailUrl":"http:\/\/www.bellunopress.it\/wp-content\/uploads\/2009\/12\/isi-coppola-1.jpg","datePublished":"2012-12-18T19:58:14+00:00","breadcrumb":{"@id":"https:\/\/www.bellunopress.it\/2012\/12\/18\/approvati-i-bandi-per-limprenditoria-giovanile-e-femminile\/#breadcrumb"},"inLanguage":"fr-FR","potentialAction":[{"@type":"ReadAction","target":["https:\/\/www.bellunopress.it\/2012\/12\/18\/approvati-i-bandi-per-limprenditoria-giovanile-e-femminile\/"]}]},{"@type":"ImageObject","inLanguage":"fr-FR","@id":"https:\/\/www.bellunopress.it\/2012\/12\/18\/approvati-i-bandi-per-limprenditoria-giovanile-e-femminile\/#primaryimage","url":"http:\/\/www.bellunopress.it\/wp-content\/uploads\/2009\/12\/isi-coppola-1.jpg","contentUrl":"http:\/\/www.bellunopress.it\/wp-content\/uploads\/2009\/12\/isi-coppola-1.jpg"},{"@type":"BreadcrumbList","@id":"https:\/\/www.bellunopress.it\/2012\/12\/18\/approvati-i-bandi-per-limprenditoria-giovanile-e-femminile\/#breadcrumb","itemListElement":[{"@type":"ListItem","position":1,"name":"Home","item":"https:\/\/www.bellunopress.it\/"},{"@type":"ListItem","position":2,"name":"Approvati i bandi per l&#8217;imprenditoria giovanile e femminile"}]},{"@type":"WebSite","@id":"https:\/\/www.bellunopress.it\/#website","url":"https:\/\/www.bellunopress.it\/","name":"Bellunopress - Dolomiti","description":"e-mail: redazione@bellunopress.it","publisher":{"@id":"https:\/\/www.bellunopress.it\/#organization"},"potentialAction":[{"@type":"SearchAction","target":{"@type":"EntryPoint","urlTemplate":"https:\/\/www.bellunopress.it\/?s={search_term_string}"},"query-input":{"@type":"PropertyValueSpecification","valueRequired":true,"valueName":"search_term_string"}}],"inLanguage":"fr-FR"},{"@type":"Organization","@id":"https:\/\/www.bellunopress.it\/#organization","name":"Bellunopress","url":"https:\/\/www.bellunopress.it\/","logo":{"@type":"ImageObject","inLanguage":"fr-FR","@id":"https:\/\/www.bellunopress.it\/#\/schema\/logo\/image\/","url":"https:\/\/www.bellunopress.it\/wp-content\/uploads\/2011\/05\/cropped-logo-bellunopress-.jpg","contentUrl":"https:\/\/www.bellunopress.it\/wp-content\/uploads\/2011\/05\/cropped-logo-bellunopress-.jpg","width":512,"height":512,"caption":"Bellunopress"},"image":{"@id":"https:\/\/www.bellunopress.it\/#\/schema\/logo\/image\/"},"sameAs":["https:\/\/www.facebook.com\/profile.php?id=100008943462799","https:\/\/x.com\/bellunopress","https:\/\/www.linkedin.com\/hp\/?dnr=JBzUWaJfMUw8vbXJJ2tVW5-I3jZKvC4wsoxE&amp;amp;amp;amp;amp;amp;trk=nav_responsive_tab_home","https:\/\/www.youtube.com\/channel\/UCxL0wu1uN0_3_7hGG0306cw"]},{"@type":"Person","@id":"https:\/\/www.bellunopress.it\/#\/schema\/person\/79bb06722b37ece1c03d3e94beb30d73","name":"r\u00e9daction","image":{"@type":"ImageObject","inLanguage":"fr-FR","@id":"https:\/\/secure.gravatar.com\/avatar\/37d968a2e67a6fd04c169c4bdef102d0bc5d31b2546345219e348575eb80e9a0?s=96&d=mm&r=g","url":"https:\/\/secure.gravatar.com\/avatar\/37d968a2e67a6fd04c169c4bdef102d0bc5d31b2546345219e348575eb80e9a0?s=96&d=mm&r=g","contentUrl":"https:\/\/secure.gravatar.com\/avatar\/37d968a2e67a6fd04c169c4bdef102d0bc5d31b2546345219e348575eb80e9a0?s=96&d=mm&r=g","caption":"redazione"},"sameAs":["http:\/\/www.bellunopress.it","https:\/\/x.com\/bellunopress"],"url":"https:\/\/www.bellunopress.it\/fr\/author\/redazione\/"}]}},"_links":{"self":[{"href":"https:\/\/www.bellunopress.it\/fr\/wp-json\/wp\/v2\/posts\/44948","targetHints":{"allow":["GET"]}}],"collection":[{"href":"https:\/\/www.bellunopress.it\/fr\/wp-json\/wp\/v2\/posts"}],"about":[{"href":"https:\/\/www.bellunopress.it\/fr\/wp-json\/wp\/v2\/types\/post"}],"author":[{"embeddable":true,"href":"https:\/\/www.bellunopress.it\/fr\/wp-json\/wp\/v2\/users\/2"}],"replies":[{"embeddable":true,"href":"https:\/\/www.bellunopress.it\/fr\/wp-json\/wp\/v2\/comments?post=44948"}],"version-history":[{"count":1,"href":"https:\/\/www.bellunopress.it\/fr\/wp-json\/wp\/v2\/posts\/44948\/revisions"}],"predecessor-version":[{"id":44949,"href":"https:\/\/www.bellunopress.it\/fr\/wp-json\/wp\/v2\/posts\/44948\/revisions\/44949"}],"wp:attachment":[{"href":"https:\/\/www.bellunopress.it\/fr\/wp-json\/wp\/v2\/media?parent=44948"}],"wp:term":[{"taxonomy":"category","embeddable":true,"href":"https:\/\/www.bellunopress.it\/fr\/wp-json\/wp\/v2\/categories?post=44948"},{"taxonomy":"post_tag","embeddable":true,"href":"https:\/\/www.bellunopress.it\/fr\/wp-json\/wp\/v2\/tags?post=44948"}],"curies":[{"name":"wp","href":"https:\/\/api.w.org\/{rel}","templated":true}]}}