{"id":44946,"date":"2012-12-20T17:30:22","date_gmt":"2012-12-20T16:30:22","guid":{"rendered":"http:\/\/www.bellunopress.it\/?p=44946"},"modified":"2012-12-20T17:38:11","modified_gmt":"2012-12-20T16:38:11","slug":"venerdi-in-biblioteca-leggere-irene-nemirowsky","status":"publish","type":"post","link":"https:\/\/www.bellunopress.it\/fr\/2012\/12\/20\/venerdi-in-biblioteca-leggere-irene-nemirowsky\/","title":{"rendered":"Venerd\u00ec in Biblioteca: leggere Ir\u00e8ne N\u00e9mirowsky"},"content":{"rendered":"<p>Un\u2019occasione per scoprire o approfondire una grande scrittrice del Novecento europeo, Ir\u00e8ne N\u00e9mirowskj. E\u2019 una delle proposte della Biblioteca civica di Belluno per la conoscenza della letteratura internazionale: ritrovarsi in gruppo per leggere insieme racconti e pagine di narrativa di autori da tutto il mondo. Nata in Ucraina a Kiev nel 1903, di religione ebraica convertitasi poi al cattolicesimo nel 1939, ha vissuto e lavorato in Francia. Arrestata dai nazisti, in quanto ebrea, Ir\u00e8ne N\u00e9mirovsky fu deportata nel luglio del 1942 ad Auschwitz, dove mor\u00ec un mese pi\u00f9 tardi di tifo. Anche il marito, Michel Epstein, che aveva cercato di farla liberare, verr\u00e0 ucciso con il gas nel novembre dello stesso anno al suo arrivo ad Auschwitz. Dal 2005 la casa editrice Adelphi ha iniziato a pubblicare le sue opere, con grande successo anche tra i lettori italiani.<\/p>\n<figure id=\"attachment_10610\" aria-describedby=\"caption-attachment-10610\" style=\"width: 270px\" class=\"wp-caption alignleft\"><a href=\"http:\/\/www.bellunopress.it\/wp-content\/uploads\/2009\/12\/crepadona.jpg\"><img loading=\"lazy\" decoding=\"async\" class=\"size-full wp-image-10610\" alt=\"Palazzo Crepadona via Ripa Belluno\" src=\"http:\/\/www.bellunopress.it\/wp-content\/uploads\/2009\/12\/crepadona.jpg\" width=\"270\" height=\"202\" \/><\/a><figcaption id=\"caption-attachment-10610\" class=\"wp-caption-text\">Palazzo Crepadona via Ripa Belluno<\/figcaption><\/figure>\n<p>L\u2019iniziativa in suo onore, che sar\u00e0 curata da Annarita Capraro, si svolger\u00e0 venerd\u00ec 21 dicembre dalle h. 18.00 alle h. 19.00, presso la sala Giuliano Procacci della Biblioteca civica di Belluno.<\/p>\n<p>La partecipazione \u00e8 libera e aperta a tutti coloro che sono interessati a condividere e commentare opere della letteratura.<\/p>\n<p>&nbsp;<\/p>\n<p>Per ogni ulteriore info rivolgersi in Biblioteca o al tel. 0437948093 o biblioteca@comune.belluno.it.<\/p>\n<p>&nbsp;<\/p>","protected":false},"excerpt":{"rendered":"<p>Un\u2019occasione per scoprire o approfondire una grande scrittrice del Novecento europeo, Ir\u00e8ne N\u00e9mirowskj. E\u2019 una delle proposte della Biblioteca civica di Belluno per la conoscenza della letteratura internazionale: ritrovarsi in gruppo per leggere insieme racconti e pagine di narrativa di autori da tutto il mondo. Nata in Ucraina a Kiev nel 1903, di religione ebraica [&hellip;]<\/p>\n","protected":false},"author":2,"featured_media":0,"comment_status":"closed","ping_status":"open","sticky":false,"template":"","format":"standard","meta":{"footnotes":""},"categories":[27,3,25],"tags":[],"class_list":["post-44946","post","type-post","status-publish","format-standard","category-appuntamenti","category-arte-cultura-spettacoli-scienza-archivi","category-pausa-caffe"],"yoast_head":"<!-- This site is optimized with the Yoast SEO plugin v28.4 - https:\/\/yoast.com\/product\/yoast-seo-wordpress\/ -->\n<title>Venerd\u00ec in Biblioteca: leggere Ir\u00e8ne N\u00e9mirowsky - Bellunopress - Dolomiti<\/title>\n<meta name=\"robots\" content=\"index, follow, max-snippet:-1, max-image-preview:large, max-video-preview:-1\" \/>\n<link rel=\"canonical\" href=\"https:\/\/www.bellunopress.it\/fr\/2012\/12\/20\/venerdi-in-biblioteca-leggere-irene-nemirowsky\/\" \/>\n<meta property=\"og:locale\" content=\"fr_FR\" \/>\n<meta property=\"og:type\" content=\"article\" \/>\n<meta property=\"og:title\" content=\"Venerd\u00ec in Biblioteca: leggere Ir\u00e8ne N\u00e9mirowsky - Bellunopress - Dolomiti\" \/>\n<meta property=\"og:description\" content=\"Un\u2019occasione per scoprire o approfondire una grande scrittrice del Novecento europeo, Ir\u00e8ne N\u00e9mirowskj. E\u2019 una delle proposte della Biblioteca civica di Belluno per la conoscenza della letteratura internazionale: ritrovarsi in gruppo per leggere insieme racconti e pagine di narrativa di autori da tutto il mondo. Nata in Ucraina a Kiev nel 1903, di religione ebraica [&hellip;]\" \/>\n<meta property=\"og:url\" content=\"https:\/\/www.bellunopress.it\/fr\/2012\/12\/20\/venerdi-in-biblioteca-leggere-irene-nemirowsky\/\" \/>\n<meta property=\"og:site_name\" content=\"Bellunopress - Dolomiti\" \/>\n<meta property=\"article:publisher\" content=\"https:\/\/www.facebook.com\/profile.php?id=100008943462799\" \/>\n<meta property=\"article:published_time\" content=\"2012-12-20T16:30:22+00:00\" \/>\n<meta property=\"article:modified_time\" content=\"2012-12-20T16:38:11+00:00\" \/>\n<meta property=\"og:image\" content=\"http:\/\/www.bellunopress.it\/wp-content\/uploads\/2009\/12\/crepadona.jpg\" \/>\n<meta name=\"author\" content=\"redazione\" \/>\n<meta name=\"twitter:card\" content=\"summary_large_image\" \/>\n<meta name=\"twitter:creator\" content=\"@bellunopress\" \/>\n<meta name=\"twitter:site\" content=\"@bellunopress\" \/>\n<meta name=\"twitter:label1\" content=\"\u00c9crit par\" \/>\n\t<meta name=\"twitter:data1\" content=\"redazione\" \/>\n\t<meta name=\"twitter:label2\" content=\"Dur\u00e9e de lecture estim\u00e9e\" \/>\n\t<meta name=\"twitter:data2\" content=\"1 minute\" \/>\n<script type=\"application\/ld+json\" class=\"yoast-schema-graph\">{\"@context\":\"https:\\\/\\\/schema.org\",\"@graph\":[{\"@type\":\"Article\",\"@id\":\"https:\\\/\\\/www.bellunopress.it\\\/2012\\\/12\\\/20\\\/venerdi-in-biblioteca-leggere-irene-nemirowsky\\\/#article\",\"isPartOf\":{\"@id\":\"https:\\\/\\\/www.bellunopress.it\\\/2012\\\/12\\\/20\\\/venerdi-in-biblioteca-leggere-irene-nemirowsky\\\/\"},\"author\":{\"name\":\"redazione\",\"@id\":\"https:\\\/\\\/www.bellunopress.it\\\/#\\\/schema\\\/person\\\/79bb06722b37ece1c03d3e94beb30d73\"},\"headline\":\"Venerd\u00ec in Biblioteca: leggere Ir\u00e8ne N\u00e9mirowsky\",\"datePublished\":\"2012-12-20T16:30:22+00:00\",\"dateModified\":\"2012-12-20T16:38:11+00:00\",\"mainEntityOfPage\":{\"@id\":\"https:\\\/\\\/www.bellunopress.it\\\/2012\\\/12\\\/20\\\/venerdi-in-biblioteca-leggere-irene-nemirowsky\\\/\"},\"wordCount\":223,\"publisher\":{\"@id\":\"https:\\\/\\\/www.bellunopress.it\\\/#organization\"},\"image\":{\"@id\":\"https:\\\/\\\/www.bellunopress.it\\\/2012\\\/12\\\/20\\\/venerdi-in-biblioteca-leggere-irene-nemirowsky\\\/#primaryimage\"},\"thumbnailUrl\":\"http:\\\/\\\/www.bellunopress.it\\\/wp-content\\\/uploads\\\/2009\\\/12\\\/crepadona.jpg\",\"articleSection\":[\"Appuntamenti, Eventi\",\"Arte, Cultura, Spettacoli, Scienza\",\"Pausa Caff\u00e8\"],\"inLanguage\":\"fr-FR\"},{\"@type\":\"WebPage\",\"@id\":\"https:\\\/\\\/www.bellunopress.it\\\/2012\\\/12\\\/20\\\/venerdi-in-biblioteca-leggere-irene-nemirowsky\\\/\",\"url\":\"https:\\\/\\\/www.bellunopress.it\\\/2012\\\/12\\\/20\\\/venerdi-in-biblioteca-leggere-irene-nemirowsky\\\/\",\"name\":\"Venerd\u00ec in Biblioteca: leggere Ir\u00e8ne N\u00e9mirowsky - Bellunopress - Dolomiti\",\"isPartOf\":{\"@id\":\"https:\\\/\\\/www.bellunopress.it\\\/#website\"},\"primaryImageOfPage\":{\"@id\":\"https:\\\/\\\/www.bellunopress.it\\\/2012\\\/12\\\/20\\\/venerdi-in-biblioteca-leggere-irene-nemirowsky\\\/#primaryimage\"},\"image\":{\"@id\":\"https:\\\/\\\/www.bellunopress.it\\\/2012\\\/12\\\/20\\\/venerdi-in-biblioteca-leggere-irene-nemirowsky\\\/#primaryimage\"},\"thumbnailUrl\":\"http:\\\/\\\/www.bellunopress.it\\\/wp-content\\\/uploads\\\/2009\\\/12\\\/crepadona.jpg\",\"datePublished\":\"2012-12-20T16:30:22+00:00\",\"dateModified\":\"2012-12-20T16:38:11+00:00\",\"breadcrumb\":{\"@id\":\"https:\\\/\\\/www.bellunopress.it\\\/2012\\\/12\\\/20\\\/venerdi-in-biblioteca-leggere-irene-nemirowsky\\\/#breadcrumb\"},\"inLanguage\":\"fr-FR\",\"potentialAction\":[{\"@type\":\"ReadAction\",\"target\":[\"https:\\\/\\\/www.bellunopress.it\\\/2012\\\/12\\\/20\\\/venerdi-in-biblioteca-leggere-irene-nemirowsky\\\/\"]}]},{\"@type\":\"ImageObject\",\"inLanguage\":\"fr-FR\",\"@id\":\"https:\\\/\\\/www.bellunopress.it\\\/2012\\\/12\\\/20\\\/venerdi-in-biblioteca-leggere-irene-nemirowsky\\\/#primaryimage\",\"url\":\"http:\\\/\\\/www.bellunopress.it\\\/wp-content\\\/uploads\\\/2009\\\/12\\\/crepadona.jpg\",\"contentUrl\":\"http:\\\/\\\/www.bellunopress.it\\\/wp-content\\\/uploads\\\/2009\\\/12\\\/crepadona.jpg\"},{\"@type\":\"BreadcrumbList\",\"@id\":\"https:\\\/\\\/www.bellunopress.it\\\/2012\\\/12\\\/20\\\/venerdi-in-biblioteca-leggere-irene-nemirowsky\\\/#breadcrumb\",\"itemListElement\":[{\"@type\":\"ListItem\",\"position\":1,\"name\":\"Home\",\"item\":\"https:\\\/\\\/www.bellunopress.it\\\/\"},{\"@type\":\"ListItem\",\"position\":2,\"name\":\"Venerd\u00ec in Biblioteca: leggere Ir\u00e8ne N\u00e9mirowsky\"}]},{\"@type\":\"WebSite\",\"@id\":\"https:\\\/\\\/www.bellunopress.it\\\/#website\",\"url\":\"https:\\\/\\\/www.bellunopress.it\\\/\",\"name\":\"Bellunopress - Dolomiti\",\"description\":\"e-mail: redazione@bellunopress.it\",\"publisher\":{\"@id\":\"https:\\\/\\\/www.bellunopress.it\\\/#organization\"},\"potentialAction\":[{\"@type\":\"SearchAction\",\"target\":{\"@type\":\"EntryPoint\",\"urlTemplate\":\"https:\\\/\\\/www.bellunopress.it\\\/?s={search_term_string}\"},\"query-input\":{\"@type\":\"PropertyValueSpecification\",\"valueRequired\":true,\"valueName\":\"search_term_string\"}}],\"inLanguage\":\"fr-FR\"},{\"@type\":\"Organization\",\"@id\":\"https:\\\/\\\/www.bellunopress.it\\\/#organization\",\"name\":\"Bellunopress\",\"url\":\"https:\\\/\\\/www.bellunopress.it\\\/\",\"logo\":{\"@type\":\"ImageObject\",\"inLanguage\":\"fr-FR\",\"@id\":\"https:\\\/\\\/www.bellunopress.it\\\/#\\\/schema\\\/logo\\\/image\\\/\",\"url\":\"https:\\\/\\\/www.bellunopress.it\\\/wp-content\\\/uploads\\\/2011\\\/05\\\/cropped-logo-bellunopress-.jpg\",\"contentUrl\":\"https:\\\/\\\/www.bellunopress.it\\\/wp-content\\\/uploads\\\/2011\\\/05\\\/cropped-logo-bellunopress-.jpg\",\"width\":512,\"height\":512,\"caption\":\"Bellunopress\"},\"image\":{\"@id\":\"https:\\\/\\\/www.bellunopress.it\\\/#\\\/schema\\\/logo\\\/image\\\/\"},\"sameAs\":[\"https:\\\/\\\/www.facebook.com\\\/profile.php?id=100008943462799\",\"https:\\\/\\\/x.com\\\/bellunopress\",\"https:\\\/\\\/www.linkedin.com\\\/hp\\\/?dnr=JBzUWaJfMUw8vbXJJ2tVW5-I3jZKvC4wsoxE&amp;amp;amp;amp;amp;amp;trk=nav_responsive_tab_home\",\"https:\\\/\\\/www.youtube.com\\\/channel\\\/UCxL0wu1uN0_3_7hGG0306cw\"]},{\"@type\":\"Person\",\"@id\":\"https:\\\/\\\/www.bellunopress.it\\\/#\\\/schema\\\/person\\\/79bb06722b37ece1c03d3e94beb30d73\",\"name\":\"redazione\",\"image\":{\"@type\":\"ImageObject\",\"inLanguage\":\"fr-FR\",\"@id\":\"https:\\\/\\\/secure.gravatar.com\\\/avatar\\\/37d968a2e67a6fd04c169c4bdef102d0bc5d31b2546345219e348575eb80e9a0?s=96&d=mm&r=g\",\"url\":\"https:\\\/\\\/secure.gravatar.com\\\/avatar\\\/37d968a2e67a6fd04c169c4bdef102d0bc5d31b2546345219e348575eb80e9a0?s=96&d=mm&r=g\",\"contentUrl\":\"https:\\\/\\\/secure.gravatar.com\\\/avatar\\\/37d968a2e67a6fd04c169c4bdef102d0bc5d31b2546345219e348575eb80e9a0?s=96&d=mm&r=g\",\"caption\":\"redazione\"},\"sameAs\":[\"http:\\\/\\\/www.bellunopress.it\",\"https:\\\/\\\/x.com\\\/bellunopress\"],\"url\":\"https:\\\/\\\/www.bellunopress.it\\\/fr\\\/author\\\/redazione\\\/\"}]}<\/script>\n<!-- \/ Yoast SEO plugin. -->","yoast_head_json":{"title":"Venerd\u00ec in Biblioteca: leggere Ir\u00e8ne N\u00e9mirowsky - Bellunopress - Dolomiti","robots":{"index":"index","follow":"follow","max-snippet":"max-snippet:-1","max-image-preview":"max-image-preview:large","max-video-preview":"max-video-preview:-1"},"canonical":"https:\/\/www.bellunopress.it\/fr\/2012\/12\/20\/venerdi-in-biblioteca-leggere-irene-nemirowsky\/","og_locale":"fr_FR","og_type":"article","og_title":"Venerd\u00ec in Biblioteca: leggere Ir\u00e8ne N\u00e9mirowsky - Bellunopress - Dolomiti","og_description":"Un\u2019occasione per scoprire o approfondire una grande scrittrice del Novecento europeo, Ir\u00e8ne N\u00e9mirowskj. E\u2019 una delle proposte della Biblioteca civica di Belluno per la conoscenza della letteratura internazionale: ritrovarsi in gruppo per leggere insieme racconti e pagine di narrativa di autori da tutto il mondo. Nata in Ucraina a Kiev nel 1903, di religione ebraica [&hellip;]","og_url":"https:\/\/www.bellunopress.it\/fr\/2012\/12\/20\/venerdi-in-biblioteca-leggere-irene-nemirowsky\/","og_site_name":"Bellunopress - Dolomiti","article_publisher":"https:\/\/www.facebook.com\/profile.php?id=100008943462799","article_published_time":"2012-12-20T16:30:22+00:00","article_modified_time":"2012-12-20T16:38:11+00:00","og_image":[{"url":"http:\/\/www.bellunopress.it\/wp-content\/uploads\/2009\/12\/crepadona.jpg","type":"","width":"","height":""}],"author":"redazione","twitter_card":"summary_large_image","twitter_creator":"@bellunopress","twitter_site":"@bellunopress","twitter_misc":{"\u00c9crit par":"redazione","Dur\u00e9e de lecture estim\u00e9e":"1 minute"},"schema":{"@context":"https:\/\/schema.org","@graph":[{"@type":"Article","@id":"https:\/\/www.bellunopress.it\/2012\/12\/20\/venerdi-in-biblioteca-leggere-irene-nemirowsky\/#article","isPartOf":{"@id":"https:\/\/www.bellunopress.it\/2012\/12\/20\/venerdi-in-biblioteca-leggere-irene-nemirowsky\/"},"author":{"name":"redazione","@id":"https:\/\/www.bellunopress.it\/#\/schema\/person\/79bb06722b37ece1c03d3e94beb30d73"},"headline":"Venerd\u00ec in Biblioteca: leggere Ir\u00e8ne N\u00e9mirowsky","datePublished":"2012-12-20T16:30:22+00:00","dateModified":"2012-12-20T16:38:11+00:00","mainEntityOfPage":{"@id":"https:\/\/www.bellunopress.it\/2012\/12\/20\/venerdi-in-biblioteca-leggere-irene-nemirowsky\/"},"wordCount":223,"publisher":{"@id":"https:\/\/www.bellunopress.it\/#organization"},"image":{"@id":"https:\/\/www.bellunopress.it\/2012\/12\/20\/venerdi-in-biblioteca-leggere-irene-nemirowsky\/#primaryimage"},"thumbnailUrl":"http:\/\/www.bellunopress.it\/wp-content\/uploads\/2009\/12\/crepadona.jpg","articleSection":["Appuntamenti, Eventi","Arte, Cultura, Spettacoli, Scienza","Pausa Caff\u00e8"],"inLanguage":"fr-FR"},{"@type":"WebPage","@id":"https:\/\/www.bellunopress.it\/2012\/12\/20\/venerdi-in-biblioteca-leggere-irene-nemirowsky\/","url":"https:\/\/www.bellunopress.it\/2012\/12\/20\/venerdi-in-biblioteca-leggere-irene-nemirowsky\/","name":"Venerd\u00ec in Biblioteca: leggere Ir\u00e8ne N\u00e9mirowsky - Bellunopress - Dolomiti","isPartOf":{"@id":"https:\/\/www.bellunopress.it\/#website"},"primaryImageOfPage":{"@id":"https:\/\/www.bellunopress.it\/2012\/12\/20\/venerdi-in-biblioteca-leggere-irene-nemirowsky\/#primaryimage"},"image":{"@id":"https:\/\/www.bellunopress.it\/2012\/12\/20\/venerdi-in-biblioteca-leggere-irene-nemirowsky\/#primaryimage"},"thumbnailUrl":"http:\/\/www.bellunopress.it\/wp-content\/uploads\/2009\/12\/crepadona.jpg","datePublished":"2012-12-20T16:30:22+00:00","dateModified":"2012-12-20T16:38:11+00:00","breadcrumb":{"@id":"https:\/\/www.bellunopress.it\/2012\/12\/20\/venerdi-in-biblioteca-leggere-irene-nemirowsky\/#breadcrumb"},"inLanguage":"fr-FR","potentialAction":[{"@type":"ReadAction","target":["https:\/\/www.bellunopress.it\/2012\/12\/20\/venerdi-in-biblioteca-leggere-irene-nemirowsky\/"]}]},{"@type":"ImageObject","inLanguage":"fr-FR","@id":"https:\/\/www.bellunopress.it\/2012\/12\/20\/venerdi-in-biblioteca-leggere-irene-nemirowsky\/#primaryimage","url":"http:\/\/www.bellunopress.it\/wp-content\/uploads\/2009\/12\/crepadona.jpg","contentUrl":"http:\/\/www.bellunopress.it\/wp-content\/uploads\/2009\/12\/crepadona.jpg"},{"@type":"BreadcrumbList","@id":"https:\/\/www.bellunopress.it\/2012\/12\/20\/venerdi-in-biblioteca-leggere-irene-nemirowsky\/#breadcrumb","itemListElement":[{"@type":"ListItem","position":1,"name":"Home","item":"https:\/\/www.bellunopress.it\/"},{"@type":"ListItem","position":2,"name":"Venerd\u00ec in Biblioteca: leggere Ir\u00e8ne N\u00e9mirowsky"}]},{"@type":"WebSite","@id":"https:\/\/www.bellunopress.it\/#website","url":"https:\/\/www.bellunopress.it\/","name":"Bellunopress - Dolomiti","description":"e-mail: redazione@bellunopress.it","publisher":{"@id":"https:\/\/www.bellunopress.it\/#organization"},"potentialAction":[{"@type":"SearchAction","target":{"@type":"EntryPoint","urlTemplate":"https:\/\/www.bellunopress.it\/?s={search_term_string}"},"query-input":{"@type":"PropertyValueSpecification","valueRequired":true,"valueName":"search_term_string"}}],"inLanguage":"fr-FR"},{"@type":"Organization","@id":"https:\/\/www.bellunopress.it\/#organization","name":"Bellunopress","url":"https:\/\/www.bellunopress.it\/","logo":{"@type":"ImageObject","inLanguage":"fr-FR","@id":"https:\/\/www.bellunopress.it\/#\/schema\/logo\/image\/","url":"https:\/\/www.bellunopress.it\/wp-content\/uploads\/2011\/05\/cropped-logo-bellunopress-.jpg","contentUrl":"https:\/\/www.bellunopress.it\/wp-content\/uploads\/2011\/05\/cropped-logo-bellunopress-.jpg","width":512,"height":512,"caption":"Bellunopress"},"image":{"@id":"https:\/\/www.bellunopress.it\/#\/schema\/logo\/image\/"},"sameAs":["https:\/\/www.facebook.com\/profile.php?id=100008943462799","https:\/\/x.com\/bellunopress","https:\/\/www.linkedin.com\/hp\/?dnr=JBzUWaJfMUw8vbXJJ2tVW5-I3jZKvC4wsoxE&amp;amp;amp;amp;amp;amp;trk=nav_responsive_tab_home","https:\/\/www.youtube.com\/channel\/UCxL0wu1uN0_3_7hGG0306cw"]},{"@type":"Person","@id":"https:\/\/www.bellunopress.it\/#\/schema\/person\/79bb06722b37ece1c03d3e94beb30d73","name":"r\u00e9daction","image":{"@type":"ImageObject","inLanguage":"fr-FR","@id":"https:\/\/secure.gravatar.com\/avatar\/37d968a2e67a6fd04c169c4bdef102d0bc5d31b2546345219e348575eb80e9a0?s=96&d=mm&r=g","url":"https:\/\/secure.gravatar.com\/avatar\/37d968a2e67a6fd04c169c4bdef102d0bc5d31b2546345219e348575eb80e9a0?s=96&d=mm&r=g","contentUrl":"https:\/\/secure.gravatar.com\/avatar\/37d968a2e67a6fd04c169c4bdef102d0bc5d31b2546345219e348575eb80e9a0?s=96&d=mm&r=g","caption":"redazione"},"sameAs":["http:\/\/www.bellunopress.it","https:\/\/x.com\/bellunopress"],"url":"https:\/\/www.bellunopress.it\/fr\/author\/redazione\/"}]}},"_links":{"self":[{"href":"https:\/\/www.bellunopress.it\/fr\/wp-json\/wp\/v2\/posts\/44946","targetHints":{"allow":["GET"]}}],"collection":[{"href":"https:\/\/www.bellunopress.it\/fr\/wp-json\/wp\/v2\/posts"}],"about":[{"href":"https:\/\/www.bellunopress.it\/fr\/wp-json\/wp\/v2\/types\/post"}],"author":[{"embeddable":true,"href":"https:\/\/www.bellunopress.it\/fr\/wp-json\/wp\/v2\/users\/2"}],"replies":[{"embeddable":true,"href":"https:\/\/www.bellunopress.it\/fr\/wp-json\/wp\/v2\/comments?post=44946"}],"version-history":[{"count":2,"href":"https:\/\/www.bellunopress.it\/fr\/wp-json\/wp\/v2\/posts\/44946\/revisions"}],"predecessor-version":[{"id":45009,"href":"https:\/\/www.bellunopress.it\/fr\/wp-json\/wp\/v2\/posts\/44946\/revisions\/45009"}],"wp:attachment":[{"href":"https:\/\/www.bellunopress.it\/fr\/wp-json\/wp\/v2\/media?parent=44946"}],"wp:term":[{"taxonomy":"category","embeddable":true,"href":"https:\/\/www.bellunopress.it\/fr\/wp-json\/wp\/v2\/categories?post=44946"},{"taxonomy":"post_tag","embeddable":true,"href":"https:\/\/www.bellunopress.it\/fr\/wp-json\/wp\/v2\/tags?post=44946"}],"curies":[{"name":"wp","href":"https:\/\/api.w.org\/{rel}","templated":true}]}}