{"id":44940,"date":"2012-12-18T16:17:38","date_gmt":"2012-12-18T15:17:38","guid":{"rendered":"http:\/\/www.bellunopress.it\/?p=44940"},"modified":"2012-12-18T19:19:53","modified_gmt":"2012-12-18T18:19:53","slug":"aflatossine-nella-granella-di-mais-manzato-subito-richiesta-al-ministero-sulla-salubrita-dei-mangimi","status":"publish","type":"post","link":"https:\/\/www.bellunopress.it\/fr\/2012\/12\/18\/aflatossine-nella-granella-di-mais-manzato-subito-richiesta-al-ministero-sulla-salubrita-dei-mangimi\/","title":{"rendered":"Aflatossine nella granella di mais? Manzato: &#8220;subito richiesta al ministero sulla salubrit\u00e0 dei mangimi&#8221;"},"content":{"rendered":"<div>\n<figure id=\"attachment_6795\" aria-describedby=\"caption-attachment-6795\" style=\"width: 130px\" class=\"wp-caption alignleft\"><a href=\"http:\/\/www.bellunopress.it\/wp-content\/uploads\/2009\/08\/franco-manzato-leggerissima.jpg\"><img loading=\"lazy\" decoding=\"async\" class=\"size-full wp-image-6795\" alt=\"Franco Manzato\" src=\"http:\/\/www.bellunopress.it\/wp-content\/uploads\/2009\/08\/franco-manzato-leggerissima.jpg\" width=\"130\" height=\"130\" \/><\/a><figcaption id=\"caption-attachment-6795\" class=\"wp-caption-text\">Franco Manzato<\/figcaption><\/figure>\n<p>Ritorna l&#8217;emergenza aflatossine. I dati di aflatossina M1 nel latte di ottobre, infatti, \u00a0in alcuni rilevamenti sono stati superiori ai limiti di legge. Principale responsabile del richio contaminazione del latte \u00e8 ritenuta la granella di mais. Per questa ragione, l\u2019assessore all\u2019agricoltura e alla tutela del consumatore del Veneto Franco Manzato chieder\u00e0 formalmente ai ministeri della Sanit\u00e0 e delle Politiche agricole maggiori e migliori specifiche che facciano definitivamente chiarezza sulla questione della presenza di aflatossine nel mais. In proposito \u00e8 pervenuto all\u2019attenzione del \u201cTavolo Verde\u201d uno studio che prende in considerazione possibili soluzioni alternative a quella attualmente adottata.<\/p><\/div>\n<div>\u201cRitengo opportuno chiedere ai ministeri e agli apparati statali competenti di prendere posizione netta su questa spinosa questione. La situazione richiede un intervento urgente con due obiettivi strettamente connessi: tutelare la salute del consumatore e non penalizzare l\u2019economia di un comparto che quest\u2019anno ha subito fin troppi effetti negativi\u201d. \u201cServe chiarezza \u2013 ha concluso Manzato \u2013 su una partita che riguarda anche altre Regioni, con li quali manteniamo un contatto costante e collaborativo per dare risposte al problema\u201d.<\/div>\n<div><\/div>\n<p><a href=\"http:\/\/www.agricoltura24.com\/aflatossine-dal-mais-al-latte\/0,1254,27_ART_6112,00.html\"><\/p>\n<div>http:\/\/www.agricoltura24.com\/aflatossine-dal-mais-al-latte\/0,1254,27_ART_6112,00.html<\/div>\n<p><\/a><a href=\"http:\/\/www.ordiniveterinaripiemonte.it\/rivista\/04n01\/07.htm\"><\/p>\n<div>http:\/\/www.ordiniveterinaripiemonte.it\/rivista\/04n01\/07.htm<\/div>\n<p><\/a><\/p>","protected":false},"excerpt":{"rendered":"<p>Ritorna l&#8217;emergenza aflatossine. I dati di aflatossina M1 nel latte di ottobre, infatti, \u00a0in alcuni rilevamenti sono stati superiori ai limiti di legge. Principale responsabile del richio contaminazione del latte \u00e8 ritenuta la granella di mais. Per questa ragione, l\u2019assessore all\u2019agricoltura e alla tutela del consumatore del Veneto Franco Manzato chieder\u00e0 formalmente ai ministeri della [&hellip;]<\/p>\n","protected":false},"author":2,"featured_media":0,"comment_status":"closed","ping_status":"open","sticky":false,"template":"","format":"standard","meta":{"footnotes":""},"categories":[36,38,26],"tags":[],"class_list":["post-44940","post","type-post","status-publish","format-standard","category-lavoro-economia","category-natura-ambiente","category-prima-pagina"],"yoast_head":"<!-- This site is optimized with the Yoast SEO plugin v28.4 - https:\/\/yoast.com\/product\/yoast-seo-wordpress\/ -->\n<title>Aflatossine nella granella di mais? Manzato: &quot;subito richiesta al ministero sulla salubrit\u00e0 dei mangimi&quot; - Bellunopress - Dolomiti<\/title>\n<meta name=\"robots\" content=\"index, follow, max-snippet:-1, max-image-preview:large, max-video-preview:-1\" \/>\n<link rel=\"canonical\" href=\"https:\/\/www.bellunopress.it\/fr\/2012\/12\/18\/aflatossine-nella-granella-di-mais-manzato-subito-richiesta-al-ministero-sulla-salubrita-dei-mangimi\/\" \/>\n<meta property=\"og:locale\" content=\"fr_FR\" \/>\n<meta property=\"og:type\" content=\"article\" \/>\n<meta property=\"og:title\" content=\"Aflatossine nella granella di mais? Manzato: &quot;subito richiesta al ministero sulla salubrit\u00e0 dei mangimi&quot; - Bellunopress - Dolomiti\" \/>\n<meta property=\"og:description\" content=\"Ritorna l&#8217;emergenza aflatossine. I dati di aflatossina M1 nel latte di ottobre, infatti, \u00a0in alcuni rilevamenti sono stati superiori ai limiti di legge. Principale responsabile del richio contaminazione del latte \u00e8 ritenuta la granella di mais. Per questa ragione, l\u2019assessore all\u2019agricoltura e alla tutela del consumatore del Veneto Franco Manzato chieder\u00e0 formalmente ai ministeri della [&hellip;]\" \/>\n<meta property=\"og:url\" content=\"https:\/\/www.bellunopress.it\/fr\/2012\/12\/18\/aflatossine-nella-granella-di-mais-manzato-subito-richiesta-al-ministero-sulla-salubrita-dei-mangimi\/\" \/>\n<meta property=\"og:site_name\" content=\"Bellunopress - Dolomiti\" \/>\n<meta property=\"article:publisher\" content=\"https:\/\/www.facebook.com\/profile.php?id=100008943462799\" \/>\n<meta property=\"article:published_time\" content=\"2012-12-18T15:17:38+00:00\" \/>\n<meta property=\"article:modified_time\" content=\"2012-12-18T18:19:53+00:00\" \/>\n<meta property=\"og:image\" content=\"http:\/\/www.bellunopress.it\/wp-content\/uploads\/2009\/08\/franco-manzato-leggerissima.jpg\" \/>\n<meta name=\"author\" content=\"redazione\" \/>\n<meta name=\"twitter:card\" content=\"summary_large_image\" \/>\n<meta name=\"twitter:creator\" content=\"@bellunopress\" \/>\n<meta name=\"twitter:site\" content=\"@bellunopress\" \/>\n<meta name=\"twitter:label1\" content=\"\u00c9crit par\" \/>\n\t<meta name=\"twitter:data1\" content=\"redazione\" \/>\n\t<meta name=\"twitter:label2\" content=\"Dur\u00e9e de lecture estim\u00e9e\" \/>\n\t<meta name=\"twitter:data2\" content=\"1 minute\" \/>\n<script type=\"application\/ld+json\" class=\"yoast-schema-graph\">{\"@context\":\"https:\\\/\\\/schema.org\",\"@graph\":[{\"@type\":\"Article\",\"@id\":\"https:\\\/\\\/www.bellunopress.it\\\/2012\\\/12\\\/18\\\/aflatossine-nella-granella-di-mais-manzato-subito-richiesta-al-ministero-sulla-salubrita-dei-mangimi\\\/#article\",\"isPartOf\":{\"@id\":\"https:\\\/\\\/www.bellunopress.it\\\/2012\\\/12\\\/18\\\/aflatossine-nella-granella-di-mais-manzato-subito-richiesta-al-ministero-sulla-salubrita-dei-mangimi\\\/\"},\"author\":{\"name\":\"redazione\",\"@id\":\"https:\\\/\\\/www.bellunopress.it\\\/#\\\/schema\\\/person\\\/79bb06722b37ece1c03d3e94beb30d73\"},\"headline\":\"Aflatossine nella granella di mais? Manzato: &#8220;subito richiesta al ministero sulla salubrit\u00e0 dei mangimi&#8221;\",\"datePublished\":\"2012-12-18T15:17:38+00:00\",\"dateModified\":\"2012-12-18T18:19:53+00:00\",\"mainEntityOfPage\":{\"@id\":\"https:\\\/\\\/www.bellunopress.it\\\/2012\\\/12\\\/18\\\/aflatossine-nella-granella-di-mais-manzato-subito-richiesta-al-ministero-sulla-salubrita-dei-mangimi\\\/\"},\"wordCount\":214,\"publisher\":{\"@id\":\"https:\\\/\\\/www.bellunopress.it\\\/#organization\"},\"image\":{\"@id\":\"https:\\\/\\\/www.bellunopress.it\\\/2012\\\/12\\\/18\\\/aflatossine-nella-granella-di-mais-manzato-subito-richiesta-al-ministero-sulla-salubrita-dei-mangimi\\\/#primaryimage\"},\"thumbnailUrl\":\"http:\\\/\\\/www.bellunopress.it\\\/wp-content\\\/uploads\\\/2009\\\/08\\\/franco-manzato-leggerissima.jpg\",\"articleSection\":[\"Lavoro, Economia, Turismo\",\"Meteo, natura, ambiente, animali\",\"Prima Pagina\"],\"inLanguage\":\"fr-FR\"},{\"@type\":\"WebPage\",\"@id\":\"https:\\\/\\\/www.bellunopress.it\\\/2012\\\/12\\\/18\\\/aflatossine-nella-granella-di-mais-manzato-subito-richiesta-al-ministero-sulla-salubrita-dei-mangimi\\\/\",\"url\":\"https:\\\/\\\/www.bellunopress.it\\\/2012\\\/12\\\/18\\\/aflatossine-nella-granella-di-mais-manzato-subito-richiesta-al-ministero-sulla-salubrita-dei-mangimi\\\/\",\"name\":\"Aflatossine nella granella di mais? Manzato: \\\"subito richiesta al ministero sulla salubrit\u00e0 dei mangimi\\\" - Bellunopress - Dolomiti\",\"isPartOf\":{\"@id\":\"https:\\\/\\\/www.bellunopress.it\\\/#website\"},\"primaryImageOfPage\":{\"@id\":\"https:\\\/\\\/www.bellunopress.it\\\/2012\\\/12\\\/18\\\/aflatossine-nella-granella-di-mais-manzato-subito-richiesta-al-ministero-sulla-salubrita-dei-mangimi\\\/#primaryimage\"},\"image\":{\"@id\":\"https:\\\/\\\/www.bellunopress.it\\\/2012\\\/12\\\/18\\\/aflatossine-nella-granella-di-mais-manzato-subito-richiesta-al-ministero-sulla-salubrita-dei-mangimi\\\/#primaryimage\"},\"thumbnailUrl\":\"http:\\\/\\\/www.bellunopress.it\\\/wp-content\\\/uploads\\\/2009\\\/08\\\/franco-manzato-leggerissima.jpg\",\"datePublished\":\"2012-12-18T15:17:38+00:00\",\"dateModified\":\"2012-12-18T18:19:53+00:00\",\"breadcrumb\":{\"@id\":\"https:\\\/\\\/www.bellunopress.it\\\/2012\\\/12\\\/18\\\/aflatossine-nella-granella-di-mais-manzato-subito-richiesta-al-ministero-sulla-salubrita-dei-mangimi\\\/#breadcrumb\"},\"inLanguage\":\"fr-FR\",\"potentialAction\":[{\"@type\":\"ReadAction\",\"target\":[\"https:\\\/\\\/www.bellunopress.it\\\/2012\\\/12\\\/18\\\/aflatossine-nella-granella-di-mais-manzato-subito-richiesta-al-ministero-sulla-salubrita-dei-mangimi\\\/\"]}]},{\"@type\":\"ImageObject\",\"inLanguage\":\"fr-FR\",\"@id\":\"https:\\\/\\\/www.bellunopress.it\\\/2012\\\/12\\\/18\\\/aflatossine-nella-granella-di-mais-manzato-subito-richiesta-al-ministero-sulla-salubrita-dei-mangimi\\\/#primaryimage\",\"url\":\"http:\\\/\\\/www.bellunopress.it\\\/wp-content\\\/uploads\\\/2009\\\/08\\\/franco-manzato-leggerissima.jpg\",\"contentUrl\":\"http:\\\/\\\/www.bellunopress.it\\\/wp-content\\\/uploads\\\/2009\\\/08\\\/franco-manzato-leggerissima.jpg\"},{\"@type\":\"BreadcrumbList\",\"@id\":\"https:\\\/\\\/www.bellunopress.it\\\/2012\\\/12\\\/18\\\/aflatossine-nella-granella-di-mais-manzato-subito-richiesta-al-ministero-sulla-salubrita-dei-mangimi\\\/#breadcrumb\",\"itemListElement\":[{\"@type\":\"ListItem\",\"position\":1,\"name\":\"Home\",\"item\":\"https:\\\/\\\/www.bellunopress.it\\\/\"},{\"@type\":\"ListItem\",\"position\":2,\"name\":\"Aflatossine nella granella di mais? Manzato: &#8220;subito richiesta al ministero sulla salubrit\u00e0 dei mangimi&#8221;\"}]},{\"@type\":\"WebSite\",\"@id\":\"https:\\\/\\\/www.bellunopress.it\\\/#website\",\"url\":\"https:\\\/\\\/www.bellunopress.it\\\/\",\"name\":\"Bellunopress - Dolomiti\",\"description\":\"e-mail: redazione@bellunopress.it\",\"publisher\":{\"@id\":\"https:\\\/\\\/www.bellunopress.it\\\/#organization\"},\"potentialAction\":[{\"@type\":\"SearchAction\",\"target\":{\"@type\":\"EntryPoint\",\"urlTemplate\":\"https:\\\/\\\/www.bellunopress.it\\\/?s={search_term_string}\"},\"query-input\":{\"@type\":\"PropertyValueSpecification\",\"valueRequired\":true,\"valueName\":\"search_term_string\"}}],\"inLanguage\":\"fr-FR\"},{\"@type\":\"Organization\",\"@id\":\"https:\\\/\\\/www.bellunopress.it\\\/#organization\",\"name\":\"Bellunopress\",\"url\":\"https:\\\/\\\/www.bellunopress.it\\\/\",\"logo\":{\"@type\":\"ImageObject\",\"inLanguage\":\"fr-FR\",\"@id\":\"https:\\\/\\\/www.bellunopress.it\\\/#\\\/schema\\\/logo\\\/image\\\/\",\"url\":\"https:\\\/\\\/www.bellunopress.it\\\/wp-content\\\/uploads\\\/2011\\\/05\\\/cropped-logo-bellunopress-.jpg\",\"contentUrl\":\"https:\\\/\\\/www.bellunopress.it\\\/wp-content\\\/uploads\\\/2011\\\/05\\\/cropped-logo-bellunopress-.jpg\",\"width\":512,\"height\":512,\"caption\":\"Bellunopress\"},\"image\":{\"@id\":\"https:\\\/\\\/www.bellunopress.it\\\/#\\\/schema\\\/logo\\\/image\\\/\"},\"sameAs\":[\"https:\\\/\\\/www.facebook.com\\\/profile.php?id=100008943462799\",\"https:\\\/\\\/x.com\\\/bellunopress\",\"https:\\\/\\\/www.linkedin.com\\\/hp\\\/?dnr=JBzUWaJfMUw8vbXJJ2tVW5-I3jZKvC4wsoxE&amp;amp;amp;amp;amp;amp;trk=nav_responsive_tab_home\",\"https:\\\/\\\/www.youtube.com\\\/channel\\\/UCxL0wu1uN0_3_7hGG0306cw\"]},{\"@type\":\"Person\",\"@id\":\"https:\\\/\\\/www.bellunopress.it\\\/#\\\/schema\\\/person\\\/79bb06722b37ece1c03d3e94beb30d73\",\"name\":\"redazione\",\"image\":{\"@type\":\"ImageObject\",\"inLanguage\":\"fr-FR\",\"@id\":\"https:\\\/\\\/secure.gravatar.com\\\/avatar\\\/37d968a2e67a6fd04c169c4bdef102d0bc5d31b2546345219e348575eb80e9a0?s=96&d=mm&r=g\",\"url\":\"https:\\\/\\\/secure.gravatar.com\\\/avatar\\\/37d968a2e67a6fd04c169c4bdef102d0bc5d31b2546345219e348575eb80e9a0?s=96&d=mm&r=g\",\"contentUrl\":\"https:\\\/\\\/secure.gravatar.com\\\/avatar\\\/37d968a2e67a6fd04c169c4bdef102d0bc5d31b2546345219e348575eb80e9a0?s=96&d=mm&r=g\",\"caption\":\"redazione\"},\"sameAs\":[\"http:\\\/\\\/www.bellunopress.it\",\"https:\\\/\\\/x.com\\\/bellunopress\"],\"url\":\"https:\\\/\\\/www.bellunopress.it\\\/fr\\\/author\\\/redazione\\\/\"}]}<\/script>\n<!-- \/ Yoast SEO plugin. -->","yoast_head_json":{"title":"Aflatossine nella granella di mais? Manzato: \"subito richiesta al ministero sulla salubrit\u00e0 dei mangimi\" - Bellunopress - Dolomiti","robots":{"index":"index","follow":"follow","max-snippet":"max-snippet:-1","max-image-preview":"max-image-preview:large","max-video-preview":"max-video-preview:-1"},"canonical":"https:\/\/www.bellunopress.it\/fr\/2012\/12\/18\/aflatossine-nella-granella-di-mais-manzato-subito-richiesta-al-ministero-sulla-salubrita-dei-mangimi\/","og_locale":"fr_FR","og_type":"article","og_title":"Aflatossine nella granella di mais? Manzato: \"subito richiesta al ministero sulla salubrit\u00e0 dei mangimi\" - Bellunopress - Dolomiti","og_description":"Ritorna l&#8217;emergenza aflatossine. I dati di aflatossina M1 nel latte di ottobre, infatti, \u00a0in alcuni rilevamenti sono stati superiori ai limiti di legge. Principale responsabile del richio contaminazione del latte \u00e8 ritenuta la granella di mais. Per questa ragione, l\u2019assessore all\u2019agricoltura e alla tutela del consumatore del Veneto Franco Manzato chieder\u00e0 formalmente ai ministeri della [&hellip;]","og_url":"https:\/\/www.bellunopress.it\/fr\/2012\/12\/18\/aflatossine-nella-granella-di-mais-manzato-subito-richiesta-al-ministero-sulla-salubrita-dei-mangimi\/","og_site_name":"Bellunopress - Dolomiti","article_publisher":"https:\/\/www.facebook.com\/profile.php?id=100008943462799","article_published_time":"2012-12-18T15:17:38+00:00","article_modified_time":"2012-12-18T18:19:53+00:00","og_image":[{"url":"http:\/\/www.bellunopress.it\/wp-content\/uploads\/2009\/08\/franco-manzato-leggerissima.jpg","type":"","width":"","height":""}],"author":"redazione","twitter_card":"summary_large_image","twitter_creator":"@bellunopress","twitter_site":"@bellunopress","twitter_misc":{"\u00c9crit par":"redazione","Dur\u00e9e de lecture estim\u00e9e":"1 minute"},"schema":{"@context":"https:\/\/schema.org","@graph":[{"@type":"Article","@id":"https:\/\/www.bellunopress.it\/2012\/12\/18\/aflatossine-nella-granella-di-mais-manzato-subito-richiesta-al-ministero-sulla-salubrita-dei-mangimi\/#article","isPartOf":{"@id":"https:\/\/www.bellunopress.it\/2012\/12\/18\/aflatossine-nella-granella-di-mais-manzato-subito-richiesta-al-ministero-sulla-salubrita-dei-mangimi\/"},"author":{"name":"redazione","@id":"https:\/\/www.bellunopress.it\/#\/schema\/person\/79bb06722b37ece1c03d3e94beb30d73"},"headline":"Aflatossine nella granella di mais? Manzato: &#8220;subito richiesta al ministero sulla salubrit\u00e0 dei mangimi&#8221;","datePublished":"2012-12-18T15:17:38+00:00","dateModified":"2012-12-18T18:19:53+00:00","mainEntityOfPage":{"@id":"https:\/\/www.bellunopress.it\/2012\/12\/18\/aflatossine-nella-granella-di-mais-manzato-subito-richiesta-al-ministero-sulla-salubrita-dei-mangimi\/"},"wordCount":214,"publisher":{"@id":"https:\/\/www.bellunopress.it\/#organization"},"image":{"@id":"https:\/\/www.bellunopress.it\/2012\/12\/18\/aflatossine-nella-granella-di-mais-manzato-subito-richiesta-al-ministero-sulla-salubrita-dei-mangimi\/#primaryimage"},"thumbnailUrl":"http:\/\/www.bellunopress.it\/wp-content\/uploads\/2009\/08\/franco-manzato-leggerissima.jpg","articleSection":["Lavoro, Economia, Turismo","Meteo, natura, ambiente, animali","Prima Pagina"],"inLanguage":"fr-FR"},{"@type":"WebPage","@id":"https:\/\/www.bellunopress.it\/2012\/12\/18\/aflatossine-nella-granella-di-mais-manzato-subito-richiesta-al-ministero-sulla-salubrita-dei-mangimi\/","url":"https:\/\/www.bellunopress.it\/2012\/12\/18\/aflatossine-nella-granella-di-mais-manzato-subito-richiesta-al-ministero-sulla-salubrita-dei-mangimi\/","name":"Aflatossine nella granella di mais? Manzato: \"subito richiesta al ministero sulla salubrit\u00e0 dei mangimi\" - Bellunopress - Dolomiti","isPartOf":{"@id":"https:\/\/www.bellunopress.it\/#website"},"primaryImageOfPage":{"@id":"https:\/\/www.bellunopress.it\/2012\/12\/18\/aflatossine-nella-granella-di-mais-manzato-subito-richiesta-al-ministero-sulla-salubrita-dei-mangimi\/#primaryimage"},"image":{"@id":"https:\/\/www.bellunopress.it\/2012\/12\/18\/aflatossine-nella-granella-di-mais-manzato-subito-richiesta-al-ministero-sulla-salubrita-dei-mangimi\/#primaryimage"},"thumbnailUrl":"http:\/\/www.bellunopress.it\/wp-content\/uploads\/2009\/08\/franco-manzato-leggerissima.jpg","datePublished":"2012-12-18T15:17:38+00:00","dateModified":"2012-12-18T18:19:53+00:00","breadcrumb":{"@id":"https:\/\/www.bellunopress.it\/2012\/12\/18\/aflatossine-nella-granella-di-mais-manzato-subito-richiesta-al-ministero-sulla-salubrita-dei-mangimi\/#breadcrumb"},"inLanguage":"fr-FR","potentialAction":[{"@type":"ReadAction","target":["https:\/\/www.bellunopress.it\/2012\/12\/18\/aflatossine-nella-granella-di-mais-manzato-subito-richiesta-al-ministero-sulla-salubrita-dei-mangimi\/"]}]},{"@type":"ImageObject","inLanguage":"fr-FR","@id":"https:\/\/www.bellunopress.it\/2012\/12\/18\/aflatossine-nella-granella-di-mais-manzato-subito-richiesta-al-ministero-sulla-salubrita-dei-mangimi\/#primaryimage","url":"http:\/\/www.bellunopress.it\/wp-content\/uploads\/2009\/08\/franco-manzato-leggerissima.jpg","contentUrl":"http:\/\/www.bellunopress.it\/wp-content\/uploads\/2009\/08\/franco-manzato-leggerissima.jpg"},{"@type":"BreadcrumbList","@id":"https:\/\/www.bellunopress.it\/2012\/12\/18\/aflatossine-nella-granella-di-mais-manzato-subito-richiesta-al-ministero-sulla-salubrita-dei-mangimi\/#breadcrumb","itemListElement":[{"@type":"ListItem","position":1,"name":"Home","item":"https:\/\/www.bellunopress.it\/"},{"@type":"ListItem","position":2,"name":"Aflatossine nella granella di mais? Manzato: &#8220;subito richiesta al ministero sulla salubrit\u00e0 dei mangimi&#8221;"}]},{"@type":"WebSite","@id":"https:\/\/www.bellunopress.it\/#website","url":"https:\/\/www.bellunopress.it\/","name":"Bellunopress - Dolomiti","description":"e-mail: redazione@bellunopress.it","publisher":{"@id":"https:\/\/www.bellunopress.it\/#organization"},"potentialAction":[{"@type":"SearchAction","target":{"@type":"EntryPoint","urlTemplate":"https:\/\/www.bellunopress.it\/?s={search_term_string}"},"query-input":{"@type":"PropertyValueSpecification","valueRequired":true,"valueName":"search_term_string"}}],"inLanguage":"fr-FR"},{"@type":"Organization","@id":"https:\/\/www.bellunopress.it\/#organization","name":"Bellunopress","url":"https:\/\/www.bellunopress.it\/","logo":{"@type":"ImageObject","inLanguage":"fr-FR","@id":"https:\/\/www.bellunopress.it\/#\/schema\/logo\/image\/","url":"https:\/\/www.bellunopress.it\/wp-content\/uploads\/2011\/05\/cropped-logo-bellunopress-.jpg","contentUrl":"https:\/\/www.bellunopress.it\/wp-content\/uploads\/2011\/05\/cropped-logo-bellunopress-.jpg","width":512,"height":512,"caption":"Bellunopress"},"image":{"@id":"https:\/\/www.bellunopress.it\/#\/schema\/logo\/image\/"},"sameAs":["https:\/\/www.facebook.com\/profile.php?id=100008943462799","https:\/\/x.com\/bellunopress","https:\/\/www.linkedin.com\/hp\/?dnr=JBzUWaJfMUw8vbXJJ2tVW5-I3jZKvC4wsoxE&amp;amp;amp;amp;amp;amp;trk=nav_responsive_tab_home","https:\/\/www.youtube.com\/channel\/UCxL0wu1uN0_3_7hGG0306cw"]},{"@type":"Person","@id":"https:\/\/www.bellunopress.it\/#\/schema\/person\/79bb06722b37ece1c03d3e94beb30d73","name":"r\u00e9daction","image":{"@type":"ImageObject","inLanguage":"fr-FR","@id":"https:\/\/secure.gravatar.com\/avatar\/37d968a2e67a6fd04c169c4bdef102d0bc5d31b2546345219e348575eb80e9a0?s=96&d=mm&r=g","url":"https:\/\/secure.gravatar.com\/avatar\/37d968a2e67a6fd04c169c4bdef102d0bc5d31b2546345219e348575eb80e9a0?s=96&d=mm&r=g","contentUrl":"https:\/\/secure.gravatar.com\/avatar\/37d968a2e67a6fd04c169c4bdef102d0bc5d31b2546345219e348575eb80e9a0?s=96&d=mm&r=g","caption":"redazione"},"sameAs":["http:\/\/www.bellunopress.it","https:\/\/x.com\/bellunopress"],"url":"https:\/\/www.bellunopress.it\/fr\/author\/redazione\/"}]}},"_links":{"self":[{"href":"https:\/\/www.bellunopress.it\/fr\/wp-json\/wp\/v2\/posts\/44940","targetHints":{"allow":["GET"]}}],"collection":[{"href":"https:\/\/www.bellunopress.it\/fr\/wp-json\/wp\/v2\/posts"}],"about":[{"href":"https:\/\/www.bellunopress.it\/fr\/wp-json\/wp\/v2\/types\/post"}],"author":[{"embeddable":true,"href":"https:\/\/www.bellunopress.it\/fr\/wp-json\/wp\/v2\/users\/2"}],"replies":[{"embeddable":true,"href":"https:\/\/www.bellunopress.it\/fr\/wp-json\/wp\/v2\/comments?post=44940"}],"version-history":[{"count":2,"href":"https:\/\/www.bellunopress.it\/fr\/wp-json\/wp\/v2\/posts\/44940\/revisions"}],"predecessor-version":[{"id":44942,"href":"https:\/\/www.bellunopress.it\/fr\/wp-json\/wp\/v2\/posts\/44940\/revisions\/44942"}],"wp:attachment":[{"href":"https:\/\/www.bellunopress.it\/fr\/wp-json\/wp\/v2\/media?parent=44940"}],"wp:term":[{"taxonomy":"category","embeddable":true,"href":"https:\/\/www.bellunopress.it\/fr\/wp-json\/wp\/v2\/categories?post=44940"},{"taxonomy":"post_tag","embeddable":true,"href":"https:\/\/www.bellunopress.it\/fr\/wp-json\/wp\/v2\/tags?post=44940"}],"curies":[{"name":"wp","href":"https:\/\/api.w.org\/{rel}","templated":true}]}}