{"id":44938,"date":"2012-12-18T19:03:24","date_gmt":"2012-12-18T18:03:24","guid":{"rendered":"http:\/\/www.bellunopress.it\/?p=44938"},"modified":"2012-12-18T19:03:24","modified_gmt":"2012-12-18T18:03:24","slug":"piu-sport-a-scuola-il-dal-piaz-di-feltre-sara-la-scuola-di-riferimento-dei-26-istituti-della-provincia-bond-fondamentale-promuovere-lo-sport-tra-i-giovani","status":"publish","type":"post","link":"https:\/\/www.bellunopress.it\/fr\/2012\/12\/18\/piu-sport-a-scuola-il-dal-piaz-di-feltre-sara-la-scuola-di-riferimento-dei-26-istituti-della-provincia-bond-fondamentale-promuovere-lo-sport-tra-i-giovani\/","title":{"rendered":"Pi\u00f9 sport a scuola. Il &#8220;Dal Piaz&#8221; di Feltre sar\u00e0 la scuola di riferimento dei 26 istituti della provincia. Bond: &#8220;fondamentale promuovere lo sport tra i giovani&#8221;"},"content":{"rendered":"<figure id=\"attachment_13821\" aria-describedby=\"caption-attachment-13821\" style=\"width: 244px\" class=\"wp-caption alignleft\"><a href=\"http:\/\/www.bellunopress.it\/wp-content\/uploads\/2010\/03\/dario-bond.jpg\"><img loading=\"lazy\" decoding=\"async\" class=\"size-full wp-image-13821\" alt=\"Dario Bond\" src=\"http:\/\/www.bellunopress.it\/wp-content\/uploads\/2010\/03\/dario-bond.jpg\" width=\"244\" height=\"280\" \/><\/a><figcaption id=\"caption-attachment-13821\" class=\"wp-caption-text\">Dario Bond<\/figcaption><\/figure>\n<p>Sar\u00e0 il liceo scientifico di Feltre \u201cGiorgio Dal Piaz\u201d la scuola di riferimento per il progetto regionale \u201cPi\u00f9 sport a scuola\u201d, per il quale la giunta regionale \u2013 su proposta del vicepresidente Marino Zorzato (Pdl) \u2013 ha messo a disposizione 23.634 euro da dividersi tra 26 istituti della provincia.<\/p>\n<p>\u201cSi tratta di una misura che \u00e8 stata riconfermata nonostante le difficolt\u00e0 di bilancio per ribadire l\u2019importanza dello sport tra i giovani\u201d, afferma il capogruppo del Pdl in Consiglio regionale Dario Bond. \u201cCon queste risorse si consente alle scuole che ne hanno fatto richiesta di incrementare l\u2019attivit\u00e0 motoria sulla base di precisi programmi. Promuovere lo sport a scuola significa educare a uno stile di vita corretto, meno malattie e meno obesit\u00e0, problemi che vengono spesso evidenziati anche dai rapporti statitistici sui giovani delle nostre due Uls\u201d.<\/p>\n<p>Di seguito l\u2019elenco delle scuole che potranno contare su ore aggiuntive di educazione motoria: istituto comprensivo di Agordo, istituto comprensivo di Alleghe, istituto comprensivo di Auronzo di Cadore, Direzione didattica belluno I, Direzione didattica Belluno II, Direzione didattica Belluno III, Scuola paritaria Agosti di Belluno, istituto comprensivo di Cencenighe Agordino, istituto comprensivo di Cesiomaggiore, istituto comprensivo di Cortina, circolo didattico di Feltre, Scuola primaria dell\u2019istituto canossiano di Feltre, istituto comprensivo di Fonzaso, istituto comprensivo di Forno di Zoldo, istituto comprensivo di Lamon, istituto comprensivo di Longarone, istituto comprensivo di Mel e Lentiai, istituto comprensivo di Pedavena, istituto comprensivo di Pieve di Cadore, istituto comprensivo di Ponte nelle Alpi, istituto comprensivo di Puos d\u2019Alpago, istituto comprensivo di Quero, istituto comprensivo di Santa Giustina, istituto comprensivo di Santo Stefano di Cadore, Direzione didattica Sedico numero 3, istituto comprensivo di Trichiana.<\/p>\n<p>\u201cVa sottolineato che tutte le scuole bellunesi che hanno chiesto il contributo sono state accontentate\u201d, prosegue Bond che sottolinea come l\u2019esperienza di \u201cPi\u00f9 sport a scuola\u201d sia stata positiva: \u201cE\u2019 un bando che dal 2004 copre un\u2019esigenza reale dei nostri ragazzi e che dobbiamo garantire anche per il futuro\u201d.<\/p>\n<p>&nbsp;<\/p>","protected":false},"excerpt":{"rendered":"<p>Sar\u00e0 il liceo scientifico di Feltre \u201cGiorgio Dal Piaz\u201d la scuola di riferimento per il progetto regionale \u201cPi\u00f9 sport a scuola\u201d, per il quale la giunta regionale \u2013 su proposta del vicepresidente Marino Zorzato (Pdl) \u2013 ha messo a disposizione 23.634 euro da dividersi tra 26 istituti della provincia. \u201cSi tratta di una misura che [&hellip;]<\/p>\n","protected":false},"author":2,"featured_media":0,"comment_status":"closed","ping_status":"open","sticky":false,"template":"","format":"standard","meta":{"footnotes":""},"categories":[5,15],"tags":[],"class_list":["post-44938","post","type-post","status-publish","format-standard","category-cronaca","category-scuola"],"yoast_head":"<!-- This site is optimized with the Yoast SEO plugin v28.4 - https:\/\/yoast.com\/product\/yoast-seo-wordpress\/ -->\n<title>Pi\u00f9 sport a scuola. Il &quot;Dal Piaz&quot; di Feltre sar\u00e0 la scuola di riferimento dei 26 istituti della provincia. Bond: &quot;fondamentale promuovere lo sport tra i giovani&quot; - Bellunopress - Dolomiti<\/title>\n<meta name=\"robots\" content=\"index, follow, max-snippet:-1, max-image-preview:large, max-video-preview:-1\" \/>\n<link rel=\"canonical\" href=\"https:\/\/www.bellunopress.it\/fr\/2012\/12\/18\/piu-sport-a-scuola-il-dal-piaz-di-feltre-sara-la-scuola-di-riferimento-dei-26-istituti-della-provincia-bond-fondamentale-promuovere-lo-sport-tra-i-giovani\/\" \/>\n<meta property=\"og:locale\" content=\"fr_FR\" \/>\n<meta property=\"og:type\" content=\"article\" \/>\n<meta property=\"og:title\" content=\"Pi\u00f9 sport a scuola. Il &quot;Dal Piaz&quot; di Feltre sar\u00e0 la scuola di riferimento dei 26 istituti della provincia. Bond: &quot;fondamentale promuovere lo sport tra i giovani&quot; - Bellunopress - Dolomiti\" \/>\n<meta property=\"og:description\" content=\"Sar\u00e0 il liceo scientifico di Feltre \u201cGiorgio Dal Piaz\u201d la scuola di riferimento per il progetto regionale \u201cPi\u00f9 sport a scuola\u201d, per il quale la giunta regionale \u2013 su proposta del vicepresidente Marino Zorzato (Pdl) \u2013 ha messo a disposizione 23.634 euro da dividersi tra 26 istituti della provincia. \u201cSi tratta di una misura che [&hellip;]\" \/>\n<meta property=\"og:url\" content=\"https:\/\/www.bellunopress.it\/fr\/2012\/12\/18\/piu-sport-a-scuola-il-dal-piaz-di-feltre-sara-la-scuola-di-riferimento-dei-26-istituti-della-provincia-bond-fondamentale-promuovere-lo-sport-tra-i-giovani\/\" \/>\n<meta property=\"og:site_name\" content=\"Bellunopress - Dolomiti\" \/>\n<meta property=\"article:publisher\" content=\"https:\/\/www.facebook.com\/profile.php?id=100008943462799\" \/>\n<meta property=\"article:published_time\" content=\"2012-12-18T18:03:24+00:00\" \/>\n<meta property=\"og:image\" content=\"http:\/\/www.bellunopress.it\/wp-content\/uploads\/2010\/03\/dario-bond.jpg\" \/>\n<meta name=\"author\" content=\"redazione\" \/>\n<meta name=\"twitter:card\" content=\"summary_large_image\" \/>\n<meta name=\"twitter:creator\" content=\"@bellunopress\" \/>\n<meta name=\"twitter:site\" content=\"@bellunopress\" \/>\n<meta name=\"twitter:label1\" content=\"\u00c9crit par\" \/>\n\t<meta name=\"twitter:data1\" content=\"redazione\" \/>\n\t<meta name=\"twitter:label2\" content=\"Dur\u00e9e de lecture estim\u00e9e\" \/>\n\t<meta name=\"twitter:data2\" content=\"2 minutes\" \/>\n<script type=\"application\/ld+json\" class=\"yoast-schema-graph\">{\"@context\":\"https:\\\/\\\/schema.org\",\"@graph\":[{\"@type\":\"Article\",\"@id\":\"https:\\\/\\\/www.bellunopress.it\\\/2012\\\/12\\\/18\\\/piu-sport-a-scuola-il-dal-piaz-di-feltre-sara-la-scuola-di-riferimento-dei-26-istituti-della-provincia-bond-fondamentale-promuovere-lo-sport-tra-i-giovani\\\/#article\",\"isPartOf\":{\"@id\":\"https:\\\/\\\/www.bellunopress.it\\\/2012\\\/12\\\/18\\\/piu-sport-a-scuola-il-dal-piaz-di-feltre-sara-la-scuola-di-riferimento-dei-26-istituti-della-provincia-bond-fondamentale-promuovere-lo-sport-tra-i-giovani\\\/\"},\"author\":{\"name\":\"redazione\",\"@id\":\"https:\\\/\\\/www.bellunopress.it\\\/#\\\/schema\\\/person\\\/79bb06722b37ece1c03d3e94beb30d73\"},\"headline\":\"Pi\u00f9 sport a scuola. Il &#8220;Dal Piaz&#8221; di Feltre sar\u00e0 la scuola di riferimento dei 26 istituti della provincia. Bond: &#8220;fondamentale promuovere lo sport tra i giovani&#8221;\",\"datePublished\":\"2012-12-18T18:03:24+00:00\",\"mainEntityOfPage\":{\"@id\":\"https:\\\/\\\/www.bellunopress.it\\\/2012\\\/12\\\/18\\\/piu-sport-a-scuola-il-dal-piaz-di-feltre-sara-la-scuola-di-riferimento-dei-26-istituti-della-provincia-bond-fondamentale-promuovere-lo-sport-tra-i-giovani\\\/\"},\"wordCount\":358,\"publisher\":{\"@id\":\"https:\\\/\\\/www.bellunopress.it\\\/#organization\"},\"image\":{\"@id\":\"https:\\\/\\\/www.bellunopress.it\\\/2012\\\/12\\\/18\\\/piu-sport-a-scuola-il-dal-piaz-di-feltre-sara-la-scuola-di-riferimento-dei-26-istituti-della-provincia-bond-fondamentale-promuovere-lo-sport-tra-i-giovani\\\/#primaryimage\"},\"thumbnailUrl\":\"http:\\\/\\\/www.bellunopress.it\\\/wp-content\\\/uploads\\\/2010\\\/03\\\/dario-bond.jpg\",\"articleSection\":[\"Cronaca\\\/Politica\",\"Scuola\"],\"inLanguage\":\"fr-FR\"},{\"@type\":\"WebPage\",\"@id\":\"https:\\\/\\\/www.bellunopress.it\\\/2012\\\/12\\\/18\\\/piu-sport-a-scuola-il-dal-piaz-di-feltre-sara-la-scuola-di-riferimento-dei-26-istituti-della-provincia-bond-fondamentale-promuovere-lo-sport-tra-i-giovani\\\/\",\"url\":\"https:\\\/\\\/www.bellunopress.it\\\/2012\\\/12\\\/18\\\/piu-sport-a-scuola-il-dal-piaz-di-feltre-sara-la-scuola-di-riferimento-dei-26-istituti-della-provincia-bond-fondamentale-promuovere-lo-sport-tra-i-giovani\\\/\",\"name\":\"Pi\u00f9 sport a scuola. Il \\\"Dal Piaz\\\" di Feltre sar\u00e0 la scuola di riferimento dei 26 istituti della provincia. Bond: \\\"fondamentale promuovere lo sport tra i giovani\\\" - Bellunopress - Dolomiti\",\"isPartOf\":{\"@id\":\"https:\\\/\\\/www.bellunopress.it\\\/#website\"},\"primaryImageOfPage\":{\"@id\":\"https:\\\/\\\/www.bellunopress.it\\\/2012\\\/12\\\/18\\\/piu-sport-a-scuola-il-dal-piaz-di-feltre-sara-la-scuola-di-riferimento-dei-26-istituti-della-provincia-bond-fondamentale-promuovere-lo-sport-tra-i-giovani\\\/#primaryimage\"},\"image\":{\"@id\":\"https:\\\/\\\/www.bellunopress.it\\\/2012\\\/12\\\/18\\\/piu-sport-a-scuola-il-dal-piaz-di-feltre-sara-la-scuola-di-riferimento-dei-26-istituti-della-provincia-bond-fondamentale-promuovere-lo-sport-tra-i-giovani\\\/#primaryimage\"},\"thumbnailUrl\":\"http:\\\/\\\/www.bellunopress.it\\\/wp-content\\\/uploads\\\/2010\\\/03\\\/dario-bond.jpg\",\"datePublished\":\"2012-12-18T18:03:24+00:00\",\"breadcrumb\":{\"@id\":\"https:\\\/\\\/www.bellunopress.it\\\/2012\\\/12\\\/18\\\/piu-sport-a-scuola-il-dal-piaz-di-feltre-sara-la-scuola-di-riferimento-dei-26-istituti-della-provincia-bond-fondamentale-promuovere-lo-sport-tra-i-giovani\\\/#breadcrumb\"},\"inLanguage\":\"fr-FR\",\"potentialAction\":[{\"@type\":\"ReadAction\",\"target\":[\"https:\\\/\\\/www.bellunopress.it\\\/2012\\\/12\\\/18\\\/piu-sport-a-scuola-il-dal-piaz-di-feltre-sara-la-scuola-di-riferimento-dei-26-istituti-della-provincia-bond-fondamentale-promuovere-lo-sport-tra-i-giovani\\\/\"]}]},{\"@type\":\"ImageObject\",\"inLanguage\":\"fr-FR\",\"@id\":\"https:\\\/\\\/www.bellunopress.it\\\/2012\\\/12\\\/18\\\/piu-sport-a-scuola-il-dal-piaz-di-feltre-sara-la-scuola-di-riferimento-dei-26-istituti-della-provincia-bond-fondamentale-promuovere-lo-sport-tra-i-giovani\\\/#primaryimage\",\"url\":\"http:\\\/\\\/www.bellunopress.it\\\/wp-content\\\/uploads\\\/2010\\\/03\\\/dario-bond.jpg\",\"contentUrl\":\"http:\\\/\\\/www.bellunopress.it\\\/wp-content\\\/uploads\\\/2010\\\/03\\\/dario-bond.jpg\"},{\"@type\":\"BreadcrumbList\",\"@id\":\"https:\\\/\\\/www.bellunopress.it\\\/2012\\\/12\\\/18\\\/piu-sport-a-scuola-il-dal-piaz-di-feltre-sara-la-scuola-di-riferimento-dei-26-istituti-della-provincia-bond-fondamentale-promuovere-lo-sport-tra-i-giovani\\\/#breadcrumb\",\"itemListElement\":[{\"@type\":\"ListItem\",\"position\":1,\"name\":\"Home\",\"item\":\"https:\\\/\\\/www.bellunopress.it\\\/\"},{\"@type\":\"ListItem\",\"position\":2,\"name\":\"Pi\u00f9 sport a scuola. Il &#8220;Dal Piaz&#8221; di Feltre sar\u00e0 la scuola di riferimento dei 26 istituti della provincia. Bond: &#8220;fondamentale promuovere lo sport tra i giovani&#8221;\"}]},{\"@type\":\"WebSite\",\"@id\":\"https:\\\/\\\/www.bellunopress.it\\\/#website\",\"url\":\"https:\\\/\\\/www.bellunopress.it\\\/\",\"name\":\"Bellunopress - Dolomiti\",\"description\":\"e-mail: redazione@bellunopress.it\",\"publisher\":{\"@id\":\"https:\\\/\\\/www.bellunopress.it\\\/#organization\"},\"potentialAction\":[{\"@type\":\"SearchAction\",\"target\":{\"@type\":\"EntryPoint\",\"urlTemplate\":\"https:\\\/\\\/www.bellunopress.it\\\/?s={search_term_string}\"},\"query-input\":{\"@type\":\"PropertyValueSpecification\",\"valueRequired\":true,\"valueName\":\"search_term_string\"}}],\"inLanguage\":\"fr-FR\"},{\"@type\":\"Organization\",\"@id\":\"https:\\\/\\\/www.bellunopress.it\\\/#organization\",\"name\":\"Bellunopress\",\"url\":\"https:\\\/\\\/www.bellunopress.it\\\/\",\"logo\":{\"@type\":\"ImageObject\",\"inLanguage\":\"fr-FR\",\"@id\":\"https:\\\/\\\/www.bellunopress.it\\\/#\\\/schema\\\/logo\\\/image\\\/\",\"url\":\"https:\\\/\\\/www.bellunopress.it\\\/wp-content\\\/uploads\\\/2011\\\/05\\\/cropped-logo-bellunopress-.jpg\",\"contentUrl\":\"https:\\\/\\\/www.bellunopress.it\\\/wp-content\\\/uploads\\\/2011\\\/05\\\/cropped-logo-bellunopress-.jpg\",\"width\":512,\"height\":512,\"caption\":\"Bellunopress\"},\"image\":{\"@id\":\"https:\\\/\\\/www.bellunopress.it\\\/#\\\/schema\\\/logo\\\/image\\\/\"},\"sameAs\":[\"https:\\\/\\\/www.facebook.com\\\/profile.php?id=100008943462799\",\"https:\\\/\\\/x.com\\\/bellunopress\",\"https:\\\/\\\/www.linkedin.com\\\/hp\\\/?dnr=JBzUWaJfMUw8vbXJJ2tVW5-I3jZKvC4wsoxE&amp;amp;amp;amp;amp;amp;trk=nav_responsive_tab_home\",\"https:\\\/\\\/www.youtube.com\\\/channel\\\/UCxL0wu1uN0_3_7hGG0306cw\"]},{\"@type\":\"Person\",\"@id\":\"https:\\\/\\\/www.bellunopress.it\\\/#\\\/schema\\\/person\\\/79bb06722b37ece1c03d3e94beb30d73\",\"name\":\"redazione\",\"image\":{\"@type\":\"ImageObject\",\"inLanguage\":\"fr-FR\",\"@id\":\"https:\\\/\\\/secure.gravatar.com\\\/avatar\\\/37d968a2e67a6fd04c169c4bdef102d0bc5d31b2546345219e348575eb80e9a0?s=96&d=mm&r=g\",\"url\":\"https:\\\/\\\/secure.gravatar.com\\\/avatar\\\/37d968a2e67a6fd04c169c4bdef102d0bc5d31b2546345219e348575eb80e9a0?s=96&d=mm&r=g\",\"contentUrl\":\"https:\\\/\\\/secure.gravatar.com\\\/avatar\\\/37d968a2e67a6fd04c169c4bdef102d0bc5d31b2546345219e348575eb80e9a0?s=96&d=mm&r=g\",\"caption\":\"redazione\"},\"sameAs\":[\"http:\\\/\\\/www.bellunopress.it\",\"https:\\\/\\\/x.com\\\/bellunopress\"],\"url\":\"https:\\\/\\\/www.bellunopress.it\\\/fr\\\/author\\\/redazione\\\/\"}]}<\/script>\n<!-- \/ Yoast SEO plugin. -->","yoast_head_json":{"title":"Pi\u00f9 sport a scuola. Il \"Dal Piaz\" di Feltre sar\u00e0 la scuola di riferimento dei 26 istituti della provincia. Bond: \"fondamentale promuovere lo sport tra i giovani\" - Bellunopress - Dolomiti","robots":{"index":"index","follow":"follow","max-snippet":"max-snippet:-1","max-image-preview":"max-image-preview:large","max-video-preview":"max-video-preview:-1"},"canonical":"https:\/\/www.bellunopress.it\/fr\/2012\/12\/18\/piu-sport-a-scuola-il-dal-piaz-di-feltre-sara-la-scuola-di-riferimento-dei-26-istituti-della-provincia-bond-fondamentale-promuovere-lo-sport-tra-i-giovani\/","og_locale":"fr_FR","og_type":"article","og_title":"Pi\u00f9 sport a scuola. Il \"Dal Piaz\" di Feltre sar\u00e0 la scuola di riferimento dei 26 istituti della provincia. Bond: \"fondamentale promuovere lo sport tra i giovani\" - Bellunopress - Dolomiti","og_description":"Sar\u00e0 il liceo scientifico di Feltre \u201cGiorgio Dal Piaz\u201d la scuola di riferimento per il progetto regionale \u201cPi\u00f9 sport a scuola\u201d, per il quale la giunta regionale \u2013 su proposta del vicepresidente Marino Zorzato (Pdl) \u2013 ha messo a disposizione 23.634 euro da dividersi tra 26 istituti della provincia. \u201cSi tratta di una misura che [&hellip;]","og_url":"https:\/\/www.bellunopress.it\/fr\/2012\/12\/18\/piu-sport-a-scuola-il-dal-piaz-di-feltre-sara-la-scuola-di-riferimento-dei-26-istituti-della-provincia-bond-fondamentale-promuovere-lo-sport-tra-i-giovani\/","og_site_name":"Bellunopress - Dolomiti","article_publisher":"https:\/\/www.facebook.com\/profile.php?id=100008943462799","article_published_time":"2012-12-18T18:03:24+00:00","og_image":[{"url":"http:\/\/www.bellunopress.it\/wp-content\/uploads\/2010\/03\/dario-bond.jpg","type":"","width":"","height":""}],"author":"redazione","twitter_card":"summary_large_image","twitter_creator":"@bellunopress","twitter_site":"@bellunopress","twitter_misc":{"\u00c9crit par":"redazione","Dur\u00e9e de lecture estim\u00e9e":"2 minutes"},"schema":{"@context":"https:\/\/schema.org","@graph":[{"@type":"Article","@id":"https:\/\/www.bellunopress.it\/2012\/12\/18\/piu-sport-a-scuola-il-dal-piaz-di-feltre-sara-la-scuola-di-riferimento-dei-26-istituti-della-provincia-bond-fondamentale-promuovere-lo-sport-tra-i-giovani\/#article","isPartOf":{"@id":"https:\/\/www.bellunopress.it\/2012\/12\/18\/piu-sport-a-scuola-il-dal-piaz-di-feltre-sara-la-scuola-di-riferimento-dei-26-istituti-della-provincia-bond-fondamentale-promuovere-lo-sport-tra-i-giovani\/"},"author":{"name":"redazione","@id":"https:\/\/www.bellunopress.it\/#\/schema\/person\/79bb06722b37ece1c03d3e94beb30d73"},"headline":"Pi\u00f9 sport a scuola. Il &#8220;Dal Piaz&#8221; di Feltre sar\u00e0 la scuola di riferimento dei 26 istituti della provincia. Bond: &#8220;fondamentale promuovere lo sport tra i giovani&#8221;","datePublished":"2012-12-18T18:03:24+00:00","mainEntityOfPage":{"@id":"https:\/\/www.bellunopress.it\/2012\/12\/18\/piu-sport-a-scuola-il-dal-piaz-di-feltre-sara-la-scuola-di-riferimento-dei-26-istituti-della-provincia-bond-fondamentale-promuovere-lo-sport-tra-i-giovani\/"},"wordCount":358,"publisher":{"@id":"https:\/\/www.bellunopress.it\/#organization"},"image":{"@id":"https:\/\/www.bellunopress.it\/2012\/12\/18\/piu-sport-a-scuola-il-dal-piaz-di-feltre-sara-la-scuola-di-riferimento-dei-26-istituti-della-provincia-bond-fondamentale-promuovere-lo-sport-tra-i-giovani\/#primaryimage"},"thumbnailUrl":"http:\/\/www.bellunopress.it\/wp-content\/uploads\/2010\/03\/dario-bond.jpg","articleSection":["Cronaca\/Politica","Scuola"],"inLanguage":"fr-FR"},{"@type":"WebPage","@id":"https:\/\/www.bellunopress.it\/2012\/12\/18\/piu-sport-a-scuola-il-dal-piaz-di-feltre-sara-la-scuola-di-riferimento-dei-26-istituti-della-provincia-bond-fondamentale-promuovere-lo-sport-tra-i-giovani\/","url":"https:\/\/www.bellunopress.it\/2012\/12\/18\/piu-sport-a-scuola-il-dal-piaz-di-feltre-sara-la-scuola-di-riferimento-dei-26-istituti-della-provincia-bond-fondamentale-promuovere-lo-sport-tra-i-giovani\/","name":"Pi\u00f9 sport a scuola. Il \"Dal Piaz\" di Feltre sar\u00e0 la scuola di riferimento dei 26 istituti della provincia. Bond: \"fondamentale promuovere lo sport tra i giovani\" - Bellunopress - Dolomiti","isPartOf":{"@id":"https:\/\/www.bellunopress.it\/#website"},"primaryImageOfPage":{"@id":"https:\/\/www.bellunopress.it\/2012\/12\/18\/piu-sport-a-scuola-il-dal-piaz-di-feltre-sara-la-scuola-di-riferimento-dei-26-istituti-della-provincia-bond-fondamentale-promuovere-lo-sport-tra-i-giovani\/#primaryimage"},"image":{"@id":"https:\/\/www.bellunopress.it\/2012\/12\/18\/piu-sport-a-scuola-il-dal-piaz-di-feltre-sara-la-scuola-di-riferimento-dei-26-istituti-della-provincia-bond-fondamentale-promuovere-lo-sport-tra-i-giovani\/#primaryimage"},"thumbnailUrl":"http:\/\/www.bellunopress.it\/wp-content\/uploads\/2010\/03\/dario-bond.jpg","datePublished":"2012-12-18T18:03:24+00:00","breadcrumb":{"@id":"https:\/\/www.bellunopress.it\/2012\/12\/18\/piu-sport-a-scuola-il-dal-piaz-di-feltre-sara-la-scuola-di-riferimento-dei-26-istituti-della-provincia-bond-fondamentale-promuovere-lo-sport-tra-i-giovani\/#breadcrumb"},"inLanguage":"fr-FR","potentialAction":[{"@type":"ReadAction","target":["https:\/\/www.bellunopress.it\/2012\/12\/18\/piu-sport-a-scuola-il-dal-piaz-di-feltre-sara-la-scuola-di-riferimento-dei-26-istituti-della-provincia-bond-fondamentale-promuovere-lo-sport-tra-i-giovani\/"]}]},{"@type":"ImageObject","inLanguage":"fr-FR","@id":"https:\/\/www.bellunopress.it\/2012\/12\/18\/piu-sport-a-scuola-il-dal-piaz-di-feltre-sara-la-scuola-di-riferimento-dei-26-istituti-della-provincia-bond-fondamentale-promuovere-lo-sport-tra-i-giovani\/#primaryimage","url":"http:\/\/www.bellunopress.it\/wp-content\/uploads\/2010\/03\/dario-bond.jpg","contentUrl":"http:\/\/www.bellunopress.it\/wp-content\/uploads\/2010\/03\/dario-bond.jpg"},{"@type":"BreadcrumbList","@id":"https:\/\/www.bellunopress.it\/2012\/12\/18\/piu-sport-a-scuola-il-dal-piaz-di-feltre-sara-la-scuola-di-riferimento-dei-26-istituti-della-provincia-bond-fondamentale-promuovere-lo-sport-tra-i-giovani\/#breadcrumb","itemListElement":[{"@type":"ListItem","position":1,"name":"Home","item":"https:\/\/www.bellunopress.it\/"},{"@type":"ListItem","position":2,"name":"Pi\u00f9 sport a scuola. Il &#8220;Dal Piaz&#8221; di Feltre sar\u00e0 la scuola di riferimento dei 26 istituti della provincia. Bond: &#8220;fondamentale promuovere lo sport tra i giovani&#8221;"}]},{"@type":"WebSite","@id":"https:\/\/www.bellunopress.it\/#website","url":"https:\/\/www.bellunopress.it\/","name":"Bellunopress - Dolomiti","description":"e-mail: redazione@bellunopress.it","publisher":{"@id":"https:\/\/www.bellunopress.it\/#organization"},"potentialAction":[{"@type":"SearchAction","target":{"@type":"EntryPoint","urlTemplate":"https:\/\/www.bellunopress.it\/?s={search_term_string}"},"query-input":{"@type":"PropertyValueSpecification","valueRequired":true,"valueName":"search_term_string"}}],"inLanguage":"fr-FR"},{"@type":"Organization","@id":"https:\/\/www.bellunopress.it\/#organization","name":"Bellunopress","url":"https:\/\/www.bellunopress.it\/","logo":{"@type":"ImageObject","inLanguage":"fr-FR","@id":"https:\/\/www.bellunopress.it\/#\/schema\/logo\/image\/","url":"https:\/\/www.bellunopress.it\/wp-content\/uploads\/2011\/05\/cropped-logo-bellunopress-.jpg","contentUrl":"https:\/\/www.bellunopress.it\/wp-content\/uploads\/2011\/05\/cropped-logo-bellunopress-.jpg","width":512,"height":512,"caption":"Bellunopress"},"image":{"@id":"https:\/\/www.bellunopress.it\/#\/schema\/logo\/image\/"},"sameAs":["https:\/\/www.facebook.com\/profile.php?id=100008943462799","https:\/\/x.com\/bellunopress","https:\/\/www.linkedin.com\/hp\/?dnr=JBzUWaJfMUw8vbXJJ2tVW5-I3jZKvC4wsoxE&amp;amp;amp;amp;amp;amp;trk=nav_responsive_tab_home","https:\/\/www.youtube.com\/channel\/UCxL0wu1uN0_3_7hGG0306cw"]},{"@type":"Person","@id":"https:\/\/www.bellunopress.it\/#\/schema\/person\/79bb06722b37ece1c03d3e94beb30d73","name":"r\u00e9daction","image":{"@type":"ImageObject","inLanguage":"fr-FR","@id":"https:\/\/secure.gravatar.com\/avatar\/37d968a2e67a6fd04c169c4bdef102d0bc5d31b2546345219e348575eb80e9a0?s=96&d=mm&r=g","url":"https:\/\/secure.gravatar.com\/avatar\/37d968a2e67a6fd04c169c4bdef102d0bc5d31b2546345219e348575eb80e9a0?s=96&d=mm&r=g","contentUrl":"https:\/\/secure.gravatar.com\/avatar\/37d968a2e67a6fd04c169c4bdef102d0bc5d31b2546345219e348575eb80e9a0?s=96&d=mm&r=g","caption":"redazione"},"sameAs":["http:\/\/www.bellunopress.it","https:\/\/x.com\/bellunopress"],"url":"https:\/\/www.bellunopress.it\/fr\/author\/redazione\/"}]}},"_links":{"self":[{"href":"https:\/\/www.bellunopress.it\/fr\/wp-json\/wp\/v2\/posts\/44938","targetHints":{"allow":["GET"]}}],"collection":[{"href":"https:\/\/www.bellunopress.it\/fr\/wp-json\/wp\/v2\/posts"}],"about":[{"href":"https:\/\/www.bellunopress.it\/fr\/wp-json\/wp\/v2\/types\/post"}],"author":[{"embeddable":true,"href":"https:\/\/www.bellunopress.it\/fr\/wp-json\/wp\/v2\/users\/2"}],"replies":[{"embeddable":true,"href":"https:\/\/www.bellunopress.it\/fr\/wp-json\/wp\/v2\/comments?post=44938"}],"version-history":[{"count":1,"href":"https:\/\/www.bellunopress.it\/fr\/wp-json\/wp\/v2\/posts\/44938\/revisions"}],"predecessor-version":[{"id":44939,"href":"https:\/\/www.bellunopress.it\/fr\/wp-json\/wp\/v2\/posts\/44938\/revisions\/44939"}],"wp:attachment":[{"href":"https:\/\/www.bellunopress.it\/fr\/wp-json\/wp\/v2\/media?parent=44938"}],"wp:term":[{"taxonomy":"category","embeddable":true,"href":"https:\/\/www.bellunopress.it\/fr\/wp-json\/wp\/v2\/categories?post=44938"},{"taxonomy":"post_tag","embeddable":true,"href":"https:\/\/www.bellunopress.it\/fr\/wp-json\/wp\/v2\/tags?post=44938"}],"curies":[{"name":"wp","href":"https:\/\/api.w.org\/{rel}","templated":true}]}}